{"id":10261,"date":"2019-09-19T09:55:02","date_gmt":"2019-09-19T07:55:02","guid":{"rendered":"https:\/\/jorntrahus.se\/?p=10261"},"modified":"2022-03-17T15:41:31","modified_gmt":"2022-03-17T14:41:31","slug":"interessant-byggetur-pa-alderholmen","status":"publish","type":"post","link":"https:\/\/jorntrahus.se\/da\/inspiration\/intressant-byggresa-pa-alderholmen\/","title":{"rendered":"Interessant byggetur p\u00e5 Alderholmen"},"content":{"rendered":"<div class=\"row\"  id=\"row-1948895930\">\n\n\t<div id=\"col-761640907\" class=\"col small-12 large-12\"  >\n\t\t\t\t<div class=\"col-inner\"  >\n\t\t\t\n\t\t\t\n<h2>Kunderapport Bergsholmen L<\/h2>\n<h3><b>- Set i bakspejlet fortryder vi ikke, at vi t\u00e6nkte stort og investerede dristigt, vi har simpelthen f\u00e5et et fantastisk hus, siger de to glade 1TP1-ejere Nicolina og Per Bostr\u00f6m.<\/b><\/h3>\n<p>- Det faktum, at vores Bergsholmen var den f\u00f8rste af sin slags, har naturligvis betydet, at vi personligt er blevet ekstra involveret i, hvordan et bj\u00e6lkehus af denne st\u00f8rrelse bedst bygges, en virkelig sp\u00e6ndende og interessant rejse, hvor teorier og praktiske l\u00f8sninger er g\u00e5et h\u00e5nd i h\u00e5nd gennem hele processen, siger Per.<\/p>\n<p>- \u201dVores nye hjem er blevet lidt af en \u201dtalk of the town' i l\u00f8bet af byggeperioden, og mange f\u00f8lger os ogs\u00e5 p\u00e5 de sociale medier, hvilket vi har sat pris p\u00e5, da vi har f\u00e5et en masse st\u00f8tte, kommentarer og sp\u00e6ndende sp\u00f8rgsm\u00e5l undervejs,\" forts\u00e6tter Per.<\/p>\n<h4>N\u00e6sten surrealistisk<\/h4>\n<p>- At v\u00e5gne op med familien den f\u00f8rste morgen i deres nye hus var bare for fedt, n\u00e6sten surrealistisk, nu bor vi i det hus, hvor vi havde t\u00e6nkt os at bo, og lader vores b\u00f8rn vokse op, pr\u00e6cis som vi planlagde det for to \u00e5r siden, slutter Nicolina.<\/p>\n<p>F\u00f8lg familiens husbyggeri p\u00e5 Instagram <a href=\"https:\/\/www.instagram.com\/bostromsjorntrahus\" target=\"_blank\" rel=\"noopener noreferrer\">@bostromsjorntrahus<\/a><\/p>\n\t<div id=\"gap-1201961464\" class=\"gap-element clearfix\" style=\"display:block; height:auto;\">\n\t\t\n<style>\n#gap-1201961464 {\n  padding-top: 30px;\n}\n<\/style>\n\t<\/div>\n\t\n<div class=\"row align-middle align-center\"  id=\"row-1680574449\">\n\n\t<div id=\"col-1323427809\" class=\"col medium-4 small-12 large-4\"  >\n\t\t\t\t<div class=\"col-inner\"  >\n\t\t\t\n\t\t\t\n\t<div class=\"img has-hover x md-x lg-x y md-y lg-y\" id=\"image_1170655189\">\n\t\t\t\t\t\t\t\t<div class=\"img-inner dark\" >\n\t\t\t<img loading=\"lazy\" decoding=\"async\" width=\"800\" height=\"800\" src=\"https:\/\/jorntrahus.se\/wp-content\/uploads\/2019\/09\/Kundreportage-Bergsholmen-Familjen-Bostr\u00f6m-2019-webb-26.jpg\" class=\"attachment-large size-large\" alt=\"Kunderapport feriehus bj\u00e6lkehus kit Bergsholmen Familjen Bostr\u00f6m 2019\" srcset=\"https:\/\/jorntrahus.se\/wp-content\/uploads\/2019\/09\/Kundreportage-Bergsholmen-Familjen-Bostr\u00f6m-2019-webb-26.jpg 800w, https:\/\/jorntrahus.se\/wp-content\/uploads\/2019\/09\/Kundreportage-Bergsholmen-Familjen-Bostr\u00f6m-2019-webb-26-100x100.jpg 100w, https:\/\/jorntrahus.se\/wp-content\/uploads\/2019\/09\/Kundreportage-Bergsholmen-Familjen-Bostr\u00f6m-2019-webb-26-300x300.jpg 300w, https:\/\/jorntrahus.se\/wp-content\/uploads\/2019\/09\/Kundreportage-Bergsholmen-Familjen-Bostr\u00f6m-2019-webb-26-600x600.jpg 600w, https:\/\/jorntrahus.se\/wp-content\/uploads\/2019\/09\/Kundreportage-Bergsholmen-Familjen-Bostr\u00f6m-2019-webb-26-768x768.jpg 768w\" sizes=\"auto, (max-width: 800px) 100vw, 800px\" \/>\t\t\t\t\t\t\n\t\t\t\t\t<\/div>\n\t\t\t\t\t\t\t\t\n<style>\n#image_1170655189 {\n  width: 100%;\n}\n<\/style>\n\t<\/div>\n\t\n\t\t<\/div>\n\t\t\t\t\t<\/div>\n\n\t\n\n\t<div id=\"col-1935467735\" class=\"col medium-4 small-12 large-4\"  >\n\t\t\t\t<div class=\"col-inner\"  >\n\t\t\t\n\t\t\t\n\t<div class=\"img has-hover x md-x lg-x y md-y lg-y\" id=\"image_653162472\">\n\t\t\t\t\t\t\t\t<div class=\"img-inner dark\" >\n\t\t\t<img loading=\"lazy\" decoding=\"async\" width=\"800\" height=\"800\" src=\"https:\/\/jorntrahus.se\/wp-content\/uploads\/2019\/09\/Kundreportage-Bergsholmen-Familjen-Bostr\u00f6m-2019-webb-25.jpg\" class=\"attachment-large size-large\" alt=\"Kunderapport feriehus bj\u00e6lkehus kit Bergsholmen Familjen Bostr\u00f6m 2019\" srcset=\"https:\/\/jorntrahus.se\/wp-content\/uploads\/2019\/09\/Kundreportage-Bergsholmen-Familjen-Bostr\u00f6m-2019-webb-25.jpg 800w, https:\/\/jorntrahus.se\/wp-content\/uploads\/2019\/09\/Kundreportage-Bergsholmen-Familjen-Bostr\u00f6m-2019-webb-25-100x100.jpg 100w, https:\/\/jorntrahus.se\/wp-content\/uploads\/2019\/09\/Kundreportage-Bergsholmen-Familjen-Bostr\u00f6m-2019-webb-25-300x300.jpg 300w, https:\/\/jorntrahus.se\/wp-content\/uploads\/2019\/09\/Kundreportage-Bergsholmen-Familjen-Bostr\u00f6m-2019-webb-25-600x600.jpg 600w, https:\/\/jorntrahus.se\/wp-content\/uploads\/2019\/09\/Kundreportage-Bergsholmen-Familjen-Bostr\u00f6m-2019-webb-25-768x768.jpg 768w\" sizes=\"auto, (max-width: 800px) 100vw, 800px\" \/>\t\t\t\t\t\t\n\t\t\t\t\t<\/div>\n\t\t\t\t\t\t\t\t\n<style>\n#image_653162472 {\n  width: 100%;\n}\n<\/style>\n\t<\/div>\n\t\n\t\t<\/div>\n\t\t\t\t\t<\/div>\n\n\t\n\n\t<div id=\"col-1396386785\" class=\"col medium-4 small-12 large-4\"  >\n\t\t\t\t<div class=\"col-inner\"  >\n\t\t\t\n\t\t\t\n\t<div class=\"img has-hover x md-x lg-x y md-y lg-y\" id=\"image_1282017455\">\n\t\t\t\t\t\t\t\t<div class=\"img-inner dark\" >\n\t\t\t<img loading=\"lazy\" decoding=\"async\" width=\"800\" height=\"800\" src=\"https:\/\/jorntrahus.se\/wp-content\/uploads\/2019\/09\/Kundreportage-Bergsholmen-Familjen-Bostr\u00f6m-2019-webb-09.jpg\" class=\"attachment-large size-large\" alt=\"Kunderapport feriehus bj\u00e6lkehus kit Bergsholmen Familjen Bostr\u00f6m 2019\" srcset=\"https:\/\/jorntrahus.se\/wp-content\/uploads\/2019\/09\/Kundreportage-Bergsholmen-Familjen-Bostr\u00f6m-2019-webb-09.jpg 800w, https:\/\/jorntrahus.se\/wp-content\/uploads\/2019\/09\/Kundreportage-Bergsholmen-Familjen-Bostr\u00f6m-2019-webb-09-100x100.jpg 100w, https:\/\/jorntrahus.se\/wp-content\/uploads\/2019\/09\/Kundreportage-Bergsholmen-Familjen-Bostr\u00f6m-2019-webb-09-300x300.jpg 300w, https:\/\/jorntrahus.se\/wp-content\/uploads\/2019\/09\/Kundreportage-Bergsholmen-Familjen-Bostr\u00f6m-2019-webb-09-600x600.jpg 600w, https:\/\/jorntrahus.se\/wp-content\/uploads\/2019\/09\/Kundreportage-Bergsholmen-Familjen-Bostr\u00f6m-2019-webb-09-768x768.jpg 768w\" sizes=\"auto, (max-width: 800px) 100vw, 800px\" \/>\t\t\t\t\t\t\n\t\t\t\t\t<\/div>\n\t\t\t\t\t\t\t\t\n<style>\n#image_1282017455 {\n  width: 100%;\n}\n<\/style>\n\t<\/div>\n\t\n\t\t<\/div>\n\t\t\t\t\t<\/div>\n\n\t\n<\/div>\n<div class=\"row align-middle align-center\"  id=\"row-73175892\">\n\n\t<div id=\"col-861098739\" class=\"col medium-4 small-12 large-4\"  >\n\t\t\t\t<div class=\"col-inner\"  >\n\t\t\t\n\t\t\t\n\t<div class=\"img has-hover x md-x lg-x y md-y lg-y\" id=\"image_180206110\">\n\t\t\t\t\t\t\t\t<div class=\"img-inner dark\" >\n\t\t\t<img loading=\"lazy\" decoding=\"async\" width=\"800\" height=\"800\" src=\"https:\/\/jorntrahus.se\/wp-content\/uploads\/2019\/09\/Kundreportage-Bergsholmen-Familjen-Bostr\u00f6m-2019-webb-05.jpg\" class=\"attachment-large size-large\" alt=\"Kunderapport byg bj\u00e6lkehus kit Bergsholmen Familjen Bostr\u00f6m 2019\" srcset=\"https:\/\/jorntrahus.se\/wp-content\/uploads\/2019\/09\/Kundreportage-Bergsholmen-Familjen-Bostr\u00f6m-2019-webb-05.jpg 800w, https:\/\/jorntrahus.se\/wp-content\/uploads\/2019\/09\/Kundreportage-Bergsholmen-Familjen-Bostr\u00f6m-2019-webb-05-100x100.jpg 100w, https:\/\/jorntrahus.se\/wp-content\/uploads\/2019\/09\/Kundreportage-Bergsholmen-Familjen-Bostr\u00f6m-2019-webb-05-300x300.jpg 300w, https:\/\/jorntrahus.se\/wp-content\/uploads\/2019\/09\/Kundreportage-Bergsholmen-Familjen-Bostr\u00f6m-2019-webb-05-600x600.jpg 600w, https:\/\/jorntrahus.se\/wp-content\/uploads\/2019\/09\/Kundreportage-Bergsholmen-Familjen-Bostr\u00f6m-2019-webb-05-768x768.jpg 768w\" sizes=\"auto, (max-width: 800px) 100vw, 800px\" \/>\t\t\t\t\t\t\n\t\t\t\t\t<\/div>\n\t\t\t\t\t\t\t\t\n<style>\n#image_180206110 {\n  width: 100%;\n}\n<\/style>\n\t<\/div>\n\t\n\t\t<\/div>\n\t\t\t\t\t<\/div>\n\n\t\n\n\t<div id=\"col-849408026\" class=\"col medium-4 small-12 large-4\"  >\n\t\t\t\t<div class=\"col-inner\"  >\n\t\t\t\n\t\t\t\n\t<div class=\"img has-hover x md-x lg-x y md-y lg-y\" id=\"image_1947438835\">\n\t\t\t\t\t\t\t\t<div class=\"img-inner dark\" >\n\t\t\t<img loading=\"lazy\" decoding=\"async\" width=\"800\" height=\"800\" src=\"https:\/\/jorntrahus.se\/wp-content\/uploads\/2019\/09\/Kundreportage-Bergsholmen-Familjen-Bostr\u00f6m-2019-webb-19.jpg\" class=\"attachment-large size-large\" alt=\"Kunderapport feriehus bj\u00e6lkehus kit Bergsholmen Familjen Bostr\u00f6m 2019\" srcset=\"https:\/\/jorntrahus.se\/wp-content\/uploads\/2019\/09\/Kundreportage-Bergsholmen-Familjen-Bostr\u00f6m-2019-webb-19.jpg 800w, https:\/\/jorntrahus.se\/wp-content\/uploads\/2019\/09\/Kundreportage-Bergsholmen-Familjen-Bostr\u00f6m-2019-webb-19-100x100.jpg 100w, https:\/\/jorntrahus.se\/wp-content\/uploads\/2019\/09\/Kundreportage-Bergsholmen-Familjen-Bostr\u00f6m-2019-webb-19-300x300.jpg 300w, https:\/\/jorntrahus.se\/wp-content\/uploads\/2019\/09\/Kundreportage-Bergsholmen-Familjen-Bostr\u00f6m-2019-webb-19-600x600.jpg 600w, https:\/\/jorntrahus.se\/wp-content\/uploads\/2019\/09\/Kundreportage-Bergsholmen-Familjen-Bostr\u00f6m-2019-webb-19-768x768.jpg 768w\" sizes=\"auto, (max-width: 800px) 100vw, 800px\" \/>\t\t\t\t\t\t\n\t\t\t\t\t<\/div>\n\t\t\t\t\t\t\t\t\n<style>\n#image_1947438835 {\n  width: 100%;\n}\n<\/style>\n\t<\/div>\n\t\n\t\t<\/div>\n\t\t\t\t\t<\/div>\n\n\t\n\n\t<div id=\"col-1976459366\" class=\"col medium-4 small-12 large-4\"  >\n\t\t\t\t<div class=\"col-inner\"  >\n\t\t\t\n\t\t\t\n\t<div class=\"img has-hover x md-x lg-x y md-y lg-y\" id=\"image_521262845\">\n\t\t\t\t\t\t\t\t<div class=\"img-inner dark\" >\n\t\t\t<img loading=\"lazy\" decoding=\"async\" width=\"800\" height=\"800\" src=\"https:\/\/jorntrahus.se\/wp-content\/uploads\/2019\/09\/Kundreportage-Bergsholmen-Familjen-Bostr\u00f6m-2019-webb-24.jpg\" class=\"attachment-large size-large\" alt=\"Timmerknut - Kunderapport feriehus bj\u00e6lkehuss\u00e6t Bergsholmen Familie Bostr\u00f6m 2019\" srcset=\"https:\/\/jorntrahus.se\/wp-content\/uploads\/2019\/09\/Kundreportage-Bergsholmen-Familjen-Bostr\u00f6m-2019-webb-24.jpg 800w, https:\/\/jorntrahus.se\/wp-content\/uploads\/2019\/09\/Kundreportage-Bergsholmen-Familjen-Bostr\u00f6m-2019-webb-24-100x100.jpg 100w, https:\/\/jorntrahus.se\/wp-content\/uploads\/2019\/09\/Kundreportage-Bergsholmen-Familjen-Bostr\u00f6m-2019-webb-24-300x300.jpg 300w, https:\/\/jorntrahus.se\/wp-content\/uploads\/2019\/09\/Kundreportage-Bergsholmen-Familjen-Bostr\u00f6m-2019-webb-24-600x600.jpg 600w, https:\/\/jorntrahus.se\/wp-content\/uploads\/2019\/09\/Kundreportage-Bergsholmen-Familjen-Bostr\u00f6m-2019-webb-24-768x768.jpg 768w\" sizes=\"auto, (max-width: 800px) 100vw, 800px\" \/>\t\t\t\t\t\t\n\t\t\t\t\t<\/div>\n\t\t\t\t\t\t\t\t\n<style>\n#image_521262845 {\n  width: 100%;\n}\n<\/style>\n\t<\/div>\n\t\n\t\t<\/div>\n\t\t\t\t\t<\/div>\n\n\t\n<\/div>\n<div class=\"row align-middle align-center\"  id=\"row-2034659920\">\n\n\t<div id=\"col-1814627065\" class=\"col medium-4 small-12 large-4\"  >\n\t\t\t\t<div class=\"col-inner\"  >\n\t\t\t\n\t\t\t\n\t<div class=\"img has-hover x md-x lg-x y md-y lg-y\" id=\"image_1271020410\">\n\t\t\t\t\t\t\t\t<div class=\"img-inner dark\" >\n\t\t\t<img loading=\"lazy\" decoding=\"async\" width=\"800\" height=\"800\" src=\"https:\/\/jorntrahus.se\/wp-content\/uploads\/2019\/09\/Kundreportage-Bergsholmen-Familjen-Bostr\u00f6m-2019-webb-17.jpg\" class=\"attachment-large size-large\" alt=\"Kunderapport feriehus bj\u00e6lkehus kit Bergsholmen Familjen Bostr\u00f6m 2019\" srcset=\"https:\/\/jorntrahus.se\/wp-content\/uploads\/2019\/09\/Kundreportage-Bergsholmen-Familjen-Bostr\u00f6m-2019-webb-17.jpg 800w, https:\/\/jorntrahus.se\/wp-content\/uploads\/2019\/09\/Kundreportage-Bergsholmen-Familjen-Bostr\u00f6m-2019-webb-17-100x100.jpg 100w, https:\/\/jorntrahus.se\/wp-content\/uploads\/2019\/09\/Kundreportage-Bergsholmen-Familjen-Bostr\u00f6m-2019-webb-17-300x300.jpg 300w, https:\/\/jorntrahus.se\/wp-content\/uploads\/2019\/09\/Kundreportage-Bergsholmen-Familjen-Bostr\u00f6m-2019-webb-17-600x600.jpg 600w, https:\/\/jorntrahus.se\/wp-content\/uploads\/2019\/09\/Kundreportage-Bergsholmen-Familjen-Bostr\u00f6m-2019-webb-17-768x768.jpg 768w\" sizes=\"auto, (max-width: 800px) 100vw, 800px\" \/>\t\t\t\t\t\t\n\t\t\t\t\t<\/div>\n\t\t\t\t\t\t\t\t\n<style>\n#image_1271020410 {\n  width: 100%;\n}\n<\/style>\n\t<\/div>\n\t\n\t\t<\/div>\n\t\t\t\t\t<\/div>\n\n\t\n\n\t<div id=\"col-1396994411\" class=\"col medium-4 small-12 large-4\"  >\n\t\t\t\t<div class=\"col-inner\"  >\n\t\t\t\n\t\t\t\n\t<div class=\"img has-hover x md-x lg-x y md-y lg-y\" id=\"image_316778512\">\n\t\t\t\t\t\t\t\t<div class=\"img-inner dark\" >\n\t\t\t<img loading=\"lazy\" decoding=\"async\" width=\"800\" height=\"800\" src=\"https:\/\/jorntrahus.se\/wp-content\/uploads\/2019\/09\/Kundreportage-Bergsholmen-Familjen-Bostr\u00f6m-2019-webb-07.jpg\" class=\"attachment-large size-large\" alt=\"Kunderapport byg bj\u00e6lkehus kit Bergsholmen Familjen Bostr\u00f6m 2019\" srcset=\"https:\/\/jorntrahus.se\/wp-content\/uploads\/2019\/09\/Kundreportage-Bergsholmen-Familjen-Bostr\u00f6m-2019-webb-07.jpg 800w, https:\/\/jorntrahus.se\/wp-content\/uploads\/2019\/09\/Kundreportage-Bergsholmen-Familjen-Bostr\u00f6m-2019-webb-07-100x100.jpg 100w, https:\/\/jorntrahus.se\/wp-content\/uploads\/2019\/09\/Kundreportage-Bergsholmen-Familjen-Bostr\u00f6m-2019-webb-07-300x300.jpg 300w, https:\/\/jorntrahus.se\/wp-content\/uploads\/2019\/09\/Kundreportage-Bergsholmen-Familjen-Bostr\u00f6m-2019-webb-07-600x600.jpg 600w, https:\/\/jorntrahus.se\/wp-content\/uploads\/2019\/09\/Kundreportage-Bergsholmen-Familjen-Bostr\u00f6m-2019-webb-07-768x768.jpg 768w\" sizes=\"auto, (max-width: 800px) 100vw, 800px\" \/>\t\t\t\t\t\t\n\t\t\t\t\t<\/div>\n\t\t\t\t\t\t\t\t\n<style>\n#image_316778512 {\n  width: 100%;\n}\n<\/style>\n\t<\/div>\n\t\n\t\t<\/div>\n\t\t\t\t\t<\/div>\n\n\t\n\n\t<div id=\"col-112704256\" class=\"col medium-4 small-12 large-4\"  >\n\t\t\t\t<div class=\"col-inner\"  >\n\t\t\t\n\t\t\t\n\t<div class=\"img has-hover x md-x lg-x y md-y lg-y\" id=\"image_2118220592\">\n\t\t\t\t\t\t\t\t<div class=\"img-inner dark\" >\n\t\t\t<img loading=\"lazy\" decoding=\"async\" width=\"800\" height=\"800\" src=\"https:\/\/jorntrahus.se\/wp-content\/uploads\/2019\/09\/Kundreportage-Bergsholmen-Familjen-Bostr\u00f6m-2019-webb-22.jpg\" class=\"attachment-large size-large\" alt=\"Kunderapport feriehus bj\u00e6lkehus kit Bergsholmen Familjen Bostr\u00f6m 2019\" srcset=\"https:\/\/jorntrahus.se\/wp-content\/uploads\/2019\/09\/Kundreportage-Bergsholmen-Familjen-Bostr\u00f6m-2019-webb-22.jpg 800w, https:\/\/jorntrahus.se\/wp-content\/uploads\/2019\/09\/Kundreportage-Bergsholmen-Familjen-Bostr\u00f6m-2019-webb-22-100x100.jpg 100w, https:\/\/jorntrahus.se\/wp-content\/uploads\/2019\/09\/Kundreportage-Bergsholmen-Familjen-Bostr\u00f6m-2019-webb-22-300x300.jpg 300w, https:\/\/jorntrahus.se\/wp-content\/uploads\/2019\/09\/Kundreportage-Bergsholmen-Familjen-Bostr\u00f6m-2019-webb-22-600x600.jpg 600w, https:\/\/jorntrahus.se\/wp-content\/uploads\/2019\/09\/Kundreportage-Bergsholmen-Familjen-Bostr\u00f6m-2019-webb-22-768x768.jpg 768w\" sizes=\"auto, (max-width: 800px) 100vw, 800px\" \/>\t\t\t\t\t\t\n\t\t\t\t\t<\/div>\n\t\t\t\t\t\t\t\t\n<style>\n#image_2118220592 {\n  width: 100%;\n}\n<\/style>\n\t<\/div>\n\t\n\t\t<\/div>\n\t\t\t\t\t<\/div>\n\n\t\n<\/div>\n\t<div id=\"gap-692110435\" class=\"gap-element clearfix\" style=\"display:block; height:auto;\">\n\t\t\n<style>\n#gap-692110435 {\n  padding-top: 60px;\n}\n<\/style>\n\t<\/div>\n\t\n<div class=\"row\"  id=\"row-394996788\">\n\n\t<div id=\"col-1420319380\" class=\"col medium-4 small-12 large-4\"  >\n\t\t\t\t<div class=\"col-inner\"  >\n\t\t\t\n\t\t\t\n<a href=\"\/da\/inspiration\/nicolina-og-pers-byggerejse\/\" class=\"button primary is-outline expand\" >\n\t\t<span>Reportage del 1<\/span>\n\t<\/a>\n\n\t\t<\/div>\n\t\t\t\t\t<\/div>\n\n\t\n\n\t<div id=\"col-775154304\" class=\"col medium-4 small-12 large-4\"  >\n\t\t\t\t<div class=\"col-inner\"  >\n\t\t\t\n\t\t\t\n<a href=\"\/da\/husmodel\/bergsholmen-l\/\" class=\"button primary is-outline expand\" >\n\t\t<span>Mere om Bergsholmen<\/span>\n\t<\/a>\n\n\t\t<\/div>\n\t\t\t\t\t<\/div>\n\n\t\n\n\t<div id=\"col-81839740\" class=\"col medium-4 small-12 large-4\"  >\n\t\t\t\t<div class=\"col-inner\"  >\n\t\t\t\n\t\t\t\n<a href=\"\/da\/inspiration\/\" class=\"button primary is-outline expand\" >\n\t\t<span>Flere kundehistorier<\/span>\n\t<\/a>\n\n\t\t<\/div>\n\t\t\t\t\t<\/div>\n\n\t\n<\/div>\n\t<div id=\"gap-1702407132\" class=\"gap-element clearfix\" style=\"display:block; height:auto;\">\n\t\t\n<style>\n#gap-1702407132 {\n  padding-top: 30px;\n}\n<\/style>\n\t<\/div>\n\t\n\t<div class=\"box has-hover   has-hover box-text-bottom\" >\n\n\t\t<div class=\"box-image\" >\n\t\t\t\t\t\t<div class=\"\" >\n\t\t\t\t<img loading=\"lazy\" decoding=\"async\" width=\"1500\" height=\"1000\" src=\"https:\/\/jorntrahus.se\/wp-content\/uploads\/2017\/12\/Bergsholmen-L-3D.jpg\" class=\"attachment- size-\" alt=\"\" srcset=\"https:\/\/jorntrahus.se\/wp-content\/uploads\/2017\/12\/Bergsholmen-L-3D.jpg 1500w, https:\/\/jorntrahus.se\/wp-content\/uploads\/2017\/12\/Bergsholmen-L-3D-600x400.jpg 600w, https:\/\/jorntrahus.se\/wp-content\/uploads\/2017\/12\/Bergsholmen-L-3D-900x600.jpg 900w, https:\/\/jorntrahus.se\/wp-content\/uploads\/2017\/12\/Bergsholmen-L-3D-768x512.jpg 768w, https:\/\/jorntrahus.se\/wp-content\/uploads\/2017\/12\/Bergsholmen-L-3D-1200x800.jpg 1200w\" sizes=\"auto, (max-width: 1500px) 100vw, 1500px\" \/>\t\t\t\t\t\t\t\t\t\t\t<\/div>\n\t\t\t\t\t<\/div>\n\n\t\t<div class=\"box-text text-center\" >\n\t\t\t<div class=\"box-text-inner\">\n\t\t\t\t\n<h4>Modellen af Bergsholmens hus<\/h4>\n<p>Familien Bostr\u00f6m baserede deres skr\u00e6ddersyede hus p\u00e5 denne model.<\/p>\n\t\t\t<\/div>\n\t\t<\/div>\n\t<\/div>\n\t\n\t\t<\/div>\n\t\t\t\t\t<\/div>\n\n\t\n<\/div>","protected":false},"excerpt":{"rendered":"<p>- Set i bakspejlet fortryder vi ikke, at vi t\u00e6nkte stort og investerede dristigt, vi har simpelthen f\u00e5et et fantastisk hus, siger de to glade 1TP1-ejere Nicolina og Per Bostr\u00f6m.<\/p>","protected":false},"author":2,"featured_media":11345,"comment_status":"closed","ping_status":"closed","sticky":false,"template":"","format":"standard","meta":{"footnotes":""},"categories":[611],"tags":[1064,1046,1066,479],"class_list":["post-10261","post","type-post","status-publish","format-standard","has-post-thumbnail","hentry","category-inspiration","tag-bergsholmen-l","tag-kundanpassning","tag-kundreportage","tag-timmerhus"],"yoast_head":"<!-- This site is optimized with the Yoast SEO plugin v27.2 - https:\/\/yoast.com\/product\/yoast-seo-wordpress\/ -->\n<title>Intressant byggresa p\u00e5 Alderholmen - J\u00f6rntr\u00e4hus<\/title>\n<meta name=\"robots\" content=\"index, follow, max-snippet:-1, max-image-preview:large, max-video-preview:-1\" \/>\n<link rel=\"canonical\" href=\"https:\/\/jorntrahus.se\/da\/inspiration\/interessant-byggetur-pa-alderholmen\/\" \/>\n<meta property=\"og:locale\" content=\"da_DK\" \/>\n<meta property=\"og:type\" content=\"article\" \/>\n<meta property=\"og:title\" content=\"Intressant byggresa p\u00e5 Alderholmen - J\u00f6rntr\u00e4hus\" \/>\n<meta property=\"og:description\" content=\"\u2013 Med facit i hand s\u00e5 \u00e5ngrar vi inte att vi t\u00e4nkte stort och satsade friskt, vi har f\u00e5tt ett fantastiskt hus helt enkelt, s\u00e4ger de tv\u00e5 glada J\u00f6rntr\u00e4hus\u00e4garna Nicolina och Per Bostr\u00f6m.\" \/>\n<meta property=\"og:url\" content=\"https:\/\/jorntrahus.se\/da\/inspiration\/interessant-byggetur-pa-alderholmen\/\" \/>\n<meta property=\"og:site_name\" content=\"J\u00f6rntr\u00e4hus\" \/>\n<meta property=\"article:published_time\" content=\"2019-09-19T07:55:02+00:00\" \/>\n<meta property=\"article:modified_time\" content=\"2022-03-17T14:41:31+00:00\" \/>\n<meta property=\"og:image\" content=\"https:\/\/jorntrahus.se\/wp-content\/uploads\/2019\/09\/Kundreportage-Bostr\u00f6ms-Bergsholmen-2019-01-webb-ver2-scaled.jpg\" \/>\n\t<meta property=\"og:image:width\" content=\"2560\" \/>\n\t<meta property=\"og:image:height\" content=\"1826\" \/>\n\t<meta property=\"og:image:type\" content=\"image\/jpeg\" \/>\n<meta name=\"author\" content=\"J\u00f6rntr\u00e4hus\" \/>\n<meta name=\"twitter:card\" content=\"summary_large_image\" \/>\n<meta name=\"twitter:label1\" content=\"Skrevet af\" \/>\n\t<meta name=\"twitter:data1\" content=\"J\u00f6rntr\u00e4hus\" \/>\n\t<meta name=\"twitter:label2\" content=\"Estimeret l\u00e6setid\" \/>\n\t<meta name=\"twitter:data2\" content=\"2 minutter\" \/>\n<script type=\"application\/ld+json\" class=\"yoast-schema-graph\">{\"@context\":\"https:\/\/schema.org\",\"@graph\":[{\"@type\":\"Article\",\"@id\":\"https:\/\/jorntrahus.se\/inspiration\/intressant-byggresa-pa-alderholmen\/#article\",\"isPartOf\":{\"@id\":\"https:\/\/jorntrahus.se\/inspiration\/intressant-byggresa-pa-alderholmen\/\"},\"author\":{\"name\":\"J\u00f6rntr\u00e4hus\",\"@id\":\"https:\/\/jorntrahus.se\/#\/schema\/person\/1d486a26d13d4df455271c2f02f5ef5c\"},\"headline\":\"Intressant byggresa p\u00e5 Alderholmen\",\"datePublished\":\"2019-09-19T07:55:02+00:00\",\"dateModified\":\"2022-03-17T14:41:31+00:00\",\"mainEntityOfPage\":{\"@id\":\"https:\/\/jorntrahus.se\/inspiration\/intressant-byggresa-pa-alderholmen\/\"},\"wordCount\":434,\"publisher\":{\"@id\":\"https:\/\/jorntrahus.se\/#organization\"},\"image\":{\"@id\":\"https:\/\/jorntrahus.se\/inspiration\/intressant-byggresa-pa-alderholmen\/#primaryimage\"},\"thumbnailUrl\":\"https:\/\/jorntrahus.se\/wp-content\/uploads\/2019\/09\/Kundreportage-Bostr\u00f6ms-Bergsholmen-2019-01-webb-ver2-scaled.jpg\",\"keywords\":[\"Bergsholmen L\",\"kundanpassning\",\"kundreportage\",\"timmerhus\"],\"articleSection\":[\"Inspiration\"],\"inLanguage\":\"da-DK\"},{\"@type\":\"WebPage\",\"@id\":\"https:\/\/jorntrahus.se\/inspiration\/intressant-byggresa-pa-alderholmen\/\",\"url\":\"https:\/\/jorntrahus.se\/inspiration\/intressant-byggresa-pa-alderholmen\/\",\"name\":\"Intressant byggresa p\u00e5 Alderholmen - J\u00f6rntr\u00e4hus\",\"isPartOf\":{\"@id\":\"https:\/\/jorntrahus.se\/#website\"},\"primaryImageOfPage\":{\"@id\":\"https:\/\/jorntrahus.se\/inspiration\/intressant-byggresa-pa-alderholmen\/#primaryimage\"},\"image\":{\"@id\":\"https:\/\/jorntrahus.se\/inspiration\/intressant-byggresa-pa-alderholmen\/#primaryimage\"},\"thumbnailUrl\":\"https:\/\/jorntrahus.se\/wp-content\/uploads\/2019\/09\/Kundreportage-Bostr\u00f6ms-Bergsholmen-2019-01-webb-ver2-scaled.jpg\",\"datePublished\":\"2019-09-19T07:55:02+00:00\",\"dateModified\":\"2022-03-17T14:41:31+00:00\",\"breadcrumb\":{\"@id\":\"https:\/\/jorntrahus.se\/inspiration\/intressant-byggresa-pa-alderholmen\/#breadcrumb\"},\"inLanguage\":\"da-DK\",\"potentialAction\":[{\"@type\":\"ReadAction\",\"target\":[\"https:\/\/jorntrahus.se\/inspiration\/intressant-byggresa-pa-alderholmen\/\"]}]},{\"@type\":\"ImageObject\",\"inLanguage\":\"da-DK\",\"@id\":\"https:\/\/jorntrahus.se\/inspiration\/intressant-byggresa-pa-alderholmen\/#primaryimage\",\"url\":\"https:\/\/jorntrahus.se\/wp-content\/uploads\/2019\/09\/Kundreportage-Bostr\u00f6ms-Bergsholmen-2019-01-webb-ver2-scaled.jpg\",\"contentUrl\":\"https:\/\/jorntrahus.se\/wp-content\/uploads\/2019\/09\/Kundreportage-Bostr\u00f6ms-Bergsholmen-2019-01-webb-ver2-scaled.jpg\",\"width\":2560,\"height\":1826,\"caption\":\"Kundreportage Familjen Bostr\u00f6ms timmerhus Bergsholmen - reportage 2019\"},{\"@type\":\"BreadcrumbList\",\"@id\":\"https:\/\/jorntrahus.se\/inspiration\/intressant-byggresa-pa-alderholmen\/#breadcrumb\",\"itemListElement\":[{\"@type\":\"ListItem\",\"position\":1,\"name\":\"Hem\",\"item\":\"https:\/\/jorntrahus.se\/\"},{\"@type\":\"ListItem\",\"position\":2,\"name\":\"Intressant byggresa p\u00e5 Alderholmen\"}]},{\"@type\":\"WebSite\",\"@id\":\"https:\/\/jorntrahus.se\/#website\",\"url\":\"https:\/\/jorntrahus.se\/\",\"name\":\"J\u00f6rntr\u00e4hus\",\"description\":\"Hus f\u00f6r den medvetne\",\"publisher\":{\"@id\":\"https:\/\/jorntrahus.se\/#organization\"},\"potentialAction\":[{\"@type\":\"SearchAction\",\"target\":{\"@type\":\"EntryPoint\",\"urlTemplate\":\"https:\/\/jorntrahus.se\/?s={search_term_string}\"},\"query-input\":{\"@type\":\"PropertyValueSpecification\",\"valueRequired\":true,\"valueName\":\"search_term_string\"}}],\"inLanguage\":\"da-DK\"},{\"@type\":\"Organization\",\"@id\":\"https:\/\/jorntrahus.se\/#organization\",\"name\":\"J\u00f6rntr\u00e4hus\",\"url\":\"https:\/\/jorntrahus.se\/\",\"logo\":{\"@type\":\"ImageObject\",\"inLanguage\":\"da-DK\",\"@id\":\"https:\/\/jorntrahus.se\/#\/schema\/logo\/image\/\",\"url\":\"https:\/\/jorntrahus.se\/wp-content\/uploads\/2020\/09\/Jorntrahus_Grund_CMYK.eps\",\"contentUrl\":\"https:\/\/jorntrahus.se\/wp-content\/uploads\/2020\/09\/Jorntrahus_Grund_CMYK.eps\",\"width\":1,\"height\":1,\"caption\":\"J\u00f6rntr\u00e4hus\"},\"image\":{\"@id\":\"https:\/\/jorntrahus.se\/#\/schema\/logo\/image\/\"}},{\"@type\":\"Person\",\"@id\":\"https:\/\/jorntrahus.se\/#\/schema\/person\/1d486a26d13d4df455271c2f02f5ef5c\",\"name\":\"J\u00f6rntr\u00e4hus\",\"image\":{\"@type\":\"ImageObject\",\"inLanguage\":\"da-DK\",\"@id\":\"https:\/\/secure.gravatar.com\/avatar\/e9b8fcf3c4d64603cd3ec2eb8588179dabe6c74041e8c2a09d7ca9e0900a4ad3?s=96&d=mm&r=g\",\"url\":\"https:\/\/secure.gravatar.com\/avatar\/e9b8fcf3c4d64603cd3ec2eb8588179dabe6c74041e8c2a09d7ca9e0900a4ad3?s=96&d=mm&r=g\",\"contentUrl\":\"https:\/\/secure.gravatar.com\/avatar\/e9b8fcf3c4d64603cd3ec2eb8588179dabe6c74041e8c2a09d7ca9e0900a4ad3?s=96&d=mm&r=g\",\"caption\":\"J\u00f6rntr\u00e4hus\"},\"sameAs\":[\"https:\/\/jorntrahus.se\"],\"url\":\"https:\/\/jorntrahus.se\/da\/author\/jorntrahus\/\"}]}<\/script>\n<!-- \/ Yoast SEO plugin. -->","yoast_head_json":{"title":"Interessant byggetur p\u00e5 Alderholmen - J\u00f6rntr\u00e4hus","robots":{"index":"index","follow":"follow","max-snippet":"max-snippet:-1","max-image-preview":"max-image-preview:large","max-video-preview":"max-video-preview:-1"},"canonical":"https:\/\/jorntrahus.se\/da\/inspiration\/interessant-byggetur-pa-alderholmen\/","og_locale":"da_DK","og_type":"article","og_title":"Intressant byggresa p\u00e5 Alderholmen - J\u00f6rntr\u00e4hus","og_description":"\u2013 Med facit i hand s\u00e5 \u00e5ngrar vi inte att vi t\u00e4nkte stort och satsade friskt, vi har f\u00e5tt ett fantastiskt hus helt enkelt, s\u00e4ger de tv\u00e5 glada J\u00f6rntr\u00e4hus\u00e4garna Nicolina och Per Bostr\u00f6m.","og_url":"https:\/\/jorntrahus.se\/da\/inspiration\/interessant-byggetur-pa-alderholmen\/","og_site_name":"J\u00f6rntr\u00e4hus","article_published_time":"2019-09-19T07:55:02+00:00","article_modified_time":"2022-03-17T14:41:31+00:00","og_image":[{"width":2560,"height":1826,"url":"https:\/\/jorntrahus.se\/wp-content\/uploads\/2019\/09\/Kundreportage-Bostr\u00f6ms-Bergsholmen-2019-01-webb-ver2-scaled.jpg","type":"image\/jpeg"}],"author":"J\u00f6rntr\u00e4hus","twitter_card":"summary_large_image","twitter_misc":{"Skrevet af":"J\u00f6rntr\u00e4hus","Estimeret l\u00e6setid":"2 minutter"},"schema":{"@context":"https:\/\/schema.org","@graph":[{"@type":"Article","@id":"https:\/\/jorntrahus.se\/inspiration\/intressant-byggresa-pa-alderholmen\/#article","isPartOf":{"@id":"https:\/\/jorntrahus.se\/inspiration\/intressant-byggresa-pa-alderholmen\/"},"author":{"name":"J\u00f6rntr\u00e4hus","@id":"https:\/\/jorntrahus.se\/#\/schema\/person\/1d486a26d13d4df455271c2f02f5ef5c"},"headline":"Intressant byggresa p\u00e5 Alderholmen","datePublished":"2019-09-19T07:55:02+00:00","dateModified":"2022-03-17T14:41:31+00:00","mainEntityOfPage":{"@id":"https:\/\/jorntrahus.se\/inspiration\/intressant-byggresa-pa-alderholmen\/"},"wordCount":434,"publisher":{"@id":"https:\/\/jorntrahus.se\/#organization"},"image":{"@id":"https:\/\/jorntrahus.se\/inspiration\/intressant-byggresa-pa-alderholmen\/#primaryimage"},"thumbnailUrl":"https:\/\/jorntrahus.se\/wp-content\/uploads\/2019\/09\/Kundreportage-Bostr\u00f6ms-Bergsholmen-2019-01-webb-ver2-scaled.jpg","keywords":["Bergsholmen L","kundanpassning","kundreportage","timmerhus"],"articleSection":["Inspiration"],"inLanguage":"da-DK"},{"@type":"WebPage","@id":"https:\/\/jorntrahus.se\/inspiration\/intressant-byggresa-pa-alderholmen\/","url":"https:\/\/jorntrahus.se\/inspiration\/intressant-byggresa-pa-alderholmen\/","name":"Interessant byggetur p\u00e5 Alderholmen - J\u00f6rntr\u00e4hus","isPartOf":{"@id":"https:\/\/jorntrahus.se\/#website"},"primaryImageOfPage":{"@id":"https:\/\/jorntrahus.se\/inspiration\/intressant-byggresa-pa-alderholmen\/#primaryimage"},"image":{"@id":"https:\/\/jorntrahus.se\/inspiration\/intressant-byggresa-pa-alderholmen\/#primaryimage"},"thumbnailUrl":"https:\/\/jorntrahus.se\/wp-content\/uploads\/2019\/09\/Kundreportage-Bostr\u00f6ms-Bergsholmen-2019-01-webb-ver2-scaled.jpg","datePublished":"2019-09-19T07:55:02+00:00","dateModified":"2022-03-17T14:41:31+00:00","breadcrumb":{"@id":"https:\/\/jorntrahus.se\/inspiration\/intressant-byggresa-pa-alderholmen\/#breadcrumb"},"inLanguage":"da-DK","potentialAction":[{"@type":"ReadAction","target":["https:\/\/jorntrahus.se\/inspiration\/intressant-byggresa-pa-alderholmen\/"]}]},{"@type":"ImageObject","inLanguage":"da-DK","@id":"https:\/\/jorntrahus.se\/inspiration\/intressant-byggresa-pa-alderholmen\/#primaryimage","url":"https:\/\/jorntrahus.se\/wp-content\/uploads\/2019\/09\/Kundreportage-Bostr\u00f6ms-Bergsholmen-2019-01-webb-ver2-scaled.jpg","contentUrl":"https:\/\/jorntrahus.se\/wp-content\/uploads\/2019\/09\/Kundreportage-Bostr\u00f6ms-Bergsholmen-2019-01-webb-ver2-scaled.jpg","width":2560,"height":1826,"caption":"Kundreportage Familjen Bostr\u00f6ms timmerhus Bergsholmen - reportage 2019"},{"@type":"BreadcrumbList","@id":"https:\/\/jorntrahus.se\/inspiration\/intressant-byggresa-pa-alderholmen\/#breadcrumb","itemListElement":[{"@type":"ListItem","position":1,"name":"Hem","item":"https:\/\/jorntrahus.se\/"},{"@type":"ListItem","position":2,"name":"Intressant byggresa p\u00e5 Alderholmen"}]},{"@type":"WebSite","@id":"https:\/\/jorntrahus.se\/#website","url":"https:\/\/jorntrahus.se\/","name":"J\u00f6rntr\u00e4hus","description":"Huse til de bevidste","publisher":{"@id":"https:\/\/jorntrahus.se\/#organization"},"potentialAction":[{"@type":"SearchAction","target":{"@type":"EntryPoint","urlTemplate":"https:\/\/jorntrahus.se\/?s={search_term_string}"},"query-input":{"@type":"PropertyValueSpecification","valueRequired":true,"valueName":"search_term_string"}}],"inLanguage":"da-DK"},{"@type":"Organization","@id":"https:\/\/jorntrahus.se\/#organization","name":"J\u00f6rntr\u00e4hus","url":"https:\/\/jorntrahus.se\/","logo":{"@type":"ImageObject","inLanguage":"da-DK","@id":"https:\/\/jorntrahus.se\/#\/schema\/logo\/image\/","url":"https:\/\/jorntrahus.se\/wp-content\/uploads\/2020\/09\/Jorntrahus_Grund_CMYK.eps","contentUrl":"https:\/\/jorntrahus.se\/wp-content\/uploads\/2020\/09\/Jorntrahus_Grund_CMYK.eps","width":1,"height":1,"caption":"J\u00f6rntr\u00e4hus"},"image":{"@id":"https:\/\/jorntrahus.se\/#\/schema\/logo\/image\/"}},{"@type":"Person","@id":"https:\/\/jorntrahus.se\/#\/schema\/person\/1d486a26d13d4df455271c2f02f5ef5c","name":"J\u00f6rntr\u00e4hus","image":{"@type":"ImageObject","inLanguage":"da-DK","@id":"https:\/\/secure.gravatar.com\/avatar\/e9b8fcf3c4d64603cd3ec2eb8588179dabe6c74041e8c2a09d7ca9e0900a4ad3?s=96&d=mm&r=g","url":"https:\/\/secure.gravatar.com\/avatar\/e9b8fcf3c4d64603cd3ec2eb8588179dabe6c74041e8c2a09d7ca9e0900a4ad3?s=96&d=mm&r=g","contentUrl":"https:\/\/secure.gravatar.com\/avatar\/e9b8fcf3c4d64603cd3ec2eb8588179dabe6c74041e8c2a09d7ca9e0900a4ad3?s=96&d=mm&r=g","caption":"J\u00f6rntr\u00e4hus"},"sameAs":["https:\/\/jorntrahus.se"],"url":"https:\/\/jorntrahus.se\/da\/author\/jorntrahus\/"}]}},"publishpress_future_action":{"enabled":false,"date":"2026-05-04 23:29:21","action":"change-status","newStatus":"draft","terms":[],"taxonomy":"category","extraData":[]},"publishpress_future_workflow_manual_trigger":{"enabledWorkflows":[]},"_links":{"self":[{"href":"https:\/\/jorntrahus.se\/da\/wp-json\/wp\/v2\/posts\/10261","targetHints":{"allow":["GET"]}}],"collection":[{"href":"https:\/\/jorntrahus.se\/da\/wp-json\/wp\/v2\/posts"}],"about":[{"href":"https:\/\/jorntrahus.se\/da\/wp-json\/wp\/v2\/types\/post"}],"author":[{"embeddable":true,"href":"https:\/\/jorntrahus.se\/da\/wp-json\/wp\/v2\/users\/2"}],"replies":[{"embeddable":true,"href":"https:\/\/jorntrahus.se\/da\/wp-json\/wp\/v2\/comments?post=10261"}],"version-history":[{"count":11,"href":"https:\/\/jorntrahus.se\/da\/wp-json\/wp\/v2\/posts\/10261\/revisions"}],"predecessor-version":[{"id":11380,"href":"https:\/\/jorntrahus.se\/da\/wp-json\/wp\/v2\/posts\/10261\/revisions\/11380"}],"wp:featuredmedia":[{"embeddable":true,"href":"https:\/\/jorntrahus.se\/da\/wp-json\/wp\/v2\/media\/11345"}],"wp:attachment":[{"href":"https:\/\/jorntrahus.se\/da\/wp-json\/wp\/v2\/media?parent=10261"}],"wp:term":[{"taxonomy":"category","embeddable":true,"href":"https:\/\/jorntrahus.se\/da\/wp-json\/wp\/v2\/categories?post=10261"},{"taxonomy":"post_tag","embeddable":true,"href":"https:\/\/jorntrahus.se\/da\/wp-json\/wp\/v2\/tags?post=10261"}],"curies":[{"name":"wp","href":"https:\/\/api.w.org\/{rel}","templated":true}]}}