{"id":10281,"date":"2019-03-04T15:10:27","date_gmt":"2019-03-04T14:10:27","guid":{"rendered":"https:\/\/jorntrahus.se\/?p=10281"},"modified":"2022-03-17T15:41:42","modified_gmt":"2022-03-17T14:41:42","slug":"fra-alperne-til-feriehuse-i-bruksvallarna-2","status":"publish","type":"post","link":"https:\/\/jorntrahus.se\/da\/inspiration\/fran-alperna-till-fritidshus-i-bruksvallarna\/","title":{"rendered":"Fra Alperne til feriehuse i Bruksvallarna"},"content":{"rendered":"<div class=\"row\"  id=\"row-1502339353\">\n\n\t<div id=\"col-1417237560\" class=\"col small-12 large-12\"  >\n\t\t\t\t<div class=\"col-inner\"  >\n\t\t\t\n\t\t\t\n<h2>Kunderapport Strycksele XL Loft<\/h2>\n<h3>- At vi valgte at bygge vores feriehus i Bruksvallarna var absolut ikke planlagt, vi havde slet ingen tanker om et feriehus,\" siger Christian og Ther\u00e9se Lindblad.<\/h3>\n<p>- \"Da vores venner spurgte os, om vi ville komme og st\u00e5 p\u00e5 ski i Fun\u00e4sfj\u00e4llen, virkede det langt fra det skil\u00f8b i Alperne, vi plejede at nyde, men vi pr\u00f8vede det og blev straks forelsket i omr\u00e5det og dets muligheder,\" forts\u00e6tter Christian.<\/p>\n<p>Det er ikke kun skil\u00f8b p\u00e5 pisterne, der tiltr\u00e6kker, om vinteren kan man vandre eller k\u00f8re snescooter, mens man om sommeren kan vandre eller k\u00f8re mountainbike, med andre ord et godt sted for dem, der vil have et aktivt udend\u00f8rsliv.<\/p>\n<h4>FANTASTISK BELIGGENHED<\/h4>\n<p>Christian og Ther\u00e9se Lindblad fik et tip om en ledig grund i Bruksvallarna, bes\u00f8gte stedet, og handlen var i hus inden for en uge.<\/p>\n<p>- Det var en hurtig beslutning, efter at vi havde set grunden og dens fantastiske beliggenhed, bestemt ikke en beslutning, man t\u00e6nker over i lang tid,\" forklarer Ther\u00e9se.<\/p>\n<p>Der var dog ingen id\u00e9 om, hvilket hus der skulle bygges, den f\u00f8rste id\u00e9 var et midlertidigt hus for at kunne komme hurtigt i gang, s\u00e5 de kunne \u201dm\u00e6rke efter\u201d, hvilke behov de havde og ikke mindst m\u00e5ske spare op til et st\u00f8rre nybyggeri.<\/p>\n<p>Ideen blev forkastet, da de pludselig inds\u00e5, at det ville forsinke hovedbygningen med flere \u00e5r - s\u00e5 de begyndte at lede efter en passende husmodel.<\/p>\n\t<div id=\"gap-1471160512\" class=\"gap-element clearfix\" style=\"display:block; height:auto;\">\n\t\t\n<style>\n#gap-1471160512 {\n  padding-top: 30px;\n}\n<\/style>\n\t<\/div>\n\t\n  <div class=\"banner-grid-wrapper\">\n  <div id=\"banner-grid-570615167\" class=\"banner-grid row row-grid row-small\" data-packery-options=\"\">\n                      \n<div class=\"col grid-col large-6 grid-col-2-3\" ><div class=\"col-inner\">\n\t<div class=\"img has-hover x md-x lg-x y md-y lg-y\" id=\"image_1131007352\">\n\t\t\t\t\t\t\t\t<div class=\"img-inner dark\" >\n\t\t\t<img loading=\"lazy\" decoding=\"async\" width=\"800\" height=\"1200\" src=\"https:\/\/jorntrahus.se\/wp-content\/uploads\/2019\/03\/Fritidshus-Strycksele-XL-Loft-husbyggsats-J\u00f6rntr\u00e4hus-Kundreportage-St\u00e4mmning-12-800x1200.jpg\" class=\"attachment-large size-large\" alt=\"Sommerhus Strycksele XL Lofthus bygges\u00e6t J\u00f6rntr\u00e4hus Kunderapport Tuning 12\" srcset=\"https:\/\/jorntrahus.se\/wp-content\/uploads\/2019\/03\/Fritidshus-Strycksele-XL-Loft-husbyggsats-J\u00f6rntr\u00e4hus-Kundreportage-St\u00e4mmning-12-800x1200.jpg 800w, https:\/\/jorntrahus.se\/wp-content\/uploads\/2019\/03\/Fritidshus-Strycksele-XL-Loft-husbyggsats-J\u00f6rntr\u00e4hus-Kundreportage-St\u00e4mmning-12-900x1350.jpg 900w, https:\/\/jorntrahus.se\/wp-content\/uploads\/2019\/03\/Fritidshus-Strycksele-XL-Loft-husbyggsats-J\u00f6rntr\u00e4hus-Kundreportage-St\u00e4mmning-12-400x600.jpg 400w, https:\/\/jorntrahus.se\/wp-content\/uploads\/2019\/03\/Fritidshus-Strycksele-XL-Loft-husbyggsats-J\u00f6rntr\u00e4hus-Kundreportage-St\u00e4mmning-12-768x1152.jpg 768w, https:\/\/jorntrahus.se\/wp-content\/uploads\/2019\/03\/Fritidshus-Strycksele-XL-Loft-husbyggsats-J\u00f6rntr\u00e4hus-Kundreportage-St\u00e4mmning-12-scaled.jpg 1707w\" sizes=\"auto, (max-width: 800px) 100vw, 800px\" \/>\t\t\t\t\t\t\n\t\t\t\t\t<\/div>\n\t\t\t\t\t\t\t\t\n<style>\n#image_1131007352 {\n  width: 100%;\n}\n<\/style>\n\t<\/div>\n\t\n<\/div><\/div>\n<div class=\"col grid-col large-6 grid-col-1-2\" ><div class=\"col-inner\">\n\t<div class=\"img has-hover x md-x lg-x y md-y lg-y\" id=\"image_1283137828\">\n\t\t\t\t\t\t\t\t<div class=\"img-inner dark\" >\n\t\t\t<img loading=\"lazy\" decoding=\"async\" width=\"1020\" height=\"680\" src=\"https:\/\/jorntrahus.se\/wp-content\/uploads\/2019\/03\/Fritidshus-Strycksele-XL-Loft-husbyggsats-J\u00f6rntr\u00e4hus-Kundreportage-Byggnation-6-1200x800.jpg\" class=\"attachment-large size-large\" alt=\"Sommerhus Strycksele XL Loft house kit J\u00f6rntr\u00e4hus Kunderapport Konstruktion 6\" srcset=\"https:\/\/jorntrahus.se\/wp-content\/uploads\/2019\/03\/Fritidshus-Strycksele-XL-Loft-husbyggsats-J\u00f6rntr\u00e4hus-Kundreportage-Byggnation-6-1200x800.jpg 1200w, https:\/\/jorntrahus.se\/wp-content\/uploads\/2019\/03\/Fritidshus-Strycksele-XL-Loft-husbyggsats-J\u00f6rntr\u00e4hus-Kundreportage-Byggnation-6-600x400.jpg 600w, https:\/\/jorntrahus.se\/wp-content\/uploads\/2019\/03\/Fritidshus-Strycksele-XL-Loft-husbyggsats-J\u00f6rntr\u00e4hus-Kundreportage-Byggnation-6-900x600.jpg 900w, https:\/\/jorntrahus.se\/wp-content\/uploads\/2019\/03\/Fritidshus-Strycksele-XL-Loft-husbyggsats-J\u00f6rntr\u00e4hus-Kundreportage-Byggnation-6-768x512.jpg 768w\" sizes=\"auto, (max-width: 1020px) 100vw, 1020px\" \/>\t\t\t\t\t\t\n\t\t\t\t\t<\/div>\n\t\t\t\t\t\t\t\t\n<style>\n#image_1283137828 {\n  width: 100%;\n}\n<\/style>\n\t<\/div>\n\t\n<\/div><\/div>\n<div class=\"col grid-col large-3 grid-col-1-2\" ><div class=\"col-inner\">\n\t<div class=\"img has-hover x md-x lg-x y md-y lg-y\" id=\"image_1111615401\">\n\t\t\t\t\t\t\t\t<div class=\"img-inner dark\" >\n\t\t\t<img loading=\"lazy\" decoding=\"async\" width=\"1020\" height=\"680\" src=\"https:\/\/jorntrahus.se\/wp-content\/uploads\/2019\/03\/Fritidshus-Strycksele-XL-Loft-husbyggsats-J\u00f6rntr\u00e4hus-Kundreportage-St\u00e4mmning-3-1200x800.jpg\" class=\"attachment-large size-large\" alt=\"Sommerhus Strycksele XL Loft house kit J\u00f6rntr\u00e4hus Kunderapport Tuning 3\" srcset=\"https:\/\/jorntrahus.se\/wp-content\/uploads\/2019\/03\/Fritidshus-Strycksele-XL-Loft-husbyggsats-J\u00f6rntr\u00e4hus-Kundreportage-St\u00e4mmning-3-1200x800.jpg 1200w, https:\/\/jorntrahus.se\/wp-content\/uploads\/2019\/03\/Fritidshus-Strycksele-XL-Loft-husbyggsats-J\u00f6rntr\u00e4hus-Kundreportage-St\u00e4mmning-3-600x400.jpg 600w, https:\/\/jorntrahus.se\/wp-content\/uploads\/2019\/03\/Fritidshus-Strycksele-XL-Loft-husbyggsats-J\u00f6rntr\u00e4hus-Kundreportage-St\u00e4mmning-3-900x600.jpg 900w, https:\/\/jorntrahus.se\/wp-content\/uploads\/2019\/03\/Fritidshus-Strycksele-XL-Loft-husbyggsats-J\u00f6rntr\u00e4hus-Kundreportage-St\u00e4mmning-3-768x512.jpg 768w\" sizes=\"auto, (max-width: 1020px) 100vw, 1020px\" \/>\t\t\t\t\t\t\n\t\t\t\t\t<\/div>\n\t\t\t\t\t\t\t\t\n<style>\n#image_1111615401 {\n  width: 100%;\n}\n<\/style>\n\t<\/div>\n\t\n<\/div><\/div>\n<div class=\"col grid-col large-3 grid-col-1-2\" ><div class=\"col-inner\">\n\t<div class=\"img has-hover x md-x lg-x y md-y lg-y\" id=\"image_1039067638\">\n\t\t\t\t\t\t\t\t<div class=\"img-inner dark\" >\n\t\t\t<img loading=\"lazy\" decoding=\"async\" width=\"1020\" height=\"765\" src=\"https:\/\/jorntrahus.se\/wp-content\/uploads\/2019\/03\/Fritidshus-Strycksele-XL-Loft-husbyggsats-J\u00f6rntr\u00e4hus-Kundreportage-St\u00e4mmning-6-1200x900.jpg\" class=\"attachment-large size-large\" alt=\"Sommerhus Strycksele XL Lofthus bygges\u00e6t J\u00f6rntr\u00e4hus Kunderapport Tuning 6\" srcset=\"https:\/\/jorntrahus.se\/wp-content\/uploads\/2019\/03\/Fritidshus-Strycksele-XL-Loft-husbyggsats-J\u00f6rntr\u00e4hus-Kundreportage-St\u00e4mmning-6-1200x900.jpg 1200w, https:\/\/jorntrahus.se\/wp-content\/uploads\/2019\/03\/Fritidshus-Strycksele-XL-Loft-husbyggsats-J\u00f6rntr\u00e4hus-Kundreportage-St\u00e4mmning-6-900x675.jpg 900w, https:\/\/jorntrahus.se\/wp-content\/uploads\/2019\/03\/Fritidshus-Strycksele-XL-Loft-husbyggsats-J\u00f6rntr\u00e4hus-Kundreportage-St\u00e4mmning-6-600x450.jpg 600w, https:\/\/jorntrahus.se\/wp-content\/uploads\/2019\/03\/Fritidshus-Strycksele-XL-Loft-husbyggsats-J\u00f6rntr\u00e4hus-Kundreportage-St\u00e4mmning-6-768x576.jpg 768w\" sizes=\"auto, (max-width: 1020px) 100vw, 1020px\" \/>\t\t\t\t\t\t\n\t\t\t\t\t<\/div>\n\t\t\t\t\t\t\t\t\n<style>\n#image_1039067638 {\n  width: 100%;\n}\n<\/style>\n\t<\/div>\n\t\n<\/div><\/div>\n<div class=\"col grid-col large-6 grid-col-1-3\" ><div class=\"col-inner\">\n\t<div class=\"img has-hover x md-x lg-x y md-y lg-y\" id=\"image_1164982141\">\n\t\t\t\t\t\t\t\t<div class=\"img-inner dark\" >\n\t\t\t<img loading=\"lazy\" decoding=\"async\" width=\"1020\" height=\"680\" src=\"https:\/\/jorntrahus.se\/wp-content\/uploads\/2019\/03\/Fritidshus-Strycksele-XL-Loft-husbyggsats-J\u00f6rntr\u00e4hus-Kundreportage-St\u00e4mmning-4-1200x800.jpg\" class=\"attachment-large size-large\" alt=\"Sommerhus Strycksele XL Lofthus bygges\u00e6t J\u00f6rntr\u00e4hus Kunderapport Tuning 4\" srcset=\"https:\/\/jorntrahus.se\/wp-content\/uploads\/2019\/03\/Fritidshus-Strycksele-XL-Loft-husbyggsats-J\u00f6rntr\u00e4hus-Kundreportage-St\u00e4mmning-4-1200x800.jpg 1200w, https:\/\/jorntrahus.se\/wp-content\/uploads\/2019\/03\/Fritidshus-Strycksele-XL-Loft-husbyggsats-J\u00f6rntr\u00e4hus-Kundreportage-St\u00e4mmning-4-600x400.jpg 600w, https:\/\/jorntrahus.se\/wp-content\/uploads\/2019\/03\/Fritidshus-Strycksele-XL-Loft-husbyggsats-J\u00f6rntr\u00e4hus-Kundreportage-St\u00e4mmning-4-900x600.jpg 900w, https:\/\/jorntrahus.se\/wp-content\/uploads\/2019\/03\/Fritidshus-Strycksele-XL-Loft-husbyggsats-J\u00f6rntr\u00e4hus-Kundreportage-St\u00e4mmning-4-768x512.jpg 768w\" sizes=\"auto, (max-width: 1020px) 100vw, 1020px\" \/>\t\t\t\t\t\t\n\t\t\t\t\t<\/div>\n\t\t\t\t\t\t\t\t\n<style>\n#image_1164982141 {\n  width: 100%;\n}\n<\/style>\n\t<\/div>\n\t\n<\/div><\/div>\n            <\/div>\n    <style>\n    #banner-grid-570615167 .grid-col-1{height: 600px}\n    #banner-grid-570615167 .grid-col-1-2{height: 300px}\n    #banner-grid-570615167 .grid-col-1-3{height:200px}\n    #banner-grid-570615167 .grid-col-2-3{height: 400px}\n    #banner-grid-570615167 .grid-col-1-4{height: 150px}\n    #banner-grid-570615167 .grid-col-3-4{height: 450px}\n\n\n    \n    \n\n  <\/style>\n    <\/div>\n  \n\t<div id=\"gap-1318872534\" class=\"gap-element clearfix\" style=\"display:block; height:auto;\">\n\t\t\n<style>\n#gap-1318872534 {\n  padding-top: 30px;\n}\n<\/style>\n\t<\/div>\n\t\n<h4>KLASSISK BJERGHYTTE<\/h4>\n<p>Vi valgte J\u00f6rntr\u00e4hus, fordi vi var tiltrukket af dets udseende og muligheden for at p\u00e5virke planl\u00e6gningen af huset.<\/p>\n<p>- At vi samtidig fik en yderst professionel og engageret respons fra J\u00f6rntr\u00e4hus's repr\u00e6sentant Owe Korsgren, gjorde valget let, siger Christian.<\/p>\n<blockquote><p>Strycksele var den model, der fangede vores interesse med det samme.<\/p><\/blockquote>\n<p>- \"Strycksele var den model, der fangede vores opm\u00e6rksomhed med det samme, og at vi derefter gik fra den mindre til den st\u00f8rre model og til sidst besluttede os for den st\u00f8rste variant med hems, skyldtes nok muligheden for et antal ekstra sengepladser og to brusere, som kunne tilbydes familie og rejsende venner\", forts\u00e6tter Christian.<\/p>\n<p>- \"Vi ville have en virkelig klassisk bjerghytte, s\u00e5 vi valgte at udstyre vores hus med udsk\u00e5rne tr\u00e6paneler og massive knaster, men man kan ikke se, at det i bund og grund er et blokbygget hus\", forklarer Lindblad-parret.<\/p>\n<p>For at forst\u00e6rke den autentiske fornemmelse blev der ogs\u00e5 valgt udsk\u00e5rne tr\u00e6paneler til husets indre, hvilket viste sig at v\u00e6re et hit.<\/p>\n<h4>GJORT MEGET SELV<\/h4>\n<p>- \"Vi gjorde meget af det indvendige arbejde selv, som f.eks. at male og glasere de r\u00e5 tr\u00e6paneler, hvilket tog tid, men som vi nu f\u00f8ler, at vi er meget gode til,\" siger Ther\u00e9se.<\/p>\n<p>Huset skinner hvidt og indbydende, hvor det st\u00e5r p\u00e5 bjergsiden - men farven vil snart \u00e6ndre sig. Bygges\u00e6ttene fra fabrikken leveres i hvidt, men allerede til for\u00e5ret skifter huset til en sort facade med hvid bekl\u00e6dning og tilh\u00f8rende detaljer, med andre ord er malerarbejdet ikke helt f\u00e6rdigt for familien Lindblad.<\/p>\n<p>J\u00f6rntr\u00e4hus leverer komplette bygges\u00e6t, der ogs\u00e5 omfatter k\u00f8kkener og h\u00e5rde hvidevarer. Med en r\u00e6kke h\u00e5ndplukkede underleverand\u00f8rer garanteres et slutprodukt, hvor det h\u00f8je kvalitetsniveau, som konceptet lover, ogs\u00e5 opfyldes.<\/p>\n\t<div id=\"gap-1340982867\" class=\"gap-element clearfix\" style=\"display:block; height:auto;\">\n\t\t\n<style>\n#gap-1340982867 {\n  padding-top: 30px;\n}\n<\/style>\n\t<\/div>\n\t\n  <div class=\"banner-grid-wrapper\">\n  <div id=\"banner-grid-2000572667\" class=\"banner-grid row row-grid row-small\" data-packery-options=\"\">\n                      \n<div class=\"col grid-col large-12 grid-col-2-3\" ><div class=\"col-inner\">\n\t<div class=\"img has-hover x md-x lg-x y md-y lg-y\" id=\"image_1366210854\">\n\t\t\t\t\t\t\t\t<div class=\"img-inner dark\" >\n\t\t\t<img loading=\"lazy\" decoding=\"async\" width=\"1020\" height=\"680\" src=\"https:\/\/jorntrahus.se\/wp-content\/uploads\/2019\/03\/Fritidshus-Strycksele-XL-Loft-husbyggsats-J\u00f6rntr\u00e4hus-Kundreportage-Byggnation-10-1200x800.jpg\" class=\"attachment-large size-large\" alt=\"Sommerhus Strycksele XL Loftshus kit J\u00f6rntr\u00e4hus Kunderapport Konstruktion 10\" srcset=\"https:\/\/jorntrahus.se\/wp-content\/uploads\/2019\/03\/Fritidshus-Strycksele-XL-Loft-husbyggsats-J\u00f6rntr\u00e4hus-Kundreportage-Byggnation-10-1200x800.jpg 1200w, https:\/\/jorntrahus.se\/wp-content\/uploads\/2019\/03\/Fritidshus-Strycksele-XL-Loft-husbyggsats-J\u00f6rntr\u00e4hus-Kundreportage-Byggnation-10-600x400.jpg 600w, https:\/\/jorntrahus.se\/wp-content\/uploads\/2019\/03\/Fritidshus-Strycksele-XL-Loft-husbyggsats-J\u00f6rntr\u00e4hus-Kundreportage-Byggnation-10-900x600.jpg 900w, https:\/\/jorntrahus.se\/wp-content\/uploads\/2019\/03\/Fritidshus-Strycksele-XL-Loft-husbyggsats-J\u00f6rntr\u00e4hus-Kundreportage-Byggnation-10-768x512.jpg 768w\" sizes=\"auto, (max-width: 1020px) 100vw, 1020px\" \/>\t\t\t\t\t\t\n\t\t\t\t\t<\/div>\n\t\t\t\t\t\t\t\t\n<style>\n#image_1366210854 {\n  width: 100%;\n}\n<\/style>\n\t<\/div>\n\t\n<\/div><\/div>\n<div class=\"col grid-col large-4 grid-col-1-3\" ><div class=\"col-inner\">\n\t<div class=\"img has-hover x md-x lg-x y md-y lg-y\" id=\"image_604184371\">\n\t\t\t\t\t\t\t\t<div class=\"img-inner dark\" >\n\t\t\t<img loading=\"lazy\" decoding=\"async\" width=\"1020\" height=\"680\" src=\"https:\/\/jorntrahus.se\/wp-content\/uploads\/2019\/03\/Fritidshus-Strycksele-XL-Loft-husbyggsats-J\u00f6rntr\u00e4hus-Kundreportage-St\u00e4mmning-7-1200x800.jpg\" class=\"attachment-large size-large\" alt=\"Sommerhus Strycksele XL Loft house kit J\u00f6rntr\u00e4hus Kundeudtalelse Tuning 7\" srcset=\"https:\/\/jorntrahus.se\/wp-content\/uploads\/2019\/03\/Fritidshus-Strycksele-XL-Loft-husbyggsats-J\u00f6rntr\u00e4hus-Kundreportage-St\u00e4mmning-7-1200x800.jpg 1200w, https:\/\/jorntrahus.se\/wp-content\/uploads\/2019\/03\/Fritidshus-Strycksele-XL-Loft-husbyggsats-J\u00f6rntr\u00e4hus-Kundreportage-St\u00e4mmning-7-600x400.jpg 600w, https:\/\/jorntrahus.se\/wp-content\/uploads\/2019\/03\/Fritidshus-Strycksele-XL-Loft-husbyggsats-J\u00f6rntr\u00e4hus-Kundreportage-St\u00e4mmning-7-900x600.jpg 900w, https:\/\/jorntrahus.se\/wp-content\/uploads\/2019\/03\/Fritidshus-Strycksele-XL-Loft-husbyggsats-J\u00f6rntr\u00e4hus-Kundreportage-St\u00e4mmning-7-768x512.jpg 768w\" sizes=\"auto, (max-width: 1020px) 100vw, 1020px\" \/>\t\t\t\t\t\t\n\t\t\t\t\t<\/div>\n\t\t\t\t\t\t\t\t\n<style>\n#image_604184371 {\n  width: 100%;\n}\n<\/style>\n\t<\/div>\n\t\n<\/div><\/div>\n<div class=\"col grid-col large-4 grid-col-1-3\" ><div class=\"col-inner\">\n\t<div class=\"img has-hover x md-x lg-x y md-y lg-y\" id=\"image_925514037\">\n\t\t\t\t\t\t\t\t<div class=\"img-inner dark\" >\n\t\t\t<img loading=\"lazy\" decoding=\"async\" width=\"1020\" height=\"680\" src=\"https:\/\/jorntrahus.se\/wp-content\/uploads\/2019\/03\/Fritidshus-Strycksele-XL-Loft-husbyggsats-J\u00f6rntr\u00e4hus-Kundreportage-St\u00e4mmning-1-1200x800.jpg\" class=\"attachment-large size-large\" alt=\"Sommerhus Strycksele XL Loft house kit J\u00f6rntr\u00e4hus Kundeudtalelse Tuning 1\" srcset=\"https:\/\/jorntrahus.se\/wp-content\/uploads\/2019\/03\/Fritidshus-Strycksele-XL-Loft-husbyggsats-J\u00f6rntr\u00e4hus-Kundreportage-St\u00e4mmning-1-1200x800.jpg 1200w, https:\/\/jorntrahus.se\/wp-content\/uploads\/2019\/03\/Fritidshus-Strycksele-XL-Loft-husbyggsats-J\u00f6rntr\u00e4hus-Kundreportage-St\u00e4mmning-1-600x400.jpg 600w, https:\/\/jorntrahus.se\/wp-content\/uploads\/2019\/03\/Fritidshus-Strycksele-XL-Loft-husbyggsats-J\u00f6rntr\u00e4hus-Kundreportage-St\u00e4mmning-1-900x600.jpg 900w, https:\/\/jorntrahus.se\/wp-content\/uploads\/2019\/03\/Fritidshus-Strycksele-XL-Loft-husbyggsats-J\u00f6rntr\u00e4hus-Kundreportage-St\u00e4mmning-1-768x512.jpg 768w\" sizes=\"auto, (max-width: 1020px) 100vw, 1020px\" \/>\t\t\t\t\t\t\n\t\t\t\t\t<\/div>\n\t\t\t\t\t\t\t\t\n<style>\n#image_925514037 {\n  width: 100%;\n}\n<\/style>\n\t<\/div>\n\t\n<\/div><\/div>\n<div class=\"col grid-col large-4 grid-col-1-3\" ><div class=\"col-inner\">\n\t<div class=\"img has-hover x md-x lg-x y md-y lg-y\" id=\"image_9336581\">\n\t\t\t\t\t\t\t\t<div class=\"img-inner dark\" >\n\t\t\t<img loading=\"lazy\" decoding=\"async\" width=\"1020\" height=\"765\" src=\"https:\/\/jorntrahus.se\/wp-content\/uploads\/2019\/03\/Fritidshus-Strycksele-XL-Loft-husbyggsats-J\u00f6rntr\u00e4hus-Kundreportage-St\u00e4mmning-2-1200x900.jpg\" class=\"attachment-large size-large\" alt=\"Sommerhus Strycksele XL Loft house kit J\u00f6rntr\u00e4hus Kunderapport Tuning 2\" srcset=\"https:\/\/jorntrahus.se\/wp-content\/uploads\/2019\/03\/Fritidshus-Strycksele-XL-Loft-husbyggsats-J\u00f6rntr\u00e4hus-Kundreportage-St\u00e4mmning-2-1200x900.jpg 1200w, https:\/\/jorntrahus.se\/wp-content\/uploads\/2019\/03\/Fritidshus-Strycksele-XL-Loft-husbyggsats-J\u00f6rntr\u00e4hus-Kundreportage-St\u00e4mmning-2-900x675.jpg 900w, https:\/\/jorntrahus.se\/wp-content\/uploads\/2019\/03\/Fritidshus-Strycksele-XL-Loft-husbyggsats-J\u00f6rntr\u00e4hus-Kundreportage-St\u00e4mmning-2-600x450.jpg 600w, https:\/\/jorntrahus.se\/wp-content\/uploads\/2019\/03\/Fritidshus-Strycksele-XL-Loft-husbyggsats-J\u00f6rntr\u00e4hus-Kundreportage-St\u00e4mmning-2-768x576.jpg 768w\" sizes=\"auto, (max-width: 1020px) 100vw, 1020px\" \/>\t\t\t\t\t\t\n\t\t\t\t\t<\/div>\n\t\t\t\t\t\t\t\t\n<style>\n#image_9336581 {\n  width: 100%;\n}\n<\/style>\n\t<\/div>\n\t\n<\/div><\/div>\n            <\/div>\n    <style>\n    #banner-grid-2000572667 .grid-col-1{height: 600px}\n    #banner-grid-2000572667 .grid-col-1-2{height: 300px}\n    #banner-grid-2000572667 .grid-col-1-3{height:200px}\n    #banner-grid-2000572667 .grid-col-2-3{height: 400px}\n    #banner-grid-2000572667 .grid-col-1-4{height: 150px}\n    #banner-grid-2000572667 .grid-col-3-4{height: 450px}\n\n\n    \n    \n\n  <\/style>\n    <\/div>\n  \n\t<div id=\"gap-540825631\" class=\"gap-element clearfix\" style=\"display:block; height:auto;\">\n\t\t\n<style>\n#gap-540825631 {\n  padding-top: 60px;\n}\n<\/style>\n\t<\/div>\n\t\n<div class=\"row\"  id=\"row-1201229872\">\n\n\t<div id=\"col-577683046\" class=\"col medium-4 small-12 large-4\"  >\n\t\t\t\t<div class=\"col-inner\"  >\n\t\t\t\n\t\t\t\n<a href=\"\/da\/husmodel\/strycksele-xl-med-loft\/\" class=\"button primary is-outline expand\" >\n\t\t<span>Mere om Strycksele<\/span>\n\t<\/a>\n\n\t\t<\/div>\n\t\t\t\t\t<\/div>\n\n\t\n\n\t<div id=\"col-1345010126\" class=\"col medium-4 small-12 large-4\"  >\n\t\t\t\t<div class=\"col-inner\"  >\n\t\t\t\n\t\t\t\n<a href=\"\/da\/fleksible-tegninger\/\" class=\"button primary is-outline expand\" >\n\t\t<span>Fleksible l\u00f8sninger<\/span>\n\t<\/a>\n\n\t\t<\/div>\n\t\t\t\t\t<\/div>\n\n\t\n\n\t<div id=\"col-1420712276\" class=\"col medium-4 small-12 large-4\"  >\n\t\t\t\t<div class=\"col-inner\"  >\n\t\t\t\n\t\t\t\n<a href=\"\/da\/inspiration\/\" class=\"button primary is-outline expand\" >\n\t\t<span>Flere kundehistorier<\/span>\n\t<\/a>\n\n\t\t<\/div>\n\t\t\t\t\t<\/div>\n\n\t\n<\/div>\n\t<div id=\"gap-294370997\" class=\"gap-element clearfix\" style=\"display:block; height:auto;\">\n\t\t\n<style>\n#gap-294370997 {\n  padding-top: 30px;\n}\n<\/style>\n\t<\/div>\n\t\n\t<div class=\"box has-hover   has-hover box-text-bottom\" >\n\n\t\t<div class=\"box-image\" >\n\t\t\t\t\t\t<div class=\"\" >\n\t\t\t\t<img loading=\"lazy\" decoding=\"async\" width=\"1500\" height=\"1000\" src=\"https:\/\/jorntrahus.se\/wp-content\/uploads\/2017\/12\/Strycksele-XL-med-Loft-3D.jpg\" class=\"attachment- size-\" alt=\"Strycksele XL med hems - sommerhuse, huse, villaer - fleksible bygges\u00e6t fra J\u00f6rntr\u00e4hus\" srcset=\"https:\/\/jorntrahus.se\/wp-content\/uploads\/2017\/12\/Strycksele-XL-med-Loft-3D.jpg 1500w, https:\/\/jorntrahus.se\/wp-content\/uploads\/2017\/12\/Strycksele-XL-med-Loft-3D-600x400.jpg 600w, https:\/\/jorntrahus.se\/wp-content\/uploads\/2017\/12\/Strycksele-XL-med-Loft-3D-900x600.jpg 900w, https:\/\/jorntrahus.se\/wp-content\/uploads\/2017\/12\/Strycksele-XL-med-Loft-3D-768x512.jpg 768w, https:\/\/jorntrahus.se\/wp-content\/uploads\/2017\/12\/Strycksele-XL-med-Loft-3D-1200x800.jpg 1200w\" sizes=\"auto, (max-width: 1500px) 100vw, 1500px\" \/>\t\t\t\t\t\t\t\t\t\t\t<\/div>\n\t\t\t\t\t<\/div>\n\n\t\t<div class=\"box-text text-center\" >\n\t\t\t<div class=\"box-text-inner\">\n\t\t\t\t\n<h4>Husmodel Strycksele XL Loft<\/h4>\n<p>Familien Lindblad brugte denne husmodel som udgangspunkt, da de tilpassede deres feriehus.<\/p>\n\t\t\t<\/div>\n\t\t<\/div>\n\t<\/div>\n\t\n\t\t<\/div>\n\t\t\t\t\t<\/div>\n\n\t\n<\/div>","protected":false},"excerpt":{"rendered":"<p>- At vi valgte at bygge vores feriehus i Bruksvallarna var absolut ikke planlagt.<\/p>","protected":false},"author":2,"featured_media":10933,"comment_status":"closed","ping_status":"closed","sticky":false,"template":"","format":"standard","meta":{"footnotes":""},"categories":[611,6],"tags":[],"class_list":["post-10281","post","type-post","status-publish","format-standard","has-post-thumbnail","hentry","category-inspiration","category-nyhet"],"yoast_head":"<!-- This site is optimized with the Yoast SEO plugin v27.2 - https:\/\/yoast.com\/product\/yoast-seo-wordpress\/ -->\n<title>Fr\u00e5n Alperna till fritidshus i Bruksvallarna - J\u00f6rntr\u00e4hus<\/title>\n<meta name=\"robots\" content=\"index, follow, max-snippet:-1, max-image-preview:large, max-video-preview:-1\" \/>\n<link rel=\"canonical\" href=\"https:\/\/jorntrahus.se\/da\/inspiration\/fra-alperne-til-feriehuse-i-bruksvallarna-2\/\" \/>\n<meta property=\"og:locale\" content=\"da_DK\" \/>\n<meta property=\"og:type\" content=\"article\" \/>\n<meta property=\"og:title\" content=\"Fr\u00e5n Alperna till fritidshus i Bruksvallarna - J\u00f6rntr\u00e4hus\" \/>\n<meta property=\"og:description\" content=\"\u2013 Att det blev i Bruksvallarna vi valde bygga v\u00e5rt fritidshus var absolut inte planerat.\" \/>\n<meta property=\"og:url\" content=\"https:\/\/jorntrahus.se\/da\/inspiration\/fra-alperne-til-feriehuse-i-bruksvallarna-2\/\" \/>\n<meta property=\"og:site_name\" content=\"J\u00f6rntr\u00e4hus\" \/>\n<meta property=\"article:published_time\" content=\"2019-03-04T14:10:27+00:00\" \/>\n<meta property=\"article:modified_time\" content=\"2022-03-17T14:41:42+00:00\" \/>\n<meta property=\"og:image\" content=\"https:\/\/jorntrahus.se\/wp-content\/uploads\/2019\/03\/Fritidshus-Strycksele-XL-Loft-husbyggsats-J\u00f6rntr\u00e4hus-Kundreportage-Christian-och-Therese-skoter-1.jpg\" \/>\n\t<meta property=\"og:image:width\" content=\"2200\" \/>\n\t<meta property=\"og:image:height\" content=\"1506\" \/>\n\t<meta property=\"og:image:type\" content=\"image\/jpeg\" \/>\n<meta name=\"author\" content=\"J\u00f6rntr\u00e4hus\" \/>\n<meta name=\"twitter:card\" content=\"summary_large_image\" \/>\n<meta name=\"twitter:label1\" content=\"Skrevet af\" \/>\n\t<meta name=\"twitter:data1\" content=\"J\u00f6rntr\u00e4hus\" \/>\n\t<meta name=\"twitter:label2\" content=\"Estimeret l\u00e6setid\" \/>\n\t<meta name=\"twitter:data2\" content=\"4 minutter\" \/>\n<script type=\"application\/ld+json\" class=\"yoast-schema-graph\">{\"@context\":\"https:\/\/schema.org\",\"@graph\":[{\"@type\":\"Article\",\"@id\":\"https:\/\/jorntrahus.se\/inspiration\/fran-alperna-till-fritidshus-i-bruksvallarna\/#article\",\"isPartOf\":{\"@id\":\"https:\/\/jorntrahus.se\/inspiration\/fran-alperna-till-fritidshus-i-bruksvallarna\/\"},\"author\":{\"name\":\"J\u00f6rntr\u00e4hus\",\"@id\":\"https:\/\/jorntrahus.se\/#\/schema\/person\/1d486a26d13d4df455271c2f02f5ef5c\"},\"headline\":\"Fr\u00e5n Alperna till fritidshus i Bruksvallarna\",\"datePublished\":\"2019-03-04T14:10:27+00:00\",\"dateModified\":\"2022-03-17T14:41:42+00:00\",\"mainEntityOfPage\":{\"@id\":\"https:\/\/jorntrahus.se\/inspiration\/fran-alperna-till-fritidshus-i-bruksvallarna\/\"},\"wordCount\":808,\"publisher\":{\"@id\":\"https:\/\/jorntrahus.se\/#organization\"},\"image\":{\"@id\":\"https:\/\/jorntrahus.se\/inspiration\/fran-alperna-till-fritidshus-i-bruksvallarna\/#primaryimage\"},\"thumbnailUrl\":\"https:\/\/jorntrahus.se\/wp-content\/uploads\/2019\/03\/Fritidshus-Strycksele-XL-Loft-husbyggsats-J\u00f6rntr\u00e4hus-Kundreportage-Christian-och-Therese-skoter-1.jpg\",\"articleSection\":[\"Inspiration\",\"Nyhet\"],\"inLanguage\":\"da-DK\"},{\"@type\":\"WebPage\",\"@id\":\"https:\/\/jorntrahus.se\/inspiration\/fran-alperna-till-fritidshus-i-bruksvallarna\/\",\"url\":\"https:\/\/jorntrahus.se\/inspiration\/fran-alperna-till-fritidshus-i-bruksvallarna\/\",\"name\":\"Fr\u00e5n Alperna till fritidshus i Bruksvallarna - J\u00f6rntr\u00e4hus\",\"isPartOf\":{\"@id\":\"https:\/\/jorntrahus.se\/#website\"},\"primaryImageOfPage\":{\"@id\":\"https:\/\/jorntrahus.se\/inspiration\/fran-alperna-till-fritidshus-i-bruksvallarna\/#primaryimage\"},\"image\":{\"@id\":\"https:\/\/jorntrahus.se\/inspiration\/fran-alperna-till-fritidshus-i-bruksvallarna\/#primaryimage\"},\"thumbnailUrl\":\"https:\/\/jorntrahus.se\/wp-content\/uploads\/2019\/03\/Fritidshus-Strycksele-XL-Loft-husbyggsats-J\u00f6rntr\u00e4hus-Kundreportage-Christian-och-Therese-skoter-1.jpg\",\"datePublished\":\"2019-03-04T14:10:27+00:00\",\"dateModified\":\"2022-03-17T14:41:42+00:00\",\"breadcrumb\":{\"@id\":\"https:\/\/jorntrahus.se\/inspiration\/fran-alperna-till-fritidshus-i-bruksvallarna\/#breadcrumb\"},\"inLanguage\":\"da-DK\",\"potentialAction\":[{\"@type\":\"ReadAction\",\"target\":[\"https:\/\/jorntrahus.se\/inspiration\/fran-alperna-till-fritidshus-i-bruksvallarna\/\"]}]},{\"@type\":\"ImageObject\",\"inLanguage\":\"da-DK\",\"@id\":\"https:\/\/jorntrahus.se\/inspiration\/fran-alperna-till-fritidshus-i-bruksvallarna\/#primaryimage\",\"url\":\"https:\/\/jorntrahus.se\/wp-content\/uploads\/2019\/03\/Fritidshus-Strycksele-XL-Loft-husbyggsats-J\u00f6rntr\u00e4hus-Kundreportage-Christian-och-Therese-skoter-1.jpg\",\"contentUrl\":\"https:\/\/jorntrahus.se\/wp-content\/uploads\/2019\/03\/Fritidshus-Strycksele-XL-Loft-husbyggsats-J\u00f6rntr\u00e4hus-Kundreportage-Christian-och-Therese-skoter-1.jpg\",\"width\":2200,\"height\":1506,\"caption\":\"Fritidshus Strycksele XL Loft husbyggsats J\u00f6rntr\u00e4hus Kundreportage Christian och Therese skoter 1\"},{\"@type\":\"BreadcrumbList\",\"@id\":\"https:\/\/jorntrahus.se\/inspiration\/fran-alperna-till-fritidshus-i-bruksvallarna\/#breadcrumb\",\"itemListElement\":[{\"@type\":\"ListItem\",\"position\":1,\"name\":\"Hem\",\"item\":\"https:\/\/jorntrahus.se\/\"},{\"@type\":\"ListItem\",\"position\":2,\"name\":\"Fr\u00e5n Alperna till fritidshus i Bruksvallarna\"}]},{\"@type\":\"WebSite\",\"@id\":\"https:\/\/jorntrahus.se\/#website\",\"url\":\"https:\/\/jorntrahus.se\/\",\"name\":\"J\u00f6rntr\u00e4hus\",\"description\":\"Hus f\u00f6r den medvetne\",\"publisher\":{\"@id\":\"https:\/\/jorntrahus.se\/#organization\"},\"potentialAction\":[{\"@type\":\"SearchAction\",\"target\":{\"@type\":\"EntryPoint\",\"urlTemplate\":\"https:\/\/jorntrahus.se\/?s={search_term_string}\"},\"query-input\":{\"@type\":\"PropertyValueSpecification\",\"valueRequired\":true,\"valueName\":\"search_term_string\"}}],\"inLanguage\":\"da-DK\"},{\"@type\":\"Organization\",\"@id\":\"https:\/\/jorntrahus.se\/#organization\",\"name\":\"J\u00f6rntr\u00e4hus\",\"url\":\"https:\/\/jorntrahus.se\/\",\"logo\":{\"@type\":\"ImageObject\",\"inLanguage\":\"da-DK\",\"@id\":\"https:\/\/jorntrahus.se\/#\/schema\/logo\/image\/\",\"url\":\"https:\/\/jorntrahus.se\/wp-content\/uploads\/2020\/09\/Jorntrahus_Grund_CMYK.eps\",\"contentUrl\":\"https:\/\/jorntrahus.se\/wp-content\/uploads\/2020\/09\/Jorntrahus_Grund_CMYK.eps\",\"width\":1,\"height\":1,\"caption\":\"J\u00f6rntr\u00e4hus\"},\"image\":{\"@id\":\"https:\/\/jorntrahus.se\/#\/schema\/logo\/image\/\"}},{\"@type\":\"Person\",\"@id\":\"https:\/\/jorntrahus.se\/#\/schema\/person\/1d486a26d13d4df455271c2f02f5ef5c\",\"name\":\"J\u00f6rntr\u00e4hus\",\"image\":{\"@type\":\"ImageObject\",\"inLanguage\":\"da-DK\",\"@id\":\"https:\/\/secure.gravatar.com\/avatar\/e9b8fcf3c4d64603cd3ec2eb8588179dabe6c74041e8c2a09d7ca9e0900a4ad3?s=96&d=mm&r=g\",\"url\":\"https:\/\/secure.gravatar.com\/avatar\/e9b8fcf3c4d64603cd3ec2eb8588179dabe6c74041e8c2a09d7ca9e0900a4ad3?s=96&d=mm&r=g\",\"contentUrl\":\"https:\/\/secure.gravatar.com\/avatar\/e9b8fcf3c4d64603cd3ec2eb8588179dabe6c74041e8c2a09d7ca9e0900a4ad3?s=96&d=mm&r=g\",\"caption\":\"J\u00f6rntr\u00e4hus\"},\"sameAs\":[\"https:\/\/jorntrahus.se\"],\"url\":\"https:\/\/jorntrahus.se\/da\/author\/jorntrahus\/\"}]}<\/script>\n<!-- \/ Yoast SEO plugin. -->","yoast_head_json":{"title":"Fra Alperne til feriehuse i Bruksvallarna - J\u00f6rntr\u00e4hus","robots":{"index":"index","follow":"follow","max-snippet":"max-snippet:-1","max-image-preview":"max-image-preview:large","max-video-preview":"max-video-preview:-1"},"canonical":"https:\/\/jorntrahus.se\/da\/inspiration\/fra-alperne-til-feriehuse-i-bruksvallarna-2\/","og_locale":"da_DK","og_type":"article","og_title":"Fr\u00e5n Alperna till fritidshus i Bruksvallarna - J\u00f6rntr\u00e4hus","og_description":"\u2013 Att det blev i Bruksvallarna vi valde bygga v\u00e5rt fritidshus var absolut inte planerat.","og_url":"https:\/\/jorntrahus.se\/da\/inspiration\/fra-alperne-til-feriehuse-i-bruksvallarna-2\/","og_site_name":"J\u00f6rntr\u00e4hus","article_published_time":"2019-03-04T14:10:27+00:00","article_modified_time":"2022-03-17T14:41:42+00:00","og_image":[{"width":2200,"height":1506,"url":"https:\/\/jorntrahus.se\/wp-content\/uploads\/2019\/03\/Fritidshus-Strycksele-XL-Loft-husbyggsats-J\u00f6rntr\u00e4hus-Kundreportage-Christian-och-Therese-skoter-1.jpg","type":"image\/jpeg"}],"author":"J\u00f6rntr\u00e4hus","twitter_card":"summary_large_image","twitter_misc":{"Skrevet af":"J\u00f6rntr\u00e4hus","Estimeret l\u00e6setid":"4 minutter"},"schema":{"@context":"https:\/\/schema.org","@graph":[{"@type":"Article","@id":"https:\/\/jorntrahus.se\/inspiration\/fran-alperna-till-fritidshus-i-bruksvallarna\/#article","isPartOf":{"@id":"https:\/\/jorntrahus.se\/inspiration\/fran-alperna-till-fritidshus-i-bruksvallarna\/"},"author":{"name":"J\u00f6rntr\u00e4hus","@id":"https:\/\/jorntrahus.se\/#\/schema\/person\/1d486a26d13d4df455271c2f02f5ef5c"},"headline":"Fr\u00e5n Alperna till fritidshus i Bruksvallarna","datePublished":"2019-03-04T14:10:27+00:00","dateModified":"2022-03-17T14:41:42+00:00","mainEntityOfPage":{"@id":"https:\/\/jorntrahus.se\/inspiration\/fran-alperna-till-fritidshus-i-bruksvallarna\/"},"wordCount":808,"publisher":{"@id":"https:\/\/jorntrahus.se\/#organization"},"image":{"@id":"https:\/\/jorntrahus.se\/inspiration\/fran-alperna-till-fritidshus-i-bruksvallarna\/#primaryimage"},"thumbnailUrl":"https:\/\/jorntrahus.se\/wp-content\/uploads\/2019\/03\/Fritidshus-Strycksele-XL-Loft-husbyggsats-J\u00f6rntr\u00e4hus-Kundreportage-Christian-och-Therese-skoter-1.jpg","articleSection":["Inspiration","Nyhet"],"inLanguage":"da-DK"},{"@type":"WebPage","@id":"https:\/\/jorntrahus.se\/inspiration\/fran-alperna-till-fritidshus-i-bruksvallarna\/","url":"https:\/\/jorntrahus.se\/inspiration\/fran-alperna-till-fritidshus-i-bruksvallarna\/","name":"Fra Alperne til feriehuse i Bruksvallarna - J\u00f6rntr\u00e4hus","isPartOf":{"@id":"https:\/\/jorntrahus.se\/#website"},"primaryImageOfPage":{"@id":"https:\/\/jorntrahus.se\/inspiration\/fran-alperna-till-fritidshus-i-bruksvallarna\/#primaryimage"},"image":{"@id":"https:\/\/jorntrahus.se\/inspiration\/fran-alperna-till-fritidshus-i-bruksvallarna\/#primaryimage"},"thumbnailUrl":"https:\/\/jorntrahus.se\/wp-content\/uploads\/2019\/03\/Fritidshus-Strycksele-XL-Loft-husbyggsats-J\u00f6rntr\u00e4hus-Kundreportage-Christian-och-Therese-skoter-1.jpg","datePublished":"2019-03-04T14:10:27+00:00","dateModified":"2022-03-17T14:41:42+00:00","breadcrumb":{"@id":"https:\/\/jorntrahus.se\/inspiration\/fran-alperna-till-fritidshus-i-bruksvallarna\/#breadcrumb"},"inLanguage":"da-DK","potentialAction":[{"@type":"ReadAction","target":["https:\/\/jorntrahus.se\/inspiration\/fran-alperna-till-fritidshus-i-bruksvallarna\/"]}]},{"@type":"ImageObject","inLanguage":"da-DK","@id":"https:\/\/jorntrahus.se\/inspiration\/fran-alperna-till-fritidshus-i-bruksvallarna\/#primaryimage","url":"https:\/\/jorntrahus.se\/wp-content\/uploads\/2019\/03\/Fritidshus-Strycksele-XL-Loft-husbyggsats-J\u00f6rntr\u00e4hus-Kundreportage-Christian-och-Therese-skoter-1.jpg","contentUrl":"https:\/\/jorntrahus.se\/wp-content\/uploads\/2019\/03\/Fritidshus-Strycksele-XL-Loft-husbyggsats-J\u00f6rntr\u00e4hus-Kundreportage-Christian-och-Therese-skoter-1.jpg","width":2200,"height":1506,"caption":"Fritidshus Strycksele XL Loft husbyggsats J\u00f6rntr\u00e4hus Kundreportage Christian och Therese skoter 1"},{"@type":"BreadcrumbList","@id":"https:\/\/jorntrahus.se\/inspiration\/fran-alperna-till-fritidshus-i-bruksvallarna\/#breadcrumb","itemListElement":[{"@type":"ListItem","position":1,"name":"Hem","item":"https:\/\/jorntrahus.se\/"},{"@type":"ListItem","position":2,"name":"Fr\u00e5n Alperna till fritidshus i Bruksvallarna"}]},{"@type":"WebSite","@id":"https:\/\/jorntrahus.se\/#website","url":"https:\/\/jorntrahus.se\/","name":"J\u00f6rntr\u00e4hus","description":"Huse til de bevidste","publisher":{"@id":"https:\/\/jorntrahus.se\/#organization"},"potentialAction":[{"@type":"SearchAction","target":{"@type":"EntryPoint","urlTemplate":"https:\/\/jorntrahus.se\/?s={search_term_string}"},"query-input":{"@type":"PropertyValueSpecification","valueRequired":true,"valueName":"search_term_string"}}],"inLanguage":"da-DK"},{"@type":"Organization","@id":"https:\/\/jorntrahus.se\/#organization","name":"J\u00f6rntr\u00e4hus","url":"https:\/\/jorntrahus.se\/","logo":{"@type":"ImageObject","inLanguage":"da-DK","@id":"https:\/\/jorntrahus.se\/#\/schema\/logo\/image\/","url":"https:\/\/jorntrahus.se\/wp-content\/uploads\/2020\/09\/Jorntrahus_Grund_CMYK.eps","contentUrl":"https:\/\/jorntrahus.se\/wp-content\/uploads\/2020\/09\/Jorntrahus_Grund_CMYK.eps","width":1,"height":1,"caption":"J\u00f6rntr\u00e4hus"},"image":{"@id":"https:\/\/jorntrahus.se\/#\/schema\/logo\/image\/"}},{"@type":"Person","@id":"https:\/\/jorntrahus.se\/#\/schema\/person\/1d486a26d13d4df455271c2f02f5ef5c","name":"J\u00f6rntr\u00e4hus","image":{"@type":"ImageObject","inLanguage":"da-DK","@id":"https:\/\/secure.gravatar.com\/avatar\/e9b8fcf3c4d64603cd3ec2eb8588179dabe6c74041e8c2a09d7ca9e0900a4ad3?s=96&d=mm&r=g","url":"https:\/\/secure.gravatar.com\/avatar\/e9b8fcf3c4d64603cd3ec2eb8588179dabe6c74041e8c2a09d7ca9e0900a4ad3?s=96&d=mm&r=g","contentUrl":"https:\/\/secure.gravatar.com\/avatar\/e9b8fcf3c4d64603cd3ec2eb8588179dabe6c74041e8c2a09d7ca9e0900a4ad3?s=96&d=mm&r=g","caption":"J\u00f6rntr\u00e4hus"},"sameAs":["https:\/\/jorntrahus.se"],"url":"https:\/\/jorntrahus.se\/da\/author\/jorntrahus\/"}]}},"publishpress_future_action":{"enabled":false,"date":"2026-05-04 23:29:20","action":"change-status","newStatus":"draft","terms":[],"taxonomy":"category","extraData":[]},"publishpress_future_workflow_manual_trigger":{"enabledWorkflows":[]},"_links":{"self":[{"href":"https:\/\/jorntrahus.se\/da\/wp-json\/wp\/v2\/posts\/10281","targetHints":{"allow":["GET"]}}],"collection":[{"href":"https:\/\/jorntrahus.se\/da\/wp-json\/wp\/v2\/posts"}],"about":[{"href":"https:\/\/jorntrahus.se\/da\/wp-json\/wp\/v2\/types\/post"}],"author":[{"embeddable":true,"href":"https:\/\/jorntrahus.se\/da\/wp-json\/wp\/v2\/users\/2"}],"replies":[{"embeddable":true,"href":"https:\/\/jorntrahus.se\/da\/wp-json\/wp\/v2\/comments?post=10281"}],"version-history":[{"count":12,"href":"https:\/\/jorntrahus.se\/da\/wp-json\/wp\/v2\/posts\/10281\/revisions"}],"predecessor-version":[{"id":10961,"href":"https:\/\/jorntrahus.se\/da\/wp-json\/wp\/v2\/posts\/10281\/revisions\/10961"}],"wp:featuredmedia":[{"embeddable":true,"href":"https:\/\/jorntrahus.se\/da\/wp-json\/wp\/v2\/media\/10933"}],"wp:attachment":[{"href":"https:\/\/jorntrahus.se\/da\/wp-json\/wp\/v2\/media?parent=10281"}],"wp:term":[{"taxonomy":"category","embeddable":true,"href":"https:\/\/jorntrahus.se\/da\/wp-json\/wp\/v2\/categories?post=10281"},{"taxonomy":"post_tag","embeddable":true,"href":"https:\/\/jorntrahus.se\/da\/wp-json\/wp\/v2\/tags?post=10281"}],"curies":[{"name":"wp","href":"https:\/\/api.w.org\/{rel}","templated":true}]}}