{"id":11503,"date":"2019-04-11T14:31:49","date_gmt":"2019-04-11T12:31:49","guid":{"rendered":"https:\/\/jorntrahus.se\/?p=11503"},"modified":"2022-03-17T15:41:39","modified_gmt":"2022-03-17T14:41:39","slug":"familien-blev-storre-og-kraevede-mere-plads","status":"publish","type":"post","link":"https:\/\/jorntrahus.se\/da\/inspiration-en\/the-family-got-bigger-more-space-required\/","title":{"rendered":"Familien blev st\u00f8rre - det kr\u00e6vede mere plads"},"content":{"rendered":"<div class=\"row\"  id=\"row-348741141\">\n\n\t<div id=\"col-1424015615\" class=\"col small-12 large-12\"  >\n\t\t\t\t<div class=\"col-inner\"  >\n\t\t\t\n\t\t\t\n<h2>Kundehistorie Lindliden XXS<\/h2>\n<h3><b>Da Britt-Ingers s\u00f8n Linus' familie blev udvidet med endnu en generation, f\u00f8ltes den oprindelige bjerghytte i Hemavan lidt for lille.<\/b><\/h3>\n<p>- Det startede med, at vi t\u00e6nkte p\u00e5 et Attefallshus med hems, samtidig med at vi f\u00f8lte, at<br \/>\nville et lidt mere rummeligt alternativ v\u00e6re bedre som et ekstra sommerhus p\u00e5 grunden. N\u00e5r familien bliver st\u00f8rre, er der simpelthen brug for mere plads, is\u00e6r for dem, der har sm\u00e5 b\u00f8rn, siger Britt-Inger Edstr\u00f6m.<\/p>\n<h4>Spejl + loft<\/h4>\n<p>Diskussionen om at forsyne Lindliden XXS med en hems satte hurtigt skub i projektet, og i begyndelsen af marts 2018 udarbejdede J\u00f6rntr\u00e4hus et tegningsforslag.<\/p>\n<p>- Vi spejlede mere eller mindre kun det f\u00f8rste forslag for at f\u00e5 det til at passe perfekt til os, siger Linus.<\/p>\n<p>- Nu hvor huset er klar, kan man sige, at det langt overg\u00e5r vores forventning, det blev meget<\/p>\n<p>mere rummelig, end vi f\u00f8rst troede, og byggeriet er g\u00e5et bedre, end vi havde turdet h\u00e5be p\u00e5, siger Linus.<\/p>\n<p>For at hj\u00e6lpe med byggeriet har gode venner i byggebranchen brugt et par timer i deres fritid. At de nu kan bo i huset ved \u00e5rsskiftet, som s\u00e5 sent som i marts kun var et tegneforslag, f\u00f8les fantastisk.<\/p>\n<p>Deres venner i de lokale byggefirmaer ser frem til, at den n\u00e6ste Lindliden skal opf\u00f8res i deres geografiske n\u00e6rhed.<\/p>\n<h4>Sjovt at bidrage og udvide modeludvalget<\/h4>\n<p>- At varianten med hems endte i J\u00f6rntr\u00e4hus's standardprogram betyder vel, at vores forslag om et bj\u00e6lkehus med hems i denne st\u00f8rrelsesklasse var berettiget, det er sjovt at have kunnet v\u00e6re med og p\u00e5virke designet, s\u00e5 andre ogs\u00e5 kan f\u00e5 del i den model, der er blevet vores favorit, siger Linus.<\/p>\n\t<div id=\"gap-882338042\" class=\"gap-element clearfix\" style=\"display:block; height:auto;\">\n\t\t\n<style>\n#gap-882338042 {\n  padding-top: 60px;\n}\n<\/style>\n\t<\/div>\n\t\n<div class=\"row\"  id=\"row-597447004\">\n\n\t<div id=\"col-1992439349\" class=\"col medium-4 small-12 large-4\"  >\n\t\t\t\t<div class=\"col-inner\"  >\n\t\t\t\n\t\t\t\n<a href=\"\/en\/husmodell\/lindliden-xxs-en\/\" class=\"button primary is-outline expand\" >\n\t\t<span>Mere om Lindliden<\/span>\n\t<\/a>\n\n\t\t<\/div>\n\t\t\t\t\t<\/div>\n\n\t\n\n\t<div id=\"col-51118714\" class=\"col medium-4 small-12 large-4\"  >\n\t\t\t\t<div class=\"col-inner\"  >\n\t\t\t\n\t\t\t\n<a href=\"\/en\/flexible-solutions\/\" class=\"button primary is-outline expand\" >\n\t\t<span>Fleksible l\u00f8sninger<\/span>\n\t<\/a>\n\n\t\t<\/div>\n\t\t\t\t\t<\/div>\n\n\t\n\n\t<div id=\"col-1518786946\" class=\"col medium-4 small-12 large-4\"  >\n\t\t\t\t<div class=\"col-inner\"  >\n\t\t\t\n\t\t\t\n<a href=\"\/en\/inspiration-en\/\" class=\"button primary is-outline expand\" >\n\t\t<span>Flere kundehistorier<\/span>\n\t<\/a>\n\n\t\t<\/div>\n\t\t\t\t\t<\/div>\n\n\t\n<\/div>\n\t<div id=\"gap-2095700394\" class=\"gap-element clearfix\" style=\"display:block; height:auto;\">\n\t\t\n<style>\n#gap-2095700394 {\n  padding-top: 30px;\n}\n<\/style>\n\t<\/div>\n\t\n\t<div class=\"box has-hover   has-hover box-vertical box-text-bottom\" >\n\n\t\t<div class=\"box-image\" style=\"width:62%;\">\n\t\t\t\t\t\t<div class=\"\" >\n\t\t\t\t<img loading=\"lazy\" decoding=\"async\" width=\"1200\" height=\"771\" src=\"https:\/\/jorntrahus.se\/wp-content\/uploads\/2017\/01\/Lindliden-XXS-Loft-3D-Loft-Fritidshus-Byggsats-Hus-fr\u00e5n-J\u00f6rntr\u00e4hus.png\" class=\"attachment- size-\" alt=\"\" srcset=\"https:\/\/jorntrahus.se\/wp-content\/uploads\/2017\/01\/Lindliden-XXS-Loft-3D-Loft-Fritidshus-Byggsats-Hus-fr\u00e5n-J\u00f6rntr\u00e4hus.png 1200w, https:\/\/jorntrahus.se\/wp-content\/uploads\/2017\/01\/Lindliden-XXS-Loft-3D-Loft-Fritidshus-Byggsats-Hus-fr\u00e5n-J\u00f6rntr\u00e4hus-900x578.png 900w, https:\/\/jorntrahus.se\/wp-content\/uploads\/2017\/01\/Lindliden-XXS-Loft-3D-Loft-Fritidshus-Byggsats-Hus-fr\u00e5n-J\u00f6rntr\u00e4hus-600x386.png 600w, https:\/\/jorntrahus.se\/wp-content\/uploads\/2017\/01\/Lindliden-XXS-Loft-3D-Loft-Fritidshus-Byggsats-Hus-fr\u00e5n-J\u00f6rntr\u00e4hus-768x493.png 768w\" sizes=\"auto, (max-width: 1200px) 100vw, 1200px\" \/>\t\t\t\t\t\t\t\t\t\t\t<\/div>\n\t\t\t\t\t<\/div>\n\n\t\t<div class=\"box-text text-center\" >\n\t\t\t<div class=\"box-text-inner\">\n\t\t\t\t\n<h4>Husmodel Lindliden<\/h4>\n<p>Familien Edstr\u00f6m tog udgangspunkt i denne husmodel, da de tilpassede deres hus.<\/p>\n<p>Her er plantegningen over hemsen - det lille billede - og det store billede er af stueetagen.<\/p>\n\t\t\t<\/div>\n\t\t<\/div>\n\t<\/div>\n\t\n\t<div id=\"gap-1421362581\" class=\"gap-element clearfix\" style=\"display:block; height:auto;\">\n\t\t\n<style>\n#gap-1421362581 {\n  padding-top: 30px;\n}\n<\/style>\n\t<\/div>\n\t\n\t<div class=\"img has-hover x md-x lg-x y md-y lg-y\" id=\"image_82744702\">\n\t\t\t\t\t\t\t\t<div class=\"img-inner dark\" >\n\t\t\t<img loading=\"lazy\" decoding=\"async\" width=\"1020\" height=\"713\" src=\"https:\/\/jorntrahus.se\/wp-content\/uploads\/2017\/01\/Lindliden-XXS-Loft-3D-Plan-1-Fritidshus-Byggsats-Hus-fr\u00e5n-J\u00f6rntr\u00e4hus-1200x839.png\" class=\"attachment-large size-large\" alt=\"Grundplan Bj\u00e6lkehuss\u00e6t Lindliden XXS fra J\u00f6rntr\u00e4hus - huss\u00e6t - Et bj\u00e6lkeferiehus - en husmodel, der opfylder alle minimumskrav til plads og udstyr til to personer\" srcset=\"https:\/\/jorntrahus.se\/wp-content\/uploads\/2017\/01\/Lindliden-XXS-Loft-3D-Plan-1-Fritidshus-Byggsats-Hus-fr\u00e5n-J\u00f6rntr\u00e4hus.png 1200w, https:\/\/jorntrahus.se\/wp-content\/uploads\/2017\/01\/Lindliden-XXS-Loft-3D-Plan-1-Fritidshus-Byggsats-Hus-fr\u00e5n-J\u00f6rntr\u00e4hus-900x629.png 900w, https:\/\/jorntrahus.se\/wp-content\/uploads\/2017\/01\/Lindliden-XXS-Loft-3D-Plan-1-Fritidshus-Byggsats-Hus-fr\u00e5n-J\u00f6rntr\u00e4hus-600x420.png 600w, https:\/\/jorntrahus.se\/wp-content\/uploads\/2017\/01\/Lindliden-XXS-Loft-3D-Plan-1-Fritidshus-Byggsats-Hus-fr\u00e5n-J\u00f6rntr\u00e4hus-768x537.png 768w\" sizes=\"auto, (max-width: 1020px) 100vw, 1020px\" \/>\t\t\t\t\t\t\n\t\t\t\t\t<\/div>\n\t\t\t\t\t\t\t\t\n<style>\n#image_82744702 {\n  width: 100%;\n}\n<\/style>\n\t<\/div>\n\t\n\t\t<\/div>\n\t\t\t\t\t<\/div>\n\n\t\n<\/div>","protected":false},"excerpt":{"rendered":"","protected":false},"author":1,"featured_media":3904,"comment_status":"closed","ping_status":"closed","sticky":false,"template":"","format":"standard","meta":{"footnotes":""},"categories":[685],"tags":[],"class_list":["post-11503","post","type-post","status-publish","format-standard","has-post-thumbnail","hentry","category-inspiration-en"],"yoast_head":"<!-- This site is optimized with the Yoast SEO plugin v27.2 - https:\/\/yoast.com\/product\/yoast-seo-wordpress\/ -->\n<title>The family got bigger - more space required - J\u00f6rntr\u00e4hus<\/title>\n<meta name=\"robots\" content=\"index, follow, max-snippet:-1, max-image-preview:large, max-video-preview:-1\" \/>\n<link rel=\"canonical\" href=\"https:\/\/jorntrahus.se\/da\/inspiration-og\/familien-blev-storre-og-kraevede-mere-plads\/\" \/>\n<meta property=\"og:locale\" content=\"da_DK\" \/>\n<meta property=\"og:type\" content=\"article\" \/>\n<meta property=\"og:title\" content=\"The family got bigger - more space required - J\u00f6rntr\u00e4hus\" \/>\n<meta property=\"og:url\" content=\"https:\/\/jorntrahus.se\/da\/inspiration-og\/familien-blev-storre-og-kraevede-mere-plads\/\" \/>\n<meta property=\"og:site_name\" content=\"J\u00f6rntr\u00e4hus\" \/>\n<meta property=\"article:published_time\" content=\"2019-04-11T12:31:49+00:00\" \/>\n<meta property=\"article:modified_time\" content=\"2022-03-17T14:41:39+00:00\" \/>\n<meta property=\"og:image\" content=\"https:\/\/jorntrahus.se\/wp-content\/uploads\/2016\/12\/Lindliden-XXS-3D.jpg\" \/>\n\t<meta property=\"og:image:width\" content=\"1500\" \/>\n\t<meta property=\"og:image:height\" content=\"1000\" \/>\n\t<meta property=\"og:image:type\" content=\"image\/jpeg\" \/>\n<meta name=\"author\" content=\"jth-admin\" \/>\n<meta name=\"twitter:card\" content=\"summary_large_image\" \/>\n<meta name=\"twitter:label1\" content=\"Skrevet af\" \/>\n\t<meta name=\"twitter:data1\" content=\"jth-admin\" \/>\n\t<meta name=\"twitter:label2\" content=\"Estimeret l\u00e6setid\" \/>\n\t<meta name=\"twitter:data2\" content=\"2 minutter\" \/>\n<script type=\"application\/ld+json\" class=\"yoast-schema-graph\">{\"@context\":\"https:\/\/schema.org\",\"@graph\":[{\"@type\":\"Article\",\"@id\":\"https:\/\/jorntrahus.se\/en\/inspiration-en\/the-family-got-bigger-more-space-required\/#article\",\"isPartOf\":{\"@id\":\"https:\/\/jorntrahus.se\/en\/inspiration-en\/the-family-got-bigger-more-space-required\/\"},\"author\":{\"name\":\"jth-admin\",\"@id\":\"https:\/\/jorntrahus.se\/#\/schema\/person\/c10d0c3f5b80794e7d5dffb9eadc8041\"},\"headline\":\"The family got bigger &#8211; more space required\",\"datePublished\":\"2019-04-11T12:31:49+00:00\",\"dateModified\":\"2022-03-17T14:41:39+00:00\",\"mainEntityOfPage\":{\"@id\":\"https:\/\/jorntrahus.se\/en\/inspiration-en\/the-family-got-bigger-more-space-required\/\"},\"wordCount\":439,\"publisher\":{\"@id\":\"https:\/\/jorntrahus.se\/#organization\"},\"image\":{\"@id\":\"https:\/\/jorntrahus.se\/en\/inspiration-en\/the-family-got-bigger-more-space-required\/#primaryimage\"},\"thumbnailUrl\":\"https:\/\/jorntrahus.se\/wp-content\/uploads\/2016\/12\/Lindliden-XXS-3D.jpg\",\"articleSection\":[\"Inspiration\"],\"inLanguage\":\"da-DK\"},{\"@type\":\"WebPage\",\"@id\":\"https:\/\/jorntrahus.se\/en\/inspiration-en\/the-family-got-bigger-more-space-required\/\",\"url\":\"https:\/\/jorntrahus.se\/en\/inspiration-en\/the-family-got-bigger-more-space-required\/\",\"name\":\"The family got bigger - more space required - J\u00f6rntr\u00e4hus\",\"isPartOf\":{\"@id\":\"https:\/\/jorntrahus.se\/#website\"},\"primaryImageOfPage\":{\"@id\":\"https:\/\/jorntrahus.se\/en\/inspiration-en\/the-family-got-bigger-more-space-required\/#primaryimage\"},\"image\":{\"@id\":\"https:\/\/jorntrahus.se\/en\/inspiration-en\/the-family-got-bigger-more-space-required\/#primaryimage\"},\"thumbnailUrl\":\"https:\/\/jorntrahus.se\/wp-content\/uploads\/2016\/12\/Lindliden-XXS-3D.jpg\",\"datePublished\":\"2019-04-11T12:31:49+00:00\",\"dateModified\":\"2022-03-17T14:41:39+00:00\",\"breadcrumb\":{\"@id\":\"https:\/\/jorntrahus.se\/en\/inspiration-en\/the-family-got-bigger-more-space-required\/#breadcrumb\"},\"inLanguage\":\"da-DK\",\"potentialAction\":[{\"@type\":\"ReadAction\",\"target\":[\"https:\/\/jorntrahus.se\/en\/inspiration-en\/the-family-got-bigger-more-space-required\/\"]}]},{\"@type\":\"ImageObject\",\"inLanguage\":\"da-DK\",\"@id\":\"https:\/\/jorntrahus.se\/en\/inspiration-en\/the-family-got-bigger-more-space-required\/#primaryimage\",\"url\":\"https:\/\/jorntrahus.se\/wp-content\/uploads\/2016\/12\/Lindliden-XXS-3D.jpg\",\"contentUrl\":\"https:\/\/jorntrahus.se\/wp-content\/uploads\/2016\/12\/Lindliden-XXS-3D.jpg\",\"width\":1500,\"height\":1000,\"caption\":\"Timmerhus byggsats Lindliden XXS fr\u00e5n J\u00f6rntr\u00e4hus - husbyggsats - Ett timrat fritidshus \u2013 en husmodell som uppfyller samtliga minimumkrav g\u00e4llande ytor och utrustning f\u00f6r tv\u00e5 personer\"},{\"@type\":\"BreadcrumbList\",\"@id\":\"https:\/\/jorntrahus.se\/en\/inspiration-en\/the-family-got-bigger-more-space-required\/#breadcrumb\",\"itemListElement\":[{\"@type\":\"ListItem\",\"position\":1,\"name\":\"Hem\",\"item\":\"https:\/\/jorntrahus.se\/\"},{\"@type\":\"ListItem\",\"position\":2,\"name\":\"The family got bigger &#8211; more space required\"}]},{\"@type\":\"WebSite\",\"@id\":\"https:\/\/jorntrahus.se\/#website\",\"url\":\"https:\/\/jorntrahus.se\/\",\"name\":\"J\u00f6rntr\u00e4hus\",\"description\":\"Hus f\u00f6r den medvetne\",\"publisher\":{\"@id\":\"https:\/\/jorntrahus.se\/#organization\"},\"potentialAction\":[{\"@type\":\"SearchAction\",\"target\":{\"@type\":\"EntryPoint\",\"urlTemplate\":\"https:\/\/jorntrahus.se\/?s={search_term_string}\"},\"query-input\":{\"@type\":\"PropertyValueSpecification\",\"valueRequired\":true,\"valueName\":\"search_term_string\"}}],\"inLanguage\":\"da-DK\"},{\"@type\":\"Organization\",\"@id\":\"https:\/\/jorntrahus.se\/#organization\",\"name\":\"J\u00f6rntr\u00e4hus\",\"url\":\"https:\/\/jorntrahus.se\/\",\"logo\":{\"@type\":\"ImageObject\",\"inLanguage\":\"da-DK\",\"@id\":\"https:\/\/jorntrahus.se\/#\/schema\/logo\/image\/\",\"url\":\"https:\/\/jorntrahus.se\/wp-content\/uploads\/2020\/09\/Jorntrahus_Grund_CMYK.eps\",\"contentUrl\":\"https:\/\/jorntrahus.se\/wp-content\/uploads\/2020\/09\/Jorntrahus_Grund_CMYK.eps\",\"width\":1,\"height\":1,\"caption\":\"J\u00f6rntr\u00e4hus\"},\"image\":{\"@id\":\"https:\/\/jorntrahus.se\/#\/schema\/logo\/image\/\"}},{\"@type\":\"Person\",\"@id\":\"https:\/\/jorntrahus.se\/#\/schema\/person\/c10d0c3f5b80794e7d5dffb9eadc8041\",\"name\":\"jth-admin\",\"image\":{\"@type\":\"ImageObject\",\"inLanguage\":\"da-DK\",\"@id\":\"https:\/\/secure.gravatar.com\/avatar\/4bcde4f9cfbb7b09c9605f445ac3993dc54ba3973c8abb86ad7caea3e386f6c8?s=96&d=mm&r=g\",\"url\":\"https:\/\/secure.gravatar.com\/avatar\/4bcde4f9cfbb7b09c9605f445ac3993dc54ba3973c8abb86ad7caea3e386f6c8?s=96&d=mm&r=g\",\"contentUrl\":\"https:\/\/secure.gravatar.com\/avatar\/4bcde4f9cfbb7b09c9605f445ac3993dc54ba3973c8abb86ad7caea3e386f6c8?s=96&d=mm&r=g\",\"caption\":\"jth-admin\"},\"url\":\"https:\/\/jorntrahus.se\/da\/author\/jth-admin\/\"}]}<\/script>\n<!-- \/ Yoast SEO plugin. -->","yoast_head_json":{"title":"Familien er blevet st\u00f8rre - det kr\u00e6ver mere plads - J\u00f6rntr\u00e4hus","robots":{"index":"index","follow":"follow","max-snippet":"max-snippet:-1","max-image-preview":"max-image-preview:large","max-video-preview":"max-video-preview:-1"},"canonical":"https:\/\/jorntrahus.se\/da\/inspiration-og\/familien-blev-storre-og-kraevede-mere-plads\/","og_locale":"da_DK","og_type":"article","og_title":"The family got bigger - more space required - J\u00f6rntr\u00e4hus","og_url":"https:\/\/jorntrahus.se\/da\/inspiration-og\/familien-blev-storre-og-kraevede-mere-plads\/","og_site_name":"J\u00f6rntr\u00e4hus","article_published_time":"2019-04-11T12:31:49+00:00","article_modified_time":"2022-03-17T14:41:39+00:00","og_image":[{"width":1500,"height":1000,"url":"https:\/\/jorntrahus.se\/wp-content\/uploads\/2016\/12\/Lindliden-XXS-3D.jpg","type":"image\/jpeg"}],"author":"jth-admin","twitter_card":"summary_large_image","twitter_misc":{"Skrevet af":"jth-admin","Estimeret l\u00e6setid":"2 minutter"},"schema":{"@context":"https:\/\/schema.org","@graph":[{"@type":"Article","@id":"https:\/\/jorntrahus.se\/en\/inspiration-en\/the-family-got-bigger-more-space-required\/#article","isPartOf":{"@id":"https:\/\/jorntrahus.se\/en\/inspiration-en\/the-family-got-bigger-more-space-required\/"},"author":{"name":"jth-admin","@id":"https:\/\/jorntrahus.se\/#\/schema\/person\/c10d0c3f5b80794e7d5dffb9eadc8041"},"headline":"The family got bigger &#8211; more space required","datePublished":"2019-04-11T12:31:49+00:00","dateModified":"2022-03-17T14:41:39+00:00","mainEntityOfPage":{"@id":"https:\/\/jorntrahus.se\/en\/inspiration-en\/the-family-got-bigger-more-space-required\/"},"wordCount":439,"publisher":{"@id":"https:\/\/jorntrahus.se\/#organization"},"image":{"@id":"https:\/\/jorntrahus.se\/en\/inspiration-en\/the-family-got-bigger-more-space-required\/#primaryimage"},"thumbnailUrl":"https:\/\/jorntrahus.se\/wp-content\/uploads\/2016\/12\/Lindliden-XXS-3D.jpg","articleSection":["Inspiration"],"inLanguage":"da-DK"},{"@type":"WebPage","@id":"https:\/\/jorntrahus.se\/en\/inspiration-en\/the-family-got-bigger-more-space-required\/","url":"https:\/\/jorntrahus.se\/en\/inspiration-en\/the-family-got-bigger-more-space-required\/","name":"Familien er blevet st\u00f8rre - det kr\u00e6ver mere plads - J\u00f6rntr\u00e4hus","isPartOf":{"@id":"https:\/\/jorntrahus.se\/#website"},"primaryImageOfPage":{"@id":"https:\/\/jorntrahus.se\/en\/inspiration-en\/the-family-got-bigger-more-space-required\/#primaryimage"},"image":{"@id":"https:\/\/jorntrahus.se\/en\/inspiration-en\/the-family-got-bigger-more-space-required\/#primaryimage"},"thumbnailUrl":"https:\/\/jorntrahus.se\/wp-content\/uploads\/2016\/12\/Lindliden-XXS-3D.jpg","datePublished":"2019-04-11T12:31:49+00:00","dateModified":"2022-03-17T14:41:39+00:00","breadcrumb":{"@id":"https:\/\/jorntrahus.se\/en\/inspiration-en\/the-family-got-bigger-more-space-required\/#breadcrumb"},"inLanguage":"da-DK","potentialAction":[{"@type":"ReadAction","target":["https:\/\/jorntrahus.se\/en\/inspiration-en\/the-family-got-bigger-more-space-required\/"]}]},{"@type":"ImageObject","inLanguage":"da-DK","@id":"https:\/\/jorntrahus.se\/en\/inspiration-en\/the-family-got-bigger-more-space-required\/#primaryimage","url":"https:\/\/jorntrahus.se\/wp-content\/uploads\/2016\/12\/Lindliden-XXS-3D.jpg","contentUrl":"https:\/\/jorntrahus.se\/wp-content\/uploads\/2016\/12\/Lindliden-XXS-3D.jpg","width":1500,"height":1000,"caption":"Timmerhus byggsats Lindliden XXS fr\u00e5n J\u00f6rntr\u00e4hus - husbyggsats - Ett timrat fritidshus \u2013 en husmodell som uppfyller samtliga minimumkrav g\u00e4llande ytor och utrustning f\u00f6r tv\u00e5 personer"},{"@type":"BreadcrumbList","@id":"https:\/\/jorntrahus.se\/en\/inspiration-en\/the-family-got-bigger-more-space-required\/#breadcrumb","itemListElement":[{"@type":"ListItem","position":1,"name":"Hem","item":"https:\/\/jorntrahus.se\/"},{"@type":"ListItem","position":2,"name":"The family got bigger &#8211; more space required"}]},{"@type":"WebSite","@id":"https:\/\/jorntrahus.se\/#website","url":"https:\/\/jorntrahus.se\/","name":"J\u00f6rntr\u00e4hus","description":"Huse til de bevidste","publisher":{"@id":"https:\/\/jorntrahus.se\/#organization"},"potentialAction":[{"@type":"SearchAction","target":{"@type":"EntryPoint","urlTemplate":"https:\/\/jorntrahus.se\/?s={search_term_string}"},"query-input":{"@type":"PropertyValueSpecification","valueRequired":true,"valueName":"search_term_string"}}],"inLanguage":"da-DK"},{"@type":"Organization","@id":"https:\/\/jorntrahus.se\/#organization","name":"J\u00f6rntr\u00e4hus","url":"https:\/\/jorntrahus.se\/","logo":{"@type":"ImageObject","inLanguage":"da-DK","@id":"https:\/\/jorntrahus.se\/#\/schema\/logo\/image\/","url":"https:\/\/jorntrahus.se\/wp-content\/uploads\/2020\/09\/Jorntrahus_Grund_CMYK.eps","contentUrl":"https:\/\/jorntrahus.se\/wp-content\/uploads\/2020\/09\/Jorntrahus_Grund_CMYK.eps","width":1,"height":1,"caption":"J\u00f6rntr\u00e4hus"},"image":{"@id":"https:\/\/jorntrahus.se\/#\/schema\/logo\/image\/"}},{"@type":"Person","@id":"https:\/\/jorntrahus.se\/#\/schema\/person\/c10d0c3f5b80794e7d5dffb9eadc8041","name":"jth-admin","image":{"@type":"ImageObject","inLanguage":"da-DK","@id":"https:\/\/secure.gravatar.com\/avatar\/4bcde4f9cfbb7b09c9605f445ac3993dc54ba3973c8abb86ad7caea3e386f6c8?s=96&d=mm&r=g","url":"https:\/\/secure.gravatar.com\/avatar\/4bcde4f9cfbb7b09c9605f445ac3993dc54ba3973c8abb86ad7caea3e386f6c8?s=96&d=mm&r=g","contentUrl":"https:\/\/secure.gravatar.com\/avatar\/4bcde4f9cfbb7b09c9605f445ac3993dc54ba3973c8abb86ad7caea3e386f6c8?s=96&d=mm&r=g","caption":"jth-admin"},"url":"https:\/\/jorntrahus.se\/da\/author\/jth-admin\/"}]}},"publishpress_future_action":{"enabled":false,"date":"2026-05-06 20:47:56","action":"change-status","newStatus":"draft","terms":[],"taxonomy":"category","extraData":[]},"publishpress_future_workflow_manual_trigger":{"enabledWorkflows":[]},"_links":{"self":[{"href":"https:\/\/jorntrahus.se\/da\/wp-json\/wp\/v2\/posts\/11503","targetHints":{"allow":["GET"]}}],"collection":[{"href":"https:\/\/jorntrahus.se\/da\/wp-json\/wp\/v2\/posts"}],"about":[{"href":"https:\/\/jorntrahus.se\/da\/wp-json\/wp\/v2\/types\/post"}],"author":[{"embeddable":true,"href":"https:\/\/jorntrahus.se\/da\/wp-json\/wp\/v2\/users\/1"}],"replies":[{"embeddable":true,"href":"https:\/\/jorntrahus.se\/da\/wp-json\/wp\/v2\/comments?post=11503"}],"version-history":[{"count":2,"href":"https:\/\/jorntrahus.se\/da\/wp-json\/wp\/v2\/posts\/11503\/revisions"}],"predecessor-version":[{"id":11505,"href":"https:\/\/jorntrahus.se\/da\/wp-json\/wp\/v2\/posts\/11503\/revisions\/11505"}],"wp:featuredmedia":[{"embeddable":true,"href":"https:\/\/jorntrahus.se\/da\/wp-json\/wp\/v2\/media\/3904"}],"wp:attachment":[{"href":"https:\/\/jorntrahus.se\/da\/wp-json\/wp\/v2\/media?parent=11503"}],"wp:term":[{"taxonomy":"category","embeddable":true,"href":"https:\/\/jorntrahus.se\/da\/wp-json\/wp\/v2\/categories?post=11503"},{"taxonomy":"post_tag","embeddable":true,"href":"https:\/\/jorntrahus.se\/da\/wp-json\/wp\/v2\/tags?post=11503"}],"curies":[{"name":"wp","href":"https:\/\/api.w.org\/{rel}","templated":true}]}}