{"id":11544,"date":"2020-01-18T15:45:43","date_gmt":"2020-01-18T14:45:43","guid":{"rendered":"https:\/\/jorntrahus.se\/?p=11544"},"modified":"2022-03-17T15:41:19","modified_gmt":"2022-03-17T14:41:19","slug":"nu-er-vi-for-alvor-i-idraet","status":"publish","type":"post","link":"https:\/\/jorntrahus.se\/da\/nyhet\/nu-finns-vi-pa-allvar-i-idre\/","title":{"rendered":"Nu er vi for alvor til stede i Idre!"},"content":{"rendered":"<div class=\"row\"  id=\"row-1521067494\">\n\n\t<div id=\"col-246584026\" class=\"col small-12 large-12\"  >\n\t\t\t\t<div class=\"col-inner\"  >\n\t\t\t\n\t\t\t\n\t<div id=\"gap-1514665202\" class=\"gap-element clearfix\" style=\"display:block; height:auto;\">\n\t\t\n<style>\n#gap-1514665202 {\n  padding-top: 40px;\n}\n<\/style>\n\t<\/div>\n\t\n<h3>J\u00f6rntr\u00e4hus og Idre Fj\u00e4ll har indledt et samarbejde om at blive dit absolutte f\u00f8rstevalg, n\u00e5r det g\u00e6lder nybyggeri af fjeldhytter i regionen.<\/h3>\n<p>Feriehusene er specialdesignede til Idre Fj\u00e4lls grunde og husejernes behov og \u00f8nsker - vi har selvf\u00f8lgelig valgt at bruge vores mest popul\u00e6re husmodeller.<\/p>\n<p>Vi ved, at en moderne bjerghytte ikke kun handler om at have masser af senge og en sauna - det er lige s\u00e5 vigtigt at finde passende opbevaring til dit skiudstyr og din mountainbike.<\/p>\n<p>Uanset om du er p\u00e5 udkig efter fredelige aktiviteter eller adrenalinfyldte eventyr, er naturoplevelsen og indkvarteringen altafg\u00f8rende.<\/p>\n<blockquote><p>Idre Fj\u00e4ll og J\u00f6rntr\u00e4hus's m\u00e5l er at tilbyde byggegrunde og huse, der er klar til indflytning inden for et \u00e5r efter k\u00f8bsaftalen.<\/p><\/blockquote>\n  <div class=\"banner-grid-wrapper\">\n  <div id=\"banner-grid-521768747\" class=\"banner-grid row row-grid row-small\" data-packery-options=\"\">\n                      \n<div class=\"col grid-col large-6 grid-col-2-3\" ><div class=\"col-inner\">\n\t<div class=\"img has-hover x md-x lg-x y md-y lg-y\" id=\"image_1944538365\">\n\t\t\t\t\t\t\t\t<div class=\"img-inner dark\" >\n\t\t\t<img loading=\"lazy\" decoding=\"async\" width=\"1020\" height=\"680\" src=\"https:\/\/jorntrahus.se\/wp-content\/uploads\/2020\/01\/Reportage-J\u00f6rntr\u00e4hus-Idre-Fj\u00e4ll-Skicross-2020-fritidshus-fj\u00e4llstuga-boende-Idre-husbyggsats-husleverant\u00f6r-webb-0002-1200x800.jpg\" class=\"attachment-large size-large\" alt=\"Reportage J\u00f6rntr\u00e4hus Idre Fj\u00e4ll Skicross 2020 feriehus bjerghytte overnatning Idre hus bygges\u00e6t husleverand\u00f8r web 0002\" srcset=\"https:\/\/jorntrahus.se\/wp-content\/uploads\/2020\/01\/Reportage-J\u00f6rntr\u00e4hus-Idre-Fj\u00e4ll-Skicross-2020-fritidshus-fj\u00e4llstuga-boende-Idre-husbyggsats-husleverant\u00f6r-webb-0002-1200x800.jpg 1200w, https:\/\/jorntrahus.se\/wp-content\/uploads\/2020\/01\/Reportage-J\u00f6rntr\u00e4hus-Idre-Fj\u00e4ll-Skicross-2020-fritidshus-fj\u00e4llstuga-boende-Idre-husbyggsats-husleverant\u00f6r-webb-0002-600x400.jpg 600w, https:\/\/jorntrahus.se\/wp-content\/uploads\/2020\/01\/Reportage-J\u00f6rntr\u00e4hus-Idre-Fj\u00e4ll-Skicross-2020-fritidshus-fj\u00e4llstuga-boende-Idre-husbyggsats-husleverant\u00f6r-webb-0002-900x600.jpg 900w, https:\/\/jorntrahus.se\/wp-content\/uploads\/2020\/01\/Reportage-J\u00f6rntr\u00e4hus-Idre-Fj\u00e4ll-Skicross-2020-fritidshus-fj\u00e4llstuga-boende-Idre-husbyggsats-husleverant\u00f6r-webb-0002-768x512.jpg 768w, https:\/\/jorntrahus.se\/wp-content\/uploads\/2020\/01\/Reportage-J\u00f6rntr\u00e4hus-Idre-Fj\u00e4ll-Skicross-2020-fritidshus-fj\u00e4llstuga-boende-Idre-husbyggsats-husleverant\u00f6r-webb-0002-1536x1024.jpg 1536w, https:\/\/jorntrahus.se\/wp-content\/uploads\/2020\/01\/Reportage-J\u00f6rntr\u00e4hus-Idre-Fj\u00e4ll-Skicross-2020-fritidshus-fj\u00e4llstuga-boende-Idre-husbyggsats-husleverant\u00f6r-webb-0002-2048x1365.jpg 2048w\" sizes=\"auto, (max-width: 1020px) 100vw, 1020px\" \/>\t\t\t\t\t\t\n\t\t\t\t\t<\/div>\n\t\t\t\t\t\t\t\t\n<style>\n#image_1944538365 {\n  width: 100%;\n}\n<\/style>\n\t<\/div>\n\t\n<\/div><\/div>\n<div class=\"col grid-col large-6 grid-col-1-2\" ><div class=\"col-inner\">\n<div class=\"slider-wrapper relative\" id=\"slider-1407804615\" >\n    <div class=\"slider slider-type-fade slider-nav-circle slider-nav-large slider-nav-light slider-style-normal\"\n        data-flickity-options='{            \"cellAlign\": \"center\",            \"imagesLoaded\": true,            \"lazyLoad\": 1,            \"freeScroll\": false,            \"wrapAround\": true,            \"autoPlay\": 4000,            \"pauseAutoPlayOnHover\" : false,            \"prevNextButtons\": false,            \"contain\" : true,            \"adaptiveHeight\" : true,            \"dragThreshold\" : 10,            \"percentPosition\": true,            \"pageDots\": true,            \"rightToLeft\": false,            \"draggable\": true,            \"selectedAttraction\": 0.1,            \"parallax\" : 0,            \"friction\": 0.6        }'\n        >\n        \n\t<div class=\"img has-hover x md-x lg-x y md-y lg-y\" id=\"image_288751446\">\n\t\t\t\t\t\t\t\t<div class=\"img-inner dark\" >\n\t\t\t<img loading=\"lazy\" decoding=\"async\" width=\"1020\" height=\"680\" src=\"https:\/\/jorntrahus.se\/wp-content\/uploads\/2017\/12\/Nyholm-M-3D-1200x800.jpg\" class=\"attachment-large size-large\" alt=\"\" srcset=\"https:\/\/jorntrahus.se\/wp-content\/uploads\/2017\/12\/Nyholm-M-3D-1200x800.jpg 1200w, https:\/\/jorntrahus.se\/wp-content\/uploads\/2017\/12\/Nyholm-M-3D-600x400.jpg 600w, https:\/\/jorntrahus.se\/wp-content\/uploads\/2017\/12\/Nyholm-M-3D-900x600.jpg 900w, https:\/\/jorntrahus.se\/wp-content\/uploads\/2017\/12\/Nyholm-M-3D-768x512.jpg 768w, https:\/\/jorntrahus.se\/wp-content\/uploads\/2017\/12\/Nyholm-M-3D.jpg 1500w\" sizes=\"auto, (max-width: 1020px) 100vw, 1020px\" \/>\t\t\t\t\t\t\n\t\t\t\t\t<\/div>\n\t\t\t\t\t\t\t\t\n<style>\n#image_288751446 {\n  width: 100%;\n}\n<\/style>\n\t<\/div>\n\t\n\t<div class=\"img has-hover x md-x lg-x y md-y lg-y\" id=\"image_2039088721\">\n\t\t\t\t\t\t\t\t<div class=\"img-inner dark\" >\n\t\t\t<img loading=\"lazy\" decoding=\"async\" width=\"1020\" height=\"680\" src=\"https:\/\/jorntrahus.se\/wp-content\/uploads\/2017\/12\/Strycksele-XL-3D-1200x800.jpg\" class=\"attachment-large size-large\" alt=\"\" srcset=\"https:\/\/jorntrahus.se\/wp-content\/uploads\/2017\/12\/Strycksele-XL-3D-1200x800.jpg 1200w, https:\/\/jorntrahus.se\/wp-content\/uploads\/2017\/12\/Strycksele-XL-3D-600x400.jpg 600w, https:\/\/jorntrahus.se\/wp-content\/uploads\/2017\/12\/Strycksele-XL-3D-900x600.jpg 900w, https:\/\/jorntrahus.se\/wp-content\/uploads\/2017\/12\/Strycksele-XL-3D-768x512.jpg 768w, https:\/\/jorntrahus.se\/wp-content\/uploads\/2017\/12\/Strycksele-XL-3D.jpg 1500w\" sizes=\"auto, (max-width: 1020px) 100vw, 1020px\" \/>\t\t\t\t\t\t\n\t\t\t\t\t<\/div>\n\t\t\t\t\t\t\t\t\n<style>\n#image_2039088721 {\n  width: 100%;\n}\n<\/style>\n\t<\/div>\n\t\n\t<div class=\"img has-hover x md-x lg-x y md-y lg-y\" id=\"image_1479785540\">\n\t\t\t\t\t\t\t\t<div class=\"img-inner dark\" >\n\t\t\t<img loading=\"lazy\" decoding=\"async\" width=\"1020\" height=\"680\" src=\"https:\/\/jorntrahus.se\/wp-content\/uploads\/2017\/12\/H\u00f6gheden-LGH-3D-1200x800.jpg\" class=\"attachment-large size-large\" alt=\"\" srcset=\"https:\/\/jorntrahus.se\/wp-content\/uploads\/2017\/12\/H\u00f6gheden-LGH-3D-1200x800.jpg 1200w, https:\/\/jorntrahus.se\/wp-content\/uploads\/2017\/12\/H\u00f6gheden-LGH-3D-600x400.jpg 600w, https:\/\/jorntrahus.se\/wp-content\/uploads\/2017\/12\/H\u00f6gheden-LGH-3D-900x600.jpg 900w, https:\/\/jorntrahus.se\/wp-content\/uploads\/2017\/12\/H\u00f6gheden-LGH-3D-768x512.jpg 768w, https:\/\/jorntrahus.se\/wp-content\/uploads\/2017\/12\/H\u00f6gheden-LGH-3D.jpg 1500w\" sizes=\"auto, (max-width: 1020px) 100vw, 1020px\" \/>\t\t\t\t\t\t\n\t\t\t\t\t<\/div>\n\t\t\t\t\t\t\t\t\n<style>\n#image_1479785540 {\n  width: 100%;\n}\n<\/style>\n\t<\/div>\n\t\n     <\/div>\n\n     <div class=\"loading-spin dark large centered\"><\/div>\n\n\t<\/div>\n\n\n<\/div><\/div>\n<div class=\"col grid-col large-3 grid-col-1-2\" ><div class=\"col-inner\">\n\t<div class=\"img has-hover x md-x lg-x y md-y lg-y\" id=\"image_69990092\">\n\t\t\t\t\t\t\t\t<div class=\"img-inner dark\" >\n\t\t\t<img loading=\"lazy\" decoding=\"async\" width=\"1020\" height=\"919\" src=\"https:\/\/jorntrahus.se\/wp-content\/uploads\/2020\/01\/Reportage-J\u00f6rntr\u00e4hus-Idre-Fj\u00e4ll-Skicross-2020-fritidshus-fj\u00e4llstuga-boende-Idre-husbyggsats-husleverant\u00f6r-webb-0008-1200x1081.jpg\" class=\"attachment-large size-large\" alt=\"Reportage J\u00f6rntr\u00e4hus Idre Fj\u00e4ll Skicross 2020 feriehus bjerghytte overnatning Idre hus bygges\u00e6t husleverand\u00f8r web 0008\" srcset=\"https:\/\/jorntrahus.se\/wp-content\/uploads\/2020\/01\/Reportage-J\u00f6rntr\u00e4hus-Idre-Fj\u00e4ll-Skicross-2020-fritidshus-fj\u00e4llstuga-boende-Idre-husbyggsats-husleverant\u00f6r-webb-0008-1200x1081.jpg 1200w, https:\/\/jorntrahus.se\/wp-content\/uploads\/2020\/01\/Reportage-J\u00f6rntr\u00e4hus-Idre-Fj\u00e4ll-Skicross-2020-fritidshus-fj\u00e4llstuga-boende-Idre-husbyggsats-husleverant\u00f6r-webb-0008-900x810.jpg 900w, https:\/\/jorntrahus.se\/wp-content\/uploads\/2020\/01\/Reportage-J\u00f6rntr\u00e4hus-Idre-Fj\u00e4ll-Skicross-2020-fritidshus-fj\u00e4llstuga-boende-Idre-husbyggsats-husleverant\u00f6r-webb-0008-600x540.jpg 600w, https:\/\/jorntrahus.se\/wp-content\/uploads\/2020\/01\/Reportage-J\u00f6rntr\u00e4hus-Idre-Fj\u00e4ll-Skicross-2020-fritidshus-fj\u00e4llstuga-boende-Idre-husbyggsats-husleverant\u00f6r-webb-0008-768x692.jpg 768w, https:\/\/jorntrahus.se\/wp-content\/uploads\/2020\/01\/Reportage-J\u00f6rntr\u00e4hus-Idre-Fj\u00e4ll-Skicross-2020-fritidshus-fj\u00e4llstuga-boende-Idre-husbyggsats-husleverant\u00f6r-webb-0008-1536x1383.jpg 1536w, https:\/\/jorntrahus.se\/wp-content\/uploads\/2020\/01\/Reportage-J\u00f6rntr\u00e4hus-Idre-Fj\u00e4ll-Skicross-2020-fritidshus-fj\u00e4llstuga-boende-Idre-husbyggsats-husleverant\u00f6r-webb-0008-2048x1844.jpg 2048w\" sizes=\"auto, (max-width: 1020px) 100vw, 1020px\" \/>\t\t\t\t\t\t\n\t\t\t\t\t<\/div>\n\t\t\t\t\t\t\t\t\n<style>\n#image_69990092 {\n  width: 100%;\n}\n<\/style>\n\t<\/div>\n\t\n<\/div><\/div>\n<div class=\"col grid-col large-3 grid-col-1-2\" ><div class=\"col-inner\">\n\t<div class=\"img has-hover x md-x lg-x y md-y lg-y\" id=\"image_1686049361\">\n\t\t\t\t\t\t\t\t<div class=\"img-inner dark\" >\n\t\t\t<img loading=\"lazy\" decoding=\"async\" width=\"1020\" height=\"699\" src=\"https:\/\/jorntrahus.se\/wp-content\/uploads\/2020\/01\/Reportage-J\u00f6rntr\u00e4hus-Idre-Fj\u00e4ll-Skicross-2020-fritidshus-fj\u00e4llstuga-boende-Idre-husbyggsats-husleverant\u00f6r-webb-0005-1200x822.jpg\" class=\"attachment-large size-large\" alt=\"Reportage J\u00f6rntr\u00e4hus Idre Fj\u00e4ll Skicross 2020 feriehus bjerghytte overnatning Idre hus bygges\u00e6t husleverand\u00f8r web 0005\" srcset=\"https:\/\/jorntrahus.se\/wp-content\/uploads\/2020\/01\/Reportage-J\u00f6rntr\u00e4hus-Idre-Fj\u00e4ll-Skicross-2020-fritidshus-fj\u00e4llstuga-boende-Idre-husbyggsats-husleverant\u00f6r-webb-0005-1200x822.jpg 1200w, https:\/\/jorntrahus.se\/wp-content\/uploads\/2020\/01\/Reportage-J\u00f6rntr\u00e4hus-Idre-Fj\u00e4ll-Skicross-2020-fritidshus-fj\u00e4llstuga-boende-Idre-husbyggsats-husleverant\u00f6r-webb-0005-900x617.jpg 900w, https:\/\/jorntrahus.se\/wp-content\/uploads\/2020\/01\/Reportage-J\u00f6rntr\u00e4hus-Idre-Fj\u00e4ll-Skicross-2020-fritidshus-fj\u00e4llstuga-boende-Idre-husbyggsats-husleverant\u00f6r-webb-0005-600x411.jpg 600w, https:\/\/jorntrahus.se\/wp-content\/uploads\/2020\/01\/Reportage-J\u00f6rntr\u00e4hus-Idre-Fj\u00e4ll-Skicross-2020-fritidshus-fj\u00e4llstuga-boende-Idre-husbyggsats-husleverant\u00f6r-webb-0005-768x526.jpg 768w, https:\/\/jorntrahus.se\/wp-content\/uploads\/2020\/01\/Reportage-J\u00f6rntr\u00e4hus-Idre-Fj\u00e4ll-Skicross-2020-fritidshus-fj\u00e4llstuga-boende-Idre-husbyggsats-husleverant\u00f6r-webb-0005-1536x1052.jpg 1536w, https:\/\/jorntrahus.se\/wp-content\/uploads\/2020\/01\/Reportage-J\u00f6rntr\u00e4hus-Idre-Fj\u00e4ll-Skicross-2020-fritidshus-fj\u00e4llstuga-boende-Idre-husbyggsats-husleverant\u00f6r-webb-0005-2048x1403.jpg 2048w\" sizes=\"auto, (max-width: 1020px) 100vw, 1020px\" \/>\t\t\t\t\t\t\n\t\t\t\t\t<\/div>\n\t\t\t\t\t\t\t\t\n<style>\n#image_1686049361 {\n  width: 100%;\n}\n<\/style>\n\t<\/div>\n\t\n<\/div><\/div>\n<div class=\"col grid-col large-6 grid-col-1-3\" ><div class=\"col-inner\">\n\t<div class=\"img has-hover x md-x lg-x y md-y lg-y\" id=\"image_673168497\">\n\t\t\t\t\t\t\t\t<div class=\"img-inner dark\" >\n\t\t\t<img loading=\"lazy\" decoding=\"async\" width=\"1020\" height=\"680\" src=\"https:\/\/jorntrahus.se\/wp-content\/uploads\/2020\/01\/Reportage-J\u00f6rntr\u00e4hus-Idre-Fj\u00e4ll-Skicross-2020-fritidshus-fj\u00e4llstuga-boende-Idre-husbyggsats-husleverant\u00f6r-webb-0010-1200x800.jpg\" class=\"attachment-large size-large\" alt=\"Reportage J\u00f6rntr\u00e4hus Idre Fj\u00e4ll Skicross 2020 feriehus bjerghytte overnatning Idre hus bygges\u00e6t husleverand\u00f8r web 0010\" srcset=\"https:\/\/jorntrahus.se\/wp-content\/uploads\/2020\/01\/Reportage-J\u00f6rntr\u00e4hus-Idre-Fj\u00e4ll-Skicross-2020-fritidshus-fj\u00e4llstuga-boende-Idre-husbyggsats-husleverant\u00f6r-webb-0010-1200x800.jpg 1200w, https:\/\/jorntrahus.se\/wp-content\/uploads\/2020\/01\/Reportage-J\u00f6rntr\u00e4hus-Idre-Fj\u00e4ll-Skicross-2020-fritidshus-fj\u00e4llstuga-boende-Idre-husbyggsats-husleverant\u00f6r-webb-0010-600x400.jpg 600w, https:\/\/jorntrahus.se\/wp-content\/uploads\/2020\/01\/Reportage-J\u00f6rntr\u00e4hus-Idre-Fj\u00e4ll-Skicross-2020-fritidshus-fj\u00e4llstuga-boende-Idre-husbyggsats-husleverant\u00f6r-webb-0010-900x600.jpg 900w, https:\/\/jorntrahus.se\/wp-content\/uploads\/2020\/01\/Reportage-J\u00f6rntr\u00e4hus-Idre-Fj\u00e4ll-Skicross-2020-fritidshus-fj\u00e4llstuga-boende-Idre-husbyggsats-husleverant\u00f6r-webb-0010-768x512.jpg 768w, https:\/\/jorntrahus.se\/wp-content\/uploads\/2020\/01\/Reportage-J\u00f6rntr\u00e4hus-Idre-Fj\u00e4ll-Skicross-2020-fritidshus-fj\u00e4llstuga-boende-Idre-husbyggsats-husleverant\u00f6r-webb-0010-1536x1024.jpg 1536w, https:\/\/jorntrahus.se\/wp-content\/uploads\/2020\/01\/Reportage-J\u00f6rntr\u00e4hus-Idre-Fj\u00e4ll-Skicross-2020-fritidshus-fj\u00e4llstuga-boende-Idre-husbyggsats-husleverant\u00f6r-webb-0010-2048x1365.jpg 2048w\" sizes=\"auto, (max-width: 1020px) 100vw, 1020px\" \/>\t\t\t\t\t\t\n\t\t\t\t\t<\/div>\n\t\t\t\t\t\t\t\t\n<style>\n#image_673168497 {\n  width: 100%;\n}\n<\/style>\n\t<\/div>\n\t\n<\/div><\/div>\n            <\/div>\n    <style>\n    #banner-grid-521768747 .grid-col-1{height: 600px}\n    #banner-grid-521768747 .grid-col-1-2{height: 300px}\n    #banner-grid-521768747 .grid-col-1-3{height:200px}\n    #banner-grid-521768747 .grid-col-2-3{height: 400px}\n    #banner-grid-521768747 .grid-col-1-4{height: 150px}\n    #banner-grid-521768747 .grid-col-3-4{height: 450px}\n\n\n    \n    \n\n  <\/style>\n    <\/div>\n  \n<h2>J\u00f6rntr\u00e4hus sponsorerer Ski Cross World Cup<\/h2>\n<p>Under World Cup i skicross den 23.-26. januar p\u00e5 Idre Fj\u00e4ll er vi til stede. Kom og bes\u00f8g os under konkurrencerne og se, hvad vi kan tilbyde.<\/p>\n\t<div id=\"gap-862216587\" class=\"gap-element clearfix\" style=\"display:block; height:auto;\">\n\t\t\n<style>\n#gap-862216587 {\n  padding-top: 30px;\n}\n<\/style>\n\t<\/div>\n\t\n<div class=\"row\"  id=\"row-730081951\">\n\n\t<div id=\"col-1440928153\" class=\"col medium-6 small-12 large-6\"  >\n\t\t\t\t<div class=\"col-inner\"  >\n\t\t\t\n\t\t\t\n<a href=\"https:\/\/www.idrefjall.se\/hander-pa-idre-fjall\/skicross-pa-idre-fjall\/\" target=\"_blank\" class=\"button primary is-outline expand\" rel=\"noopener\" >\n\t\t<span>MERE OM KONKURRENCEN<\/span>\n\t<\/a>\n\n\t\t<\/div>\n\t\t\t\t\t<\/div>\n\n\t\n\n\t<div id=\"col-160323310\" class=\"col medium-6 small-12 large-6\"  >\n\t\t\t\t<div class=\"col-inner\"  >\n\t\t\t\n\t\t\t\n<a href=\"https:\/\/www.idrefjall.se\" target=\"_blank\" class=\"button primary is-outline expand\" rel=\"noopener\" >\n\t\t<span>MERE OM IDRE FJ\u00c4LL<\/span>\n\t<\/a>\n\n\t\t<\/div>\n\t\t\t\t\t<\/div>\n\n\t\n<\/div>\n\t<div id=\"gap-1458623018\" class=\"gap-element clearfix\" style=\"display:block; height:auto;\">\n\t\t\n<style>\n#gap-1458623018 {\n  padding-top: 30px;\n}\n<\/style>\n\t<\/div>\n\t\n<div class=\"row align-middle\"  id=\"row-2041738943\">\n\n\t<div id=\"col-300204128\" class=\"col medium-6 small-12 large-6\"  >\n\t\t\t\t<div class=\"col-inner\"  >\n\t\t\t\n\t\t\t\n\t<div class=\"img has-hover x md-x lg-x y md-y lg-y\" id=\"image_1223346824\">\n\t\t\t\t\t\t\t\t<div class=\"img-inner dark\" >\n\t\t\t<img loading=\"lazy\" decoding=\"async\" width=\"1020\" height=\"1020\" src=\"https:\/\/jorntrahus.se\/wp-content\/uploads\/2020\/01\/Reportage-J\u00f6rntr\u00e4hus-Idre-Fj\u00e4ll-Skicross-2020-fritidshus-fj\u00e4llstuga-boende-Idre-husbyggsats-husleverant\u00f6r-s\u00e4ljare-Ola-Jonsson-webb-0022-ver2.jpg\" class=\"attachment-large size-large\" alt=\"Rapport J\u00f6rntr\u00e4hus Idre Fj\u00e4ll Skicross 2020 feriehus bjerghytte indkvartering Idre hus kit hus leverand\u00f8r s\u00e6lger Ola Jonsson web 0022 ver2\" srcset=\"https:\/\/jorntrahus.se\/wp-content\/uploads\/2020\/01\/Reportage-J\u00f6rntr\u00e4hus-Idre-Fj\u00e4ll-Skicross-2020-fritidshus-fj\u00e4llstuga-boende-Idre-husbyggsats-husleverant\u00f6r-s\u00e4ljare-Ola-Jonsson-webb-0022-ver2.jpg 1172w, https:\/\/jorntrahus.se\/wp-content\/uploads\/2020\/01\/Reportage-J\u00f6rntr\u00e4hus-Idre-Fj\u00e4ll-Skicross-2020-fritidshus-fj\u00e4llstuga-boende-Idre-husbyggsats-husleverant\u00f6r-s\u00e4ljare-Ola-Jonsson-webb-0022-ver2-100x100.jpg 100w, https:\/\/jorntrahus.se\/wp-content\/uploads\/2020\/01\/Reportage-J\u00f6rntr\u00e4hus-Idre-Fj\u00e4ll-Skicross-2020-fritidshus-fj\u00e4llstuga-boende-Idre-husbyggsats-husleverant\u00f6r-s\u00e4ljare-Ola-Jonsson-webb-0022-ver2-900x900.jpg 900w, https:\/\/jorntrahus.se\/wp-content\/uploads\/2020\/01\/Reportage-J\u00f6rntr\u00e4hus-Idre-Fj\u00e4ll-Skicross-2020-fritidshus-fj\u00e4llstuga-boende-Idre-husbyggsats-husleverant\u00f6r-s\u00e4ljare-Ola-Jonsson-webb-0022-ver2-600x600.jpg 600w, https:\/\/jorntrahus.se\/wp-content\/uploads\/2020\/01\/Reportage-J\u00f6rntr\u00e4hus-Idre-Fj\u00e4ll-Skicross-2020-fritidshus-fj\u00e4llstuga-boende-Idre-husbyggsats-husleverant\u00f6r-s\u00e4ljare-Ola-Jonsson-webb-0022-ver2-300x300.jpg 300w, https:\/\/jorntrahus.se\/wp-content\/uploads\/2020\/01\/Reportage-J\u00f6rntr\u00e4hus-Idre-Fj\u00e4ll-Skicross-2020-fritidshus-fj\u00e4llstuga-boende-Idre-husbyggsats-husleverant\u00f6r-s\u00e4ljare-Ola-Jonsson-webb-0022-ver2-768x768.jpg 768w\" sizes=\"auto, (max-width: 1020px) 100vw, 1020px\" \/>\t\t\t\t\t\t\n\t\t\t\t\t<\/div>\n\t\t\t\t\t\t\t\t\n<style>\n#image_1223346824 {\n  width: 100%;\n}\n<\/style>\n\t<\/div>\n\t\n\t\t<\/div>\n\t\t\t\t\t<\/div>\n\n\t\n\n\t<div id=\"col-1687013683\" class=\"col medium-6 small-12 large-6\"  >\n\t\t\t\t<div class=\"col-inner\"  >\n\t\t\t\n\t\t\t\n<h3>LOKAL REPR\u00c6SENTANT<\/h3>\n<p>Vores lokale repr\u00e6sentant <strong>Ola Jonsson<\/strong> har base i Idre og vil v\u00e6re til stede for at besvare sp\u00f8rgsm\u00e5l om husmodeller og entreprisel\u00f8sninger.<\/p>\n<p><strong>Kontakt venligst Ola p\u00e5 073-818 50 44.<\/strong><\/p>\n\t\t<\/div>\n\t\t\t\t\t<\/div>\n\n\t\n<\/div>\n<div class=\"row\"  id=\"row-980370944\">\n\n\t<div id=\"col-849453243\" class=\"col small-12 large-12\"  >\n\t\t\t\t<div class=\"col-inner\"  >\n\t\t\t\n\t\t\t\n<p><iframe loading=\"lazy\" style=\"border: 0;\" src=\"https:\/\/www.google.com\/maps\/embed?pb=!1m18!1m12!1m3!1d35326.63817451219!2d12.799120614383106!3d61.889288282541266!2m3!1f0!2f0!3f0!3m2!1i1024!2i768!4f13.1!3m3!1m2!1s0x46693f9660767025%3A0xfca31cfda117f0b9!2sIdre%20Fj%C3%A4ll!5e1!3m2!1ssv!2sse!4v1579356742262!5m2!1ssv!2sse\" width=\"100%\" height=\"450\" frameborder=\"0\" allowfullscreen=\"allowfullscreen\"><\/iframe><\/p>\n\t\t<\/div>\n\t\t\t\t\t<\/div>\n\n\t\n<\/div>\n\t<div id=\"gap-1576144303\" class=\"gap-element clearfix\" style=\"display:block; height:auto;\">\n\t\t\n<style>\n#gap-1576144303 {\n  padding-top: 30px;\n}\n<\/style>\n\t<\/div>\n\t\n<div class=\"row\"  id=\"row-573275951\">\n\n\t<div id=\"col-1997648120\" class=\"col medium-4 small-12 large-4\"  >\n\t\t\t\t<div class=\"col-inner\"  >\n\t\t\t\n\t\t\t\n<a href=\"\/da\/bestall-huskatalog\/\" class=\"button primary is-outline expand\" >\n\t\t<span>BESTIL KATALOG<\/span>\n\t<\/a>\n\n\t\t<\/div>\n\t\t\t\t\t<\/div>\n\n\t\n\n\t<div id=\"col-1597827250\" class=\"col medium-4 small-12 large-4\"  >\n\t\t\t\t<div class=\"col-inner\"  >\n\t\t\t\n\t\t\t\n<a href=\"\/da\/fleksible-tegninger\/\" class=\"button primary is-outline expand\" >\n\t\t<span>Fleksible l\u00f8sninger<\/span>\n\t<\/a>\n\n\t\t<\/div>\n\t\t\t\t\t<\/div>\n\n\t\n\n\t<div id=\"col-953054410\" class=\"col medium-4 small-12 large-4\"  >\n\t\t\t\t<div class=\"col-inner\"  >\n\t\t\t\n\t\t\t\n<a href=\"\/da\/inspiration\/\" class=\"button primary is-outline expand\" >\n\t\t<span>Flere kundehistorier<\/span>\n\t<\/a>\n\n\t\t<\/div>\n\t\t\t\t\t<\/div>\n\n\t\n<\/div>\n\t<div id=\"gap-843168049\" class=\"gap-element clearfix\" style=\"display:block; height:auto;\">\n\t\t\n<style>\n#gap-843168049 {\n  padding-top: 30px;\n}\n<\/style>\n\t<\/div>\n\t\n\t\t<\/div>\n\t\t\t\t\t<\/div>\n\n\t\n<\/div>","protected":false},"excerpt":{"rendered":"<p>J\u00f6rntr\u00e4hus og Idre Fj\u00e4ll har indledt et unikt samarbejde for at blive dit absolutte f\u00f8rstevalg, n\u00e5r det g\u00e6lder nybyggeri af fjeldhytter i regionen.<\/p>","protected":false},"author":2,"featured_media":11595,"comment_status":"closed","ping_status":"closed","sticky":false,"template":"","format":"standard","meta":{"footnotes":""},"categories":[6],"tags":[1108,24,1106,1110,1112,1114],"class_list":["post-11544","post","type-post","status-publish","format-standard","has-post-thumbnail","hentry","category-nyhet","tag-fjallstugor","tag-fritidshus","tag-idre-fjall","tag-samarbete","tag-skicross","tag-varldscup"],"yoast_head":"<!-- This site is optimized with the Yoast SEO plugin v27.2 - https:\/\/yoast.com\/product\/yoast-seo-wordpress\/ -->\n<title>Nu finns vi p\u00e5 allvar i Idre! - J\u00f6rntr\u00e4hus<\/title>\n<meta name=\"robots\" content=\"index, follow, max-snippet:-1, max-image-preview:large, max-video-preview:-1\" \/>\n<link rel=\"canonical\" href=\"https:\/\/jorntrahus.se\/da\/nyhed\/nu-er-vi-for-alvor-i-idraet\/\" \/>\n<meta property=\"og:locale\" content=\"da_DK\" \/>\n<meta property=\"og:type\" content=\"article\" \/>\n<meta property=\"og:title\" content=\"Nu finns vi p\u00e5 allvar i Idre! - J\u00f6rntr\u00e4hus\" \/>\n<meta property=\"og:description\" content=\"J\u00f6rntr\u00e4hus och Idre Fj\u00e4ll har startat ett unikt samarbete f\u00f6r att bli ditt absoluta f\u00f6rstahandsval g\u00e4llande nybyggnation av fj\u00e4llstugor i regionen.\" \/>\n<meta property=\"og:url\" content=\"https:\/\/jorntrahus.se\/da\/nyhed\/nu-er-vi-for-alvor-i-idraet\/\" \/>\n<meta property=\"og:site_name\" content=\"J\u00f6rntr\u00e4hus\" \/>\n<meta property=\"article:published_time\" content=\"2020-01-18T14:45:43+00:00\" \/>\n<meta property=\"article:modified_time\" content=\"2022-03-17T14:41:19+00:00\" \/>\n<meta property=\"og:image\" content=\"https:\/\/jorntrahus.se\/wp-content\/uploads\/2020\/01\/Reportage-J\u00f6rntr\u00e4hus-Idre-Fj\u00e4ll-Skicross-2020-fritidshus-fj\u00e4llstuga-boende-Idre-husbyggsats-husleverant\u00f6r-webb-huvudbild-002.jpg\" \/>\n\t<meta property=\"og:image:width\" content=\"2400\" \/>\n\t<meta property=\"og:image:height\" content=\"1599\" \/>\n\t<meta property=\"og:image:type\" content=\"image\/jpeg\" \/>\n<meta name=\"author\" content=\"J\u00f6rntr\u00e4hus\" \/>\n<meta name=\"twitter:card\" content=\"summary_large_image\" \/>\n<meta name=\"twitter:label1\" content=\"Skrevet af\" \/>\n\t<meta name=\"twitter:data1\" content=\"J\u00f6rntr\u00e4hus\" \/>\n\t<meta name=\"twitter:label2\" content=\"Estimeret l\u00e6setid\" \/>\n\t<meta name=\"twitter:data2\" content=\"2 minutter\" \/>\n<script type=\"application\/ld+json\" class=\"yoast-schema-graph\">{\"@context\":\"https:\/\/schema.org\",\"@graph\":[{\"@type\":\"Article\",\"@id\":\"https:\/\/jorntrahus.se\/nyhet\/nu-finns-vi-pa-allvar-i-idre\/#article\",\"isPartOf\":{\"@id\":\"https:\/\/jorntrahus.se\/nyhet\/nu-finns-vi-pa-allvar-i-idre\/\"},\"author\":{\"name\":\"J\u00f6rntr\u00e4hus\",\"@id\":\"https:\/\/jorntrahus.se\/#\/schema\/person\/1d486a26d13d4df455271c2f02f5ef5c\"},\"headline\":\"Nu finns vi p\u00e5 allvar i Idre!\",\"datePublished\":\"2020-01-18T14:45:43+00:00\",\"dateModified\":\"2022-03-17T14:41:19+00:00\",\"mainEntityOfPage\":{\"@id\":\"https:\/\/jorntrahus.se\/nyhet\/nu-finns-vi-pa-allvar-i-idre\/\"},\"wordCount\":446,\"publisher\":{\"@id\":\"https:\/\/jorntrahus.se\/#organization\"},\"image\":{\"@id\":\"https:\/\/jorntrahus.se\/nyhet\/nu-finns-vi-pa-allvar-i-idre\/#primaryimage\"},\"thumbnailUrl\":\"https:\/\/jorntrahus.se\/wp-content\/uploads\/2020\/01\/Reportage-J\u00f6rntr\u00e4hus-Idre-Fj\u00e4ll-Skicross-2020-fritidshus-fj\u00e4llstuga-boende-Idre-husbyggsats-husleverant\u00f6r-webb-huvudbild-002.jpg\",\"keywords\":[\"fj\u00e4llstugor\",\"Fritidshus\",\"Idre Fj\u00e4ll\",\"samarbete\",\"Skicross\",\"V\u00e4rldscup\"],\"articleSection\":[\"Nyhet\"],\"inLanguage\":\"da-DK\"},{\"@type\":\"WebPage\",\"@id\":\"https:\/\/jorntrahus.se\/nyhet\/nu-finns-vi-pa-allvar-i-idre\/\",\"url\":\"https:\/\/jorntrahus.se\/nyhet\/nu-finns-vi-pa-allvar-i-idre\/\",\"name\":\"Nu finns vi p\u00e5 allvar i Idre! - J\u00f6rntr\u00e4hus\",\"isPartOf\":{\"@id\":\"https:\/\/jorntrahus.se\/#website\"},\"primaryImageOfPage\":{\"@id\":\"https:\/\/jorntrahus.se\/nyhet\/nu-finns-vi-pa-allvar-i-idre\/#primaryimage\"},\"image\":{\"@id\":\"https:\/\/jorntrahus.se\/nyhet\/nu-finns-vi-pa-allvar-i-idre\/#primaryimage\"},\"thumbnailUrl\":\"https:\/\/jorntrahus.se\/wp-content\/uploads\/2020\/01\/Reportage-J\u00f6rntr\u00e4hus-Idre-Fj\u00e4ll-Skicross-2020-fritidshus-fj\u00e4llstuga-boende-Idre-husbyggsats-husleverant\u00f6r-webb-huvudbild-002.jpg\",\"datePublished\":\"2020-01-18T14:45:43+00:00\",\"dateModified\":\"2022-03-17T14:41:19+00:00\",\"breadcrumb\":{\"@id\":\"https:\/\/jorntrahus.se\/nyhet\/nu-finns-vi-pa-allvar-i-idre\/#breadcrumb\"},\"inLanguage\":\"da-DK\",\"potentialAction\":[{\"@type\":\"ReadAction\",\"target\":[\"https:\/\/jorntrahus.se\/nyhet\/nu-finns-vi-pa-allvar-i-idre\/\"]}]},{\"@type\":\"ImageObject\",\"inLanguage\":\"da-DK\",\"@id\":\"https:\/\/jorntrahus.se\/nyhet\/nu-finns-vi-pa-allvar-i-idre\/#primaryimage\",\"url\":\"https:\/\/jorntrahus.se\/wp-content\/uploads\/2020\/01\/Reportage-J\u00f6rntr\u00e4hus-Idre-Fj\u00e4ll-Skicross-2020-fritidshus-fj\u00e4llstuga-boende-Idre-husbyggsats-husleverant\u00f6r-webb-huvudbild-002.jpg\",\"contentUrl\":\"https:\/\/jorntrahus.se\/wp-content\/uploads\/2020\/01\/Reportage-J\u00f6rntr\u00e4hus-Idre-Fj\u00e4ll-Skicross-2020-fritidshus-fj\u00e4llstuga-boende-Idre-husbyggsats-husleverant\u00f6r-webb-huvudbild-002.jpg\",\"width\":2400,\"height\":1599,\"caption\":\"Reportage J\u00f6rntr\u00e4hus Idre Fj\u00e4ll Skicross 2020 fritidshus fj\u00e4llstuga boende Idre husbyggsats husleverant\u00f6r webb huvudbild 002\"},{\"@type\":\"BreadcrumbList\",\"@id\":\"https:\/\/jorntrahus.se\/nyhet\/nu-finns-vi-pa-allvar-i-idre\/#breadcrumb\",\"itemListElement\":[{\"@type\":\"ListItem\",\"position\":1,\"name\":\"Hem\",\"item\":\"https:\/\/jorntrahus.se\/\"},{\"@type\":\"ListItem\",\"position\":2,\"name\":\"Nu finns vi p\u00e5 allvar i Idre!\"}]},{\"@type\":\"WebSite\",\"@id\":\"https:\/\/jorntrahus.se\/#website\",\"url\":\"https:\/\/jorntrahus.se\/\",\"name\":\"J\u00f6rntr\u00e4hus\",\"description\":\"Hus f\u00f6r den medvetne\",\"publisher\":{\"@id\":\"https:\/\/jorntrahus.se\/#organization\"},\"potentialAction\":[{\"@type\":\"SearchAction\",\"target\":{\"@type\":\"EntryPoint\",\"urlTemplate\":\"https:\/\/jorntrahus.se\/?s={search_term_string}\"},\"query-input\":{\"@type\":\"PropertyValueSpecification\",\"valueRequired\":true,\"valueName\":\"search_term_string\"}}],\"inLanguage\":\"da-DK\"},{\"@type\":\"Organization\",\"@id\":\"https:\/\/jorntrahus.se\/#organization\",\"name\":\"J\u00f6rntr\u00e4hus\",\"url\":\"https:\/\/jorntrahus.se\/\",\"logo\":{\"@type\":\"ImageObject\",\"inLanguage\":\"da-DK\",\"@id\":\"https:\/\/jorntrahus.se\/#\/schema\/logo\/image\/\",\"url\":\"https:\/\/jorntrahus.se\/wp-content\/uploads\/2020\/09\/Jorntrahus_Grund_CMYK.eps\",\"contentUrl\":\"https:\/\/jorntrahus.se\/wp-content\/uploads\/2020\/09\/Jorntrahus_Grund_CMYK.eps\",\"width\":1,\"height\":1,\"caption\":\"J\u00f6rntr\u00e4hus\"},\"image\":{\"@id\":\"https:\/\/jorntrahus.se\/#\/schema\/logo\/image\/\"}},{\"@type\":\"Person\",\"@id\":\"https:\/\/jorntrahus.se\/#\/schema\/person\/1d486a26d13d4df455271c2f02f5ef5c\",\"name\":\"J\u00f6rntr\u00e4hus\",\"image\":{\"@type\":\"ImageObject\",\"inLanguage\":\"da-DK\",\"@id\":\"https:\/\/secure.gravatar.com\/avatar\/e9b8fcf3c4d64603cd3ec2eb8588179dabe6c74041e8c2a09d7ca9e0900a4ad3?s=96&d=mm&r=g\",\"url\":\"https:\/\/secure.gravatar.com\/avatar\/e9b8fcf3c4d64603cd3ec2eb8588179dabe6c74041e8c2a09d7ca9e0900a4ad3?s=96&d=mm&r=g\",\"contentUrl\":\"https:\/\/secure.gravatar.com\/avatar\/e9b8fcf3c4d64603cd3ec2eb8588179dabe6c74041e8c2a09d7ca9e0900a4ad3?s=96&d=mm&r=g\",\"caption\":\"J\u00f6rntr\u00e4hus\"},\"sameAs\":[\"https:\/\/jorntrahus.se\"],\"url\":\"https:\/\/jorntrahus.se\/da\/author\/jorntrahus\/\"}]}<\/script>\n<!-- \/ Yoast SEO plugin. -->","yoast_head_json":{"title":"Nu er vi for alvor i Idre! - J\u00f6rntr\u00e4hus","robots":{"index":"index","follow":"follow","max-snippet":"max-snippet:-1","max-image-preview":"max-image-preview:large","max-video-preview":"max-video-preview:-1"},"canonical":"https:\/\/jorntrahus.se\/da\/nyhed\/nu-er-vi-for-alvor-i-idraet\/","og_locale":"da_DK","og_type":"article","og_title":"Nu finns vi p\u00e5 allvar i Idre! - J\u00f6rntr\u00e4hus","og_description":"J\u00f6rntr\u00e4hus och Idre Fj\u00e4ll har startat ett unikt samarbete f\u00f6r att bli ditt absoluta f\u00f6rstahandsval g\u00e4llande nybyggnation av fj\u00e4llstugor i regionen.","og_url":"https:\/\/jorntrahus.se\/da\/nyhed\/nu-er-vi-for-alvor-i-idraet\/","og_site_name":"J\u00f6rntr\u00e4hus","article_published_time":"2020-01-18T14:45:43+00:00","article_modified_time":"2022-03-17T14:41:19+00:00","og_image":[{"width":2400,"height":1599,"url":"https:\/\/jorntrahus.se\/wp-content\/uploads\/2020\/01\/Reportage-J\u00f6rntr\u00e4hus-Idre-Fj\u00e4ll-Skicross-2020-fritidshus-fj\u00e4llstuga-boende-Idre-husbyggsats-husleverant\u00f6r-webb-huvudbild-002.jpg","type":"image\/jpeg"}],"author":"J\u00f6rntr\u00e4hus","twitter_card":"summary_large_image","twitter_misc":{"Skrevet af":"J\u00f6rntr\u00e4hus","Estimeret l\u00e6setid":"2 minutter"},"schema":{"@context":"https:\/\/schema.org","@graph":[{"@type":"Article","@id":"https:\/\/jorntrahus.se\/nyhet\/nu-finns-vi-pa-allvar-i-idre\/#article","isPartOf":{"@id":"https:\/\/jorntrahus.se\/nyhet\/nu-finns-vi-pa-allvar-i-idre\/"},"author":{"name":"J\u00f6rntr\u00e4hus","@id":"https:\/\/jorntrahus.se\/#\/schema\/person\/1d486a26d13d4df455271c2f02f5ef5c"},"headline":"Nu finns vi p\u00e5 allvar i Idre!","datePublished":"2020-01-18T14:45:43+00:00","dateModified":"2022-03-17T14:41:19+00:00","mainEntityOfPage":{"@id":"https:\/\/jorntrahus.se\/nyhet\/nu-finns-vi-pa-allvar-i-idre\/"},"wordCount":446,"publisher":{"@id":"https:\/\/jorntrahus.se\/#organization"},"image":{"@id":"https:\/\/jorntrahus.se\/nyhet\/nu-finns-vi-pa-allvar-i-idre\/#primaryimage"},"thumbnailUrl":"https:\/\/jorntrahus.se\/wp-content\/uploads\/2020\/01\/Reportage-J\u00f6rntr\u00e4hus-Idre-Fj\u00e4ll-Skicross-2020-fritidshus-fj\u00e4llstuga-boende-Idre-husbyggsats-husleverant\u00f6r-webb-huvudbild-002.jpg","keywords":["fj\u00e4llstugor","Fritidshus","Idre Fj\u00e4ll","samarbete","Skicross","V\u00e4rldscup"],"articleSection":["Nyhet"],"inLanguage":"da-DK"},{"@type":"WebPage","@id":"https:\/\/jorntrahus.se\/nyhet\/nu-finns-vi-pa-allvar-i-idre\/","url":"https:\/\/jorntrahus.se\/nyhet\/nu-finns-vi-pa-allvar-i-idre\/","name":"Nu er vi for alvor i Idre! - J\u00f6rntr\u00e4hus","isPartOf":{"@id":"https:\/\/jorntrahus.se\/#website"},"primaryImageOfPage":{"@id":"https:\/\/jorntrahus.se\/nyhet\/nu-finns-vi-pa-allvar-i-idre\/#primaryimage"},"image":{"@id":"https:\/\/jorntrahus.se\/nyhet\/nu-finns-vi-pa-allvar-i-idre\/#primaryimage"},"thumbnailUrl":"https:\/\/jorntrahus.se\/wp-content\/uploads\/2020\/01\/Reportage-J\u00f6rntr\u00e4hus-Idre-Fj\u00e4ll-Skicross-2020-fritidshus-fj\u00e4llstuga-boende-Idre-husbyggsats-husleverant\u00f6r-webb-huvudbild-002.jpg","datePublished":"2020-01-18T14:45:43+00:00","dateModified":"2022-03-17T14:41:19+00:00","breadcrumb":{"@id":"https:\/\/jorntrahus.se\/nyhet\/nu-finns-vi-pa-allvar-i-idre\/#breadcrumb"},"inLanguage":"da-DK","potentialAction":[{"@type":"ReadAction","target":["https:\/\/jorntrahus.se\/nyhet\/nu-finns-vi-pa-allvar-i-idre\/"]}]},{"@type":"ImageObject","inLanguage":"da-DK","@id":"https:\/\/jorntrahus.se\/nyhet\/nu-finns-vi-pa-allvar-i-idre\/#primaryimage","url":"https:\/\/jorntrahus.se\/wp-content\/uploads\/2020\/01\/Reportage-J\u00f6rntr\u00e4hus-Idre-Fj\u00e4ll-Skicross-2020-fritidshus-fj\u00e4llstuga-boende-Idre-husbyggsats-husleverant\u00f6r-webb-huvudbild-002.jpg","contentUrl":"https:\/\/jorntrahus.se\/wp-content\/uploads\/2020\/01\/Reportage-J\u00f6rntr\u00e4hus-Idre-Fj\u00e4ll-Skicross-2020-fritidshus-fj\u00e4llstuga-boende-Idre-husbyggsats-husleverant\u00f6r-webb-huvudbild-002.jpg","width":2400,"height":1599,"caption":"Reportage J\u00f6rntr\u00e4hus Idre Fj\u00e4ll Skicross 2020 fritidshus fj\u00e4llstuga boende Idre husbyggsats husleverant\u00f6r webb huvudbild 002"},{"@type":"BreadcrumbList","@id":"https:\/\/jorntrahus.se\/nyhet\/nu-finns-vi-pa-allvar-i-idre\/#breadcrumb","itemListElement":[{"@type":"ListItem","position":1,"name":"Hem","item":"https:\/\/jorntrahus.se\/"},{"@type":"ListItem","position":2,"name":"Nu finns vi p\u00e5 allvar i Idre!"}]},{"@type":"WebSite","@id":"https:\/\/jorntrahus.se\/#website","url":"https:\/\/jorntrahus.se\/","name":"J\u00f6rntr\u00e4hus","description":"Huse til de bevidste","publisher":{"@id":"https:\/\/jorntrahus.se\/#organization"},"potentialAction":[{"@type":"SearchAction","target":{"@type":"EntryPoint","urlTemplate":"https:\/\/jorntrahus.se\/?s={search_term_string}"},"query-input":{"@type":"PropertyValueSpecification","valueRequired":true,"valueName":"search_term_string"}}],"inLanguage":"da-DK"},{"@type":"Organization","@id":"https:\/\/jorntrahus.se\/#organization","name":"J\u00f6rntr\u00e4hus","url":"https:\/\/jorntrahus.se\/","logo":{"@type":"ImageObject","inLanguage":"da-DK","@id":"https:\/\/jorntrahus.se\/#\/schema\/logo\/image\/","url":"https:\/\/jorntrahus.se\/wp-content\/uploads\/2020\/09\/Jorntrahus_Grund_CMYK.eps","contentUrl":"https:\/\/jorntrahus.se\/wp-content\/uploads\/2020\/09\/Jorntrahus_Grund_CMYK.eps","width":1,"height":1,"caption":"J\u00f6rntr\u00e4hus"},"image":{"@id":"https:\/\/jorntrahus.se\/#\/schema\/logo\/image\/"}},{"@type":"Person","@id":"https:\/\/jorntrahus.se\/#\/schema\/person\/1d486a26d13d4df455271c2f02f5ef5c","name":"J\u00f6rntr\u00e4hus","image":{"@type":"ImageObject","inLanguage":"da-DK","@id":"https:\/\/secure.gravatar.com\/avatar\/e9b8fcf3c4d64603cd3ec2eb8588179dabe6c74041e8c2a09d7ca9e0900a4ad3?s=96&d=mm&r=g","url":"https:\/\/secure.gravatar.com\/avatar\/e9b8fcf3c4d64603cd3ec2eb8588179dabe6c74041e8c2a09d7ca9e0900a4ad3?s=96&d=mm&r=g","contentUrl":"https:\/\/secure.gravatar.com\/avatar\/e9b8fcf3c4d64603cd3ec2eb8588179dabe6c74041e8c2a09d7ca9e0900a4ad3?s=96&d=mm&r=g","caption":"J\u00f6rntr\u00e4hus"},"sameAs":["https:\/\/jorntrahus.se"],"url":"https:\/\/jorntrahus.se\/da\/author\/jorntrahus\/"}]}},"publishpress_future_action":{"enabled":false,"date":"2026-05-08 19:16:44","action":"change-status","newStatus":"draft","terms":[],"taxonomy":"category","extraData":[]},"publishpress_future_workflow_manual_trigger":{"enabledWorkflows":[]},"_links":{"self":[{"href":"https:\/\/jorntrahus.se\/da\/wp-json\/wp\/v2\/posts\/11544","targetHints":{"allow":["GET"]}}],"collection":[{"href":"https:\/\/jorntrahus.se\/da\/wp-json\/wp\/v2\/posts"}],"about":[{"href":"https:\/\/jorntrahus.se\/da\/wp-json\/wp\/v2\/types\/post"}],"author":[{"embeddable":true,"href":"https:\/\/jorntrahus.se\/da\/wp-json\/wp\/v2\/users\/2"}],"replies":[{"embeddable":true,"href":"https:\/\/jorntrahus.se\/da\/wp-json\/wp\/v2\/comments?post=11544"}],"version-history":[{"count":12,"href":"https:\/\/jorntrahus.se\/da\/wp-json\/wp\/v2\/posts\/11544\/revisions"}],"predecessor-version":[{"id":11669,"href":"https:\/\/jorntrahus.se\/da\/wp-json\/wp\/v2\/posts\/11544\/revisions\/11669"}],"wp:featuredmedia":[{"embeddable":true,"href":"https:\/\/jorntrahus.se\/da\/wp-json\/wp\/v2\/media\/11595"}],"wp:attachment":[{"href":"https:\/\/jorntrahus.se\/da\/wp-json\/wp\/v2\/media?parent=11544"}],"wp:term":[{"taxonomy":"category","embeddable":true,"href":"https:\/\/jorntrahus.se\/da\/wp-json\/wp\/v2\/categories?post=11544"},{"taxonomy":"post_tag","embeddable":true,"href":"https:\/\/jorntrahus.se\/da\/wp-json\/wp\/v2\/tags?post=11544"}],"curies":[{"name":"wp","href":"https:\/\/api.w.org\/{rel}","templated":true}]}}