{"id":12311,"date":"2020-11-16T13:08:04","date_gmt":"2020-11-16T12:08:04","guid":{"rendered":"https:\/\/jorntrahus.se\/?p=12311"},"modified":"2022-03-17T15:40:35","modified_gmt":"2022-03-17T14:40:35","slug":"den-forste-lade-er-klar-og-nu-er-der-flere-pa-vej","status":"publish","type":"post","link":"https:\/\/jorntrahus.se\/da\/foretagsnytt\/forsta-ladhuset-star-klart-och-nu-kommer-fler\/","title":{"rendered":"Den f\u00f8rste stald er klar - og nu er der flere p\u00e5 vej"},"content":{"rendered":"<h3>J\u00f6rntr\u00e4hus hilser kundernes ideer velkommen og er fleksibel i udviklingen af l\u00f8sninger i samr\u00e5d med designerne - et s\u00e6rligt vellykket eksempel st\u00e5r nu klar i Fun\u00e4sdalen. Gennem den lokale s\u00e6lger Owe Korsgren \u00f8nskede kunden en lade med gr\u00e6st\u00f8rvstag, vildmarkspaneler og andre specifikke l\u00f8sninger.<\/h3>\n<p>- Det var et rigtig flot hus med masser af \u201ddeluxe\u201d. Hele vores organisation er meget vant til at levere huse baseret p\u00e5 kundens egne ideer, og ladehuse er en af de husstile, som folk eftersp\u00f8rger meget lige nu. Det kunne vi bruge som udgangspunkt for en helt ny modelgruppe af ladehuse, som kommer til at hedde \u201dK\u00e5gedalen\u201d i det nye katalog, der kommer ved \u00e5rsskiftet,\" siger Gunnar \u00d6lund, salgs- og marketingchef.<\/p>\n\t<div id=\"gap-999507959\" class=\"gap-element clearfix\" style=\"display:block; height:auto;\">\n\t\t\n<style>\n#gap-999507959 {\n  padding-top: 20px;\n}\n<\/style>\n\t<\/div>\n\t\n<div class=\"row\"  id=\"row-287990711\">\n\n\t<div id=\"col-1793464605\" class=\"col medium-6 small-12 large-6\"  >\n\t\t\t\t<div class=\"col-inner\"  >\n\t\t\t\n\t\t\t\n\t<div class=\"img has-hover x md-x lg-x y md-y lg-y\" id=\"image_1383112902\">\n\t\t\t\t\t\t\t\t<div class=\"img-inner dark\" >\n\t\t\t<img loading=\"lazy\" decoding=\"async\" width=\"890\" height=\"750\" src=\"https:\/\/jorntrahus.se\/wp-content\/uploads\/2020\/11\/Kagedalen-S-Ladhus-Kundexempel-Funasdalen-Fritidshus-Villa-Jorntrahus-interior-byggsats-3.jpg\" class=\"attachment-large size-large\" alt=\"Kagedalen S Ladhus Kundeeksempel Funasdalen Feriehus Villa Jorntrahus interior kit 3\" srcset=\"https:\/\/jorntrahus.se\/wp-content\/uploads\/2020\/11\/Kagedalen-S-Ladhus-Kundexempel-Funasdalen-Fritidshus-Villa-Jorntrahus-interior-byggsats-3.jpg 890w, https:\/\/jorntrahus.se\/wp-content\/uploads\/2020\/11\/Kagedalen-S-Ladhus-Kundexempel-Funasdalen-Fritidshus-Villa-Jorntrahus-interior-byggsats-3-600x506.jpg 600w, https:\/\/jorntrahus.se\/wp-content\/uploads\/2020\/11\/Kagedalen-S-Ladhus-Kundexempel-Funasdalen-Fritidshus-Villa-Jorntrahus-interior-byggsats-3-768x647.jpg 768w\" sizes=\"auto, (max-width: 890px) 100vw, 890px\" \/>\t\t\t\t\t\t\n\t\t\t\t\t<\/div>\n\t\t\t\t\t\t\t\t\n<style>\n#image_1383112902 {\n  width: 100%;\n}\n<\/style>\n\t<\/div>\n\t\n\t\t<\/div>\n\t\t\t\t\t<\/div>\n\n\t\n\n\t<div id=\"col-1342521646\" class=\"col medium-6 small-12 large-6\"  >\n\t\t\t\t<div class=\"col-inner\"  >\n\t\t\t\n\t\t\t\n\t<div class=\"img has-hover x md-x lg-x y md-y lg-y\" id=\"image_1282158404\">\n\t\t\t\t\t\t\t\t<div class=\"img-inner dark\" >\n\t\t\t<img loading=\"lazy\" decoding=\"async\" width=\"854\" height=\"720\" src=\"https:\/\/jorntrahus.se\/wp-content\/uploads\/2020\/11\/Kagedalen-S-Ladhus-Kundexempel-Funasdalen-Fritidshus-Villa-Jorntrahus-interior-byggsats-2.jpg\" class=\"attachment-large size-large\" alt=\"Kagedalen S Ladhus Kundeeksempel Funasdalen Sommerhus Villa Jorntrahus interi\u00f8r kit 2\" srcset=\"https:\/\/jorntrahus.se\/wp-content\/uploads\/2020\/11\/Kagedalen-S-Ladhus-Kundexempel-Funasdalen-Fritidshus-Villa-Jorntrahus-interior-byggsats-2.jpg 854w, https:\/\/jorntrahus.se\/wp-content\/uploads\/2020\/11\/Kagedalen-S-Ladhus-Kundexempel-Funasdalen-Fritidshus-Villa-Jorntrahus-interior-byggsats-2-600x506.jpg 600w, https:\/\/jorntrahus.se\/wp-content\/uploads\/2020\/11\/Kagedalen-S-Ladhus-Kundexempel-Funasdalen-Fritidshus-Villa-Jorntrahus-interior-byggsats-2-768x647.jpg 768w\" sizes=\"auto, (max-width: 854px) 100vw, 854px\" \/>\t\t\t\t\t\t\n\t\t\t\t\t<\/div>\n\t\t\t\t\t\t\t\t\n<style>\n#image_1282158404 {\n  width: 100%;\n}\n<\/style>\n\t<\/div>\n\t\n\t\t<\/div>\n\t\t\t\t\t<\/div>\n\n\t\n<\/div>\n\t<div id=\"gap-1331682178\" class=\"gap-element clearfix\" style=\"display:block; height:auto;\">\n\t\t\n<style>\n#gap-1331682178 {\n  padding-top: 20px;\n}\n<\/style>\n\t<\/div>\n\t\n<div class=\"row\"  id=\"row-1926234574\">\n\n\t<div id=\"col-1050221637\" class=\"col small-12 large-12\"  >\n\t\t\t\t<div class=\"col-inner\"  >\n\t\t\t\n\t\t\t\n<div class=\"row\"  id=\"row-1206756637\">\n\n\t<div id=\"col-1148341026\" class=\"col medium-4 small-12 large-4\"  >\n\t\t\t\t<div class=\"col-inner\"  >\n\t\t\t\n\t\t\t\n<a href=\"\/da\/bestall-huskatalog\/\" class=\"button primary is-outline expand\" >\n\t\t<span>Bestil et katalog<\/span>\n\t<\/a>\n\n\t\t<\/div>\n\t\t\t\t\t<\/div>\n\n\t\n\n\t<div id=\"col-489977460\" class=\"col medium-4 small-12 large-4\"  >\n\t\t\t\t<div class=\"col-inner\"  >\n\t\t\t\n\t\t\t\n<a href=\"\/da\/fleksible-tegninger\/\" class=\"button primary is-outline expand\" >\n\t\t<span>Fleksible l\u00f8sninger<\/span>\n\t<\/a>\n\n\t\t<\/div>\n\t\t\t\t\t<\/div>\n\n\t\n\n\t<div id=\"col-2121483471\" class=\"col medium-4 small-12 large-4\"  >\n\t\t\t\t<div class=\"col-inner\"  >\n\t\t\t\n\t\t\t\n<a href=\"\/da\/inspiration\/\" class=\"button primary is-outline expand\" >\n\t\t<span>Inspiration<\/span>\n\t<\/a>\n\n\t\t<\/div>\n\t\t\t\t\t<\/div>\n\n\t\n<\/div>\n\t\t<\/div>\n\t\t\t\t\t<\/div>\n\n\t\n<\/div>\n<p>&nbsp;<\/p>","protected":false},"excerpt":{"rendered":"<p>J\u00f6rntr\u00e4hus hilser kundernes id\u00e9er velkommen og er fleksibel i forhold til at udvikle l\u00f8sninger i samr\u00e5d med designerne.<\/p>","protected":false},"author":2,"featured_media":12313,"comment_status":"closed","ping_status":"closed","sticky":false,"template":"","format":"standard","meta":{"footnotes":""},"categories":[1199],"tags":[1239,1237,1046,1231,1184,1241,1243],"class_list":["post-12311","post","type-post","status-publish","format-standard","has-post-thumbnail","hentry","category-foretagsnytt","tag-funasdalen","tag-husbygge","tag-kundanpassning","tag-prefabricerade-byggdelar","tag-prefabricerade-husblock","tag-torvtak","tag-vildmarkspanel"],"yoast_head":"<!-- This site is optimized with the Yoast SEO plugin v27.2 - https:\/\/yoast.com\/product\/yoast-seo-wordpress\/ -->\n<title>F\u00f6rsta ladhuset st\u00e5r klart \u2013 och nu kommer fler - J\u00f6rntr\u00e4hus<\/title>\n<meta name=\"robots\" content=\"index, follow, max-snippet:-1, max-image-preview:large, max-video-preview:-1\" \/>\n<link rel=\"canonical\" href=\"https:\/\/jorntrahus.se\/da\/forretningsnyheder\/den-forste-lade-er-klar-og-nu-er-der-flere-pa-vej\/\" \/>\n<meta property=\"og:locale\" content=\"da_DK\" \/>\n<meta property=\"og:type\" content=\"article\" \/>\n<meta property=\"og:title\" content=\"F\u00f6rsta ladhuset st\u00e5r klart \u2013 och nu kommer fler - J\u00f6rntr\u00e4hus\" \/>\n<meta property=\"og:description\" content=\"J\u00f6rntr\u00e4hus v\u00e4lkomnar g\u00e4rna kundid\u00e9er och \u00e4r flexibla p\u00e5 att ta fram l\u00f6sningar i samr\u00e5d med konstrukt\u00f6rerna.\" \/>\n<meta property=\"og:url\" content=\"https:\/\/jorntrahus.se\/da\/forretningsnyheder\/den-forste-lade-er-klar-og-nu-er-der-flere-pa-vej\/\" \/>\n<meta property=\"og:site_name\" content=\"J\u00f6rntr\u00e4hus\" \/>\n<meta property=\"article:published_time\" content=\"2020-11-16T12:08:04+00:00\" \/>\n<meta property=\"article:modified_time\" content=\"2022-03-17T14:40:35+00:00\" \/>\n<meta property=\"og:image\" content=\"https:\/\/jorntrahus.se\/wp-content\/uploads\/2020\/11\/Kagedalen-S-Ladhus-Kundexempel-Funasdalen-Fritidshus-Villa-Jorntrahus-interior-byggsats-1.jpg\" \/>\n\t<meta property=\"og:image:width\" content=\"1371\" \/>\n\t<meta property=\"og:image:height\" content=\"1218\" \/>\n\t<meta property=\"og:image:type\" content=\"image\/jpeg\" \/>\n<meta name=\"author\" content=\"J\u00f6rntr\u00e4hus\" \/>\n<meta name=\"twitter:card\" content=\"summary_large_image\" \/>\n<meta name=\"twitter:label1\" content=\"Skrevet af\" \/>\n\t<meta name=\"twitter:data1\" content=\"J\u00f6rntr\u00e4hus\" \/>\n\t<meta name=\"twitter:label2\" content=\"Estimeret l\u00e6setid\" \/>\n\t<meta name=\"twitter:data2\" content=\"1 minut\" \/>\n<script type=\"application\/ld+json\" class=\"yoast-schema-graph\">{\"@context\":\"https:\/\/schema.org\",\"@graph\":[{\"@type\":\"Article\",\"@id\":\"https:\/\/jorntrahus.se\/foretagsnytt\/forsta-ladhuset-star-klart-och-nu-kommer-fler\/#article\",\"isPartOf\":{\"@id\":\"https:\/\/jorntrahus.se\/foretagsnytt\/forsta-ladhuset-star-klart-och-nu-kommer-fler\/\"},\"author\":{\"name\":\"J\u00f6rntr\u00e4hus\",\"@id\":\"https:\/\/jorntrahus.se\/#\/schema\/person\/1d486a26d13d4df455271c2f02f5ef5c\"},\"headline\":\"F\u00f6rsta ladhuset st\u00e5r klart \u2013 och nu kommer fler\",\"datePublished\":\"2020-11-16T12:08:04+00:00\",\"dateModified\":\"2022-03-17T14:40:35+00:00\",\"mainEntityOfPage\":{\"@id\":\"https:\/\/jorntrahus.se\/foretagsnytt\/forsta-ladhuset-star-klart-och-nu-kommer-fler\/\"},\"wordCount\":235,\"publisher\":{\"@id\":\"https:\/\/jorntrahus.se\/#organization\"},\"image\":{\"@id\":\"https:\/\/jorntrahus.se\/foretagsnytt\/forsta-ladhuset-star-klart-och-nu-kommer-fler\/#primaryimage\"},\"thumbnailUrl\":\"https:\/\/jorntrahus.se\/wp-content\/uploads\/2020\/11\/Kagedalen-S-Ladhus-Kundexempel-Funasdalen-Fritidshus-Villa-Jorntrahus-interior-byggsats-1.jpg\",\"keywords\":[\"Fun\u00e4sdalen\",\"husbygge\",\"kundanpassning\",\"prefabricerade byggdelar\",\"prefabricerade husblock\",\"torvtak\",\"vildmarkspanel\"],\"articleSection\":[\"F\u00f6retagsnytt\"],\"inLanguage\":\"da-DK\"},{\"@type\":\"WebPage\",\"@id\":\"https:\/\/jorntrahus.se\/foretagsnytt\/forsta-ladhuset-star-klart-och-nu-kommer-fler\/\",\"url\":\"https:\/\/jorntrahus.se\/foretagsnytt\/forsta-ladhuset-star-klart-och-nu-kommer-fler\/\",\"name\":\"F\u00f6rsta ladhuset st\u00e5r klart \u2013 och nu kommer fler - J\u00f6rntr\u00e4hus\",\"isPartOf\":{\"@id\":\"https:\/\/jorntrahus.se\/#website\"},\"primaryImageOfPage\":{\"@id\":\"https:\/\/jorntrahus.se\/foretagsnytt\/forsta-ladhuset-star-klart-och-nu-kommer-fler\/#primaryimage\"},\"image\":{\"@id\":\"https:\/\/jorntrahus.se\/foretagsnytt\/forsta-ladhuset-star-klart-och-nu-kommer-fler\/#primaryimage\"},\"thumbnailUrl\":\"https:\/\/jorntrahus.se\/wp-content\/uploads\/2020\/11\/Kagedalen-S-Ladhus-Kundexempel-Funasdalen-Fritidshus-Villa-Jorntrahus-interior-byggsats-1.jpg\",\"datePublished\":\"2020-11-16T12:08:04+00:00\",\"dateModified\":\"2022-03-17T14:40:35+00:00\",\"breadcrumb\":{\"@id\":\"https:\/\/jorntrahus.se\/foretagsnytt\/forsta-ladhuset-star-klart-och-nu-kommer-fler\/#breadcrumb\"},\"inLanguage\":\"da-DK\",\"potentialAction\":[{\"@type\":\"ReadAction\",\"target\":[\"https:\/\/jorntrahus.se\/foretagsnytt\/forsta-ladhuset-star-klart-och-nu-kommer-fler\/\"]}]},{\"@type\":\"ImageObject\",\"inLanguage\":\"da-DK\",\"@id\":\"https:\/\/jorntrahus.se\/foretagsnytt\/forsta-ladhuset-star-klart-och-nu-kommer-fler\/#primaryimage\",\"url\":\"https:\/\/jorntrahus.se\/wp-content\/uploads\/2020\/11\/Kagedalen-S-Ladhus-Kundexempel-Funasdalen-Fritidshus-Villa-Jorntrahus-interior-byggsats-1.jpg\",\"contentUrl\":\"https:\/\/jorntrahus.se\/wp-content\/uploads\/2020\/11\/Kagedalen-S-Ladhus-Kundexempel-Funasdalen-Fritidshus-Villa-Jorntrahus-interior-byggsats-1.jpg\",\"width\":1371,\"height\":1218,\"caption\":\"Kagedalen S Ladhus Kundexempel Funasdalen Fritidshus Villa Jorntrahus interior byggsats 1\"},{\"@type\":\"BreadcrumbList\",\"@id\":\"https:\/\/jorntrahus.se\/foretagsnytt\/forsta-ladhuset-star-klart-och-nu-kommer-fler\/#breadcrumb\",\"itemListElement\":[{\"@type\":\"ListItem\",\"position\":1,\"name\":\"Hem\",\"item\":\"https:\/\/jorntrahus.se\/\"},{\"@type\":\"ListItem\",\"position\":2,\"name\":\"F\u00f6rsta ladhuset st\u00e5r klart \u2013 och nu kommer fler\"}]},{\"@type\":\"WebSite\",\"@id\":\"https:\/\/jorntrahus.se\/#website\",\"url\":\"https:\/\/jorntrahus.se\/\",\"name\":\"J\u00f6rntr\u00e4hus\",\"description\":\"Hus f\u00f6r den medvetne\",\"publisher\":{\"@id\":\"https:\/\/jorntrahus.se\/#organization\"},\"potentialAction\":[{\"@type\":\"SearchAction\",\"target\":{\"@type\":\"EntryPoint\",\"urlTemplate\":\"https:\/\/jorntrahus.se\/?s={search_term_string}\"},\"query-input\":{\"@type\":\"PropertyValueSpecification\",\"valueRequired\":true,\"valueName\":\"search_term_string\"}}],\"inLanguage\":\"da-DK\"},{\"@type\":\"Organization\",\"@id\":\"https:\/\/jorntrahus.se\/#organization\",\"name\":\"J\u00f6rntr\u00e4hus\",\"url\":\"https:\/\/jorntrahus.se\/\",\"logo\":{\"@type\":\"ImageObject\",\"inLanguage\":\"da-DK\",\"@id\":\"https:\/\/jorntrahus.se\/#\/schema\/logo\/image\/\",\"url\":\"https:\/\/jorntrahus.se\/wp-content\/uploads\/2020\/09\/Jorntrahus_Grund_CMYK.eps\",\"contentUrl\":\"https:\/\/jorntrahus.se\/wp-content\/uploads\/2020\/09\/Jorntrahus_Grund_CMYK.eps\",\"width\":1,\"height\":1,\"caption\":\"J\u00f6rntr\u00e4hus\"},\"image\":{\"@id\":\"https:\/\/jorntrahus.se\/#\/schema\/logo\/image\/\"}},{\"@type\":\"Person\",\"@id\":\"https:\/\/jorntrahus.se\/#\/schema\/person\/1d486a26d13d4df455271c2f02f5ef5c\",\"name\":\"J\u00f6rntr\u00e4hus\",\"image\":{\"@type\":\"ImageObject\",\"inLanguage\":\"da-DK\",\"@id\":\"https:\/\/secure.gravatar.com\/avatar\/e9b8fcf3c4d64603cd3ec2eb8588179dabe6c74041e8c2a09d7ca9e0900a4ad3?s=96&d=mm&r=g\",\"url\":\"https:\/\/secure.gravatar.com\/avatar\/e9b8fcf3c4d64603cd3ec2eb8588179dabe6c74041e8c2a09d7ca9e0900a4ad3?s=96&d=mm&r=g\",\"contentUrl\":\"https:\/\/secure.gravatar.com\/avatar\/e9b8fcf3c4d64603cd3ec2eb8588179dabe6c74041e8c2a09d7ca9e0900a4ad3?s=96&d=mm&r=g\",\"caption\":\"J\u00f6rntr\u00e4hus\"},\"sameAs\":[\"https:\/\/jorntrahus.se\"],\"url\":\"https:\/\/jorntrahus.se\/da\/author\/jorntrahus\/\"}]}<\/script>\n<!-- \/ Yoast SEO plugin. -->","yoast_head_json":{"title":"F\u00f8rste stald f\u00e6rdig - og flere p\u00e5 vej - J\u00f6rntr\u00e4hus","robots":{"index":"index","follow":"follow","max-snippet":"max-snippet:-1","max-image-preview":"max-image-preview:large","max-video-preview":"max-video-preview:-1"},"canonical":"https:\/\/jorntrahus.se\/da\/forretningsnyheder\/den-forste-lade-er-klar-og-nu-er-der-flere-pa-vej\/","og_locale":"da_DK","og_type":"article","og_title":"F\u00f6rsta ladhuset st\u00e5r klart \u2013 och nu kommer fler - J\u00f6rntr\u00e4hus","og_description":"J\u00f6rntr\u00e4hus v\u00e4lkomnar g\u00e4rna kundid\u00e9er och \u00e4r flexibla p\u00e5 att ta fram l\u00f6sningar i samr\u00e5d med konstrukt\u00f6rerna.","og_url":"https:\/\/jorntrahus.se\/da\/forretningsnyheder\/den-forste-lade-er-klar-og-nu-er-der-flere-pa-vej\/","og_site_name":"J\u00f6rntr\u00e4hus","article_published_time":"2020-11-16T12:08:04+00:00","article_modified_time":"2022-03-17T14:40:35+00:00","og_image":[{"width":1371,"height":1218,"url":"https:\/\/jorntrahus.se\/wp-content\/uploads\/2020\/11\/Kagedalen-S-Ladhus-Kundexempel-Funasdalen-Fritidshus-Villa-Jorntrahus-interior-byggsats-1.jpg","type":"image\/jpeg"}],"author":"J\u00f6rntr\u00e4hus","twitter_card":"summary_large_image","twitter_misc":{"Skrevet af":"J\u00f6rntr\u00e4hus","Estimeret l\u00e6setid":"1 minut"},"schema":{"@context":"https:\/\/schema.org","@graph":[{"@type":"Article","@id":"https:\/\/jorntrahus.se\/foretagsnytt\/forsta-ladhuset-star-klart-och-nu-kommer-fler\/#article","isPartOf":{"@id":"https:\/\/jorntrahus.se\/foretagsnytt\/forsta-ladhuset-star-klart-och-nu-kommer-fler\/"},"author":{"name":"J\u00f6rntr\u00e4hus","@id":"https:\/\/jorntrahus.se\/#\/schema\/person\/1d486a26d13d4df455271c2f02f5ef5c"},"headline":"F\u00f6rsta ladhuset st\u00e5r klart \u2013 och nu kommer fler","datePublished":"2020-11-16T12:08:04+00:00","dateModified":"2022-03-17T14:40:35+00:00","mainEntityOfPage":{"@id":"https:\/\/jorntrahus.se\/foretagsnytt\/forsta-ladhuset-star-klart-och-nu-kommer-fler\/"},"wordCount":235,"publisher":{"@id":"https:\/\/jorntrahus.se\/#organization"},"image":{"@id":"https:\/\/jorntrahus.se\/foretagsnytt\/forsta-ladhuset-star-klart-och-nu-kommer-fler\/#primaryimage"},"thumbnailUrl":"https:\/\/jorntrahus.se\/wp-content\/uploads\/2020\/11\/Kagedalen-S-Ladhus-Kundexempel-Funasdalen-Fritidshus-Villa-Jorntrahus-interior-byggsats-1.jpg","keywords":["Fun\u00e4sdalen","husbygge","kundanpassning","prefabricerade byggdelar","prefabricerade husblock","torvtak","vildmarkspanel"],"articleSection":["F\u00f6retagsnytt"],"inLanguage":"da-DK"},{"@type":"WebPage","@id":"https:\/\/jorntrahus.se\/foretagsnytt\/forsta-ladhuset-star-klart-och-nu-kommer-fler\/","url":"https:\/\/jorntrahus.se\/foretagsnytt\/forsta-ladhuset-star-klart-och-nu-kommer-fler\/","name":"F\u00f8rste stald f\u00e6rdig - og flere p\u00e5 vej - J\u00f6rntr\u00e4hus","isPartOf":{"@id":"https:\/\/jorntrahus.se\/#website"},"primaryImageOfPage":{"@id":"https:\/\/jorntrahus.se\/foretagsnytt\/forsta-ladhuset-star-klart-och-nu-kommer-fler\/#primaryimage"},"image":{"@id":"https:\/\/jorntrahus.se\/foretagsnytt\/forsta-ladhuset-star-klart-och-nu-kommer-fler\/#primaryimage"},"thumbnailUrl":"https:\/\/jorntrahus.se\/wp-content\/uploads\/2020\/11\/Kagedalen-S-Ladhus-Kundexempel-Funasdalen-Fritidshus-Villa-Jorntrahus-interior-byggsats-1.jpg","datePublished":"2020-11-16T12:08:04+00:00","dateModified":"2022-03-17T14:40:35+00:00","breadcrumb":{"@id":"https:\/\/jorntrahus.se\/foretagsnytt\/forsta-ladhuset-star-klart-och-nu-kommer-fler\/#breadcrumb"},"inLanguage":"da-DK","potentialAction":[{"@type":"ReadAction","target":["https:\/\/jorntrahus.se\/foretagsnytt\/forsta-ladhuset-star-klart-och-nu-kommer-fler\/"]}]},{"@type":"ImageObject","inLanguage":"da-DK","@id":"https:\/\/jorntrahus.se\/foretagsnytt\/forsta-ladhuset-star-klart-och-nu-kommer-fler\/#primaryimage","url":"https:\/\/jorntrahus.se\/wp-content\/uploads\/2020\/11\/Kagedalen-S-Ladhus-Kundexempel-Funasdalen-Fritidshus-Villa-Jorntrahus-interior-byggsats-1.jpg","contentUrl":"https:\/\/jorntrahus.se\/wp-content\/uploads\/2020\/11\/Kagedalen-S-Ladhus-Kundexempel-Funasdalen-Fritidshus-Villa-Jorntrahus-interior-byggsats-1.jpg","width":1371,"height":1218,"caption":"Kagedalen S Ladhus Kundexempel Funasdalen Fritidshus Villa Jorntrahus interior byggsats 1"},{"@type":"BreadcrumbList","@id":"https:\/\/jorntrahus.se\/foretagsnytt\/forsta-ladhuset-star-klart-och-nu-kommer-fler\/#breadcrumb","itemListElement":[{"@type":"ListItem","position":1,"name":"Hem","item":"https:\/\/jorntrahus.se\/"},{"@type":"ListItem","position":2,"name":"F\u00f6rsta ladhuset st\u00e5r klart \u2013 och nu kommer fler"}]},{"@type":"WebSite","@id":"https:\/\/jorntrahus.se\/#website","url":"https:\/\/jorntrahus.se\/","name":"J\u00f6rntr\u00e4hus","description":"Huse til de bevidste","publisher":{"@id":"https:\/\/jorntrahus.se\/#organization"},"potentialAction":[{"@type":"SearchAction","target":{"@type":"EntryPoint","urlTemplate":"https:\/\/jorntrahus.se\/?s={search_term_string}"},"query-input":{"@type":"PropertyValueSpecification","valueRequired":true,"valueName":"search_term_string"}}],"inLanguage":"da-DK"},{"@type":"Organization","@id":"https:\/\/jorntrahus.se\/#organization","name":"J\u00f6rntr\u00e4hus","url":"https:\/\/jorntrahus.se\/","logo":{"@type":"ImageObject","inLanguage":"da-DK","@id":"https:\/\/jorntrahus.se\/#\/schema\/logo\/image\/","url":"https:\/\/jorntrahus.se\/wp-content\/uploads\/2020\/09\/Jorntrahus_Grund_CMYK.eps","contentUrl":"https:\/\/jorntrahus.se\/wp-content\/uploads\/2020\/09\/Jorntrahus_Grund_CMYK.eps","width":1,"height":1,"caption":"J\u00f6rntr\u00e4hus"},"image":{"@id":"https:\/\/jorntrahus.se\/#\/schema\/logo\/image\/"}},{"@type":"Person","@id":"https:\/\/jorntrahus.se\/#\/schema\/person\/1d486a26d13d4df455271c2f02f5ef5c","name":"J\u00f6rntr\u00e4hus","image":{"@type":"ImageObject","inLanguage":"da-DK","@id":"https:\/\/secure.gravatar.com\/avatar\/e9b8fcf3c4d64603cd3ec2eb8588179dabe6c74041e8c2a09d7ca9e0900a4ad3?s=96&d=mm&r=g","url":"https:\/\/secure.gravatar.com\/avatar\/e9b8fcf3c4d64603cd3ec2eb8588179dabe6c74041e8c2a09d7ca9e0900a4ad3?s=96&d=mm&r=g","contentUrl":"https:\/\/secure.gravatar.com\/avatar\/e9b8fcf3c4d64603cd3ec2eb8588179dabe6c74041e8c2a09d7ca9e0900a4ad3?s=96&d=mm&r=g","caption":"J\u00f6rntr\u00e4hus"},"sameAs":["https:\/\/jorntrahus.se"],"url":"https:\/\/jorntrahus.se\/da\/author\/jorntrahus\/"}]}},"publishpress_future_action":{"enabled":false,"date":"2026-05-05 01:17:49","action":"change-status","newStatus":"draft","terms":[],"taxonomy":"category","extraData":[]},"publishpress_future_workflow_manual_trigger":{"enabledWorkflows":[]},"_links":{"self":[{"href":"https:\/\/jorntrahus.se\/da\/wp-json\/wp\/v2\/posts\/12311","targetHints":{"allow":["GET"]}}],"collection":[{"href":"https:\/\/jorntrahus.se\/da\/wp-json\/wp\/v2\/posts"}],"about":[{"href":"https:\/\/jorntrahus.se\/da\/wp-json\/wp\/v2\/types\/post"}],"author":[{"embeddable":true,"href":"https:\/\/jorntrahus.se\/da\/wp-json\/wp\/v2\/users\/2"}],"replies":[{"embeddable":true,"href":"https:\/\/jorntrahus.se\/da\/wp-json\/wp\/v2\/comments?post=12311"}],"version-history":[{"count":5,"href":"https:\/\/jorntrahus.se\/da\/wp-json\/wp\/v2\/posts\/12311\/revisions"}],"predecessor-version":[{"id":12323,"href":"https:\/\/jorntrahus.se\/da\/wp-json\/wp\/v2\/posts\/12311\/revisions\/12323"}],"wp:featuredmedia":[{"embeddable":true,"href":"https:\/\/jorntrahus.se\/da\/wp-json\/wp\/v2\/media\/12313"}],"wp:attachment":[{"href":"https:\/\/jorntrahus.se\/da\/wp-json\/wp\/v2\/media?parent=12311"}],"wp:term":[{"taxonomy":"category","embeddable":true,"href":"https:\/\/jorntrahus.se\/da\/wp-json\/wp\/v2\/categories?post=12311"},{"taxonomy":"post_tag","embeddable":true,"href":"https:\/\/jorntrahus.se\/da\/wp-json\/wp\/v2\/tags?post=12311"}],"curies":[{"name":"wp","href":"https:\/\/api.w.org\/{rel}","templated":true}]}}