{"id":13236,"date":"2022-02-18T14:34:50","date_gmt":"2022-02-18T13:34:50","guid":{"rendered":"https:\/\/jorntrahus.se\/?p=13236"},"modified":"2022-03-17T15:39:52","modified_gmt":"2022-03-17T14:39:52","slug":"velkommen-mariana-var-ny-projektleder","status":"publish","type":"post","link":"https:\/\/jorntrahus.se\/da\/nyhet\/valkommen-mariana-var-nya-projektledare\/","title":{"rendered":"Velkommen til Mariana - vores nye projektleder"},"content":{"rendered":"<h3>Mariana Engman er den nye projektleder hos J\u00f6rntr\u00e4hus og vil i sit job styrke og tydeligg\u00f8re vores leveringsproces. Hun har tidligere arbejdet som designer og projektleder hos WSP.<\/h3>\n<p><strong>Hvad fik dig til at s\u00f8ge jobbet?<br \/>\n<\/strong>- Det l\u00f8d som en sp\u00e6ndende rolle i en interessant virksomhed, der bev\u00e6ger sig fremad. Jeg har v\u00e6ret hos WSP i lang tid og ville gerne pr\u00f8ve noget nyt. Hos J\u00f6rntr\u00e4hus f\u00e5r jeg en helt ny rolle, som jeg selv kan v\u00e6re med til at forme, det f\u00f8les meget inspirerende.<\/p>\n<p><strong>Hvad er dine opgaver som projektleder?<br \/>\n<\/strong>- Jeg koordinerer og har en holistisk tilgang til projekter. Jeg s\u00f8rger for, at vi leverer til tiden og bliver betalt for det. Ideen er ogs\u00e5 at g\u00f8re tingene mere overskuelige for vores kunder. Jeg bliver deres kontaktperson og fordeler derefter opgaverne i organisationen.<\/p>\n<p><strong>Du har arbejdet 13,5 \u00e5r som designer og projektleder inden for byggeri hos WSP. Hvad tager du med derfra til din nye rolle hos J\u00f6rntr\u00e4hus?<\/strong><br \/>\n- \"Min erfaring som designer betyder, at jeg har en teknisk ekspertise, som vil v\u00e6re til stor gavn for mig hos J\u00f6rntr\u00e4hus. Jeg har ogs\u00e5 arbejdet med projektledelse, som indeb\u00e6rer en masse koordinering og kontakt med konsulenter og kunder, opgaver som ligner det, jeg skal lave som projektleder nu. Det, der g\u00f8r J\u00f6rntr\u00e4hus anderledes, er, at jeg f\u00e5r lov til at v\u00e6re med hele vejen, fra en opgave bliver solgt, til hele bygningen st\u00e5r f\u00e6rdig. Det f\u00f8les sjovt!<\/p>\n<p><strong>Hvad er dine f\u00f8rste projekter?<br \/>\n<\/strong>- Jeg arbejder i \u00f8jeblikket p\u00e5 Kvarnbacken og Birkarlen i K\u00e5ge. Snart bliver jeg ogs\u00e5 involveret i Sidsj\u00f6\u00e4ngen i Sundsvall, hvor vi bygger r\u00e6kkehuslejligheder.<\/p>\n<p><strong>Hvad kan du lide at lave, n\u00e5r du ikke arbejder?<br \/>\n<\/strong>- At tilbringe tid med familie og venner. Min partner og jeg har to d\u00f8tre p\u00e5 7 og 10 \u00e5r. Vi kan godt lide at rejse, b\u00e5de i Sverige og i udlandet. Om vinteren kan vi godt lide at st\u00e5 p\u00e5 ski i \u00c5re og Hemavan. Til for\u00e5ret skal vi bygge huset om, s\u00e5 det f\u00e5r vi travlt med.<\/p>","protected":false},"excerpt":{"rendered":"<p>Mariana Engman er den nye projektleder hos J\u00f6rntr\u00e4hus og vil i sit job styrke og tydeligg\u00f8re vores leveringsproces. Hun har tidligere arbejdet som designer og projektleder hos WSP.<\/p>","protected":false},"author":2,"featured_media":13237,"comment_status":"closed","ping_status":"closed","sticky":false,"template":"","format":"standard","meta":{"footnotes":""},"categories":[1199,6],"tags":[1104,1373],"class_list":["post-13236","post","type-post","status-publish","format-standard","has-post-thumbnail","hentry","category-foretagsnytt","category-nyhet","tag-medarbetare","tag-projektledare"],"yoast_head":"<!-- This site is optimized with the Yoast SEO plugin v27.2 - https:\/\/yoast.com\/product\/yoast-seo-wordpress\/ -->\n<title>V\u00e4lkommen Mariana \u2013 v\u00e5r nya projektledare<\/title>\n<meta name=\"description\" content=\"Mariana Engman \u00e4r ny projektledare p\u00e5 J\u00f6rntr\u00e4hus. Hon har tidigare arbetat som konstrukt\u00f6r och uppdragsledare p\u00e5 WSP.\" \/>\n<meta name=\"robots\" content=\"index, follow, max-snippet:-1, max-image-preview:large, max-video-preview:-1\" \/>\n<link rel=\"canonical\" href=\"https:\/\/jorntrahus.se\/da\/nyhed\/velkommen-mariana-var-ny-projektleder\/\" \/>\n<meta property=\"og:locale\" content=\"da_DK\" \/>\n<meta property=\"og:type\" content=\"article\" \/>\n<meta property=\"og:title\" content=\"V\u00e4lkommen Mariana \u2013 v\u00e5r nya projektledare\" \/>\n<meta property=\"og:description\" content=\"Mariana Engman \u00e4r ny projektledare p\u00e5 J\u00f6rntr\u00e4hus. Hon har tidigare arbetat som konstrukt\u00f6r och uppdragsledare p\u00e5 WSP.\" \/>\n<meta property=\"og:url\" content=\"https:\/\/jorntrahus.se\/da\/nyhed\/velkommen-mariana-var-ny-projektleder\/\" \/>\n<meta property=\"og:site_name\" content=\"J\u00f6rntr\u00e4hus\" \/>\n<meta property=\"article:published_time\" content=\"2022-02-18T13:34:50+00:00\" \/>\n<meta property=\"article:modified_time\" content=\"2022-03-17T14:39:52+00:00\" \/>\n<meta property=\"og:image\" content=\"https:\/\/jorntrahus.se\/wp-content\/uploads\/2022\/02\/Mariana-Engman-projektledare-Jorntrahus-Valkommen.jpg\" \/>\n\t<meta property=\"og:image:width\" content=\"2400\" \/>\n\t<meta property=\"og:image:height\" content=\"1350\" \/>\n\t<meta property=\"og:image:type\" content=\"image\/jpeg\" \/>\n<meta name=\"author\" content=\"J\u00f6rntr\u00e4hus\" \/>\n<meta name=\"twitter:card\" content=\"summary_large_image\" \/>\n<meta name=\"twitter:image\" content=\"https:\/\/jorntrahus.se\/wp-content\/uploads\/2022\/02\/Mariana-Engman-projektledare-Jorntrahus-Valkommen.jpg\" \/>\n<meta name=\"twitter:label1\" content=\"Skrevet af\" \/>\n\t<meta name=\"twitter:data1\" content=\"J\u00f6rntr\u00e4hus\" \/>\n\t<meta name=\"twitter:label2\" content=\"Estimeret l\u00e6setid\" \/>\n\t<meta name=\"twitter:data2\" content=\"2 minutter\" \/>\n<script type=\"application\/ld+json\" class=\"yoast-schema-graph\">{\"@context\":\"https:\/\/schema.org\",\"@graph\":[{\"@type\":\"Article\",\"@id\":\"https:\/\/jorntrahus.se\/nyhet\/valkommen-mariana-var-nya-projektledare\/#article\",\"isPartOf\":{\"@id\":\"https:\/\/jorntrahus.se\/nyhet\/valkommen-mariana-var-nya-projektledare\/\"},\"author\":{\"name\":\"J\u00f6rntr\u00e4hus\",\"@id\":\"https:\/\/jorntrahus.se\/#\/schema\/person\/1d486a26d13d4df455271c2f02f5ef5c\"},\"headline\":\"V\u00e4lkommen Mariana \u2013 v\u00e5r nya projektledare\",\"datePublished\":\"2022-02-18T13:34:50+00:00\",\"dateModified\":\"2022-03-17T14:39:52+00:00\",\"mainEntityOfPage\":{\"@id\":\"https:\/\/jorntrahus.se\/nyhet\/valkommen-mariana-var-nya-projektledare\/\"},\"wordCount\":387,\"publisher\":{\"@id\":\"https:\/\/jorntrahus.se\/#organization\"},\"image\":{\"@id\":\"https:\/\/jorntrahus.se\/nyhet\/valkommen-mariana-var-nya-projektledare\/#primaryimage\"},\"thumbnailUrl\":\"https:\/\/jorntrahus.se\/wp-content\/uploads\/2022\/02\/Mariana-Engman-projektledare-Jorntrahus-Valkommen.jpg\",\"keywords\":[\"medarbetare\",\"projektledare\"],\"articleSection\":[\"F\u00f6retagsnytt\",\"Nyhet\"],\"inLanguage\":\"da-DK\"},{\"@type\":\"WebPage\",\"@id\":\"https:\/\/jorntrahus.se\/nyhet\/valkommen-mariana-var-nya-projektledare\/\",\"url\":\"https:\/\/jorntrahus.se\/nyhet\/valkommen-mariana-var-nya-projektledare\/\",\"name\":\"V\u00e4lkommen Mariana \u2013 v\u00e5r nya projektledare\",\"isPartOf\":{\"@id\":\"https:\/\/jorntrahus.se\/#website\"},\"primaryImageOfPage\":{\"@id\":\"https:\/\/jorntrahus.se\/nyhet\/valkommen-mariana-var-nya-projektledare\/#primaryimage\"},\"image\":{\"@id\":\"https:\/\/jorntrahus.se\/nyhet\/valkommen-mariana-var-nya-projektledare\/#primaryimage\"},\"thumbnailUrl\":\"https:\/\/jorntrahus.se\/wp-content\/uploads\/2022\/02\/Mariana-Engman-projektledare-Jorntrahus-Valkommen.jpg\",\"datePublished\":\"2022-02-18T13:34:50+00:00\",\"dateModified\":\"2022-03-17T14:39:52+00:00\",\"description\":\"Mariana Engman \u00e4r ny projektledare p\u00e5 J\u00f6rntr\u00e4hus. Hon har tidigare arbetat som konstrukt\u00f6r och uppdragsledare p\u00e5 WSP.\",\"breadcrumb\":{\"@id\":\"https:\/\/jorntrahus.se\/nyhet\/valkommen-mariana-var-nya-projektledare\/#breadcrumb\"},\"inLanguage\":\"da-DK\",\"potentialAction\":[{\"@type\":\"ReadAction\",\"target\":[\"https:\/\/jorntrahus.se\/nyhet\/valkommen-mariana-var-nya-projektledare\/\"]}]},{\"@type\":\"ImageObject\",\"inLanguage\":\"da-DK\",\"@id\":\"https:\/\/jorntrahus.se\/nyhet\/valkommen-mariana-var-nya-projektledare\/#primaryimage\",\"url\":\"https:\/\/jorntrahus.se\/wp-content\/uploads\/2022\/02\/Mariana-Engman-projektledare-Jorntrahus-Valkommen.jpg\",\"contentUrl\":\"https:\/\/jorntrahus.se\/wp-content\/uploads\/2022\/02\/Mariana-Engman-projektledare-Jorntrahus-Valkommen.jpg\",\"width\":2400,\"height\":1350,\"caption\":\"Mariana Engman projektledare Jorntrahus Valkommen\"},{\"@type\":\"BreadcrumbList\",\"@id\":\"https:\/\/jorntrahus.se\/nyhet\/valkommen-mariana-var-nya-projektledare\/#breadcrumb\",\"itemListElement\":[{\"@type\":\"ListItem\",\"position\":1,\"name\":\"Hem\",\"item\":\"https:\/\/jorntrahus.se\/\"},{\"@type\":\"ListItem\",\"position\":2,\"name\":\"V\u00e4lkommen Mariana \u2013 v\u00e5r nya projektledare\"}]},{\"@type\":\"WebSite\",\"@id\":\"https:\/\/jorntrahus.se\/#website\",\"url\":\"https:\/\/jorntrahus.se\/\",\"name\":\"J\u00f6rntr\u00e4hus\",\"description\":\"Hus f\u00f6r den medvetne\",\"publisher\":{\"@id\":\"https:\/\/jorntrahus.se\/#organization\"},\"potentialAction\":[{\"@type\":\"SearchAction\",\"target\":{\"@type\":\"EntryPoint\",\"urlTemplate\":\"https:\/\/jorntrahus.se\/?s={search_term_string}\"},\"query-input\":{\"@type\":\"PropertyValueSpecification\",\"valueRequired\":true,\"valueName\":\"search_term_string\"}}],\"inLanguage\":\"da-DK\"},{\"@type\":\"Organization\",\"@id\":\"https:\/\/jorntrahus.se\/#organization\",\"name\":\"J\u00f6rntr\u00e4hus\",\"url\":\"https:\/\/jorntrahus.se\/\",\"logo\":{\"@type\":\"ImageObject\",\"inLanguage\":\"da-DK\",\"@id\":\"https:\/\/jorntrahus.se\/#\/schema\/logo\/image\/\",\"url\":\"https:\/\/jorntrahus.se\/wp-content\/uploads\/2020\/09\/Jorntrahus_Grund_CMYK.eps\",\"contentUrl\":\"https:\/\/jorntrahus.se\/wp-content\/uploads\/2020\/09\/Jorntrahus_Grund_CMYK.eps\",\"width\":1,\"height\":1,\"caption\":\"J\u00f6rntr\u00e4hus\"},\"image\":{\"@id\":\"https:\/\/jorntrahus.se\/#\/schema\/logo\/image\/\"}},{\"@type\":\"Person\",\"@id\":\"https:\/\/jorntrahus.se\/#\/schema\/person\/1d486a26d13d4df455271c2f02f5ef5c\",\"name\":\"J\u00f6rntr\u00e4hus\",\"image\":{\"@type\":\"ImageObject\",\"inLanguage\":\"da-DK\",\"@id\":\"https:\/\/secure.gravatar.com\/avatar\/e9b8fcf3c4d64603cd3ec2eb8588179dabe6c74041e8c2a09d7ca9e0900a4ad3?s=96&d=mm&r=g\",\"url\":\"https:\/\/secure.gravatar.com\/avatar\/e9b8fcf3c4d64603cd3ec2eb8588179dabe6c74041e8c2a09d7ca9e0900a4ad3?s=96&d=mm&r=g\",\"contentUrl\":\"https:\/\/secure.gravatar.com\/avatar\/e9b8fcf3c4d64603cd3ec2eb8588179dabe6c74041e8c2a09d7ca9e0900a4ad3?s=96&d=mm&r=g\",\"caption\":\"J\u00f6rntr\u00e4hus\"},\"sameAs\":[\"https:\/\/jorntrahus.se\"],\"url\":\"https:\/\/jorntrahus.se\/da\/author\/jorntrahus\/\"}]}<\/script>\n<!-- \/ Yoast SEO plugin. -->","yoast_head_json":{"title":"Velkommen til Mariana - vores nye projektleder","description":"Mariana Engman er ny projektleder hos J\u00f6rntr\u00e4hus. Hun har tidligere arbejdet som designer og projektleder hos WSP.","robots":{"index":"index","follow":"follow","max-snippet":"max-snippet:-1","max-image-preview":"max-image-preview:large","max-video-preview":"max-video-preview:-1"},"canonical":"https:\/\/jorntrahus.se\/da\/nyhed\/velkommen-mariana-var-ny-projektleder\/","og_locale":"da_DK","og_type":"article","og_title":"V\u00e4lkommen Mariana \u2013 v\u00e5r nya projektledare","og_description":"Mariana Engman \u00e4r ny projektledare p\u00e5 J\u00f6rntr\u00e4hus. Hon har tidigare arbetat som konstrukt\u00f6r och uppdragsledare p\u00e5 WSP.","og_url":"https:\/\/jorntrahus.se\/da\/nyhed\/velkommen-mariana-var-ny-projektleder\/","og_site_name":"J\u00f6rntr\u00e4hus","article_published_time":"2022-02-18T13:34:50+00:00","article_modified_time":"2022-03-17T14:39:52+00:00","og_image":[{"width":2400,"height":1350,"url":"https:\/\/jorntrahus.se\/wp-content\/uploads\/2022\/02\/Mariana-Engman-projektledare-Jorntrahus-Valkommen.jpg","type":"image\/jpeg"}],"author":"J\u00f6rntr\u00e4hus","twitter_card":"summary_large_image","twitter_image":"https:\/\/jorntrahus.se\/wp-content\/uploads\/2022\/02\/Mariana-Engman-projektledare-Jorntrahus-Valkommen.jpg","twitter_misc":{"Skrevet af":"J\u00f6rntr\u00e4hus","Estimeret l\u00e6setid":"2 minutter"},"schema":{"@context":"https:\/\/schema.org","@graph":[{"@type":"Article","@id":"https:\/\/jorntrahus.se\/nyhet\/valkommen-mariana-var-nya-projektledare\/#article","isPartOf":{"@id":"https:\/\/jorntrahus.se\/nyhet\/valkommen-mariana-var-nya-projektledare\/"},"author":{"name":"J\u00f6rntr\u00e4hus","@id":"https:\/\/jorntrahus.se\/#\/schema\/person\/1d486a26d13d4df455271c2f02f5ef5c"},"headline":"V\u00e4lkommen Mariana \u2013 v\u00e5r nya projektledare","datePublished":"2022-02-18T13:34:50+00:00","dateModified":"2022-03-17T14:39:52+00:00","mainEntityOfPage":{"@id":"https:\/\/jorntrahus.se\/nyhet\/valkommen-mariana-var-nya-projektledare\/"},"wordCount":387,"publisher":{"@id":"https:\/\/jorntrahus.se\/#organization"},"image":{"@id":"https:\/\/jorntrahus.se\/nyhet\/valkommen-mariana-var-nya-projektledare\/#primaryimage"},"thumbnailUrl":"https:\/\/jorntrahus.se\/wp-content\/uploads\/2022\/02\/Mariana-Engman-projektledare-Jorntrahus-Valkommen.jpg","keywords":["medarbetare","projektledare"],"articleSection":["F\u00f6retagsnytt","Nyhet"],"inLanguage":"da-DK"},{"@type":"WebPage","@id":"https:\/\/jorntrahus.se\/nyhet\/valkommen-mariana-var-nya-projektledare\/","url":"https:\/\/jorntrahus.se\/nyhet\/valkommen-mariana-var-nya-projektledare\/","name":"Velkommen til Mariana - vores nye projektleder","isPartOf":{"@id":"https:\/\/jorntrahus.se\/#website"},"primaryImageOfPage":{"@id":"https:\/\/jorntrahus.se\/nyhet\/valkommen-mariana-var-nya-projektledare\/#primaryimage"},"image":{"@id":"https:\/\/jorntrahus.se\/nyhet\/valkommen-mariana-var-nya-projektledare\/#primaryimage"},"thumbnailUrl":"https:\/\/jorntrahus.se\/wp-content\/uploads\/2022\/02\/Mariana-Engman-projektledare-Jorntrahus-Valkommen.jpg","datePublished":"2022-02-18T13:34:50+00:00","dateModified":"2022-03-17T14:39:52+00:00","description":"Mariana Engman er ny projektleder hos J\u00f6rntr\u00e4hus. Hun har tidligere arbejdet som designer og projektleder hos WSP.","breadcrumb":{"@id":"https:\/\/jorntrahus.se\/nyhet\/valkommen-mariana-var-nya-projektledare\/#breadcrumb"},"inLanguage":"da-DK","potentialAction":[{"@type":"ReadAction","target":["https:\/\/jorntrahus.se\/nyhet\/valkommen-mariana-var-nya-projektledare\/"]}]},{"@type":"ImageObject","inLanguage":"da-DK","@id":"https:\/\/jorntrahus.se\/nyhet\/valkommen-mariana-var-nya-projektledare\/#primaryimage","url":"https:\/\/jorntrahus.se\/wp-content\/uploads\/2022\/02\/Mariana-Engman-projektledare-Jorntrahus-Valkommen.jpg","contentUrl":"https:\/\/jorntrahus.se\/wp-content\/uploads\/2022\/02\/Mariana-Engman-projektledare-Jorntrahus-Valkommen.jpg","width":2400,"height":1350,"caption":"Mariana Engman projektledare Jorntrahus Valkommen"},{"@type":"BreadcrumbList","@id":"https:\/\/jorntrahus.se\/nyhet\/valkommen-mariana-var-nya-projektledare\/#breadcrumb","itemListElement":[{"@type":"ListItem","position":1,"name":"Hem","item":"https:\/\/jorntrahus.se\/"},{"@type":"ListItem","position":2,"name":"V\u00e4lkommen Mariana \u2013 v\u00e5r nya projektledare"}]},{"@type":"WebSite","@id":"https:\/\/jorntrahus.se\/#website","url":"https:\/\/jorntrahus.se\/","name":"J\u00f6rntr\u00e4hus","description":"Huse til de bevidste","publisher":{"@id":"https:\/\/jorntrahus.se\/#organization"},"potentialAction":[{"@type":"SearchAction","target":{"@type":"EntryPoint","urlTemplate":"https:\/\/jorntrahus.se\/?s={search_term_string}"},"query-input":{"@type":"PropertyValueSpecification","valueRequired":true,"valueName":"search_term_string"}}],"inLanguage":"da-DK"},{"@type":"Organization","@id":"https:\/\/jorntrahus.se\/#organization","name":"J\u00f6rntr\u00e4hus","url":"https:\/\/jorntrahus.se\/","logo":{"@type":"ImageObject","inLanguage":"da-DK","@id":"https:\/\/jorntrahus.se\/#\/schema\/logo\/image\/","url":"https:\/\/jorntrahus.se\/wp-content\/uploads\/2020\/09\/Jorntrahus_Grund_CMYK.eps","contentUrl":"https:\/\/jorntrahus.se\/wp-content\/uploads\/2020\/09\/Jorntrahus_Grund_CMYK.eps","width":1,"height":1,"caption":"J\u00f6rntr\u00e4hus"},"image":{"@id":"https:\/\/jorntrahus.se\/#\/schema\/logo\/image\/"}},{"@type":"Person","@id":"https:\/\/jorntrahus.se\/#\/schema\/person\/1d486a26d13d4df455271c2f02f5ef5c","name":"J\u00f6rntr\u00e4hus","image":{"@type":"ImageObject","inLanguage":"da-DK","@id":"https:\/\/secure.gravatar.com\/avatar\/e9b8fcf3c4d64603cd3ec2eb8588179dabe6c74041e8c2a09d7ca9e0900a4ad3?s=96&d=mm&r=g","url":"https:\/\/secure.gravatar.com\/avatar\/e9b8fcf3c4d64603cd3ec2eb8588179dabe6c74041e8c2a09d7ca9e0900a4ad3?s=96&d=mm&r=g","contentUrl":"https:\/\/secure.gravatar.com\/avatar\/e9b8fcf3c4d64603cd3ec2eb8588179dabe6c74041e8c2a09d7ca9e0900a4ad3?s=96&d=mm&r=g","caption":"J\u00f6rntr\u00e4hus"},"sameAs":["https:\/\/jorntrahus.se"],"url":"https:\/\/jorntrahus.se\/da\/author\/jorntrahus\/"}]}},"publishpress_future_action":{"enabled":false,"date":"2026-05-05 01:16:42","action":"change-status","newStatus":"draft","terms":[],"taxonomy":"category","extraData":[]},"publishpress_future_workflow_manual_trigger":{"enabledWorkflows":[]},"_links":{"self":[{"href":"https:\/\/jorntrahus.se\/da\/wp-json\/wp\/v2\/posts\/13236","targetHints":{"allow":["GET"]}}],"collection":[{"href":"https:\/\/jorntrahus.se\/da\/wp-json\/wp\/v2\/posts"}],"about":[{"href":"https:\/\/jorntrahus.se\/da\/wp-json\/wp\/v2\/types\/post"}],"author":[{"embeddable":true,"href":"https:\/\/jorntrahus.se\/da\/wp-json\/wp\/v2\/users\/2"}],"replies":[{"embeddable":true,"href":"https:\/\/jorntrahus.se\/da\/wp-json\/wp\/v2\/comments?post=13236"}],"version-history":[{"count":5,"href":"https:\/\/jorntrahus.se\/da\/wp-json\/wp\/v2\/posts\/13236\/revisions"}],"predecessor-version":[{"id":13243,"href":"https:\/\/jorntrahus.se\/da\/wp-json\/wp\/v2\/posts\/13236\/revisions\/13243"}],"wp:featuredmedia":[{"embeddable":true,"href":"https:\/\/jorntrahus.se\/da\/wp-json\/wp\/v2\/media\/13237"}],"wp:attachment":[{"href":"https:\/\/jorntrahus.se\/da\/wp-json\/wp\/v2\/media?parent=13236"}],"wp:term":[{"taxonomy":"category","embeddable":true,"href":"https:\/\/jorntrahus.se\/da\/wp-json\/wp\/v2\/categories?post=13236"},{"taxonomy":"post_tag","embeddable":true,"href":"https:\/\/jorntrahus.se\/da\/wp-json\/wp\/v2\/tags?post=13236"}],"curies":[{"name":"wp","href":"https:\/\/api.w.org\/{rel}","templated":true}]}}