{"id":14648,"date":"2024-09-16T12:53:55","date_gmt":"2024-09-16T10:53:55","guid":{"rendered":"https:\/\/jorntrahus.se\/?p=14648"},"modified":"2024-11-06T14:45:12","modified_gmt":"2024-11-06T13:45:12","slug":"vi-soger-en-produktionsleder","status":"publish","type":"post","link":"https:\/\/jorntrahus.se\/da\/foretagsnytt\/vi-soker-produktionschef\/","title":{"rendered":"Vi s\u00f6ker produktionschef [TILLSATT]"},"content":{"rendered":"<div class=\"row\"  id=\"row-1951440521\">\n\n\t<div id=\"col-43086565\" class=\"col small-12 large-12\"  >\n\t\t\t\t<div class=\"col-inner\"  >\n\t\t\t\n\t\t\t\n\t<div id=\"gap-839501256\" class=\"gap-element clearfix\" style=\"display:block; height:auto;\">\n\t\t\n<style>\n#gap-839501256 {\n  padding-top: 10px;\n}\n<\/style>\n\t<\/div>\n\t\n<h3 style=\"margin-bottom: 30px;\"><span style=\"font-size: 115%;\">Er du en dreven og omhyggelig leder med gode samarbejdsevner? Har du arbejdet i tr\u00e6industrien eller byggebranchen? S\u00e5 vil du passe ind hos os!<\/span><\/h3>\n<h3>Om tjenesten<\/h3>\n<p>Vi s\u00f8ger nu en produktionschef til vores husfabrik i J\u00f6rn. I denne rolle vil du styre den daglige drift af vores produktion. Du har personaleansvar og arbejdsmilj\u00f8ansvar for vores fagl\u00e6rte medarbejdere. Du arbejder t\u00e6t sammen med vores CEO om at planl\u00e6gge og organisere driften og overv\u00e5ge b\u00e5de \u00f8konomi og effektivitet. Du er ansvarlig for bemanding og produktionsplaner og er involveret i indk\u00f8b, kundekontakt og produktionsberegninger.<\/p>\n<h3>Dine passioner og kvalifikationer<\/h3>\n<p class=\"p1\">Vi tror p\u00e5, at du trives i lederrollen og har evnen til at motivere medarbejderne til at n\u00e5 de fastsatte m\u00e5l. Virksomheden hos J\u00f6rntr\u00e4hus er i konstant udvikling, og du skal f\u00f8le dig sikker i rollen som forandringsleder.<\/p>\n<p>Vi ser gerne, at du har tidligere erfaring med lignende opgaver og\/eller en relevant uddannelse. Du skal v\u00e6re lydh\u00f8r, kommunikativ, resultatorienteret, god til at samarbejde og interesseret i personale- og produktionssp\u00f8rgsm\u00e5l. Vi leder efter en synlig og tydelig leder med evnen til at v\u00e6re ude i produktionen og kommunikere b\u00e5de internt og eksternt.<\/p>\n<p>Vi tror, at du har interesse for teknologi, erfaring fra industriel produktion og gerne mange \u00e5rs erfaring som leder i produktionen. Kendskab til og erfaring med at arbejde med produktionsflows, gerne 5S og LEAN, er \u00f8nskeligt.<\/p>\n<h3>Hvem er vi?<\/h3>\n<p>Vi har arbejdet med tr\u00e6 siden 1932 og bygget huse siden begyndelsen af 1960'erne. I dag er vi en moderne producent af b\u00e6redygtige feriehuse af h\u00f8j kvalitet i det nordlige Sverige. P\u00e5 vores husfabrik i J\u00f6rn i det nordlige V\u00e4sterbotten arbejder omkring 30 medarbejdere p\u00e5 at give flere mennesker mulighed for at opleve, hvordan det er at bo i huse, der er skr\u00e6ddersyet til deres egne behov og visioner. For vi tror p\u00e5, at hvis vi kan hj\u00e6lpe flere mennesker med at f\u00f8le sig godt tilpas og tilbringe tid med deres k\u00e6re uden un\u00f8dig milj\u00f8p\u00e5virkning, s\u00e5 er vi med til at opbygge et sundere og bedre samfund.<\/p>\n<p>Vi har den lille virksomheds f\u00f8lelse med den store virksomheds styrke. Vi er en del af Contractor Group, hvilket giver dig gode muligheder for kompetenceudvikling - og personlig udvikling.<\/p>\n<h3>Vi p\u00e5 J\u00f6rntr\u00e4hus<\/h3>\n<p>Hos J\u00f6rntr\u00e4hus kommer du til at arbejde sammen med nogle af Norrlands mest engagerede og talentfulde medarbejdere. Du bliver en del af en flad organisation med t\u00e6t beslutningstagning.<\/p>\n<p>Hos os f\u00e5r du mulighed for at blive en del af et selvsikkert team, der br\u00e6nder for at designe, konstruere og fremstille huss\u00e6t, der hj\u00e6lper folk med at realisere b\u00e6redygtige boligdr\u00f8mme.<\/p>\n<p>Br\u00e6nder du for at arbejde med tr\u00e6, og ser du husbygning som et h\u00e5ndv\u00e6rk? Kan du lide at afpr\u00f8ve forskellige arbejdstrin? Vil du v\u00e6re en del af en virksomhed i v\u00e6kst, som er en del af en st\u00e6rk gruppe? Er du passioneret?<\/p>\n<h3>Velkommen med din ans\u00f8gning!<\/h3>\n<p>Du kan sende din ans\u00f8gning via vores rekrutteringstjeneste Jobylon.<\/p>\n<p>For yderligere information kontakt venligst vores CEO Peter Gyllenberg 010-130 78 04.<\/p>\n<a href=\"https:\/\/emp.jobylon.com\/jobs\/248064-jorntrahus-produktionschef\/\" target=\"_blank\" class=\"button primary\" rel=\"noopener\" >\n\t\t<span>Indsend ans\u00f8gningen<\/span>\n\t<\/a>\n\n\t<div id=\"gap-2050989807\" class=\"gap-element clearfix\" style=\"display:block; height:auto;\">\n\t\t\n<style>\n#gap-2050989807 {\n  padding-top: 50px;\n}\n<\/style>\n\t<\/div>\n\t\n  <div class=\"banner-grid-wrapper\">\n  <div id=\"banner-grid-2736022\" class=\"banner-grid row row-grid row-small\" data-packery-options=\"\">\n                      \n<div class=\"col grid-col large-6 grid-col-2-3\" ><div class=\"col-inner\">\n\t<div class=\"img has-hover x md-x lg-x y md-y lg-y\" id=\"image_1983986067\">\n\t\t\t\t\t\t\t\t<div class=\"img-inner dark\" >\n\t\t\t<img loading=\"lazy\" decoding=\"async\" width=\"1020\" height=\"681\" src=\"https:\/\/jorntrahus.se\/wp-content\/uploads\/2020\/11\/Fritidshus-Hus-Villor-byggsatser-Jorntrahus-Med-passion-fran-Jorn-webb-09-1200x801.jpg\" class=\"attachment-large size-large\" alt=\"Bj\u00e6lkehuse Ferieboliger Huse Villaer kits J\u00f6rntr\u00e4hus - Med passion fra J\u00f6rn\" srcset=\"https:\/\/jorntrahus.se\/wp-content\/uploads\/2020\/11\/Fritidshus-Hus-Villor-byggsatser-Jorntrahus-Med-passion-fran-Jorn-webb-09-1200x801.jpg 1200w, https:\/\/jorntrahus.se\/wp-content\/uploads\/2020\/11\/Fritidshus-Hus-Villor-byggsatser-Jorntrahus-Med-passion-fran-Jorn-webb-09-600x400.jpg 600w, https:\/\/jorntrahus.se\/wp-content\/uploads\/2020\/11\/Fritidshus-Hus-Villor-byggsatser-Jorntrahus-Med-passion-fran-Jorn-webb-09-900x600.jpg 900w, https:\/\/jorntrahus.se\/wp-content\/uploads\/2020\/11\/Fritidshus-Hus-Villor-byggsatser-Jorntrahus-Med-passion-fran-Jorn-webb-09-768x512.jpg 768w, https:\/\/jorntrahus.se\/wp-content\/uploads\/2020\/11\/Fritidshus-Hus-Villor-byggsatser-Jorntrahus-Med-passion-fran-Jorn-webb-09-1536x1025.jpg 1536w, https:\/\/jorntrahus.se\/wp-content\/uploads\/2020\/11\/Fritidshus-Hus-Villor-byggsatser-Jorntrahus-Med-passion-fran-Jorn-webb-09-2048x1366.jpg 2048w\" sizes=\"auto, (max-width: 1020px) 100vw, 1020px\" \/>\t\t\t\t\t\t\n\t\t\t\t\t<\/div>\n\t\t\t\t\t\t\t\t\n<style>\n#image_1983986067 {\n  width: 100%;\n}\n<\/style>\n\t<\/div>\n\t\n<\/div><\/div>\n<div class=\"col grid-col large-6 grid-col-1-2\" ><div class=\"col-inner\">\n<div class=\"slider-wrapper relative\" id=\"slider-1259901768\" >\n    <div class=\"slider slider-type-fade slider-nav-circle slider-nav-large slider-nav-light slider-style-normal\"\n        data-flickity-options='{            \"cellAlign\": \"center\",            \"imagesLoaded\": true,            \"lazyLoad\": 1,            \"freeScroll\": false,            \"wrapAround\": true,            \"autoPlay\": 4000,            \"pauseAutoPlayOnHover\" : false,            \"prevNextButtons\": false,            \"contain\" : true,            \"adaptiveHeight\" : true,            \"dragThreshold\" : 10,            \"percentPosition\": true,            \"pageDots\": true,            \"rightToLeft\": false,            \"draggable\": true,            \"selectedAttraction\": 0.1,            \"parallax\" : 0,            \"friction\": 0.6        }'\n        >\n        \n\t<div class=\"img has-hover x md-x lg-x y md-y lg-y\" id=\"image_1937946933\">\n\t\t\t\t\t\t\t\t<div class=\"img-inner dark\" >\n\t\t\t<img loading=\"lazy\" decoding=\"async\" width=\"1020\" height=\"681\" src=\"https:\/\/jorntrahus.se\/wp-content\/uploads\/2020\/11\/Fritidshus-Hus-Villor-byggsatser-Jorntrahus-Med-passion-fran-Jorn-webb-18-1200x801.jpg\" class=\"attachment-large size-large\" alt=\"Sommerhuse Huse Villaer kits J\u00f6rntr\u00e4hus - Med passion fra J\u00f6rn\" srcset=\"https:\/\/jorntrahus.se\/wp-content\/uploads\/2020\/11\/Fritidshus-Hus-Villor-byggsatser-Jorntrahus-Med-passion-fran-Jorn-webb-18-1200x801.jpg 1200w, https:\/\/jorntrahus.se\/wp-content\/uploads\/2020\/11\/Fritidshus-Hus-Villor-byggsatser-Jorntrahus-Med-passion-fran-Jorn-webb-18-600x400.jpg 600w, https:\/\/jorntrahus.se\/wp-content\/uploads\/2020\/11\/Fritidshus-Hus-Villor-byggsatser-Jorntrahus-Med-passion-fran-Jorn-webb-18-900x600.jpg 900w, https:\/\/jorntrahus.se\/wp-content\/uploads\/2020\/11\/Fritidshus-Hus-Villor-byggsatser-Jorntrahus-Med-passion-fran-Jorn-webb-18-768x512.jpg 768w, https:\/\/jorntrahus.se\/wp-content\/uploads\/2020\/11\/Fritidshus-Hus-Villor-byggsatser-Jorntrahus-Med-passion-fran-Jorn-webb-18-1536x1025.jpg 1536w, https:\/\/jorntrahus.se\/wp-content\/uploads\/2020\/11\/Fritidshus-Hus-Villor-byggsatser-Jorntrahus-Med-passion-fran-Jorn-webb-18-2048x1366.jpg 2048w\" sizes=\"auto, (max-width: 1020px) 100vw, 1020px\" \/>\t\t\t\t\t\t\n\t\t\t\t\t<\/div>\n\t\t\t\t\t\t\t\t\n<style>\n#image_1937946933 {\n  width: 100%;\n}\n<\/style>\n\t<\/div>\n\t\n\t<div class=\"img has-hover x md-x lg-x y md-y lg-y\" id=\"image_1316147319\">\n\t\t\t\t\t\t\t\t<div class=\"img-inner dark\" >\n\t\t\t<img loading=\"lazy\" decoding=\"async\" width=\"1020\" height=\"679\" src=\"https:\/\/jorntrahus.se\/wp-content\/uploads\/2019\/06\/J\u00f6rntr\u00e4hus-Sk\u00e4ruddan-M-Suterr\u00e4ng-Villa-Speciall\u00f6sning-Husbyggsats-1200x799.jpg\" class=\"attachment-large size-large\" alt=\"J\u00f6rntr\u00e4hus Sk\u00e4rudden 164 Suterr\u00e4ng Villa Speciall\u00f8sning Huss\u00e6t\" srcset=\"https:\/\/jorntrahus.se\/wp-content\/uploads\/2019\/06\/J\u00f6rntr\u00e4hus-Sk\u00e4ruddan-M-Suterr\u00e4ng-Villa-Speciall\u00f6sning-Husbyggsats-1200x799.jpg 1200w, https:\/\/jorntrahus.se\/wp-content\/uploads\/2019\/06\/J\u00f6rntr\u00e4hus-Sk\u00e4ruddan-M-Suterr\u00e4ng-Villa-Speciall\u00f6sning-Husbyggsats-600x400.jpg 600w, https:\/\/jorntrahus.se\/wp-content\/uploads\/2019\/06\/J\u00f6rntr\u00e4hus-Sk\u00e4ruddan-M-Suterr\u00e4ng-Villa-Speciall\u00f6sning-Husbyggsats-900x600.jpg 900w, https:\/\/jorntrahus.se\/wp-content\/uploads\/2019\/06\/J\u00f6rntr\u00e4hus-Sk\u00e4ruddan-M-Suterr\u00e4ng-Villa-Speciall\u00f6sning-Husbyggsats-768x512.jpg 768w\" sizes=\"auto, (max-width: 1020px) 100vw, 1020px\" \/>\t\t\t\t\t\t\n\t\t\t\t\t<\/div>\n\t\t\t\t\t\t\t\t\n<style>\n#image_1316147319 {\n  width: 100%;\n}\n<\/style>\n\t<\/div>\n\t\n\t<div class=\"img has-hover x md-x lg-x y md-y lg-y\" id=\"image_1756981573\">\n\t\t\t\t\t\t\t\t<div class=\"img-inner dark\" >\n\t\t\t<img loading=\"lazy\" decoding=\"async\" width=\"1020\" height=\"680\" src=\"https:\/\/jorntrahus.se\/wp-content\/uploads\/2016\/12\/Larkliden-M-3D-1024x683.jpg\" class=\"attachment-large size-large\" alt=\"\" srcset=\"https:\/\/jorntrahus.se\/wp-content\/uploads\/2016\/12\/Larkliden-M-3D-1024x683.jpg 1024w, https:\/\/jorntrahus.se\/wp-content\/uploads\/2016\/12\/Larkliden-M-3D-600x400.jpg 600w, https:\/\/jorntrahus.se\/wp-content\/uploads\/2016\/12\/Larkliden-M-3D-900x600.jpg 900w, https:\/\/jorntrahus.se\/wp-content\/uploads\/2016\/12\/Larkliden-M-3D-300x200.jpg 300w, https:\/\/jorntrahus.se\/wp-content\/uploads\/2016\/12\/Larkliden-M-3D-768x512.jpg 768w, https:\/\/jorntrahus.se\/wp-content\/uploads\/2016\/12\/Larkliden-M-3D.jpg 1500w\" sizes=\"auto, (max-width: 1020px) 100vw, 1020px\" \/>\t\t\t\t\t\t\n\t\t\t\t\t<\/div>\n\t\t\t\t\t\t\t\t\n<style>\n#image_1756981573 {\n  width: 100%;\n}\n<\/style>\n\t<\/div>\n\t\n     <\/div>\n\n     <div class=\"loading-spin dark large centered\"><\/div>\n\n\t<\/div>\n\n\n<\/div><\/div>\n<div class=\"col grid-col large-6 grid-col-1-2\" ><div class=\"col-inner\">\n\t<div class=\"img has-hover x md-x lg-x y md-y lg-y\" id=\"image_742965603\">\n\t\t\t\t\t\t\t\t<div class=\"img-inner dark\" >\n\t\t\t<img loading=\"lazy\" decoding=\"async\" width=\"1020\" height=\"681\" src=\"https:\/\/jorntrahus.se\/wp-content\/uploads\/2020\/11\/Fritidshus-Hus-Villor-byggsatser-Jorntrahus-Med-passion-fran-Jorn-webb-08-1200x801.jpg\" class=\"attachment-large size-large\" alt=\"Bj\u00e6lkehuse Ferieboliger Huse Villaer Bygges\u00e6t fabrik J\u00f6rntr\u00e4hus - Med passion fra J\u00f6rn\" srcset=\"https:\/\/jorntrahus.se\/wp-content\/uploads\/2020\/11\/Fritidshus-Hus-Villor-byggsatser-Jorntrahus-Med-passion-fran-Jorn-webb-08-1200x801.jpg 1200w, https:\/\/jorntrahus.se\/wp-content\/uploads\/2020\/11\/Fritidshus-Hus-Villor-byggsatser-Jorntrahus-Med-passion-fran-Jorn-webb-08-600x400.jpg 600w, https:\/\/jorntrahus.se\/wp-content\/uploads\/2020\/11\/Fritidshus-Hus-Villor-byggsatser-Jorntrahus-Med-passion-fran-Jorn-webb-08-900x600.jpg 900w, https:\/\/jorntrahus.se\/wp-content\/uploads\/2020\/11\/Fritidshus-Hus-Villor-byggsatser-Jorntrahus-Med-passion-fran-Jorn-webb-08-768x512.jpg 768w, https:\/\/jorntrahus.se\/wp-content\/uploads\/2020\/11\/Fritidshus-Hus-Villor-byggsatser-Jorntrahus-Med-passion-fran-Jorn-webb-08-1536x1025.jpg 1536w, https:\/\/jorntrahus.se\/wp-content\/uploads\/2020\/11\/Fritidshus-Hus-Villor-byggsatser-Jorntrahus-Med-passion-fran-Jorn-webb-08-2048x1366.jpg 2048w\" sizes=\"auto, (max-width: 1020px) 100vw, 1020px\" \/>\t\t\t\t\t\t\n\t\t\t\t\t<\/div>\n\t\t\t\t\t\t\t\t\n<style>\n#image_742965603 {\n  width: 100%;\n}\n<\/style>\n\t<\/div>\n\t\n<\/div><\/div>\n<div class=\"col grid-col large-6 grid-col-1-3\" ><div class=\"col-inner\">\n\t<div class=\"img has-hover x md-x lg-x y md-y lg-y\" id=\"image_374372745\">\n\t\t\t\t\t\t\t\t<div class=\"img-inner dark\" >\n\t\t\t<img loading=\"lazy\" decoding=\"async\" width=\"1020\" height=\"681\" src=\"https:\/\/jorntrahus.se\/wp-content\/uploads\/2020\/11\/Fritidshus-Hus-Villor-byggsatser-Jorntrahus-Med-passion-fran-Jorn-webb-17-1200x801.jpg\" class=\"attachment-large size-large\" alt=\"Sommerhuse Huse Villaer kits J\u00f6rntr\u00e4hus - Med passion fra J\u00f6rn\" srcset=\"https:\/\/jorntrahus.se\/wp-content\/uploads\/2020\/11\/Fritidshus-Hus-Villor-byggsatser-Jorntrahus-Med-passion-fran-Jorn-webb-17-1200x801.jpg 1200w, https:\/\/jorntrahus.se\/wp-content\/uploads\/2020\/11\/Fritidshus-Hus-Villor-byggsatser-Jorntrahus-Med-passion-fran-Jorn-webb-17-600x400.jpg 600w, https:\/\/jorntrahus.se\/wp-content\/uploads\/2020\/11\/Fritidshus-Hus-Villor-byggsatser-Jorntrahus-Med-passion-fran-Jorn-webb-17-900x600.jpg 900w, https:\/\/jorntrahus.se\/wp-content\/uploads\/2020\/11\/Fritidshus-Hus-Villor-byggsatser-Jorntrahus-Med-passion-fran-Jorn-webb-17-768x512.jpg 768w, https:\/\/jorntrahus.se\/wp-content\/uploads\/2020\/11\/Fritidshus-Hus-Villor-byggsatser-Jorntrahus-Med-passion-fran-Jorn-webb-17-1536x1025.jpg 1536w, https:\/\/jorntrahus.se\/wp-content\/uploads\/2020\/11\/Fritidshus-Hus-Villor-byggsatser-Jorntrahus-Med-passion-fran-Jorn-webb-17-2048x1366.jpg 2048w\" sizes=\"auto, (max-width: 1020px) 100vw, 1020px\" \/>\t\t\t\t\t\t\n\t\t\t\t\t<\/div>\n\t\t\t\t\t\t\t\t\n<style>\n#image_374372745 {\n  width: 100%;\n}\n<\/style>\n\t<\/div>\n\t\n<\/div><\/div>\n            <\/div>\n    <style>\n    #banner-grid-2736022 .grid-col-1{height: 600px}\n    #banner-grid-2736022 .grid-col-1-2{height: 300px}\n    #banner-grid-2736022 .grid-col-1-3{height:200px}\n    #banner-grid-2736022 .grid-col-2-3{height: 400px}\n    #banner-grid-2736022 .grid-col-1-4{height: 150px}\n    #banner-grid-2736022 .grid-col-3-4{height: 450px}\n\n\n    \n    \n\n  <\/style>\n    <\/div>\n  \n\t<div id=\"gap-1814305926\" class=\"gap-element clearfix\" style=\"display:block; height:auto;\">\n\t\t\n<style>\n#gap-1814305926 {\n  padding-top: 60px;\n}\n<\/style>\n\t<\/div>\n\t\n\t<div id=\"gap-84326972\" class=\"gap-element clearfix\" style=\"display:block; height:auto;\">\n\t\t\n<style>\n#gap-84326972 {\n  padding-top: 30px;\n}\n<\/style>\n\t<\/div>\n\t\n<div class=\"row\"  id=\"row-1529612372\">\n\n\t<div id=\"col-1652312949\" class=\"col medium-6 small-12 large-6\"  >\n\t\t\t\t<div class=\"col-inner\"  >\n\t\t\t\n\t\t\t\n<a href=\"\/da\/om-os\/\" class=\"button primary is-outline expand\" >\n\t\t<span>MERE OM HUSE AF LERT\u00d8J<\/span>\n\t<\/a>\n\n\t\t<\/div>\n\t\t\t\t\t<\/div>\n\n\t\n\n\t<div id=\"col-1932282512\" class=\"col medium-6 small-12 large-6\"  >\n\t\t\t\t<div class=\"col-inner\"  >\n\t\t\t\n\t\t\t\n<a href=\"\/da\/kontakt-os\/\" class=\"button primary is-outline expand\" >\n\t\t<span>KONTAKT OS<\/span>\n\t<\/a>\n\n\t\t<\/div>\n\t\t\t\t\t<\/div>\n\n\t\n<\/div>\n\t<div id=\"gap-355966566\" class=\"gap-element clearfix\" style=\"display:block; height:auto;\">\n\t\t\n<style>\n#gap-355966566 {\n  padding-top: 30px;\n}\n<\/style>\n\t<\/div>\n\t\n\t\t<\/div>\n\t\t\t\t\t<\/div>\n\n\t\n<\/div>","protected":false},"excerpt":{"rendered":"<p>Vil du v\u00e6re med til at skabe fremtidens boligdr\u00f8mme?<\/p>","protected":false},"author":2,"featured_media":14650,"comment_status":"closed","ping_status":"closed","sticky":false,"template":"","format":"standard","meta":{"footnotes":""},"categories":[1199],"tags":[1104,1486,1100],"class_list":["post-14648","post","type-post","status-publish","format-standard","has-post-thumbnail","hentry","category-foretagsnytt","tag-medarbetare","tag-produktionschef","tag-rekrytering"],"yoast_head":"<!-- This site is optimized with the Yoast SEO plugin v27.2 - https:\/\/yoast.com\/product\/yoast-seo-wordpress\/ -->\n<title>Vi s\u00f6ker produktionschef [TILLSATT] - J\u00f6rntr\u00e4hus<\/title>\n<meta name=\"robots\" content=\"index, follow, max-snippet:-1, max-image-preview:large, max-video-preview:-1\" \/>\n<link rel=\"canonical\" href=\"https:\/\/jorntrahus.se\/da\/forretningsnyheder\/vi-soger-en-produktionsleder\/\" \/>\n<meta property=\"og:locale\" content=\"da_DK\" \/>\n<meta property=\"og:type\" content=\"article\" \/>\n<meta property=\"og:title\" content=\"J\u00f6rntr\u00e4hus s\u00f6ker en projektledare!\" \/>\n<meta property=\"og:description\" content=\"Varf\u00f6r \u00e4r det viktigt att vara passionerad n\u00e4r man bygger hus?\" \/>\n<meta property=\"og:url\" content=\"https:\/\/jorntrahus.se\/da\/forretningsnyheder\/vi-soger-en-produktionsleder\/\" \/>\n<meta property=\"og:site_name\" content=\"J\u00f6rntr\u00e4hus\" \/>\n<meta property=\"article:published_time\" content=\"2024-09-16T10:53:55+00:00\" \/>\n<meta property=\"article:modified_time\" content=\"2024-11-06T13:45:12+00:00\" \/>\n<meta name=\"author\" content=\"J\u00f6rntr\u00e4hus\" \/>\n<meta name=\"twitter:card\" content=\"summary_large_image\" \/>\n<meta name=\"twitter:image\" content=\"https:\/\/jorntrahus.se\/wp-content\/uploads\/2024\/09\/Jorntrahus-Jobbannons-foto-Passion-for-tra-1.jpg\" \/>\n<meta name=\"twitter:label1\" content=\"Skrevet af\" \/>\n\t<meta name=\"twitter:data1\" content=\"J\u00f6rntr\u00e4hus\" \/>\n\t<meta name=\"twitter:label2\" content=\"Estimeret l\u00e6setid\" \/>\n\t<meta name=\"twitter:data2\" content=\"3 minutter\" \/>\n<script type=\"application\/ld+json\" class=\"yoast-schema-graph\">{\"@context\":\"https:\/\/schema.org\",\"@graph\":[{\"@type\":\"Article\",\"@id\":\"https:\/\/jorntrahus.se\/foretagsnytt\/vi-soker-produktionschef\/#article\",\"isPartOf\":{\"@id\":\"https:\/\/jorntrahus.se\/foretagsnytt\/vi-soker-produktionschef\/\"},\"author\":{\"name\":\"J\u00f6rntr\u00e4hus\",\"@id\":\"https:\/\/jorntrahus.se\/#\/schema\/person\/1d486a26d13d4df455271c2f02f5ef5c\"},\"headline\":\"Vi s\u00f6ker produktionschef [TILLSATT]\",\"datePublished\":\"2024-09-16T10:53:55+00:00\",\"dateModified\":\"2024-11-06T13:45:12+00:00\",\"mainEntityOfPage\":{\"@id\":\"https:\/\/jorntrahus.se\/foretagsnytt\/vi-soker-produktionschef\/\"},\"wordCount\":676,\"publisher\":{\"@id\":\"https:\/\/jorntrahus.se\/#organization\"},\"image\":{\"@id\":\"https:\/\/jorntrahus.se\/foretagsnytt\/vi-soker-produktionschef\/#primaryimage\"},\"thumbnailUrl\":\"https:\/\/jorntrahus.se\/wp-content\/uploads\/2024\/09\/Jorntrahus-Jobbannons-foto-Passion-for-tra-1.jpg\",\"keywords\":[\"medarbetare\",\"produktionschef\",\"rekrytering\"],\"articleSection\":[\"F\u00f6retagsnytt\"],\"inLanguage\":\"da-DK\"},{\"@type\":\"WebPage\",\"@id\":\"https:\/\/jorntrahus.se\/foretagsnytt\/vi-soker-produktionschef\/\",\"url\":\"https:\/\/jorntrahus.se\/foretagsnytt\/vi-soker-produktionschef\/\",\"name\":\"Vi s\u00f6ker produktionschef [TILLSATT] - J\u00f6rntr\u00e4hus\",\"isPartOf\":{\"@id\":\"https:\/\/jorntrahus.se\/#website\"},\"primaryImageOfPage\":{\"@id\":\"https:\/\/jorntrahus.se\/foretagsnytt\/vi-soker-produktionschef\/#primaryimage\"},\"image\":{\"@id\":\"https:\/\/jorntrahus.se\/foretagsnytt\/vi-soker-produktionschef\/#primaryimage\"},\"thumbnailUrl\":\"https:\/\/jorntrahus.se\/wp-content\/uploads\/2024\/09\/Jorntrahus-Jobbannons-foto-Passion-for-tra-1.jpg\",\"datePublished\":\"2024-09-16T10:53:55+00:00\",\"dateModified\":\"2024-11-06T13:45:12+00:00\",\"breadcrumb\":{\"@id\":\"https:\/\/jorntrahus.se\/foretagsnytt\/vi-soker-produktionschef\/#breadcrumb\"},\"inLanguage\":\"da-DK\",\"potentialAction\":[{\"@type\":\"ReadAction\",\"target\":[\"https:\/\/jorntrahus.se\/foretagsnytt\/vi-soker-produktionschef\/\"]}]},{\"@type\":\"ImageObject\",\"inLanguage\":\"da-DK\",\"@id\":\"https:\/\/jorntrahus.se\/foretagsnytt\/vi-soker-produktionschef\/#primaryimage\",\"url\":\"https:\/\/jorntrahus.se\/wp-content\/uploads\/2024\/09\/Jorntrahus-Jobbannons-foto-Passion-for-tra-1.jpg\",\"contentUrl\":\"https:\/\/jorntrahus.se\/wp-content\/uploads\/2024\/09\/Jorntrahus-Jobbannons-foto-Passion-for-tra-1.jpg\",\"width\":1660,\"height\":1106,\"caption\":\"Jo\u0308rntra\u0308hus Jobbannons foto Passion fo\u0308r tra\u0308 1\"},{\"@type\":\"BreadcrumbList\",\"@id\":\"https:\/\/jorntrahus.se\/foretagsnytt\/vi-soker-produktionschef\/#breadcrumb\",\"itemListElement\":[{\"@type\":\"ListItem\",\"position\":1,\"name\":\"Hem\",\"item\":\"https:\/\/jorntrahus.se\/\"},{\"@type\":\"ListItem\",\"position\":2,\"name\":\"Vi s\u00f6ker produktionschef [TILLSATT]\"}]},{\"@type\":\"WebSite\",\"@id\":\"https:\/\/jorntrahus.se\/#website\",\"url\":\"https:\/\/jorntrahus.se\/\",\"name\":\"J\u00f6rntr\u00e4hus\",\"description\":\"Hus f\u00f6r den medvetne\",\"publisher\":{\"@id\":\"https:\/\/jorntrahus.se\/#organization\"},\"potentialAction\":[{\"@type\":\"SearchAction\",\"target\":{\"@type\":\"EntryPoint\",\"urlTemplate\":\"https:\/\/jorntrahus.se\/?s={search_term_string}\"},\"query-input\":{\"@type\":\"PropertyValueSpecification\",\"valueRequired\":true,\"valueName\":\"search_term_string\"}}],\"inLanguage\":\"da-DK\"},{\"@type\":\"Organization\",\"@id\":\"https:\/\/jorntrahus.se\/#organization\",\"name\":\"J\u00f6rntr\u00e4hus\",\"url\":\"https:\/\/jorntrahus.se\/\",\"logo\":{\"@type\":\"ImageObject\",\"inLanguage\":\"da-DK\",\"@id\":\"https:\/\/jorntrahus.se\/#\/schema\/logo\/image\/\",\"url\":\"https:\/\/jorntrahus.se\/wp-content\/uploads\/2020\/09\/Jorntrahus_Grund_CMYK.eps\",\"contentUrl\":\"https:\/\/jorntrahus.se\/wp-content\/uploads\/2020\/09\/Jorntrahus_Grund_CMYK.eps\",\"width\":1,\"height\":1,\"caption\":\"J\u00f6rntr\u00e4hus\"},\"image\":{\"@id\":\"https:\/\/jorntrahus.se\/#\/schema\/logo\/image\/\"}},{\"@type\":\"Person\",\"@id\":\"https:\/\/jorntrahus.se\/#\/schema\/person\/1d486a26d13d4df455271c2f02f5ef5c\",\"name\":\"J\u00f6rntr\u00e4hus\",\"image\":{\"@type\":\"ImageObject\",\"inLanguage\":\"da-DK\",\"@id\":\"https:\/\/secure.gravatar.com\/avatar\/e9b8fcf3c4d64603cd3ec2eb8588179dabe6c74041e8c2a09d7ca9e0900a4ad3?s=96&d=mm&r=g\",\"url\":\"https:\/\/secure.gravatar.com\/avatar\/e9b8fcf3c4d64603cd3ec2eb8588179dabe6c74041e8c2a09d7ca9e0900a4ad3?s=96&d=mm&r=g\",\"contentUrl\":\"https:\/\/secure.gravatar.com\/avatar\/e9b8fcf3c4d64603cd3ec2eb8588179dabe6c74041e8c2a09d7ca9e0900a4ad3?s=96&d=mm&r=g\",\"caption\":\"J\u00f6rntr\u00e4hus\"},\"sameAs\":[\"https:\/\/jorntrahus.se\"],\"url\":\"https:\/\/jorntrahus.se\/da\/author\/jorntrahus\/\"}]}<\/script>\n<!-- \/ Yoast SEO plugin. -->","yoast_head_json":{"title":"Vi s\u00f6ker produktionschef [TILLSATT] - J\u00f6rntr\u00e4hus","robots":{"index":"index","follow":"follow","max-snippet":"max-snippet:-1","max-image-preview":"max-image-preview:large","max-video-preview":"max-video-preview:-1"},"canonical":"https:\/\/jorntrahus.se\/da\/forretningsnyheder\/vi-soger-en-produktionsleder\/","og_locale":"da_DK","og_type":"article","og_title":"J\u00f6rntr\u00e4hus s\u00f6ker en projektledare!","og_description":"Varf\u00f6r \u00e4r det viktigt att vara passionerad n\u00e4r man bygger hus?","og_url":"https:\/\/jorntrahus.se\/da\/forretningsnyheder\/vi-soger-en-produktionsleder\/","og_site_name":"J\u00f6rntr\u00e4hus","article_published_time":"2024-09-16T10:53:55+00:00","article_modified_time":"2024-11-06T13:45:12+00:00","author":"J\u00f6rntr\u00e4hus","twitter_card":"summary_large_image","twitter_image":"https:\/\/jorntrahus.se\/wp-content\/uploads\/2024\/09\/Jorntrahus-Jobbannons-foto-Passion-for-tra-1.jpg","twitter_misc":{"Skrevet af":"J\u00f6rntr\u00e4hus","Estimeret l\u00e6setid":"3 minutter"},"schema":{"@context":"https:\/\/schema.org","@graph":[{"@type":"Article","@id":"https:\/\/jorntrahus.se\/foretagsnytt\/vi-soker-produktionschef\/#article","isPartOf":{"@id":"https:\/\/jorntrahus.se\/foretagsnytt\/vi-soker-produktionschef\/"},"author":{"name":"J\u00f6rntr\u00e4hus","@id":"https:\/\/jorntrahus.se\/#\/schema\/person\/1d486a26d13d4df455271c2f02f5ef5c"},"headline":"Vi s\u00f6ker produktionschef [TILLSATT]","datePublished":"2024-09-16T10:53:55+00:00","dateModified":"2024-11-06T13:45:12+00:00","mainEntityOfPage":{"@id":"https:\/\/jorntrahus.se\/foretagsnytt\/vi-soker-produktionschef\/"},"wordCount":676,"publisher":{"@id":"https:\/\/jorntrahus.se\/#organization"},"image":{"@id":"https:\/\/jorntrahus.se\/foretagsnytt\/vi-soker-produktionschef\/#primaryimage"},"thumbnailUrl":"https:\/\/jorntrahus.se\/wp-content\/uploads\/2024\/09\/Jorntrahus-Jobbannons-foto-Passion-for-tra-1.jpg","keywords":["medarbetare","produktionschef","rekrytering"],"articleSection":["F\u00f6retagsnytt"],"inLanguage":"da-DK"},{"@type":"WebPage","@id":"https:\/\/jorntrahus.se\/foretagsnytt\/vi-soker-produktionschef\/","url":"https:\/\/jorntrahus.se\/foretagsnytt\/vi-soker-produktionschef\/","name":"Vi s\u00f6ker produktionschef [TILLSATT] - J\u00f6rntr\u00e4hus","isPartOf":{"@id":"https:\/\/jorntrahus.se\/#website"},"primaryImageOfPage":{"@id":"https:\/\/jorntrahus.se\/foretagsnytt\/vi-soker-produktionschef\/#primaryimage"},"image":{"@id":"https:\/\/jorntrahus.se\/foretagsnytt\/vi-soker-produktionschef\/#primaryimage"},"thumbnailUrl":"https:\/\/jorntrahus.se\/wp-content\/uploads\/2024\/09\/Jorntrahus-Jobbannons-foto-Passion-for-tra-1.jpg","datePublished":"2024-09-16T10:53:55+00:00","dateModified":"2024-11-06T13:45:12+00:00","breadcrumb":{"@id":"https:\/\/jorntrahus.se\/foretagsnytt\/vi-soker-produktionschef\/#breadcrumb"},"inLanguage":"da-DK","potentialAction":[{"@type":"ReadAction","target":["https:\/\/jorntrahus.se\/foretagsnytt\/vi-soker-produktionschef\/"]}]},{"@type":"ImageObject","inLanguage":"da-DK","@id":"https:\/\/jorntrahus.se\/foretagsnytt\/vi-soker-produktionschef\/#primaryimage","url":"https:\/\/jorntrahus.se\/wp-content\/uploads\/2024\/09\/Jorntrahus-Jobbannons-foto-Passion-for-tra-1.jpg","contentUrl":"https:\/\/jorntrahus.se\/wp-content\/uploads\/2024\/09\/Jorntrahus-Jobbannons-foto-Passion-for-tra-1.jpg","width":1660,"height":1106,"caption":"Jo\u0308rntra\u0308hus Jobbannons foto Passion fo\u0308r tra\u0308 1"},{"@type":"BreadcrumbList","@id":"https:\/\/jorntrahus.se\/foretagsnytt\/vi-soker-produktionschef\/#breadcrumb","itemListElement":[{"@type":"ListItem","position":1,"name":"Hem","item":"https:\/\/jorntrahus.se\/"},{"@type":"ListItem","position":2,"name":"Vi s\u00f6ker produktionschef [TILLSATT]"}]},{"@type":"WebSite","@id":"https:\/\/jorntrahus.se\/#website","url":"https:\/\/jorntrahus.se\/","name":"J\u00f6rntr\u00e4hus","description":"Huse til de bevidste","publisher":{"@id":"https:\/\/jorntrahus.se\/#organization"},"potentialAction":[{"@type":"SearchAction","target":{"@type":"EntryPoint","urlTemplate":"https:\/\/jorntrahus.se\/?s={search_term_string}"},"query-input":{"@type":"PropertyValueSpecification","valueRequired":true,"valueName":"search_term_string"}}],"inLanguage":"da-DK"},{"@type":"Organization","@id":"https:\/\/jorntrahus.se\/#organization","name":"J\u00f6rntr\u00e4hus","url":"https:\/\/jorntrahus.se\/","logo":{"@type":"ImageObject","inLanguage":"da-DK","@id":"https:\/\/jorntrahus.se\/#\/schema\/logo\/image\/","url":"https:\/\/jorntrahus.se\/wp-content\/uploads\/2020\/09\/Jorntrahus_Grund_CMYK.eps","contentUrl":"https:\/\/jorntrahus.se\/wp-content\/uploads\/2020\/09\/Jorntrahus_Grund_CMYK.eps","width":1,"height":1,"caption":"J\u00f6rntr\u00e4hus"},"image":{"@id":"https:\/\/jorntrahus.se\/#\/schema\/logo\/image\/"}},{"@type":"Person","@id":"https:\/\/jorntrahus.se\/#\/schema\/person\/1d486a26d13d4df455271c2f02f5ef5c","name":"J\u00f6rntr\u00e4hus","image":{"@type":"ImageObject","inLanguage":"da-DK","@id":"https:\/\/secure.gravatar.com\/avatar\/e9b8fcf3c4d64603cd3ec2eb8588179dabe6c74041e8c2a09d7ca9e0900a4ad3?s=96&d=mm&r=g","url":"https:\/\/secure.gravatar.com\/avatar\/e9b8fcf3c4d64603cd3ec2eb8588179dabe6c74041e8c2a09d7ca9e0900a4ad3?s=96&d=mm&r=g","contentUrl":"https:\/\/secure.gravatar.com\/avatar\/e9b8fcf3c4d64603cd3ec2eb8588179dabe6c74041e8c2a09d7ca9e0900a4ad3?s=96&d=mm&r=g","caption":"J\u00f6rntr\u00e4hus"},"sameAs":["https:\/\/jorntrahus.se"],"url":"https:\/\/jorntrahus.se\/da\/author\/jorntrahus\/"}]}},"publishpress_future_action":{"enabled":false,"date":"2026-05-05 01:16:40","action":"change-status","newStatus":"draft","terms":[],"taxonomy":"category","extraData":[]},"publishpress_future_workflow_manual_trigger":{"enabledWorkflows":[]},"_links":{"self":[{"href":"https:\/\/jorntrahus.se\/da\/wp-json\/wp\/v2\/posts\/14648","targetHints":{"allow":["GET"]}}],"collection":[{"href":"https:\/\/jorntrahus.se\/da\/wp-json\/wp\/v2\/posts"}],"about":[{"href":"https:\/\/jorntrahus.se\/da\/wp-json\/wp\/v2\/types\/post"}],"author":[{"embeddable":true,"href":"https:\/\/jorntrahus.se\/da\/wp-json\/wp\/v2\/users\/2"}],"replies":[{"embeddable":true,"href":"https:\/\/jorntrahus.se\/da\/wp-json\/wp\/v2\/comments?post=14648"}],"version-history":[{"count":3,"href":"https:\/\/jorntrahus.se\/da\/wp-json\/wp\/v2\/posts\/14648\/revisions"}],"predecessor-version":[{"id":14708,"href":"https:\/\/jorntrahus.se\/da\/wp-json\/wp\/v2\/posts\/14648\/revisions\/14708"}],"wp:featuredmedia":[{"embeddable":true,"href":"https:\/\/jorntrahus.se\/da\/wp-json\/wp\/v2\/media\/14650"}],"wp:attachment":[{"href":"https:\/\/jorntrahus.se\/da\/wp-json\/wp\/v2\/media?parent=14648"}],"wp:term":[{"taxonomy":"category","embeddable":true,"href":"https:\/\/jorntrahus.se\/da\/wp-json\/wp\/v2\/categories?post=14648"},{"taxonomy":"post_tag","embeddable":true,"href":"https:\/\/jorntrahus.se\/da\/wp-json\/wp\/v2\/tags?post=14648"}],"curies":[{"name":"wp","href":"https:\/\/api.w.org\/{rel}","templated":true}]}}