{"id":14714,"date":"2024-11-18T11:43:37","date_gmt":"2024-11-18T10:43:37","guid":{"rendered":"https:\/\/jorntrahus.se\/?p=14714"},"modified":"2024-11-18T17:02:03","modified_gmt":"2024-11-18T16:02:03","slug":"varm-velkomst-benjamin-var-ny-produktionschef","status":"publish","type":"post","link":"https:\/\/jorntrahus.se\/da\/foretagsnytt\/varmt-valkommen-benjamin-var-nya-produktionschef\/","title":{"rendered":"En varm velkomst til Benjamin - vores nye produktionschef"},"content":{"rendered":"<div class=\"row\"  id=\"row-167473402\">\n\n\t<div id=\"col-620125367\" class=\"col small-12 large-12\"  >\n\t\t\t\t<div class=\"col-inner\"  >\n\t\t\t\n\t\t\t\n<h3>Benjamin Leu er vores nye produktionschef hos J\u00f6rntr\u00e4hus. Han har stor erfaring inden for tr\u00e6industrien i Schweiz, b\u00e5de som produktionsleder og t\u00f8mrer.<br \/>\n<em>- \"Jeg er sp\u00e6ndt p\u00e5 en ny udfordring,\" siger Benjamin.<\/em><\/h3>\n\t<div id=\"gap-1287900477\" class=\"gap-element clearfix\" style=\"display:block; height:auto;\">\n\t\t\n<style>\n#gap-1287900477 {\n  padding-top: 30px;\n}\n<\/style>\n\t<\/div>\n\t\n<p>Peter Gyllenberg, CEO for J\u00f6rntr\u00e4hus, er meget tilfreds med sin nye schweiziske erhvervelse.<br \/>\n<em>- \"Vi ledte efter en dreven person med erfaring fra ledende stillinger i fremstillingsindustrien, som kan lede vores daglige produktion, Benjamin opfylder alle vores \u00f8nsker og er ogs\u00e5 en dejlig fyr,\" siger Peter.<\/em><\/p>\n<p>Benjamin, fort\u00e6l os om din baggrund, hvad lavede du, f\u00f8r du kom til J\u00f6rntr\u00e4hus?<br \/>\n<em>- Jeg begyndte at arbejde som t\u00f8mrer lige efter gymnasiet og har siden haft forskellige roller i tr\u00e6industrien i mange \u00e5r, bl.a. som produktionsleder. I en periode arbejdede og studerede jeg sidel\u00f8bende, og derefter uddannede jeg mig til tr\u00e6tekniker.<\/em><\/p>\n<p>Hvad fik dig til at s\u00f8ge jobbet som produktionschef hos J\u00f6rntr\u00e4hus?<br \/>\n<em>- Jeg fik et tip om J\u00f6rntr\u00e4hus af en bekendt i Glommerstr\u00e4sk, hvor jeg nu ogs\u00e5 bor sammen med min partner og vores datter. De arbejder med noget, jeg har gjort f\u00f8r, t\u00e6nkte jeg og kontaktede dem. Jeg fik straks en god fornemmelse for virksomheden, da jeg bes\u00f8gte den. Det er en interessant virksomhed, som bygger huse, der leveres b\u00e5de her i Sverige og til Island.<\/em><\/p>\n\t<div id=\"gap-1864588850\" class=\"gap-element clearfix\" style=\"display:block; height:auto;\">\n\t\t\n<style>\n#gap-1864588850 {\n  padding-top: 30px;\n}\n<\/style>\n\t<\/div>\n\t\n<div class=\"row row-collapse align-center\"  id=\"row-1911189908\">\n\n\t<div id=\"col-1136234243\" class=\"col medium-8 small-12 large-8\"  >\n\t\t\t\t<div class=\"col-inner text-center\"  >\n\t\t\t\n\t\t\t\n\t<div id=\"text-1714009561\" class=\"text\">\n\t\t\n<h2 style=\"text-align: center;\">\u00bbBenjamin opfylder alle vores \u00f8nsker og er desuden en fantastisk fyr,\u00ab siger CEO Peter Gyllenberg.\u00ab<\/h2>\n\t\t\n<style>\n#text-1714009561 {\n  text-align: center;\n}\n<\/style>\n\t<\/div>\n\t\n\t\t<\/div>\n\t\t\t\t\n<style>\n#col-1136234243 > .col-inner {\n  padding: 20px 0px 20px 0px;\n}\n@media (min-width:550px) {\n  #col-1136234243 > .col-inner {\n    padding: 20px 50px 20px 50px;\n  }\n}\n@media (min-width:850px) {\n  #col-1136234243 > .col-inner {\n    padding: 20px 100px 20px 100px;\n  }\n}\n<\/style>\n\t<\/div>\n\n\t\n<\/div>\n\t<div id=\"gap-750283124\" class=\"gap-element clearfix\" style=\"display:block; height:auto;\">\n\t\t\n<style>\n#gap-750283124 {\n  padding-top: 30px;\n}\n<\/style>\n\t<\/div>\n\t\n<p>Hvad h\u00e5ber du at kunne bidrage med til J\u00f6rntr\u00e4hus?<br \/>\n<em>- Jeg har kun v\u00e6ret her i et par dage og pr\u00f8ver nu at f\u00e5 et overblik over, hvordan det hele fungerer. N\u00e5r jeg kommer ind i det, h\u00e5ber jeg at kunne bidrage med min erfaring og viden fra tidligere jobs. Jeg ved meget om at bygge huse i Schweiz, og forh\u00e5bentlig kan jeg ogs\u00e5 drage nytte af det i Sverige, selv om det selvf\u00f8lgelig vil v\u00e6re lidt anderledes.<\/em><\/p>\n<p>Du er fra Schweiz, hvordan endte du i Nordsverige?<br \/>\n<em>- Jeg har bes\u00f8gt en ven, som nu bor i Lycksele i det nordlige Sverige, hvert \u00e5r siden 2019. B\u00e5de jeg og min partner er meget glade heroppe og var p\u00e5 udkig efter en ny udfordring ved at bo i et nyt land. Vi elsker naturen her, og vi ville gerne k\u00f8be et hus, som er meget dyrt i Schweiz. Vi ser ogs\u00e5 de lavere leveomkostninger i Sverige som en fordel.<\/em><\/p>\n<p>Hvad kan du lide at lave, n\u00e5r du ikke arbejder?<br \/>\n<em>- Vi har lige f\u00e5et vores f\u00f8rste barn, hun hedder Ida, s\u00e5 hun optager det meste af min fritid nu. Ellers kan jeg godt lide at fiske, helst aborre og gedde. For mig er fiskeri b\u00e5de en naturoplevelse og afslapning. Min partner kan godt lide at vandre i skoven, nogle gange g\u00f8r vi det sammen, andre gange hver for sig.<\/em><\/p>\n\t\t<\/div>\n\t\t\t\t\t<\/div>\n\n\t\n<\/div>","protected":false},"excerpt":{"rendered":"<p>Med stor erfaring inden for tr\u00e6industrien i Schweiz, b\u00e5de som produktionsleder og t\u00f8mrer.<\/p>","protected":false},"author":1,"featured_media":14728,"comment_status":"closed","ping_status":"open","sticky":false,"template":"","format":"standard","meta":{"footnotes":""},"categories":[1199,6],"tags":[1496,1486],"class_list":["post-14714","post","type-post","status-publish","format-standard","has-post-thumbnail","hentry","category-foretagsnytt","category-nyhet","tag-benjamin-leu","tag-produktionschef"],"yoast_head":"<!-- This site is optimized with the Yoast SEO plugin v27.2 - https:\/\/yoast.com\/product\/yoast-seo-wordpress\/ -->\n<title>Varmt v\u00e4lkommen Benjamin \u2013 v\u00e5r nya produktionschef - J\u00f6rntr\u00e4hus<\/title>\n<meta name=\"robots\" content=\"index, follow, max-snippet:-1, max-image-preview:large, max-video-preview:-1\" \/>\n<link rel=\"canonical\" href=\"https:\/\/jorntrahus.se\/da\/forretningsnyheder\/varm-velkomst-benjamin-var-ny-produktionschef\/\" \/>\n<meta property=\"og:locale\" content=\"da_DK\" \/>\n<meta property=\"og:type\" content=\"article\" \/>\n<meta property=\"og:title\" content=\"Varmt v\u00e4lkommen Benjamin \u2013 v\u00e5r nya produktionschef - J\u00f6rntr\u00e4hus\" \/>\n<meta property=\"og:description\" content=\"Med l\u00e5ng erfarenhet av tr\u00e4branschen i Schweiz, b\u00e5de som produktionschef och snickare.\" \/>\n<meta property=\"og:url\" content=\"https:\/\/jorntrahus.se\/da\/forretningsnyheder\/varm-velkomst-benjamin-var-ny-produktionschef\/\" \/>\n<meta property=\"og:site_name\" content=\"J\u00f6rntr\u00e4hus\" \/>\n<meta property=\"article:published_time\" content=\"2024-11-18T10:43:37+00:00\" \/>\n<meta property=\"article:modified_time\" content=\"2024-11-18T16:02:03+00:00\" \/>\n<meta property=\"og:image\" content=\"https:\/\/jorntrahus.se\/wp-content\/uploads\/2024\/11\/Jorntrahus-Personal-Benjamin-Leu-produktionschef-med-bakgrund-och-logo.jpg\" \/>\n\t<meta property=\"og:image:width\" content=\"2400\" \/>\n\t<meta property=\"og:image:height\" content=\"1600\" \/>\n\t<meta property=\"og:image:type\" content=\"image\/jpeg\" \/>\n<meta name=\"author\" content=\"jth-admin\" \/>\n<meta name=\"twitter:card\" content=\"summary_large_image\" \/>\n<meta name=\"twitter:label1\" content=\"Skrevet af\" \/>\n\t<meta name=\"twitter:data1\" content=\"jth-admin\" \/>\n\t<meta name=\"twitter:label2\" content=\"Estimeret l\u00e6setid\" \/>\n\t<meta name=\"twitter:data2\" content=\"3 minutter\" \/>\n<script type=\"application\/ld+json\" class=\"yoast-schema-graph\">{\"@context\":\"https:\/\/schema.org\",\"@graph\":[{\"@type\":\"Article\",\"@id\":\"https:\/\/jorntrahus.se\/foretagsnytt\/varmt-valkommen-benjamin-var-nya-produktionschef\/#article\",\"isPartOf\":{\"@id\":\"https:\/\/jorntrahus.se\/foretagsnytt\/varmt-valkommen-benjamin-var-nya-produktionschef\/\"},\"author\":{\"name\":\"jth-admin\",\"@id\":\"https:\/\/jorntrahus.se\/#\/schema\/person\/c10d0c3f5b80794e7d5dffb9eadc8041\"},\"headline\":\"Varmt v\u00e4lkommen Benjamin \u2013 v\u00e5r nya produktionschef\",\"datePublished\":\"2024-11-18T10:43:37+00:00\",\"dateModified\":\"2024-11-18T16:02:03+00:00\",\"mainEntityOfPage\":{\"@id\":\"https:\/\/jorntrahus.se\/foretagsnytt\/varmt-valkommen-benjamin-var-nya-produktionschef\/\"},\"wordCount\":570,\"publisher\":{\"@id\":\"https:\/\/jorntrahus.se\/#organization\"},\"image\":{\"@id\":\"https:\/\/jorntrahus.se\/foretagsnytt\/varmt-valkommen-benjamin-var-nya-produktionschef\/#primaryimage\"},\"thumbnailUrl\":\"https:\/\/jorntrahus.se\/wp-content\/uploads\/2024\/11\/Jorntrahus-Personal-Benjamin-Leu-produktionschef-med-bakgrund-och-logo.jpg\",\"keywords\":[\"Benjamin Leu\",\"produktionschef\"],\"articleSection\":[\"F\u00f6retagsnytt\",\"Nyhet\"],\"inLanguage\":\"da-DK\"},{\"@type\":\"WebPage\",\"@id\":\"https:\/\/jorntrahus.se\/foretagsnytt\/varmt-valkommen-benjamin-var-nya-produktionschef\/\",\"url\":\"https:\/\/jorntrahus.se\/foretagsnytt\/varmt-valkommen-benjamin-var-nya-produktionschef\/\",\"name\":\"Varmt v\u00e4lkommen Benjamin \u2013 v\u00e5r nya produktionschef - J\u00f6rntr\u00e4hus\",\"isPartOf\":{\"@id\":\"https:\/\/jorntrahus.se\/#website\"},\"primaryImageOfPage\":{\"@id\":\"https:\/\/jorntrahus.se\/foretagsnytt\/varmt-valkommen-benjamin-var-nya-produktionschef\/#primaryimage\"},\"image\":{\"@id\":\"https:\/\/jorntrahus.se\/foretagsnytt\/varmt-valkommen-benjamin-var-nya-produktionschef\/#primaryimage\"},\"thumbnailUrl\":\"https:\/\/jorntrahus.se\/wp-content\/uploads\/2024\/11\/Jorntrahus-Personal-Benjamin-Leu-produktionschef-med-bakgrund-och-logo.jpg\",\"datePublished\":\"2024-11-18T10:43:37+00:00\",\"dateModified\":\"2024-11-18T16:02:03+00:00\",\"breadcrumb\":{\"@id\":\"https:\/\/jorntrahus.se\/foretagsnytt\/varmt-valkommen-benjamin-var-nya-produktionschef\/#breadcrumb\"},\"inLanguage\":\"da-DK\",\"potentialAction\":[{\"@type\":\"ReadAction\",\"target\":[\"https:\/\/jorntrahus.se\/foretagsnytt\/varmt-valkommen-benjamin-var-nya-produktionschef\/\"]}]},{\"@type\":\"ImageObject\",\"inLanguage\":\"da-DK\",\"@id\":\"https:\/\/jorntrahus.se\/foretagsnytt\/varmt-valkommen-benjamin-var-nya-produktionschef\/#primaryimage\",\"url\":\"https:\/\/jorntrahus.se\/wp-content\/uploads\/2024\/11\/Jorntrahus-Personal-Benjamin-Leu-produktionschef-med-bakgrund-och-logo.jpg\",\"contentUrl\":\"https:\/\/jorntrahus.se\/wp-content\/uploads\/2024\/11\/Jorntrahus-Personal-Benjamin-Leu-produktionschef-med-bakgrund-och-logo.jpg\",\"width\":2400,\"height\":1600,\"caption\":\"Jorntrahus Personal Benjamin Leu produktionschef med bakgrund och logo\"},{\"@type\":\"BreadcrumbList\",\"@id\":\"https:\/\/jorntrahus.se\/foretagsnytt\/varmt-valkommen-benjamin-var-nya-produktionschef\/#breadcrumb\",\"itemListElement\":[{\"@type\":\"ListItem\",\"position\":1,\"name\":\"Hem\",\"item\":\"https:\/\/jorntrahus.se\/\"},{\"@type\":\"ListItem\",\"position\":2,\"name\":\"Varmt v\u00e4lkommen Benjamin \u2013 v\u00e5r nya produktionschef\"}]},{\"@type\":\"WebSite\",\"@id\":\"https:\/\/jorntrahus.se\/#website\",\"url\":\"https:\/\/jorntrahus.se\/\",\"name\":\"J\u00f6rntr\u00e4hus\",\"description\":\"Hus f\u00f6r den medvetne\",\"publisher\":{\"@id\":\"https:\/\/jorntrahus.se\/#organization\"},\"potentialAction\":[{\"@type\":\"SearchAction\",\"target\":{\"@type\":\"EntryPoint\",\"urlTemplate\":\"https:\/\/jorntrahus.se\/?s={search_term_string}\"},\"query-input\":{\"@type\":\"PropertyValueSpecification\",\"valueRequired\":true,\"valueName\":\"search_term_string\"}}],\"inLanguage\":\"da-DK\"},{\"@type\":\"Organization\",\"@id\":\"https:\/\/jorntrahus.se\/#organization\",\"name\":\"J\u00f6rntr\u00e4hus\",\"url\":\"https:\/\/jorntrahus.se\/\",\"logo\":{\"@type\":\"ImageObject\",\"inLanguage\":\"da-DK\",\"@id\":\"https:\/\/jorntrahus.se\/#\/schema\/logo\/image\/\",\"url\":\"https:\/\/jorntrahus.se\/wp-content\/uploads\/2020\/09\/Jorntrahus_Grund_CMYK.eps\",\"contentUrl\":\"https:\/\/jorntrahus.se\/wp-content\/uploads\/2020\/09\/Jorntrahus_Grund_CMYK.eps\",\"width\":1,\"height\":1,\"caption\":\"J\u00f6rntr\u00e4hus\"},\"image\":{\"@id\":\"https:\/\/jorntrahus.se\/#\/schema\/logo\/image\/\"}},{\"@type\":\"Person\",\"@id\":\"https:\/\/jorntrahus.se\/#\/schema\/person\/c10d0c3f5b80794e7d5dffb9eadc8041\",\"name\":\"jth-admin\",\"image\":{\"@type\":\"ImageObject\",\"inLanguage\":\"da-DK\",\"@id\":\"https:\/\/secure.gravatar.com\/avatar\/4bcde4f9cfbb7b09c9605f445ac3993dc54ba3973c8abb86ad7caea3e386f6c8?s=96&d=mm&r=g\",\"url\":\"https:\/\/secure.gravatar.com\/avatar\/4bcde4f9cfbb7b09c9605f445ac3993dc54ba3973c8abb86ad7caea3e386f6c8?s=96&d=mm&r=g\",\"contentUrl\":\"https:\/\/secure.gravatar.com\/avatar\/4bcde4f9cfbb7b09c9605f445ac3993dc54ba3973c8abb86ad7caea3e386f6c8?s=96&d=mm&r=g\",\"caption\":\"jth-admin\"},\"url\":\"https:\/\/jorntrahus.se\/da\/author\/jth-admin\/\"}]}<\/script>\n<!-- \/ Yoast SEO plugin. -->","yoast_head_json":{"title":"Velkommen Benjamin - vores nye produktionschef - J\u00f6rntr\u00e4hus","robots":{"index":"index","follow":"follow","max-snippet":"max-snippet:-1","max-image-preview":"max-image-preview:large","max-video-preview":"max-video-preview:-1"},"canonical":"https:\/\/jorntrahus.se\/da\/forretningsnyheder\/varm-velkomst-benjamin-var-ny-produktionschef\/","og_locale":"da_DK","og_type":"article","og_title":"Varmt v\u00e4lkommen Benjamin \u2013 v\u00e5r nya produktionschef - J\u00f6rntr\u00e4hus","og_description":"Med l\u00e5ng erfarenhet av tr\u00e4branschen i Schweiz, b\u00e5de som produktionschef och snickare.","og_url":"https:\/\/jorntrahus.se\/da\/forretningsnyheder\/varm-velkomst-benjamin-var-ny-produktionschef\/","og_site_name":"J\u00f6rntr\u00e4hus","article_published_time":"2024-11-18T10:43:37+00:00","article_modified_time":"2024-11-18T16:02:03+00:00","og_image":[{"width":2400,"height":1600,"url":"https:\/\/jorntrahus.se\/wp-content\/uploads\/2024\/11\/Jorntrahus-Personal-Benjamin-Leu-produktionschef-med-bakgrund-och-logo.jpg","type":"image\/jpeg"}],"author":"jth-admin","twitter_card":"summary_large_image","twitter_misc":{"Skrevet af":"jth-admin","Estimeret l\u00e6setid":"3 minutter"},"schema":{"@context":"https:\/\/schema.org","@graph":[{"@type":"Article","@id":"https:\/\/jorntrahus.se\/foretagsnytt\/varmt-valkommen-benjamin-var-nya-produktionschef\/#article","isPartOf":{"@id":"https:\/\/jorntrahus.se\/foretagsnytt\/varmt-valkommen-benjamin-var-nya-produktionschef\/"},"author":{"name":"jth-admin","@id":"https:\/\/jorntrahus.se\/#\/schema\/person\/c10d0c3f5b80794e7d5dffb9eadc8041"},"headline":"Varmt v\u00e4lkommen Benjamin \u2013 v\u00e5r nya produktionschef","datePublished":"2024-11-18T10:43:37+00:00","dateModified":"2024-11-18T16:02:03+00:00","mainEntityOfPage":{"@id":"https:\/\/jorntrahus.se\/foretagsnytt\/varmt-valkommen-benjamin-var-nya-produktionschef\/"},"wordCount":570,"publisher":{"@id":"https:\/\/jorntrahus.se\/#organization"},"image":{"@id":"https:\/\/jorntrahus.se\/foretagsnytt\/varmt-valkommen-benjamin-var-nya-produktionschef\/#primaryimage"},"thumbnailUrl":"https:\/\/jorntrahus.se\/wp-content\/uploads\/2024\/11\/Jorntrahus-Personal-Benjamin-Leu-produktionschef-med-bakgrund-och-logo.jpg","keywords":["Benjamin Leu","produktionschef"],"articleSection":["F\u00f6retagsnytt","Nyhet"],"inLanguage":"da-DK"},{"@type":"WebPage","@id":"https:\/\/jorntrahus.se\/foretagsnytt\/varmt-valkommen-benjamin-var-nya-produktionschef\/","url":"https:\/\/jorntrahus.se\/foretagsnytt\/varmt-valkommen-benjamin-var-nya-produktionschef\/","name":"Velkommen Benjamin - vores nye produktionschef - J\u00f6rntr\u00e4hus","isPartOf":{"@id":"https:\/\/jorntrahus.se\/#website"},"primaryImageOfPage":{"@id":"https:\/\/jorntrahus.se\/foretagsnytt\/varmt-valkommen-benjamin-var-nya-produktionschef\/#primaryimage"},"image":{"@id":"https:\/\/jorntrahus.se\/foretagsnytt\/varmt-valkommen-benjamin-var-nya-produktionschef\/#primaryimage"},"thumbnailUrl":"https:\/\/jorntrahus.se\/wp-content\/uploads\/2024\/11\/Jorntrahus-Personal-Benjamin-Leu-produktionschef-med-bakgrund-och-logo.jpg","datePublished":"2024-11-18T10:43:37+00:00","dateModified":"2024-11-18T16:02:03+00:00","breadcrumb":{"@id":"https:\/\/jorntrahus.se\/foretagsnytt\/varmt-valkommen-benjamin-var-nya-produktionschef\/#breadcrumb"},"inLanguage":"da-DK","potentialAction":[{"@type":"ReadAction","target":["https:\/\/jorntrahus.se\/foretagsnytt\/varmt-valkommen-benjamin-var-nya-produktionschef\/"]}]},{"@type":"ImageObject","inLanguage":"da-DK","@id":"https:\/\/jorntrahus.se\/foretagsnytt\/varmt-valkommen-benjamin-var-nya-produktionschef\/#primaryimage","url":"https:\/\/jorntrahus.se\/wp-content\/uploads\/2024\/11\/Jorntrahus-Personal-Benjamin-Leu-produktionschef-med-bakgrund-och-logo.jpg","contentUrl":"https:\/\/jorntrahus.se\/wp-content\/uploads\/2024\/11\/Jorntrahus-Personal-Benjamin-Leu-produktionschef-med-bakgrund-och-logo.jpg","width":2400,"height":1600,"caption":"Jorntrahus Personal Benjamin Leu produktionschef med bakgrund och logo"},{"@type":"BreadcrumbList","@id":"https:\/\/jorntrahus.se\/foretagsnytt\/varmt-valkommen-benjamin-var-nya-produktionschef\/#breadcrumb","itemListElement":[{"@type":"ListItem","position":1,"name":"Hem","item":"https:\/\/jorntrahus.se\/"},{"@type":"ListItem","position":2,"name":"Varmt v\u00e4lkommen Benjamin \u2013 v\u00e5r nya produktionschef"}]},{"@type":"WebSite","@id":"https:\/\/jorntrahus.se\/#website","url":"https:\/\/jorntrahus.se\/","name":"J\u00f6rntr\u00e4hus","description":"Huse til de bevidste","publisher":{"@id":"https:\/\/jorntrahus.se\/#organization"},"potentialAction":[{"@type":"SearchAction","target":{"@type":"EntryPoint","urlTemplate":"https:\/\/jorntrahus.se\/?s={search_term_string}"},"query-input":{"@type":"PropertyValueSpecification","valueRequired":true,"valueName":"search_term_string"}}],"inLanguage":"da-DK"},{"@type":"Organization","@id":"https:\/\/jorntrahus.se\/#organization","name":"J\u00f6rntr\u00e4hus","url":"https:\/\/jorntrahus.se\/","logo":{"@type":"ImageObject","inLanguage":"da-DK","@id":"https:\/\/jorntrahus.se\/#\/schema\/logo\/image\/","url":"https:\/\/jorntrahus.se\/wp-content\/uploads\/2020\/09\/Jorntrahus_Grund_CMYK.eps","contentUrl":"https:\/\/jorntrahus.se\/wp-content\/uploads\/2020\/09\/Jorntrahus_Grund_CMYK.eps","width":1,"height":1,"caption":"J\u00f6rntr\u00e4hus"},"image":{"@id":"https:\/\/jorntrahus.se\/#\/schema\/logo\/image\/"}},{"@type":"Person","@id":"https:\/\/jorntrahus.se\/#\/schema\/person\/c10d0c3f5b80794e7d5dffb9eadc8041","name":"jth-admin","image":{"@type":"ImageObject","inLanguage":"da-DK","@id":"https:\/\/secure.gravatar.com\/avatar\/4bcde4f9cfbb7b09c9605f445ac3993dc54ba3973c8abb86ad7caea3e386f6c8?s=96&d=mm&r=g","url":"https:\/\/secure.gravatar.com\/avatar\/4bcde4f9cfbb7b09c9605f445ac3993dc54ba3973c8abb86ad7caea3e386f6c8?s=96&d=mm&r=g","contentUrl":"https:\/\/secure.gravatar.com\/avatar\/4bcde4f9cfbb7b09c9605f445ac3993dc54ba3973c8abb86ad7caea3e386f6c8?s=96&d=mm&r=g","caption":"jth-admin"},"url":"https:\/\/jorntrahus.se\/da\/author\/jth-admin\/"}]}},"publishpress_future_action":{"enabled":false,"date":"2026-05-05 01:16:42","action":"change-status","newStatus":"draft","terms":[],"taxonomy":"category","extraData":[]},"publishpress_future_workflow_manual_trigger":{"enabledWorkflows":[]},"_links":{"self":[{"href":"https:\/\/jorntrahus.se\/da\/wp-json\/wp\/v2\/posts\/14714","targetHints":{"allow":["GET"]}}],"collection":[{"href":"https:\/\/jorntrahus.se\/da\/wp-json\/wp\/v2\/posts"}],"about":[{"href":"https:\/\/jorntrahus.se\/da\/wp-json\/wp\/v2\/types\/post"}],"author":[{"embeddable":true,"href":"https:\/\/jorntrahus.se\/da\/wp-json\/wp\/v2\/users\/1"}],"replies":[{"embeddable":true,"href":"https:\/\/jorntrahus.se\/da\/wp-json\/wp\/v2\/comments?post=14714"}],"version-history":[{"count":10,"href":"https:\/\/jorntrahus.se\/da\/wp-json\/wp\/v2\/posts\/14714\/revisions"}],"predecessor-version":[{"id":14726,"href":"https:\/\/jorntrahus.se\/da\/wp-json\/wp\/v2\/posts\/14714\/revisions\/14726"}],"wp:featuredmedia":[{"embeddable":true,"href":"https:\/\/jorntrahus.se\/da\/wp-json\/wp\/v2\/media\/14728"}],"wp:attachment":[{"href":"https:\/\/jorntrahus.se\/da\/wp-json\/wp\/v2\/media?parent=14714"}],"wp:term":[{"taxonomy":"category","embeddable":true,"href":"https:\/\/jorntrahus.se\/da\/wp-json\/wp\/v2\/categories?post=14714"},{"taxonomy":"post_tag","embeddable":true,"href":"https:\/\/jorntrahus.se\/da\/wp-json\/wp\/v2\/tags?post=14714"}],"curies":[{"name":"wp","href":"https:\/\/api.w.org\/{rel}","templated":true}]}}