{"id":11964,"date":"2019-11-11T15:42:13","date_gmt":"2019-11-11T14:42:13","guid":{"rendered":"https:\/\/jorntrahus.se\/?p=11964"},"modified":"2022-03-17T15:41:23","modified_gmt":"2022-03-17T14:41:23","slug":"mikael-lindberg-new-ceo-at-jorntrahus","status":"publish","type":"post","link":"https:\/\/jorntrahus.se\/en\/pressmeddelande\/mikael-lindberg-ny-vd-pa-jorntrahus\/","title":{"rendered":"Mikael Lindberg new CEO at J\u00f6rntr\u00e4hus"},"content":{"rendered":"<h3>It is now clear that Mikael Lindberg will be the new CEO of J\u00f6rntr\u00e4hus. He will take up his position on 1 February 2020 and comes most recently from a position as Scandinavian Sales Manager at Stora Enso.<\/h3>\n<p>- \"I feel like I'm coming to J\u00f6rntr\u00e4hus in a really interesting position. I strongly believe in the company's concept for industrial construction and there is every opportunity to continue picking market shares,\" says Mikael Lindberg.<\/p>\n<p>Mikael Lindberg has built up an impressive track record over the years. In addition to his position as sales manager at Stora Enso, he was also CEO of Martinsons Byggsystem for seven years. Fredrik Andersson, CEO of Contractor, which includes J\u00f6rntr\u00e4hus, believes that Mikael Lindberg's experience from his time at Martinsons was of great importance for the recruitment.<\/p>\n<p>- Mikael has exactly the background we want in a CEO at J\u00f6rntr\u00e4hus. He has merits from both the manufacturing industry and the wood industry, with a well-established contact network and extensive knowledge of industrial construction. In addition, he has a strong sales focus and is extremely good at meeting people, which are obviously important qualities in the role of CEO,\" says Fredrik Andersson.<\/p>\n<h5>I have not come here to manage<\/h5>\n<p>Mikael himself believes that J\u00f6rntr\u00e4hus is in a good position to continue to develop and grow, both in the northern market and in other parts of Sweden.<\/p>\n<p>- As I see it, J\u00f6rntr\u00e4hus has embarked on an exciting journey, where there is much to suggest continued growth. And I'm thinking not least of housing, where the company's concept for industrial construction has enormous potential. It is also positive to be part of a large and well-established group, where Contractor's various companies cover the entire chain from land and civil engineering to production and construction. But I am prepared for hard work. I haven't come here to manage, but to drive and move the company forward,\" says Mikael Lindberg.<\/p>\n<p><strong>Photo:<\/strong> Jonas Westling<\/p>\n<p><strong>More information:\u00a0<\/strong><\/p>\n<p>Fredrik Andersson, CEO Contractor Bygg<br \/>\nTel: 010 - 130 78 01<\/p>\n<p>Mikael Lindberg, incoming CEO J\u00f6rntr\u00e4hus<br \/>\nTel: 070 - 343 01 98<\/p>\n<p><em>The Contractor Group operates from six locations in northern Sweden and aims to become the leading construction company in northern Sweden, with local ownership as one of its cornerstones. Contractor Bygg was founded as early as 1910 and is currently located in Skellefte\u00e5, Ume\u00e5, Lycksele, Hemavan and Sundsvall. The group also includes Lindgrens Mark in Skellefte\u00e5 and J\u00f6rntr\u00e4hus AB, as well as Eldabutiken Skellefte\u00e5 and Contractor Fastigheter. The group, headquartered in Skellefte\u00e5, has about 400 employees and had a turnover of about SEK 700 million in 2018.\u00a0<\/em><\/p>","protected":false},"excerpt":{"rendered":"<p>It is now clear that Mikael Lindberg will be the new CEO of J\u00f6rntr\u00e4hus. He will take up his position on 1 February 2020 and comes most recently from a position as Scandinavian Sales Manager at Stora Enso.<\/p>","protected":false},"author":2,"featured_media":11963,"comment_status":"closed","ping_status":"closed","sticky":false,"template":"","format":"standard","meta":{"footnotes":""},"categories":[992,1186],"tags":[],"class_list":["post-11964","post","type-post","status-publish","format-standard","has-post-thumbnail","hentry","category-pro","category-pressmeddelande"],"yoast_head":"<!-- This site is optimized with the Yoast SEO plugin v27.2 - https:\/\/yoast.com\/product\/yoast-seo-wordpress\/ -->\n<title>Mikael Lindberg ny vd p\u00e5 J\u00f6rntr\u00e4hus - J\u00f6rntr\u00e4hus<\/title>\n<meta name=\"robots\" content=\"index, follow, max-snippet:-1, max-image-preview:large, max-video-preview:-1\" \/>\n<link rel=\"canonical\" href=\"https:\/\/jorntrahus.se\/en\/press-release\/mikael-lindberg-new-ceo-at-jorntrahus\/\" \/>\n<meta property=\"og:locale\" content=\"en_GB\" \/>\n<meta property=\"og:type\" content=\"article\" \/>\n<meta property=\"og:title\" content=\"Mikael Lindberg ny vd p\u00e5 J\u00f6rntr\u00e4hus - J\u00f6rntr\u00e4hus\" \/>\n<meta property=\"og:description\" content=\"Nu st\u00e5r det klart att Mikael Lindberg blir ny vd f\u00f6r J\u00f6rntr\u00e4hus. Han tilltr\u00e4der 1 februari 2020 och kommer n\u00e4rmast fr\u00e5n en tj\u00e4nst som skandinavisk f\u00f6rs\u00e4ljningschef p\u00e5 Stora Enso.\" \/>\n<meta property=\"og:url\" content=\"https:\/\/jorntrahus.se\/en\/press-release\/mikael-lindberg-new-ceo-at-jorntrahus\/\" \/>\n<meta property=\"og:site_name\" content=\"J\u00f6rntr\u00e4hus\" \/>\n<meta property=\"article:published_time\" content=\"2019-11-11T14:42:13+00:00\" \/>\n<meta property=\"article:modified_time\" content=\"2022-03-17T14:41:23+00:00\" \/>\n<meta property=\"og:image\" content=\"https:\/\/jorntrahus.se\/wp-content\/uploads\/2020\/09\/Jorntrahus-Mikael-Lindberg-ny-vd-pa-Jorntrahus.jpg\" \/>\n\t<meta property=\"og:image:width\" content=\"1500\" \/>\n\t<meta property=\"og:image:height\" content=\"966\" \/>\n\t<meta property=\"og:image:type\" content=\"image\/jpeg\" \/>\n<meta name=\"author\" content=\"J\u00f6rntr\u00e4hus\" \/>\n<meta name=\"twitter:card\" content=\"summary_large_image\" \/>\n<meta name=\"twitter:label1\" content=\"Written by\" \/>\n\t<meta name=\"twitter:data1\" content=\"J\u00f6rntr\u00e4hus\" \/>\n\t<meta name=\"twitter:label2\" content=\"Estimated reading time\" \/>\n\t<meta name=\"twitter:data2\" content=\"2 minutes\" \/>\n<script type=\"application\/ld+json\" class=\"yoast-schema-graph\">{\"@context\":\"https:\/\/schema.org\",\"@graph\":[{\"@type\":\"Article\",\"@id\":\"https:\/\/jorntrahus.se\/pressmeddelande\/mikael-lindberg-ny-vd-pa-jorntrahus\/#article\",\"isPartOf\":{\"@id\":\"https:\/\/jorntrahus.se\/pressmeddelande\/mikael-lindberg-ny-vd-pa-jorntrahus\/\"},\"author\":{\"name\":\"J\u00f6rntr\u00e4hus\",\"@id\":\"https:\/\/jorntrahus.se\/#\/schema\/person\/1d486a26d13d4df455271c2f02f5ef5c\"},\"headline\":\"Mikael Lindberg ny vd p\u00e5 J\u00f6rntr\u00e4hus\",\"datePublished\":\"2019-11-11T14:42:13+00:00\",\"dateModified\":\"2022-03-17T14:41:23+00:00\",\"mainEntityOfPage\":{\"@id\":\"https:\/\/jorntrahus.se\/pressmeddelande\/mikael-lindberg-ny-vd-pa-jorntrahus\/\"},\"wordCount\":491,\"publisher\":{\"@id\":\"https:\/\/jorntrahus.se\/#organization\"},\"image\":{\"@id\":\"https:\/\/jorntrahus.se\/pressmeddelande\/mikael-lindberg-ny-vd-pa-jorntrahus\/#primaryimage\"},\"thumbnailUrl\":\"https:\/\/jorntrahus.se\/wp-content\/uploads\/2020\/09\/Jorntrahus-Mikael-Lindberg-ny-vd-pa-Jorntrahus.jpg\",\"articleSection\":[\"J\u00f6rntr\u00e4hus Pro\",\"Pressmeddelande\"],\"inLanguage\":\"en-GB\"},{\"@type\":\"WebPage\",\"@id\":\"https:\/\/jorntrahus.se\/pressmeddelande\/mikael-lindberg-ny-vd-pa-jorntrahus\/\",\"url\":\"https:\/\/jorntrahus.se\/pressmeddelande\/mikael-lindberg-ny-vd-pa-jorntrahus\/\",\"name\":\"Mikael Lindberg ny vd p\u00e5 J\u00f6rntr\u00e4hus - J\u00f6rntr\u00e4hus\",\"isPartOf\":{\"@id\":\"https:\/\/jorntrahus.se\/#website\"},\"primaryImageOfPage\":{\"@id\":\"https:\/\/jorntrahus.se\/pressmeddelande\/mikael-lindberg-ny-vd-pa-jorntrahus\/#primaryimage\"},\"image\":{\"@id\":\"https:\/\/jorntrahus.se\/pressmeddelande\/mikael-lindberg-ny-vd-pa-jorntrahus\/#primaryimage\"},\"thumbnailUrl\":\"https:\/\/jorntrahus.se\/wp-content\/uploads\/2020\/09\/Jorntrahus-Mikael-Lindberg-ny-vd-pa-Jorntrahus.jpg\",\"datePublished\":\"2019-11-11T14:42:13+00:00\",\"dateModified\":\"2022-03-17T14:41:23+00:00\",\"breadcrumb\":{\"@id\":\"https:\/\/jorntrahus.se\/pressmeddelande\/mikael-lindberg-ny-vd-pa-jorntrahus\/#breadcrumb\"},\"inLanguage\":\"en-GB\",\"potentialAction\":[{\"@type\":\"ReadAction\",\"target\":[\"https:\/\/jorntrahus.se\/pressmeddelande\/mikael-lindberg-ny-vd-pa-jorntrahus\/\"]}]},{\"@type\":\"ImageObject\",\"inLanguage\":\"en-GB\",\"@id\":\"https:\/\/jorntrahus.se\/pressmeddelande\/mikael-lindberg-ny-vd-pa-jorntrahus\/#primaryimage\",\"url\":\"https:\/\/jorntrahus.se\/wp-content\/uploads\/2020\/09\/Jorntrahus-Mikael-Lindberg-ny-vd-pa-Jorntrahus.jpg\",\"contentUrl\":\"https:\/\/jorntrahus.se\/wp-content\/uploads\/2020\/09\/Jorntrahus-Mikael-Lindberg-ny-vd-pa-Jorntrahus.jpg\",\"width\":1500,\"height\":966,\"caption\":\"Jorntrahus Mikael Lindberg ny vd pa Jorntrahus\"},{\"@type\":\"BreadcrumbList\",\"@id\":\"https:\/\/jorntrahus.se\/pressmeddelande\/mikael-lindberg-ny-vd-pa-jorntrahus\/#breadcrumb\",\"itemListElement\":[{\"@type\":\"ListItem\",\"position\":1,\"name\":\"Hem\",\"item\":\"https:\/\/jorntrahus.se\/\"},{\"@type\":\"ListItem\",\"position\":2,\"name\":\"Mikael Lindberg ny vd p\u00e5 J\u00f6rntr\u00e4hus\"}]},{\"@type\":\"WebSite\",\"@id\":\"https:\/\/jorntrahus.se\/#website\",\"url\":\"https:\/\/jorntrahus.se\/\",\"name\":\"J\u00f6rntr\u00e4hus\",\"description\":\"Hus f\u00f6r den medvetne\",\"publisher\":{\"@id\":\"https:\/\/jorntrahus.se\/#organization\"},\"potentialAction\":[{\"@type\":\"SearchAction\",\"target\":{\"@type\":\"EntryPoint\",\"urlTemplate\":\"https:\/\/jorntrahus.se\/?s={search_term_string}\"},\"query-input\":{\"@type\":\"PropertyValueSpecification\",\"valueRequired\":true,\"valueName\":\"search_term_string\"}}],\"inLanguage\":\"en-GB\"},{\"@type\":\"Organization\",\"@id\":\"https:\/\/jorntrahus.se\/#organization\",\"name\":\"J\u00f6rntr\u00e4hus\",\"url\":\"https:\/\/jorntrahus.se\/\",\"logo\":{\"@type\":\"ImageObject\",\"inLanguage\":\"en-GB\",\"@id\":\"https:\/\/jorntrahus.se\/#\/schema\/logo\/image\/\",\"url\":\"https:\/\/jorntrahus.se\/wp-content\/uploads\/2020\/09\/Jorntrahus_Grund_CMYK.eps\",\"contentUrl\":\"https:\/\/jorntrahus.se\/wp-content\/uploads\/2020\/09\/Jorntrahus_Grund_CMYK.eps\",\"width\":1,\"height\":1,\"caption\":\"J\u00f6rntr\u00e4hus\"},\"image\":{\"@id\":\"https:\/\/jorntrahus.se\/#\/schema\/logo\/image\/\"}},{\"@type\":\"Person\",\"@id\":\"https:\/\/jorntrahus.se\/#\/schema\/person\/1d486a26d13d4df455271c2f02f5ef5c\",\"name\":\"J\u00f6rntr\u00e4hus\",\"image\":{\"@type\":\"ImageObject\",\"inLanguage\":\"en-GB\",\"@id\":\"https:\/\/secure.gravatar.com\/avatar\/e9b8fcf3c4d64603cd3ec2eb8588179dabe6c74041e8c2a09d7ca9e0900a4ad3?s=96&d=mm&r=g\",\"url\":\"https:\/\/secure.gravatar.com\/avatar\/e9b8fcf3c4d64603cd3ec2eb8588179dabe6c74041e8c2a09d7ca9e0900a4ad3?s=96&d=mm&r=g\",\"contentUrl\":\"https:\/\/secure.gravatar.com\/avatar\/e9b8fcf3c4d64603cd3ec2eb8588179dabe6c74041e8c2a09d7ca9e0900a4ad3?s=96&d=mm&r=g\",\"caption\":\"J\u00f6rntr\u00e4hus\"},\"sameAs\":[\"https:\/\/jorntrahus.se\"],\"url\":\"https:\/\/jorntrahus.se\/en\/author\/jorntrahus\/\"}]}<\/script>\n<!-- \/ Yoast SEO plugin. -->","yoast_head_json":{"title":"Mikael Lindberg new CEO at J\u00f6rntr\u00e4hus - J\u00f6rntr\u00e4hus","robots":{"index":"index","follow":"follow","max-snippet":"max-snippet:-1","max-image-preview":"max-image-preview:large","max-video-preview":"max-video-preview:-1"},"canonical":"https:\/\/jorntrahus.se\/en\/press-release\/mikael-lindberg-new-ceo-at-jorntrahus\/","og_locale":"en_GB","og_type":"article","og_title":"Mikael Lindberg ny vd p\u00e5 J\u00f6rntr\u00e4hus - J\u00f6rntr\u00e4hus","og_description":"Nu st\u00e5r det klart att Mikael Lindberg blir ny vd f\u00f6r J\u00f6rntr\u00e4hus. Han tilltr\u00e4der 1 februari 2020 och kommer n\u00e4rmast fr\u00e5n en tj\u00e4nst som skandinavisk f\u00f6rs\u00e4ljningschef p\u00e5 Stora Enso.","og_url":"https:\/\/jorntrahus.se\/en\/press-release\/mikael-lindberg-new-ceo-at-jorntrahus\/","og_site_name":"J\u00f6rntr\u00e4hus","article_published_time":"2019-11-11T14:42:13+00:00","article_modified_time":"2022-03-17T14:41:23+00:00","og_image":[{"width":1500,"height":966,"url":"https:\/\/jorntrahus.se\/wp-content\/uploads\/2020\/09\/Jorntrahus-Mikael-Lindberg-ny-vd-pa-Jorntrahus.jpg","type":"image\/jpeg"}],"author":"J\u00f6rntr\u00e4hus","twitter_card":"summary_large_image","twitter_misc":{"Written by":"J\u00f6rntr\u00e4hus","Estimated reading time":"2 minutes"},"schema":{"@context":"https:\/\/schema.org","@graph":[{"@type":"Article","@id":"https:\/\/jorntrahus.se\/pressmeddelande\/mikael-lindberg-ny-vd-pa-jorntrahus\/#article","isPartOf":{"@id":"https:\/\/jorntrahus.se\/pressmeddelande\/mikael-lindberg-ny-vd-pa-jorntrahus\/"},"author":{"name":"J\u00f6rntr\u00e4hus","@id":"https:\/\/jorntrahus.se\/#\/schema\/person\/1d486a26d13d4df455271c2f02f5ef5c"},"headline":"Mikael Lindberg ny vd p\u00e5 J\u00f6rntr\u00e4hus","datePublished":"2019-11-11T14:42:13+00:00","dateModified":"2022-03-17T14:41:23+00:00","mainEntityOfPage":{"@id":"https:\/\/jorntrahus.se\/pressmeddelande\/mikael-lindberg-ny-vd-pa-jorntrahus\/"},"wordCount":491,"publisher":{"@id":"https:\/\/jorntrahus.se\/#organization"},"image":{"@id":"https:\/\/jorntrahus.se\/pressmeddelande\/mikael-lindberg-ny-vd-pa-jorntrahus\/#primaryimage"},"thumbnailUrl":"https:\/\/jorntrahus.se\/wp-content\/uploads\/2020\/09\/Jorntrahus-Mikael-Lindberg-ny-vd-pa-Jorntrahus.jpg","articleSection":["J\u00f6rntr\u00e4hus Pro","Pressmeddelande"],"inLanguage":"en-GB"},{"@type":"WebPage","@id":"https:\/\/jorntrahus.se\/pressmeddelande\/mikael-lindberg-ny-vd-pa-jorntrahus\/","url":"https:\/\/jorntrahus.se\/pressmeddelande\/mikael-lindberg-ny-vd-pa-jorntrahus\/","name":"Mikael Lindberg new CEO at J\u00f6rntr\u00e4hus - J\u00f6rntr\u00e4hus","isPartOf":{"@id":"https:\/\/jorntrahus.se\/#website"},"primaryImageOfPage":{"@id":"https:\/\/jorntrahus.se\/pressmeddelande\/mikael-lindberg-ny-vd-pa-jorntrahus\/#primaryimage"},"image":{"@id":"https:\/\/jorntrahus.se\/pressmeddelande\/mikael-lindberg-ny-vd-pa-jorntrahus\/#primaryimage"},"thumbnailUrl":"https:\/\/jorntrahus.se\/wp-content\/uploads\/2020\/09\/Jorntrahus-Mikael-Lindberg-ny-vd-pa-Jorntrahus.jpg","datePublished":"2019-11-11T14:42:13+00:00","dateModified":"2022-03-17T14:41:23+00:00","breadcrumb":{"@id":"https:\/\/jorntrahus.se\/pressmeddelande\/mikael-lindberg-ny-vd-pa-jorntrahus\/#breadcrumb"},"inLanguage":"en-GB","potentialAction":[{"@type":"ReadAction","target":["https:\/\/jorntrahus.se\/pressmeddelande\/mikael-lindberg-ny-vd-pa-jorntrahus\/"]}]},{"@type":"ImageObject","inLanguage":"en-GB","@id":"https:\/\/jorntrahus.se\/pressmeddelande\/mikael-lindberg-ny-vd-pa-jorntrahus\/#primaryimage","url":"https:\/\/jorntrahus.se\/wp-content\/uploads\/2020\/09\/Jorntrahus-Mikael-Lindberg-ny-vd-pa-Jorntrahus.jpg","contentUrl":"https:\/\/jorntrahus.se\/wp-content\/uploads\/2020\/09\/Jorntrahus-Mikael-Lindberg-ny-vd-pa-Jorntrahus.jpg","width":1500,"height":966,"caption":"Jorntrahus Mikael Lindberg ny vd pa Jorntrahus"},{"@type":"BreadcrumbList","@id":"https:\/\/jorntrahus.se\/pressmeddelande\/mikael-lindberg-ny-vd-pa-jorntrahus\/#breadcrumb","itemListElement":[{"@type":"ListItem","position":1,"name":"Hem","item":"https:\/\/jorntrahus.se\/"},{"@type":"ListItem","position":2,"name":"Mikael Lindberg ny vd p\u00e5 J\u00f6rntr\u00e4hus"}]},{"@type":"WebSite","@id":"https:\/\/jorntrahus.se\/#website","url":"https:\/\/jorntrahus.se\/","name":"J\u00f6rntr\u00e4hus","description":"Houses for the conscious","publisher":{"@id":"https:\/\/jorntrahus.se\/#organization"},"potentialAction":[{"@type":"SearchAction","target":{"@type":"EntryPoint","urlTemplate":"https:\/\/jorntrahus.se\/?s={search_term_string}"},"query-input":{"@type":"PropertyValueSpecification","valueRequired":true,"valueName":"search_term_string"}}],"inLanguage":"en-GB"},{"@type":"Organization","@id":"https:\/\/jorntrahus.se\/#organization","name":"J\u00f6rntr\u00e4hus","url":"https:\/\/jorntrahus.se\/","logo":{"@type":"ImageObject","inLanguage":"en-GB","@id":"https:\/\/jorntrahus.se\/#\/schema\/logo\/image\/","url":"https:\/\/jorntrahus.se\/wp-content\/uploads\/2020\/09\/Jorntrahus_Grund_CMYK.eps","contentUrl":"https:\/\/jorntrahus.se\/wp-content\/uploads\/2020\/09\/Jorntrahus_Grund_CMYK.eps","width":1,"height":1,"caption":"J\u00f6rntr\u00e4hus"},"image":{"@id":"https:\/\/jorntrahus.se\/#\/schema\/logo\/image\/"}},{"@type":"Person","@id":"https:\/\/jorntrahus.se\/#\/schema\/person\/1d486a26d13d4df455271c2f02f5ef5c","name":"J\u00f6rntr\u00e4hus","image":{"@type":"ImageObject","inLanguage":"en-GB","@id":"https:\/\/secure.gravatar.com\/avatar\/e9b8fcf3c4d64603cd3ec2eb8588179dabe6c74041e8c2a09d7ca9e0900a4ad3?s=96&d=mm&r=g","url":"https:\/\/secure.gravatar.com\/avatar\/e9b8fcf3c4d64603cd3ec2eb8588179dabe6c74041e8c2a09d7ca9e0900a4ad3?s=96&d=mm&r=g","contentUrl":"https:\/\/secure.gravatar.com\/avatar\/e9b8fcf3c4d64603cd3ec2eb8588179dabe6c74041e8c2a09d7ca9e0900a4ad3?s=96&d=mm&r=g","caption":"J\u00f6rntr\u00e4hus"},"sameAs":["https:\/\/jorntrahus.se"],"url":"https:\/\/jorntrahus.se\/en\/author\/jorntrahus\/"}]}},"publishpress_future_action":{"enabled":false,"date":"2026-05-07 00:02:26","action":"change-status","newStatus":"draft","terms":[],"taxonomy":"category","extraData":[]},"publishpress_future_workflow_manual_trigger":{"enabledWorkflows":[]},"_links":{"self":[{"href":"https:\/\/jorntrahus.se\/en\/wp-json\/wp\/v2\/posts\/11964","targetHints":{"allow":["GET"]}}],"collection":[{"href":"https:\/\/jorntrahus.se\/en\/wp-json\/wp\/v2\/posts"}],"about":[{"href":"https:\/\/jorntrahus.se\/en\/wp-json\/wp\/v2\/types\/post"}],"author":[{"embeddable":true,"href":"https:\/\/jorntrahus.se\/en\/wp-json\/wp\/v2\/users\/2"}],"replies":[{"embeddable":true,"href":"https:\/\/jorntrahus.se\/en\/wp-json\/wp\/v2\/comments?post=11964"}],"version-history":[{"count":7,"href":"https:\/\/jorntrahus.se\/en\/wp-json\/wp\/v2\/posts\/11964\/revisions"}],"predecessor-version":[{"id":11998,"href":"https:\/\/jorntrahus.se\/en\/wp-json\/wp\/v2\/posts\/11964\/revisions\/11998"}],"wp:featuredmedia":[{"embeddable":true,"href":"https:\/\/jorntrahus.se\/en\/wp-json\/wp\/v2\/media\/11963"}],"wp:attachment":[{"href":"https:\/\/jorntrahus.se\/en\/wp-json\/wp\/v2\/media?parent=11964"}],"wp:term":[{"taxonomy":"category","embeddable":true,"href":"https:\/\/jorntrahus.se\/en\/wp-json\/wp\/v2\/categories?post=11964"},{"taxonomy":"post_tag","embeddable":true,"href":"https:\/\/jorntrahus.se\/en\/wp-json\/wp\/v2\/tags?post=11964"}],"curies":[{"name":"wp","href":"https:\/\/api.w.org\/{rel}","templated":true}]}}