{"id":13236,"date":"2022-02-18T14:34:50","date_gmt":"2022-02-18T13:34:50","guid":{"rendered":"https:\/\/jorntrahus.se\/?p=13236"},"modified":"2022-03-17T15:39:52","modified_gmt":"2022-03-17T14:39:52","slug":"welcome-mariana-was-new-project-manager","status":"publish","type":"post","link":"https:\/\/jorntrahus.se\/en\/nyhet\/valkommen-mariana-var-nya-projektledare\/","title":{"rendered":"Welcome Mariana - our new project manager"},"content":{"rendered":"<h3>Mariana Engman is the new project manager at J\u00f6rntr\u00e4hus and will in her job strengthen and clarify our delivery process. She has previously worked as a designer and project manager at WSP.<\/h3>\n<p><strong>What attracted you to apply for the job?<br \/>\n<\/strong>- It sounded like an exciting role at an interesting company that is moving forward. I've been at WSP for a long time and wanted to try something new. At J\u00f6rntr\u00e4hus, I get a completely new role that I can help shape myself, it feels very inspiring.<\/p>\n<p><strong>What are your tasks as a project manager?<br \/>\n<\/strong>- I coordinate and take a holistic approach to projects. I make sure that we deliver on time and get paid for it. The idea is also to make things clearer for our customers. I become their contact and then distribute jobs within the organisation.<\/p>\n<p><strong>You have worked for 13.5 years as a designer and project manager in construction at WSP. What do you bring from there to your new role at J\u00f6rntr\u00e4hus?<\/strong><br \/>\n- \"My experience as a designer means that I have technical expertise that will be of great benefit to me at J\u00f6rntr\u00e4hus. I've also worked with project management, which involves a lot of coordination and contacts with consultants and clients, tasks that are similar to what I'll be doing as a project manager now. What makes J\u00f6rntr\u00e4hus different is that I get to be involved all the way from when an assignment is sold until the entire building is completed. It feels fun!<\/p>\n<p><strong>What are your first projects?<br \/>\n<\/strong>- I'm currently working on Kvarnbacken and Birkarlen in K\u00e5ge. Soon I will also be involved in Sidsj\u00f6\u00e4ngen in Sundsvall where we are building terraced house apartments.<\/p>\n<p><strong>What do you like to do when you are not working?<br \/>\n<\/strong>- Spending time with family and friends. My partner and I have two daughters, 7 and 10 years old. We like travelling, both in Sweden and abroad. In winter we like to go skiing in \u00c5re and Hemavan. This spring we're going to rebuild the house, so we'll be busy with that.<\/p>","protected":false},"excerpt":{"rendered":"<p>Mariana Engman is the new project manager at J\u00f6rntr\u00e4hus and will in her job strengthen and clarify our delivery process. She has previously worked as a designer and project manager at WSP.<\/p>","protected":false},"author":2,"featured_media":13237,"comment_status":"closed","ping_status":"closed","sticky":false,"template":"","format":"standard","meta":{"footnotes":""},"categories":[1199,6],"tags":[1104,1373],"class_list":["post-13236","post","type-post","status-publish","format-standard","has-post-thumbnail","hentry","category-foretagsnytt","category-nyhet","tag-medarbetare","tag-projektledare"],"yoast_head":"<!-- This site is optimized with the Yoast SEO plugin v27.2 - https:\/\/yoast.com\/product\/yoast-seo-wordpress\/ -->\n<title>V\u00e4lkommen Mariana \u2013 v\u00e5r nya projektledare<\/title>\n<meta name=\"description\" content=\"Mariana Engman \u00e4r ny projektledare p\u00e5 J\u00f6rntr\u00e4hus. Hon har tidigare arbetat som konstrukt\u00f6r och uppdragsledare p\u00e5 WSP.\" \/>\n<meta name=\"robots\" content=\"index, follow, max-snippet:-1, max-image-preview:large, max-video-preview:-1\" \/>\n<link rel=\"canonical\" href=\"https:\/\/jorntrahus.se\/en\/novelty\/welcome-mariana-was-new-project-manager\/\" \/>\n<meta property=\"og:locale\" content=\"en_GB\" \/>\n<meta property=\"og:type\" content=\"article\" \/>\n<meta property=\"og:title\" content=\"V\u00e4lkommen Mariana \u2013 v\u00e5r nya projektledare\" \/>\n<meta property=\"og:description\" content=\"Mariana Engman \u00e4r ny projektledare p\u00e5 J\u00f6rntr\u00e4hus. Hon har tidigare arbetat som konstrukt\u00f6r och uppdragsledare p\u00e5 WSP.\" \/>\n<meta property=\"og:url\" content=\"https:\/\/jorntrahus.se\/en\/novelty\/welcome-mariana-was-new-project-manager\/\" \/>\n<meta property=\"og:site_name\" content=\"J\u00f6rntr\u00e4hus\" \/>\n<meta property=\"article:published_time\" content=\"2022-02-18T13:34:50+00:00\" \/>\n<meta property=\"article:modified_time\" content=\"2022-03-17T14:39:52+00:00\" \/>\n<meta property=\"og:image\" content=\"https:\/\/jorntrahus.se\/wp-content\/uploads\/2022\/02\/Mariana-Engman-projektledare-Jorntrahus-Valkommen.jpg\" \/>\n\t<meta property=\"og:image:width\" content=\"2400\" \/>\n\t<meta property=\"og:image:height\" content=\"1350\" \/>\n\t<meta property=\"og:image:type\" content=\"image\/jpeg\" \/>\n<meta name=\"author\" content=\"J\u00f6rntr\u00e4hus\" \/>\n<meta name=\"twitter:card\" content=\"summary_large_image\" \/>\n<meta name=\"twitter:image\" content=\"https:\/\/jorntrahus.se\/wp-content\/uploads\/2022\/02\/Mariana-Engman-projektledare-Jorntrahus-Valkommen.jpg\" \/>\n<meta name=\"twitter:label1\" content=\"Written by\" \/>\n\t<meta name=\"twitter:data1\" content=\"J\u00f6rntr\u00e4hus\" \/>\n\t<meta name=\"twitter:label2\" content=\"Estimated reading time\" \/>\n\t<meta name=\"twitter:data2\" content=\"2 minutes\" \/>\n<script type=\"application\/ld+json\" class=\"yoast-schema-graph\">{\"@context\":\"https:\/\/schema.org\",\"@graph\":[{\"@type\":\"Article\",\"@id\":\"https:\/\/jorntrahus.se\/nyhet\/valkommen-mariana-var-nya-projektledare\/#article\",\"isPartOf\":{\"@id\":\"https:\/\/jorntrahus.se\/nyhet\/valkommen-mariana-var-nya-projektledare\/\"},\"author\":{\"name\":\"J\u00f6rntr\u00e4hus\",\"@id\":\"https:\/\/jorntrahus.se\/#\/schema\/person\/1d486a26d13d4df455271c2f02f5ef5c\"},\"headline\":\"V\u00e4lkommen Mariana \u2013 v\u00e5r nya projektledare\",\"datePublished\":\"2022-02-18T13:34:50+00:00\",\"dateModified\":\"2022-03-17T14:39:52+00:00\",\"mainEntityOfPage\":{\"@id\":\"https:\/\/jorntrahus.se\/nyhet\/valkommen-mariana-var-nya-projektledare\/\"},\"wordCount\":387,\"publisher\":{\"@id\":\"https:\/\/jorntrahus.se\/#organization\"},\"image\":{\"@id\":\"https:\/\/jorntrahus.se\/nyhet\/valkommen-mariana-var-nya-projektledare\/#primaryimage\"},\"thumbnailUrl\":\"https:\/\/jorntrahus.se\/wp-content\/uploads\/2022\/02\/Mariana-Engman-projektledare-Jorntrahus-Valkommen.jpg\",\"keywords\":[\"medarbetare\",\"projektledare\"],\"articleSection\":[\"F\u00f6retagsnytt\",\"Nyhet\"],\"inLanguage\":\"en-GB\"},{\"@type\":\"WebPage\",\"@id\":\"https:\/\/jorntrahus.se\/nyhet\/valkommen-mariana-var-nya-projektledare\/\",\"url\":\"https:\/\/jorntrahus.se\/nyhet\/valkommen-mariana-var-nya-projektledare\/\",\"name\":\"V\u00e4lkommen Mariana \u2013 v\u00e5r nya projektledare\",\"isPartOf\":{\"@id\":\"https:\/\/jorntrahus.se\/#website\"},\"primaryImageOfPage\":{\"@id\":\"https:\/\/jorntrahus.se\/nyhet\/valkommen-mariana-var-nya-projektledare\/#primaryimage\"},\"image\":{\"@id\":\"https:\/\/jorntrahus.se\/nyhet\/valkommen-mariana-var-nya-projektledare\/#primaryimage\"},\"thumbnailUrl\":\"https:\/\/jorntrahus.se\/wp-content\/uploads\/2022\/02\/Mariana-Engman-projektledare-Jorntrahus-Valkommen.jpg\",\"datePublished\":\"2022-02-18T13:34:50+00:00\",\"dateModified\":\"2022-03-17T14:39:52+00:00\",\"description\":\"Mariana Engman \u00e4r ny projektledare p\u00e5 J\u00f6rntr\u00e4hus. Hon har tidigare arbetat som konstrukt\u00f6r och uppdragsledare p\u00e5 WSP.\",\"breadcrumb\":{\"@id\":\"https:\/\/jorntrahus.se\/nyhet\/valkommen-mariana-var-nya-projektledare\/#breadcrumb\"},\"inLanguage\":\"en-GB\",\"potentialAction\":[{\"@type\":\"ReadAction\",\"target\":[\"https:\/\/jorntrahus.se\/nyhet\/valkommen-mariana-var-nya-projektledare\/\"]}]},{\"@type\":\"ImageObject\",\"inLanguage\":\"en-GB\",\"@id\":\"https:\/\/jorntrahus.se\/nyhet\/valkommen-mariana-var-nya-projektledare\/#primaryimage\",\"url\":\"https:\/\/jorntrahus.se\/wp-content\/uploads\/2022\/02\/Mariana-Engman-projektledare-Jorntrahus-Valkommen.jpg\",\"contentUrl\":\"https:\/\/jorntrahus.se\/wp-content\/uploads\/2022\/02\/Mariana-Engman-projektledare-Jorntrahus-Valkommen.jpg\",\"width\":2400,\"height\":1350,\"caption\":\"Mariana Engman projektledare Jorntrahus Valkommen\"},{\"@type\":\"BreadcrumbList\",\"@id\":\"https:\/\/jorntrahus.se\/nyhet\/valkommen-mariana-var-nya-projektledare\/#breadcrumb\",\"itemListElement\":[{\"@type\":\"ListItem\",\"position\":1,\"name\":\"Hem\",\"item\":\"https:\/\/jorntrahus.se\/\"},{\"@type\":\"ListItem\",\"position\":2,\"name\":\"V\u00e4lkommen Mariana \u2013 v\u00e5r nya projektledare\"}]},{\"@type\":\"WebSite\",\"@id\":\"https:\/\/jorntrahus.se\/#website\",\"url\":\"https:\/\/jorntrahus.se\/\",\"name\":\"J\u00f6rntr\u00e4hus\",\"description\":\"Hus f\u00f6r den medvetne\",\"publisher\":{\"@id\":\"https:\/\/jorntrahus.se\/#organization\"},\"potentialAction\":[{\"@type\":\"SearchAction\",\"target\":{\"@type\":\"EntryPoint\",\"urlTemplate\":\"https:\/\/jorntrahus.se\/?s={search_term_string}\"},\"query-input\":{\"@type\":\"PropertyValueSpecification\",\"valueRequired\":true,\"valueName\":\"search_term_string\"}}],\"inLanguage\":\"en-GB\"},{\"@type\":\"Organization\",\"@id\":\"https:\/\/jorntrahus.se\/#organization\",\"name\":\"J\u00f6rntr\u00e4hus\",\"url\":\"https:\/\/jorntrahus.se\/\",\"logo\":{\"@type\":\"ImageObject\",\"inLanguage\":\"en-GB\",\"@id\":\"https:\/\/jorntrahus.se\/#\/schema\/logo\/image\/\",\"url\":\"https:\/\/jorntrahus.se\/wp-content\/uploads\/2020\/09\/Jorntrahus_Grund_CMYK.eps\",\"contentUrl\":\"https:\/\/jorntrahus.se\/wp-content\/uploads\/2020\/09\/Jorntrahus_Grund_CMYK.eps\",\"width\":1,\"height\":1,\"caption\":\"J\u00f6rntr\u00e4hus\"},\"image\":{\"@id\":\"https:\/\/jorntrahus.se\/#\/schema\/logo\/image\/\"}},{\"@type\":\"Person\",\"@id\":\"https:\/\/jorntrahus.se\/#\/schema\/person\/1d486a26d13d4df455271c2f02f5ef5c\",\"name\":\"J\u00f6rntr\u00e4hus\",\"image\":{\"@type\":\"ImageObject\",\"inLanguage\":\"en-GB\",\"@id\":\"https:\/\/secure.gravatar.com\/avatar\/e9b8fcf3c4d64603cd3ec2eb8588179dabe6c74041e8c2a09d7ca9e0900a4ad3?s=96&d=mm&r=g\",\"url\":\"https:\/\/secure.gravatar.com\/avatar\/e9b8fcf3c4d64603cd3ec2eb8588179dabe6c74041e8c2a09d7ca9e0900a4ad3?s=96&d=mm&r=g\",\"contentUrl\":\"https:\/\/secure.gravatar.com\/avatar\/e9b8fcf3c4d64603cd3ec2eb8588179dabe6c74041e8c2a09d7ca9e0900a4ad3?s=96&d=mm&r=g\",\"caption\":\"J\u00f6rntr\u00e4hus\"},\"sameAs\":[\"https:\/\/jorntrahus.se\"],\"url\":\"https:\/\/jorntrahus.se\/en\/author\/jorntrahus\/\"}]}<\/script>\n<!-- \/ Yoast SEO plugin. -->","yoast_head_json":{"title":"Welcome Mariana - our new project manager","description":"Mariana Engman is the new project manager at J\u00f6rntr\u00e4hus. She has previously worked as a designer and project manager at WSP.","robots":{"index":"index","follow":"follow","max-snippet":"max-snippet:-1","max-image-preview":"max-image-preview:large","max-video-preview":"max-video-preview:-1"},"canonical":"https:\/\/jorntrahus.se\/en\/novelty\/welcome-mariana-was-new-project-manager\/","og_locale":"en_GB","og_type":"article","og_title":"V\u00e4lkommen Mariana \u2013 v\u00e5r nya projektledare","og_description":"Mariana Engman \u00e4r ny projektledare p\u00e5 J\u00f6rntr\u00e4hus. Hon har tidigare arbetat som konstrukt\u00f6r och uppdragsledare p\u00e5 WSP.","og_url":"https:\/\/jorntrahus.se\/en\/novelty\/welcome-mariana-was-new-project-manager\/","og_site_name":"J\u00f6rntr\u00e4hus","article_published_time":"2022-02-18T13:34:50+00:00","article_modified_time":"2022-03-17T14:39:52+00:00","og_image":[{"width":2400,"height":1350,"url":"https:\/\/jorntrahus.se\/wp-content\/uploads\/2022\/02\/Mariana-Engman-projektledare-Jorntrahus-Valkommen.jpg","type":"image\/jpeg"}],"author":"J\u00f6rntr\u00e4hus","twitter_card":"summary_large_image","twitter_image":"https:\/\/jorntrahus.se\/wp-content\/uploads\/2022\/02\/Mariana-Engman-projektledare-Jorntrahus-Valkommen.jpg","twitter_misc":{"Written by":"J\u00f6rntr\u00e4hus","Estimated reading time":"2 minutes"},"schema":{"@context":"https:\/\/schema.org","@graph":[{"@type":"Article","@id":"https:\/\/jorntrahus.se\/nyhet\/valkommen-mariana-var-nya-projektledare\/#article","isPartOf":{"@id":"https:\/\/jorntrahus.se\/nyhet\/valkommen-mariana-var-nya-projektledare\/"},"author":{"name":"J\u00f6rntr\u00e4hus","@id":"https:\/\/jorntrahus.se\/#\/schema\/person\/1d486a26d13d4df455271c2f02f5ef5c"},"headline":"V\u00e4lkommen Mariana \u2013 v\u00e5r nya projektledare","datePublished":"2022-02-18T13:34:50+00:00","dateModified":"2022-03-17T14:39:52+00:00","mainEntityOfPage":{"@id":"https:\/\/jorntrahus.se\/nyhet\/valkommen-mariana-var-nya-projektledare\/"},"wordCount":387,"publisher":{"@id":"https:\/\/jorntrahus.se\/#organization"},"image":{"@id":"https:\/\/jorntrahus.se\/nyhet\/valkommen-mariana-var-nya-projektledare\/#primaryimage"},"thumbnailUrl":"https:\/\/jorntrahus.se\/wp-content\/uploads\/2022\/02\/Mariana-Engman-projektledare-Jorntrahus-Valkommen.jpg","keywords":["medarbetare","projektledare"],"articleSection":["F\u00f6retagsnytt","Nyhet"],"inLanguage":"en-GB"},{"@type":"WebPage","@id":"https:\/\/jorntrahus.se\/nyhet\/valkommen-mariana-var-nya-projektledare\/","url":"https:\/\/jorntrahus.se\/nyhet\/valkommen-mariana-var-nya-projektledare\/","name":"Welcome Mariana - our new project manager","isPartOf":{"@id":"https:\/\/jorntrahus.se\/#website"},"primaryImageOfPage":{"@id":"https:\/\/jorntrahus.se\/nyhet\/valkommen-mariana-var-nya-projektledare\/#primaryimage"},"image":{"@id":"https:\/\/jorntrahus.se\/nyhet\/valkommen-mariana-var-nya-projektledare\/#primaryimage"},"thumbnailUrl":"https:\/\/jorntrahus.se\/wp-content\/uploads\/2022\/02\/Mariana-Engman-projektledare-Jorntrahus-Valkommen.jpg","datePublished":"2022-02-18T13:34:50+00:00","dateModified":"2022-03-17T14:39:52+00:00","description":"Mariana Engman is the new project manager at J\u00f6rntr\u00e4hus. She has previously worked as a designer and project manager at WSP.","breadcrumb":{"@id":"https:\/\/jorntrahus.se\/nyhet\/valkommen-mariana-var-nya-projektledare\/#breadcrumb"},"inLanguage":"en-GB","potentialAction":[{"@type":"ReadAction","target":["https:\/\/jorntrahus.se\/nyhet\/valkommen-mariana-var-nya-projektledare\/"]}]},{"@type":"ImageObject","inLanguage":"en-GB","@id":"https:\/\/jorntrahus.se\/nyhet\/valkommen-mariana-var-nya-projektledare\/#primaryimage","url":"https:\/\/jorntrahus.se\/wp-content\/uploads\/2022\/02\/Mariana-Engman-projektledare-Jorntrahus-Valkommen.jpg","contentUrl":"https:\/\/jorntrahus.se\/wp-content\/uploads\/2022\/02\/Mariana-Engman-projektledare-Jorntrahus-Valkommen.jpg","width":2400,"height":1350,"caption":"Mariana Engman projektledare Jorntrahus Valkommen"},{"@type":"BreadcrumbList","@id":"https:\/\/jorntrahus.se\/nyhet\/valkommen-mariana-var-nya-projektledare\/#breadcrumb","itemListElement":[{"@type":"ListItem","position":1,"name":"Hem","item":"https:\/\/jorntrahus.se\/"},{"@type":"ListItem","position":2,"name":"V\u00e4lkommen Mariana \u2013 v\u00e5r nya projektledare"}]},{"@type":"WebSite","@id":"https:\/\/jorntrahus.se\/#website","url":"https:\/\/jorntrahus.se\/","name":"J\u00f6rntr\u00e4hus","description":"Houses for the conscious","publisher":{"@id":"https:\/\/jorntrahus.se\/#organization"},"potentialAction":[{"@type":"SearchAction","target":{"@type":"EntryPoint","urlTemplate":"https:\/\/jorntrahus.se\/?s={search_term_string}"},"query-input":{"@type":"PropertyValueSpecification","valueRequired":true,"valueName":"search_term_string"}}],"inLanguage":"en-GB"},{"@type":"Organization","@id":"https:\/\/jorntrahus.se\/#organization","name":"J\u00f6rntr\u00e4hus","url":"https:\/\/jorntrahus.se\/","logo":{"@type":"ImageObject","inLanguage":"en-GB","@id":"https:\/\/jorntrahus.se\/#\/schema\/logo\/image\/","url":"https:\/\/jorntrahus.se\/wp-content\/uploads\/2020\/09\/Jorntrahus_Grund_CMYK.eps","contentUrl":"https:\/\/jorntrahus.se\/wp-content\/uploads\/2020\/09\/Jorntrahus_Grund_CMYK.eps","width":1,"height":1,"caption":"J\u00f6rntr\u00e4hus"},"image":{"@id":"https:\/\/jorntrahus.se\/#\/schema\/logo\/image\/"}},{"@type":"Person","@id":"https:\/\/jorntrahus.se\/#\/schema\/person\/1d486a26d13d4df455271c2f02f5ef5c","name":"J\u00f6rntr\u00e4hus","image":{"@type":"ImageObject","inLanguage":"en-GB","@id":"https:\/\/secure.gravatar.com\/avatar\/e9b8fcf3c4d64603cd3ec2eb8588179dabe6c74041e8c2a09d7ca9e0900a4ad3?s=96&d=mm&r=g","url":"https:\/\/secure.gravatar.com\/avatar\/e9b8fcf3c4d64603cd3ec2eb8588179dabe6c74041e8c2a09d7ca9e0900a4ad3?s=96&d=mm&r=g","contentUrl":"https:\/\/secure.gravatar.com\/avatar\/e9b8fcf3c4d64603cd3ec2eb8588179dabe6c74041e8c2a09d7ca9e0900a4ad3?s=96&d=mm&r=g","caption":"J\u00f6rntr\u00e4hus"},"sameAs":["https:\/\/jorntrahus.se"],"url":"https:\/\/jorntrahus.se\/en\/author\/jorntrahus\/"}]}},"publishpress_future_action":{"enabled":false,"date":"2026-05-04 23:29:27","action":"change-status","newStatus":"draft","terms":[],"taxonomy":"category","extraData":[]},"publishpress_future_workflow_manual_trigger":{"enabledWorkflows":[]},"_links":{"self":[{"href":"https:\/\/jorntrahus.se\/en\/wp-json\/wp\/v2\/posts\/13236","targetHints":{"allow":["GET"]}}],"collection":[{"href":"https:\/\/jorntrahus.se\/en\/wp-json\/wp\/v2\/posts"}],"about":[{"href":"https:\/\/jorntrahus.se\/en\/wp-json\/wp\/v2\/types\/post"}],"author":[{"embeddable":true,"href":"https:\/\/jorntrahus.se\/en\/wp-json\/wp\/v2\/users\/2"}],"replies":[{"embeddable":true,"href":"https:\/\/jorntrahus.se\/en\/wp-json\/wp\/v2\/comments?post=13236"}],"version-history":[{"count":5,"href":"https:\/\/jorntrahus.se\/en\/wp-json\/wp\/v2\/posts\/13236\/revisions"}],"predecessor-version":[{"id":13243,"href":"https:\/\/jorntrahus.se\/en\/wp-json\/wp\/v2\/posts\/13236\/revisions\/13243"}],"wp:featuredmedia":[{"embeddable":true,"href":"https:\/\/jorntrahus.se\/en\/wp-json\/wp\/v2\/media\/13237"}],"wp:attachment":[{"href":"https:\/\/jorntrahus.se\/en\/wp-json\/wp\/v2\/media?parent=13236"}],"wp:term":[{"taxonomy":"category","embeddable":true,"href":"https:\/\/jorntrahus.se\/en\/wp-json\/wp\/v2\/categories?post=13236"},{"taxonomy":"post_tag","embeddable":true,"href":"https:\/\/jorntrahus.se\/en\/wp-json\/wp\/v2\/tags?post=13236"}],"curies":[{"name":"wp","href":"https:\/\/api.w.org\/{rel}","templated":true}]}}