{"id":13353,"date":"2022-05-06T13:44:15","date_gmt":"2022-05-06T11:44:15","guid":{"rendered":"https:\/\/jorntrahus.se\/?p=13353"},"modified":"2022-05-09T16:54:03","modified_gmt":"2022-05-09T14:54:03","slug":"our-housewives-in-adolfstrom-show-off-their-jorntra-house","status":"publish","type":"post","link":"https:\/\/jorntrahus.se\/en\/nyhet\/vara-husvanner-i-adolfstrom-visar-upp-sitt-jorntrahus\/","title":{"rendered":"Our house friends in Adolfstr\u00f6m show off their J\u00f6rn wooden house"},"content":{"rendered":"<div class=\"row\"  id=\"row-293857735\">\n\n\t<div id=\"col-1164115528\" class=\"col small-12 large-12\"  >\n\t\t\t\t<div class=\"col-inner\"  >\n\t\t\t\n\t\t\t\n\t<div id=\"gap-1764004776\" class=\"gap-element clearfix\" style=\"display:block; height:auto;\">\n\t\t\n<style>\n#gap-1764004776 {\n  padding-top: 20px;\n}\n<\/style>\n\t<\/div>\n\t\n<h3>When our colleague Gunnar was up to Adolfstr\u00f6m at Easter, he took the opportunity to visit and immortalise Veronica and Thomas' mountain hut with a 360 camera. You can find inspiring photos and a virtual tour below. A warm welcome to their holiday home - the tailor-made house model Kl\u00f6verfors.<\/h3>\n<p>Veronica and Thomas fell for J\u00f6rntr\u00e4hus' flexibility and high standards. The ease of customising it <strong><a href=\"https:\/\/jorntrahus.se\/en\/house-model\/kloverfors-89-ceiling\/\">Cloverleaf model<\/a><\/strong> on which they were based did not make the choice of housing provider more difficult.<\/p>\n\t<div id=\"gap-1745061852\" class=\"gap-element clearfix\" style=\"display:block; height:auto;\">\n\t\t\n<style>\n#gap-1745061852 {\n  padding-top: 30px;\n}\n<\/style>\n\t<\/div>\n\t\n\t<div id=\"stack-1481445554\" class=\"stack stack-row justify-start items-stretch\">\n\t\t\n\t<div class=\"img has-hover x md-x lg-x y md-y lg-y\" id=\"image_171364211\">\n\t\t<a class=\"image-lightbox lightbox-gallery\" title=\"\" href=\"https:\/\/jorntrahus.se\/wp-content\/uploads\/2022\/05\/Fritidshus-Byggsats-Fjallstuga-Stuga-Kloverfors-89-Adolfstrom-Kundexempel-Inspiration-5-scaled-1200x900.jpg\">\t\t\t\t\t\t<div class=\"img-inner dark\" >\n\t\t\t<img loading=\"lazy\" decoding=\"async\" width=\"1020\" height=\"765\" src=\"https:\/\/jorntrahus.se\/wp-content\/uploads\/2022\/05\/Fritidshus-Byggsats-Fjallstuga-Stuga-Kloverfors-89-Adolfstrom-Kundexempel-Inspiration-5-scaled-1200x900.jpg\" class=\"attachment-large size-large\" alt=\"Holiday home Building kit Mountain cabin Cottage Kl\u00f6verfors 89 Adolfstr\u00f6m Customer example Inspiration J\u00f6rntr\u00e4hus\" srcset=\"https:\/\/jorntrahus.se\/wp-content\/uploads\/2022\/05\/Fritidshus-Byggsats-Fjallstuga-Stuga-Kloverfors-89-Adolfstrom-Kundexempel-Inspiration-5-scaled-1200x900.jpg 1200w, https:\/\/jorntrahus.se\/wp-content\/uploads\/2022\/05\/Fritidshus-Byggsats-Fjallstuga-Stuga-Kloverfors-89-Adolfstrom-Kundexempel-Inspiration-5-scaled-600x450.jpg 600w, https:\/\/jorntrahus.se\/wp-content\/uploads\/2022\/05\/Fritidshus-Byggsats-Fjallstuga-Stuga-Kloverfors-89-Adolfstrom-Kundexempel-Inspiration-5-scaled-768x576.jpg 768w, https:\/\/jorntrahus.se\/wp-content\/uploads\/2022\/05\/Fritidshus-Byggsats-Fjallstuga-Stuga-Kloverfors-89-Adolfstrom-Kundexempel-Inspiration-5-scaled-1536x1152.jpg 1536w, https:\/\/jorntrahus.se\/wp-content\/uploads\/2022\/05\/Fritidshus-Byggsats-Fjallstuga-Stuga-Kloverfors-89-Adolfstrom-Kundexempel-Inspiration-5-scaled-2048x1536.jpg 2048w, https:\/\/jorntrahus.se\/wp-content\/uploads\/2022\/05\/Fritidshus-Byggsats-Fjallstuga-Stuga-Kloverfors-89-Adolfstrom-Kundexempel-Inspiration-5-scaled-900x675.jpg 900w\" sizes=\"auto, (max-width: 1020px) 100vw, 1020px\" \/>\t\t\t\t\t\t\n\t\t\t\t\t<\/div>\n\t\t\t\t\t\t<\/a>\t\t\n<style>\n#image_171364211 {\n  width: 100%;\n}\n<\/style>\n\t<\/div>\n\t\n\t<div class=\"img has-hover x md-x lg-x y md-y lg-y\" id=\"image_768622483\">\n\t\t<a class=\"image-lightbox lightbox-gallery\" title=\"\" href=\"https:\/\/jorntrahus.se\/wp-content\/uploads\/2022\/05\/Fritidshus-Byggsats-Fjallstuga-Stuga-Kloverfors-89-Adolfstrom-Kundexempel-Inspiration-3-1200x900.jpg\">\t\t\t\t\t\t<div class=\"img-inner dark\" >\n\t\t\t<img loading=\"lazy\" decoding=\"async\" width=\"1020\" height=\"765\" src=\"https:\/\/jorntrahus.se\/wp-content\/uploads\/2022\/05\/Fritidshus-Byggsats-Fjallstuga-Stuga-Kloverfors-89-Adolfstrom-Kundexempel-Inspiration-3-1200x900.jpg\" class=\"attachment-large size-large\" alt=\"Holiday home Building kit Fjallstuga Stuga Kloverfors 89 Adolfstrom Customer example Inspiration 3\" srcset=\"https:\/\/jorntrahus.se\/wp-content\/uploads\/2022\/05\/Fritidshus-Byggsats-Fjallstuga-Stuga-Kloverfors-89-Adolfstrom-Kundexempel-Inspiration-3-1200x900.jpg 1200w, https:\/\/jorntrahus.se\/wp-content\/uploads\/2022\/05\/Fritidshus-Byggsats-Fjallstuga-Stuga-Kloverfors-89-Adolfstrom-Kundexempel-Inspiration-3-600x450.jpg 600w, https:\/\/jorntrahus.se\/wp-content\/uploads\/2022\/05\/Fritidshus-Byggsats-Fjallstuga-Stuga-Kloverfors-89-Adolfstrom-Kundexempel-Inspiration-3-768x576.jpg 768w, https:\/\/jorntrahus.se\/wp-content\/uploads\/2022\/05\/Fritidshus-Byggsats-Fjallstuga-Stuga-Kloverfors-89-Adolfstrom-Kundexempel-Inspiration-3-1536x1152.jpg 1536w, https:\/\/jorntrahus.se\/wp-content\/uploads\/2022\/05\/Fritidshus-Byggsats-Fjallstuga-Stuga-Kloverfors-89-Adolfstrom-Kundexempel-Inspiration-3-2048x1536.jpg 2048w, https:\/\/jorntrahus.se\/wp-content\/uploads\/2022\/05\/Fritidshus-Byggsats-Fjallstuga-Stuga-Kloverfors-89-Adolfstrom-Kundexempel-Inspiration-3-900x675.jpg 900w\" sizes=\"auto, (max-width: 1020px) 100vw, 1020px\" \/>\t\t\t\t\t\t\n\t\t\t\t\t<\/div>\n\t\t\t\t\t\t<\/a>\t\t\n<style>\n#image_768622483 {\n  width: 100%;\n}\n<\/style>\n\t<\/div>\n\t\n\t\t\n<style>\n#stack-1481445554 > * {\n  --stack-gap: 1.25rem;\n}\n<\/style>\n\t<\/div>\n\t\n\t<div id=\"gap-232825910\" class=\"gap-element clearfix\" style=\"display:block; height:auto;\">\n\t\t\n<style>\n#gap-232825910 {\n  padding-top: 30px;\n}\n<\/style>\n\t<\/div>\n\t\n<p>The adjustment they made from the original was to remove the front door to the storage room and instead place the door from inside the hall. The boiler was placed in the storage room, making the bathroom much more spacious.<\/p>\n<p>- \"It's perfect to have a storage room close to the entrance door, because outerwear and equipment need their place in a mountain hut,\" Veronica emphasises.<\/p>\n<p>Take a look at how their holiday home was adapted and looks from the inside.<\/p>\n\t<div id=\"gap-1990464078\" class=\"gap-element clearfix\" style=\"display:block; height:auto;\">\n\t\t\n<style>\n#gap-1990464078 {\n  padding-top: 30px;\n}\n<\/style>\n\t<\/div>\n\t\n<div class=\"row align-center\"  id=\"row-1116007454\">\n\n\t<div id=\"col-1077792054\" class=\"col small-12 large-12\"  >\n\t\t\t\t<div class=\"col-inner text-center\"  >\n\t\t\t\n\t\t\t\n<a href=\"https:\/\/jorntrahus.se\/rundtur\/kl%c3%b6verfors-89-adolfstr%c3%b6m\/\" target=\"_blank\" class=\"button primary is-outline is-xlarge\" rel=\"noopener\" >\n\t\t<span>TAKE A TOUR<\/span>\n\t<\/a>\n\n\t\t<\/div>\n\t\t\t\t\t<\/div>\n\n\t\n<\/div>\n\t<div id=\"gap-2092424110\" class=\"gap-element clearfix\" style=\"display:block; height:auto;\">\n\t\t\n<style>\n#gap-2092424110 {\n  padding-top: 20px;\n}\n<\/style>\n\t<\/div>\n\t\n  <div class=\"banner-grid-wrapper\">\n  <div id=\"banner-grid-97129849\" class=\"banner-grid row row-grid row-small\" data-packery-options=\"\">\n                      \n<div class=\"col grid-col large-6 grid-col-2-3\" ><div class=\"col-inner\">\n\t<div class=\"img has-hover x md-x lg-x y md-y lg-y\" id=\"image_1120255045\">\n\t\t<a class=\"image-lightbox lightbox-gallery\" title=\"\" href=\"https:\/\/jorntrahus.se\/wp-content\/uploads\/2022\/05\/Fritidshus-Byggsats-Fjallstuga-Stuga-Kloverfors-89-Adolfstrom-Kundexempel-Inspiration-11-scaled-1200x900.jpg\">\t\t\t\t\t\t<div class=\"img-inner dark\" >\n\t\t\t<img loading=\"lazy\" decoding=\"async\" width=\"1020\" height=\"765\" src=\"https:\/\/jorntrahus.se\/wp-content\/uploads\/2022\/05\/Fritidshus-Byggsats-Fjallstuga-Stuga-Kloverfors-89-Adolfstrom-Kundexempel-Inspiration-11-scaled-1200x900.jpg\" class=\"attachment-large size-large\" alt=\"Holiday home Building kit Mountain cabin Cottage Kl\u00f6verfors 89 Adolfstr\u00f6m Customer example Inspiration J\u00f6rntr\u00e4hus\" srcset=\"https:\/\/jorntrahus.se\/wp-content\/uploads\/2022\/05\/Fritidshus-Byggsats-Fjallstuga-Stuga-Kloverfors-89-Adolfstrom-Kundexempel-Inspiration-11-scaled-1200x900.jpg 1200w, https:\/\/jorntrahus.se\/wp-content\/uploads\/2022\/05\/Fritidshus-Byggsats-Fjallstuga-Stuga-Kloverfors-89-Adolfstrom-Kundexempel-Inspiration-11-scaled-600x450.jpg 600w, https:\/\/jorntrahus.se\/wp-content\/uploads\/2022\/05\/Fritidshus-Byggsats-Fjallstuga-Stuga-Kloverfors-89-Adolfstrom-Kundexempel-Inspiration-11-scaled-768x576.jpg 768w, https:\/\/jorntrahus.se\/wp-content\/uploads\/2022\/05\/Fritidshus-Byggsats-Fjallstuga-Stuga-Kloverfors-89-Adolfstrom-Kundexempel-Inspiration-11-scaled-1536x1152.jpg 1536w, https:\/\/jorntrahus.se\/wp-content\/uploads\/2022\/05\/Fritidshus-Byggsats-Fjallstuga-Stuga-Kloverfors-89-Adolfstrom-Kundexempel-Inspiration-11-scaled-2048x1536.jpg 2048w, https:\/\/jorntrahus.se\/wp-content\/uploads\/2022\/05\/Fritidshus-Byggsats-Fjallstuga-Stuga-Kloverfors-89-Adolfstrom-Kundexempel-Inspiration-11-scaled-900x675.jpg 900w\" sizes=\"auto, (max-width: 1020px) 100vw, 1020px\" \/>\t\t\t\t\t\t\n\t\t\t\t\t<\/div>\n\t\t\t\t\t\t<\/a>\t\t\n<style>\n#image_1120255045 {\n  width: 100%;\n}\n<\/style>\n\t<\/div>\n\t\n<\/div><\/div>\n<div class=\"col grid-col large-6 grid-col-1-2\" ><div class=\"col-inner\">\n\t<div class=\"img has-hover x md-x lg-x y md-y lg-y\" id=\"image_644928298\">\n\t\t<a class=\"image-lightbox lightbox-gallery\" title=\"\" href=\"https:\/\/jorntrahus.se\/wp-content\/uploads\/2022\/05\/Fritidshus-Byggsats-Fjallstuga-Stuga-Kloverfors-89-Adolfstrom-Kundexempel-Inspiration-14-1200x900.jpg\">\t\t\t\t\t\t<div class=\"img-inner dark\" >\n\t\t\t<img loading=\"lazy\" decoding=\"async\" width=\"1020\" height=\"765\" src=\"https:\/\/jorntrahus.se\/wp-content\/uploads\/2022\/05\/Fritidshus-Byggsats-Fjallstuga-Stuga-Kloverfors-89-Adolfstrom-Kundexempel-Inspiration-14-1200x900.jpg\" class=\"attachment-large size-large\" alt=\"Holiday home Building kit Mountain cabin Cottage Kl\u00f6verfors 89 Adolfstr\u00f6m Customer example Inspiration J\u00f6rntr\u00e4hus\" srcset=\"https:\/\/jorntrahus.se\/wp-content\/uploads\/2022\/05\/Fritidshus-Byggsats-Fjallstuga-Stuga-Kloverfors-89-Adolfstrom-Kundexempel-Inspiration-14-1200x900.jpg 1200w, https:\/\/jorntrahus.se\/wp-content\/uploads\/2022\/05\/Fritidshus-Byggsats-Fjallstuga-Stuga-Kloverfors-89-Adolfstrom-Kundexempel-Inspiration-14-600x450.jpg 600w, https:\/\/jorntrahus.se\/wp-content\/uploads\/2022\/05\/Fritidshus-Byggsats-Fjallstuga-Stuga-Kloverfors-89-Adolfstrom-Kundexempel-Inspiration-14-768x576.jpg 768w, https:\/\/jorntrahus.se\/wp-content\/uploads\/2022\/05\/Fritidshus-Byggsats-Fjallstuga-Stuga-Kloverfors-89-Adolfstrom-Kundexempel-Inspiration-14-1536x1152.jpg 1536w, https:\/\/jorntrahus.se\/wp-content\/uploads\/2022\/05\/Fritidshus-Byggsats-Fjallstuga-Stuga-Kloverfors-89-Adolfstrom-Kundexempel-Inspiration-14-2048x1536.jpg 2048w, https:\/\/jorntrahus.se\/wp-content\/uploads\/2022\/05\/Fritidshus-Byggsats-Fjallstuga-Stuga-Kloverfors-89-Adolfstrom-Kundexempel-Inspiration-14-900x675.jpg 900w\" sizes=\"auto, (max-width: 1020px) 100vw, 1020px\" \/>\t\t\t\t\t\t\n\t\t\t\t\t<\/div>\n\t\t\t\t\t\t<\/a>\t\t\n<style>\n#image_644928298 {\n  width: 100%;\n}\n<\/style>\n\t<\/div>\n\t\n<\/div><\/div>\n<div class=\"col grid-col large-3 grid-col-1-2\" ><div class=\"col-inner\">\n\t<div class=\"img has-hover x md-x lg-x y md-y lg-y\" id=\"image_1209575979\">\n\t\t<a class=\"image-lightbox lightbox-gallery\" title=\"\" href=\"https:\/\/jorntrahus.se\/wp-content\/uploads\/2022\/05\/Fritidshus-Byggsats-Fjallstuga-Stuga-Kloverfors-89-Adolfstrom-Kundexempel-Inspiration-9-scaled-1200x900.jpg\">\t\t\t\t\t\t<div class=\"img-inner dark\" >\n\t\t\t<img loading=\"lazy\" decoding=\"async\" width=\"1020\" height=\"765\" src=\"https:\/\/jorntrahus.se\/wp-content\/uploads\/2022\/05\/Fritidshus-Byggsats-Fjallstuga-Stuga-Kloverfors-89-Adolfstrom-Kundexempel-Inspiration-9-scaled-1200x900.jpg\" class=\"attachment-large size-large\" alt=\"Holiday home Building kit Mountain cabin Cottage Kl\u00f6verfors 89 Adolfstr\u00f6m Customer example Inspiration J\u00f6rntr\u00e4hus\" srcset=\"https:\/\/jorntrahus.se\/wp-content\/uploads\/2022\/05\/Fritidshus-Byggsats-Fjallstuga-Stuga-Kloverfors-89-Adolfstrom-Kundexempel-Inspiration-9-scaled-1200x900.jpg 1200w, https:\/\/jorntrahus.se\/wp-content\/uploads\/2022\/05\/Fritidshus-Byggsats-Fjallstuga-Stuga-Kloverfors-89-Adolfstrom-Kundexempel-Inspiration-9-scaled-600x450.jpg 600w, https:\/\/jorntrahus.se\/wp-content\/uploads\/2022\/05\/Fritidshus-Byggsats-Fjallstuga-Stuga-Kloverfors-89-Adolfstrom-Kundexempel-Inspiration-9-scaled-768x576.jpg 768w, https:\/\/jorntrahus.se\/wp-content\/uploads\/2022\/05\/Fritidshus-Byggsats-Fjallstuga-Stuga-Kloverfors-89-Adolfstrom-Kundexempel-Inspiration-9-scaled-1536x1152.jpg 1536w, https:\/\/jorntrahus.se\/wp-content\/uploads\/2022\/05\/Fritidshus-Byggsats-Fjallstuga-Stuga-Kloverfors-89-Adolfstrom-Kundexempel-Inspiration-9-scaled-2048x1536.jpg 2048w, https:\/\/jorntrahus.se\/wp-content\/uploads\/2022\/05\/Fritidshus-Byggsats-Fjallstuga-Stuga-Kloverfors-89-Adolfstrom-Kundexempel-Inspiration-9-scaled-900x675.jpg 900w\" sizes=\"auto, (max-width: 1020px) 100vw, 1020px\" \/>\t\t\t\t\t\t\n\t\t\t\t\t<\/div>\n\t\t\t\t\t\t<\/a>\t\t\n<style>\n#image_1209575979 {\n  width: 100%;\n}\n<\/style>\n\t<\/div>\n\t\n<\/div><\/div>\n<div class=\"col grid-col large-3 grid-col-1-2\" ><div class=\"col-inner\">\n\t<div class=\"img has-hover x md-x lg-x y md-y lg-y\" id=\"image_1982974338\">\n\t\t<a class=\"image-lightbox lightbox-gallery\" title=\"\" href=\"https:\/\/jorntrahus.se\/wp-content\/uploads\/2022\/05\/Fritidshus-Byggsats-Fjallstuga-Stuga-Kloverfors-89-Adolfstrom-Kundexempel-Inspiration-12-scaled-1200x900.jpg\">\t\t\t\t\t\t<div class=\"img-inner dark\" >\n\t\t\t<img loading=\"lazy\" decoding=\"async\" width=\"1020\" height=\"765\" src=\"https:\/\/jorntrahus.se\/wp-content\/uploads\/2022\/05\/Fritidshus-Byggsats-Fjallstuga-Stuga-Kloverfors-89-Adolfstrom-Kundexempel-Inspiration-12-scaled-1200x900.jpg\" class=\"attachment-large size-large\" alt=\"Holiday home Building kit Mountain cabin Cottage Kl\u00f6verfors 89 Adolfstr\u00f6m Customer example Inspiration J\u00f6rntr\u00e4hus\" srcset=\"https:\/\/jorntrahus.se\/wp-content\/uploads\/2022\/05\/Fritidshus-Byggsats-Fjallstuga-Stuga-Kloverfors-89-Adolfstrom-Kundexempel-Inspiration-12-scaled-1200x900.jpg 1200w, https:\/\/jorntrahus.se\/wp-content\/uploads\/2022\/05\/Fritidshus-Byggsats-Fjallstuga-Stuga-Kloverfors-89-Adolfstrom-Kundexempel-Inspiration-12-scaled-600x450.jpg 600w, https:\/\/jorntrahus.se\/wp-content\/uploads\/2022\/05\/Fritidshus-Byggsats-Fjallstuga-Stuga-Kloverfors-89-Adolfstrom-Kundexempel-Inspiration-12-scaled-768x576.jpg 768w, https:\/\/jorntrahus.se\/wp-content\/uploads\/2022\/05\/Fritidshus-Byggsats-Fjallstuga-Stuga-Kloverfors-89-Adolfstrom-Kundexempel-Inspiration-12-scaled-1536x1152.jpg 1536w, https:\/\/jorntrahus.se\/wp-content\/uploads\/2022\/05\/Fritidshus-Byggsats-Fjallstuga-Stuga-Kloverfors-89-Adolfstrom-Kundexempel-Inspiration-12-scaled-2048x1536.jpg 2048w, https:\/\/jorntrahus.se\/wp-content\/uploads\/2022\/05\/Fritidshus-Byggsats-Fjallstuga-Stuga-Kloverfors-89-Adolfstrom-Kundexempel-Inspiration-12-scaled-900x675.jpg 900w\" sizes=\"auto, (max-width: 1020px) 100vw, 1020px\" \/>\t\t\t\t\t\t\n\t\t\t\t\t<\/div>\n\t\t\t\t\t\t<\/a>\t\t\n<style>\n#image_1982974338 {\n  width: 100%;\n}\n<\/style>\n\t<\/div>\n\t\n<\/div><\/div>\n<div class=\"col grid-col large-6 grid-col-1-3\" ><div class=\"col-inner\">\n\t<div class=\"img has-hover x md-x lg-x y md-y lg-y\" id=\"image_1408455027\">\n\t\t<a class=\"image-lightbox lightbox-gallery\" title=\"\" href=\"https:\/\/jorntrahus.se\/wp-content\/uploads\/2022\/05\/Fritidshus-Byggsats-Fjallstuga-Stuga-Kloverfors-89-Adolfstrom-Kundexempel-Inspiration-6-scaled-1200x900.jpg\">\t\t\t\t\t\t<div class=\"img-inner dark\" >\n\t\t\t<img loading=\"lazy\" decoding=\"async\" width=\"1020\" height=\"765\" src=\"https:\/\/jorntrahus.se\/wp-content\/uploads\/2022\/05\/Fritidshus-Byggsats-Fjallstuga-Stuga-Kloverfors-89-Adolfstrom-Kundexempel-Inspiration-6-scaled-1200x900.jpg\" class=\"attachment-large size-large\" alt=\"Holiday home Building kit Mountain cabin Cottage Kl\u00f6verfors 89 Adolfstr\u00f6m Customer example Inspiration J\u00f6rntr\u00e4hus\" srcset=\"https:\/\/jorntrahus.se\/wp-content\/uploads\/2022\/05\/Fritidshus-Byggsats-Fjallstuga-Stuga-Kloverfors-89-Adolfstrom-Kundexempel-Inspiration-6-scaled-1200x900.jpg 1200w, https:\/\/jorntrahus.se\/wp-content\/uploads\/2022\/05\/Fritidshus-Byggsats-Fjallstuga-Stuga-Kloverfors-89-Adolfstrom-Kundexempel-Inspiration-6-scaled-600x450.jpg 600w, https:\/\/jorntrahus.se\/wp-content\/uploads\/2022\/05\/Fritidshus-Byggsats-Fjallstuga-Stuga-Kloverfors-89-Adolfstrom-Kundexempel-Inspiration-6-scaled-768x576.jpg 768w, https:\/\/jorntrahus.se\/wp-content\/uploads\/2022\/05\/Fritidshus-Byggsats-Fjallstuga-Stuga-Kloverfors-89-Adolfstrom-Kundexempel-Inspiration-6-scaled-1536x1152.jpg 1536w, https:\/\/jorntrahus.se\/wp-content\/uploads\/2022\/05\/Fritidshus-Byggsats-Fjallstuga-Stuga-Kloverfors-89-Adolfstrom-Kundexempel-Inspiration-6-scaled-2048x1536.jpg 2048w, https:\/\/jorntrahus.se\/wp-content\/uploads\/2022\/05\/Fritidshus-Byggsats-Fjallstuga-Stuga-Kloverfors-89-Adolfstrom-Kundexempel-Inspiration-6-scaled-900x675.jpg 900w\" sizes=\"auto, (max-width: 1020px) 100vw, 1020px\" \/>\t\t\t\t\t\t\n\t\t\t\t\t<\/div>\n\t\t\t\t\t\t<\/a>\t\t\n<style>\n#image_1408455027 {\n  width: 100%;\n}\n<\/style>\n\t<\/div>\n\t\n<\/div><\/div>\n            <\/div>\n    <style>\n    #banner-grid-97129849 .grid-col-1{height: 600px}\n    #banner-grid-97129849 .grid-col-1-2{height: 300px}\n    #banner-grid-97129849 .grid-col-1-3{height:200px}\n    #banner-grid-97129849 .grid-col-2-3{height: 400px}\n    #banner-grid-97129849 .grid-col-1-4{height: 150px}\n    #banner-grid-97129849 .grid-col-3-4{height: 450px}\n\n\n    \n    \n\n  <\/style>\n    <\/div>\n  \n\t<div id=\"gap-1699783098\" class=\"gap-element clearfix\" style=\"display:block; height:auto;\">\n\t\t\n<style>\n#gap-1699783098 {\n  padding-top: 30px;\n}\n<\/style>\n\t<\/div>\n\t\n<div class=\"slider-wrapper relative\" id=\"slider-1176486228\" >\n    <div class=\"slider slider-nav-circle slider-nav-large slider-nav-dark slider-style-normal slider-show-nav\"\n        data-flickity-options='{            \"cellAlign\": \"center\",            \"imagesLoaded\": true,            \"lazyLoad\": 1,            \"freeScroll\": true,            \"wrapAround\": true,            \"autoPlay\": 4000,            \"pauseAutoPlayOnHover\" : true,            \"prevNextButtons\": true,            \"contain\" : true,            \"adaptiveHeight\" : true,            \"dragThreshold\" : 10,            \"percentPosition\": true,            \"pageDots\": true,            \"rightToLeft\": false,            \"draggable\": true,            \"selectedAttraction\": 0.1,            \"parallax\" : 0,            \"friction\": 0.6        }'\n        >\n        \n\t<div class=\"img has-hover x md-x lg-x y md-y lg-y\" id=\"image_1477881330\">\n\t\t<a class=\"image-lightbox lightbox-gallery\" title=\"\" href=\"https:\/\/jorntrahus.se\/wp-content\/uploads\/2022\/05\/Ritning-Kloverfors-89-Adolfstrom-Plan-1-1200x990.png\">\t\t\t\t\t\t<div class=\"img-inner dark\" >\n\t\t\t<img loading=\"lazy\" decoding=\"async\" width=\"1020\" height=\"842\" src=\"https:\/\/jorntrahus.se\/wp-content\/uploads\/2022\/05\/Ritning-Kloverfors-89-Adolfstrom-Plan-1-1200x990.png\" class=\"attachment-large size-large\" alt=\"Drawing Kloverfors 89 Adolfstrom Plan 1\" srcset=\"https:\/\/jorntrahus.se\/wp-content\/uploads\/2022\/05\/Ritning-Kloverfors-89-Adolfstrom-Plan-1-1200x990.png 1200w, https:\/\/jorntrahus.se\/wp-content\/uploads\/2022\/05\/Ritning-Kloverfors-89-Adolfstrom-Plan-1-600x495.png 600w, https:\/\/jorntrahus.se\/wp-content\/uploads\/2022\/05\/Ritning-Kloverfors-89-Adolfstrom-Plan-1-768x634.png 768w, https:\/\/jorntrahus.se\/wp-content\/uploads\/2022\/05\/Ritning-Kloverfors-89-Adolfstrom-Plan-1-900x743.png 900w, https:\/\/jorntrahus.se\/wp-content\/uploads\/2022\/05\/Ritning-Kloverfors-89-Adolfstrom-Plan-1.png 1500w\" sizes=\"auto, (max-width: 1020px) 100vw, 1020px\" \/>\t\t\t\t\t\t\n\t\t\t\t\t<\/div>\n\t\t\t\t\t\t<\/a>\t\t\n<style>\n#image_1477881330 {\n  width: 100%;\n}\n<\/style>\n\t<\/div>\n\t\n\t<div class=\"img has-hover x md-x lg-x y md-y lg-y\" id=\"image_355673605\">\n\t\t<a class=\"image-lightbox lightbox-gallery\" title=\"\" href=\"https:\/\/jorntrahus.se\/wp-content\/uploads\/2022\/05\/Ritning-Kloverfors-89-Adolfstrom-Loft-1200x990.png\">\t\t\t\t\t\t<div class=\"img-inner dark\" >\n\t\t\t<img loading=\"lazy\" decoding=\"async\" width=\"1020\" height=\"842\" src=\"https:\/\/jorntrahus.se\/wp-content\/uploads\/2022\/05\/Ritning-Kloverfors-89-Adolfstrom-Loft-1200x990.png\" class=\"attachment-large size-large\" alt=\"Drawing Kloverfors 89 Adolfstrom Loft\" srcset=\"https:\/\/jorntrahus.se\/wp-content\/uploads\/2022\/05\/Ritning-Kloverfors-89-Adolfstrom-Loft-1200x990.png 1200w, https:\/\/jorntrahus.se\/wp-content\/uploads\/2022\/05\/Ritning-Kloverfors-89-Adolfstrom-Loft-600x495.png 600w, https:\/\/jorntrahus.se\/wp-content\/uploads\/2022\/05\/Ritning-Kloverfors-89-Adolfstrom-Loft-768x634.png 768w, https:\/\/jorntrahus.se\/wp-content\/uploads\/2022\/05\/Ritning-Kloverfors-89-Adolfstrom-Loft-900x743.png 900w, https:\/\/jorntrahus.se\/wp-content\/uploads\/2022\/05\/Ritning-Kloverfors-89-Adolfstrom-Loft.png 1500w\" sizes=\"auto, (max-width: 1020px) 100vw, 1020px\" \/>\t\t\t\t\t\t\n\t\t\t\t\t<\/div>\n\t\t\t\t\t\t<\/a>\t\t\n<style>\n#image_355673605 {\n  width: 100%;\n}\n<\/style>\n\t<\/div>\n\t\n\t<div class=\"img has-hover x md-x lg-x y md-y lg-y\" id=\"image_274060994\">\n\t\t<a class=\"image-lightbox lightbox-gallery\" title=\"\" href=\"https:\/\/jorntrahus.se\/wp-content\/uploads\/2022\/05\/Ritning-Kloverfors-89-Adolfstrom-Fasad-1200x990.png\">\t\t\t\t\t\t<div class=\"img-inner dark\" >\n\t\t\t<img loading=\"lazy\" decoding=\"async\" width=\"1020\" height=\"842\" src=\"https:\/\/jorntrahus.se\/wp-content\/uploads\/2022\/05\/Ritning-Kloverfors-89-Adolfstrom-Fasad-1200x990.png\" class=\"attachment-large size-large\" alt=\"Drawing Kloverfors 89 Adolfstrom Fasad\" srcset=\"https:\/\/jorntrahus.se\/wp-content\/uploads\/2022\/05\/Ritning-Kloverfors-89-Adolfstrom-Fasad-1200x990.png 1200w, https:\/\/jorntrahus.se\/wp-content\/uploads\/2022\/05\/Ritning-Kloverfors-89-Adolfstrom-Fasad-600x495.png 600w, https:\/\/jorntrahus.se\/wp-content\/uploads\/2022\/05\/Ritning-Kloverfors-89-Adolfstrom-Fasad-768x634.png 768w, https:\/\/jorntrahus.se\/wp-content\/uploads\/2022\/05\/Ritning-Kloverfors-89-Adolfstrom-Fasad-900x743.png 900w, https:\/\/jorntrahus.se\/wp-content\/uploads\/2022\/05\/Ritning-Kloverfors-89-Adolfstrom-Fasad.png 1500w\" sizes=\"auto, (max-width: 1020px) 100vw, 1020px\" \/>\t\t\t\t\t\t\n\t\t\t\t\t<\/div>\n\t\t\t\t\t\t<\/a>\t\t\n<style>\n#image_274060994 {\n  width: 100%;\n}\n<\/style>\n\t<\/div>\n\t\n     <\/div>\n\n     <div class=\"loading-spin dark large centered\"><\/div>\n\n\t<\/div>\n\n\n\t<div id=\"gap-1853687998\" class=\"gap-element clearfix\" style=\"display:block; height:auto;\">\n\t\t\n<style>\n#gap-1853687998 {\n  padding-top: 30px;\n}\n<\/style>\n\t<\/div>\n\t\n<div class=\"row\"  id=\"row-566790393\">\n\n\t<div id=\"col-759598472\" class=\"col medium-4 small-12 large-4\"  >\n\t\t\t\t<div class=\"col-inner\"  >\n\t\t\t\n\t\t\t\n<a href=\"https:\/\/jorntrahus.se\/en\/house-model\/kloverfors-89-ceiling\/\" class=\"button primary is-outline expand\" >\n\t\t<span>Kl\u00f6verfors 89 Loft<\/span>\n\t<\/a>\n\n\t\t<\/div>\n\t\t\t\t\t<\/div>\n\n\t\n\n\t<div id=\"col-103433740\" class=\"col medium-4 small-12 large-4\"  >\n\t\t\t\t<div class=\"col-inner\"  >\n\t\t\t\n\t\t\t\n<a href=\"\/en\/bestall-house-catalogue\/\" class=\"button primary is-outline expand\" >\n\t\t<span>ORDER CATALOGUE<\/span>\n\t<\/a>\n\n\t\t<\/div>\n\t\t\t\t\t<\/div>\n\n\t\n\n\t<div id=\"col-1823510362\" class=\"col medium-4 small-12 large-4\"  >\n\t\t\t\t<div class=\"col-inner\"  >\n\t\t\t\n\t\t\t\n<a href=\"\/en\/inspiration\/\" class=\"button primary is-outline expand\" >\n\t\t<span>More customer stories<\/span>\n\t<\/a>\n\n\t\t<\/div>\n\t\t\t\t\t<\/div>\n\n\t\n<\/div>\n\t\t<\/div>\n\t\t\t\t\t<\/div>\n\n\t\n<\/div>","protected":false},"excerpt":{"rendered":"<p>When our colleague Gunnar was up to Adolfstr\u00f6m at Easter, he took the opportunity to visit and capture Veronica and Thomas' mountain hut with a 360 camera.<\/p>","protected":false},"author":2,"featured_media":13378,"comment_status":"closed","ping_status":"closed","sticky":false,"template":"","format":"standard","meta":{"footnotes":""},"categories":[611,6],"tags":[1393,1395,24,1098,1096,1120],"class_list":["post-13353","post","type-post","status-publish","format-standard","has-post-thumbnail","hentry","category-inspiration","category-nyhet","tag-adolfstrom","tag-fjallstuga","tag-fritidshus","tag-husbyggsats","tag-kloverfors","tag-virtuell-rundtur"],"yoast_head":"<!-- This site is optimized with the Yoast SEO plugin v27.2 - https:\/\/yoast.com\/product\/yoast-seo-wordpress\/ -->\n<title>V\u00e5ra husv\u00e4nner i Adolfstr\u00f6m visar upp sitt J\u00f6rntr\u00e4hus - J\u00f6rntr\u00e4hus<\/title>\n<meta name=\"description\" content=\"V\u00e4lkommen p\u00e5 digital rundvandring i fritidshuset Kl\u00f6verfors som v\u00e5ra husv\u00e4nner i Adolfstr\u00f6m har byggt. L\u00e4s om hur de anpassade husbyggsatsen.\" \/>\n<meta name=\"robots\" content=\"index, follow, max-snippet:-1, max-image-preview:large, max-video-preview:-1\" \/>\n<link rel=\"canonical\" href=\"https:\/\/jorntrahus.se\/en\/novelty\/our-housewives-in-adolfstrom-show-off-their-jorntra-house\/\" \/>\n<meta property=\"og:locale\" content=\"en_GB\" \/>\n<meta property=\"og:type\" content=\"article\" \/>\n<meta property=\"og:title\" content=\"V\u00e5ra husv\u00e4nner i Adolfstr\u00f6m visar upp sitt J\u00f6rntr\u00e4hus\" \/>\n<meta property=\"og:description\" content=\"N\u00e4r v\u00e5r kollega Gunnar var upp till Adolfstr\u00f6m i P\u00e5skas s\u00e5 passade han p\u00e5 att bes\u00f6ka och f\u00f6reviga Veronica och Thomas fj\u00e4llstuga med 360-kamera.\" \/>\n<meta property=\"og:url\" content=\"https:\/\/jorntrahus.se\/en\/novelty\/our-housewives-in-adolfstrom-show-off-their-jorntra-house\/\" \/>\n<meta property=\"og:site_name\" content=\"J\u00f6rntr\u00e4hus\" \/>\n<meta property=\"article:published_time\" content=\"2022-05-06T11:44:15+00:00\" \/>\n<meta property=\"article:modified_time\" content=\"2022-05-09T14:54:03+00:00\" \/>\n<meta property=\"og:image\" content=\"https:\/\/jorntrahus.se\/wp-content\/uploads\/2022\/05\/Fritidshus-Byggsats-Fjallstuga-Stuga-Kloverfors-89-Adolfstrom-Kundexempel-Inspiration-1-kvadrat.jpg\" \/>\n\t<meta property=\"og:image:width\" content=\"2100\" \/>\n\t<meta property=\"og:image:height\" content=\"2100\" \/>\n\t<meta property=\"og:image:type\" content=\"image\/jpeg\" \/>\n<meta name=\"author\" content=\"J\u00f6rntr\u00e4hus\" \/>\n<meta name=\"twitter:card\" content=\"summary_large_image\" \/>\n<meta name=\"twitter:label1\" content=\"Written by\" \/>\n\t<meta name=\"twitter:data1\" content=\"J\u00f6rntr\u00e4hus\" \/>\n\t<meta name=\"twitter:label2\" content=\"Estimated reading time\" \/>\n\t<meta name=\"twitter:data2\" content=\"2 minutes\" \/>\n<script type=\"application\/ld+json\" class=\"yoast-schema-graph\">{\"@context\":\"https:\/\/schema.org\",\"@graph\":[{\"@type\":\"Article\",\"@id\":\"https:\/\/jorntrahus.se\/nyhet\/vara-husvanner-i-adolfstrom-visar-upp-sitt-jorntrahus\/#article\",\"isPartOf\":{\"@id\":\"https:\/\/jorntrahus.se\/nyhet\/vara-husvanner-i-adolfstrom-visar-upp-sitt-jorntrahus\/\"},\"author\":{\"name\":\"J\u00f6rntr\u00e4hus\",\"@id\":\"https:\/\/jorntrahus.se\/#\/schema\/person\/1d486a26d13d4df455271c2f02f5ef5c\"},\"headline\":\"V\u00e5ra husv\u00e4nner i Adolfstr\u00f6m visar upp sitt J\u00f6rntr\u00e4hus\",\"datePublished\":\"2022-05-06T11:44:15+00:00\",\"dateModified\":\"2022-05-09T14:54:03+00:00\",\"mainEntityOfPage\":{\"@id\":\"https:\/\/jorntrahus.se\/nyhet\/vara-husvanner-i-adolfstrom-visar-upp-sitt-jorntrahus\/\"},\"wordCount\":437,\"publisher\":{\"@id\":\"https:\/\/jorntrahus.se\/#organization\"},\"image\":{\"@id\":\"https:\/\/jorntrahus.se\/nyhet\/vara-husvanner-i-adolfstrom-visar-upp-sitt-jorntrahus\/#primaryimage\"},\"thumbnailUrl\":\"https:\/\/jorntrahus.se\/wp-content\/uploads\/2022\/05\/Fritidshus-Byggsats-Fjallstuga-Stuga-Kloverfors-89-Adolfstrom-Kundexempel-Inspiration-1-kvadrat.jpg\",\"keywords\":[\"Adolfstr\u00f6m\",\"fj\u00e4llstuga\",\"Fritidshus\",\"husbyggsats\",\"Kl\u00f6verfors\",\"Upplev v\u00e5ra husmodeller i VR!\"],\"articleSection\":[\"Inspiration\",\"Nyhet\"],\"inLanguage\":\"en-GB\"},{\"@type\":\"WebPage\",\"@id\":\"https:\/\/jorntrahus.se\/nyhet\/vara-husvanner-i-adolfstrom-visar-upp-sitt-jorntrahus\/\",\"url\":\"https:\/\/jorntrahus.se\/nyhet\/vara-husvanner-i-adolfstrom-visar-upp-sitt-jorntrahus\/\",\"name\":\"V\u00e5ra husv\u00e4nner i Adolfstr\u00f6m visar upp sitt J\u00f6rntr\u00e4hus - J\u00f6rntr\u00e4hus\",\"isPartOf\":{\"@id\":\"https:\/\/jorntrahus.se\/#website\"},\"primaryImageOfPage\":{\"@id\":\"https:\/\/jorntrahus.se\/nyhet\/vara-husvanner-i-adolfstrom-visar-upp-sitt-jorntrahus\/#primaryimage\"},\"image\":{\"@id\":\"https:\/\/jorntrahus.se\/nyhet\/vara-husvanner-i-adolfstrom-visar-upp-sitt-jorntrahus\/#primaryimage\"},\"thumbnailUrl\":\"https:\/\/jorntrahus.se\/wp-content\/uploads\/2022\/05\/Fritidshus-Byggsats-Fjallstuga-Stuga-Kloverfors-89-Adolfstrom-Kundexempel-Inspiration-1-kvadrat.jpg\",\"datePublished\":\"2022-05-06T11:44:15+00:00\",\"dateModified\":\"2022-05-09T14:54:03+00:00\",\"description\":\"V\u00e4lkommen p\u00e5 digital rundvandring i fritidshuset Kl\u00f6verfors som v\u00e5ra husv\u00e4nner i Adolfstr\u00f6m har byggt. L\u00e4s om hur de anpassade husbyggsatsen.\",\"breadcrumb\":{\"@id\":\"https:\/\/jorntrahus.se\/nyhet\/vara-husvanner-i-adolfstrom-visar-upp-sitt-jorntrahus\/#breadcrumb\"},\"inLanguage\":\"en-GB\",\"potentialAction\":[{\"@type\":\"ReadAction\",\"target\":[\"https:\/\/jorntrahus.se\/nyhet\/vara-husvanner-i-adolfstrom-visar-upp-sitt-jorntrahus\/\"]}]},{\"@type\":\"ImageObject\",\"inLanguage\":\"en-GB\",\"@id\":\"https:\/\/jorntrahus.se\/nyhet\/vara-husvanner-i-adolfstrom-visar-upp-sitt-jorntrahus\/#primaryimage\",\"url\":\"https:\/\/jorntrahus.se\/wp-content\/uploads\/2022\/05\/Fritidshus-Byggsats-Fjallstuga-Stuga-Kloverfors-89-Adolfstrom-Kundexempel-Inspiration-1-kvadrat.jpg\",\"contentUrl\":\"https:\/\/jorntrahus.se\/wp-content\/uploads\/2022\/05\/Fritidshus-Byggsats-Fjallstuga-Stuga-Kloverfors-89-Adolfstrom-Kundexempel-Inspiration-1-kvadrat.jpg\",\"width\":2100,\"height\":2100,\"caption\":\"Fritidshus Byggsats Fjallstuga Stuga Kloverfors 89 Adolfstrom Kundexempel Inspiration 1 kvadrat\"},{\"@type\":\"BreadcrumbList\",\"@id\":\"https:\/\/jorntrahus.se\/nyhet\/vara-husvanner-i-adolfstrom-visar-upp-sitt-jorntrahus\/#breadcrumb\",\"itemListElement\":[{\"@type\":\"ListItem\",\"position\":1,\"name\":\"Hem\",\"item\":\"https:\/\/jorntrahus.se\/\"},{\"@type\":\"ListItem\",\"position\":2,\"name\":\"V\u00e5ra husv\u00e4nner i Adolfstr\u00f6m visar upp sitt J\u00f6rntr\u00e4hus\"}]},{\"@type\":\"WebSite\",\"@id\":\"https:\/\/jorntrahus.se\/#website\",\"url\":\"https:\/\/jorntrahus.se\/\",\"name\":\"J\u00f6rntr\u00e4hus\",\"description\":\"Hus f\u00f6r den medvetne\",\"publisher\":{\"@id\":\"https:\/\/jorntrahus.se\/#organization\"},\"potentialAction\":[{\"@type\":\"SearchAction\",\"target\":{\"@type\":\"EntryPoint\",\"urlTemplate\":\"https:\/\/jorntrahus.se\/?s={search_term_string}\"},\"query-input\":{\"@type\":\"PropertyValueSpecification\",\"valueRequired\":true,\"valueName\":\"search_term_string\"}}],\"inLanguage\":\"en-GB\"},{\"@type\":\"Organization\",\"@id\":\"https:\/\/jorntrahus.se\/#organization\",\"name\":\"J\u00f6rntr\u00e4hus\",\"url\":\"https:\/\/jorntrahus.se\/\",\"logo\":{\"@type\":\"ImageObject\",\"inLanguage\":\"en-GB\",\"@id\":\"https:\/\/jorntrahus.se\/#\/schema\/logo\/image\/\",\"url\":\"https:\/\/jorntrahus.se\/wp-content\/uploads\/2020\/09\/Jorntrahus_Grund_CMYK.eps\",\"contentUrl\":\"https:\/\/jorntrahus.se\/wp-content\/uploads\/2020\/09\/Jorntrahus_Grund_CMYK.eps\",\"width\":1,\"height\":1,\"caption\":\"J\u00f6rntr\u00e4hus\"},\"image\":{\"@id\":\"https:\/\/jorntrahus.se\/#\/schema\/logo\/image\/\"}},{\"@type\":\"Person\",\"@id\":\"https:\/\/jorntrahus.se\/#\/schema\/person\/1d486a26d13d4df455271c2f02f5ef5c\",\"name\":\"J\u00f6rntr\u00e4hus\",\"image\":{\"@type\":\"ImageObject\",\"inLanguage\":\"en-GB\",\"@id\":\"https:\/\/secure.gravatar.com\/avatar\/e9b8fcf3c4d64603cd3ec2eb8588179dabe6c74041e8c2a09d7ca9e0900a4ad3?s=96&d=mm&r=g\",\"url\":\"https:\/\/secure.gravatar.com\/avatar\/e9b8fcf3c4d64603cd3ec2eb8588179dabe6c74041e8c2a09d7ca9e0900a4ad3?s=96&d=mm&r=g\",\"contentUrl\":\"https:\/\/secure.gravatar.com\/avatar\/e9b8fcf3c4d64603cd3ec2eb8588179dabe6c74041e8c2a09d7ca9e0900a4ad3?s=96&d=mm&r=g\",\"caption\":\"J\u00f6rntr\u00e4hus\"},\"sameAs\":[\"https:\/\/jorntrahus.se\"],\"url\":\"https:\/\/jorntrahus.se\/en\/author\/jorntrahus\/\"}]}<\/script>\n<!-- \/ Yoast SEO plugin. -->","yoast_head_json":{"title":"Our house friends in Adolfstr\u00f6m show off their J\u00f6rntr\u00e4hus - J\u00f6rntr\u00e4hus","description":"Welcome to a digital tour of the holiday home Kl\u00f6verfors that our house friends in Adolfstr\u00f6m have built. Read about how they adapted the house kit.","robots":{"index":"index","follow":"follow","max-snippet":"max-snippet:-1","max-image-preview":"max-image-preview:large","max-video-preview":"max-video-preview:-1"},"canonical":"https:\/\/jorntrahus.se\/en\/novelty\/our-housewives-in-adolfstrom-show-off-their-jorntra-house\/","og_locale":"en_GB","og_type":"article","og_title":"V\u00e5ra husv\u00e4nner i Adolfstr\u00f6m visar upp sitt J\u00f6rntr\u00e4hus","og_description":"N\u00e4r v\u00e5r kollega Gunnar var upp till Adolfstr\u00f6m i P\u00e5skas s\u00e5 passade han p\u00e5 att bes\u00f6ka och f\u00f6reviga Veronica och Thomas fj\u00e4llstuga med 360-kamera.","og_url":"https:\/\/jorntrahus.se\/en\/novelty\/our-housewives-in-adolfstrom-show-off-their-jorntra-house\/","og_site_name":"J\u00f6rntr\u00e4hus","article_published_time":"2022-05-06T11:44:15+00:00","article_modified_time":"2022-05-09T14:54:03+00:00","og_image":[{"width":2100,"height":2100,"url":"https:\/\/jorntrahus.se\/wp-content\/uploads\/2022\/05\/Fritidshus-Byggsats-Fjallstuga-Stuga-Kloverfors-89-Adolfstrom-Kundexempel-Inspiration-1-kvadrat.jpg","type":"image\/jpeg"}],"author":"J\u00f6rntr\u00e4hus","twitter_card":"summary_large_image","twitter_misc":{"Written by":"J\u00f6rntr\u00e4hus","Estimated reading time":"2 minutes"},"schema":{"@context":"https:\/\/schema.org","@graph":[{"@type":"Article","@id":"https:\/\/jorntrahus.se\/nyhet\/vara-husvanner-i-adolfstrom-visar-upp-sitt-jorntrahus\/#article","isPartOf":{"@id":"https:\/\/jorntrahus.se\/nyhet\/vara-husvanner-i-adolfstrom-visar-upp-sitt-jorntrahus\/"},"author":{"name":"J\u00f6rntr\u00e4hus","@id":"https:\/\/jorntrahus.se\/#\/schema\/person\/1d486a26d13d4df455271c2f02f5ef5c"},"headline":"V\u00e5ra husv\u00e4nner i Adolfstr\u00f6m visar upp sitt J\u00f6rntr\u00e4hus","datePublished":"2022-05-06T11:44:15+00:00","dateModified":"2022-05-09T14:54:03+00:00","mainEntityOfPage":{"@id":"https:\/\/jorntrahus.se\/nyhet\/vara-husvanner-i-adolfstrom-visar-upp-sitt-jorntrahus\/"},"wordCount":437,"publisher":{"@id":"https:\/\/jorntrahus.se\/#organization"},"image":{"@id":"https:\/\/jorntrahus.se\/nyhet\/vara-husvanner-i-adolfstrom-visar-upp-sitt-jorntrahus\/#primaryimage"},"thumbnailUrl":"https:\/\/jorntrahus.se\/wp-content\/uploads\/2022\/05\/Fritidshus-Byggsats-Fjallstuga-Stuga-Kloverfors-89-Adolfstrom-Kundexempel-Inspiration-1-kvadrat.jpg","keywords":["Adolfstr\u00f6m","fj\u00e4llstuga","Fritidshus","husbyggsats","Kl\u00f6verfors","Upplev v\u00e5ra husmodeller i VR!"],"articleSection":["Inspiration","Nyhet"],"inLanguage":"en-GB"},{"@type":"WebPage","@id":"https:\/\/jorntrahus.se\/nyhet\/vara-husvanner-i-adolfstrom-visar-upp-sitt-jorntrahus\/","url":"https:\/\/jorntrahus.se\/nyhet\/vara-husvanner-i-adolfstrom-visar-upp-sitt-jorntrahus\/","name":"Our house friends in Adolfstr\u00f6m show off their J\u00f6rntr\u00e4hus - J\u00f6rntr\u00e4hus","isPartOf":{"@id":"https:\/\/jorntrahus.se\/#website"},"primaryImageOfPage":{"@id":"https:\/\/jorntrahus.se\/nyhet\/vara-husvanner-i-adolfstrom-visar-upp-sitt-jorntrahus\/#primaryimage"},"image":{"@id":"https:\/\/jorntrahus.se\/nyhet\/vara-husvanner-i-adolfstrom-visar-upp-sitt-jorntrahus\/#primaryimage"},"thumbnailUrl":"https:\/\/jorntrahus.se\/wp-content\/uploads\/2022\/05\/Fritidshus-Byggsats-Fjallstuga-Stuga-Kloverfors-89-Adolfstrom-Kundexempel-Inspiration-1-kvadrat.jpg","datePublished":"2022-05-06T11:44:15+00:00","dateModified":"2022-05-09T14:54:03+00:00","description":"Welcome to a digital tour of the holiday home Kl\u00f6verfors that our house friends in Adolfstr\u00f6m have built. Read about how they adapted the house kit.","breadcrumb":{"@id":"https:\/\/jorntrahus.se\/nyhet\/vara-husvanner-i-adolfstrom-visar-upp-sitt-jorntrahus\/#breadcrumb"},"inLanguage":"en-GB","potentialAction":[{"@type":"ReadAction","target":["https:\/\/jorntrahus.se\/nyhet\/vara-husvanner-i-adolfstrom-visar-upp-sitt-jorntrahus\/"]}]},{"@type":"ImageObject","inLanguage":"en-GB","@id":"https:\/\/jorntrahus.se\/nyhet\/vara-husvanner-i-adolfstrom-visar-upp-sitt-jorntrahus\/#primaryimage","url":"https:\/\/jorntrahus.se\/wp-content\/uploads\/2022\/05\/Fritidshus-Byggsats-Fjallstuga-Stuga-Kloverfors-89-Adolfstrom-Kundexempel-Inspiration-1-kvadrat.jpg","contentUrl":"https:\/\/jorntrahus.se\/wp-content\/uploads\/2022\/05\/Fritidshus-Byggsats-Fjallstuga-Stuga-Kloverfors-89-Adolfstrom-Kundexempel-Inspiration-1-kvadrat.jpg","width":2100,"height":2100,"caption":"Fritidshus Byggsats Fjallstuga Stuga Kloverfors 89 Adolfstrom Kundexempel Inspiration 1 kvadrat"},{"@type":"BreadcrumbList","@id":"https:\/\/jorntrahus.se\/nyhet\/vara-husvanner-i-adolfstrom-visar-upp-sitt-jorntrahus\/#breadcrumb","itemListElement":[{"@type":"ListItem","position":1,"name":"Hem","item":"https:\/\/jorntrahus.se\/"},{"@type":"ListItem","position":2,"name":"V\u00e5ra husv\u00e4nner i Adolfstr\u00f6m visar upp sitt J\u00f6rntr\u00e4hus"}]},{"@type":"WebSite","@id":"https:\/\/jorntrahus.se\/#website","url":"https:\/\/jorntrahus.se\/","name":"J\u00f6rntr\u00e4hus","description":"Houses for the conscious","publisher":{"@id":"https:\/\/jorntrahus.se\/#organization"},"potentialAction":[{"@type":"SearchAction","target":{"@type":"EntryPoint","urlTemplate":"https:\/\/jorntrahus.se\/?s={search_term_string}"},"query-input":{"@type":"PropertyValueSpecification","valueRequired":true,"valueName":"search_term_string"}}],"inLanguage":"en-GB"},{"@type":"Organization","@id":"https:\/\/jorntrahus.se\/#organization","name":"J\u00f6rntr\u00e4hus","url":"https:\/\/jorntrahus.se\/","logo":{"@type":"ImageObject","inLanguage":"en-GB","@id":"https:\/\/jorntrahus.se\/#\/schema\/logo\/image\/","url":"https:\/\/jorntrahus.se\/wp-content\/uploads\/2020\/09\/Jorntrahus_Grund_CMYK.eps","contentUrl":"https:\/\/jorntrahus.se\/wp-content\/uploads\/2020\/09\/Jorntrahus_Grund_CMYK.eps","width":1,"height":1,"caption":"J\u00f6rntr\u00e4hus"},"image":{"@id":"https:\/\/jorntrahus.se\/#\/schema\/logo\/image\/"}},{"@type":"Person","@id":"https:\/\/jorntrahus.se\/#\/schema\/person\/1d486a26d13d4df455271c2f02f5ef5c","name":"J\u00f6rntr\u00e4hus","image":{"@type":"ImageObject","inLanguage":"en-GB","@id":"https:\/\/secure.gravatar.com\/avatar\/e9b8fcf3c4d64603cd3ec2eb8588179dabe6c74041e8c2a09d7ca9e0900a4ad3?s=96&d=mm&r=g","url":"https:\/\/secure.gravatar.com\/avatar\/e9b8fcf3c4d64603cd3ec2eb8588179dabe6c74041e8c2a09d7ca9e0900a4ad3?s=96&d=mm&r=g","contentUrl":"https:\/\/secure.gravatar.com\/avatar\/e9b8fcf3c4d64603cd3ec2eb8588179dabe6c74041e8c2a09d7ca9e0900a4ad3?s=96&d=mm&r=g","caption":"J\u00f6rntr\u00e4hus"},"sameAs":["https:\/\/jorntrahus.se"],"url":"https:\/\/jorntrahus.se\/en\/author\/jorntrahus\/"}]}},"publishpress_future_action":{"enabled":false,"date":"2026-05-05 02:53:04","action":"change-status","newStatus":"draft","terms":[],"taxonomy":"category","extraData":[]},"publishpress_future_workflow_manual_trigger":{"enabledWorkflows":[]},"_links":{"self":[{"href":"https:\/\/jorntrahus.se\/en\/wp-json\/wp\/v2\/posts\/13353","targetHints":{"allow":["GET"]}}],"collection":[{"href":"https:\/\/jorntrahus.se\/en\/wp-json\/wp\/v2\/posts"}],"about":[{"href":"https:\/\/jorntrahus.se\/en\/wp-json\/wp\/v2\/types\/post"}],"author":[{"embeddable":true,"href":"https:\/\/jorntrahus.se\/en\/wp-json\/wp\/v2\/users\/2"}],"replies":[{"embeddable":true,"href":"https:\/\/jorntrahus.se\/en\/wp-json\/wp\/v2\/comments?post=13353"}],"version-history":[{"count":18,"href":"https:\/\/jorntrahus.se\/en\/wp-json\/wp\/v2\/posts\/13353\/revisions"}],"predecessor-version":[{"id":13393,"href":"https:\/\/jorntrahus.se\/en\/wp-json\/wp\/v2\/posts\/13353\/revisions\/13393"}],"wp:featuredmedia":[{"embeddable":true,"href":"https:\/\/jorntrahus.se\/en\/wp-json\/wp\/v2\/media\/13378"}],"wp:attachment":[{"href":"https:\/\/jorntrahus.se\/en\/wp-json\/wp\/v2\/media?parent=13353"}],"wp:term":[{"taxonomy":"category","embeddable":true,"href":"https:\/\/jorntrahus.se\/en\/wp-json\/wp\/v2\/categories?post=13353"},{"taxonomy":"post_tag","embeddable":true,"href":"https:\/\/jorntrahus.se\/en\/wp-json\/wp\/v2\/tags?post=13353"}],"curies":[{"name":"wp","href":"https:\/\/api.w.org\/{rel}","templated":true}]}}