{"id":13414,"date":"2022-05-20T13:43:39","date_gmt":"2022-05-20T11:43:39","guid":{"rendered":"https:\/\/jorntrahus.se\/?p=13414"},"modified":"2022-06-08T13:53:18","modified_gmt":"2022-06-08T11:53:18","slug":"welcome-eva-was-the-new-chief-financial-officer","status":"publish","type":"post","link":"https:\/\/jorntrahus.se\/en\/foretagsnytt\/valkommen-eva-var-nya-ekonomichef\/","title":{"rendered":"Welcome Eva - our new Finance Manager"},"content":{"rendered":"<p>Eva Gustafsson is our new financial manager here at J\u00f6rntr\u00e4hus. She comes most recently from a similar role at Bilinorr in Skellefte\u00e5.<\/p>\n<p><strong>What was the attraction of J\u00f6rntr\u00e4hus?<\/strong><br \/>\n- \"It's fun and exciting to try out a completely new industry for me. I've been with the Bilinorr Group for ten years and was looking for a new challenge.<\/p>\n<p><strong>What are your expectations?<\/strong><br \/>\n- J\u00f6rntr\u00e4hus seems to be a very good place to work. Good team, flat organisation and short decision paths. There is a lot going on and it happens fast. It suits me.<\/p>\n<p><strong>What do you do when you are not working?<\/strong><br \/>\n- We have just bought a cottage in Holmsvattnet, a village just outside Skellefte\u00e5. So we are there a lot. I have two grandchildren and of course I like to spend time with them. And I read a lot of detective stories.<\/p>\n<p><strong>A warm welcome to J\u00f6rntr\u00e4hus!\u00a0<\/strong><\/p>","protected":false},"excerpt":{"rendered":"<p>Eva Gustafsson is our new financial manager here at J\u00f6rntr\u00e4hus. She comes most recently from a similar role at Bilinorr in Skellefte\u00e5.<\/p>","protected":false},"author":1,"featured_media":13415,"comment_status":"closed","ping_status":"open","sticky":false,"template":"","format":"standard","meta":{"footnotes":""},"categories":[1199],"tags":[],"class_list":["post-13414","post","type-post","status-publish","format-standard","has-post-thumbnail","hentry","category-foretagsnytt"],"yoast_head":"<!-- This site is optimized with the Yoast SEO plugin v27.2 - https:\/\/yoast.com\/product\/yoast-seo-wordpress\/ -->\n<title>V\u00e4lkommen Eva \u2013 v\u00e5r nya ekonomichef - J\u00f6rntr\u00e4hus<\/title>\n<meta name=\"robots\" content=\"index, follow, max-snippet:-1, max-image-preview:large, max-video-preview:-1\" \/>\n<link rel=\"canonical\" href=\"https:\/\/jorntrahus.se\/en\/business-news\/welcome-eva-was-the-new-chief-financial-officer\/\" \/>\n<meta property=\"og:locale\" content=\"en_GB\" \/>\n<meta property=\"og:type\" content=\"article\" \/>\n<meta property=\"og:title\" content=\"V\u00e4lkommen Eva \u2013 v\u00e5r nya ekonomichef - J\u00f6rntr\u00e4hus\" \/>\n<meta property=\"og:description\" content=\"Eva Gustafsson \u00e4r v\u00e5r ny ekonomichef h\u00e4r p\u00e5 J\u00f6rntr\u00e4hus. Hon kommer n\u00e4rmast fr\u00e5n en motsvarande roll p\u00e5 Bilinorr i Skellefte\u00e5.\" \/>\n<meta property=\"og:url\" content=\"https:\/\/jorntrahus.se\/en\/business-news\/welcome-eva-was-the-new-chief-financial-officer\/\" \/>\n<meta property=\"og:site_name\" content=\"J\u00f6rntr\u00e4hus\" \/>\n<meta property=\"article:published_time\" content=\"2022-05-20T11:43:39+00:00\" \/>\n<meta property=\"article:modified_time\" content=\"2022-06-08T11:53:18+00:00\" \/>\n<meta property=\"og:image\" content=\"https:\/\/jorntrahus.se\/wp-content\/uploads\/2022\/06\/Eva-Gustafsson-Jorntrahus-Ekonomichef.jpg\" \/>\n\t<meta property=\"og:image:width\" content=\"1536\" \/>\n\t<meta property=\"og:image:height\" content=\"768\" \/>\n\t<meta property=\"og:image:type\" content=\"image\/jpeg\" \/>\n<meta name=\"author\" content=\"jth-admin\" \/>\n<meta name=\"twitter:card\" content=\"summary_large_image\" \/>\n<meta name=\"twitter:label1\" content=\"Written by\" \/>\n\t<meta name=\"twitter:data1\" content=\"jth-admin\" \/>\n\t<meta name=\"twitter:label2\" content=\"Estimated reading time\" \/>\n\t<meta name=\"twitter:data2\" content=\"1 minute\" \/>\n<script type=\"application\/ld+json\" class=\"yoast-schema-graph\">{\"@context\":\"https:\/\/schema.org\",\"@graph\":[{\"@type\":\"Article\",\"@id\":\"https:\/\/jorntrahus.se\/foretagsnytt\/valkommen-eva-var-nya-ekonomichef\/#article\",\"isPartOf\":{\"@id\":\"https:\/\/jorntrahus.se\/foretagsnytt\/valkommen-eva-var-nya-ekonomichef\/\"},\"author\":{\"name\":\"jth-admin\",\"@id\":\"https:\/\/jorntrahus.se\/#\/schema\/person\/c10d0c3f5b80794e7d5dffb9eadc8041\"},\"headline\":\"V\u00e4lkommen Eva \u2013 v\u00e5r nya ekonomichef\",\"datePublished\":\"2022-05-20T11:43:39+00:00\",\"dateModified\":\"2022-06-08T11:53:18+00:00\",\"mainEntityOfPage\":{\"@id\":\"https:\/\/jorntrahus.se\/foretagsnytt\/valkommen-eva-var-nya-ekonomichef\/\"},\"wordCount\":165,\"publisher\":{\"@id\":\"https:\/\/jorntrahus.se\/#organization\"},\"image\":{\"@id\":\"https:\/\/jorntrahus.se\/foretagsnytt\/valkommen-eva-var-nya-ekonomichef\/#primaryimage\"},\"thumbnailUrl\":\"https:\/\/jorntrahus.se\/wp-content\/uploads\/2022\/06\/Eva-Gustafsson-Jorntrahus-Ekonomichef.jpg\",\"articleSection\":[\"F\u00f6retagsnytt\"],\"inLanguage\":\"en-GB\"},{\"@type\":\"WebPage\",\"@id\":\"https:\/\/jorntrahus.se\/foretagsnytt\/valkommen-eva-var-nya-ekonomichef\/\",\"url\":\"https:\/\/jorntrahus.se\/foretagsnytt\/valkommen-eva-var-nya-ekonomichef\/\",\"name\":\"V\u00e4lkommen Eva \u2013 v\u00e5r nya ekonomichef - J\u00f6rntr\u00e4hus\",\"isPartOf\":{\"@id\":\"https:\/\/jorntrahus.se\/#website\"},\"primaryImageOfPage\":{\"@id\":\"https:\/\/jorntrahus.se\/foretagsnytt\/valkommen-eva-var-nya-ekonomichef\/#primaryimage\"},\"image\":{\"@id\":\"https:\/\/jorntrahus.se\/foretagsnytt\/valkommen-eva-var-nya-ekonomichef\/#primaryimage\"},\"thumbnailUrl\":\"https:\/\/jorntrahus.se\/wp-content\/uploads\/2022\/06\/Eva-Gustafsson-Jorntrahus-Ekonomichef.jpg\",\"datePublished\":\"2022-05-20T11:43:39+00:00\",\"dateModified\":\"2022-06-08T11:53:18+00:00\",\"breadcrumb\":{\"@id\":\"https:\/\/jorntrahus.se\/foretagsnytt\/valkommen-eva-var-nya-ekonomichef\/#breadcrumb\"},\"inLanguage\":\"en-GB\",\"potentialAction\":[{\"@type\":\"ReadAction\",\"target\":[\"https:\/\/jorntrahus.se\/foretagsnytt\/valkommen-eva-var-nya-ekonomichef\/\"]}]},{\"@type\":\"ImageObject\",\"inLanguage\":\"en-GB\",\"@id\":\"https:\/\/jorntrahus.se\/foretagsnytt\/valkommen-eva-var-nya-ekonomichef\/#primaryimage\",\"url\":\"https:\/\/jorntrahus.se\/wp-content\/uploads\/2022\/06\/Eva-Gustafsson-Jorntrahus-Ekonomichef.jpg\",\"contentUrl\":\"https:\/\/jorntrahus.se\/wp-content\/uploads\/2022\/06\/Eva-Gustafsson-Jorntrahus-Ekonomichef.jpg\",\"width\":1536,\"height\":768,\"caption\":\"Eva Gustafsson Jorntrahus Ekonomichef\"},{\"@type\":\"BreadcrumbList\",\"@id\":\"https:\/\/jorntrahus.se\/foretagsnytt\/valkommen-eva-var-nya-ekonomichef\/#breadcrumb\",\"itemListElement\":[{\"@type\":\"ListItem\",\"position\":1,\"name\":\"Hem\",\"item\":\"https:\/\/jorntrahus.se\/\"},{\"@type\":\"ListItem\",\"position\":2,\"name\":\"V\u00e4lkommen Eva \u2013 v\u00e5r nya ekonomichef\"}]},{\"@type\":\"WebSite\",\"@id\":\"https:\/\/jorntrahus.se\/#website\",\"url\":\"https:\/\/jorntrahus.se\/\",\"name\":\"J\u00f6rntr\u00e4hus\",\"description\":\"Hus f\u00f6r den medvetne\",\"publisher\":{\"@id\":\"https:\/\/jorntrahus.se\/#organization\"},\"potentialAction\":[{\"@type\":\"SearchAction\",\"target\":{\"@type\":\"EntryPoint\",\"urlTemplate\":\"https:\/\/jorntrahus.se\/?s={search_term_string}\"},\"query-input\":{\"@type\":\"PropertyValueSpecification\",\"valueRequired\":true,\"valueName\":\"search_term_string\"}}],\"inLanguage\":\"en-GB\"},{\"@type\":\"Organization\",\"@id\":\"https:\/\/jorntrahus.se\/#organization\",\"name\":\"J\u00f6rntr\u00e4hus\",\"url\":\"https:\/\/jorntrahus.se\/\",\"logo\":{\"@type\":\"ImageObject\",\"inLanguage\":\"en-GB\",\"@id\":\"https:\/\/jorntrahus.se\/#\/schema\/logo\/image\/\",\"url\":\"https:\/\/jorntrahus.se\/wp-content\/uploads\/2020\/09\/Jorntrahus_Grund_CMYK.eps\",\"contentUrl\":\"https:\/\/jorntrahus.se\/wp-content\/uploads\/2020\/09\/Jorntrahus_Grund_CMYK.eps\",\"width\":1,\"height\":1,\"caption\":\"J\u00f6rntr\u00e4hus\"},\"image\":{\"@id\":\"https:\/\/jorntrahus.se\/#\/schema\/logo\/image\/\"}},{\"@type\":\"Person\",\"@id\":\"https:\/\/jorntrahus.se\/#\/schema\/person\/c10d0c3f5b80794e7d5dffb9eadc8041\",\"name\":\"jth-admin\",\"image\":{\"@type\":\"ImageObject\",\"inLanguage\":\"en-GB\",\"@id\":\"https:\/\/secure.gravatar.com\/avatar\/4bcde4f9cfbb7b09c9605f445ac3993dc54ba3973c8abb86ad7caea3e386f6c8?s=96&d=mm&r=g\",\"url\":\"https:\/\/secure.gravatar.com\/avatar\/4bcde4f9cfbb7b09c9605f445ac3993dc54ba3973c8abb86ad7caea3e386f6c8?s=96&d=mm&r=g\",\"contentUrl\":\"https:\/\/secure.gravatar.com\/avatar\/4bcde4f9cfbb7b09c9605f445ac3993dc54ba3973c8abb86ad7caea3e386f6c8?s=96&d=mm&r=g\",\"caption\":\"jth-admin\"},\"url\":\"https:\/\/jorntrahus.se\/en\/author\/jth-admin\/\"}]}<\/script>\n<!-- \/ Yoast SEO plugin. -->","yoast_head_json":{"title":"Welcome Eva - our new Finance Manager - J\u00f6rntr\u00e4hus","robots":{"index":"index","follow":"follow","max-snippet":"max-snippet:-1","max-image-preview":"max-image-preview:large","max-video-preview":"max-video-preview:-1"},"canonical":"https:\/\/jorntrahus.se\/en\/business-news\/welcome-eva-was-the-new-chief-financial-officer\/","og_locale":"en_GB","og_type":"article","og_title":"V\u00e4lkommen Eva \u2013 v\u00e5r nya ekonomichef - J\u00f6rntr\u00e4hus","og_description":"Eva Gustafsson \u00e4r v\u00e5r ny ekonomichef h\u00e4r p\u00e5 J\u00f6rntr\u00e4hus. Hon kommer n\u00e4rmast fr\u00e5n en motsvarande roll p\u00e5 Bilinorr i Skellefte\u00e5.","og_url":"https:\/\/jorntrahus.se\/en\/business-news\/welcome-eva-was-the-new-chief-financial-officer\/","og_site_name":"J\u00f6rntr\u00e4hus","article_published_time":"2022-05-20T11:43:39+00:00","article_modified_time":"2022-06-08T11:53:18+00:00","og_image":[{"width":1536,"height":768,"url":"https:\/\/jorntrahus.se\/wp-content\/uploads\/2022\/06\/Eva-Gustafsson-Jorntrahus-Ekonomichef.jpg","type":"image\/jpeg"}],"author":"jth-admin","twitter_card":"summary_large_image","twitter_misc":{"Written by":"jth-admin","Estimated reading time":"1 minute"},"schema":{"@context":"https:\/\/schema.org","@graph":[{"@type":"Article","@id":"https:\/\/jorntrahus.se\/foretagsnytt\/valkommen-eva-var-nya-ekonomichef\/#article","isPartOf":{"@id":"https:\/\/jorntrahus.se\/foretagsnytt\/valkommen-eva-var-nya-ekonomichef\/"},"author":{"name":"jth-admin","@id":"https:\/\/jorntrahus.se\/#\/schema\/person\/c10d0c3f5b80794e7d5dffb9eadc8041"},"headline":"V\u00e4lkommen Eva \u2013 v\u00e5r nya ekonomichef","datePublished":"2022-05-20T11:43:39+00:00","dateModified":"2022-06-08T11:53:18+00:00","mainEntityOfPage":{"@id":"https:\/\/jorntrahus.se\/foretagsnytt\/valkommen-eva-var-nya-ekonomichef\/"},"wordCount":165,"publisher":{"@id":"https:\/\/jorntrahus.se\/#organization"},"image":{"@id":"https:\/\/jorntrahus.se\/foretagsnytt\/valkommen-eva-var-nya-ekonomichef\/#primaryimage"},"thumbnailUrl":"https:\/\/jorntrahus.se\/wp-content\/uploads\/2022\/06\/Eva-Gustafsson-Jorntrahus-Ekonomichef.jpg","articleSection":["F\u00f6retagsnytt"],"inLanguage":"en-GB"},{"@type":"WebPage","@id":"https:\/\/jorntrahus.se\/foretagsnytt\/valkommen-eva-var-nya-ekonomichef\/","url":"https:\/\/jorntrahus.se\/foretagsnytt\/valkommen-eva-var-nya-ekonomichef\/","name":"Welcome Eva - our new Finance Manager - J\u00f6rntr\u00e4hus","isPartOf":{"@id":"https:\/\/jorntrahus.se\/#website"},"primaryImageOfPage":{"@id":"https:\/\/jorntrahus.se\/foretagsnytt\/valkommen-eva-var-nya-ekonomichef\/#primaryimage"},"image":{"@id":"https:\/\/jorntrahus.se\/foretagsnytt\/valkommen-eva-var-nya-ekonomichef\/#primaryimage"},"thumbnailUrl":"https:\/\/jorntrahus.se\/wp-content\/uploads\/2022\/06\/Eva-Gustafsson-Jorntrahus-Ekonomichef.jpg","datePublished":"2022-05-20T11:43:39+00:00","dateModified":"2022-06-08T11:53:18+00:00","breadcrumb":{"@id":"https:\/\/jorntrahus.se\/foretagsnytt\/valkommen-eva-var-nya-ekonomichef\/#breadcrumb"},"inLanguage":"en-GB","potentialAction":[{"@type":"ReadAction","target":["https:\/\/jorntrahus.se\/foretagsnytt\/valkommen-eva-var-nya-ekonomichef\/"]}]},{"@type":"ImageObject","inLanguage":"en-GB","@id":"https:\/\/jorntrahus.se\/foretagsnytt\/valkommen-eva-var-nya-ekonomichef\/#primaryimage","url":"https:\/\/jorntrahus.se\/wp-content\/uploads\/2022\/06\/Eva-Gustafsson-Jorntrahus-Ekonomichef.jpg","contentUrl":"https:\/\/jorntrahus.se\/wp-content\/uploads\/2022\/06\/Eva-Gustafsson-Jorntrahus-Ekonomichef.jpg","width":1536,"height":768,"caption":"Eva Gustafsson Jorntrahus Ekonomichef"},{"@type":"BreadcrumbList","@id":"https:\/\/jorntrahus.se\/foretagsnytt\/valkommen-eva-var-nya-ekonomichef\/#breadcrumb","itemListElement":[{"@type":"ListItem","position":1,"name":"Hem","item":"https:\/\/jorntrahus.se\/"},{"@type":"ListItem","position":2,"name":"V\u00e4lkommen Eva \u2013 v\u00e5r nya ekonomichef"}]},{"@type":"WebSite","@id":"https:\/\/jorntrahus.se\/#website","url":"https:\/\/jorntrahus.se\/","name":"J\u00f6rntr\u00e4hus","description":"Houses for the conscious","publisher":{"@id":"https:\/\/jorntrahus.se\/#organization"},"potentialAction":[{"@type":"SearchAction","target":{"@type":"EntryPoint","urlTemplate":"https:\/\/jorntrahus.se\/?s={search_term_string}"},"query-input":{"@type":"PropertyValueSpecification","valueRequired":true,"valueName":"search_term_string"}}],"inLanguage":"en-GB"},{"@type":"Organization","@id":"https:\/\/jorntrahus.se\/#organization","name":"J\u00f6rntr\u00e4hus","url":"https:\/\/jorntrahus.se\/","logo":{"@type":"ImageObject","inLanguage":"en-GB","@id":"https:\/\/jorntrahus.se\/#\/schema\/logo\/image\/","url":"https:\/\/jorntrahus.se\/wp-content\/uploads\/2020\/09\/Jorntrahus_Grund_CMYK.eps","contentUrl":"https:\/\/jorntrahus.se\/wp-content\/uploads\/2020\/09\/Jorntrahus_Grund_CMYK.eps","width":1,"height":1,"caption":"J\u00f6rntr\u00e4hus"},"image":{"@id":"https:\/\/jorntrahus.se\/#\/schema\/logo\/image\/"}},{"@type":"Person","@id":"https:\/\/jorntrahus.se\/#\/schema\/person\/c10d0c3f5b80794e7d5dffb9eadc8041","name":"jth-admin","image":{"@type":"ImageObject","inLanguage":"en-GB","@id":"https:\/\/secure.gravatar.com\/avatar\/4bcde4f9cfbb7b09c9605f445ac3993dc54ba3973c8abb86ad7caea3e386f6c8?s=96&d=mm&r=g","url":"https:\/\/secure.gravatar.com\/avatar\/4bcde4f9cfbb7b09c9605f445ac3993dc54ba3973c8abb86ad7caea3e386f6c8?s=96&d=mm&r=g","contentUrl":"https:\/\/secure.gravatar.com\/avatar\/4bcde4f9cfbb7b09c9605f445ac3993dc54ba3973c8abb86ad7caea3e386f6c8?s=96&d=mm&r=g","caption":"jth-admin"},"url":"https:\/\/jorntrahus.se\/en\/author\/jth-admin\/"}]}},"publishpress_future_action":{"enabled":false,"date":"2026-05-04 23:29:25","action":"change-status","newStatus":"draft","terms":[],"taxonomy":"category","extraData":[]},"publishpress_future_workflow_manual_trigger":{"enabledWorkflows":[]},"_links":{"self":[{"href":"https:\/\/jorntrahus.se\/en\/wp-json\/wp\/v2\/posts\/13414","targetHints":{"allow":["GET"]}}],"collection":[{"href":"https:\/\/jorntrahus.se\/en\/wp-json\/wp\/v2\/posts"}],"about":[{"href":"https:\/\/jorntrahus.se\/en\/wp-json\/wp\/v2\/types\/post"}],"author":[{"embeddable":true,"href":"https:\/\/jorntrahus.se\/en\/wp-json\/wp\/v2\/users\/1"}],"replies":[{"embeddable":true,"href":"https:\/\/jorntrahus.se\/en\/wp-json\/wp\/v2\/comments?post=13414"}],"version-history":[{"count":3,"href":"https:\/\/jorntrahus.se\/en\/wp-json\/wp\/v2\/posts\/13414\/revisions"}],"predecessor-version":[{"id":13418,"href":"https:\/\/jorntrahus.se\/en\/wp-json\/wp\/v2\/posts\/13414\/revisions\/13418"}],"wp:featuredmedia":[{"embeddable":true,"href":"https:\/\/jorntrahus.se\/en\/wp-json\/wp\/v2\/media\/13415"}],"wp:attachment":[{"href":"https:\/\/jorntrahus.se\/en\/wp-json\/wp\/v2\/media?parent=13414"}],"wp:term":[{"taxonomy":"category","embeddable":true,"href":"https:\/\/jorntrahus.se\/en\/wp-json\/wp\/v2\/categories?post=13414"},{"taxonomy":"post_tag","embeddable":true,"href":"https:\/\/jorntrahus.se\/en\/wp-json\/wp\/v2\/tags?post=13414"}],"curies":[{"name":"wp","href":"https:\/\/api.w.org\/{rel}","templated":true}]}}