{"id":4489,"date":"2017-03-08T10:43:11","date_gmt":"2017-03-08T09:43:11","guid":{"rendered":"https:\/\/jorntrahus.se\/?p=4489"},"modified":"2022-03-17T15:42:52","modified_gmt":"2022-03-17T14:42:52","slug":"additional-roof-height-in-the-larch-slide","status":"publish","type":"post","link":"https:\/\/jorntrahus.se\/en\/nyhet\/ytterligare-takhojd-i-larkliden\/","title":{"rendered":"Additional ceiling height in L\u00e4rkliden"},"content":{"rendered":"<p>It is now possible to \"extra-equip\" your future L\u00e4rkliden log house with an additional 50 centimetres of roof height, which gives a full 3 metres of internal height.<br \/>\nTogether with the 45\u00b0 angle of the main body of the house and window openings integrated with the dormers, this makes for a house out of the ordinary.<br \/>\nIf you appreciate good house design, the model is suitable both as a holiday home on the coast or a distinctive mountain cabin. <\/p>","protected":false},"excerpt":{"rendered":"<p>Nu finns m\u00f6jligheten att &#8221;extrautrusta&#8221; ditt kommande timmerhus L\u00e4rkliden med ytterligare 50 centimeters takh\u00f6jd vilket ger hela 3 meters inv\u00e4ndig h\u00f6jd. Tillsammans med 45\u00b0 vinkel p\u00e5 huskroppen och f\u00f6nster\u00f6ppningar integrerade med takkuporna ger detta ett hus ut\u00f6ver det vanliga. Uppskattar man god husdesign s\u00e5 passar modellen b\u00e5de som fritidshus vid kusten eller utpr\u00e4glad fj\u00e4llstuga.<\/p>","protected":false},"author":2,"featured_media":4490,"comment_status":"closed","ping_status":"closed","sticky":false,"template":"","format":"standard","meta":{"footnotes":""},"categories":[6],"tags":[24,479,511],"class_list":["post-4489","post","type-post","status-publish","format-standard","has-post-thumbnail","hentry","category-nyhet","tag-fritidshus","tag-timmerhus","tag-vinkelhus"],"yoast_head":"<!-- This site is optimized with the Yoast SEO plugin v27.2 - https:\/\/yoast.com\/product\/yoast-seo-wordpress\/ -->\n<title>Ytterligare takh\u00f6jd i L\u00e4rkliden - J\u00f6rntr\u00e4hus<\/title>\n<meta name=\"description\" content=\"&quot;Extrautrusta&quot; ditt kommande timmerhus L\u00e4rkliden med ytterligare 50 cm takh\u00f6jd. Detta vinkelhus i fritidshus std med sina glaspartier blir d\u00e4rmed full\u00e4ndat.\" \/>\n<meta name=\"robots\" content=\"index, follow, max-snippet:-1, max-image-preview:large, max-video-preview:-1\" \/>\n<link rel=\"canonical\" href=\"https:\/\/jorntrahus.se\/en\/novelty\/additional-roof-height-in-the-larch-slide\/\" \/>\n<meta property=\"og:locale\" content=\"en_GB\" \/>\n<meta property=\"og:type\" content=\"article\" \/>\n<meta property=\"og:title\" content=\"Ytterligare takh\u00f6jd i L\u00e4rkliden - J\u00f6rntr\u00e4hus\" \/>\n<meta property=\"og:description\" content=\"&quot;Extrautrusta&quot; ditt kommande timmerhus L\u00e4rkliden med ytterligare 50 cm takh\u00f6jd. Detta vinkelhus i fritidshus std med sina glaspartier blir d\u00e4rmed full\u00e4ndat.\" \/>\n<meta property=\"og:url\" content=\"https:\/\/jorntrahus.se\/en\/novelty\/additional-roof-height-in-the-larch-slide\/\" \/>\n<meta property=\"og:site_name\" content=\"J\u00f6rntr\u00e4hus\" \/>\n<meta property=\"article:published_time\" content=\"2017-03-08T09:43:11+00:00\" \/>\n<meta property=\"article:modified_time\" content=\"2022-03-17T14:42:52+00:00\" \/>\n<meta property=\"og:image\" content=\"https:\/\/jorntrahus.se\/wp-content\/uploads\/2017\/03\/L\u00e4rkliden-M-1024x512.png\" \/>\n\t<meta property=\"og:image:width\" content=\"1024\" \/>\n\t<meta property=\"og:image:height\" content=\"512\" \/>\n\t<meta property=\"og:image:type\" content=\"image\/png\" \/>\n<meta name=\"author\" content=\"J\u00f6rntr\u00e4hus\" \/>\n<meta name=\"twitter:card\" content=\"summary_large_image\" \/>\n<meta name=\"twitter:label1\" content=\"Written by\" \/>\n\t<meta name=\"twitter:data1\" content=\"J\u00f6rntr\u00e4hus\" \/>\n<script type=\"application\/ld+json\" class=\"yoast-schema-graph\">{\"@context\":\"https:\/\/schema.org\",\"@graph\":[{\"@type\":\"Article\",\"@id\":\"https:\/\/jorntrahus.se\/nyhet\/ytterligare-takhojd-i-larkliden\/#article\",\"isPartOf\":{\"@id\":\"https:\/\/jorntrahus.se\/nyhet\/ytterligare-takhojd-i-larkliden\/\"},\"author\":{\"name\":\"J\u00f6rntr\u00e4hus\",\"@id\":\"https:\/\/jorntrahus.se\/#\/schema\/person\/1d486a26d13d4df455271c2f02f5ef5c\"},\"headline\":\"Ytterligare takh\u00f6jd i L\u00e4rkliden\",\"datePublished\":\"2017-03-08T09:43:11+00:00\",\"dateModified\":\"2022-03-17T14:42:52+00:00\",\"mainEntityOfPage\":{\"@id\":\"https:\/\/jorntrahus.se\/nyhet\/ytterligare-takhojd-i-larkliden\/\"},\"wordCount\":68,\"publisher\":{\"@id\":\"https:\/\/jorntrahus.se\/#organization\"},\"image\":{\"@id\":\"https:\/\/jorntrahus.se\/nyhet\/ytterligare-takhojd-i-larkliden\/#primaryimage\"},\"thumbnailUrl\":\"https:\/\/jorntrahus.se\/wp-content\/uploads\/2017\/03\/L\u00e4rkliden-M.png\",\"keywords\":[\"Fritidshus\",\"timmerhus\",\"Vinkelhus\"],\"articleSection\":[\"Nyhet\"],\"inLanguage\":\"en-GB\"},{\"@type\":\"WebPage\",\"@id\":\"https:\/\/jorntrahus.se\/nyhet\/ytterligare-takhojd-i-larkliden\/\",\"url\":\"https:\/\/jorntrahus.se\/nyhet\/ytterligare-takhojd-i-larkliden\/\",\"name\":\"Ytterligare takh\u00f6jd i L\u00e4rkliden - J\u00f6rntr\u00e4hus\",\"isPartOf\":{\"@id\":\"https:\/\/jorntrahus.se\/#website\"},\"primaryImageOfPage\":{\"@id\":\"https:\/\/jorntrahus.se\/nyhet\/ytterligare-takhojd-i-larkliden\/#primaryimage\"},\"image\":{\"@id\":\"https:\/\/jorntrahus.se\/nyhet\/ytterligare-takhojd-i-larkliden\/#primaryimage\"},\"thumbnailUrl\":\"https:\/\/jorntrahus.se\/wp-content\/uploads\/2017\/03\/L\u00e4rkliden-M.png\",\"datePublished\":\"2017-03-08T09:43:11+00:00\",\"dateModified\":\"2022-03-17T14:42:52+00:00\",\"description\":\"\\\"Extrautrusta\\\" ditt kommande timmerhus L\u00e4rkliden med ytterligare 50 cm takh\u00f6jd. Detta vinkelhus i fritidshus std med sina glaspartier blir d\u00e4rmed full\u00e4ndat.\",\"breadcrumb\":{\"@id\":\"https:\/\/jorntrahus.se\/nyhet\/ytterligare-takhojd-i-larkliden\/#breadcrumb\"},\"inLanguage\":\"en-GB\",\"potentialAction\":[{\"@type\":\"ReadAction\",\"target\":[\"https:\/\/jorntrahus.se\/nyhet\/ytterligare-takhojd-i-larkliden\/\"]}]},{\"@type\":\"ImageObject\",\"inLanguage\":\"en-GB\",\"@id\":\"https:\/\/jorntrahus.se\/nyhet\/ytterligare-takhojd-i-larkliden\/#primaryimage\",\"url\":\"https:\/\/jorntrahus.se\/wp-content\/uploads\/2017\/03\/L\u00e4rkliden-M.png\",\"contentUrl\":\"https:\/\/jorntrahus.se\/wp-content\/uploads\/2017\/03\/L\u00e4rkliden-M.png\",\"width\":2500,\"height\":1250},{\"@type\":\"BreadcrumbList\",\"@id\":\"https:\/\/jorntrahus.se\/nyhet\/ytterligare-takhojd-i-larkliden\/#breadcrumb\",\"itemListElement\":[{\"@type\":\"ListItem\",\"position\":1,\"name\":\"Hem\",\"item\":\"https:\/\/jorntrahus.se\/\"},{\"@type\":\"ListItem\",\"position\":2,\"name\":\"Ytterligare takh\u00f6jd i L\u00e4rkliden\"}]},{\"@type\":\"WebSite\",\"@id\":\"https:\/\/jorntrahus.se\/#website\",\"url\":\"https:\/\/jorntrahus.se\/\",\"name\":\"J\u00f6rntr\u00e4hus\",\"description\":\"Hus f\u00f6r den medvetne\",\"publisher\":{\"@id\":\"https:\/\/jorntrahus.se\/#organization\"},\"potentialAction\":[{\"@type\":\"SearchAction\",\"target\":{\"@type\":\"EntryPoint\",\"urlTemplate\":\"https:\/\/jorntrahus.se\/?s={search_term_string}\"},\"query-input\":{\"@type\":\"PropertyValueSpecification\",\"valueRequired\":true,\"valueName\":\"search_term_string\"}}],\"inLanguage\":\"en-GB\"},{\"@type\":\"Organization\",\"@id\":\"https:\/\/jorntrahus.se\/#organization\",\"name\":\"J\u00f6rntr\u00e4hus\",\"url\":\"https:\/\/jorntrahus.se\/\",\"logo\":{\"@type\":\"ImageObject\",\"inLanguage\":\"en-GB\",\"@id\":\"https:\/\/jorntrahus.se\/#\/schema\/logo\/image\/\",\"url\":\"https:\/\/jorntrahus.se\/wp-content\/uploads\/2020\/09\/Jorntrahus_Grund_CMYK.eps\",\"contentUrl\":\"https:\/\/jorntrahus.se\/wp-content\/uploads\/2020\/09\/Jorntrahus_Grund_CMYK.eps\",\"width\":1,\"height\":1,\"caption\":\"J\u00f6rntr\u00e4hus\"},\"image\":{\"@id\":\"https:\/\/jorntrahus.se\/#\/schema\/logo\/image\/\"}},{\"@type\":\"Person\",\"@id\":\"https:\/\/jorntrahus.se\/#\/schema\/person\/1d486a26d13d4df455271c2f02f5ef5c\",\"name\":\"J\u00f6rntr\u00e4hus\",\"image\":{\"@type\":\"ImageObject\",\"inLanguage\":\"en-GB\",\"@id\":\"https:\/\/secure.gravatar.com\/avatar\/e9b8fcf3c4d64603cd3ec2eb8588179dabe6c74041e8c2a09d7ca9e0900a4ad3?s=96&d=mm&r=g\",\"url\":\"https:\/\/secure.gravatar.com\/avatar\/e9b8fcf3c4d64603cd3ec2eb8588179dabe6c74041e8c2a09d7ca9e0900a4ad3?s=96&d=mm&r=g\",\"contentUrl\":\"https:\/\/secure.gravatar.com\/avatar\/e9b8fcf3c4d64603cd3ec2eb8588179dabe6c74041e8c2a09d7ca9e0900a4ad3?s=96&d=mm&r=g\",\"caption\":\"J\u00f6rntr\u00e4hus\"},\"sameAs\":[\"https:\/\/jorntrahus.se\"],\"url\":\"https:\/\/jorntrahus.se\/en\/author\/jorntrahus\/\"}]}<\/script>\n<!-- \/ Yoast SEO plugin. -->","yoast_head_json":{"title":"Additional ceiling height in L\u00e4rkliden - J\u00f6rntr\u00e4hus","description":"\"Extra-equip\" your future log house L\u00e4rkliden with an additional 50 cm ceiling height. This angular house in holiday home std with its glass sections will thus be perfect.","robots":{"index":"index","follow":"follow","max-snippet":"max-snippet:-1","max-image-preview":"max-image-preview:large","max-video-preview":"max-video-preview:-1"},"canonical":"https:\/\/jorntrahus.se\/en\/novelty\/additional-roof-height-in-the-larch-slide\/","og_locale":"en_GB","og_type":"article","og_title":"Ytterligare takh\u00f6jd i L\u00e4rkliden - J\u00f6rntr\u00e4hus","og_description":"\"Extrautrusta\" ditt kommande timmerhus L\u00e4rkliden med ytterligare 50 cm takh\u00f6jd. Detta vinkelhus i fritidshus std med sina glaspartier blir d\u00e4rmed full\u00e4ndat.","og_url":"https:\/\/jorntrahus.se\/en\/novelty\/additional-roof-height-in-the-larch-slide\/","og_site_name":"J\u00f6rntr\u00e4hus","article_published_time":"2017-03-08T09:43:11+00:00","article_modified_time":"2022-03-17T14:42:52+00:00","og_image":[{"width":1024,"height":512,"url":"https:\/\/jorntrahus.se\/wp-content\/uploads\/2017\/03\/L\u00e4rkliden-M-1024x512.png","type":"image\/png"}],"author":"J\u00f6rntr\u00e4hus","twitter_card":"summary_large_image","twitter_misc":{"Written by":"J\u00f6rntr\u00e4hus"},"schema":{"@context":"https:\/\/schema.org","@graph":[{"@type":"Article","@id":"https:\/\/jorntrahus.se\/nyhet\/ytterligare-takhojd-i-larkliden\/#article","isPartOf":{"@id":"https:\/\/jorntrahus.se\/nyhet\/ytterligare-takhojd-i-larkliden\/"},"author":{"name":"J\u00f6rntr\u00e4hus","@id":"https:\/\/jorntrahus.se\/#\/schema\/person\/1d486a26d13d4df455271c2f02f5ef5c"},"headline":"Ytterligare takh\u00f6jd i L\u00e4rkliden","datePublished":"2017-03-08T09:43:11+00:00","dateModified":"2022-03-17T14:42:52+00:00","mainEntityOfPage":{"@id":"https:\/\/jorntrahus.se\/nyhet\/ytterligare-takhojd-i-larkliden\/"},"wordCount":68,"publisher":{"@id":"https:\/\/jorntrahus.se\/#organization"},"image":{"@id":"https:\/\/jorntrahus.se\/nyhet\/ytterligare-takhojd-i-larkliden\/#primaryimage"},"thumbnailUrl":"https:\/\/jorntrahus.se\/wp-content\/uploads\/2017\/03\/L\u00e4rkliden-M.png","keywords":["Fritidshus","timmerhus","Vinkelhus"],"articleSection":["Nyhet"],"inLanguage":"en-GB"},{"@type":"WebPage","@id":"https:\/\/jorntrahus.se\/nyhet\/ytterligare-takhojd-i-larkliden\/","url":"https:\/\/jorntrahus.se\/nyhet\/ytterligare-takhojd-i-larkliden\/","name":"Additional ceiling height in L\u00e4rkliden - J\u00f6rntr\u00e4hus","isPartOf":{"@id":"https:\/\/jorntrahus.se\/#website"},"primaryImageOfPage":{"@id":"https:\/\/jorntrahus.se\/nyhet\/ytterligare-takhojd-i-larkliden\/#primaryimage"},"image":{"@id":"https:\/\/jorntrahus.se\/nyhet\/ytterligare-takhojd-i-larkliden\/#primaryimage"},"thumbnailUrl":"https:\/\/jorntrahus.se\/wp-content\/uploads\/2017\/03\/L\u00e4rkliden-M.png","datePublished":"2017-03-08T09:43:11+00:00","dateModified":"2022-03-17T14:42:52+00:00","description":"\"Extra-equip\" your future log house L\u00e4rkliden with an additional 50 cm ceiling height. This angular house in holiday home std with its glass sections will thus be perfect.","breadcrumb":{"@id":"https:\/\/jorntrahus.se\/nyhet\/ytterligare-takhojd-i-larkliden\/#breadcrumb"},"inLanguage":"en-GB","potentialAction":[{"@type":"ReadAction","target":["https:\/\/jorntrahus.se\/nyhet\/ytterligare-takhojd-i-larkliden\/"]}]},{"@type":"ImageObject","inLanguage":"en-GB","@id":"https:\/\/jorntrahus.se\/nyhet\/ytterligare-takhojd-i-larkliden\/#primaryimage","url":"https:\/\/jorntrahus.se\/wp-content\/uploads\/2017\/03\/L\u00e4rkliden-M.png","contentUrl":"https:\/\/jorntrahus.se\/wp-content\/uploads\/2017\/03\/L\u00e4rkliden-M.png","width":2500,"height":1250},{"@type":"BreadcrumbList","@id":"https:\/\/jorntrahus.se\/nyhet\/ytterligare-takhojd-i-larkliden\/#breadcrumb","itemListElement":[{"@type":"ListItem","position":1,"name":"Hem","item":"https:\/\/jorntrahus.se\/"},{"@type":"ListItem","position":2,"name":"Ytterligare takh\u00f6jd i L\u00e4rkliden"}]},{"@type":"WebSite","@id":"https:\/\/jorntrahus.se\/#website","url":"https:\/\/jorntrahus.se\/","name":"J\u00f6rntr\u00e4hus","description":"Houses for the conscious","publisher":{"@id":"https:\/\/jorntrahus.se\/#organization"},"potentialAction":[{"@type":"SearchAction","target":{"@type":"EntryPoint","urlTemplate":"https:\/\/jorntrahus.se\/?s={search_term_string}"},"query-input":{"@type":"PropertyValueSpecification","valueRequired":true,"valueName":"search_term_string"}}],"inLanguage":"en-GB"},{"@type":"Organization","@id":"https:\/\/jorntrahus.se\/#organization","name":"J\u00f6rntr\u00e4hus","url":"https:\/\/jorntrahus.se\/","logo":{"@type":"ImageObject","inLanguage":"en-GB","@id":"https:\/\/jorntrahus.se\/#\/schema\/logo\/image\/","url":"https:\/\/jorntrahus.se\/wp-content\/uploads\/2020\/09\/Jorntrahus_Grund_CMYK.eps","contentUrl":"https:\/\/jorntrahus.se\/wp-content\/uploads\/2020\/09\/Jorntrahus_Grund_CMYK.eps","width":1,"height":1,"caption":"J\u00f6rntr\u00e4hus"},"image":{"@id":"https:\/\/jorntrahus.se\/#\/schema\/logo\/image\/"}},{"@type":"Person","@id":"https:\/\/jorntrahus.se\/#\/schema\/person\/1d486a26d13d4df455271c2f02f5ef5c","name":"J\u00f6rntr\u00e4hus","image":{"@type":"ImageObject","inLanguage":"en-GB","@id":"https:\/\/secure.gravatar.com\/avatar\/e9b8fcf3c4d64603cd3ec2eb8588179dabe6c74041e8c2a09d7ca9e0900a4ad3?s=96&d=mm&r=g","url":"https:\/\/secure.gravatar.com\/avatar\/e9b8fcf3c4d64603cd3ec2eb8588179dabe6c74041e8c2a09d7ca9e0900a4ad3?s=96&d=mm&r=g","contentUrl":"https:\/\/secure.gravatar.com\/avatar\/e9b8fcf3c4d64603cd3ec2eb8588179dabe6c74041e8c2a09d7ca9e0900a4ad3?s=96&d=mm&r=g","caption":"J\u00f6rntr\u00e4hus"},"sameAs":["https:\/\/jorntrahus.se"],"url":"https:\/\/jorntrahus.se\/en\/author\/jorntrahus\/"}]}},"publishpress_future_action":{"enabled":false,"date":"2026-05-07 20:47:49","action":"change-status","newStatus":"draft","terms":[],"taxonomy":"category","extraData":[]},"publishpress_future_workflow_manual_trigger":{"enabledWorkflows":[]},"_links":{"self":[{"href":"https:\/\/jorntrahus.se\/en\/wp-json\/wp\/v2\/posts\/4489","targetHints":{"allow":["GET"]}}],"collection":[{"href":"https:\/\/jorntrahus.se\/en\/wp-json\/wp\/v2\/posts"}],"about":[{"href":"https:\/\/jorntrahus.se\/en\/wp-json\/wp\/v2\/types\/post"}],"author":[{"embeddable":true,"href":"https:\/\/jorntrahus.se\/en\/wp-json\/wp\/v2\/users\/2"}],"replies":[{"embeddable":true,"href":"https:\/\/jorntrahus.se\/en\/wp-json\/wp\/v2\/comments?post=4489"}],"version-history":[{"count":5,"href":"https:\/\/jorntrahus.se\/en\/wp-json\/wp\/v2\/posts\/4489\/revisions"}],"predecessor-version":[{"id":4506,"href":"https:\/\/jorntrahus.se\/en\/wp-json\/wp\/v2\/posts\/4489\/revisions\/4506"}],"wp:featuredmedia":[{"embeddable":true,"href":"https:\/\/jorntrahus.se\/en\/wp-json\/wp\/v2\/media\/4490"}],"wp:attachment":[{"href":"https:\/\/jorntrahus.se\/en\/wp-json\/wp\/v2\/media?parent=4489"}],"wp:term":[{"taxonomy":"category","embeddable":true,"href":"https:\/\/jorntrahus.se\/en\/wp-json\/wp\/v2\/categories?post=4489"},{"taxonomy":"post_tag","embeddable":true,"href":"https:\/\/jorntrahus.se\/en\/wp-json\/wp\/v2\/tags?post=4489"}],"curies":[{"name":"wp","href":"https:\/\/api.w.org\/{rel}","templated":true}]}}