{"id":7242,"date":"2017-12-21T12:45:12","date_gmt":"2017-12-21T11:45:12","guid":{"rendered":"https:\/\/jorntrahus.se\/?p=7242"},"modified":"2022-03-17T15:42:12","modified_gmt":"2022-03-17T14:42:12","slug":"oberg-family-mountain-parla","status":"publish","type":"post","link":"https:\/\/jorntrahus.se\/en\/inspiration\/familjen-obergs-fjallparla\/","title":{"rendered":"The \u00d6berg family's mountain gem"},"content":{"rendered":"<div class=\"row\"  id=\"row-1962148426\">\n\n\t<div id=\"col-1875109290\" class=\"col small-12 large-12\"  >\n\t\t\t\t<div class=\"col-inner\"  >\n\t\t\t\n\t\t\t\n<h1>Customer report Talltoppen<\/h1>\n<h3>The \u00d6berg family live on the coast, but spend every other weekend in T\u00e4nndalen, where their newly built Talltoppen holiday home is located.<\/h3>\n<p>In summer there is a lot of mountain biking and kayaking, while autumn offers good opportunities for bird hunting, usually with the dog Taco.<\/p>\n<p>- In winter, the whole family goes cross-country skiing, slalom skiing and we enjoy going hiking,\" says Bjarne.<\/p>\n<p>- We have always spent a lot of time in the mountains and realised at some point that it was time to create our own holiday home where both crockery and bedding were our own on each visit. Our two daughters in particular appreciate this,\" says Linda.<\/p>\n<h4>New and fresh<\/h4>\n<p>After a period of trying to find a suitable existing house for sale, they cancelled that project as they felt it was difficult to find exactly what they wanted. Instead, they decided to build a brand new and fresh holiday home from scratch.<\/p>\n<p>- The fact that it was J\u00f6rntr\u00e4hus was definitely not obvious from the beginning, we had two or three similar alternatives to consider, but due to the possibility of adjusting and influencing the design of the house and the \u201dgut feeling\u201d, it all decided in favour of J\u00f6rntr\u00e4hus.<\/p>\n<p>- The feeling of living in a real log house is hard to beat, just knowing that it is solid pine timber that supports the entire construction is a little special and of course contributes to the genuine experience you get, not least in this surrounding environment.<\/p>\n<h4>The majority of requests<\/h4>\n<p>The pine top has been modified according to several wishes they had, including that it is slightly elevated and that they have got a spacious front room which is perfect when both outerwear and ski equipment always require large space for storage.<\/p>\n<p>The ability to get drawing suggestions and variation possibilities presented quickly from J\u00f6rntr\u00e4hus is probably what they have valued most during the process.<\/p>\n<p>- Once you're in the mindset and come up with new ideas, it's reassuring to know that they'll be taken care of immediately,\" says Bjarne.<\/p>\n<p>- Most of the holiday home was built and finished by local contractors, but we did the painting and wallpapering ourselves, which was both fun and saved a lot of money,\" says Linda.<\/p>\n<h4>Supplied complete<\/h4>\n<p>As the house kit is delivered complete, the building materials have been on site, making it easy for the builders to complete the house quickly.<\/p>\n<p>- We spend a lot more time in the mountains now that we have our own personal holiday home, mainly during the autumn and winter months. In the summer, we still spend most of our time on the coast, which is probably more mosquito-related than housing-related,\" concludes Bjarne.<\/p>\n\t<div id=\"gap-606426431\" class=\"gap-element clearfix\" style=\"display:block; height:auto;\">\n\t\t\n<style>\n#gap-606426431 {\n  padding-top: 60px;\n}\n<\/style>\n\t<\/div>\n\t\n<div class=\"row\"  id=\"row-253072161\">\n\n\t<div id=\"col-935821348\" class=\"col medium-4 small-12 large-4\"  >\n\t\t\t\t<div class=\"col-inner\"  >\n\t\t\t\n\t\t\t\n<a href=\"\/en\/house-model\/talltoppen-l\/\" class=\"button primary is-outline expand\" >\n\t\t<span>More about Talltoppen<\/span>\n\t<\/a>\n\n\t\t<\/div>\n\t\t\t\t\t<\/div>\n\n\t\n\n\t<div id=\"col-803248929\" class=\"col medium-4 small-12 large-4\"  >\n\t\t\t\t<div class=\"col-inner\"  >\n\t\t\t\n\t\t\t\n<a href=\"\/en\/flexible-drawings\/\" class=\"button primary is-outline expand\" >\n\t\t<span>Flexible solutions<\/span>\n\t<\/a>\n\n\t\t<\/div>\n\t\t\t\t\t<\/div>\n\n\t\n\n\t<div id=\"col-1393078029\" class=\"col medium-4 small-12 large-4\"  >\n\t\t\t\t<div class=\"col-inner\"  >\n\t\t\t\n\t\t\t\n<a href=\"\/en\/inspiration\/\" class=\"button primary is-outline expand\" >\n\t\t<span>More customer stories<\/span>\n\t<\/a>\n\n\t\t<\/div>\n\t\t\t\t\t<\/div>\n\n\t\n<\/div>\n\t<div id=\"gap-1383704045\" class=\"gap-element clearfix\" style=\"display:block; height:auto;\">\n\t\t\n<style>\n#gap-1383704045 {\n  padding-top: 30px;\n}\n<\/style>\n\t<\/div>\n\t\n\t<div class=\"box has-hover   has-hover box-text-bottom\" >\n\n\t\t<div class=\"box-image\" >\n\t\t\t\t\t\t<div class=\"\" >\n\t\t\t\t<img loading=\"lazy\" decoding=\"async\" width=\"1200\" height=\"800\" src=\"https:\/\/jorntrahus.se\/wp-content\/uploads\/2018\/01\/Kundrep-Familjen-\u00d6berg-bild-1.jpg\" class=\"attachment- size-\" alt=\"\" srcset=\"https:\/\/jorntrahus.se\/wp-content\/uploads\/2018\/01\/Kundrep-Familjen-\u00d6berg-bild-1.jpg 1200w, https:\/\/jorntrahus.se\/wp-content\/uploads\/2018\/01\/Kundrep-Familjen-\u00d6berg-bild-1-600x400.jpg 600w, https:\/\/jorntrahus.se\/wp-content\/uploads\/2018\/01\/Kundrep-Familjen-\u00d6berg-bild-1-900x600.jpg 900w, https:\/\/jorntrahus.se\/wp-content\/uploads\/2018\/01\/Kundrep-Familjen-\u00d6berg-bild-1-768x512.jpg 768w\" sizes=\"auto, (max-width: 1200px) 100vw, 1200px\" \/>\t\t\t\t\t\t\t\t\t\t\t<\/div>\n\t\t\t\t\t<\/div>\n\n\t\t<div class=\"box-text text-center\" >\n\t\t\t<div class=\"box-text-inner\">\n\t\t\t\t\n<h4>Customised holiday home<\/h4>\n<p>The \u00d6berg family based their customised house on the Talltoppen model.<\/p>\n\t\t\t<\/div>\n\t\t<\/div>\n\t<\/div>\n\t\n\t\t<\/div>\n\t\t\t\t\t<\/div>\n\n\t\n<\/div>","protected":false},"excerpt":{"rendered":"<p>The \u00d6berg family live on the coast, but spend every other weekend in T\u00e4nndalen, where their newly built Talltoppen holiday home is located.<\/p>","protected":false},"author":2,"featured_media":7244,"comment_status":"closed","ping_status":"closed","sticky":false,"template":"","format":"standard","meta":{"footnotes":""},"categories":[611,6],"tags":[],"class_list":["post-7242","post","type-post","status-publish","format-standard","has-post-thumbnail","hentry","category-inspiration","category-nyhet"],"yoast_head":"<!-- This site is optimized with the Yoast SEO plugin v27.2 - https:\/\/yoast.com\/product\/yoast-seo-wordpress\/ -->\n<title>Familjen \u00d6bergs fj\u00e4llp\u00e4rla - J\u00f6rntr\u00e4hus<\/title>\n<meta name=\"robots\" content=\"index, follow, max-snippet:-1, max-image-preview:large, max-video-preview:-1\" \/>\n<link rel=\"canonical\" href=\"https:\/\/jorntrahus.se\/en\/inspiration\/oberg-family-mountain-parla\/\" \/>\n<meta property=\"og:locale\" content=\"en_GB\" \/>\n<meta property=\"og:type\" content=\"article\" \/>\n<meta property=\"og:title\" content=\"Familjen \u00d6bergs fj\u00e4llp\u00e4rla - J\u00f6rntr\u00e4hus\" \/>\n<meta property=\"og:description\" content=\"Familjen \u00d6berg \u00e4r bosatta vid kusten men tillbringar var och varannan helg i T\u00e4nndalen d\u00e4r deras nybyggda Talltoppen fritidshus \u00e4r bel\u00e4get.\" \/>\n<meta property=\"og:url\" content=\"https:\/\/jorntrahus.se\/en\/inspiration\/oberg-family-mountain-parla\/\" \/>\n<meta property=\"og:site_name\" content=\"J\u00f6rntr\u00e4hus\" \/>\n<meta property=\"article:published_time\" content=\"2017-12-21T11:45:12+00:00\" \/>\n<meta property=\"article:modified_time\" content=\"2022-03-17T14:42:12+00:00\" \/>\n<meta property=\"og:image\" content=\"https:\/\/jorntrahus.se\/wp-content\/uploads\/2018\/01\/Kundrep-Familjen-\u00d6berg-kollage.jpg\" \/>\n\t<meta property=\"og:image:width\" content=\"1825\" \/>\n\t<meta property=\"og:image:height\" content=\"1280\" \/>\n\t<meta property=\"og:image:type\" content=\"image\/jpeg\" \/>\n<meta name=\"author\" content=\"J\u00f6rntr\u00e4hus\" \/>\n<meta name=\"twitter:card\" content=\"summary_large_image\" \/>\n<meta name=\"twitter:label1\" content=\"Written by\" \/>\n\t<meta name=\"twitter:data1\" content=\"J\u00f6rntr\u00e4hus\" \/>\n\t<meta name=\"twitter:label2\" content=\"Estimated reading time\" \/>\n\t<meta name=\"twitter:data2\" content=\"3 minutes\" \/>\n<script type=\"application\/ld+json\" class=\"yoast-schema-graph\">{\"@context\":\"https:\/\/schema.org\",\"@graph\":[{\"@type\":\"Article\",\"@id\":\"https:\/\/jorntrahus.se\/inspiration\/familjen-obergs-fjallparla\/#article\",\"isPartOf\":{\"@id\":\"https:\/\/jorntrahus.se\/inspiration\/familjen-obergs-fjallparla\/\"},\"author\":{\"name\":\"J\u00f6rntr\u00e4hus\",\"@id\":\"https:\/\/jorntrahus.se\/#\/schema\/person\/1d486a26d13d4df455271c2f02f5ef5c\"},\"headline\":\"Familjen \u00d6bergs fj\u00e4llp\u00e4rla\",\"datePublished\":\"2017-12-21T11:45:12+00:00\",\"dateModified\":\"2022-03-17T14:42:12+00:00\",\"mainEntityOfPage\":{\"@id\":\"https:\/\/jorntrahus.se\/inspiration\/familjen-obergs-fjallparla\/\"},\"wordCount\":604,\"publisher\":{\"@id\":\"https:\/\/jorntrahus.se\/#organization\"},\"image\":{\"@id\":\"https:\/\/jorntrahus.se\/inspiration\/familjen-obergs-fjallparla\/#primaryimage\"},\"thumbnailUrl\":\"https:\/\/jorntrahus.se\/wp-content\/uploads\/2018\/01\/Kundrep-Familjen-\u00d6berg-kollage.jpg\",\"articleSection\":[\"Inspiration\",\"Nyhet\"],\"inLanguage\":\"en-GB\"},{\"@type\":\"WebPage\",\"@id\":\"https:\/\/jorntrahus.se\/inspiration\/familjen-obergs-fjallparla\/\",\"url\":\"https:\/\/jorntrahus.se\/inspiration\/familjen-obergs-fjallparla\/\",\"name\":\"Familjen \u00d6bergs fj\u00e4llp\u00e4rla - J\u00f6rntr\u00e4hus\",\"isPartOf\":{\"@id\":\"https:\/\/jorntrahus.se\/#website\"},\"primaryImageOfPage\":{\"@id\":\"https:\/\/jorntrahus.se\/inspiration\/familjen-obergs-fjallparla\/#primaryimage\"},\"image\":{\"@id\":\"https:\/\/jorntrahus.se\/inspiration\/familjen-obergs-fjallparla\/#primaryimage\"},\"thumbnailUrl\":\"https:\/\/jorntrahus.se\/wp-content\/uploads\/2018\/01\/Kundrep-Familjen-\u00d6berg-kollage.jpg\",\"datePublished\":\"2017-12-21T11:45:12+00:00\",\"dateModified\":\"2022-03-17T14:42:12+00:00\",\"breadcrumb\":{\"@id\":\"https:\/\/jorntrahus.se\/inspiration\/familjen-obergs-fjallparla\/#breadcrumb\"},\"inLanguage\":\"en-GB\",\"potentialAction\":[{\"@type\":\"ReadAction\",\"target\":[\"https:\/\/jorntrahus.se\/inspiration\/familjen-obergs-fjallparla\/\"]}]},{\"@type\":\"ImageObject\",\"inLanguage\":\"en-GB\",\"@id\":\"https:\/\/jorntrahus.se\/inspiration\/familjen-obergs-fjallparla\/#primaryimage\",\"url\":\"https:\/\/jorntrahus.se\/wp-content\/uploads\/2018\/01\/Kundrep-Familjen-\u00d6berg-kollage.jpg\",\"contentUrl\":\"https:\/\/jorntrahus.se\/wp-content\/uploads\/2018\/01\/Kundrep-Familjen-\u00d6berg-kollage.jpg\",\"width\":1825,\"height\":1280},{\"@type\":\"BreadcrumbList\",\"@id\":\"https:\/\/jorntrahus.se\/inspiration\/familjen-obergs-fjallparla\/#breadcrumb\",\"itemListElement\":[{\"@type\":\"ListItem\",\"position\":1,\"name\":\"Hem\",\"item\":\"https:\/\/jorntrahus.se\/\"},{\"@type\":\"ListItem\",\"position\":2,\"name\":\"Familjen \u00d6bergs fj\u00e4llp\u00e4rla\"}]},{\"@type\":\"WebSite\",\"@id\":\"https:\/\/jorntrahus.se\/#website\",\"url\":\"https:\/\/jorntrahus.se\/\",\"name\":\"J\u00f6rntr\u00e4hus\",\"description\":\"Hus f\u00f6r den medvetne\",\"publisher\":{\"@id\":\"https:\/\/jorntrahus.se\/#organization\"},\"potentialAction\":[{\"@type\":\"SearchAction\",\"target\":{\"@type\":\"EntryPoint\",\"urlTemplate\":\"https:\/\/jorntrahus.se\/?s={search_term_string}\"},\"query-input\":{\"@type\":\"PropertyValueSpecification\",\"valueRequired\":true,\"valueName\":\"search_term_string\"}}],\"inLanguage\":\"en-GB\"},{\"@type\":\"Organization\",\"@id\":\"https:\/\/jorntrahus.se\/#organization\",\"name\":\"J\u00f6rntr\u00e4hus\",\"url\":\"https:\/\/jorntrahus.se\/\",\"logo\":{\"@type\":\"ImageObject\",\"inLanguage\":\"en-GB\",\"@id\":\"https:\/\/jorntrahus.se\/#\/schema\/logo\/image\/\",\"url\":\"https:\/\/jorntrahus.se\/wp-content\/uploads\/2020\/09\/Jorntrahus_Grund_CMYK.eps\",\"contentUrl\":\"https:\/\/jorntrahus.se\/wp-content\/uploads\/2020\/09\/Jorntrahus_Grund_CMYK.eps\",\"width\":1,\"height\":1,\"caption\":\"J\u00f6rntr\u00e4hus\"},\"image\":{\"@id\":\"https:\/\/jorntrahus.se\/#\/schema\/logo\/image\/\"}},{\"@type\":\"Person\",\"@id\":\"https:\/\/jorntrahus.se\/#\/schema\/person\/1d486a26d13d4df455271c2f02f5ef5c\",\"name\":\"J\u00f6rntr\u00e4hus\",\"image\":{\"@type\":\"ImageObject\",\"inLanguage\":\"en-GB\",\"@id\":\"https:\/\/secure.gravatar.com\/avatar\/e9b8fcf3c4d64603cd3ec2eb8588179dabe6c74041e8c2a09d7ca9e0900a4ad3?s=96&d=mm&r=g\",\"url\":\"https:\/\/secure.gravatar.com\/avatar\/e9b8fcf3c4d64603cd3ec2eb8588179dabe6c74041e8c2a09d7ca9e0900a4ad3?s=96&d=mm&r=g\",\"contentUrl\":\"https:\/\/secure.gravatar.com\/avatar\/e9b8fcf3c4d64603cd3ec2eb8588179dabe6c74041e8c2a09d7ca9e0900a4ad3?s=96&d=mm&r=g\",\"caption\":\"J\u00f6rntr\u00e4hus\"},\"sameAs\":[\"https:\/\/jorntrahus.se\"],\"url\":\"https:\/\/jorntrahus.se\/en\/author\/jorntrahus\/\"}]}<\/script>\n<!-- \/ Yoast SEO plugin. -->","yoast_head_json":{"title":"The \u00d6berg family's mountain gem - J\u00f6rntr\u00e4hus","robots":{"index":"index","follow":"follow","max-snippet":"max-snippet:-1","max-image-preview":"max-image-preview:large","max-video-preview":"max-video-preview:-1"},"canonical":"https:\/\/jorntrahus.se\/en\/inspiration\/oberg-family-mountain-parla\/","og_locale":"en_GB","og_type":"article","og_title":"Familjen \u00d6bergs fj\u00e4llp\u00e4rla - J\u00f6rntr\u00e4hus","og_description":"Familjen \u00d6berg \u00e4r bosatta vid kusten men tillbringar var och varannan helg i T\u00e4nndalen d\u00e4r deras nybyggda Talltoppen fritidshus \u00e4r bel\u00e4get.","og_url":"https:\/\/jorntrahus.se\/en\/inspiration\/oberg-family-mountain-parla\/","og_site_name":"J\u00f6rntr\u00e4hus","article_published_time":"2017-12-21T11:45:12+00:00","article_modified_time":"2022-03-17T14:42:12+00:00","og_image":[{"width":1825,"height":1280,"url":"https:\/\/jorntrahus.se\/wp-content\/uploads\/2018\/01\/Kundrep-Familjen-\u00d6berg-kollage.jpg","type":"image\/jpeg"}],"author":"J\u00f6rntr\u00e4hus","twitter_card":"summary_large_image","twitter_misc":{"Written by":"J\u00f6rntr\u00e4hus","Estimated reading time":"3 minutes"},"schema":{"@context":"https:\/\/schema.org","@graph":[{"@type":"Article","@id":"https:\/\/jorntrahus.se\/inspiration\/familjen-obergs-fjallparla\/#article","isPartOf":{"@id":"https:\/\/jorntrahus.se\/inspiration\/familjen-obergs-fjallparla\/"},"author":{"name":"J\u00f6rntr\u00e4hus","@id":"https:\/\/jorntrahus.se\/#\/schema\/person\/1d486a26d13d4df455271c2f02f5ef5c"},"headline":"Familjen \u00d6bergs fj\u00e4llp\u00e4rla","datePublished":"2017-12-21T11:45:12+00:00","dateModified":"2022-03-17T14:42:12+00:00","mainEntityOfPage":{"@id":"https:\/\/jorntrahus.se\/inspiration\/familjen-obergs-fjallparla\/"},"wordCount":604,"publisher":{"@id":"https:\/\/jorntrahus.se\/#organization"},"image":{"@id":"https:\/\/jorntrahus.se\/inspiration\/familjen-obergs-fjallparla\/#primaryimage"},"thumbnailUrl":"https:\/\/jorntrahus.se\/wp-content\/uploads\/2018\/01\/Kundrep-Familjen-\u00d6berg-kollage.jpg","articleSection":["Inspiration","Nyhet"],"inLanguage":"en-GB"},{"@type":"WebPage","@id":"https:\/\/jorntrahus.se\/inspiration\/familjen-obergs-fjallparla\/","url":"https:\/\/jorntrahus.se\/inspiration\/familjen-obergs-fjallparla\/","name":"The \u00d6berg family's mountain gem - J\u00f6rntr\u00e4hus","isPartOf":{"@id":"https:\/\/jorntrahus.se\/#website"},"primaryImageOfPage":{"@id":"https:\/\/jorntrahus.se\/inspiration\/familjen-obergs-fjallparla\/#primaryimage"},"image":{"@id":"https:\/\/jorntrahus.se\/inspiration\/familjen-obergs-fjallparla\/#primaryimage"},"thumbnailUrl":"https:\/\/jorntrahus.se\/wp-content\/uploads\/2018\/01\/Kundrep-Familjen-\u00d6berg-kollage.jpg","datePublished":"2017-12-21T11:45:12+00:00","dateModified":"2022-03-17T14:42:12+00:00","breadcrumb":{"@id":"https:\/\/jorntrahus.se\/inspiration\/familjen-obergs-fjallparla\/#breadcrumb"},"inLanguage":"en-GB","potentialAction":[{"@type":"ReadAction","target":["https:\/\/jorntrahus.se\/inspiration\/familjen-obergs-fjallparla\/"]}]},{"@type":"ImageObject","inLanguage":"en-GB","@id":"https:\/\/jorntrahus.se\/inspiration\/familjen-obergs-fjallparla\/#primaryimage","url":"https:\/\/jorntrahus.se\/wp-content\/uploads\/2018\/01\/Kundrep-Familjen-\u00d6berg-kollage.jpg","contentUrl":"https:\/\/jorntrahus.se\/wp-content\/uploads\/2018\/01\/Kundrep-Familjen-\u00d6berg-kollage.jpg","width":1825,"height":1280},{"@type":"BreadcrumbList","@id":"https:\/\/jorntrahus.se\/inspiration\/familjen-obergs-fjallparla\/#breadcrumb","itemListElement":[{"@type":"ListItem","position":1,"name":"Hem","item":"https:\/\/jorntrahus.se\/"},{"@type":"ListItem","position":2,"name":"Familjen \u00d6bergs fj\u00e4llp\u00e4rla"}]},{"@type":"WebSite","@id":"https:\/\/jorntrahus.se\/#website","url":"https:\/\/jorntrahus.se\/","name":"J\u00f6rntr\u00e4hus","description":"Houses for the conscious","publisher":{"@id":"https:\/\/jorntrahus.se\/#organization"},"potentialAction":[{"@type":"SearchAction","target":{"@type":"EntryPoint","urlTemplate":"https:\/\/jorntrahus.se\/?s={search_term_string}"},"query-input":{"@type":"PropertyValueSpecification","valueRequired":true,"valueName":"search_term_string"}}],"inLanguage":"en-GB"},{"@type":"Organization","@id":"https:\/\/jorntrahus.se\/#organization","name":"J\u00f6rntr\u00e4hus","url":"https:\/\/jorntrahus.se\/","logo":{"@type":"ImageObject","inLanguage":"en-GB","@id":"https:\/\/jorntrahus.se\/#\/schema\/logo\/image\/","url":"https:\/\/jorntrahus.se\/wp-content\/uploads\/2020\/09\/Jorntrahus_Grund_CMYK.eps","contentUrl":"https:\/\/jorntrahus.se\/wp-content\/uploads\/2020\/09\/Jorntrahus_Grund_CMYK.eps","width":1,"height":1,"caption":"J\u00f6rntr\u00e4hus"},"image":{"@id":"https:\/\/jorntrahus.se\/#\/schema\/logo\/image\/"}},{"@type":"Person","@id":"https:\/\/jorntrahus.se\/#\/schema\/person\/1d486a26d13d4df455271c2f02f5ef5c","name":"J\u00f6rntr\u00e4hus","image":{"@type":"ImageObject","inLanguage":"en-GB","@id":"https:\/\/secure.gravatar.com\/avatar\/e9b8fcf3c4d64603cd3ec2eb8588179dabe6c74041e8c2a09d7ca9e0900a4ad3?s=96&d=mm&r=g","url":"https:\/\/secure.gravatar.com\/avatar\/e9b8fcf3c4d64603cd3ec2eb8588179dabe6c74041e8c2a09d7ca9e0900a4ad3?s=96&d=mm&r=g","contentUrl":"https:\/\/secure.gravatar.com\/avatar\/e9b8fcf3c4d64603cd3ec2eb8588179dabe6c74041e8c2a09d7ca9e0900a4ad3?s=96&d=mm&r=g","caption":"J\u00f6rntr\u00e4hus"},"sameAs":["https:\/\/jorntrahus.se"],"url":"https:\/\/jorntrahus.se\/en\/author\/jorntrahus\/"}]}},"publishpress_future_action":{"enabled":false,"date":"2026-05-08 05:21:43","action":"change-status","newStatus":"draft","terms":[],"taxonomy":"category","extraData":[]},"publishpress_future_workflow_manual_trigger":{"enabledWorkflows":[]},"_links":{"self":[{"href":"https:\/\/jorntrahus.se\/en\/wp-json\/wp\/v2\/posts\/7242","targetHints":{"allow":["GET"]}}],"collection":[{"href":"https:\/\/jorntrahus.se\/en\/wp-json\/wp\/v2\/posts"}],"about":[{"href":"https:\/\/jorntrahus.se\/en\/wp-json\/wp\/v2\/types\/post"}],"author":[{"embeddable":true,"href":"https:\/\/jorntrahus.se\/en\/wp-json\/wp\/v2\/users\/2"}],"replies":[{"embeddable":true,"href":"https:\/\/jorntrahus.se\/en\/wp-json\/wp\/v2\/comments?post=7242"}],"version-history":[{"count":8,"href":"https:\/\/jorntrahus.se\/en\/wp-json\/wp\/v2\/posts\/7242\/revisions"}],"predecessor-version":[{"id":7392,"href":"https:\/\/jorntrahus.se\/en\/wp-json\/wp\/v2\/posts\/7242\/revisions\/7392"}],"wp:featuredmedia":[{"embeddable":true,"href":"https:\/\/jorntrahus.se\/en\/wp-json\/wp\/v2\/media\/7244"}],"wp:attachment":[{"href":"https:\/\/jorntrahus.se\/en\/wp-json\/wp\/v2\/media?parent=7242"}],"wp:term":[{"taxonomy":"category","embeddable":true,"href":"https:\/\/jorntrahus.se\/en\/wp-json\/wp\/v2\/categories?post=7242"},{"taxonomy":"post_tag","embeddable":true,"href":"https:\/\/jorntrahus.se\/en\/wp-json\/wp\/v2\/tags?post=7242"}],"curies":[{"name":"wp","href":"https:\/\/api.w.org\/{rel}","templated":true}]}}