{"id":10261,"date":"2019-09-19T09:55:02","date_gmt":"2019-09-19T07:55:02","guid":{"rendered":"https:\/\/jorntrahus.se\/?p=10261"},"modified":"2022-03-17T15:41:31","modified_gmt":"2022-03-17T14:41:31","slug":"mielenkiintoinen-rakennusmatka-alderholmenilla","status":"publish","type":"post","link":"https:\/\/jorntrahus.se\/fi\/inspiration\/intressant-byggresa-pa-alderholmen\/","title":{"rendered":"Mielenkiintoinen rakennusmatka Alderholmenilla"},"content":{"rendered":"<div class=\"row\"  id=\"row-364597220\">\n\n\t<div id=\"col-666874990\" class=\"col small-12 large-12\"  >\n\t\t\t\t<div class=\"col-inner\"  >\n\t\t\t\n\t\t\t\n<h2>Asiakasraportti Bergsholmen L<\/h2>\n<h3><b>- J\u00e4lkik\u00e4teen ajateltuna emme kadu sit\u00e4, ett\u00e4 ajattelimme isosti ja investoimme rohkeasti, sill\u00e4 meill\u00e4 on nyt upea talo, sanoo 1TP1:n kaksi onnellista omistajaa Nicolina ja Per Bostr\u00f6m.<\/b><\/h3>\n<p>- Se, ett\u00e4 Bergsholmen oli ensimm\u00e4inen laatuaan, on luonnollisesti merkinnyt sit\u00e4, ett\u00e4 olemme itse olleet erityisen paljon mukana siin\u00e4, miten t\u00e4m\u00e4n kokoinen hirsitalo rakennetaan parhaiten, ja t\u00e4m\u00e4 on ollut todella j\u00e4nnitt\u00e4v\u00e4 ja mielenkiintoinen matka, jossa teoriat ja k\u00e4yt\u00e4nn\u00f6n ratkaisut ovat kulkeneet k\u00e4si k\u00e4dess\u00e4 koko prosessin ajan, Per sanoo.<\/p>\n<p>- \u201dUudesta kodistamme on rakentamisen aikana tullut kaupungin puheenaihe, ja monet ihmiset seuraavat meit\u00e4 my\u00f6s sosiaalisessa mediassa, mit\u00e4 olemme arvostaneet, sill\u00e4 olemme saaneet paljon tukea, kommentteja ja j\u00e4nnitt\u00e4vi\u00e4 kysymyksi\u00e4 matkan varrella\u201d, Per jatkaa.<\/p>\n<h4>Melkein ep\u00e4todellinen<\/h4>\n<p>- Her\u00e4\u00e4minen perheen kanssa ensimm\u00e4isen\u00e4 aamuna uudessa talossa oli aivan liian siisti\u00e4, melkein surrealistista, nyt asumme talossa, jossa aiomme asua ja jossa lapsemme saavat kasvaa juuri niin kuin kaksi vuotta sitten suunnittelimme, Nicolina toteaa.<\/p>\n<p>Seuraa perheen talonrakennusta Instagramissa <a href=\"https:\/\/www.instagram.com\/bostromsjorntrahus\" target=\"_blank\" rel=\"noopener noreferrer\">@bostromsjorntrahus<\/a><\/p>\n\t<div id=\"gap-1736769729\" class=\"gap-element clearfix\" style=\"display:block; height:auto;\">\n\t\t\n<style>\n#gap-1736769729 {\n  padding-top: 30px;\n}\n<\/style>\n\t<\/div>\n\t\n<div class=\"row align-middle align-center\"  id=\"row-186290081\">\n\n\t<div id=\"col-537430540\" class=\"col medium-4 small-12 large-4\"  >\n\t\t\t\t<div class=\"col-inner\"  >\n\t\t\t\n\t\t\t\n\t<div class=\"img has-hover x md-x lg-x y md-y lg-y\" id=\"image_24763264\">\n\t\t\t\t\t\t\t\t<div class=\"img-inner dark\" >\n\t\t\t<img loading=\"lazy\" decoding=\"async\" width=\"800\" height=\"800\" src=\"https:\/\/jorntrahus.se\/wp-content\/uploads\/2019\/09\/Kundreportage-Bergsholmen-Familjen-Bostr\u00f6m-2019-webb-26.jpg\" class=\"attachment-large size-large\" alt=\"Asiakasraportti loma-asunto hirsitalosarja Bergsholmen Familjen Bostr\u00f6m 2019\" srcset=\"https:\/\/jorntrahus.se\/wp-content\/uploads\/2019\/09\/Kundreportage-Bergsholmen-Familjen-Bostr\u00f6m-2019-webb-26.jpg 800w, https:\/\/jorntrahus.se\/wp-content\/uploads\/2019\/09\/Kundreportage-Bergsholmen-Familjen-Bostr\u00f6m-2019-webb-26-100x100.jpg 100w, https:\/\/jorntrahus.se\/wp-content\/uploads\/2019\/09\/Kundreportage-Bergsholmen-Familjen-Bostr\u00f6m-2019-webb-26-300x300.jpg 300w, https:\/\/jorntrahus.se\/wp-content\/uploads\/2019\/09\/Kundreportage-Bergsholmen-Familjen-Bostr\u00f6m-2019-webb-26-600x600.jpg 600w, https:\/\/jorntrahus.se\/wp-content\/uploads\/2019\/09\/Kundreportage-Bergsholmen-Familjen-Bostr\u00f6m-2019-webb-26-768x768.jpg 768w\" sizes=\"auto, (max-width: 800px) 100vw, 800px\" \/>\t\t\t\t\t\t\n\t\t\t\t\t<\/div>\n\t\t\t\t\t\t\t\t\n<style>\n#image_24763264 {\n  width: 100%;\n}\n<\/style>\n\t<\/div>\n\t\n\t\t<\/div>\n\t\t\t\t\t<\/div>\n\n\t\n\n\t<div id=\"col-480518435\" class=\"col medium-4 small-12 large-4\"  >\n\t\t\t\t<div class=\"col-inner\"  >\n\t\t\t\n\t\t\t\n\t<div class=\"img has-hover x md-x lg-x y md-y lg-y\" id=\"image_1916688602\">\n\t\t\t\t\t\t\t\t<div class=\"img-inner dark\" >\n\t\t\t<img loading=\"lazy\" decoding=\"async\" width=\"800\" height=\"800\" src=\"https:\/\/jorntrahus.se\/wp-content\/uploads\/2019\/09\/Kundreportage-Bergsholmen-Familjen-Bostr\u00f6m-2019-webb-25.jpg\" class=\"attachment-large size-large\" alt=\"Asiakasraportti loma-asunto hirsitalosarja Bergsholmen Familjen Bostr\u00f6m 2019\" srcset=\"https:\/\/jorntrahus.se\/wp-content\/uploads\/2019\/09\/Kundreportage-Bergsholmen-Familjen-Bostr\u00f6m-2019-webb-25.jpg 800w, https:\/\/jorntrahus.se\/wp-content\/uploads\/2019\/09\/Kundreportage-Bergsholmen-Familjen-Bostr\u00f6m-2019-webb-25-100x100.jpg 100w, https:\/\/jorntrahus.se\/wp-content\/uploads\/2019\/09\/Kundreportage-Bergsholmen-Familjen-Bostr\u00f6m-2019-webb-25-300x300.jpg 300w, https:\/\/jorntrahus.se\/wp-content\/uploads\/2019\/09\/Kundreportage-Bergsholmen-Familjen-Bostr\u00f6m-2019-webb-25-600x600.jpg 600w, https:\/\/jorntrahus.se\/wp-content\/uploads\/2019\/09\/Kundreportage-Bergsholmen-Familjen-Bostr\u00f6m-2019-webb-25-768x768.jpg 768w\" sizes=\"auto, (max-width: 800px) 100vw, 800px\" \/>\t\t\t\t\t\t\n\t\t\t\t\t<\/div>\n\t\t\t\t\t\t\t\t\n<style>\n#image_1916688602 {\n  width: 100%;\n}\n<\/style>\n\t<\/div>\n\t\n\t\t<\/div>\n\t\t\t\t\t<\/div>\n\n\t\n\n\t<div id=\"col-550346933\" class=\"col medium-4 small-12 large-4\"  >\n\t\t\t\t<div class=\"col-inner\"  >\n\t\t\t\n\t\t\t\n\t<div class=\"img has-hover x md-x lg-x y md-y lg-y\" id=\"image_1375682885\">\n\t\t\t\t\t\t\t\t<div class=\"img-inner dark\" >\n\t\t\t<img loading=\"lazy\" decoding=\"async\" width=\"800\" height=\"800\" src=\"https:\/\/jorntrahus.se\/wp-content\/uploads\/2019\/09\/Kundreportage-Bergsholmen-Familjen-Bostr\u00f6m-2019-webb-09.jpg\" class=\"attachment-large size-large\" alt=\"Asiakasraportti loma-asunto hirsitalosarja Bergsholmen Familjen Bostr\u00f6m 2019\" srcset=\"https:\/\/jorntrahus.se\/wp-content\/uploads\/2019\/09\/Kundreportage-Bergsholmen-Familjen-Bostr\u00f6m-2019-webb-09.jpg 800w, https:\/\/jorntrahus.se\/wp-content\/uploads\/2019\/09\/Kundreportage-Bergsholmen-Familjen-Bostr\u00f6m-2019-webb-09-100x100.jpg 100w, https:\/\/jorntrahus.se\/wp-content\/uploads\/2019\/09\/Kundreportage-Bergsholmen-Familjen-Bostr\u00f6m-2019-webb-09-300x300.jpg 300w, https:\/\/jorntrahus.se\/wp-content\/uploads\/2019\/09\/Kundreportage-Bergsholmen-Familjen-Bostr\u00f6m-2019-webb-09-600x600.jpg 600w, https:\/\/jorntrahus.se\/wp-content\/uploads\/2019\/09\/Kundreportage-Bergsholmen-Familjen-Bostr\u00f6m-2019-webb-09-768x768.jpg 768w\" sizes=\"auto, (max-width: 800px) 100vw, 800px\" \/>\t\t\t\t\t\t\n\t\t\t\t\t<\/div>\n\t\t\t\t\t\t\t\t\n<style>\n#image_1375682885 {\n  width: 100%;\n}\n<\/style>\n\t<\/div>\n\t\n\t\t<\/div>\n\t\t\t\t\t<\/div>\n\n\t\n<\/div>\n<div class=\"row align-middle align-center\"  id=\"row-1906752774\">\n\n\t<div id=\"col-488287573\" class=\"col medium-4 small-12 large-4\"  >\n\t\t\t\t<div class=\"col-inner\"  >\n\t\t\t\n\t\t\t\n\t<div class=\"img has-hover x md-x lg-x y md-y lg-y\" id=\"image_1147482796\">\n\t\t\t\t\t\t\t\t<div class=\"img-inner dark\" >\n\t\t\t<img loading=\"lazy\" decoding=\"async\" width=\"800\" height=\"800\" src=\"https:\/\/jorntrahus.se\/wp-content\/uploads\/2019\/09\/Kundreportage-Bergsholmen-Familjen-Bostr\u00f6m-2019-webb-05.jpg\" class=\"attachment-large size-large\" alt=\"Asiakasraportti rakentaa hirsitalopaketti Bergsholmen Familjen Bostr\u00f6m 2019\" srcset=\"https:\/\/jorntrahus.se\/wp-content\/uploads\/2019\/09\/Kundreportage-Bergsholmen-Familjen-Bostr\u00f6m-2019-webb-05.jpg 800w, https:\/\/jorntrahus.se\/wp-content\/uploads\/2019\/09\/Kundreportage-Bergsholmen-Familjen-Bostr\u00f6m-2019-webb-05-100x100.jpg 100w, https:\/\/jorntrahus.se\/wp-content\/uploads\/2019\/09\/Kundreportage-Bergsholmen-Familjen-Bostr\u00f6m-2019-webb-05-300x300.jpg 300w, https:\/\/jorntrahus.se\/wp-content\/uploads\/2019\/09\/Kundreportage-Bergsholmen-Familjen-Bostr\u00f6m-2019-webb-05-600x600.jpg 600w, https:\/\/jorntrahus.se\/wp-content\/uploads\/2019\/09\/Kundreportage-Bergsholmen-Familjen-Bostr\u00f6m-2019-webb-05-768x768.jpg 768w\" sizes=\"auto, (max-width: 800px) 100vw, 800px\" \/>\t\t\t\t\t\t\n\t\t\t\t\t<\/div>\n\t\t\t\t\t\t\t\t\n<style>\n#image_1147482796 {\n  width: 100%;\n}\n<\/style>\n\t<\/div>\n\t\n\t\t<\/div>\n\t\t\t\t\t<\/div>\n\n\t\n\n\t<div id=\"col-139816515\" class=\"col medium-4 small-12 large-4\"  >\n\t\t\t\t<div class=\"col-inner\"  >\n\t\t\t\n\t\t\t\n\t<div class=\"img has-hover x md-x lg-x y md-y lg-y\" id=\"image_297824184\">\n\t\t\t\t\t\t\t\t<div class=\"img-inner dark\" >\n\t\t\t<img loading=\"lazy\" decoding=\"async\" width=\"800\" height=\"800\" src=\"https:\/\/jorntrahus.se\/wp-content\/uploads\/2019\/09\/Kundreportage-Bergsholmen-Familjen-Bostr\u00f6m-2019-webb-19.jpg\" class=\"attachment-large size-large\" alt=\"Asiakasraportti loma-asunto hirsitalosarja Bergsholmen Familjen Bostr\u00f6m 2019\" srcset=\"https:\/\/jorntrahus.se\/wp-content\/uploads\/2019\/09\/Kundreportage-Bergsholmen-Familjen-Bostr\u00f6m-2019-webb-19.jpg 800w, https:\/\/jorntrahus.se\/wp-content\/uploads\/2019\/09\/Kundreportage-Bergsholmen-Familjen-Bostr\u00f6m-2019-webb-19-100x100.jpg 100w, https:\/\/jorntrahus.se\/wp-content\/uploads\/2019\/09\/Kundreportage-Bergsholmen-Familjen-Bostr\u00f6m-2019-webb-19-300x300.jpg 300w, https:\/\/jorntrahus.se\/wp-content\/uploads\/2019\/09\/Kundreportage-Bergsholmen-Familjen-Bostr\u00f6m-2019-webb-19-600x600.jpg 600w, https:\/\/jorntrahus.se\/wp-content\/uploads\/2019\/09\/Kundreportage-Bergsholmen-Familjen-Bostr\u00f6m-2019-webb-19-768x768.jpg 768w\" sizes=\"auto, (max-width: 800px) 100vw, 800px\" \/>\t\t\t\t\t\t\n\t\t\t\t\t<\/div>\n\t\t\t\t\t\t\t\t\n<style>\n#image_297824184 {\n  width: 100%;\n}\n<\/style>\n\t<\/div>\n\t\n\t\t<\/div>\n\t\t\t\t\t<\/div>\n\n\t\n\n\t<div id=\"col-584775106\" class=\"col medium-4 small-12 large-4\"  >\n\t\t\t\t<div class=\"col-inner\"  >\n\t\t\t\n\t\t\t\n\t<div class=\"img has-hover x md-x lg-x y md-y lg-y\" id=\"image_893085349\">\n\t\t\t\t\t\t\t\t<div class=\"img-inner dark\" >\n\t\t\t<img loading=\"lazy\" decoding=\"async\" width=\"800\" height=\"800\" src=\"https:\/\/jorntrahus.se\/wp-content\/uploads\/2019\/09\/Kundreportage-Bergsholmen-Familjen-Bostr\u00f6m-2019-webb-24.jpg\" class=\"attachment-large size-large\" alt=\"Timmerknut - Asiakasraportti loma-asunto hirsitalopaketti Bergsholmen Family Bostr\u00f6m 2019\" srcset=\"https:\/\/jorntrahus.se\/wp-content\/uploads\/2019\/09\/Kundreportage-Bergsholmen-Familjen-Bostr\u00f6m-2019-webb-24.jpg 800w, https:\/\/jorntrahus.se\/wp-content\/uploads\/2019\/09\/Kundreportage-Bergsholmen-Familjen-Bostr\u00f6m-2019-webb-24-100x100.jpg 100w, https:\/\/jorntrahus.se\/wp-content\/uploads\/2019\/09\/Kundreportage-Bergsholmen-Familjen-Bostr\u00f6m-2019-webb-24-300x300.jpg 300w, https:\/\/jorntrahus.se\/wp-content\/uploads\/2019\/09\/Kundreportage-Bergsholmen-Familjen-Bostr\u00f6m-2019-webb-24-600x600.jpg 600w, https:\/\/jorntrahus.se\/wp-content\/uploads\/2019\/09\/Kundreportage-Bergsholmen-Familjen-Bostr\u00f6m-2019-webb-24-768x768.jpg 768w\" sizes=\"auto, (max-width: 800px) 100vw, 800px\" \/>\t\t\t\t\t\t\n\t\t\t\t\t<\/div>\n\t\t\t\t\t\t\t\t\n<style>\n#image_893085349 {\n  width: 100%;\n}\n<\/style>\n\t<\/div>\n\t\n\t\t<\/div>\n\t\t\t\t\t<\/div>\n\n\t\n<\/div>\n<div class=\"row align-middle align-center\"  id=\"row-1104428588\">\n\n\t<div id=\"col-1948110914\" class=\"col medium-4 small-12 large-4\"  >\n\t\t\t\t<div class=\"col-inner\"  >\n\t\t\t\n\t\t\t\n\t<div class=\"img has-hover x md-x lg-x y md-y lg-y\" id=\"image_406766611\">\n\t\t\t\t\t\t\t\t<div class=\"img-inner dark\" >\n\t\t\t<img loading=\"lazy\" decoding=\"async\" width=\"800\" height=\"800\" src=\"https:\/\/jorntrahus.se\/wp-content\/uploads\/2019\/09\/Kundreportage-Bergsholmen-Familjen-Bostr\u00f6m-2019-webb-17.jpg\" class=\"attachment-large size-large\" alt=\"Asiakasraportti loma-asunto hirsitalosarja Bergsholmen Familjen Bostr\u00f6m 2019\" srcset=\"https:\/\/jorntrahus.se\/wp-content\/uploads\/2019\/09\/Kundreportage-Bergsholmen-Familjen-Bostr\u00f6m-2019-webb-17.jpg 800w, https:\/\/jorntrahus.se\/wp-content\/uploads\/2019\/09\/Kundreportage-Bergsholmen-Familjen-Bostr\u00f6m-2019-webb-17-100x100.jpg 100w, https:\/\/jorntrahus.se\/wp-content\/uploads\/2019\/09\/Kundreportage-Bergsholmen-Familjen-Bostr\u00f6m-2019-webb-17-300x300.jpg 300w, https:\/\/jorntrahus.se\/wp-content\/uploads\/2019\/09\/Kundreportage-Bergsholmen-Familjen-Bostr\u00f6m-2019-webb-17-600x600.jpg 600w, https:\/\/jorntrahus.se\/wp-content\/uploads\/2019\/09\/Kundreportage-Bergsholmen-Familjen-Bostr\u00f6m-2019-webb-17-768x768.jpg 768w\" sizes=\"auto, (max-width: 800px) 100vw, 800px\" \/>\t\t\t\t\t\t\n\t\t\t\t\t<\/div>\n\t\t\t\t\t\t\t\t\n<style>\n#image_406766611 {\n  width: 100%;\n}\n<\/style>\n\t<\/div>\n\t\n\t\t<\/div>\n\t\t\t\t\t<\/div>\n\n\t\n\n\t<div id=\"col-401940790\" class=\"col medium-4 small-12 large-4\"  >\n\t\t\t\t<div class=\"col-inner\"  >\n\t\t\t\n\t\t\t\n\t<div class=\"img has-hover x md-x lg-x y md-y lg-y\" id=\"image_1248429395\">\n\t\t\t\t\t\t\t\t<div class=\"img-inner dark\" >\n\t\t\t<img loading=\"lazy\" decoding=\"async\" width=\"800\" height=\"800\" src=\"https:\/\/jorntrahus.se\/wp-content\/uploads\/2019\/09\/Kundreportage-Bergsholmen-Familjen-Bostr\u00f6m-2019-webb-07.jpg\" class=\"attachment-large size-large\" alt=\"Asiakasraportti rakentaa hirsitalopaketti Bergsholmen Familjen Bostr\u00f6m 2019\" srcset=\"https:\/\/jorntrahus.se\/wp-content\/uploads\/2019\/09\/Kundreportage-Bergsholmen-Familjen-Bostr\u00f6m-2019-webb-07.jpg 800w, https:\/\/jorntrahus.se\/wp-content\/uploads\/2019\/09\/Kundreportage-Bergsholmen-Familjen-Bostr\u00f6m-2019-webb-07-100x100.jpg 100w, https:\/\/jorntrahus.se\/wp-content\/uploads\/2019\/09\/Kundreportage-Bergsholmen-Familjen-Bostr\u00f6m-2019-webb-07-300x300.jpg 300w, https:\/\/jorntrahus.se\/wp-content\/uploads\/2019\/09\/Kundreportage-Bergsholmen-Familjen-Bostr\u00f6m-2019-webb-07-600x600.jpg 600w, https:\/\/jorntrahus.se\/wp-content\/uploads\/2019\/09\/Kundreportage-Bergsholmen-Familjen-Bostr\u00f6m-2019-webb-07-768x768.jpg 768w\" sizes=\"auto, (max-width: 800px) 100vw, 800px\" \/>\t\t\t\t\t\t\n\t\t\t\t\t<\/div>\n\t\t\t\t\t\t\t\t\n<style>\n#image_1248429395 {\n  width: 100%;\n}\n<\/style>\n\t<\/div>\n\t\n\t\t<\/div>\n\t\t\t\t\t<\/div>\n\n\t\n\n\t<div id=\"col-1931156287\" class=\"col medium-4 small-12 large-4\"  >\n\t\t\t\t<div class=\"col-inner\"  >\n\t\t\t\n\t\t\t\n\t<div class=\"img has-hover x md-x lg-x y md-y lg-y\" id=\"image_2092914804\">\n\t\t\t\t\t\t\t\t<div class=\"img-inner dark\" >\n\t\t\t<img loading=\"lazy\" decoding=\"async\" width=\"800\" height=\"800\" src=\"https:\/\/jorntrahus.se\/wp-content\/uploads\/2019\/09\/Kundreportage-Bergsholmen-Familjen-Bostr\u00f6m-2019-webb-22.jpg\" class=\"attachment-large size-large\" alt=\"Asiakasraportti loma-asunto hirsitalosarja Bergsholmen Familjen Bostr\u00f6m 2019\" srcset=\"https:\/\/jorntrahus.se\/wp-content\/uploads\/2019\/09\/Kundreportage-Bergsholmen-Familjen-Bostr\u00f6m-2019-webb-22.jpg 800w, https:\/\/jorntrahus.se\/wp-content\/uploads\/2019\/09\/Kundreportage-Bergsholmen-Familjen-Bostr\u00f6m-2019-webb-22-100x100.jpg 100w, https:\/\/jorntrahus.se\/wp-content\/uploads\/2019\/09\/Kundreportage-Bergsholmen-Familjen-Bostr\u00f6m-2019-webb-22-300x300.jpg 300w, https:\/\/jorntrahus.se\/wp-content\/uploads\/2019\/09\/Kundreportage-Bergsholmen-Familjen-Bostr\u00f6m-2019-webb-22-600x600.jpg 600w, https:\/\/jorntrahus.se\/wp-content\/uploads\/2019\/09\/Kundreportage-Bergsholmen-Familjen-Bostr\u00f6m-2019-webb-22-768x768.jpg 768w\" sizes=\"auto, (max-width: 800px) 100vw, 800px\" \/>\t\t\t\t\t\t\n\t\t\t\t\t<\/div>\n\t\t\t\t\t\t\t\t\n<style>\n#image_2092914804 {\n  width: 100%;\n}\n<\/style>\n\t<\/div>\n\t\n\t\t<\/div>\n\t\t\t\t\t<\/div>\n\n\t\n<\/div>\n\t<div id=\"gap-887135601\" class=\"gap-element clearfix\" style=\"display:block; height:auto;\">\n\t\t\n<style>\n#gap-887135601 {\n  padding-top: 60px;\n}\n<\/style>\n\t<\/div>\n\t\n<div class=\"row\"  id=\"row-733463932\">\n\n\t<div id=\"col-1718184768\" class=\"col medium-4 small-12 large-4\"  >\n\t\t\t\t<div class=\"col-inner\"  >\n\t\t\t\n\t\t\t\n<a href=\"\/fi\/inspiraatio\/nicolina-ja-pers-rakennusmatka\/\" class=\"button primary is-outline expand\" >\n\t\t<span>Reportaasi osa 1<\/span>\n\t<\/a>\n\n\t\t<\/div>\n\t\t\t\t\t<\/div>\n\n\t\n\n\t<div id=\"col-1776049086\" class=\"col medium-4 small-12 large-4\"  >\n\t\t\t\t<div class=\"col-inner\"  >\n\t\t\t\n\t\t\t\n<a href=\"\/fi\/talomalli\/bergsholmen-l\/\" class=\"button primary is-outline expand\" >\n\t\t<span>Lis\u00e4tietoja Bergsholmenista<\/span>\n\t<\/a>\n\n\t\t<\/div>\n\t\t\t\t\t<\/div>\n\n\t\n\n\t<div id=\"col-728988668\" class=\"col medium-4 small-12 large-4\"  >\n\t\t\t\t<div class=\"col-inner\"  >\n\t\t\t\n\t\t\t\n<a href=\"\/fi\/inspiraatio\/\" class=\"button primary is-outline expand\" >\n\t\t<span>Lis\u00e4\u00e4 asiakastarinoita<\/span>\n\t<\/a>\n\n\t\t<\/div>\n\t\t\t\t\t<\/div>\n\n\t\n<\/div>\n\t<div id=\"gap-1744230040\" class=\"gap-element clearfix\" style=\"display:block; height:auto;\">\n\t\t\n<style>\n#gap-1744230040 {\n  padding-top: 30px;\n}\n<\/style>\n\t<\/div>\n\t\n\t<div class=\"box has-hover   has-hover box-text-bottom\" >\n\n\t\t<div class=\"box-image\" >\n\t\t\t\t\t\t<div class=\"\" >\n\t\t\t\t<img loading=\"lazy\" decoding=\"async\" width=\"1500\" height=\"1000\" src=\"https:\/\/jorntrahus.se\/wp-content\/uploads\/2017\/12\/Bergsholmen-L-3D.jpg\" class=\"attachment- size-\" alt=\"\" srcset=\"https:\/\/jorntrahus.se\/wp-content\/uploads\/2017\/12\/Bergsholmen-L-3D.jpg 1500w, https:\/\/jorntrahus.se\/wp-content\/uploads\/2017\/12\/Bergsholmen-L-3D-600x400.jpg 600w, https:\/\/jorntrahus.se\/wp-content\/uploads\/2017\/12\/Bergsholmen-L-3D-900x600.jpg 900w, https:\/\/jorntrahus.se\/wp-content\/uploads\/2017\/12\/Bergsholmen-L-3D-768x512.jpg 768w, https:\/\/jorntrahus.se\/wp-content\/uploads\/2017\/12\/Bergsholmen-L-3D-1200x800.jpg 1200w\" sizes=\"auto, (max-width: 1500px) 100vw, 1500px\" \/>\t\t\t\t\t\t\t\t\t\t\t<\/div>\n\t\t\t\t\t<\/div>\n\n\t\t<div class=\"box-text text-center\" >\n\t\t\t<div class=\"box-text-inner\">\n\t\t\t\t\n<h4>Bergsholmenin talon malli<\/h4>\n<p>Bostr\u00f6min perhe perusti r\u00e4\u00e4t\u00e4l\u00f6idyn talonsa t\u00e4h\u00e4n malliin.<\/p>\n\t\t\t<\/div>\n\t\t<\/div>\n\t<\/div>\n\t\n\t\t<\/div>\n\t\t\t\t\t<\/div>\n\n\t\n<\/div>","protected":false},"excerpt":{"rendered":"<p>- J\u00e4lkik\u00e4teen ajateltuna emme kadu sit\u00e4, ett\u00e4 ajattelimme isosti ja investoimme rohkeasti, sill\u00e4 meill\u00e4 on nyt upea talo, sanoo 1TP1:n kaksi onnellista omistajaa Nicolina ja Per Bostr\u00f6m.<\/p>","protected":false},"author":2,"featured_media":11345,"comment_status":"closed","ping_status":"closed","sticky":false,"template":"","format":"standard","meta":{"footnotes":""},"categories":[611],"tags":[1064,1046,1066,479],"class_list":["post-10261","post","type-post","status-publish","format-standard","has-post-thumbnail","hentry","category-inspiration","tag-bergsholmen-l","tag-kundanpassning","tag-kundreportage","tag-timmerhus"],"yoast_head":"<!-- This site is optimized with the Yoast SEO plugin v27.2 - https:\/\/yoast.com\/product\/yoast-seo-wordpress\/ -->\n<title>Intressant byggresa p\u00e5 Alderholmen - J\u00f6rntr\u00e4hus<\/title>\n<meta name=\"robots\" content=\"index, follow, max-snippet:-1, max-image-preview:large, max-video-preview:-1\" \/>\n<link rel=\"canonical\" href=\"https:\/\/jorntrahus.se\/fi\/inspiraatio\/mielenkiintoinen-rakennusmatka-alderholmenilla\/\" \/>\n<meta property=\"og:locale\" content=\"fi_FI\" \/>\n<meta property=\"og:type\" content=\"article\" \/>\n<meta property=\"og:title\" content=\"Intressant byggresa p\u00e5 Alderholmen - J\u00f6rntr\u00e4hus\" \/>\n<meta property=\"og:description\" content=\"\u2013 Med facit i hand s\u00e5 \u00e5ngrar vi inte att vi t\u00e4nkte stort och satsade friskt, vi har f\u00e5tt ett fantastiskt hus helt enkelt, s\u00e4ger de tv\u00e5 glada J\u00f6rntr\u00e4hus\u00e4garna Nicolina och Per Bostr\u00f6m.\" \/>\n<meta property=\"og:url\" content=\"https:\/\/jorntrahus.se\/fi\/inspiraatio\/mielenkiintoinen-rakennusmatka-alderholmenilla\/\" \/>\n<meta property=\"og:site_name\" content=\"J\u00f6rntr\u00e4hus\" \/>\n<meta property=\"article:published_time\" content=\"2019-09-19T07:55:02+00:00\" \/>\n<meta property=\"article:modified_time\" content=\"2022-03-17T14:41:31+00:00\" \/>\n<meta property=\"og:image\" content=\"https:\/\/jorntrahus.se\/wp-content\/uploads\/2019\/09\/Kundreportage-Bostr\u00f6ms-Bergsholmen-2019-01-webb-ver2-scaled.jpg\" \/>\n\t<meta property=\"og:image:width\" content=\"2560\" \/>\n\t<meta property=\"og:image:height\" content=\"1826\" \/>\n\t<meta property=\"og:image:type\" content=\"image\/jpeg\" \/>\n<meta name=\"author\" content=\"J\u00f6rntr\u00e4hus\" \/>\n<meta name=\"twitter:card\" content=\"summary_large_image\" \/>\n<meta name=\"twitter:label1\" content=\"Kirjoittanut\" \/>\n\t<meta name=\"twitter:data1\" content=\"J\u00f6rntr\u00e4hus\" \/>\n\t<meta name=\"twitter:label2\" content=\"Arvioitu lukuaika\" \/>\n\t<meta name=\"twitter:data2\" content=\"2 minuuttia\" \/>\n<script type=\"application\/ld+json\" class=\"yoast-schema-graph\">{\"@context\":\"https:\/\/schema.org\",\"@graph\":[{\"@type\":\"Article\",\"@id\":\"https:\/\/jorntrahus.se\/inspiration\/intressant-byggresa-pa-alderholmen\/#article\",\"isPartOf\":{\"@id\":\"https:\/\/jorntrahus.se\/inspiration\/intressant-byggresa-pa-alderholmen\/\"},\"author\":{\"name\":\"J\u00f6rntr\u00e4hus\",\"@id\":\"https:\/\/jorntrahus.se\/#\/schema\/person\/1d486a26d13d4df455271c2f02f5ef5c\"},\"headline\":\"Intressant byggresa p\u00e5 Alderholmen\",\"datePublished\":\"2019-09-19T07:55:02+00:00\",\"dateModified\":\"2022-03-17T14:41:31+00:00\",\"mainEntityOfPage\":{\"@id\":\"https:\/\/jorntrahus.se\/inspiration\/intressant-byggresa-pa-alderholmen\/\"},\"wordCount\":434,\"publisher\":{\"@id\":\"https:\/\/jorntrahus.se\/#organization\"},\"image\":{\"@id\":\"https:\/\/jorntrahus.se\/inspiration\/intressant-byggresa-pa-alderholmen\/#primaryimage\"},\"thumbnailUrl\":\"https:\/\/jorntrahus.se\/wp-content\/uploads\/2019\/09\/Kundreportage-Bostr\u00f6ms-Bergsholmen-2019-01-webb-ver2-scaled.jpg\",\"keywords\":[\"Bergsholmen L\",\"kundanpassning\",\"kundreportage\",\"timmerhus\"],\"articleSection\":[\"Inspiration\"],\"inLanguage\":\"fi\"},{\"@type\":\"WebPage\",\"@id\":\"https:\/\/jorntrahus.se\/inspiration\/intressant-byggresa-pa-alderholmen\/\",\"url\":\"https:\/\/jorntrahus.se\/inspiration\/intressant-byggresa-pa-alderholmen\/\",\"name\":\"Intressant byggresa p\u00e5 Alderholmen - J\u00f6rntr\u00e4hus\",\"isPartOf\":{\"@id\":\"https:\/\/jorntrahus.se\/#website\"},\"primaryImageOfPage\":{\"@id\":\"https:\/\/jorntrahus.se\/inspiration\/intressant-byggresa-pa-alderholmen\/#primaryimage\"},\"image\":{\"@id\":\"https:\/\/jorntrahus.se\/inspiration\/intressant-byggresa-pa-alderholmen\/#primaryimage\"},\"thumbnailUrl\":\"https:\/\/jorntrahus.se\/wp-content\/uploads\/2019\/09\/Kundreportage-Bostr\u00f6ms-Bergsholmen-2019-01-webb-ver2-scaled.jpg\",\"datePublished\":\"2019-09-19T07:55:02+00:00\",\"dateModified\":\"2022-03-17T14:41:31+00:00\",\"breadcrumb\":{\"@id\":\"https:\/\/jorntrahus.se\/inspiration\/intressant-byggresa-pa-alderholmen\/#breadcrumb\"},\"inLanguage\":\"fi\",\"potentialAction\":[{\"@type\":\"ReadAction\",\"target\":[\"https:\/\/jorntrahus.se\/inspiration\/intressant-byggresa-pa-alderholmen\/\"]}]},{\"@type\":\"ImageObject\",\"inLanguage\":\"fi\",\"@id\":\"https:\/\/jorntrahus.se\/inspiration\/intressant-byggresa-pa-alderholmen\/#primaryimage\",\"url\":\"https:\/\/jorntrahus.se\/wp-content\/uploads\/2019\/09\/Kundreportage-Bostr\u00f6ms-Bergsholmen-2019-01-webb-ver2-scaled.jpg\",\"contentUrl\":\"https:\/\/jorntrahus.se\/wp-content\/uploads\/2019\/09\/Kundreportage-Bostr\u00f6ms-Bergsholmen-2019-01-webb-ver2-scaled.jpg\",\"width\":2560,\"height\":1826,\"caption\":\"Kundreportage Familjen Bostr\u00f6ms timmerhus Bergsholmen - reportage 2019\"},{\"@type\":\"BreadcrumbList\",\"@id\":\"https:\/\/jorntrahus.se\/inspiration\/intressant-byggresa-pa-alderholmen\/#breadcrumb\",\"itemListElement\":[{\"@type\":\"ListItem\",\"position\":1,\"name\":\"Hem\",\"item\":\"https:\/\/jorntrahus.se\/\"},{\"@type\":\"ListItem\",\"position\":2,\"name\":\"Intressant byggresa p\u00e5 Alderholmen\"}]},{\"@type\":\"WebSite\",\"@id\":\"https:\/\/jorntrahus.se\/#website\",\"url\":\"https:\/\/jorntrahus.se\/\",\"name\":\"J\u00f6rntr\u00e4hus\",\"description\":\"Hus f\u00f6r den medvetne\",\"publisher\":{\"@id\":\"https:\/\/jorntrahus.se\/#organization\"},\"potentialAction\":[{\"@type\":\"SearchAction\",\"target\":{\"@type\":\"EntryPoint\",\"urlTemplate\":\"https:\/\/jorntrahus.se\/?s={search_term_string}\"},\"query-input\":{\"@type\":\"PropertyValueSpecification\",\"valueRequired\":true,\"valueName\":\"search_term_string\"}}],\"inLanguage\":\"fi\"},{\"@type\":\"Organization\",\"@id\":\"https:\/\/jorntrahus.se\/#organization\",\"name\":\"J\u00f6rntr\u00e4hus\",\"url\":\"https:\/\/jorntrahus.se\/\",\"logo\":{\"@type\":\"ImageObject\",\"inLanguage\":\"fi\",\"@id\":\"https:\/\/jorntrahus.se\/#\/schema\/logo\/image\/\",\"url\":\"https:\/\/jorntrahus.se\/wp-content\/uploads\/2020\/09\/Jorntrahus_Grund_CMYK.eps\",\"contentUrl\":\"https:\/\/jorntrahus.se\/wp-content\/uploads\/2020\/09\/Jorntrahus_Grund_CMYK.eps\",\"width\":1,\"height\":1,\"caption\":\"J\u00f6rntr\u00e4hus\"},\"image\":{\"@id\":\"https:\/\/jorntrahus.se\/#\/schema\/logo\/image\/\"}},{\"@type\":\"Person\",\"@id\":\"https:\/\/jorntrahus.se\/#\/schema\/person\/1d486a26d13d4df455271c2f02f5ef5c\",\"name\":\"J\u00f6rntr\u00e4hus\",\"image\":{\"@type\":\"ImageObject\",\"inLanguage\":\"fi\",\"@id\":\"https:\/\/secure.gravatar.com\/avatar\/e9b8fcf3c4d64603cd3ec2eb8588179dabe6c74041e8c2a09d7ca9e0900a4ad3?s=96&d=mm&r=g\",\"url\":\"https:\/\/secure.gravatar.com\/avatar\/e9b8fcf3c4d64603cd3ec2eb8588179dabe6c74041e8c2a09d7ca9e0900a4ad3?s=96&d=mm&r=g\",\"contentUrl\":\"https:\/\/secure.gravatar.com\/avatar\/e9b8fcf3c4d64603cd3ec2eb8588179dabe6c74041e8c2a09d7ca9e0900a4ad3?s=96&d=mm&r=g\",\"caption\":\"J\u00f6rntr\u00e4hus\"},\"sameAs\":[\"https:\/\/jorntrahus.se\"],\"url\":\"https:\/\/jorntrahus.se\/fi\/author\/jorntrahus\/\"}]}<\/script>\n<!-- \/ Yoast SEO plugin. -->","yoast_head_json":{"title":"Mielenkiintoinen rakennusmatka Alderholmenilla - J\u00f6rntr\u00e4hus","robots":{"index":"index","follow":"follow","max-snippet":"max-snippet:-1","max-image-preview":"max-image-preview:large","max-video-preview":"max-video-preview:-1"},"canonical":"https:\/\/jorntrahus.se\/fi\/inspiraatio\/mielenkiintoinen-rakennusmatka-alderholmenilla\/","og_locale":"fi_FI","og_type":"article","og_title":"Intressant byggresa p\u00e5 Alderholmen - J\u00f6rntr\u00e4hus","og_description":"\u2013 Med facit i hand s\u00e5 \u00e5ngrar vi inte att vi t\u00e4nkte stort och satsade friskt, vi har f\u00e5tt ett fantastiskt hus helt enkelt, s\u00e4ger de tv\u00e5 glada J\u00f6rntr\u00e4hus\u00e4garna Nicolina och Per Bostr\u00f6m.","og_url":"https:\/\/jorntrahus.se\/fi\/inspiraatio\/mielenkiintoinen-rakennusmatka-alderholmenilla\/","og_site_name":"J\u00f6rntr\u00e4hus","article_published_time":"2019-09-19T07:55:02+00:00","article_modified_time":"2022-03-17T14:41:31+00:00","og_image":[{"width":2560,"height":1826,"url":"https:\/\/jorntrahus.se\/wp-content\/uploads\/2019\/09\/Kundreportage-Bostr\u00f6ms-Bergsholmen-2019-01-webb-ver2-scaled.jpg","type":"image\/jpeg"}],"author":"J\u00f6rntr\u00e4hus","twitter_card":"summary_large_image","twitter_misc":{"Kirjoittanut":"J\u00f6rntr\u00e4hus","Arvioitu lukuaika":"2 minuuttia"},"schema":{"@context":"https:\/\/schema.org","@graph":[{"@type":"Article","@id":"https:\/\/jorntrahus.se\/inspiration\/intressant-byggresa-pa-alderholmen\/#article","isPartOf":{"@id":"https:\/\/jorntrahus.se\/inspiration\/intressant-byggresa-pa-alderholmen\/"},"author":{"name":"J\u00f6rntr\u00e4hus","@id":"https:\/\/jorntrahus.se\/#\/schema\/person\/1d486a26d13d4df455271c2f02f5ef5c"},"headline":"Intressant byggresa p\u00e5 Alderholmen","datePublished":"2019-09-19T07:55:02+00:00","dateModified":"2022-03-17T14:41:31+00:00","mainEntityOfPage":{"@id":"https:\/\/jorntrahus.se\/inspiration\/intressant-byggresa-pa-alderholmen\/"},"wordCount":434,"publisher":{"@id":"https:\/\/jorntrahus.se\/#organization"},"image":{"@id":"https:\/\/jorntrahus.se\/inspiration\/intressant-byggresa-pa-alderholmen\/#primaryimage"},"thumbnailUrl":"https:\/\/jorntrahus.se\/wp-content\/uploads\/2019\/09\/Kundreportage-Bostr\u00f6ms-Bergsholmen-2019-01-webb-ver2-scaled.jpg","keywords":["Bergsholmen L","kundanpassning","kundreportage","timmerhus"],"articleSection":["Inspiration"],"inLanguage":"fi"},{"@type":"WebPage","@id":"https:\/\/jorntrahus.se\/inspiration\/intressant-byggresa-pa-alderholmen\/","url":"https:\/\/jorntrahus.se\/inspiration\/intressant-byggresa-pa-alderholmen\/","name":"Mielenkiintoinen rakennusmatka Alderholmenilla - J\u00f6rntr\u00e4hus","isPartOf":{"@id":"https:\/\/jorntrahus.se\/#website"},"primaryImageOfPage":{"@id":"https:\/\/jorntrahus.se\/inspiration\/intressant-byggresa-pa-alderholmen\/#primaryimage"},"image":{"@id":"https:\/\/jorntrahus.se\/inspiration\/intressant-byggresa-pa-alderholmen\/#primaryimage"},"thumbnailUrl":"https:\/\/jorntrahus.se\/wp-content\/uploads\/2019\/09\/Kundreportage-Bostr\u00f6ms-Bergsholmen-2019-01-webb-ver2-scaled.jpg","datePublished":"2019-09-19T07:55:02+00:00","dateModified":"2022-03-17T14:41:31+00:00","breadcrumb":{"@id":"https:\/\/jorntrahus.se\/inspiration\/intressant-byggresa-pa-alderholmen\/#breadcrumb"},"inLanguage":"fi","potentialAction":[{"@type":"ReadAction","target":["https:\/\/jorntrahus.se\/inspiration\/intressant-byggresa-pa-alderholmen\/"]}]},{"@type":"ImageObject","inLanguage":"fi","@id":"https:\/\/jorntrahus.se\/inspiration\/intressant-byggresa-pa-alderholmen\/#primaryimage","url":"https:\/\/jorntrahus.se\/wp-content\/uploads\/2019\/09\/Kundreportage-Bostr\u00f6ms-Bergsholmen-2019-01-webb-ver2-scaled.jpg","contentUrl":"https:\/\/jorntrahus.se\/wp-content\/uploads\/2019\/09\/Kundreportage-Bostr\u00f6ms-Bergsholmen-2019-01-webb-ver2-scaled.jpg","width":2560,"height":1826,"caption":"Kundreportage Familjen Bostr\u00f6ms timmerhus Bergsholmen - reportage 2019"},{"@type":"BreadcrumbList","@id":"https:\/\/jorntrahus.se\/inspiration\/intressant-byggresa-pa-alderholmen\/#breadcrumb","itemListElement":[{"@type":"ListItem","position":1,"name":"Hem","item":"https:\/\/jorntrahus.se\/"},{"@type":"ListItem","position":2,"name":"Intressant byggresa p\u00e5 Alderholmen"}]},{"@type":"WebSite","@id":"https:\/\/jorntrahus.se\/#website","url":"https:\/\/jorntrahus.se\/","name":"J\u00f6rntr\u00e4hus","description":"Talot tietoisille","publisher":{"@id":"https:\/\/jorntrahus.se\/#organization"},"potentialAction":[{"@type":"SearchAction","target":{"@type":"EntryPoint","urlTemplate":"https:\/\/jorntrahus.se\/?s={search_term_string}"},"query-input":{"@type":"PropertyValueSpecification","valueRequired":true,"valueName":"search_term_string"}}],"inLanguage":"fi"},{"@type":"Organization","@id":"https:\/\/jorntrahus.se\/#organization","name":"J\u00f6rntr\u00e4hus","url":"https:\/\/jorntrahus.se\/","logo":{"@type":"ImageObject","inLanguage":"fi","@id":"https:\/\/jorntrahus.se\/#\/schema\/logo\/image\/","url":"https:\/\/jorntrahus.se\/wp-content\/uploads\/2020\/09\/Jorntrahus_Grund_CMYK.eps","contentUrl":"https:\/\/jorntrahus.se\/wp-content\/uploads\/2020\/09\/Jorntrahus_Grund_CMYK.eps","width":1,"height":1,"caption":"J\u00f6rntr\u00e4hus"},"image":{"@id":"https:\/\/jorntrahus.se\/#\/schema\/logo\/image\/"}},{"@type":"Person","@id":"https:\/\/jorntrahus.se\/#\/schema\/person\/1d486a26d13d4df455271c2f02f5ef5c","name":"J\u00f6rntr\u00e4hus","image":{"@type":"ImageObject","inLanguage":"fi","@id":"https:\/\/secure.gravatar.com\/avatar\/e9b8fcf3c4d64603cd3ec2eb8588179dabe6c74041e8c2a09d7ca9e0900a4ad3?s=96&d=mm&r=g","url":"https:\/\/secure.gravatar.com\/avatar\/e9b8fcf3c4d64603cd3ec2eb8588179dabe6c74041e8c2a09d7ca9e0900a4ad3?s=96&d=mm&r=g","contentUrl":"https:\/\/secure.gravatar.com\/avatar\/e9b8fcf3c4d64603cd3ec2eb8588179dabe6c74041e8c2a09d7ca9e0900a4ad3?s=96&d=mm&r=g","caption":"J\u00f6rntr\u00e4hus"},"sameAs":["https:\/\/jorntrahus.se"],"url":"https:\/\/jorntrahus.se\/fi\/author\/jorntrahus\/"}]}},"publishpress_future_action":{"enabled":false,"date":"2026-05-05 01:16:38","action":"change-status","newStatus":"draft","terms":[],"taxonomy":"category","extraData":[]},"publishpress_future_workflow_manual_trigger":{"enabledWorkflows":[]},"_links":{"self":[{"href":"https:\/\/jorntrahus.se\/fi\/wp-json\/wp\/v2\/posts\/10261","targetHints":{"allow":["GET"]}}],"collection":[{"href":"https:\/\/jorntrahus.se\/fi\/wp-json\/wp\/v2\/posts"}],"about":[{"href":"https:\/\/jorntrahus.se\/fi\/wp-json\/wp\/v2\/types\/post"}],"author":[{"embeddable":true,"href":"https:\/\/jorntrahus.se\/fi\/wp-json\/wp\/v2\/users\/2"}],"replies":[{"embeddable":true,"href":"https:\/\/jorntrahus.se\/fi\/wp-json\/wp\/v2\/comments?post=10261"}],"version-history":[{"count":11,"href":"https:\/\/jorntrahus.se\/fi\/wp-json\/wp\/v2\/posts\/10261\/revisions"}],"predecessor-version":[{"id":11380,"href":"https:\/\/jorntrahus.se\/fi\/wp-json\/wp\/v2\/posts\/10261\/revisions\/11380"}],"wp:featuredmedia":[{"embeddable":true,"href":"https:\/\/jorntrahus.se\/fi\/wp-json\/wp\/v2\/media\/11345"}],"wp:attachment":[{"href":"https:\/\/jorntrahus.se\/fi\/wp-json\/wp\/v2\/media?parent=10261"}],"wp:term":[{"taxonomy":"category","embeddable":true,"href":"https:\/\/jorntrahus.se\/fi\/wp-json\/wp\/v2\/categories?post=10261"},{"taxonomy":"post_tag","embeddable":true,"href":"https:\/\/jorntrahus.se\/fi\/wp-json\/wp\/v2\/tags?post=10261"}],"curies":[{"name":"wp","href":"https:\/\/api.w.org\/{rel}","templated":true}]}}