{"id":10281,"date":"2019-03-04T15:10:27","date_gmt":"2019-03-04T14:10:27","guid":{"rendered":"https:\/\/jorntrahus.se\/?p=10281"},"modified":"2022-03-17T15:41:42","modified_gmt":"2022-03-17T14:41:42","slug":"alpeilta-loma-asuntoihin-bruksvallarnassa-2","status":"publish","type":"post","link":"https:\/\/jorntrahus.se\/fi\/inspiration\/fran-alperna-till-fritidshus-i-bruksvallarna\/","title":{"rendered":"Alpeilta loma-asuntoihin Bruksvallarnassa"},"content":{"rendered":"<div class=\"row\"  id=\"row-914586849\">\n\n\t<div id=\"col-463488034\" class=\"col small-12 large-12\"  >\n\t\t\t\t<div class=\"col-inner\"  >\n\t\t\t\n\t\t\t\n<h2>Asiakasraportti Strycksele XL Loft<\/h2>\n<h3>- Se, ett\u00e4 p\u00e4\u00e4timme rakentaa loma-asuntomme Bruksvallarnaan, ei ollut lainkaan suunnitelmallista, meill\u00e4 ei ollut ajatuksia loma-asunnosta lainkaan\", Christian ja Ther\u00e9se Lindblad sanovat.<\/h3>\n<p>- \"Kun yst\u00e4v\u00e4mme pyysiv\u00e4t meit\u00e4 hiiht\u00e4m\u00e4\u00e4n Fun\u00e4sfj\u00e4llenin vuorille, se tuntui kaukaiselta matkalta Alppien hiihtoon, josta tavallisesti nautimme, mutta kokeilimme sit\u00e4 ja ihastuimme heti alueeseen ja sen mahdollisuuksiin\", Christian jatkaa.<\/p>\n<p>Talvella voit harrastaa vaellusta tai moottorikelkkailua ja kes\u00e4ll\u00e4 vaellusta tai maastopy\u00f6r\u00e4ily\u00e4, toisin sanoen hyv\u00e4 paikka niille, jotka haluavat aktiivista ulkoilmael\u00e4m\u00e4\u00e4.<\/p>\n<h4>UPEA SIJAINTI<\/h4>\n<p>Christian ja Ther\u00e9se Lindblad saivat vihjeen vapaasta tontista Bruksvallarnassa, k\u00e4viv\u00e4t paikan p\u00e4\u00e4ll\u00e4 ja kauppa tehtiin viikossa.<\/p>\n<p>- P\u00e4\u00e4t\u00f6s syntyi nopeasti sen j\u00e4lkeen, kun n\u00e4imme tontin ja sen upean sijainnin, eik\u00e4 p\u00e4\u00e4t\u00f6st\u00e4 todellakaan tarvinnut mietti\u00e4 pitk\u00e4\u00e4n\", Ther\u00e9se kertoo.<\/p>\n<p>Ei kuitenkaan ollut mit\u00e4\u00e4n k\u00e4sityst\u00e4 siit\u00e4, mik\u00e4 talo rakennettaisiin, ja ensimm\u00e4inen ajatus oli tilap\u00e4inen talo, jotta he voisivat aloittaa nopeasti, kun he voisivat \u201dtunnustella\u201d, mit\u00e4 tarpeita heill\u00e4 oli, ja varsinkin s\u00e4\u00e4st\u00e4\u00e4 ehk\u00e4 suurempaa uutta rakennusta varten.<\/p>\n<p>Ajatus hyl\u00e4ttiin, kun he yht\u00e4kki\u00e4 tajusivat, ett\u00e4 t\u00e4m\u00e4 viiv\u00e4stytt\u00e4isi p\u00e4\u00e4rakennuksen rakentamista useilla vuosilla - joten he alkoivat etsi\u00e4 sopivaa talomallia.<\/p>\n\t<div id=\"gap-1451111074\" class=\"gap-element clearfix\" style=\"display:block; height:auto;\">\n\t\t\n<style>\n#gap-1451111074 {\n  padding-top: 30px;\n}\n<\/style>\n\t<\/div>\n\t\n  <div class=\"banner-grid-wrapper\">\n  <div id=\"banner-grid-1860388060\" class=\"banner-grid row row-grid row-small\" data-packery-options=\"\">\n                      \n<div class=\"col grid-col large-6 grid-col-2-3\" ><div class=\"col-inner\">\n\t<div class=\"img has-hover x md-x lg-x y md-y lg-y\" id=\"image_64026433\">\n\t\t\t\t\t\t\t\t<div class=\"img-inner dark\" >\n\t\t\t<img loading=\"lazy\" decoding=\"async\" width=\"800\" height=\"1200\" src=\"https:\/\/jorntrahus.se\/wp-content\/uploads\/2019\/03\/Fritidshus-Strycksele-XL-Loft-husbyggsats-J\u00f6rntr\u00e4hus-Kundreportage-St\u00e4mmning-12-800x1200.jpg\" class=\"attachment-large size-large\" alt=\"Loma-asunto Strycksele XL Loft talon rakennussarja J\u00f6rntr\u00e4hus Asiakasraportti Tuning 12\" srcset=\"https:\/\/jorntrahus.se\/wp-content\/uploads\/2019\/03\/Fritidshus-Strycksele-XL-Loft-husbyggsats-J\u00f6rntr\u00e4hus-Kundreportage-St\u00e4mmning-12-800x1200.jpg 800w, https:\/\/jorntrahus.se\/wp-content\/uploads\/2019\/03\/Fritidshus-Strycksele-XL-Loft-husbyggsats-J\u00f6rntr\u00e4hus-Kundreportage-St\u00e4mmning-12-900x1350.jpg 900w, https:\/\/jorntrahus.se\/wp-content\/uploads\/2019\/03\/Fritidshus-Strycksele-XL-Loft-husbyggsats-J\u00f6rntr\u00e4hus-Kundreportage-St\u00e4mmning-12-400x600.jpg 400w, https:\/\/jorntrahus.se\/wp-content\/uploads\/2019\/03\/Fritidshus-Strycksele-XL-Loft-husbyggsats-J\u00f6rntr\u00e4hus-Kundreportage-St\u00e4mmning-12-768x1152.jpg 768w, https:\/\/jorntrahus.se\/wp-content\/uploads\/2019\/03\/Fritidshus-Strycksele-XL-Loft-husbyggsats-J\u00f6rntr\u00e4hus-Kundreportage-St\u00e4mmning-12-scaled.jpg 1707w\" sizes=\"auto, (max-width: 800px) 100vw, 800px\" \/>\t\t\t\t\t\t\n\t\t\t\t\t<\/div>\n\t\t\t\t\t\t\t\t\n<style>\n#image_64026433 {\n  width: 100%;\n}\n<\/style>\n\t<\/div>\n\t\n<\/div><\/div>\n<div class=\"col grid-col large-6 grid-col-1-2\" ><div class=\"col-inner\">\n\t<div class=\"img has-hover x md-x lg-x y md-y lg-y\" id=\"image_680628573\">\n\t\t\t\t\t\t\t\t<div class=\"img-inner dark\" >\n\t\t\t<img loading=\"lazy\" decoding=\"async\" width=\"1020\" height=\"680\" src=\"https:\/\/jorntrahus.se\/wp-content\/uploads\/2019\/03\/Fritidshus-Strycksele-XL-Loft-husbyggsats-J\u00f6rntr\u00e4hus-Kundreportage-Byggnation-6-1200x800.jpg\" class=\"attachment-large size-large\" alt=\"Loma-asunto Strycksele XL Loft house kit J\u00f6rntr\u00e4hus Asiakasraportti Rakentaminen 6\" srcset=\"https:\/\/jorntrahus.se\/wp-content\/uploads\/2019\/03\/Fritidshus-Strycksele-XL-Loft-husbyggsats-J\u00f6rntr\u00e4hus-Kundreportage-Byggnation-6-1200x800.jpg 1200w, https:\/\/jorntrahus.se\/wp-content\/uploads\/2019\/03\/Fritidshus-Strycksele-XL-Loft-husbyggsats-J\u00f6rntr\u00e4hus-Kundreportage-Byggnation-6-600x400.jpg 600w, https:\/\/jorntrahus.se\/wp-content\/uploads\/2019\/03\/Fritidshus-Strycksele-XL-Loft-husbyggsats-J\u00f6rntr\u00e4hus-Kundreportage-Byggnation-6-900x600.jpg 900w, https:\/\/jorntrahus.se\/wp-content\/uploads\/2019\/03\/Fritidshus-Strycksele-XL-Loft-husbyggsats-J\u00f6rntr\u00e4hus-Kundreportage-Byggnation-6-768x512.jpg 768w\" sizes=\"auto, (max-width: 1020px) 100vw, 1020px\" \/>\t\t\t\t\t\t\n\t\t\t\t\t<\/div>\n\t\t\t\t\t\t\t\t\n<style>\n#image_680628573 {\n  width: 100%;\n}\n<\/style>\n\t<\/div>\n\t\n<\/div><\/div>\n<div class=\"col grid-col large-3 grid-col-1-2\" ><div class=\"col-inner\">\n\t<div class=\"img has-hover x md-x lg-x y md-y lg-y\" id=\"image_2115260943\">\n\t\t\t\t\t\t\t\t<div class=\"img-inner dark\" >\n\t\t\t<img loading=\"lazy\" decoding=\"async\" width=\"1020\" height=\"680\" src=\"https:\/\/jorntrahus.se\/wp-content\/uploads\/2019\/03\/Fritidshus-Strycksele-XL-Loft-husbyggsats-J\u00f6rntr\u00e4hus-Kundreportage-St\u00e4mmning-3-1200x800.jpg\" class=\"attachment-large size-large\" alt=\"Loma-asunto Strycksele XL Loft house kit J\u00f6rntr\u00e4hus Asiakasraportti Tuning 3\" srcset=\"https:\/\/jorntrahus.se\/wp-content\/uploads\/2019\/03\/Fritidshus-Strycksele-XL-Loft-husbyggsats-J\u00f6rntr\u00e4hus-Kundreportage-St\u00e4mmning-3-1200x800.jpg 1200w, https:\/\/jorntrahus.se\/wp-content\/uploads\/2019\/03\/Fritidshus-Strycksele-XL-Loft-husbyggsats-J\u00f6rntr\u00e4hus-Kundreportage-St\u00e4mmning-3-600x400.jpg 600w, https:\/\/jorntrahus.se\/wp-content\/uploads\/2019\/03\/Fritidshus-Strycksele-XL-Loft-husbyggsats-J\u00f6rntr\u00e4hus-Kundreportage-St\u00e4mmning-3-900x600.jpg 900w, https:\/\/jorntrahus.se\/wp-content\/uploads\/2019\/03\/Fritidshus-Strycksele-XL-Loft-husbyggsats-J\u00f6rntr\u00e4hus-Kundreportage-St\u00e4mmning-3-768x512.jpg 768w\" sizes=\"auto, (max-width: 1020px) 100vw, 1020px\" \/>\t\t\t\t\t\t\n\t\t\t\t\t<\/div>\n\t\t\t\t\t\t\t\t\n<style>\n#image_2115260943 {\n  width: 100%;\n}\n<\/style>\n\t<\/div>\n\t\n<\/div><\/div>\n<div class=\"col grid-col large-3 grid-col-1-2\" ><div class=\"col-inner\">\n\t<div class=\"img has-hover x md-x lg-x y md-y lg-y\" id=\"image_827708754\">\n\t\t\t\t\t\t\t\t<div class=\"img-inner dark\" >\n\t\t\t<img loading=\"lazy\" decoding=\"async\" width=\"1020\" height=\"765\" src=\"https:\/\/jorntrahus.se\/wp-content\/uploads\/2019\/03\/Fritidshus-Strycksele-XL-Loft-husbyggsats-J\u00f6rntr\u00e4hus-Kundreportage-St\u00e4mmning-6-1200x900.jpg\" class=\"attachment-large size-large\" alt=\"Loma-asunto Strycksele XL Loft talon rakennussarja J\u00f6rntr\u00e4hus Asiakasraportti Tuning 6\" srcset=\"https:\/\/jorntrahus.se\/wp-content\/uploads\/2019\/03\/Fritidshus-Strycksele-XL-Loft-husbyggsats-J\u00f6rntr\u00e4hus-Kundreportage-St\u00e4mmning-6-1200x900.jpg 1200w, https:\/\/jorntrahus.se\/wp-content\/uploads\/2019\/03\/Fritidshus-Strycksele-XL-Loft-husbyggsats-J\u00f6rntr\u00e4hus-Kundreportage-St\u00e4mmning-6-900x675.jpg 900w, https:\/\/jorntrahus.se\/wp-content\/uploads\/2019\/03\/Fritidshus-Strycksele-XL-Loft-husbyggsats-J\u00f6rntr\u00e4hus-Kundreportage-St\u00e4mmning-6-600x450.jpg 600w, https:\/\/jorntrahus.se\/wp-content\/uploads\/2019\/03\/Fritidshus-Strycksele-XL-Loft-husbyggsats-J\u00f6rntr\u00e4hus-Kundreportage-St\u00e4mmning-6-768x576.jpg 768w\" sizes=\"auto, (max-width: 1020px) 100vw, 1020px\" \/>\t\t\t\t\t\t\n\t\t\t\t\t<\/div>\n\t\t\t\t\t\t\t\t\n<style>\n#image_827708754 {\n  width: 100%;\n}\n<\/style>\n\t<\/div>\n\t\n<\/div><\/div>\n<div class=\"col grid-col large-6 grid-col-1-3\" ><div class=\"col-inner\">\n\t<div class=\"img has-hover x md-x lg-x y md-y lg-y\" id=\"image_613012846\">\n\t\t\t\t\t\t\t\t<div class=\"img-inner dark\" >\n\t\t\t<img loading=\"lazy\" decoding=\"async\" width=\"1020\" height=\"680\" src=\"https:\/\/jorntrahus.se\/wp-content\/uploads\/2019\/03\/Fritidshus-Strycksele-XL-Loft-husbyggsats-J\u00f6rntr\u00e4hus-Kundreportage-St\u00e4mmning-4-1200x800.jpg\" class=\"attachment-large size-large\" alt=\"Loma-asunto Strycksele XL Loft talon rakennussarja J\u00f6rntr\u00e4hus Asiakasraportti Tuning 4\" srcset=\"https:\/\/jorntrahus.se\/wp-content\/uploads\/2019\/03\/Fritidshus-Strycksele-XL-Loft-husbyggsats-J\u00f6rntr\u00e4hus-Kundreportage-St\u00e4mmning-4-1200x800.jpg 1200w, https:\/\/jorntrahus.se\/wp-content\/uploads\/2019\/03\/Fritidshus-Strycksele-XL-Loft-husbyggsats-J\u00f6rntr\u00e4hus-Kundreportage-St\u00e4mmning-4-600x400.jpg 600w, https:\/\/jorntrahus.se\/wp-content\/uploads\/2019\/03\/Fritidshus-Strycksele-XL-Loft-husbyggsats-J\u00f6rntr\u00e4hus-Kundreportage-St\u00e4mmning-4-900x600.jpg 900w, https:\/\/jorntrahus.se\/wp-content\/uploads\/2019\/03\/Fritidshus-Strycksele-XL-Loft-husbyggsats-J\u00f6rntr\u00e4hus-Kundreportage-St\u00e4mmning-4-768x512.jpg 768w\" sizes=\"auto, (max-width: 1020px) 100vw, 1020px\" \/>\t\t\t\t\t\t\n\t\t\t\t\t<\/div>\n\t\t\t\t\t\t\t\t\n<style>\n#image_613012846 {\n  width: 100%;\n}\n<\/style>\n\t<\/div>\n\t\n<\/div><\/div>\n            <\/div>\n    <style>\n    #banner-grid-1860388060 .grid-col-1{height: 600px}\n    #banner-grid-1860388060 .grid-col-1-2{height: 300px}\n    #banner-grid-1860388060 .grid-col-1-3{height:200px}\n    #banner-grid-1860388060 .grid-col-2-3{height: 400px}\n    #banner-grid-1860388060 .grid-col-1-4{height: 150px}\n    #banner-grid-1860388060 .grid-col-3-4{height: 450px}\n\n\n    \n    \n\n  <\/style>\n    <\/div>\n  \n\t<div id=\"gap-1238438121\" class=\"gap-element clearfix\" style=\"display:block; height:auto;\">\n\t\t\n<style>\n#gap-1238438121 {\n  padding-top: 30px;\n}\n<\/style>\n\t<\/div>\n\t\n<h4>KLASSINEN VUORISTOM\u00d6KKI<\/h4>\n<p>Valitsimme J\u00f6rntr\u00e4hus:n, koska sen ulkon\u00e4k\u00f6 ja mahdollisuus vaikuttaa talon suunnitteluun houkuttelivat meit\u00e4.<\/p>\n<p>- Se, ett\u00e4 saimme my\u00f6s eritt\u00e4in ammattitaitoisen ja sitoutuneen vastauksen J\u00f6rntr\u00e4hus:n edustajalta Owe Korsgrenilta, teki valinnasta helpon, Christian sanoo.<\/p>\n<blockquote><p>Strycksele oli malli, joka her\u00e4tti kiinnostuksemme heti.<\/p><\/blockquote>\n<p>- \"Strycksele oli malli, joka kiinnitti huomiomme heti, ja se, ett\u00e4 siirryimme sitten pienemm\u00e4st\u00e4 mallista suurempaan ja p\u00e4\u00e4dyimme lopulta suurimpaan, parvella varustettuun vaihtoehtoon, johtui luultavasti mahdollisuudesta tarjota perheelle ja matkustaville yst\u00e4ville useita lis\u00e4vuoteita ja kaksi suihkua\", Christian jatkaa.<\/p>\n<p>- \"Halusimme todella klassisen vuoristom\u00f6kin, joten p\u00e4\u00e4timme varustaa talomme veistetyill\u00e4 puupaneloinneilla ja massiivisilla oksilla, mutta et n\u00e4e, ett\u00e4 t\u00e4m\u00e4 on pohjimmiltaan harkoista rakennettu talo\", Lindbladin pariskunta selitt\u00e4\u00e4.<\/p>\n<p>Autenttisen tunnelman lis\u00e4\u00e4miseksi talon sis\u00e4tiloihin valittiin my\u00f6s veistetyt puupaneloinnit, jotka osoittautuivat hitiksi.<\/p>\n<h4>TEHNEET PALJON ITSE<\/h4>\n<p>- \"Teimme suuren osan sis\u00e4t\u00f6ist\u00e4 itse, kuten karkean puuverhoilun maalaamisen ja lasittamisen, mik\u00e4 vei aikaa, mutta nyt olemme mielest\u00e4mme eritt\u00e4in hyvi\u00e4 siin\u00e4\", Ther\u00e9se sanoo.<\/p>\n<p>Talo loistaa valkoisena ja kutsuvana siell\u00e4, miss\u00e4 se seisoo vuorenrinteell\u00e4 - mutta v\u00e4ri vaihtuu pian. Tehtaalta toimitetut sarjat toimitetaan valkoisina, mutta jo kev\u00e4\u00e4ll\u00e4 talo vaihtuu mustaan julkisivuun, jossa on valkoinen vuori ja siihen liittyv\u00e4t yksityiskohdat, toisin sanoen Lindbladin perheen maalausty\u00f6t eiv\u00e4t ole viel\u00e4 aivan valmiit.<\/p>\n<p>J\u00f6rntr\u00e4hus toimittaa t\u00e4ydellisi\u00e4 rakennussarjoja, jotka sis\u00e4lt\u00e4v\u00e4t my\u00f6s keitti\u00f6t ja kodinkoneet. Useiden k\u00e4sin valittujen alihankkijoiden avulla taataan lopputuote, jossa my\u00f6s konseptin lupaama korkea laatutaso t\u00e4yttyy.<\/p>\n\t<div id=\"gap-1814549629\" class=\"gap-element clearfix\" style=\"display:block; height:auto;\">\n\t\t\n<style>\n#gap-1814549629 {\n  padding-top: 30px;\n}\n<\/style>\n\t<\/div>\n\t\n  <div class=\"banner-grid-wrapper\">\n  <div id=\"banner-grid-1024057243\" class=\"banner-grid row row-grid row-small\" data-packery-options=\"\">\n                      \n<div class=\"col grid-col large-12 grid-col-2-3\" ><div class=\"col-inner\">\n\t<div class=\"img has-hover x md-x lg-x y md-y lg-y\" id=\"image_220347338\">\n\t\t\t\t\t\t\t\t<div class=\"img-inner dark\" >\n\t\t\t<img loading=\"lazy\" decoding=\"async\" width=\"1020\" height=\"680\" src=\"https:\/\/jorntrahus.se\/wp-content\/uploads\/2019\/03\/Fritidshus-Strycksele-XL-Loft-husbyggsats-J\u00f6rntr\u00e4hus-Kundreportage-Byggnation-10-1200x800.jpg\" class=\"attachment-large size-large\" alt=\"Loma-asunto Strycksele XL Loft house kit J\u00f6rntr\u00e4hus Asiakasraportti Rakentaminen 10\" srcset=\"https:\/\/jorntrahus.se\/wp-content\/uploads\/2019\/03\/Fritidshus-Strycksele-XL-Loft-husbyggsats-J\u00f6rntr\u00e4hus-Kundreportage-Byggnation-10-1200x800.jpg 1200w, https:\/\/jorntrahus.se\/wp-content\/uploads\/2019\/03\/Fritidshus-Strycksele-XL-Loft-husbyggsats-J\u00f6rntr\u00e4hus-Kundreportage-Byggnation-10-600x400.jpg 600w, https:\/\/jorntrahus.se\/wp-content\/uploads\/2019\/03\/Fritidshus-Strycksele-XL-Loft-husbyggsats-J\u00f6rntr\u00e4hus-Kundreportage-Byggnation-10-900x600.jpg 900w, https:\/\/jorntrahus.se\/wp-content\/uploads\/2019\/03\/Fritidshus-Strycksele-XL-Loft-husbyggsats-J\u00f6rntr\u00e4hus-Kundreportage-Byggnation-10-768x512.jpg 768w\" sizes=\"auto, (max-width: 1020px) 100vw, 1020px\" \/>\t\t\t\t\t\t\n\t\t\t\t\t<\/div>\n\t\t\t\t\t\t\t\t\n<style>\n#image_220347338 {\n  width: 100%;\n}\n<\/style>\n\t<\/div>\n\t\n<\/div><\/div>\n<div class=\"col grid-col large-4 grid-col-1-3\" ><div class=\"col-inner\">\n\t<div class=\"img has-hover x md-x lg-x y md-y lg-y\" id=\"image_1184965514\">\n\t\t\t\t\t\t\t\t<div class=\"img-inner dark\" >\n\t\t\t<img loading=\"lazy\" decoding=\"async\" width=\"1020\" height=\"680\" src=\"https:\/\/jorntrahus.se\/wp-content\/uploads\/2019\/03\/Fritidshus-Strycksele-XL-Loft-husbyggsats-J\u00f6rntr\u00e4hus-Kundreportage-St\u00e4mmning-7-1200x800.jpg\" class=\"attachment-large size-large\" alt=\"Loma-asunto Strycksele XL Loft house kit J\u00f6rntr\u00e4hus Asiakaskokemus Tuning 7\" srcset=\"https:\/\/jorntrahus.se\/wp-content\/uploads\/2019\/03\/Fritidshus-Strycksele-XL-Loft-husbyggsats-J\u00f6rntr\u00e4hus-Kundreportage-St\u00e4mmning-7-1200x800.jpg 1200w, https:\/\/jorntrahus.se\/wp-content\/uploads\/2019\/03\/Fritidshus-Strycksele-XL-Loft-husbyggsats-J\u00f6rntr\u00e4hus-Kundreportage-St\u00e4mmning-7-600x400.jpg 600w, https:\/\/jorntrahus.se\/wp-content\/uploads\/2019\/03\/Fritidshus-Strycksele-XL-Loft-husbyggsats-J\u00f6rntr\u00e4hus-Kundreportage-St\u00e4mmning-7-900x600.jpg 900w, https:\/\/jorntrahus.se\/wp-content\/uploads\/2019\/03\/Fritidshus-Strycksele-XL-Loft-husbyggsats-J\u00f6rntr\u00e4hus-Kundreportage-St\u00e4mmning-7-768x512.jpg 768w\" sizes=\"auto, (max-width: 1020px) 100vw, 1020px\" \/>\t\t\t\t\t\t\n\t\t\t\t\t<\/div>\n\t\t\t\t\t\t\t\t\n<style>\n#image_1184965514 {\n  width: 100%;\n}\n<\/style>\n\t<\/div>\n\t\n<\/div><\/div>\n<div class=\"col grid-col large-4 grid-col-1-3\" ><div class=\"col-inner\">\n\t<div class=\"img has-hover x md-x lg-x y md-y lg-y\" id=\"image_1872218658\">\n\t\t\t\t\t\t\t\t<div class=\"img-inner dark\" >\n\t\t\t<img loading=\"lazy\" decoding=\"async\" width=\"1020\" height=\"680\" src=\"https:\/\/jorntrahus.se\/wp-content\/uploads\/2019\/03\/Fritidshus-Strycksele-XL-Loft-husbyggsats-J\u00f6rntr\u00e4hus-Kundreportage-St\u00e4mmning-1-1200x800.jpg\" class=\"attachment-large size-large\" alt=\"Loma-asunto Strycksele XL Loft house kit J\u00f6rntr\u00e4hus Asiakaskokemus Tuning 1\" srcset=\"https:\/\/jorntrahus.se\/wp-content\/uploads\/2019\/03\/Fritidshus-Strycksele-XL-Loft-husbyggsats-J\u00f6rntr\u00e4hus-Kundreportage-St\u00e4mmning-1-1200x800.jpg 1200w, https:\/\/jorntrahus.se\/wp-content\/uploads\/2019\/03\/Fritidshus-Strycksele-XL-Loft-husbyggsats-J\u00f6rntr\u00e4hus-Kundreportage-St\u00e4mmning-1-600x400.jpg 600w, https:\/\/jorntrahus.se\/wp-content\/uploads\/2019\/03\/Fritidshus-Strycksele-XL-Loft-husbyggsats-J\u00f6rntr\u00e4hus-Kundreportage-St\u00e4mmning-1-900x600.jpg 900w, https:\/\/jorntrahus.se\/wp-content\/uploads\/2019\/03\/Fritidshus-Strycksele-XL-Loft-husbyggsats-J\u00f6rntr\u00e4hus-Kundreportage-St\u00e4mmning-1-768x512.jpg 768w\" sizes=\"auto, (max-width: 1020px) 100vw, 1020px\" \/>\t\t\t\t\t\t\n\t\t\t\t\t<\/div>\n\t\t\t\t\t\t\t\t\n<style>\n#image_1872218658 {\n  width: 100%;\n}\n<\/style>\n\t<\/div>\n\t\n<\/div><\/div>\n<div class=\"col grid-col large-4 grid-col-1-3\" ><div class=\"col-inner\">\n\t<div class=\"img has-hover x md-x lg-x y md-y lg-y\" id=\"image_779303323\">\n\t\t\t\t\t\t\t\t<div class=\"img-inner dark\" >\n\t\t\t<img loading=\"lazy\" decoding=\"async\" width=\"1020\" height=\"765\" src=\"https:\/\/jorntrahus.se\/wp-content\/uploads\/2019\/03\/Fritidshus-Strycksele-XL-Loft-husbyggsats-J\u00f6rntr\u00e4hus-Kundreportage-St\u00e4mmning-2-1200x900.jpg\" class=\"attachment-large size-large\" alt=\"Loma-asunto Strycksele XL Loft house kit J\u00f6rntr\u00e4hus Asiakasraportti Tuning 2\" srcset=\"https:\/\/jorntrahus.se\/wp-content\/uploads\/2019\/03\/Fritidshus-Strycksele-XL-Loft-husbyggsats-J\u00f6rntr\u00e4hus-Kundreportage-St\u00e4mmning-2-1200x900.jpg 1200w, https:\/\/jorntrahus.se\/wp-content\/uploads\/2019\/03\/Fritidshus-Strycksele-XL-Loft-husbyggsats-J\u00f6rntr\u00e4hus-Kundreportage-St\u00e4mmning-2-900x675.jpg 900w, https:\/\/jorntrahus.se\/wp-content\/uploads\/2019\/03\/Fritidshus-Strycksele-XL-Loft-husbyggsats-J\u00f6rntr\u00e4hus-Kundreportage-St\u00e4mmning-2-600x450.jpg 600w, https:\/\/jorntrahus.se\/wp-content\/uploads\/2019\/03\/Fritidshus-Strycksele-XL-Loft-husbyggsats-J\u00f6rntr\u00e4hus-Kundreportage-St\u00e4mmning-2-768x576.jpg 768w\" sizes=\"auto, (max-width: 1020px) 100vw, 1020px\" \/>\t\t\t\t\t\t\n\t\t\t\t\t<\/div>\n\t\t\t\t\t\t\t\t\n<style>\n#image_779303323 {\n  width: 100%;\n}\n<\/style>\n\t<\/div>\n\t\n<\/div><\/div>\n            <\/div>\n    <style>\n    #banner-grid-1024057243 .grid-col-1{height: 600px}\n    #banner-grid-1024057243 .grid-col-1-2{height: 300px}\n    #banner-grid-1024057243 .grid-col-1-3{height:200px}\n    #banner-grid-1024057243 .grid-col-2-3{height: 400px}\n    #banner-grid-1024057243 .grid-col-1-4{height: 150px}\n    #banner-grid-1024057243 .grid-col-3-4{height: 450px}\n\n\n    \n    \n\n  <\/style>\n    <\/div>\n  \n\t<div id=\"gap-1624067935\" class=\"gap-element clearfix\" style=\"display:block; height:auto;\">\n\t\t\n<style>\n#gap-1624067935 {\n  padding-top: 60px;\n}\n<\/style>\n\t<\/div>\n\t\n<div class=\"row\"  id=\"row-549891015\">\n\n\t<div id=\"col-1675240977\" class=\"col medium-4 small-12 large-4\"  >\n\t\t\t\t<div class=\"col-inner\"  >\n\t\t\t\n\t\t\t\n<a href=\"\/fi\/talomalli\/strycksele-xl-med-loft\/\" class=\"button primary is-outline expand\" >\n\t\t<span>Lis\u00e4tietoja Strycksele<\/span>\n\t<\/a>\n\n\t\t<\/div>\n\t\t\t\t\t<\/div>\n\n\t\n\n\t<div id=\"col-780088877\" class=\"col medium-4 small-12 large-4\"  >\n\t\t\t\t<div class=\"col-inner\"  >\n\t\t\t\n\t\t\t\n<a href=\"\/fi\/joustavat-piirustukset\/\" class=\"button primary is-outline expand\" >\n\t\t<span>Joustavat ratkaisut<\/span>\n\t<\/a>\n\n\t\t<\/div>\n\t\t\t\t\t<\/div>\n\n\t\n\n\t<div id=\"col-2076550930\" class=\"col medium-4 small-12 large-4\"  >\n\t\t\t\t<div class=\"col-inner\"  >\n\t\t\t\n\t\t\t\n<a href=\"\/fi\/inspiraatio\/\" class=\"button primary is-outline expand\" >\n\t\t<span>Lis\u00e4\u00e4 asiakastarinoita<\/span>\n\t<\/a>\n\n\t\t<\/div>\n\t\t\t\t\t<\/div>\n\n\t\n<\/div>\n\t<div id=\"gap-149688558\" class=\"gap-element clearfix\" style=\"display:block; height:auto;\">\n\t\t\n<style>\n#gap-149688558 {\n  padding-top: 30px;\n}\n<\/style>\n\t<\/div>\n\t\n\t<div class=\"box has-hover   has-hover box-text-bottom\" >\n\n\t\t<div class=\"box-image\" >\n\t\t\t\t\t\t<div class=\"\" >\n\t\t\t\t<img loading=\"lazy\" decoding=\"async\" width=\"1500\" height=\"1000\" src=\"https:\/\/jorntrahus.se\/wp-content\/uploads\/2017\/12\/Strycksele-XL-med-Loft-3D.jpg\" class=\"attachment- size-\" alt=\"Strycksele XL with Loft - loma-asunnot, talot, huvilat - joustavat rakennussarjat J\u00f6rntr\u00e4husilta\" srcset=\"https:\/\/jorntrahus.se\/wp-content\/uploads\/2017\/12\/Strycksele-XL-med-Loft-3D.jpg 1500w, https:\/\/jorntrahus.se\/wp-content\/uploads\/2017\/12\/Strycksele-XL-med-Loft-3D-600x400.jpg 600w, https:\/\/jorntrahus.se\/wp-content\/uploads\/2017\/12\/Strycksele-XL-med-Loft-3D-900x600.jpg 900w, https:\/\/jorntrahus.se\/wp-content\/uploads\/2017\/12\/Strycksele-XL-med-Loft-3D-768x512.jpg 768w, https:\/\/jorntrahus.se\/wp-content\/uploads\/2017\/12\/Strycksele-XL-med-Loft-3D-1200x800.jpg 1200w\" sizes=\"auto, (max-width: 1500px) 100vw, 1500px\" \/>\t\t\t\t\t\t\t\t\t\t\t<\/div>\n\t\t\t\t\t<\/div>\n\n\t\t<div class=\"box-text text-center\" >\n\t\t\t<div class=\"box-text-inner\">\n\t\t\t\t\n<h4>Talomalli Strycksele XL Loft<\/h4>\n<p>Lindbladin perhe k\u00e4ytti t\u00e4t\u00e4 talomallia l\u00e4ht\u00f6kohtana r\u00e4\u00e4t\u00e4l\u00f6idess\u00e4\u00e4n loma-asuntoaan.<\/p>\n\t\t\t<\/div>\n\t\t<\/div>\n\t<\/div>\n\t\n\t\t<\/div>\n\t\t\t\t\t<\/div>\n\n\t\n<\/div>","protected":false},"excerpt":{"rendered":"<p>- Se, ett\u00e4 p\u00e4\u00e4timme rakentaa loma-asuntomme Bruksvallarnaan, ei todellakaan ollut suunniteltua.<\/p>","protected":false},"author":2,"featured_media":10933,"comment_status":"closed","ping_status":"closed","sticky":false,"template":"","format":"standard","meta":{"footnotes":""},"categories":[611,6],"tags":[],"class_list":["post-10281","post","type-post","status-publish","format-standard","has-post-thumbnail","hentry","category-inspiration","category-nyhet"],"yoast_head":"<!-- This site is optimized with the Yoast SEO plugin v27.2 - https:\/\/yoast.com\/product\/yoast-seo-wordpress\/ -->\n<title>Fr\u00e5n Alperna till fritidshus i Bruksvallarna - J\u00f6rntr\u00e4hus<\/title>\n<meta name=\"robots\" content=\"index, follow, max-snippet:-1, max-image-preview:large, max-video-preview:-1\" \/>\n<link rel=\"canonical\" href=\"https:\/\/jorntrahus.se\/fi\/inspiraatio\/alpeilta-loma-asuntoihin-bruksvallarnassa-2\/\" \/>\n<meta property=\"og:locale\" content=\"fi_FI\" \/>\n<meta property=\"og:type\" content=\"article\" \/>\n<meta property=\"og:title\" content=\"Fr\u00e5n Alperna till fritidshus i Bruksvallarna - J\u00f6rntr\u00e4hus\" \/>\n<meta property=\"og:description\" content=\"\u2013 Att det blev i Bruksvallarna vi valde bygga v\u00e5rt fritidshus var absolut inte planerat.\" \/>\n<meta property=\"og:url\" content=\"https:\/\/jorntrahus.se\/fi\/inspiraatio\/alpeilta-loma-asuntoihin-bruksvallarnassa-2\/\" \/>\n<meta property=\"og:site_name\" content=\"J\u00f6rntr\u00e4hus\" \/>\n<meta property=\"article:published_time\" content=\"2019-03-04T14:10:27+00:00\" \/>\n<meta property=\"article:modified_time\" content=\"2022-03-17T14:41:42+00:00\" \/>\n<meta property=\"og:image\" content=\"https:\/\/jorntrahus.se\/wp-content\/uploads\/2019\/03\/Fritidshus-Strycksele-XL-Loft-husbyggsats-J\u00f6rntr\u00e4hus-Kundreportage-Christian-och-Therese-skoter-1.jpg\" \/>\n\t<meta property=\"og:image:width\" content=\"2200\" \/>\n\t<meta property=\"og:image:height\" content=\"1506\" \/>\n\t<meta property=\"og:image:type\" content=\"image\/jpeg\" \/>\n<meta name=\"author\" content=\"J\u00f6rntr\u00e4hus\" \/>\n<meta name=\"twitter:card\" content=\"summary_large_image\" \/>\n<meta name=\"twitter:label1\" content=\"Kirjoittanut\" \/>\n\t<meta name=\"twitter:data1\" content=\"J\u00f6rntr\u00e4hus\" \/>\n\t<meta name=\"twitter:label2\" content=\"Arvioitu lukuaika\" \/>\n\t<meta name=\"twitter:data2\" content=\"4 minuuttia\" \/>\n<script type=\"application\/ld+json\" class=\"yoast-schema-graph\">{\"@context\":\"https:\/\/schema.org\",\"@graph\":[{\"@type\":\"Article\",\"@id\":\"https:\/\/jorntrahus.se\/inspiration\/fran-alperna-till-fritidshus-i-bruksvallarna\/#article\",\"isPartOf\":{\"@id\":\"https:\/\/jorntrahus.se\/inspiration\/fran-alperna-till-fritidshus-i-bruksvallarna\/\"},\"author\":{\"name\":\"J\u00f6rntr\u00e4hus\",\"@id\":\"https:\/\/jorntrahus.se\/#\/schema\/person\/1d486a26d13d4df455271c2f02f5ef5c\"},\"headline\":\"Fr\u00e5n Alperna till fritidshus i Bruksvallarna\",\"datePublished\":\"2019-03-04T14:10:27+00:00\",\"dateModified\":\"2022-03-17T14:41:42+00:00\",\"mainEntityOfPage\":{\"@id\":\"https:\/\/jorntrahus.se\/inspiration\/fran-alperna-till-fritidshus-i-bruksvallarna\/\"},\"wordCount\":808,\"publisher\":{\"@id\":\"https:\/\/jorntrahus.se\/#organization\"},\"image\":{\"@id\":\"https:\/\/jorntrahus.se\/inspiration\/fran-alperna-till-fritidshus-i-bruksvallarna\/#primaryimage\"},\"thumbnailUrl\":\"https:\/\/jorntrahus.se\/wp-content\/uploads\/2019\/03\/Fritidshus-Strycksele-XL-Loft-husbyggsats-J\u00f6rntr\u00e4hus-Kundreportage-Christian-och-Therese-skoter-1.jpg\",\"articleSection\":[\"Inspiration\",\"Nyhet\"],\"inLanguage\":\"fi\"},{\"@type\":\"WebPage\",\"@id\":\"https:\/\/jorntrahus.se\/inspiration\/fran-alperna-till-fritidshus-i-bruksvallarna\/\",\"url\":\"https:\/\/jorntrahus.se\/inspiration\/fran-alperna-till-fritidshus-i-bruksvallarna\/\",\"name\":\"Fr\u00e5n Alperna till fritidshus i Bruksvallarna - J\u00f6rntr\u00e4hus\",\"isPartOf\":{\"@id\":\"https:\/\/jorntrahus.se\/#website\"},\"primaryImageOfPage\":{\"@id\":\"https:\/\/jorntrahus.se\/inspiration\/fran-alperna-till-fritidshus-i-bruksvallarna\/#primaryimage\"},\"image\":{\"@id\":\"https:\/\/jorntrahus.se\/inspiration\/fran-alperna-till-fritidshus-i-bruksvallarna\/#primaryimage\"},\"thumbnailUrl\":\"https:\/\/jorntrahus.se\/wp-content\/uploads\/2019\/03\/Fritidshus-Strycksele-XL-Loft-husbyggsats-J\u00f6rntr\u00e4hus-Kundreportage-Christian-och-Therese-skoter-1.jpg\",\"datePublished\":\"2019-03-04T14:10:27+00:00\",\"dateModified\":\"2022-03-17T14:41:42+00:00\",\"breadcrumb\":{\"@id\":\"https:\/\/jorntrahus.se\/inspiration\/fran-alperna-till-fritidshus-i-bruksvallarna\/#breadcrumb\"},\"inLanguage\":\"fi\",\"potentialAction\":[{\"@type\":\"ReadAction\",\"target\":[\"https:\/\/jorntrahus.se\/inspiration\/fran-alperna-till-fritidshus-i-bruksvallarna\/\"]}]},{\"@type\":\"ImageObject\",\"inLanguage\":\"fi\",\"@id\":\"https:\/\/jorntrahus.se\/inspiration\/fran-alperna-till-fritidshus-i-bruksvallarna\/#primaryimage\",\"url\":\"https:\/\/jorntrahus.se\/wp-content\/uploads\/2019\/03\/Fritidshus-Strycksele-XL-Loft-husbyggsats-J\u00f6rntr\u00e4hus-Kundreportage-Christian-och-Therese-skoter-1.jpg\",\"contentUrl\":\"https:\/\/jorntrahus.se\/wp-content\/uploads\/2019\/03\/Fritidshus-Strycksele-XL-Loft-husbyggsats-J\u00f6rntr\u00e4hus-Kundreportage-Christian-och-Therese-skoter-1.jpg\",\"width\":2200,\"height\":1506,\"caption\":\"Fritidshus Strycksele XL Loft husbyggsats J\u00f6rntr\u00e4hus Kundreportage Christian och Therese skoter 1\"},{\"@type\":\"BreadcrumbList\",\"@id\":\"https:\/\/jorntrahus.se\/inspiration\/fran-alperna-till-fritidshus-i-bruksvallarna\/#breadcrumb\",\"itemListElement\":[{\"@type\":\"ListItem\",\"position\":1,\"name\":\"Hem\",\"item\":\"https:\/\/jorntrahus.se\/\"},{\"@type\":\"ListItem\",\"position\":2,\"name\":\"Fr\u00e5n Alperna till fritidshus i Bruksvallarna\"}]},{\"@type\":\"WebSite\",\"@id\":\"https:\/\/jorntrahus.se\/#website\",\"url\":\"https:\/\/jorntrahus.se\/\",\"name\":\"J\u00f6rntr\u00e4hus\",\"description\":\"Hus f\u00f6r den medvetne\",\"publisher\":{\"@id\":\"https:\/\/jorntrahus.se\/#organization\"},\"potentialAction\":[{\"@type\":\"SearchAction\",\"target\":{\"@type\":\"EntryPoint\",\"urlTemplate\":\"https:\/\/jorntrahus.se\/?s={search_term_string}\"},\"query-input\":{\"@type\":\"PropertyValueSpecification\",\"valueRequired\":true,\"valueName\":\"search_term_string\"}}],\"inLanguage\":\"fi\"},{\"@type\":\"Organization\",\"@id\":\"https:\/\/jorntrahus.se\/#organization\",\"name\":\"J\u00f6rntr\u00e4hus\",\"url\":\"https:\/\/jorntrahus.se\/\",\"logo\":{\"@type\":\"ImageObject\",\"inLanguage\":\"fi\",\"@id\":\"https:\/\/jorntrahus.se\/#\/schema\/logo\/image\/\",\"url\":\"https:\/\/jorntrahus.se\/wp-content\/uploads\/2020\/09\/Jorntrahus_Grund_CMYK.eps\",\"contentUrl\":\"https:\/\/jorntrahus.se\/wp-content\/uploads\/2020\/09\/Jorntrahus_Grund_CMYK.eps\",\"width\":1,\"height\":1,\"caption\":\"J\u00f6rntr\u00e4hus\"},\"image\":{\"@id\":\"https:\/\/jorntrahus.se\/#\/schema\/logo\/image\/\"}},{\"@type\":\"Person\",\"@id\":\"https:\/\/jorntrahus.se\/#\/schema\/person\/1d486a26d13d4df455271c2f02f5ef5c\",\"name\":\"J\u00f6rntr\u00e4hus\",\"image\":{\"@type\":\"ImageObject\",\"inLanguage\":\"fi\",\"@id\":\"https:\/\/secure.gravatar.com\/avatar\/e9b8fcf3c4d64603cd3ec2eb8588179dabe6c74041e8c2a09d7ca9e0900a4ad3?s=96&d=mm&r=g\",\"url\":\"https:\/\/secure.gravatar.com\/avatar\/e9b8fcf3c4d64603cd3ec2eb8588179dabe6c74041e8c2a09d7ca9e0900a4ad3?s=96&d=mm&r=g\",\"contentUrl\":\"https:\/\/secure.gravatar.com\/avatar\/e9b8fcf3c4d64603cd3ec2eb8588179dabe6c74041e8c2a09d7ca9e0900a4ad3?s=96&d=mm&r=g\",\"caption\":\"J\u00f6rntr\u00e4hus\"},\"sameAs\":[\"https:\/\/jorntrahus.se\"],\"url\":\"https:\/\/jorntrahus.se\/fi\/author\/jorntrahus\/\"}]}<\/script>\n<!-- \/ Yoast SEO plugin. -->","yoast_head_json":{"title":"Alpeilta loma-asuntoihin Bruksvallarnassa - J\u00f6rntr\u00e4hus","robots":{"index":"index","follow":"follow","max-snippet":"max-snippet:-1","max-image-preview":"max-image-preview:large","max-video-preview":"max-video-preview:-1"},"canonical":"https:\/\/jorntrahus.se\/fi\/inspiraatio\/alpeilta-loma-asuntoihin-bruksvallarnassa-2\/","og_locale":"fi_FI","og_type":"article","og_title":"Fr\u00e5n Alperna till fritidshus i Bruksvallarna - J\u00f6rntr\u00e4hus","og_description":"\u2013 Att det blev i Bruksvallarna vi valde bygga v\u00e5rt fritidshus var absolut inte planerat.","og_url":"https:\/\/jorntrahus.se\/fi\/inspiraatio\/alpeilta-loma-asuntoihin-bruksvallarnassa-2\/","og_site_name":"J\u00f6rntr\u00e4hus","article_published_time":"2019-03-04T14:10:27+00:00","article_modified_time":"2022-03-17T14:41:42+00:00","og_image":[{"width":2200,"height":1506,"url":"https:\/\/jorntrahus.se\/wp-content\/uploads\/2019\/03\/Fritidshus-Strycksele-XL-Loft-husbyggsats-J\u00f6rntr\u00e4hus-Kundreportage-Christian-och-Therese-skoter-1.jpg","type":"image\/jpeg"}],"author":"J\u00f6rntr\u00e4hus","twitter_card":"summary_large_image","twitter_misc":{"Kirjoittanut":"J\u00f6rntr\u00e4hus","Arvioitu lukuaika":"4 minuuttia"},"schema":{"@context":"https:\/\/schema.org","@graph":[{"@type":"Article","@id":"https:\/\/jorntrahus.se\/inspiration\/fran-alperna-till-fritidshus-i-bruksvallarna\/#article","isPartOf":{"@id":"https:\/\/jorntrahus.se\/inspiration\/fran-alperna-till-fritidshus-i-bruksvallarna\/"},"author":{"name":"J\u00f6rntr\u00e4hus","@id":"https:\/\/jorntrahus.se\/#\/schema\/person\/1d486a26d13d4df455271c2f02f5ef5c"},"headline":"Fr\u00e5n Alperna till fritidshus i Bruksvallarna","datePublished":"2019-03-04T14:10:27+00:00","dateModified":"2022-03-17T14:41:42+00:00","mainEntityOfPage":{"@id":"https:\/\/jorntrahus.se\/inspiration\/fran-alperna-till-fritidshus-i-bruksvallarna\/"},"wordCount":808,"publisher":{"@id":"https:\/\/jorntrahus.se\/#organization"},"image":{"@id":"https:\/\/jorntrahus.se\/inspiration\/fran-alperna-till-fritidshus-i-bruksvallarna\/#primaryimage"},"thumbnailUrl":"https:\/\/jorntrahus.se\/wp-content\/uploads\/2019\/03\/Fritidshus-Strycksele-XL-Loft-husbyggsats-J\u00f6rntr\u00e4hus-Kundreportage-Christian-och-Therese-skoter-1.jpg","articleSection":["Inspiration","Nyhet"],"inLanguage":"fi"},{"@type":"WebPage","@id":"https:\/\/jorntrahus.se\/inspiration\/fran-alperna-till-fritidshus-i-bruksvallarna\/","url":"https:\/\/jorntrahus.se\/inspiration\/fran-alperna-till-fritidshus-i-bruksvallarna\/","name":"Alpeilta loma-asuntoihin Bruksvallarnassa - J\u00f6rntr\u00e4hus","isPartOf":{"@id":"https:\/\/jorntrahus.se\/#website"},"primaryImageOfPage":{"@id":"https:\/\/jorntrahus.se\/inspiration\/fran-alperna-till-fritidshus-i-bruksvallarna\/#primaryimage"},"image":{"@id":"https:\/\/jorntrahus.se\/inspiration\/fran-alperna-till-fritidshus-i-bruksvallarna\/#primaryimage"},"thumbnailUrl":"https:\/\/jorntrahus.se\/wp-content\/uploads\/2019\/03\/Fritidshus-Strycksele-XL-Loft-husbyggsats-J\u00f6rntr\u00e4hus-Kundreportage-Christian-och-Therese-skoter-1.jpg","datePublished":"2019-03-04T14:10:27+00:00","dateModified":"2022-03-17T14:41:42+00:00","breadcrumb":{"@id":"https:\/\/jorntrahus.se\/inspiration\/fran-alperna-till-fritidshus-i-bruksvallarna\/#breadcrumb"},"inLanguage":"fi","potentialAction":[{"@type":"ReadAction","target":["https:\/\/jorntrahus.se\/inspiration\/fran-alperna-till-fritidshus-i-bruksvallarna\/"]}]},{"@type":"ImageObject","inLanguage":"fi","@id":"https:\/\/jorntrahus.se\/inspiration\/fran-alperna-till-fritidshus-i-bruksvallarna\/#primaryimage","url":"https:\/\/jorntrahus.se\/wp-content\/uploads\/2019\/03\/Fritidshus-Strycksele-XL-Loft-husbyggsats-J\u00f6rntr\u00e4hus-Kundreportage-Christian-och-Therese-skoter-1.jpg","contentUrl":"https:\/\/jorntrahus.se\/wp-content\/uploads\/2019\/03\/Fritidshus-Strycksele-XL-Loft-husbyggsats-J\u00f6rntr\u00e4hus-Kundreportage-Christian-och-Therese-skoter-1.jpg","width":2200,"height":1506,"caption":"Fritidshus Strycksele XL Loft husbyggsats J\u00f6rntr\u00e4hus Kundreportage Christian och Therese skoter 1"},{"@type":"BreadcrumbList","@id":"https:\/\/jorntrahus.se\/inspiration\/fran-alperna-till-fritidshus-i-bruksvallarna\/#breadcrumb","itemListElement":[{"@type":"ListItem","position":1,"name":"Hem","item":"https:\/\/jorntrahus.se\/"},{"@type":"ListItem","position":2,"name":"Fr\u00e5n Alperna till fritidshus i Bruksvallarna"}]},{"@type":"WebSite","@id":"https:\/\/jorntrahus.se\/#website","url":"https:\/\/jorntrahus.se\/","name":"J\u00f6rntr\u00e4hus","description":"Talot tietoisille","publisher":{"@id":"https:\/\/jorntrahus.se\/#organization"},"potentialAction":[{"@type":"SearchAction","target":{"@type":"EntryPoint","urlTemplate":"https:\/\/jorntrahus.se\/?s={search_term_string}"},"query-input":{"@type":"PropertyValueSpecification","valueRequired":true,"valueName":"search_term_string"}}],"inLanguage":"fi"},{"@type":"Organization","@id":"https:\/\/jorntrahus.se\/#organization","name":"J\u00f6rntr\u00e4hus","url":"https:\/\/jorntrahus.se\/","logo":{"@type":"ImageObject","inLanguage":"fi","@id":"https:\/\/jorntrahus.se\/#\/schema\/logo\/image\/","url":"https:\/\/jorntrahus.se\/wp-content\/uploads\/2020\/09\/Jorntrahus_Grund_CMYK.eps","contentUrl":"https:\/\/jorntrahus.se\/wp-content\/uploads\/2020\/09\/Jorntrahus_Grund_CMYK.eps","width":1,"height":1,"caption":"J\u00f6rntr\u00e4hus"},"image":{"@id":"https:\/\/jorntrahus.se\/#\/schema\/logo\/image\/"}},{"@type":"Person","@id":"https:\/\/jorntrahus.se\/#\/schema\/person\/1d486a26d13d4df455271c2f02f5ef5c","name":"J\u00f6rntr\u00e4hus","image":{"@type":"ImageObject","inLanguage":"fi","@id":"https:\/\/secure.gravatar.com\/avatar\/e9b8fcf3c4d64603cd3ec2eb8588179dabe6c74041e8c2a09d7ca9e0900a4ad3?s=96&d=mm&r=g","url":"https:\/\/secure.gravatar.com\/avatar\/e9b8fcf3c4d64603cd3ec2eb8588179dabe6c74041e8c2a09d7ca9e0900a4ad3?s=96&d=mm&r=g","contentUrl":"https:\/\/secure.gravatar.com\/avatar\/e9b8fcf3c4d64603cd3ec2eb8588179dabe6c74041e8c2a09d7ca9e0900a4ad3?s=96&d=mm&r=g","caption":"J\u00f6rntr\u00e4hus"},"sameAs":["https:\/\/jorntrahus.se"],"url":"https:\/\/jorntrahus.se\/fi\/author\/jorntrahus\/"}]}},"publishpress_future_action":{"enabled":false,"date":"2026-05-05 01:17:49","action":"change-status","newStatus":"draft","terms":[],"taxonomy":"category","extraData":[]},"publishpress_future_workflow_manual_trigger":{"enabledWorkflows":[]},"_links":{"self":[{"href":"https:\/\/jorntrahus.se\/fi\/wp-json\/wp\/v2\/posts\/10281","targetHints":{"allow":["GET"]}}],"collection":[{"href":"https:\/\/jorntrahus.se\/fi\/wp-json\/wp\/v2\/posts"}],"about":[{"href":"https:\/\/jorntrahus.se\/fi\/wp-json\/wp\/v2\/types\/post"}],"author":[{"embeddable":true,"href":"https:\/\/jorntrahus.se\/fi\/wp-json\/wp\/v2\/users\/2"}],"replies":[{"embeddable":true,"href":"https:\/\/jorntrahus.se\/fi\/wp-json\/wp\/v2\/comments?post=10281"}],"version-history":[{"count":12,"href":"https:\/\/jorntrahus.se\/fi\/wp-json\/wp\/v2\/posts\/10281\/revisions"}],"predecessor-version":[{"id":10961,"href":"https:\/\/jorntrahus.se\/fi\/wp-json\/wp\/v2\/posts\/10281\/revisions\/10961"}],"wp:featuredmedia":[{"embeddable":true,"href":"https:\/\/jorntrahus.se\/fi\/wp-json\/wp\/v2\/media\/10933"}],"wp:attachment":[{"href":"https:\/\/jorntrahus.se\/fi\/wp-json\/wp\/v2\/media?parent=10281"}],"wp:term":[{"taxonomy":"category","embeddable":true,"href":"https:\/\/jorntrahus.se\/fi\/wp-json\/wp\/v2\/categories?post=10281"},{"taxonomy":"post_tag","embeddable":true,"href":"https:\/\/jorntrahus.se\/fi\/wp-json\/wp\/v2\/tags?post=10281"}],"curies":[{"name":"wp","href":"https:\/\/api.w.org\/{rel}","templated":true}]}}