{"id":11623,"date":"2020-02-28T14:34:09","date_gmt":"2020-02-28T13:34:09","guid":{"rendered":"https:\/\/jorntrahus.se\/?p=11623"},"modified":"2022-03-17T15:41:15","modified_gmt":"2022-03-17T14:41:15","slug":"kloverfors-paljon-enemman-kuin-vain-idea","status":"publish","type":"post","link":"https:\/\/jorntrahus.se\/fi\/nyhet\/kloverfors-mycket-mer-an-bara-en-ide\/","title":{"rendered":"Cloverleaf - paljon enemm\u00e4n kuin pelkk\u00e4 idea!"},"content":{"rendered":"<div class=\"row\"  id=\"row-721858761\">\n\n\t<div id=\"col-439667754\" class=\"col small-12 large-12\"  >\n\t\t\t\t<div class=\"col-inner\"  >\n\t\t\t\n\t\t\t\n\t<div id=\"gap-666759426\" class=\"gap-element clearfix\" style=\"display:block; height:auto;\">\n\t\t\n<style>\n#gap-666759426 {\n  padding-top: 40px;\n}\n<\/style>\n\t<\/div>\n\t\n<h3>Jo urheilulomaan menness\u00e4 suunnitteluosaston J\u00f6rntr\u00e4hus n\u00e4yt\u00f6ll\u00e4 on uusi vuoristom\u00f6kki. Pian valmistuu vapaa-ajanasunto, jossa on harkitut s\u00e4ilytysratkaisut suksille, maastopy\u00f6rille ja muulle aktiivisen perheen arvostamalle.<\/h3>\n<p>Useita makuupaikkoja, tilava oleskelutila, parvi sek\u00e4 pakollinen sauna ja houkutteleva ulkoinen muotoilu kuvaavat suurinta osaa tulevasta mallisarjasta.<\/p>\n<p>Hirsimerkinn\u00e4t\u2026 kyll\u00e4, mielest\u00e4mme ne tuovat t\u00e4h\u00e4n hirsitaloon \u2013 maalaismaisen tunnelman, mutta ne ovat tietysti t\u00e4ysin vapaaehtoinen lis\u00e4valinta.<\/p>\n<p>Pid\u00e4 silm\u00e4ll\u00e4 verkkosivujamme ja\/tai sosiaalista mediaamme \u2013 pian talomallimme Kl\u00f6verfors ilmestyy sinne, ja se esitell\u00e4\u00e4n tarkemmin faktojen ja kuvien kera.<\/p>\n\t<div id=\"gap-1709644051\" class=\"gap-element clearfix\" style=\"display:block; height:auto;\">\n\t\t\n<style>\n#gap-1709644051 {\n  padding-top: 60px;\n}\n<\/style>\n\t<\/div>\n\t\n  <div class=\"banner-grid-wrapper\">\n  <div id=\"banner-grid-1148588157\" class=\"banner-grid row row-grid row-small\" data-packery-options=\"\">\n                      \n<div class=\"col grid-col large-6 grid-col-1-2\" ><div class=\"col-inner\">\n\t<div class=\"img has-hover x md-x lg-x y md-y lg-y\" id=\"image_587644277\">\n\t\t\t\t\t\t\t\t<div class=\"img-inner dark\" >\n\t\t\t<img loading=\"lazy\" decoding=\"async\" width=\"600\" height=\"300\" src=\"https:\/\/jorntrahus.se\/wp-content\/uploads\/2019\/05\/Jorntrahus-Huskatalog-Fritidshus-Villa-Attefall-600x300-mail-huskatalog-digital.jpg\" class=\"attachment-large size-large\" alt=\"J\u00f6rntr\u00e4hus Hirsitaloluettelo Vapaa-ajan asunto Villa Attefall\" \/>\t\t\t\t\t\t\n\t\t\t\t\t<\/div>\n\t\t\t\t\t\t\t\t\n<style>\n#image_587644277 {\n  width: 100%;\n}\n<\/style>\n\t<\/div>\n\t\n<\/div><\/div>\n<div class=\"col grid-col large-6 grid-col-1-2\" ><div class=\"col-inner\">\n\t<div class=\"img has-hover x md-x lg-x y md-y lg-y\" id=\"image_1288822818\">\n\t\t\t\t\t\t\t\t<div class=\"img-inner dark\" >\n\t\t\t<img loading=\"lazy\" decoding=\"async\" width=\"1020\" height=\"574\" src=\"https:\/\/jorntrahus.se\/wp-content\/uploads\/2020\/02\/J\u00f6rntr\u00e4hus-Fritidshus-Kl\u00f6verfors-ny-husmodell-byggstats-husbyggsats-1200x675.jpg\" class=\"attachment-large size-large\" alt=\"J\u00f6rntr\u00e4hus Vapaa-ajanasunto Kl\u00f6verforsin uusi talomalli rakennussarja talopaketti\" srcset=\"https:\/\/jorntrahus.se\/wp-content\/uploads\/2020\/02\/J\u00f6rntr\u00e4hus-Fritidshus-Kl\u00f6verfors-ny-husmodell-byggstats-husbyggsats-1200x675.jpg 1200w, https:\/\/jorntrahus.se\/wp-content\/uploads\/2020\/02\/J\u00f6rntr\u00e4hus-Fritidshus-Kl\u00f6verfors-ny-husmodell-byggstats-husbyggsats-900x506.jpg 900w, https:\/\/jorntrahus.se\/wp-content\/uploads\/2020\/02\/J\u00f6rntr\u00e4hus-Fritidshus-Kl\u00f6verfors-ny-husmodell-byggstats-husbyggsats-600x338.jpg 600w, https:\/\/jorntrahus.se\/wp-content\/uploads\/2020\/02\/J\u00f6rntr\u00e4hus-Fritidshus-Kl\u00f6verfors-ny-husmodell-byggstats-husbyggsats-768x432.jpg 768w, https:\/\/jorntrahus.se\/wp-content\/uploads\/2020\/02\/J\u00f6rntr\u00e4hus-Fritidshus-Kl\u00f6verfors-ny-husmodell-byggstats-husbyggsats-1536x864.jpg 1536w, https:\/\/jorntrahus.se\/wp-content\/uploads\/2020\/02\/J\u00f6rntr\u00e4hus-Fritidshus-Kl\u00f6verfors-ny-husmodell-byggstats-husbyggsats.jpg 1920w\" sizes=\"auto, (max-width: 1020px) 100vw, 1020px\" \/>\t\t\t\t\t\t\n\t\t\t\t\t<\/div>\n\t\t\t\t\t\t\t\t\n<style>\n#image_1288822818 {\n  width: 100%;\n}\n<\/style>\n\t<\/div>\n\t\n<\/div><\/div>\n<div class=\"col grid-col large-6 grid-col-1-2\" ><div class=\"col-inner\">\n\t<div class=\"img has-hover x md-x lg-x y md-y lg-y\" id=\"image_478100057\">\n\t\t\t\t\t\t\t\t<div class=\"img-inner dark\" >\n\t\t\t<img loading=\"lazy\" decoding=\"async\" width=\"1020\" height=\"659\" src=\"https:\/\/jorntrahus.se\/wp-content\/uploads\/2019\/05\/J\u00f6rntr\u00e4hus-Husbyggsatser-Prefabricerade-hus-i-tr\u00e4-Husfabrik-J\u00f6rn-webb-08-1200x775.jpg\" class=\"attachment-large size-large\" alt=\"J\u00f6rntr\u00e4hus Talotehtaat Esivalmistetut puutalot Talo J\u00f6rn verkko 08\" srcset=\"https:\/\/jorntrahus.se\/wp-content\/uploads\/2019\/05\/J\u00f6rntr\u00e4hus-Husbyggsatser-Prefabricerade-hus-i-tr\u00e4-Husfabrik-J\u00f6rn-webb-08-1200x775.jpg 1200w, https:\/\/jorntrahus.se\/wp-content\/uploads\/2019\/05\/J\u00f6rntr\u00e4hus-Husbyggsatser-Prefabricerade-hus-i-tr\u00e4-Husfabrik-J\u00f6rn-webb-08-900x581.jpg 900w, https:\/\/jorntrahus.se\/wp-content\/uploads\/2019\/05\/J\u00f6rntr\u00e4hus-Husbyggsatser-Prefabricerade-hus-i-tr\u00e4-Husfabrik-J\u00f6rn-webb-08-600x388.jpg 600w, https:\/\/jorntrahus.se\/wp-content\/uploads\/2019\/05\/J\u00f6rntr\u00e4hus-Husbyggsatser-Prefabricerade-hus-i-tr\u00e4-Husfabrik-J\u00f6rn-webb-08-768x496.jpg 768w\" sizes=\"auto, (max-width: 1020px) 100vw, 1020px\" \/>\t\t\t\t\t\t\n\t\t\t\t\t<\/div>\n\t\t\t\t\t\t\t\t\n<style>\n#image_478100057 {\n  width: 100%;\n}\n<\/style>\n\t<\/div>\n\t\n<\/div><\/div>\n<div class=\"col grid-col large-6 grid-col-1-2\" ><div class=\"col-inner\">\n\t<div class=\"img has-hover x md-x lg-x y md-y lg-y\" id=\"image_1695375143\">\n\t\t\t\t\t\t\t\t<div class=\"img-inner dark\" >\n\t\t\t<img loading=\"lazy\" decoding=\"async\" width=\"1020\" height=\"676\" src=\"https:\/\/jorntrahus.se\/wp-content\/uploads\/2019\/06\/J\u00f6rntr\u00e4hus-Pro-ritningar-W2400-webb-2-1200x795.jpg\" class=\"attachment-large size-large\" alt=\"J\u00f6rntr\u00e4hus Pro - Jos valitset olemassa olevat ja tehokkaat konseptimallimme, takaamme nopean ja sujuvan rakennusprosessin.\" srcset=\"https:\/\/jorntrahus.se\/wp-content\/uploads\/2019\/06\/J\u00f6rntr\u00e4hus-Pro-ritningar-W2400-webb-2-1200x795.jpg 1200w, https:\/\/jorntrahus.se\/wp-content\/uploads\/2019\/06\/J\u00f6rntr\u00e4hus-Pro-ritningar-W2400-webb-2-900x596.jpg 900w, https:\/\/jorntrahus.se\/wp-content\/uploads\/2019\/06\/J\u00f6rntr\u00e4hus-Pro-ritningar-W2400-webb-2-600x397.jpg 600w, https:\/\/jorntrahus.se\/wp-content\/uploads\/2019\/06\/J\u00f6rntr\u00e4hus-Pro-ritningar-W2400-webb-2-768x508.jpg 768w\" sizes=\"auto, (max-width: 1020px) 100vw, 1020px\" \/>\t\t\t\t\t\t\n\t\t\t\t\t<\/div>\n\t\t\t\t\t\t\t\t\n<style>\n#image_1695375143 {\n  width: 100%;\n}\n<\/style>\n\t<\/div>\n\t\n<\/div><\/div>\n            <\/div>\n    <style>\n    #banner-grid-1148588157 .grid-col-1{height: 550px}\n    #banner-grid-1148588157 .grid-col-1-2{height: 275px}\n    #banner-grid-1148588157 .grid-col-1-3{height:183.33333333333px}\n    #banner-grid-1148588157 .grid-col-2-3{height: 366.66666666667px}\n    #banner-grid-1148588157 .grid-col-1-4{height: 137.5px}\n    #banner-grid-1148588157 .grid-col-3-4{height: 412.5px}\n\n\n    \n    \n\n  <\/style>\n    <\/div>\n  \n\t<div id=\"gap-696365829\" class=\"gap-element clearfix\" style=\"display:block; height:auto;\">\n\t\t\n<style>\n#gap-696365829 {\n  padding-top: 30px;\n}\n<\/style>\n\t<\/div>\n\t\n<div class=\"row\"  id=\"row-1699972525\">\n\n\t<div id=\"col-1318856297\" class=\"col medium-4 small-12 large-4\"  >\n\t\t\t\t<div class=\"col-inner\"  >\n\t\t\t\n\t\t\t\n<a href=\"\/fi\/bestall-house-luettelo\/\" class=\"button primary is-outline expand\" >\n\t\t<span>TILAUSLUETTELO<\/span>\n\t<\/a>\n\n\t\t<\/div>\n\t\t\t\t\t<\/div>\n\n\t\n\n\t<div id=\"col-1656981530\" class=\"col medium-4 small-12 large-4\"  >\n\t\t\t\t<div class=\"col-inner\"  >\n\t\t\t\n\t\t\t\n<a href=\"\/fi\/joustavat-piirustukset\/\" class=\"button primary is-outline expand\" >\n\t\t<span>Joustavat ratkaisut<\/span>\n\t<\/a>\n\n\t\t<\/div>\n\t\t\t\t\t<\/div>\n\n\t\n\n\t<div id=\"col-267085744\" class=\"col medium-4 small-12 large-4\"  >\n\t\t\t\t<div class=\"col-inner\"  >\n\t\t\t\n\t\t\t\n<a href=\"\/fi\/inspiraatio\/\" class=\"button primary is-outline expand\" >\n\t\t<span>Asiakasraportti<\/span>\n\t<\/a>\n\n\t\t<\/div>\n\t\t\t\t\t<\/div>\n\n\t\n<\/div>\n\t<div id=\"gap-1456501378\" class=\"gap-element clearfix\" style=\"display:block; height:auto;\">\n\t\t\n<style>\n#gap-1456501378 {\n  padding-top: 30px;\n}\n<\/style>\n\t<\/div>\n\t\n\t\t<\/div>\n\t\t\t\t\t<\/div>\n\n\t\n<\/div>","protected":false},"excerpt":{"rendered":"<p>Jo urheilulomiksi J\u00f6rntr\u00e4hus suunnitteluosaston ruudulle ilmestyy uusi tunturitupa, josta aktiivinen perhe tulee pit\u00e4m\u00e4\u00e4n.<\/p>","protected":false},"author":2,"featured_media":11626,"comment_status":"closed","ping_status":"closed","sticky":false,"template":"","format":"standard","meta":{"footnotes":""},"categories":[6],"tags":[24,1098,1096],"class_list":["post-11623","post","type-post","status-publish","format-standard","has-post-thumbnail","hentry","category-nyhet","tag-fritidshus","tag-husbyggsats","tag-kloverfors"],"yoast_head":"<!-- This site is optimized with the Yoast SEO plugin v27.2 - https:\/\/yoast.com\/product\/yoast-seo-wordpress\/ -->\n<title>Kl\u00f6verfors \u2013 mycket mer \u00e4n bara en id\u00e9! - J\u00f6rntr\u00e4hus<\/title>\n<meta name=\"robots\" content=\"index, follow, max-snippet:-1, max-image-preview:large, max-video-preview:-1\" \/>\n<link rel=\"canonical\" href=\"https:\/\/jorntrahus.se\/fi\/uutuus\/kloverfors-paljon-enemman-kuin-vain-idea\/\" \/>\n<meta property=\"og:locale\" content=\"fi_FI\" \/>\n<meta property=\"og:type\" content=\"article\" \/>\n<meta property=\"og:title\" content=\"Kl\u00f6verfors \u2013 mycket mer \u00e4n bara en id\u00e9! - J\u00f6rntr\u00e4hus\" \/>\n<meta property=\"og:description\" content=\"Redan till sportlovet finns en ny fj\u00e4llstuga p\u00e5 sk\u00e4rmen hos J\u00f6rntr\u00e4hus designavdelning som kommer uppskattas av den aktiva familjen.\" \/>\n<meta property=\"og:url\" content=\"https:\/\/jorntrahus.se\/fi\/uutuus\/kloverfors-paljon-enemman-kuin-vain-idea\/\" \/>\n<meta property=\"og:site_name\" content=\"J\u00f6rntr\u00e4hus\" \/>\n<meta property=\"article:published_time\" content=\"2020-02-28T13:34:09+00:00\" \/>\n<meta property=\"article:modified_time\" content=\"2022-03-17T14:41:15+00:00\" \/>\n<meta property=\"og:image\" content=\"https:\/\/jorntrahus.se\/wp-content\/uploads\/2020\/02\/Reportage-J\u00f6rntr\u00e4hus-Kl\u00f6verfors-ny-husmodell-fritidshus-fj\u00e4llstuga-husbyggsats-husleverant\u00f6r-ver2.jpg\" \/>\n\t<meta property=\"og:image:width\" content=\"2400\" \/>\n\t<meta property=\"og:image:height\" content=\"1599\" \/>\n\t<meta property=\"og:image:type\" content=\"image\/jpeg\" \/>\n<meta name=\"author\" content=\"J\u00f6rntr\u00e4hus\" \/>\n<meta name=\"twitter:card\" content=\"summary_large_image\" \/>\n<meta name=\"twitter:label1\" content=\"Kirjoittanut\" \/>\n\t<meta name=\"twitter:data1\" content=\"J\u00f6rntr\u00e4hus\" \/>\n\t<meta name=\"twitter:label2\" content=\"Arvioitu lukuaika\" \/>\n\t<meta name=\"twitter:data2\" content=\"1 minuutti\" \/>\n<script type=\"application\/ld+json\" class=\"yoast-schema-graph\">{\"@context\":\"https:\/\/schema.org\",\"@graph\":[{\"@type\":\"Article\",\"@id\":\"https:\/\/jorntrahus.se\/nyhet\/kloverfors-mycket-mer-an-bara-en-ide\/#article\",\"isPartOf\":{\"@id\":\"https:\/\/jorntrahus.se\/nyhet\/kloverfors-mycket-mer-an-bara-en-ide\/\"},\"author\":{\"name\":\"J\u00f6rntr\u00e4hus\",\"@id\":\"https:\/\/jorntrahus.se\/#\/schema\/person\/1d486a26d13d4df455271c2f02f5ef5c\"},\"headline\":\"Kl\u00f6verfors \u2013 mycket mer \u00e4n bara en id\u00e9!\",\"datePublished\":\"2020-02-28T13:34:09+00:00\",\"dateModified\":\"2022-03-17T14:41:15+00:00\",\"mainEntityOfPage\":{\"@id\":\"https:\/\/jorntrahus.se\/nyhet\/kloverfors-mycket-mer-an-bara-en-ide\/\"},\"wordCount\":239,\"publisher\":{\"@id\":\"https:\/\/jorntrahus.se\/#organization\"},\"image\":{\"@id\":\"https:\/\/jorntrahus.se\/nyhet\/kloverfors-mycket-mer-an-bara-en-ide\/#primaryimage\"},\"thumbnailUrl\":\"https:\/\/jorntrahus.se\/wp-content\/uploads\/2020\/02\/Reportage-J\u00f6rntr\u00e4hus-Kl\u00f6verfors-ny-husmodell-fritidshus-fj\u00e4llstuga-husbyggsats-husleverant\u00f6r-ver2.jpg\",\"keywords\":[\"Fritidshus\",\"husbyggsats\",\"Kl\u00f6verfors\"],\"articleSection\":[\"Nyhet\"],\"inLanguage\":\"fi\"},{\"@type\":\"WebPage\",\"@id\":\"https:\/\/jorntrahus.se\/nyhet\/kloverfors-mycket-mer-an-bara-en-ide\/\",\"url\":\"https:\/\/jorntrahus.se\/nyhet\/kloverfors-mycket-mer-an-bara-en-ide\/\",\"name\":\"Kl\u00f6verfors \u2013 mycket mer \u00e4n bara en id\u00e9! - J\u00f6rntr\u00e4hus\",\"isPartOf\":{\"@id\":\"https:\/\/jorntrahus.se\/#website\"},\"primaryImageOfPage\":{\"@id\":\"https:\/\/jorntrahus.se\/nyhet\/kloverfors-mycket-mer-an-bara-en-ide\/#primaryimage\"},\"image\":{\"@id\":\"https:\/\/jorntrahus.se\/nyhet\/kloverfors-mycket-mer-an-bara-en-ide\/#primaryimage\"},\"thumbnailUrl\":\"https:\/\/jorntrahus.se\/wp-content\/uploads\/2020\/02\/Reportage-J\u00f6rntr\u00e4hus-Kl\u00f6verfors-ny-husmodell-fritidshus-fj\u00e4llstuga-husbyggsats-husleverant\u00f6r-ver2.jpg\",\"datePublished\":\"2020-02-28T13:34:09+00:00\",\"dateModified\":\"2022-03-17T14:41:15+00:00\",\"breadcrumb\":{\"@id\":\"https:\/\/jorntrahus.se\/nyhet\/kloverfors-mycket-mer-an-bara-en-ide\/#breadcrumb\"},\"inLanguage\":\"fi\",\"potentialAction\":[{\"@type\":\"ReadAction\",\"target\":[\"https:\/\/jorntrahus.se\/nyhet\/kloverfors-mycket-mer-an-bara-en-ide\/\"]}]},{\"@type\":\"ImageObject\",\"inLanguage\":\"fi\",\"@id\":\"https:\/\/jorntrahus.se\/nyhet\/kloverfors-mycket-mer-an-bara-en-ide\/#primaryimage\",\"url\":\"https:\/\/jorntrahus.se\/wp-content\/uploads\/2020\/02\/Reportage-J\u00f6rntr\u00e4hus-Kl\u00f6verfors-ny-husmodell-fritidshus-fj\u00e4llstuga-husbyggsats-husleverant\u00f6r-ver2.jpg\",\"contentUrl\":\"https:\/\/jorntrahus.se\/wp-content\/uploads\/2020\/02\/Reportage-J\u00f6rntr\u00e4hus-Kl\u00f6verfors-ny-husmodell-fritidshus-fj\u00e4llstuga-husbyggsats-husleverant\u00f6r-ver2.jpg\",\"width\":2400,\"height\":1599,\"caption\":\"Fritidshus J\u00f6rntr\u00e4hus Kl\u00f6verfors ny husmodell fritidshus fj\u00e4llstuga husbyggsats husleverant\u00f6r\"},{\"@type\":\"BreadcrumbList\",\"@id\":\"https:\/\/jorntrahus.se\/nyhet\/kloverfors-mycket-mer-an-bara-en-ide\/#breadcrumb\",\"itemListElement\":[{\"@type\":\"ListItem\",\"position\":1,\"name\":\"Hem\",\"item\":\"https:\/\/jorntrahus.se\/\"},{\"@type\":\"ListItem\",\"position\":2,\"name\":\"Kl\u00f6verfors \u2013 mycket mer \u00e4n bara en id\u00e9!\"}]},{\"@type\":\"WebSite\",\"@id\":\"https:\/\/jorntrahus.se\/#website\",\"url\":\"https:\/\/jorntrahus.se\/\",\"name\":\"J\u00f6rntr\u00e4hus\",\"description\":\"Hus f\u00f6r den medvetne\",\"publisher\":{\"@id\":\"https:\/\/jorntrahus.se\/#organization\"},\"potentialAction\":[{\"@type\":\"SearchAction\",\"target\":{\"@type\":\"EntryPoint\",\"urlTemplate\":\"https:\/\/jorntrahus.se\/?s={search_term_string}\"},\"query-input\":{\"@type\":\"PropertyValueSpecification\",\"valueRequired\":true,\"valueName\":\"search_term_string\"}}],\"inLanguage\":\"fi\"},{\"@type\":\"Organization\",\"@id\":\"https:\/\/jorntrahus.se\/#organization\",\"name\":\"J\u00f6rntr\u00e4hus\",\"url\":\"https:\/\/jorntrahus.se\/\",\"logo\":{\"@type\":\"ImageObject\",\"inLanguage\":\"fi\",\"@id\":\"https:\/\/jorntrahus.se\/#\/schema\/logo\/image\/\",\"url\":\"https:\/\/jorntrahus.se\/wp-content\/uploads\/2020\/09\/Jorntrahus_Grund_CMYK.eps\",\"contentUrl\":\"https:\/\/jorntrahus.se\/wp-content\/uploads\/2020\/09\/Jorntrahus_Grund_CMYK.eps\",\"width\":1,\"height\":1,\"caption\":\"J\u00f6rntr\u00e4hus\"},\"image\":{\"@id\":\"https:\/\/jorntrahus.se\/#\/schema\/logo\/image\/\"}},{\"@type\":\"Person\",\"@id\":\"https:\/\/jorntrahus.se\/#\/schema\/person\/1d486a26d13d4df455271c2f02f5ef5c\",\"name\":\"J\u00f6rntr\u00e4hus\",\"image\":{\"@type\":\"ImageObject\",\"inLanguage\":\"fi\",\"@id\":\"https:\/\/secure.gravatar.com\/avatar\/e9b8fcf3c4d64603cd3ec2eb8588179dabe6c74041e8c2a09d7ca9e0900a4ad3?s=96&d=mm&r=g\",\"url\":\"https:\/\/secure.gravatar.com\/avatar\/e9b8fcf3c4d64603cd3ec2eb8588179dabe6c74041e8c2a09d7ca9e0900a4ad3?s=96&d=mm&r=g\",\"contentUrl\":\"https:\/\/secure.gravatar.com\/avatar\/e9b8fcf3c4d64603cd3ec2eb8588179dabe6c74041e8c2a09d7ca9e0900a4ad3?s=96&d=mm&r=g\",\"caption\":\"J\u00f6rntr\u00e4hus\"},\"sameAs\":[\"https:\/\/jorntrahus.se\"],\"url\":\"https:\/\/jorntrahus.se\/fi\/author\/jorntrahus\/\"}]}<\/script>\n<!-- \/ Yoast SEO plugin. -->","yoast_head_json":{"title":"Kl\u00f6verfors \u2013 paljon enemm\u00e4n kuin vain idea! - J\u00f6rntr\u00e4hus","robots":{"index":"index","follow":"follow","max-snippet":"max-snippet:-1","max-image-preview":"max-image-preview:large","max-video-preview":"max-video-preview:-1"},"canonical":"https:\/\/jorntrahus.se\/fi\/uutuus\/kloverfors-paljon-enemman-kuin-vain-idea\/","og_locale":"fi_FI","og_type":"article","og_title":"Kl\u00f6verfors \u2013 mycket mer \u00e4n bara en id\u00e9! - J\u00f6rntr\u00e4hus","og_description":"Redan till sportlovet finns en ny fj\u00e4llstuga p\u00e5 sk\u00e4rmen hos J\u00f6rntr\u00e4hus designavdelning som kommer uppskattas av den aktiva familjen.","og_url":"https:\/\/jorntrahus.se\/fi\/uutuus\/kloverfors-paljon-enemman-kuin-vain-idea\/","og_site_name":"J\u00f6rntr\u00e4hus","article_published_time":"2020-02-28T13:34:09+00:00","article_modified_time":"2022-03-17T14:41:15+00:00","og_image":[{"width":2400,"height":1599,"url":"https:\/\/jorntrahus.se\/wp-content\/uploads\/2020\/02\/Reportage-J\u00f6rntr\u00e4hus-Kl\u00f6verfors-ny-husmodell-fritidshus-fj\u00e4llstuga-husbyggsats-husleverant\u00f6r-ver2.jpg","type":"image\/jpeg"}],"author":"J\u00f6rntr\u00e4hus","twitter_card":"summary_large_image","twitter_misc":{"Kirjoittanut":"J\u00f6rntr\u00e4hus","Arvioitu lukuaika":"1 minuutti"},"schema":{"@context":"https:\/\/schema.org","@graph":[{"@type":"Article","@id":"https:\/\/jorntrahus.se\/nyhet\/kloverfors-mycket-mer-an-bara-en-ide\/#article","isPartOf":{"@id":"https:\/\/jorntrahus.se\/nyhet\/kloverfors-mycket-mer-an-bara-en-ide\/"},"author":{"name":"J\u00f6rntr\u00e4hus","@id":"https:\/\/jorntrahus.se\/#\/schema\/person\/1d486a26d13d4df455271c2f02f5ef5c"},"headline":"Kl\u00f6verfors \u2013 mycket mer \u00e4n bara en id\u00e9!","datePublished":"2020-02-28T13:34:09+00:00","dateModified":"2022-03-17T14:41:15+00:00","mainEntityOfPage":{"@id":"https:\/\/jorntrahus.se\/nyhet\/kloverfors-mycket-mer-an-bara-en-ide\/"},"wordCount":239,"publisher":{"@id":"https:\/\/jorntrahus.se\/#organization"},"image":{"@id":"https:\/\/jorntrahus.se\/nyhet\/kloverfors-mycket-mer-an-bara-en-ide\/#primaryimage"},"thumbnailUrl":"https:\/\/jorntrahus.se\/wp-content\/uploads\/2020\/02\/Reportage-J\u00f6rntr\u00e4hus-Kl\u00f6verfors-ny-husmodell-fritidshus-fj\u00e4llstuga-husbyggsats-husleverant\u00f6r-ver2.jpg","keywords":["Fritidshus","husbyggsats","Kl\u00f6verfors"],"articleSection":["Nyhet"],"inLanguage":"fi"},{"@type":"WebPage","@id":"https:\/\/jorntrahus.se\/nyhet\/kloverfors-mycket-mer-an-bara-en-ide\/","url":"https:\/\/jorntrahus.se\/nyhet\/kloverfors-mycket-mer-an-bara-en-ide\/","name":"Kl\u00f6verfors \u2013 paljon enemm\u00e4n kuin vain idea! - J\u00f6rntr\u00e4hus","isPartOf":{"@id":"https:\/\/jorntrahus.se\/#website"},"primaryImageOfPage":{"@id":"https:\/\/jorntrahus.se\/nyhet\/kloverfors-mycket-mer-an-bara-en-ide\/#primaryimage"},"image":{"@id":"https:\/\/jorntrahus.se\/nyhet\/kloverfors-mycket-mer-an-bara-en-ide\/#primaryimage"},"thumbnailUrl":"https:\/\/jorntrahus.se\/wp-content\/uploads\/2020\/02\/Reportage-J\u00f6rntr\u00e4hus-Kl\u00f6verfors-ny-husmodell-fritidshus-fj\u00e4llstuga-husbyggsats-husleverant\u00f6r-ver2.jpg","datePublished":"2020-02-28T13:34:09+00:00","dateModified":"2022-03-17T14:41:15+00:00","breadcrumb":{"@id":"https:\/\/jorntrahus.se\/nyhet\/kloverfors-mycket-mer-an-bara-en-ide\/#breadcrumb"},"inLanguage":"fi","potentialAction":[{"@type":"ReadAction","target":["https:\/\/jorntrahus.se\/nyhet\/kloverfors-mycket-mer-an-bara-en-ide\/"]}]},{"@type":"ImageObject","inLanguage":"fi","@id":"https:\/\/jorntrahus.se\/nyhet\/kloverfors-mycket-mer-an-bara-en-ide\/#primaryimage","url":"https:\/\/jorntrahus.se\/wp-content\/uploads\/2020\/02\/Reportage-J\u00f6rntr\u00e4hus-Kl\u00f6verfors-ny-husmodell-fritidshus-fj\u00e4llstuga-husbyggsats-husleverant\u00f6r-ver2.jpg","contentUrl":"https:\/\/jorntrahus.se\/wp-content\/uploads\/2020\/02\/Reportage-J\u00f6rntr\u00e4hus-Kl\u00f6verfors-ny-husmodell-fritidshus-fj\u00e4llstuga-husbyggsats-husleverant\u00f6r-ver2.jpg","width":2400,"height":1599,"caption":"Fritidshus J\u00f6rntr\u00e4hus Kl\u00f6verfors ny husmodell fritidshus fj\u00e4llstuga husbyggsats husleverant\u00f6r"},{"@type":"BreadcrumbList","@id":"https:\/\/jorntrahus.se\/nyhet\/kloverfors-mycket-mer-an-bara-en-ide\/#breadcrumb","itemListElement":[{"@type":"ListItem","position":1,"name":"Hem","item":"https:\/\/jorntrahus.se\/"},{"@type":"ListItem","position":2,"name":"Kl\u00f6verfors \u2013 mycket mer \u00e4n bara en id\u00e9!"}]},{"@type":"WebSite","@id":"https:\/\/jorntrahus.se\/#website","url":"https:\/\/jorntrahus.se\/","name":"J\u00f6rntr\u00e4hus","description":"Talot tietoisille","publisher":{"@id":"https:\/\/jorntrahus.se\/#organization"},"potentialAction":[{"@type":"SearchAction","target":{"@type":"EntryPoint","urlTemplate":"https:\/\/jorntrahus.se\/?s={search_term_string}"},"query-input":{"@type":"PropertyValueSpecification","valueRequired":true,"valueName":"search_term_string"}}],"inLanguage":"fi"},{"@type":"Organization","@id":"https:\/\/jorntrahus.se\/#organization","name":"J\u00f6rntr\u00e4hus","url":"https:\/\/jorntrahus.se\/","logo":{"@type":"ImageObject","inLanguage":"fi","@id":"https:\/\/jorntrahus.se\/#\/schema\/logo\/image\/","url":"https:\/\/jorntrahus.se\/wp-content\/uploads\/2020\/09\/Jorntrahus_Grund_CMYK.eps","contentUrl":"https:\/\/jorntrahus.se\/wp-content\/uploads\/2020\/09\/Jorntrahus_Grund_CMYK.eps","width":1,"height":1,"caption":"J\u00f6rntr\u00e4hus"},"image":{"@id":"https:\/\/jorntrahus.se\/#\/schema\/logo\/image\/"}},{"@type":"Person","@id":"https:\/\/jorntrahus.se\/#\/schema\/person\/1d486a26d13d4df455271c2f02f5ef5c","name":"J\u00f6rntr\u00e4hus","image":{"@type":"ImageObject","inLanguage":"fi","@id":"https:\/\/secure.gravatar.com\/avatar\/e9b8fcf3c4d64603cd3ec2eb8588179dabe6c74041e8c2a09d7ca9e0900a4ad3?s=96&d=mm&r=g","url":"https:\/\/secure.gravatar.com\/avatar\/e9b8fcf3c4d64603cd3ec2eb8588179dabe6c74041e8c2a09d7ca9e0900a4ad3?s=96&d=mm&r=g","contentUrl":"https:\/\/secure.gravatar.com\/avatar\/e9b8fcf3c4d64603cd3ec2eb8588179dabe6c74041e8c2a09d7ca9e0900a4ad3?s=96&d=mm&r=g","caption":"J\u00f6rntr\u00e4hus"},"sameAs":["https:\/\/jorntrahus.se"],"url":"https:\/\/jorntrahus.se\/fi\/author\/jorntrahus\/"}]}},"publishpress_future_action":{"enabled":false,"date":"2026-05-10 12:20:48","action":"change-status","newStatus":"draft","terms":[],"taxonomy":"category","extraData":[]},"publishpress_future_workflow_manual_trigger":{"enabledWorkflows":[]},"_links":{"self":[{"href":"https:\/\/jorntrahus.se\/fi\/wp-json\/wp\/v2\/posts\/11623","targetHints":{"allow":["GET"]}}],"collection":[{"href":"https:\/\/jorntrahus.se\/fi\/wp-json\/wp\/v2\/posts"}],"about":[{"href":"https:\/\/jorntrahus.se\/fi\/wp-json\/wp\/v2\/types\/post"}],"author":[{"embeddable":true,"href":"https:\/\/jorntrahus.se\/fi\/wp-json\/wp\/v2\/users\/2"}],"replies":[{"embeddable":true,"href":"https:\/\/jorntrahus.se\/fi\/wp-json\/wp\/v2\/comments?post=11623"}],"version-history":[{"count":8,"href":"https:\/\/jorntrahus.se\/fi\/wp-json\/wp\/v2\/posts\/11623\/revisions"}],"predecessor-version":[{"id":11651,"href":"https:\/\/jorntrahus.se\/fi\/wp-json\/wp\/v2\/posts\/11623\/revisions\/11651"}],"wp:featuredmedia":[{"embeddable":true,"href":"https:\/\/jorntrahus.se\/fi\/wp-json\/wp\/v2\/media\/11626"}],"wp:attachment":[{"href":"https:\/\/jorntrahus.se\/fi\/wp-json\/wp\/v2\/media?parent=11623"}],"wp:term":[{"taxonomy":"category","embeddable":true,"href":"https:\/\/jorntrahus.se\/fi\/wp-json\/wp\/v2\/categories?post=11623"},{"taxonomy":"post_tag","embeddable":true,"href":"https:\/\/jorntrahus.se\/fi\/wp-json\/wp\/v2\/tags?post=11623"}],"curies":[{"name":"wp","href":"https:\/\/api.w.org\/{rel}","templated":true}]}}