{"id":11940,"date":"2020-09-01T10:50:30","date_gmt":"2020-09-01T08:50:30","guid":{"rendered":"https:\/\/jorntrahus.se\/?p=11940"},"modified":"2022-03-17T15:40:46","modified_gmt":"2022-03-17T14:40:46","slug":"uudet-talomallit-lanseerataan-isannan-toimesta","status":"publish","type":"post","link":"https:\/\/jorntrahus.se\/fi\/foretagsnytt\/nya-husmodeller-lanseras-i-host\/","title":{"rendered":"Uudet talomallit lanseerataan t\u00e4n\u00e4 syksyn\u00e4"},"content":{"rendered":"<h3>J\u00f6rntr\u00e4hus aikoo julkistaa kymmenen uutta talomallia, kun se julkaisee uuden mallikataloginsa t\u00e4n\u00e4 syksyn\u00e4. Se tuo markkinoille my\u00f6s valikoiman uusia paneeleita ja lis\u00e4\u00e4 vaihtoehtoja niille, jotka haluavat muuttaa sisustusta ja ulkotiloja.<\/h3>\n<p>- \"Yrit\u00e4mme l\u00f6yt\u00e4\u00e4 uusia rusinoita kakun mausteeksi, ty\u00f6 on t\u00e4ydess\u00e4 vauhdissa ja se tuntuu todella hyv\u00e4lt\u00e4\", h\u00e4n sanoo. Aiomme laittaa kuvastoon kivan twistin, jotta kaikki n\u00e4ytt\u00e4\u00e4 uudelta ja raikkaalta\", markkinointi- ja myyntip\u00e4\u00e4llikk\u00f6 Gunnar \u00d6lund sanoo.<\/p>\n<blockquote><p>Siit\u00e4 tulee uusi klassinen sarja, joka voi mielest\u00e4ni sopia monille, eik\u00e4 v\u00e4hiten niille, jotka rakentavat vuoristossa.<\/p><\/blockquote>\n<p>P\u00e4ivitettyyn malliohjelmaan kuuluu my\u00f6s pari hirsimallia, jotka ovat myyneet todella hyvin, mutta jotka lanseerataan nyt my\u00f6s hirsitaloina asiakkaiden kysynn\u00e4n perusteella.<br \/>\n- \"Siit\u00e4 tulee uusi klassikkosarja, jonka uskon olevan monien mieleen, eik\u00e4 v\u00e4hiten niiden, jotka rakentavat vuoristossa. Yrit\u00e4mme jatkuvasti laajentaa valikoimaamme ja pysy\u00e4 ajan tasalla, eik\u00e4 v\u00e4hiten modernissa segmentiss\u00e4\", Gunnar sanoo.<\/p>\n<p>Luettelon julkaisup\u00e4iv\u00e4n\u00e4 my\u00f6s verkkosivut muuttavat ulkoasua, ja luettelo on halukkaiden saatavilla my\u00f6s verkossa.<br \/>\n- Painettu katalogi on kuitenkin suosittu, eik\u00e4 siit\u00e4 p\u00e4\u00e4se eroon, Gunnar sanoo.<\/p>","protected":false},"excerpt":{"rendered":"<p>J\u00f6rntr\u00e4hus aikoo julkistaa kymmenen uutta talomallia, kun se julkaisee uuden mallikataloginsa t\u00e4n\u00e4 syksyn\u00e4.<\/p>","protected":false},"author":2,"featured_media":11941,"comment_status":"closed","ping_status":"closed","sticky":false,"template":"","format":"standard","meta":{"footnotes":""},"categories":[1199],"tags":[24,1018,1184],"class_list":["post-11940","post","type-post","status-publish","format-standard","has-post-thumbnail","hentry","category-foretagsnytt","tag-fritidshus","tag-huskatalog","tag-prefabricerade-husblock"],"yoast_head":"<!-- This site is optimized with the Yoast SEO plugin v27.2 - https:\/\/yoast.com\/product\/yoast-seo-wordpress\/ -->\n<title>Nya husmodeller lanseras i h\u00f6st - J\u00f6rntr\u00e4hus<\/title>\n<meta name=\"robots\" content=\"index, follow, max-snippet:-1, max-image-preview:large, max-video-preview:-1\" \/>\n<link rel=\"canonical\" href=\"https:\/\/jorntrahus.se\/fi\/yritysuutiset\/uudet-talomallit-lanseerataan-isannan-toimesta\/\" \/>\n<meta property=\"og:locale\" content=\"fi_FI\" \/>\n<meta property=\"og:type\" content=\"article\" \/>\n<meta property=\"og:title\" content=\"Nya husmodeller lanseras i h\u00f6st - J\u00f6rntr\u00e4hus\" \/>\n<meta property=\"og:description\" content=\"J\u00f6rntr\u00e4hus planerar att offentligg\u00f6ra tio nya husmodeller n\u00e4r man sl\u00e4pper den nya modellkatalogen i h\u00f6st.\" \/>\n<meta property=\"og:url\" content=\"https:\/\/jorntrahus.se\/fi\/yritysuutiset\/uudet-talomallit-lanseerataan-isannan-toimesta\/\" \/>\n<meta property=\"og:site_name\" content=\"J\u00f6rntr\u00e4hus\" \/>\n<meta property=\"article:published_time\" content=\"2020-09-01T08:50:30+00:00\" \/>\n<meta property=\"article:modified_time\" content=\"2022-03-17T14:40:46+00:00\" \/>\n<meta property=\"og:image\" content=\"https:\/\/jorntrahus.se\/wp-content\/uploads\/2020\/09\/J\u00f6rntr\u00e4hus-nya-husmodeller-och-ny-katalog-fritidshus-byggsats-prefabricerade-h\u00f6sten-2020.jpg\" \/>\n\t<meta property=\"og:image:width\" content=\"1536\" \/>\n\t<meta property=\"og:image:height\" content=\"864\" \/>\n\t<meta property=\"og:image:type\" content=\"image\/jpeg\" \/>\n<meta name=\"author\" content=\"J\u00f6rntr\u00e4hus\" \/>\n<meta name=\"twitter:card\" content=\"summary_large_image\" \/>\n<meta name=\"twitter:label1\" content=\"Kirjoittanut\" \/>\n\t<meta name=\"twitter:data1\" content=\"J\u00f6rntr\u00e4hus\" \/>\n\t<meta name=\"twitter:label2\" content=\"Arvioitu lukuaika\" \/>\n\t<meta name=\"twitter:data2\" content=\"1 minuutti\" \/>\n<script type=\"application\/ld+json\" class=\"yoast-schema-graph\">{\"@context\":\"https:\/\/schema.org\",\"@graph\":[{\"@type\":\"Article\",\"@id\":\"https:\/\/jorntrahus.se\/foretagsnytt\/nya-husmodeller-lanseras-i-host\/#article\",\"isPartOf\":{\"@id\":\"https:\/\/jorntrahus.se\/foretagsnytt\/nya-husmodeller-lanseras-i-host\/\"},\"author\":{\"name\":\"J\u00f6rntr\u00e4hus\",\"@id\":\"https:\/\/jorntrahus.se\/#\/schema\/person\/1d486a26d13d4df455271c2f02f5ef5c\"},\"headline\":\"Nya husmodeller lanseras i h\u00f6st\",\"datePublished\":\"2020-09-01T08:50:30+00:00\",\"dateModified\":\"2022-03-17T14:40:46+00:00\",\"mainEntityOfPage\":{\"@id\":\"https:\/\/jorntrahus.se\/foretagsnytt\/nya-husmodeller-lanseras-i-host\/\"},\"wordCount\":244,\"publisher\":{\"@id\":\"https:\/\/jorntrahus.se\/#organization\"},\"image\":{\"@id\":\"https:\/\/jorntrahus.se\/foretagsnytt\/nya-husmodeller-lanseras-i-host\/#primaryimage\"},\"thumbnailUrl\":\"https:\/\/jorntrahus.se\/wp-content\/uploads\/2020\/09\/J\u00f6rntr\u00e4hus-nya-husmodeller-och-ny-katalog-fritidshus-byggsats-prefabricerade-h\u00f6sten-2020.jpg\",\"keywords\":[\"Fritidshus\",\"huskatalog\",\"prefabricerade husblock\"],\"articleSection\":[\"F\u00f6retagsnytt\"],\"inLanguage\":\"fi\"},{\"@type\":\"WebPage\",\"@id\":\"https:\/\/jorntrahus.se\/foretagsnytt\/nya-husmodeller-lanseras-i-host\/\",\"url\":\"https:\/\/jorntrahus.se\/foretagsnytt\/nya-husmodeller-lanseras-i-host\/\",\"name\":\"Nya husmodeller lanseras i h\u00f6st - J\u00f6rntr\u00e4hus\",\"isPartOf\":{\"@id\":\"https:\/\/jorntrahus.se\/#website\"},\"primaryImageOfPage\":{\"@id\":\"https:\/\/jorntrahus.se\/foretagsnytt\/nya-husmodeller-lanseras-i-host\/#primaryimage\"},\"image\":{\"@id\":\"https:\/\/jorntrahus.se\/foretagsnytt\/nya-husmodeller-lanseras-i-host\/#primaryimage\"},\"thumbnailUrl\":\"https:\/\/jorntrahus.se\/wp-content\/uploads\/2020\/09\/J\u00f6rntr\u00e4hus-nya-husmodeller-och-ny-katalog-fritidshus-byggsats-prefabricerade-h\u00f6sten-2020.jpg\",\"datePublished\":\"2020-09-01T08:50:30+00:00\",\"dateModified\":\"2022-03-17T14:40:46+00:00\",\"breadcrumb\":{\"@id\":\"https:\/\/jorntrahus.se\/foretagsnytt\/nya-husmodeller-lanseras-i-host\/#breadcrumb\"},\"inLanguage\":\"fi\",\"potentialAction\":[{\"@type\":\"ReadAction\",\"target\":[\"https:\/\/jorntrahus.se\/foretagsnytt\/nya-husmodeller-lanseras-i-host\/\"]}]},{\"@type\":\"ImageObject\",\"inLanguage\":\"fi\",\"@id\":\"https:\/\/jorntrahus.se\/foretagsnytt\/nya-husmodeller-lanseras-i-host\/#primaryimage\",\"url\":\"https:\/\/jorntrahus.se\/wp-content\/uploads\/2020\/09\/J\u00f6rntr\u00e4hus-nya-husmodeller-och-ny-katalog-fritidshus-byggsats-prefabricerade-h\u00f6sten-2020.jpg\",\"contentUrl\":\"https:\/\/jorntrahus.se\/wp-content\/uploads\/2020\/09\/J\u00f6rntr\u00e4hus-nya-husmodeller-och-ny-katalog-fritidshus-byggsats-prefabricerade-h\u00f6sten-2020.jpg\",\"width\":1536,\"height\":864,\"caption\":\"J\u00f6rntr\u00e4hus nya husmodeller och ny katalog fritidshus byggsats prefabricerade h\u00f6sten 2020\"},{\"@type\":\"BreadcrumbList\",\"@id\":\"https:\/\/jorntrahus.se\/foretagsnytt\/nya-husmodeller-lanseras-i-host\/#breadcrumb\",\"itemListElement\":[{\"@type\":\"ListItem\",\"position\":1,\"name\":\"Hem\",\"item\":\"https:\/\/jorntrahus.se\/\"},{\"@type\":\"ListItem\",\"position\":2,\"name\":\"Nya husmodeller lanseras i h\u00f6st\"}]},{\"@type\":\"WebSite\",\"@id\":\"https:\/\/jorntrahus.se\/#website\",\"url\":\"https:\/\/jorntrahus.se\/\",\"name\":\"J\u00f6rntr\u00e4hus\",\"description\":\"Hus f\u00f6r den medvetne\",\"publisher\":{\"@id\":\"https:\/\/jorntrahus.se\/#organization\"},\"potentialAction\":[{\"@type\":\"SearchAction\",\"target\":{\"@type\":\"EntryPoint\",\"urlTemplate\":\"https:\/\/jorntrahus.se\/?s={search_term_string}\"},\"query-input\":{\"@type\":\"PropertyValueSpecification\",\"valueRequired\":true,\"valueName\":\"search_term_string\"}}],\"inLanguage\":\"fi\"},{\"@type\":\"Organization\",\"@id\":\"https:\/\/jorntrahus.se\/#organization\",\"name\":\"J\u00f6rntr\u00e4hus\",\"url\":\"https:\/\/jorntrahus.se\/\",\"logo\":{\"@type\":\"ImageObject\",\"inLanguage\":\"fi\",\"@id\":\"https:\/\/jorntrahus.se\/#\/schema\/logo\/image\/\",\"url\":\"https:\/\/jorntrahus.se\/wp-content\/uploads\/2020\/09\/Jorntrahus_Grund_CMYK.eps\",\"contentUrl\":\"https:\/\/jorntrahus.se\/wp-content\/uploads\/2020\/09\/Jorntrahus_Grund_CMYK.eps\",\"width\":1,\"height\":1,\"caption\":\"J\u00f6rntr\u00e4hus\"},\"image\":{\"@id\":\"https:\/\/jorntrahus.se\/#\/schema\/logo\/image\/\"}},{\"@type\":\"Person\",\"@id\":\"https:\/\/jorntrahus.se\/#\/schema\/person\/1d486a26d13d4df455271c2f02f5ef5c\",\"name\":\"J\u00f6rntr\u00e4hus\",\"image\":{\"@type\":\"ImageObject\",\"inLanguage\":\"fi\",\"@id\":\"https:\/\/secure.gravatar.com\/avatar\/e9b8fcf3c4d64603cd3ec2eb8588179dabe6c74041e8c2a09d7ca9e0900a4ad3?s=96&d=mm&r=g\",\"url\":\"https:\/\/secure.gravatar.com\/avatar\/e9b8fcf3c4d64603cd3ec2eb8588179dabe6c74041e8c2a09d7ca9e0900a4ad3?s=96&d=mm&r=g\",\"contentUrl\":\"https:\/\/secure.gravatar.com\/avatar\/e9b8fcf3c4d64603cd3ec2eb8588179dabe6c74041e8c2a09d7ca9e0900a4ad3?s=96&d=mm&r=g\",\"caption\":\"J\u00f6rntr\u00e4hus\"},\"sameAs\":[\"https:\/\/jorntrahus.se\"],\"url\":\"https:\/\/jorntrahus.se\/fi\/author\/jorntrahus\/\"}]}<\/script>\n<!-- \/ Yoast SEO plugin. -->","yoast_head_json":{"title":"Uudet talomallit lanseerataan t\u00e4n\u00e4 syksyn\u00e4 - J\u00f6rntr\u00e4hus","robots":{"index":"index","follow":"follow","max-snippet":"max-snippet:-1","max-image-preview":"max-image-preview:large","max-video-preview":"max-video-preview:-1"},"canonical":"https:\/\/jorntrahus.se\/fi\/yritysuutiset\/uudet-talomallit-lanseerataan-isannan-toimesta\/","og_locale":"fi_FI","og_type":"article","og_title":"Nya husmodeller lanseras i h\u00f6st - J\u00f6rntr\u00e4hus","og_description":"J\u00f6rntr\u00e4hus planerar att offentligg\u00f6ra tio nya husmodeller n\u00e4r man sl\u00e4pper den nya modellkatalogen i h\u00f6st.","og_url":"https:\/\/jorntrahus.se\/fi\/yritysuutiset\/uudet-talomallit-lanseerataan-isannan-toimesta\/","og_site_name":"J\u00f6rntr\u00e4hus","article_published_time":"2020-09-01T08:50:30+00:00","article_modified_time":"2022-03-17T14:40:46+00:00","og_image":[{"width":1536,"height":864,"url":"https:\/\/jorntrahus.se\/wp-content\/uploads\/2020\/09\/J\u00f6rntr\u00e4hus-nya-husmodeller-och-ny-katalog-fritidshus-byggsats-prefabricerade-h\u00f6sten-2020.jpg","type":"image\/jpeg"}],"author":"J\u00f6rntr\u00e4hus","twitter_card":"summary_large_image","twitter_misc":{"Kirjoittanut":"J\u00f6rntr\u00e4hus","Arvioitu lukuaika":"1 minuutti"},"schema":{"@context":"https:\/\/schema.org","@graph":[{"@type":"Article","@id":"https:\/\/jorntrahus.se\/foretagsnytt\/nya-husmodeller-lanseras-i-host\/#article","isPartOf":{"@id":"https:\/\/jorntrahus.se\/foretagsnytt\/nya-husmodeller-lanseras-i-host\/"},"author":{"name":"J\u00f6rntr\u00e4hus","@id":"https:\/\/jorntrahus.se\/#\/schema\/person\/1d486a26d13d4df455271c2f02f5ef5c"},"headline":"Nya husmodeller lanseras i h\u00f6st","datePublished":"2020-09-01T08:50:30+00:00","dateModified":"2022-03-17T14:40:46+00:00","mainEntityOfPage":{"@id":"https:\/\/jorntrahus.se\/foretagsnytt\/nya-husmodeller-lanseras-i-host\/"},"wordCount":244,"publisher":{"@id":"https:\/\/jorntrahus.se\/#organization"},"image":{"@id":"https:\/\/jorntrahus.se\/foretagsnytt\/nya-husmodeller-lanseras-i-host\/#primaryimage"},"thumbnailUrl":"https:\/\/jorntrahus.se\/wp-content\/uploads\/2020\/09\/J\u00f6rntr\u00e4hus-nya-husmodeller-och-ny-katalog-fritidshus-byggsats-prefabricerade-h\u00f6sten-2020.jpg","keywords":["Fritidshus","huskatalog","prefabricerade husblock"],"articleSection":["F\u00f6retagsnytt"],"inLanguage":"fi"},{"@type":"WebPage","@id":"https:\/\/jorntrahus.se\/foretagsnytt\/nya-husmodeller-lanseras-i-host\/","url":"https:\/\/jorntrahus.se\/foretagsnytt\/nya-husmodeller-lanseras-i-host\/","name":"Uudet talomallit lanseerataan t\u00e4n\u00e4 syksyn\u00e4 - J\u00f6rntr\u00e4hus","isPartOf":{"@id":"https:\/\/jorntrahus.se\/#website"},"primaryImageOfPage":{"@id":"https:\/\/jorntrahus.se\/foretagsnytt\/nya-husmodeller-lanseras-i-host\/#primaryimage"},"image":{"@id":"https:\/\/jorntrahus.se\/foretagsnytt\/nya-husmodeller-lanseras-i-host\/#primaryimage"},"thumbnailUrl":"https:\/\/jorntrahus.se\/wp-content\/uploads\/2020\/09\/J\u00f6rntr\u00e4hus-nya-husmodeller-och-ny-katalog-fritidshus-byggsats-prefabricerade-h\u00f6sten-2020.jpg","datePublished":"2020-09-01T08:50:30+00:00","dateModified":"2022-03-17T14:40:46+00:00","breadcrumb":{"@id":"https:\/\/jorntrahus.se\/foretagsnytt\/nya-husmodeller-lanseras-i-host\/#breadcrumb"},"inLanguage":"fi","potentialAction":[{"@type":"ReadAction","target":["https:\/\/jorntrahus.se\/foretagsnytt\/nya-husmodeller-lanseras-i-host\/"]}]},{"@type":"ImageObject","inLanguage":"fi","@id":"https:\/\/jorntrahus.se\/foretagsnytt\/nya-husmodeller-lanseras-i-host\/#primaryimage","url":"https:\/\/jorntrahus.se\/wp-content\/uploads\/2020\/09\/J\u00f6rntr\u00e4hus-nya-husmodeller-och-ny-katalog-fritidshus-byggsats-prefabricerade-h\u00f6sten-2020.jpg","contentUrl":"https:\/\/jorntrahus.se\/wp-content\/uploads\/2020\/09\/J\u00f6rntr\u00e4hus-nya-husmodeller-och-ny-katalog-fritidshus-byggsats-prefabricerade-h\u00f6sten-2020.jpg","width":1536,"height":864,"caption":"J\u00f6rntr\u00e4hus nya husmodeller och ny katalog fritidshus byggsats prefabricerade h\u00f6sten 2020"},{"@type":"BreadcrumbList","@id":"https:\/\/jorntrahus.se\/foretagsnytt\/nya-husmodeller-lanseras-i-host\/#breadcrumb","itemListElement":[{"@type":"ListItem","position":1,"name":"Hem","item":"https:\/\/jorntrahus.se\/"},{"@type":"ListItem","position":2,"name":"Nya husmodeller lanseras i h\u00f6st"}]},{"@type":"WebSite","@id":"https:\/\/jorntrahus.se\/#website","url":"https:\/\/jorntrahus.se\/","name":"J\u00f6rntr\u00e4hus","description":"Talot tietoisille","publisher":{"@id":"https:\/\/jorntrahus.se\/#organization"},"potentialAction":[{"@type":"SearchAction","target":{"@type":"EntryPoint","urlTemplate":"https:\/\/jorntrahus.se\/?s={search_term_string}"},"query-input":{"@type":"PropertyValueSpecification","valueRequired":true,"valueName":"search_term_string"}}],"inLanguage":"fi"},{"@type":"Organization","@id":"https:\/\/jorntrahus.se\/#organization","name":"J\u00f6rntr\u00e4hus","url":"https:\/\/jorntrahus.se\/","logo":{"@type":"ImageObject","inLanguage":"fi","@id":"https:\/\/jorntrahus.se\/#\/schema\/logo\/image\/","url":"https:\/\/jorntrahus.se\/wp-content\/uploads\/2020\/09\/Jorntrahus_Grund_CMYK.eps","contentUrl":"https:\/\/jorntrahus.se\/wp-content\/uploads\/2020\/09\/Jorntrahus_Grund_CMYK.eps","width":1,"height":1,"caption":"J\u00f6rntr\u00e4hus"},"image":{"@id":"https:\/\/jorntrahus.se\/#\/schema\/logo\/image\/"}},{"@type":"Person","@id":"https:\/\/jorntrahus.se\/#\/schema\/person\/1d486a26d13d4df455271c2f02f5ef5c","name":"J\u00f6rntr\u00e4hus","image":{"@type":"ImageObject","inLanguage":"fi","@id":"https:\/\/secure.gravatar.com\/avatar\/e9b8fcf3c4d64603cd3ec2eb8588179dabe6c74041e8c2a09d7ca9e0900a4ad3?s=96&d=mm&r=g","url":"https:\/\/secure.gravatar.com\/avatar\/e9b8fcf3c4d64603cd3ec2eb8588179dabe6c74041e8c2a09d7ca9e0900a4ad3?s=96&d=mm&r=g","contentUrl":"https:\/\/secure.gravatar.com\/avatar\/e9b8fcf3c4d64603cd3ec2eb8588179dabe6c74041e8c2a09d7ca9e0900a4ad3?s=96&d=mm&r=g","caption":"J\u00f6rntr\u00e4hus"},"sameAs":["https:\/\/jorntrahus.se"],"url":"https:\/\/jorntrahus.se\/fi\/author\/jorntrahus\/"}]}},"publishpress_future_action":{"enabled":false,"date":"2026-05-08 10:41:53","action":"change-status","newStatus":"draft","terms":[],"taxonomy":"category","extraData":[]},"publishpress_future_workflow_manual_trigger":{"enabledWorkflows":[]},"_links":{"self":[{"href":"https:\/\/jorntrahus.se\/fi\/wp-json\/wp\/v2\/posts\/11940","targetHints":{"allow":["GET"]}}],"collection":[{"href":"https:\/\/jorntrahus.se\/fi\/wp-json\/wp\/v2\/posts"}],"about":[{"href":"https:\/\/jorntrahus.se\/fi\/wp-json\/wp\/v2\/types\/post"}],"author":[{"embeddable":true,"href":"https:\/\/jorntrahus.se\/fi\/wp-json\/wp\/v2\/users\/2"}],"replies":[{"embeddable":true,"href":"https:\/\/jorntrahus.se\/fi\/wp-json\/wp\/v2\/comments?post=11940"}],"version-history":[{"count":1,"href":"https:\/\/jorntrahus.se\/fi\/wp-json\/wp\/v2\/posts\/11940\/revisions"}],"predecessor-version":[{"id":11942,"href":"https:\/\/jorntrahus.se\/fi\/wp-json\/wp\/v2\/posts\/11940\/revisions\/11942"}],"wp:featuredmedia":[{"embeddable":true,"href":"https:\/\/jorntrahus.se\/fi\/wp-json\/wp\/v2\/media\/11941"}],"wp:attachment":[{"href":"https:\/\/jorntrahus.se\/fi\/wp-json\/wp\/v2\/media?parent=11940"}],"wp:term":[{"taxonomy":"category","embeddable":true,"href":"https:\/\/jorntrahus.se\/fi\/wp-json\/wp\/v2\/categories?post=11940"},{"taxonomy":"post_tag","embeddable":true,"href":"https:\/\/jorntrahus.se\/fi\/wp-json\/wp\/v2\/tags?post=11940"}],"curies":[{"name":"wp","href":"https:\/\/api.w.org\/{rel}","templated":true}]}}