{"id":11964,"date":"2019-11-11T15:42:13","date_gmt":"2019-11-11T14:42:13","guid":{"rendered":"https:\/\/jorntrahus.se\/?p=11964"},"modified":"2022-03-17T15:41:23","modified_gmt":"2022-03-17T14:41:23","slug":"mikael-lindberg-uusi-toimitusjohtaja-jorntrahusissa","status":"publish","type":"post","link":"https:\/\/jorntrahus.se\/fi\/pressmeddelande\/mikael-lindberg-ny-vd-pa-jorntrahus\/","title":{"rendered":"Mikael Lindberg J\u00f6rntr\u00e4hus:n uusi toimitusjohtaja"},"content":{"rendered":"<h3>Nyt on selv\u00e4\u00e4, ett\u00e4 Mikael Lindbergist\u00e4 tulee J\u00f6rntr\u00e4hus:n uusi toimitusjohtaja. H\u00e4n aloittaa teht\u00e4v\u00e4ss\u00e4\u00e4n 1. helmikuuta 2020, ja h\u00e4n on viimeksi toiminut Stora Enson Skandinavian myyntijohtajana.<\/h3>\n<p>- \"Minusta tuntuu, ett\u00e4 olen tulossa J\u00f6rntr\u00e4hus:hen todella mielenkiintoisessa asemassa. Uskon vahvasti yrityksen konseptiin teollisuusrakentamisessa, ja meill\u00e4 on kaikki mahdollisuudet jatkaa markkinaosuuksien ker\u00e4\u00e4mist\u00e4\", Mikael Lindberg sanoo.<\/p>\n<p>Mikael Lindbergill\u00e4 on vuosien varrella ollut vaikuttava ansioluettelo. Stora Enson myyntip\u00e4\u00e4llikk\u00f6n\u00e4 toimimisen lis\u00e4ksi h\u00e4n oli seitsem\u00e4n vuotta Martinsons Byggsystemin toimitusjohtaja. Fredrik Andersson, J\u00f6rntr\u00e4hus:n k\u00e4sitt\u00e4v\u00e4n Contractorin toimitusjohtaja, uskoo, ett\u00e4 Mikael Lindbergin kokemus Martinsonsin palveluksessa olleesta ajasta oli rekrytoinnin kannalta eritt\u00e4in t\u00e4rke\u00e4\u00e4.<\/p>\n<p>- Mikaelilla on juuri sellainen tausta, jonka haluamme J\u00f6rntr\u00e4hus:n toimitusjohtajalta. H\u00e4nell\u00e4 on ansioita sek\u00e4 valmistusteollisuudesta ett\u00e4 puuteollisuudesta, vakiintunut kontaktiverkosto ja laaja tiet\u00e4mys teollisuusrakentamisesta. Lis\u00e4ksi h\u00e4nell\u00e4 on vahva myyntipainotteisuus ja h\u00e4n on eritt\u00e4in hyv\u00e4 tapaamaan ihmisi\u00e4, mik\u00e4 on luonnollisesti t\u00e4rke\u00e4\u00e4 toimitusjohtajan roolissa\", Fredrik Andersson sanoo.<\/p>\n<h5>En ole tullut t\u00e4nne hoitamaan<\/h5>\n<p>Mikael itse uskoo, ett\u00e4 J\u00f6rntr\u00e4hus:ll\u00e4 on hyv\u00e4t edellytykset jatkaa kehityst\u00e4 ja kasvua sek\u00e4 pohjoisilla markkinoilla ett\u00e4 muualla Ruotsissa.<\/p>\n<p>- N\u00e4hd\u00e4kseni J\u00f6rntr\u00e4hus on l\u00e4htenyt j\u00e4nnitt\u00e4v\u00e4lle matkalle, jossa on paljon sellaista, joka viittaa jatkuvaan kasvuun. Enk\u00e4 ajattele v\u00e4hiten asuntorakentamista, jossa yrityksen teollisuusrakentamista koskevalla konseptilla on valtava potentiaali. On my\u00f6s my\u00f6nteist\u00e4 olla osa suurta ja vakiintunutta konsernia, jossa Contractorin eri yritykset kattavat koko ketjun maa- ja maarakentamisesta tuotantoon ja rakentamiseen. Olen kuitenkin valmis kovaan ty\u00f6h\u00f6n. En ole tullut t\u00e4nne johtamaan, vaan ajamaan ja viem\u00e4\u00e4n yrityst\u00e4 eteenp\u00e4in\", Mikael Lindberg sanoo.<\/p>\n<p><strong>Kuva:<\/strong> Jonas Westling<\/p>\n<p><strong>Lis\u00e4tietoja:\u00a0<\/strong><\/p>\n<p>Fredrik Andersson, toimitusjohtaja Urakoitsija Bygg<br \/>\nPuh: 010 - 130 78 01<\/p>\n<p>Mikael Lindberg, tuleva toimitusjohtaja J\u00f6rntr\u00e4hus<br \/>\nPuh: 070 - 343 01 98<\/p>\n<p><em>Urakoitsijakonserni toimii kuudessa toimipisteess\u00e4 Pohjois-Ruotsissa, ja sen tavoitteena on tulla Pohjois-Ruotsin johtavaksi rakennusalan yritykseksi, jonka yhten\u00e4 kulmakiven\u00e4 on paikallinen omistajuus. Contractor Bygg perustettiin jo vuonna 1910, ja t\u00e4ll\u00e4 hetkell\u00e4 se toimii Skellefte\u00e5ssa, Uumajassa, Lyckseless\u00e4, Hemavanissa ja Sundsvallissa. Konserniin kuuluvat my\u00f6s Lindgrens Mark Skellefte\u00e5ssa ja J\u00f6rntr\u00e4hus AB sek\u00e4 Eldabutiken Skellefte\u00e5 ja Contractor Fastigheter. Skellefte\u00e5ssa p\u00e4\u00e4konttoriaan pit\u00e4v\u00e4ll\u00e4 konsernilla on noin 400 ty\u00f6ntekij\u00e4\u00e4, ja sen liikevaihto vuonna 2018 oli noin 700 miljoonaa kruunua.\u00a0<\/em><\/p>","protected":false},"excerpt":{"rendered":"<p>Nyt on selv\u00e4\u00e4, ett\u00e4 Mikael Lindbergist\u00e4 tulee J\u00f6rntr\u00e4hus:n uusi toimitusjohtaja. H\u00e4n aloittaa teht\u00e4v\u00e4ss\u00e4\u00e4n 1. helmikuuta 2020, ja h\u00e4n on viimeksi toiminut Stora Enson Skandinavian myyntijohtajana.<\/p>","protected":false},"author":2,"featured_media":11963,"comment_status":"closed","ping_status":"closed","sticky":false,"template":"","format":"standard","meta":{"footnotes":""},"categories":[992,1186],"tags":[],"class_list":["post-11964","post","type-post","status-publish","format-standard","has-post-thumbnail","hentry","category-pro","category-pressmeddelande"],"yoast_head":"<!-- This site is optimized with the Yoast SEO plugin v27.2 - https:\/\/yoast.com\/product\/yoast-seo-wordpress\/ -->\n<title>Mikael Lindberg ny vd p\u00e5 J\u00f6rntr\u00e4hus - J\u00f6rntr\u00e4hus<\/title>\n<meta name=\"robots\" content=\"index, follow, max-snippet:-1, max-image-preview:large, max-video-preview:-1\" \/>\n<link rel=\"canonical\" href=\"https:\/\/jorntrahus.se\/fi\/lehdistotiedote\/mikael-lindberg-uusi-toimitusjohtaja-jorntrahusissa\/\" \/>\n<meta property=\"og:locale\" content=\"fi_FI\" \/>\n<meta property=\"og:type\" content=\"article\" \/>\n<meta property=\"og:title\" content=\"Mikael Lindberg ny vd p\u00e5 J\u00f6rntr\u00e4hus - J\u00f6rntr\u00e4hus\" \/>\n<meta property=\"og:description\" content=\"Nu st\u00e5r det klart att Mikael Lindberg blir ny vd f\u00f6r J\u00f6rntr\u00e4hus. Han tilltr\u00e4der 1 februari 2020 och kommer n\u00e4rmast fr\u00e5n en tj\u00e4nst som skandinavisk f\u00f6rs\u00e4ljningschef p\u00e5 Stora Enso.\" \/>\n<meta property=\"og:url\" content=\"https:\/\/jorntrahus.se\/fi\/lehdistotiedote\/mikael-lindberg-uusi-toimitusjohtaja-jorntrahusissa\/\" \/>\n<meta property=\"og:site_name\" content=\"J\u00f6rntr\u00e4hus\" \/>\n<meta property=\"article:published_time\" content=\"2019-11-11T14:42:13+00:00\" \/>\n<meta property=\"article:modified_time\" content=\"2022-03-17T14:41:23+00:00\" \/>\n<meta property=\"og:image\" content=\"https:\/\/jorntrahus.se\/wp-content\/uploads\/2020\/09\/Jorntrahus-Mikael-Lindberg-ny-vd-pa-Jorntrahus.jpg\" \/>\n\t<meta property=\"og:image:width\" content=\"1500\" \/>\n\t<meta property=\"og:image:height\" content=\"966\" \/>\n\t<meta property=\"og:image:type\" content=\"image\/jpeg\" \/>\n<meta name=\"author\" content=\"J\u00f6rntr\u00e4hus\" \/>\n<meta name=\"twitter:card\" content=\"summary_large_image\" \/>\n<meta name=\"twitter:label1\" content=\"Kirjoittanut\" \/>\n\t<meta name=\"twitter:data1\" content=\"J\u00f6rntr\u00e4hus\" \/>\n\t<meta name=\"twitter:label2\" content=\"Arvioitu lukuaika\" \/>\n\t<meta name=\"twitter:data2\" content=\"2 minuuttia\" \/>\n<script type=\"application\/ld+json\" class=\"yoast-schema-graph\">{\"@context\":\"https:\/\/schema.org\",\"@graph\":[{\"@type\":\"Article\",\"@id\":\"https:\/\/jorntrahus.se\/pressmeddelande\/mikael-lindberg-ny-vd-pa-jorntrahus\/#article\",\"isPartOf\":{\"@id\":\"https:\/\/jorntrahus.se\/pressmeddelande\/mikael-lindberg-ny-vd-pa-jorntrahus\/\"},\"author\":{\"name\":\"J\u00f6rntr\u00e4hus\",\"@id\":\"https:\/\/jorntrahus.se\/#\/schema\/person\/1d486a26d13d4df455271c2f02f5ef5c\"},\"headline\":\"Mikael Lindberg ny vd p\u00e5 J\u00f6rntr\u00e4hus\",\"datePublished\":\"2019-11-11T14:42:13+00:00\",\"dateModified\":\"2022-03-17T14:41:23+00:00\",\"mainEntityOfPage\":{\"@id\":\"https:\/\/jorntrahus.se\/pressmeddelande\/mikael-lindberg-ny-vd-pa-jorntrahus\/\"},\"wordCount\":491,\"publisher\":{\"@id\":\"https:\/\/jorntrahus.se\/#organization\"},\"image\":{\"@id\":\"https:\/\/jorntrahus.se\/pressmeddelande\/mikael-lindberg-ny-vd-pa-jorntrahus\/#primaryimage\"},\"thumbnailUrl\":\"https:\/\/jorntrahus.se\/wp-content\/uploads\/2020\/09\/Jorntrahus-Mikael-Lindberg-ny-vd-pa-Jorntrahus.jpg\",\"articleSection\":[\"J\u00f6rntr\u00e4hus Pro\",\"Pressmeddelande\"],\"inLanguage\":\"fi\"},{\"@type\":\"WebPage\",\"@id\":\"https:\/\/jorntrahus.se\/pressmeddelande\/mikael-lindberg-ny-vd-pa-jorntrahus\/\",\"url\":\"https:\/\/jorntrahus.se\/pressmeddelande\/mikael-lindberg-ny-vd-pa-jorntrahus\/\",\"name\":\"Mikael Lindberg ny vd p\u00e5 J\u00f6rntr\u00e4hus - J\u00f6rntr\u00e4hus\",\"isPartOf\":{\"@id\":\"https:\/\/jorntrahus.se\/#website\"},\"primaryImageOfPage\":{\"@id\":\"https:\/\/jorntrahus.se\/pressmeddelande\/mikael-lindberg-ny-vd-pa-jorntrahus\/#primaryimage\"},\"image\":{\"@id\":\"https:\/\/jorntrahus.se\/pressmeddelande\/mikael-lindberg-ny-vd-pa-jorntrahus\/#primaryimage\"},\"thumbnailUrl\":\"https:\/\/jorntrahus.se\/wp-content\/uploads\/2020\/09\/Jorntrahus-Mikael-Lindberg-ny-vd-pa-Jorntrahus.jpg\",\"datePublished\":\"2019-11-11T14:42:13+00:00\",\"dateModified\":\"2022-03-17T14:41:23+00:00\",\"breadcrumb\":{\"@id\":\"https:\/\/jorntrahus.se\/pressmeddelande\/mikael-lindberg-ny-vd-pa-jorntrahus\/#breadcrumb\"},\"inLanguage\":\"fi\",\"potentialAction\":[{\"@type\":\"ReadAction\",\"target\":[\"https:\/\/jorntrahus.se\/pressmeddelande\/mikael-lindberg-ny-vd-pa-jorntrahus\/\"]}]},{\"@type\":\"ImageObject\",\"inLanguage\":\"fi\",\"@id\":\"https:\/\/jorntrahus.se\/pressmeddelande\/mikael-lindberg-ny-vd-pa-jorntrahus\/#primaryimage\",\"url\":\"https:\/\/jorntrahus.se\/wp-content\/uploads\/2020\/09\/Jorntrahus-Mikael-Lindberg-ny-vd-pa-Jorntrahus.jpg\",\"contentUrl\":\"https:\/\/jorntrahus.se\/wp-content\/uploads\/2020\/09\/Jorntrahus-Mikael-Lindberg-ny-vd-pa-Jorntrahus.jpg\",\"width\":1500,\"height\":966,\"caption\":\"Jorntrahus Mikael Lindberg ny vd pa Jorntrahus\"},{\"@type\":\"BreadcrumbList\",\"@id\":\"https:\/\/jorntrahus.se\/pressmeddelande\/mikael-lindberg-ny-vd-pa-jorntrahus\/#breadcrumb\",\"itemListElement\":[{\"@type\":\"ListItem\",\"position\":1,\"name\":\"Hem\",\"item\":\"https:\/\/jorntrahus.se\/\"},{\"@type\":\"ListItem\",\"position\":2,\"name\":\"Mikael Lindberg ny vd p\u00e5 J\u00f6rntr\u00e4hus\"}]},{\"@type\":\"WebSite\",\"@id\":\"https:\/\/jorntrahus.se\/#website\",\"url\":\"https:\/\/jorntrahus.se\/\",\"name\":\"J\u00f6rntr\u00e4hus\",\"description\":\"Hus f\u00f6r den medvetne\",\"publisher\":{\"@id\":\"https:\/\/jorntrahus.se\/#organization\"},\"potentialAction\":[{\"@type\":\"SearchAction\",\"target\":{\"@type\":\"EntryPoint\",\"urlTemplate\":\"https:\/\/jorntrahus.se\/?s={search_term_string}\"},\"query-input\":{\"@type\":\"PropertyValueSpecification\",\"valueRequired\":true,\"valueName\":\"search_term_string\"}}],\"inLanguage\":\"fi\"},{\"@type\":\"Organization\",\"@id\":\"https:\/\/jorntrahus.se\/#organization\",\"name\":\"J\u00f6rntr\u00e4hus\",\"url\":\"https:\/\/jorntrahus.se\/\",\"logo\":{\"@type\":\"ImageObject\",\"inLanguage\":\"fi\",\"@id\":\"https:\/\/jorntrahus.se\/#\/schema\/logo\/image\/\",\"url\":\"https:\/\/jorntrahus.se\/wp-content\/uploads\/2020\/09\/Jorntrahus_Grund_CMYK.eps\",\"contentUrl\":\"https:\/\/jorntrahus.se\/wp-content\/uploads\/2020\/09\/Jorntrahus_Grund_CMYK.eps\",\"width\":1,\"height\":1,\"caption\":\"J\u00f6rntr\u00e4hus\"},\"image\":{\"@id\":\"https:\/\/jorntrahus.se\/#\/schema\/logo\/image\/\"}},{\"@type\":\"Person\",\"@id\":\"https:\/\/jorntrahus.se\/#\/schema\/person\/1d486a26d13d4df455271c2f02f5ef5c\",\"name\":\"J\u00f6rntr\u00e4hus\",\"image\":{\"@type\":\"ImageObject\",\"inLanguage\":\"fi\",\"@id\":\"https:\/\/secure.gravatar.com\/avatar\/e9b8fcf3c4d64603cd3ec2eb8588179dabe6c74041e8c2a09d7ca9e0900a4ad3?s=96&d=mm&r=g\",\"url\":\"https:\/\/secure.gravatar.com\/avatar\/e9b8fcf3c4d64603cd3ec2eb8588179dabe6c74041e8c2a09d7ca9e0900a4ad3?s=96&d=mm&r=g\",\"contentUrl\":\"https:\/\/secure.gravatar.com\/avatar\/e9b8fcf3c4d64603cd3ec2eb8588179dabe6c74041e8c2a09d7ca9e0900a4ad3?s=96&d=mm&r=g\",\"caption\":\"J\u00f6rntr\u00e4hus\"},\"sameAs\":[\"https:\/\/jorntrahus.se\"],\"url\":\"https:\/\/jorntrahus.se\/fi\/author\/jorntrahus\/\"}]}<\/script>\n<!-- \/ Yoast SEO plugin. -->","yoast_head_json":{"title":"Mikael Lindberg on J\u00f6rntr\u00e4hus:n uusi toimitusjohtaja - J\u00f6rntr\u00e4hus - J\u00f6rntr\u00e4hus","robots":{"index":"index","follow":"follow","max-snippet":"max-snippet:-1","max-image-preview":"max-image-preview:large","max-video-preview":"max-video-preview:-1"},"canonical":"https:\/\/jorntrahus.se\/fi\/lehdistotiedote\/mikael-lindberg-uusi-toimitusjohtaja-jorntrahusissa\/","og_locale":"fi_FI","og_type":"article","og_title":"Mikael Lindberg ny vd p\u00e5 J\u00f6rntr\u00e4hus - J\u00f6rntr\u00e4hus","og_description":"Nu st\u00e5r det klart att Mikael Lindberg blir ny vd f\u00f6r J\u00f6rntr\u00e4hus. Han tilltr\u00e4der 1 februari 2020 och kommer n\u00e4rmast fr\u00e5n en tj\u00e4nst som skandinavisk f\u00f6rs\u00e4ljningschef p\u00e5 Stora Enso.","og_url":"https:\/\/jorntrahus.se\/fi\/lehdistotiedote\/mikael-lindberg-uusi-toimitusjohtaja-jorntrahusissa\/","og_site_name":"J\u00f6rntr\u00e4hus","article_published_time":"2019-11-11T14:42:13+00:00","article_modified_time":"2022-03-17T14:41:23+00:00","og_image":[{"width":1500,"height":966,"url":"https:\/\/jorntrahus.se\/wp-content\/uploads\/2020\/09\/Jorntrahus-Mikael-Lindberg-ny-vd-pa-Jorntrahus.jpg","type":"image\/jpeg"}],"author":"J\u00f6rntr\u00e4hus","twitter_card":"summary_large_image","twitter_misc":{"Kirjoittanut":"J\u00f6rntr\u00e4hus","Arvioitu lukuaika":"2 minuuttia"},"schema":{"@context":"https:\/\/schema.org","@graph":[{"@type":"Article","@id":"https:\/\/jorntrahus.se\/pressmeddelande\/mikael-lindberg-ny-vd-pa-jorntrahus\/#article","isPartOf":{"@id":"https:\/\/jorntrahus.se\/pressmeddelande\/mikael-lindberg-ny-vd-pa-jorntrahus\/"},"author":{"name":"J\u00f6rntr\u00e4hus","@id":"https:\/\/jorntrahus.se\/#\/schema\/person\/1d486a26d13d4df455271c2f02f5ef5c"},"headline":"Mikael Lindberg ny vd p\u00e5 J\u00f6rntr\u00e4hus","datePublished":"2019-11-11T14:42:13+00:00","dateModified":"2022-03-17T14:41:23+00:00","mainEntityOfPage":{"@id":"https:\/\/jorntrahus.se\/pressmeddelande\/mikael-lindberg-ny-vd-pa-jorntrahus\/"},"wordCount":491,"publisher":{"@id":"https:\/\/jorntrahus.se\/#organization"},"image":{"@id":"https:\/\/jorntrahus.se\/pressmeddelande\/mikael-lindberg-ny-vd-pa-jorntrahus\/#primaryimage"},"thumbnailUrl":"https:\/\/jorntrahus.se\/wp-content\/uploads\/2020\/09\/Jorntrahus-Mikael-Lindberg-ny-vd-pa-Jorntrahus.jpg","articleSection":["J\u00f6rntr\u00e4hus Pro","Pressmeddelande"],"inLanguage":"fi"},{"@type":"WebPage","@id":"https:\/\/jorntrahus.se\/pressmeddelande\/mikael-lindberg-ny-vd-pa-jorntrahus\/","url":"https:\/\/jorntrahus.se\/pressmeddelande\/mikael-lindberg-ny-vd-pa-jorntrahus\/","name":"Mikael Lindberg on J\u00f6rntr\u00e4hus:n uusi toimitusjohtaja - J\u00f6rntr\u00e4hus - J\u00f6rntr\u00e4hus","isPartOf":{"@id":"https:\/\/jorntrahus.se\/#website"},"primaryImageOfPage":{"@id":"https:\/\/jorntrahus.se\/pressmeddelande\/mikael-lindberg-ny-vd-pa-jorntrahus\/#primaryimage"},"image":{"@id":"https:\/\/jorntrahus.se\/pressmeddelande\/mikael-lindberg-ny-vd-pa-jorntrahus\/#primaryimage"},"thumbnailUrl":"https:\/\/jorntrahus.se\/wp-content\/uploads\/2020\/09\/Jorntrahus-Mikael-Lindberg-ny-vd-pa-Jorntrahus.jpg","datePublished":"2019-11-11T14:42:13+00:00","dateModified":"2022-03-17T14:41:23+00:00","breadcrumb":{"@id":"https:\/\/jorntrahus.se\/pressmeddelande\/mikael-lindberg-ny-vd-pa-jorntrahus\/#breadcrumb"},"inLanguage":"fi","potentialAction":[{"@type":"ReadAction","target":["https:\/\/jorntrahus.se\/pressmeddelande\/mikael-lindberg-ny-vd-pa-jorntrahus\/"]}]},{"@type":"ImageObject","inLanguage":"fi","@id":"https:\/\/jorntrahus.se\/pressmeddelande\/mikael-lindberg-ny-vd-pa-jorntrahus\/#primaryimage","url":"https:\/\/jorntrahus.se\/wp-content\/uploads\/2020\/09\/Jorntrahus-Mikael-Lindberg-ny-vd-pa-Jorntrahus.jpg","contentUrl":"https:\/\/jorntrahus.se\/wp-content\/uploads\/2020\/09\/Jorntrahus-Mikael-Lindberg-ny-vd-pa-Jorntrahus.jpg","width":1500,"height":966,"caption":"Jorntrahus Mikael Lindberg ny vd pa Jorntrahus"},{"@type":"BreadcrumbList","@id":"https:\/\/jorntrahus.se\/pressmeddelande\/mikael-lindberg-ny-vd-pa-jorntrahus\/#breadcrumb","itemListElement":[{"@type":"ListItem","position":1,"name":"Hem","item":"https:\/\/jorntrahus.se\/"},{"@type":"ListItem","position":2,"name":"Mikael Lindberg ny vd p\u00e5 J\u00f6rntr\u00e4hus"}]},{"@type":"WebSite","@id":"https:\/\/jorntrahus.se\/#website","url":"https:\/\/jorntrahus.se\/","name":"J\u00f6rntr\u00e4hus","description":"Talot tietoisille","publisher":{"@id":"https:\/\/jorntrahus.se\/#organization"},"potentialAction":[{"@type":"SearchAction","target":{"@type":"EntryPoint","urlTemplate":"https:\/\/jorntrahus.se\/?s={search_term_string}"},"query-input":{"@type":"PropertyValueSpecification","valueRequired":true,"valueName":"search_term_string"}}],"inLanguage":"fi"},{"@type":"Organization","@id":"https:\/\/jorntrahus.se\/#organization","name":"J\u00f6rntr\u00e4hus","url":"https:\/\/jorntrahus.se\/","logo":{"@type":"ImageObject","inLanguage":"fi","@id":"https:\/\/jorntrahus.se\/#\/schema\/logo\/image\/","url":"https:\/\/jorntrahus.se\/wp-content\/uploads\/2020\/09\/Jorntrahus_Grund_CMYK.eps","contentUrl":"https:\/\/jorntrahus.se\/wp-content\/uploads\/2020\/09\/Jorntrahus_Grund_CMYK.eps","width":1,"height":1,"caption":"J\u00f6rntr\u00e4hus"},"image":{"@id":"https:\/\/jorntrahus.se\/#\/schema\/logo\/image\/"}},{"@type":"Person","@id":"https:\/\/jorntrahus.se\/#\/schema\/person\/1d486a26d13d4df455271c2f02f5ef5c","name":"J\u00f6rntr\u00e4hus","image":{"@type":"ImageObject","inLanguage":"fi","@id":"https:\/\/secure.gravatar.com\/avatar\/e9b8fcf3c4d64603cd3ec2eb8588179dabe6c74041e8c2a09d7ca9e0900a4ad3?s=96&d=mm&r=g","url":"https:\/\/secure.gravatar.com\/avatar\/e9b8fcf3c4d64603cd3ec2eb8588179dabe6c74041e8c2a09d7ca9e0900a4ad3?s=96&d=mm&r=g","contentUrl":"https:\/\/secure.gravatar.com\/avatar\/e9b8fcf3c4d64603cd3ec2eb8588179dabe6c74041e8c2a09d7ca9e0900a4ad3?s=96&d=mm&r=g","caption":"J\u00f6rntr\u00e4hus"},"sameAs":["https:\/\/jorntrahus.se"],"url":"https:\/\/jorntrahus.se\/fi\/author\/jorntrahus\/"}]}},"publishpress_future_action":{"enabled":false,"date":"2026-05-06 22:56:48","action":"change-status","newStatus":"draft","terms":[],"taxonomy":"category","extraData":[]},"publishpress_future_workflow_manual_trigger":{"enabledWorkflows":[]},"_links":{"self":[{"href":"https:\/\/jorntrahus.se\/fi\/wp-json\/wp\/v2\/posts\/11964","targetHints":{"allow":["GET"]}}],"collection":[{"href":"https:\/\/jorntrahus.se\/fi\/wp-json\/wp\/v2\/posts"}],"about":[{"href":"https:\/\/jorntrahus.se\/fi\/wp-json\/wp\/v2\/types\/post"}],"author":[{"embeddable":true,"href":"https:\/\/jorntrahus.se\/fi\/wp-json\/wp\/v2\/users\/2"}],"replies":[{"embeddable":true,"href":"https:\/\/jorntrahus.se\/fi\/wp-json\/wp\/v2\/comments?post=11964"}],"version-history":[{"count":7,"href":"https:\/\/jorntrahus.se\/fi\/wp-json\/wp\/v2\/posts\/11964\/revisions"}],"predecessor-version":[{"id":11998,"href":"https:\/\/jorntrahus.se\/fi\/wp-json\/wp\/v2\/posts\/11964\/revisions\/11998"}],"wp:featuredmedia":[{"embeddable":true,"href":"https:\/\/jorntrahus.se\/fi\/wp-json\/wp\/v2\/media\/11963"}],"wp:attachment":[{"href":"https:\/\/jorntrahus.se\/fi\/wp-json\/wp\/v2\/media?parent=11964"}],"wp:term":[{"taxonomy":"category","embeddable":true,"href":"https:\/\/jorntrahus.se\/fi\/wp-json\/wp\/v2\/categories?post=11964"},{"taxonomy":"post_tag","embeddable":true,"href":"https:\/\/jorntrahus.se\/fi\/wp-json\/wp\/v2\/tags?post=11964"}],"curies":[{"name":"wp","href":"https:\/\/api.w.org\/{rel}","templated":true}]}}