{"id":13236,"date":"2022-02-18T14:34:50","date_gmt":"2022-02-18T13:34:50","guid":{"rendered":"https:\/\/jorntrahus.se\/?p=13236"},"modified":"2022-03-17T15:39:52","modified_gmt":"2022-03-17T14:39:52","slug":"tervetuloa-mariana-oli-uusi-projektipaallikko","status":"publish","type":"post","link":"https:\/\/jorntrahus.se\/fi\/nyhet\/valkommen-mariana-var-nya-projektledare\/","title":{"rendered":"Tervetuloa Mariana - uusi projektip\u00e4\u00e4llikk\u00f6mme"},"content":{"rendered":"<h3>Mariana Engman on J\u00f6rntr\u00e4hus:n uusi projektip\u00e4\u00e4llikk\u00f6, ja h\u00e4n vahvistaa ja selkeytt\u00e4\u00e4 toimitusprosessiamme. H\u00e4n on aiemmin ty\u00f6skennellyt suunnittelijana ja projektip\u00e4\u00e4llikk\u00f6n\u00e4 WSP:ss\u00e4.<\/h3>\n<p><strong>Mik\u00e4 sai sinut hakemaan ty\u00f6t\u00e4?<br \/>\n<\/strong>- Se kuulosti j\u00e4nnitt\u00e4v\u00e4lt\u00e4 teht\u00e4v\u00e4lt\u00e4 mielenkiintoisessa yrityksess\u00e4, joka on menossa eteenp\u00e4in. Olen ollut WSP:ss\u00e4 pitk\u00e4\u00e4n ja halusin kokeilla jotain uutta. J\u00f6rntr\u00e4hus:ss\u00e4 saan t\u00e4ysin uudenlaisen roolin, jota voin muokata itse, ja se tuntuu eritt\u00e4in innostavalta.<\/p>\n<p><strong>Mit\u00e4 teht\u00e4vi\u00e4 sinulla on projektip\u00e4\u00e4llikk\u00f6n\u00e4?<br \/>\n<\/strong>- Koordinoin hankkeita ja otan niihin kokonaisvaltaisen l\u00e4hestymistavan. Varmistan, ett\u00e4 toimitamme projektin ajallaan ja saamme siit\u00e4 maksun. Ajatuksena on my\u00f6s selkeytt\u00e4\u00e4 asioita asiakkaillemme. Minusta tulee heid\u00e4n yhteyshenkil\u00f6ns\u00e4 ja jaan sitten ty\u00f6t organisaation sis\u00e4ll\u00e4.<\/p>\n<p><strong>Olet ty\u00f6skennellyt 13,5 vuotta suunnittelijana ja projektip\u00e4\u00e4llikk\u00f6n\u00e4 WSP:ss\u00e4. Mit\u00e4 tuot sielt\u00e4 uuteen teht\u00e4v\u00e4\u00e4nne J\u00f6rntr\u00e4hus:ss\u00e4?<\/strong><br \/>\n- \"Kokemukseni suunnittelijana tarkoittaa, ett\u00e4 minulla on teknist\u00e4 asiantuntemusta, josta on minulle suurta hy\u00f6ty\u00e4 J\u00f6rntr\u00e4hus:ss\u00e4. Olen my\u00f6s ty\u00f6skennellyt projektinhallinnan parissa, johon liittyy paljon koordinointia ja yhteydenpitoa konsulttien ja asiakkaiden kanssa, teht\u00e4vi\u00e4, jotka ovat samankaltaisia kuin mit\u00e4 teen nyt projektip\u00e4\u00e4llikk\u00f6n\u00e4. J\u00f6rntr\u00e4hus:st\u00e4 tekee erilaisen se, ett\u00e4 p\u00e4\u00e4sen olemaan mukana koko matkan siit\u00e4 l\u00e4htien, kun toimeksianto myyd\u00e4\u00e4n, siihen asti, kun koko rakennus valmistuu. Se tuntuu hauskalta!<\/p>\n<p><strong>Mitk\u00e4 ovat ensimm\u00e4iset projektisi?<br \/>\n<\/strong>- Ty\u00f6skentelen parhaillaan Kvarnbackenin ja Birkarlenin parissa K\u00e5gessa. Pian olen mukana my\u00f6s Sundsvallin Sidsj\u00f6\u00e4ngeniss\u00e4, jossa rakennamme rivitaloasuntoja.<\/p>\n<p><strong>Mit\u00e4 teet mieluiten silloin, kun et ole t\u00f6iss\u00e4?<br \/>\n<\/strong>- Viett\u00e4\u00e4 aikaa perheen ja yst\u00e4vien kanssa. Minulla ja kumppanillani on kaksi tyt\u00e4rt\u00e4, 7- ja 10-vuotiaat. Pid\u00e4mme matkustamisesta, sek\u00e4 Ruotsissa ett\u00e4 ulkomailla. Talvella tykk\u00e4\u00e4mme hiiht\u00e4\u00e4 \u00c5ressa ja Hemavanissa. T\u00e4n\u00e4 kev\u00e4\u00e4n\u00e4 aiomme remontoida taloa, joten sen parissa tulee olemaan kiireist\u00e4.<\/p>","protected":false},"excerpt":{"rendered":"<p>Mariana Engman on J\u00f6rntr\u00e4hus:n uusi projektip\u00e4\u00e4llikk\u00f6, ja h\u00e4n vahvistaa ja selkeytt\u00e4\u00e4 toimitusprosessiamme. H\u00e4n on aiemmin ty\u00f6skennellyt suunnittelijana ja projektip\u00e4\u00e4llikk\u00f6n\u00e4 WSP:ss\u00e4.<\/p>","protected":false},"author":2,"featured_media":13237,"comment_status":"closed","ping_status":"closed","sticky":false,"template":"","format":"standard","meta":{"footnotes":""},"categories":[1199,6],"tags":[1104,1373],"class_list":["post-13236","post","type-post","status-publish","format-standard","has-post-thumbnail","hentry","category-foretagsnytt","category-nyhet","tag-medarbetare","tag-projektledare"],"yoast_head":"<!-- This site is optimized with the Yoast SEO plugin v27.2 - https:\/\/yoast.com\/product\/yoast-seo-wordpress\/ -->\n<title>V\u00e4lkommen Mariana \u2013 v\u00e5r nya projektledare<\/title>\n<meta name=\"description\" content=\"Mariana Engman \u00e4r ny projektledare p\u00e5 J\u00f6rntr\u00e4hus. Hon har tidigare arbetat som konstrukt\u00f6r och uppdragsledare p\u00e5 WSP.\" \/>\n<meta name=\"robots\" content=\"index, follow, max-snippet:-1, max-image-preview:large, max-video-preview:-1\" \/>\n<link rel=\"canonical\" href=\"https:\/\/jorntrahus.se\/fi\/uutuus\/tervetuloa-mariana-oli-uusi-projektipaallikko\/\" \/>\n<meta property=\"og:locale\" content=\"fi_FI\" \/>\n<meta property=\"og:type\" content=\"article\" \/>\n<meta property=\"og:title\" content=\"V\u00e4lkommen Mariana \u2013 v\u00e5r nya projektledare\" \/>\n<meta property=\"og:description\" content=\"Mariana Engman \u00e4r ny projektledare p\u00e5 J\u00f6rntr\u00e4hus. Hon har tidigare arbetat som konstrukt\u00f6r och uppdragsledare p\u00e5 WSP.\" \/>\n<meta property=\"og:url\" content=\"https:\/\/jorntrahus.se\/fi\/uutuus\/tervetuloa-mariana-oli-uusi-projektipaallikko\/\" \/>\n<meta property=\"og:site_name\" content=\"J\u00f6rntr\u00e4hus\" \/>\n<meta property=\"article:published_time\" content=\"2022-02-18T13:34:50+00:00\" \/>\n<meta property=\"article:modified_time\" content=\"2022-03-17T14:39:52+00:00\" \/>\n<meta property=\"og:image\" content=\"https:\/\/jorntrahus.se\/wp-content\/uploads\/2022\/02\/Mariana-Engman-projektledare-Jorntrahus-Valkommen.jpg\" \/>\n\t<meta property=\"og:image:width\" content=\"2400\" \/>\n\t<meta property=\"og:image:height\" content=\"1350\" \/>\n\t<meta property=\"og:image:type\" content=\"image\/jpeg\" \/>\n<meta name=\"author\" content=\"J\u00f6rntr\u00e4hus\" \/>\n<meta name=\"twitter:card\" content=\"summary_large_image\" \/>\n<meta name=\"twitter:image\" content=\"https:\/\/jorntrahus.se\/wp-content\/uploads\/2022\/02\/Mariana-Engman-projektledare-Jorntrahus-Valkommen.jpg\" \/>\n<meta name=\"twitter:label1\" content=\"Kirjoittanut\" \/>\n\t<meta name=\"twitter:data1\" content=\"J\u00f6rntr\u00e4hus\" \/>\n\t<meta name=\"twitter:label2\" content=\"Arvioitu lukuaika\" \/>\n\t<meta name=\"twitter:data2\" content=\"2 minuuttia\" \/>\n<script type=\"application\/ld+json\" class=\"yoast-schema-graph\">{\"@context\":\"https:\/\/schema.org\",\"@graph\":[{\"@type\":\"Article\",\"@id\":\"https:\/\/jorntrahus.se\/nyhet\/valkommen-mariana-var-nya-projektledare\/#article\",\"isPartOf\":{\"@id\":\"https:\/\/jorntrahus.se\/nyhet\/valkommen-mariana-var-nya-projektledare\/\"},\"author\":{\"name\":\"J\u00f6rntr\u00e4hus\",\"@id\":\"https:\/\/jorntrahus.se\/#\/schema\/person\/1d486a26d13d4df455271c2f02f5ef5c\"},\"headline\":\"V\u00e4lkommen Mariana \u2013 v\u00e5r nya projektledare\",\"datePublished\":\"2022-02-18T13:34:50+00:00\",\"dateModified\":\"2022-03-17T14:39:52+00:00\",\"mainEntityOfPage\":{\"@id\":\"https:\/\/jorntrahus.se\/nyhet\/valkommen-mariana-var-nya-projektledare\/\"},\"wordCount\":387,\"publisher\":{\"@id\":\"https:\/\/jorntrahus.se\/#organization\"},\"image\":{\"@id\":\"https:\/\/jorntrahus.se\/nyhet\/valkommen-mariana-var-nya-projektledare\/#primaryimage\"},\"thumbnailUrl\":\"https:\/\/jorntrahus.se\/wp-content\/uploads\/2022\/02\/Mariana-Engman-projektledare-Jorntrahus-Valkommen.jpg\",\"keywords\":[\"medarbetare\",\"projektledare\"],\"articleSection\":[\"F\u00f6retagsnytt\",\"Nyhet\"],\"inLanguage\":\"fi\"},{\"@type\":\"WebPage\",\"@id\":\"https:\/\/jorntrahus.se\/nyhet\/valkommen-mariana-var-nya-projektledare\/\",\"url\":\"https:\/\/jorntrahus.se\/nyhet\/valkommen-mariana-var-nya-projektledare\/\",\"name\":\"V\u00e4lkommen Mariana \u2013 v\u00e5r nya projektledare\",\"isPartOf\":{\"@id\":\"https:\/\/jorntrahus.se\/#website\"},\"primaryImageOfPage\":{\"@id\":\"https:\/\/jorntrahus.se\/nyhet\/valkommen-mariana-var-nya-projektledare\/#primaryimage\"},\"image\":{\"@id\":\"https:\/\/jorntrahus.se\/nyhet\/valkommen-mariana-var-nya-projektledare\/#primaryimage\"},\"thumbnailUrl\":\"https:\/\/jorntrahus.se\/wp-content\/uploads\/2022\/02\/Mariana-Engman-projektledare-Jorntrahus-Valkommen.jpg\",\"datePublished\":\"2022-02-18T13:34:50+00:00\",\"dateModified\":\"2022-03-17T14:39:52+00:00\",\"description\":\"Mariana Engman \u00e4r ny projektledare p\u00e5 J\u00f6rntr\u00e4hus. Hon har tidigare arbetat som konstrukt\u00f6r och uppdragsledare p\u00e5 WSP.\",\"breadcrumb\":{\"@id\":\"https:\/\/jorntrahus.se\/nyhet\/valkommen-mariana-var-nya-projektledare\/#breadcrumb\"},\"inLanguage\":\"fi\",\"potentialAction\":[{\"@type\":\"ReadAction\",\"target\":[\"https:\/\/jorntrahus.se\/nyhet\/valkommen-mariana-var-nya-projektledare\/\"]}]},{\"@type\":\"ImageObject\",\"inLanguage\":\"fi\",\"@id\":\"https:\/\/jorntrahus.se\/nyhet\/valkommen-mariana-var-nya-projektledare\/#primaryimage\",\"url\":\"https:\/\/jorntrahus.se\/wp-content\/uploads\/2022\/02\/Mariana-Engman-projektledare-Jorntrahus-Valkommen.jpg\",\"contentUrl\":\"https:\/\/jorntrahus.se\/wp-content\/uploads\/2022\/02\/Mariana-Engman-projektledare-Jorntrahus-Valkommen.jpg\",\"width\":2400,\"height\":1350,\"caption\":\"Mariana Engman projektledare Jorntrahus Valkommen\"},{\"@type\":\"BreadcrumbList\",\"@id\":\"https:\/\/jorntrahus.se\/nyhet\/valkommen-mariana-var-nya-projektledare\/#breadcrumb\",\"itemListElement\":[{\"@type\":\"ListItem\",\"position\":1,\"name\":\"Hem\",\"item\":\"https:\/\/jorntrahus.se\/\"},{\"@type\":\"ListItem\",\"position\":2,\"name\":\"V\u00e4lkommen Mariana \u2013 v\u00e5r nya projektledare\"}]},{\"@type\":\"WebSite\",\"@id\":\"https:\/\/jorntrahus.se\/#website\",\"url\":\"https:\/\/jorntrahus.se\/\",\"name\":\"J\u00f6rntr\u00e4hus\",\"description\":\"Hus f\u00f6r den medvetne\",\"publisher\":{\"@id\":\"https:\/\/jorntrahus.se\/#organization\"},\"potentialAction\":[{\"@type\":\"SearchAction\",\"target\":{\"@type\":\"EntryPoint\",\"urlTemplate\":\"https:\/\/jorntrahus.se\/?s={search_term_string}\"},\"query-input\":{\"@type\":\"PropertyValueSpecification\",\"valueRequired\":true,\"valueName\":\"search_term_string\"}}],\"inLanguage\":\"fi\"},{\"@type\":\"Organization\",\"@id\":\"https:\/\/jorntrahus.se\/#organization\",\"name\":\"J\u00f6rntr\u00e4hus\",\"url\":\"https:\/\/jorntrahus.se\/\",\"logo\":{\"@type\":\"ImageObject\",\"inLanguage\":\"fi\",\"@id\":\"https:\/\/jorntrahus.se\/#\/schema\/logo\/image\/\",\"url\":\"https:\/\/jorntrahus.se\/wp-content\/uploads\/2020\/09\/Jorntrahus_Grund_CMYK.eps\",\"contentUrl\":\"https:\/\/jorntrahus.se\/wp-content\/uploads\/2020\/09\/Jorntrahus_Grund_CMYK.eps\",\"width\":1,\"height\":1,\"caption\":\"J\u00f6rntr\u00e4hus\"},\"image\":{\"@id\":\"https:\/\/jorntrahus.se\/#\/schema\/logo\/image\/\"}},{\"@type\":\"Person\",\"@id\":\"https:\/\/jorntrahus.se\/#\/schema\/person\/1d486a26d13d4df455271c2f02f5ef5c\",\"name\":\"J\u00f6rntr\u00e4hus\",\"image\":{\"@type\":\"ImageObject\",\"inLanguage\":\"fi\",\"@id\":\"https:\/\/secure.gravatar.com\/avatar\/e9b8fcf3c4d64603cd3ec2eb8588179dabe6c74041e8c2a09d7ca9e0900a4ad3?s=96&d=mm&r=g\",\"url\":\"https:\/\/secure.gravatar.com\/avatar\/e9b8fcf3c4d64603cd3ec2eb8588179dabe6c74041e8c2a09d7ca9e0900a4ad3?s=96&d=mm&r=g\",\"contentUrl\":\"https:\/\/secure.gravatar.com\/avatar\/e9b8fcf3c4d64603cd3ec2eb8588179dabe6c74041e8c2a09d7ca9e0900a4ad3?s=96&d=mm&r=g\",\"caption\":\"J\u00f6rntr\u00e4hus\"},\"sameAs\":[\"https:\/\/jorntrahus.se\"],\"url\":\"https:\/\/jorntrahus.se\/fi\/author\/jorntrahus\/\"}]}<\/script>\n<!-- \/ Yoast SEO plugin. -->","yoast_head_json":{"title":"Tervetuloa Mariana - uusi projektip\u00e4\u00e4llikk\u00f6mme","description":"Mariana Engman on J\u00f6rntr\u00e4hus:n uusi projektip\u00e4\u00e4llikk\u00f6. H\u00e4n on aiemmin ty\u00f6skennellyt suunnittelijana ja projektip\u00e4\u00e4llikk\u00f6n\u00e4 WSP:ss\u00e4.","robots":{"index":"index","follow":"follow","max-snippet":"max-snippet:-1","max-image-preview":"max-image-preview:large","max-video-preview":"max-video-preview:-1"},"canonical":"https:\/\/jorntrahus.se\/fi\/uutuus\/tervetuloa-mariana-oli-uusi-projektipaallikko\/","og_locale":"fi_FI","og_type":"article","og_title":"V\u00e4lkommen Mariana \u2013 v\u00e5r nya projektledare","og_description":"Mariana Engman \u00e4r ny projektledare p\u00e5 J\u00f6rntr\u00e4hus. Hon har tidigare arbetat som konstrukt\u00f6r och uppdragsledare p\u00e5 WSP.","og_url":"https:\/\/jorntrahus.se\/fi\/uutuus\/tervetuloa-mariana-oli-uusi-projektipaallikko\/","og_site_name":"J\u00f6rntr\u00e4hus","article_published_time":"2022-02-18T13:34:50+00:00","article_modified_time":"2022-03-17T14:39:52+00:00","og_image":[{"width":2400,"height":1350,"url":"https:\/\/jorntrahus.se\/wp-content\/uploads\/2022\/02\/Mariana-Engman-projektledare-Jorntrahus-Valkommen.jpg","type":"image\/jpeg"}],"author":"J\u00f6rntr\u00e4hus","twitter_card":"summary_large_image","twitter_image":"https:\/\/jorntrahus.se\/wp-content\/uploads\/2022\/02\/Mariana-Engman-projektledare-Jorntrahus-Valkommen.jpg","twitter_misc":{"Kirjoittanut":"J\u00f6rntr\u00e4hus","Arvioitu lukuaika":"2 minuuttia"},"schema":{"@context":"https:\/\/schema.org","@graph":[{"@type":"Article","@id":"https:\/\/jorntrahus.se\/nyhet\/valkommen-mariana-var-nya-projektledare\/#article","isPartOf":{"@id":"https:\/\/jorntrahus.se\/nyhet\/valkommen-mariana-var-nya-projektledare\/"},"author":{"name":"J\u00f6rntr\u00e4hus","@id":"https:\/\/jorntrahus.se\/#\/schema\/person\/1d486a26d13d4df455271c2f02f5ef5c"},"headline":"V\u00e4lkommen Mariana \u2013 v\u00e5r nya projektledare","datePublished":"2022-02-18T13:34:50+00:00","dateModified":"2022-03-17T14:39:52+00:00","mainEntityOfPage":{"@id":"https:\/\/jorntrahus.se\/nyhet\/valkommen-mariana-var-nya-projektledare\/"},"wordCount":387,"publisher":{"@id":"https:\/\/jorntrahus.se\/#organization"},"image":{"@id":"https:\/\/jorntrahus.se\/nyhet\/valkommen-mariana-var-nya-projektledare\/#primaryimage"},"thumbnailUrl":"https:\/\/jorntrahus.se\/wp-content\/uploads\/2022\/02\/Mariana-Engman-projektledare-Jorntrahus-Valkommen.jpg","keywords":["medarbetare","projektledare"],"articleSection":["F\u00f6retagsnytt","Nyhet"],"inLanguage":"fi"},{"@type":"WebPage","@id":"https:\/\/jorntrahus.se\/nyhet\/valkommen-mariana-var-nya-projektledare\/","url":"https:\/\/jorntrahus.se\/nyhet\/valkommen-mariana-var-nya-projektledare\/","name":"Tervetuloa Mariana - uusi projektip\u00e4\u00e4llikk\u00f6mme","isPartOf":{"@id":"https:\/\/jorntrahus.se\/#website"},"primaryImageOfPage":{"@id":"https:\/\/jorntrahus.se\/nyhet\/valkommen-mariana-var-nya-projektledare\/#primaryimage"},"image":{"@id":"https:\/\/jorntrahus.se\/nyhet\/valkommen-mariana-var-nya-projektledare\/#primaryimage"},"thumbnailUrl":"https:\/\/jorntrahus.se\/wp-content\/uploads\/2022\/02\/Mariana-Engman-projektledare-Jorntrahus-Valkommen.jpg","datePublished":"2022-02-18T13:34:50+00:00","dateModified":"2022-03-17T14:39:52+00:00","description":"Mariana Engman on J\u00f6rntr\u00e4hus:n uusi projektip\u00e4\u00e4llikk\u00f6. H\u00e4n on aiemmin ty\u00f6skennellyt suunnittelijana ja projektip\u00e4\u00e4llikk\u00f6n\u00e4 WSP:ss\u00e4.","breadcrumb":{"@id":"https:\/\/jorntrahus.se\/nyhet\/valkommen-mariana-var-nya-projektledare\/#breadcrumb"},"inLanguage":"fi","potentialAction":[{"@type":"ReadAction","target":["https:\/\/jorntrahus.se\/nyhet\/valkommen-mariana-var-nya-projektledare\/"]}]},{"@type":"ImageObject","inLanguage":"fi","@id":"https:\/\/jorntrahus.se\/nyhet\/valkommen-mariana-var-nya-projektledare\/#primaryimage","url":"https:\/\/jorntrahus.se\/wp-content\/uploads\/2022\/02\/Mariana-Engman-projektledare-Jorntrahus-Valkommen.jpg","contentUrl":"https:\/\/jorntrahus.se\/wp-content\/uploads\/2022\/02\/Mariana-Engman-projektledare-Jorntrahus-Valkommen.jpg","width":2400,"height":1350,"caption":"Mariana Engman projektledare Jorntrahus Valkommen"},{"@type":"BreadcrumbList","@id":"https:\/\/jorntrahus.se\/nyhet\/valkommen-mariana-var-nya-projektledare\/#breadcrumb","itemListElement":[{"@type":"ListItem","position":1,"name":"Hem","item":"https:\/\/jorntrahus.se\/"},{"@type":"ListItem","position":2,"name":"V\u00e4lkommen Mariana \u2013 v\u00e5r nya projektledare"}]},{"@type":"WebSite","@id":"https:\/\/jorntrahus.se\/#website","url":"https:\/\/jorntrahus.se\/","name":"J\u00f6rntr\u00e4hus","description":"Talot tietoisille","publisher":{"@id":"https:\/\/jorntrahus.se\/#organization"},"potentialAction":[{"@type":"SearchAction","target":{"@type":"EntryPoint","urlTemplate":"https:\/\/jorntrahus.se\/?s={search_term_string}"},"query-input":{"@type":"PropertyValueSpecification","valueRequired":true,"valueName":"search_term_string"}}],"inLanguage":"fi"},{"@type":"Organization","@id":"https:\/\/jorntrahus.se\/#organization","name":"J\u00f6rntr\u00e4hus","url":"https:\/\/jorntrahus.se\/","logo":{"@type":"ImageObject","inLanguage":"fi","@id":"https:\/\/jorntrahus.se\/#\/schema\/logo\/image\/","url":"https:\/\/jorntrahus.se\/wp-content\/uploads\/2020\/09\/Jorntrahus_Grund_CMYK.eps","contentUrl":"https:\/\/jorntrahus.se\/wp-content\/uploads\/2020\/09\/Jorntrahus_Grund_CMYK.eps","width":1,"height":1,"caption":"J\u00f6rntr\u00e4hus"},"image":{"@id":"https:\/\/jorntrahus.se\/#\/schema\/logo\/image\/"}},{"@type":"Person","@id":"https:\/\/jorntrahus.se\/#\/schema\/person\/1d486a26d13d4df455271c2f02f5ef5c","name":"J\u00f6rntr\u00e4hus","image":{"@type":"ImageObject","inLanguage":"fi","@id":"https:\/\/secure.gravatar.com\/avatar\/e9b8fcf3c4d64603cd3ec2eb8588179dabe6c74041e8c2a09d7ca9e0900a4ad3?s=96&d=mm&r=g","url":"https:\/\/secure.gravatar.com\/avatar\/e9b8fcf3c4d64603cd3ec2eb8588179dabe6c74041e8c2a09d7ca9e0900a4ad3?s=96&d=mm&r=g","contentUrl":"https:\/\/secure.gravatar.com\/avatar\/e9b8fcf3c4d64603cd3ec2eb8588179dabe6c74041e8c2a09d7ca9e0900a4ad3?s=96&d=mm&r=g","caption":"J\u00f6rntr\u00e4hus"},"sameAs":["https:\/\/jorntrahus.se"],"url":"https:\/\/jorntrahus.se\/fi\/author\/jorntrahus\/"}]}},"publishpress_future_action":{"enabled":false,"date":"2026-05-09 04:10:41","action":"change-status","newStatus":"draft","terms":[],"taxonomy":"category","extraData":[]},"publishpress_future_workflow_manual_trigger":{"enabledWorkflows":[]},"_links":{"self":[{"href":"https:\/\/jorntrahus.se\/fi\/wp-json\/wp\/v2\/posts\/13236","targetHints":{"allow":["GET"]}}],"collection":[{"href":"https:\/\/jorntrahus.se\/fi\/wp-json\/wp\/v2\/posts"}],"about":[{"href":"https:\/\/jorntrahus.se\/fi\/wp-json\/wp\/v2\/types\/post"}],"author":[{"embeddable":true,"href":"https:\/\/jorntrahus.se\/fi\/wp-json\/wp\/v2\/users\/2"}],"replies":[{"embeddable":true,"href":"https:\/\/jorntrahus.se\/fi\/wp-json\/wp\/v2\/comments?post=13236"}],"version-history":[{"count":5,"href":"https:\/\/jorntrahus.se\/fi\/wp-json\/wp\/v2\/posts\/13236\/revisions"}],"predecessor-version":[{"id":13243,"href":"https:\/\/jorntrahus.se\/fi\/wp-json\/wp\/v2\/posts\/13236\/revisions\/13243"}],"wp:featuredmedia":[{"embeddable":true,"href":"https:\/\/jorntrahus.se\/fi\/wp-json\/wp\/v2\/media\/13237"}],"wp:attachment":[{"href":"https:\/\/jorntrahus.se\/fi\/wp-json\/wp\/v2\/media?parent=13236"}],"wp:term":[{"taxonomy":"category","embeddable":true,"href":"https:\/\/jorntrahus.se\/fi\/wp-json\/wp\/v2\/categories?post=13236"},{"taxonomy":"post_tag","embeddable":true,"href":"https:\/\/jorntrahus.se\/fi\/wp-json\/wp\/v2\/tags?post=13236"}],"curies":[{"name":"wp","href":"https:\/\/api.w.org\/{rel}","templated":true}]}}