{"id":14636,"date":"2024-02-12T15:37:51","date_gmt":"2024-02-12T14:37:51","guid":{"rendered":"https:\/\/jorntrahus.se\/?p=14636"},"modified":"2024-09-02T10:39:11","modified_gmt":"2024-09-02T08:39:11","slug":"peter-uusi-toimitusjohtaja-jorntrahusissa","status":"publish","type":"post","link":"https:\/\/jorntrahus.se\/fi\/foretagsnytt\/peter-ny-vd-pa-jorntrahus\/","title":{"rendered":"Peter - J\u00f6rntr\u00e4husin uusi toimitusjohtaja"},"content":{"rendered":"<p><strong>Peter Gyllenberg on aloittanut J\u00f6rntr\u00e4hus:n toimitusjohtajana. H\u00e4n on aiemmin toiminut yrityksen vt. tuotantop\u00e4\u00e4llikk\u00f6n\u00e4 ja Contractor Holdingin KMA-p\u00e4\u00e4llikk\u00f6n\u00e4.<\/strong><\/p>\n<p><em>- Se on hauskaa ja inspiroivaa, ja vuosi 2024 n\u00e4ytt\u00e4\u00e4 olevan hyv\u00e4 vuosi J\u00f6rntr\u00e4hus:lle\", h\u00e4n sanoo.<\/em><\/p>\n<p>Peter Gyllenberg on paikalla J\u00f6rniss\u00e4 1. helmikuuta alkaen, ja h\u00e4n on loppuvuoden ajan virkavapaalla urakoitsija Holdingissa. Siirrytty\u00e4\u00e4n tuotantop\u00e4\u00e4llik\u00f6st\u00e4 toimitusjohtajaksi h\u00e4n vastaa nyt my\u00f6s yrityksen ty\u00f6ntekij\u00f6ist\u00e4 ja joistakin asiakaskontakteista.<\/p>\n<p>Vaikean kauden j\u00e4lkeen J\u00f6rntr\u00e4hus on k\u00e4\u00e4nt\u00e4nyt kulmansa. Vuoden 2023 tulos oli positiivinen, omakoti- ja kerrostaloja koskevat kyselyt ovat kasvussa, ja yrityksen tuotantolinjaa on parannettu.<\/p>\n<p><em>- T\u00e4ll\u00e4 hetkell\u00e4 tuotantopohjamme ulottuu toukokuun loppuun ja kes\u00e4kuun alkuun. Ja uskon, ett\u00e4 meill\u00e4 on kiire my\u00f6s syksyll\u00e4. Yrityksen tulevaisuus n\u00e4ytt\u00e4\u00e4 siis valoisalta\", Peter toteaa lopuksi.<\/em><\/p>","protected":false},"excerpt":{"rendered":"<p>Peter Gyllenberg on aloittanut J\u00f6rntr\u00e4hus:n toimitusjohtajana. H\u00e4n on aiemmin toiminut yrityksen vt. tuotantop\u00e4\u00e4llikk\u00f6n\u00e4 ja Contractor Holdingin KMA-p\u00e4\u00e4llikk\u00f6n\u00e4.<\/p>","protected":false},"author":1,"featured_media":14637,"comment_status":"closed","ping_status":"open","sticky":false,"template":"","format":"standard","meta":{"footnotes":""},"categories":[1199,6],"tags":[1484,1482],"class_list":["post-14636","post","type-post","status-publish","format-standard","has-post-thumbnail","hentry","category-foretagsnytt","category-nyhet","tag-peter-gyllenberg","tag-vd"],"yoast_head":"<!-- This site is optimized with the Yoast SEO plugin v27.2 - https:\/\/yoast.com\/product\/yoast-seo-wordpress\/ -->\n<title>Peter \u2013 ny vd p\u00e5 J\u00f6rntr\u00e4hus - J\u00f6rntr\u00e4hus<\/title>\n<meta name=\"robots\" content=\"index, follow, max-snippet:-1, max-image-preview:large, max-video-preview:-1\" \/>\n<link rel=\"canonical\" href=\"https:\/\/jorntrahus.se\/fi\/yritysuutiset\/peter-uusi-toimitusjohtaja-jorntrahusissa\/\" \/>\n<meta property=\"og:locale\" content=\"fi_FI\" \/>\n<meta property=\"og:type\" content=\"article\" \/>\n<meta property=\"og:title\" content=\"Peter \u2013 ny vd p\u00e5 J\u00f6rntr\u00e4hus - J\u00f6rntr\u00e4hus\" \/>\n<meta property=\"og:description\" content=\"Peter Gyllenberg har tilltr\u00e4tt som vd f\u00f6r J\u00f6rntr\u00e4hus. Han har tidigare varit tillf\u00f6rordnad produktionschef p\u00e5 bolaget och KMA-chef p\u00e5 Contractor Holding.\" \/>\n<meta property=\"og:url\" content=\"https:\/\/jorntrahus.se\/fi\/yritysuutiset\/peter-uusi-toimitusjohtaja-jorntrahusissa\/\" \/>\n<meta property=\"og:site_name\" content=\"J\u00f6rntr\u00e4hus\" \/>\n<meta property=\"article:published_time\" content=\"2024-02-12T14:37:51+00:00\" \/>\n<meta property=\"article:modified_time\" content=\"2024-09-02T08:39:11+00:00\" \/>\n<meta property=\"og:image\" content=\"https:\/\/jorntrahus.se\/wp-content\/uploads\/2024\/09\/Jorntrahus-VD-Peter-Gyllenberg-Fritidshus-Modulhus-Husbyggsatser-med-bakgrund-logo-webb.jpg\" \/>\n\t<meta property=\"og:image:width\" content=\"2400\" \/>\n\t<meta property=\"og:image:height\" content=\"1600\" \/>\n\t<meta property=\"og:image:type\" content=\"image\/jpeg\" \/>\n<meta name=\"author\" content=\"jth-admin\" \/>\n<meta name=\"twitter:card\" content=\"summary_large_image\" \/>\n<meta name=\"twitter:label1\" content=\"Kirjoittanut\" \/>\n\t<meta name=\"twitter:data1\" content=\"jth-admin\" \/>\n\t<meta name=\"twitter:label2\" content=\"Arvioitu lukuaika\" \/>\n\t<meta name=\"twitter:data2\" content=\"1 minuutti\" \/>\n<script type=\"application\/ld+json\" class=\"yoast-schema-graph\">{\"@context\":\"https:\/\/schema.org\",\"@graph\":[{\"@type\":\"Article\",\"@id\":\"https:\/\/jorntrahus.se\/foretagsnytt\/peter-ny-vd-pa-jorntrahus\/#article\",\"isPartOf\":{\"@id\":\"https:\/\/jorntrahus.se\/foretagsnytt\/peter-ny-vd-pa-jorntrahus\/\"},\"author\":{\"name\":\"jth-admin\",\"@id\":\"https:\/\/jorntrahus.se\/#\/schema\/person\/c10d0c3f5b80794e7d5dffb9eadc8041\"},\"headline\":\"Peter \u2013 ny vd p\u00e5 J\u00f6rntr\u00e4hus\",\"datePublished\":\"2024-02-12T14:37:51+00:00\",\"dateModified\":\"2024-09-02T08:39:11+00:00\",\"mainEntityOfPage\":{\"@id\":\"https:\/\/jorntrahus.se\/foretagsnytt\/peter-ny-vd-pa-jorntrahus\/\"},\"wordCount\":186,\"publisher\":{\"@id\":\"https:\/\/jorntrahus.se\/#organization\"},\"image\":{\"@id\":\"https:\/\/jorntrahus.se\/foretagsnytt\/peter-ny-vd-pa-jorntrahus\/#primaryimage\"},\"thumbnailUrl\":\"https:\/\/jorntrahus.se\/wp-content\/uploads\/2024\/09\/Jorntrahus-VD-Peter-Gyllenberg-Fritidshus-Modulhus-Husbyggsatser-med-bakgrund-logo-webb.jpg\",\"keywords\":[\"Peter Gyllenberg\",\"VD\"],\"articleSection\":[\"F\u00f6retagsnytt\",\"Nyhet\"],\"inLanguage\":\"fi\"},{\"@type\":\"WebPage\",\"@id\":\"https:\/\/jorntrahus.se\/foretagsnytt\/peter-ny-vd-pa-jorntrahus\/\",\"url\":\"https:\/\/jorntrahus.se\/foretagsnytt\/peter-ny-vd-pa-jorntrahus\/\",\"name\":\"Peter \u2013 ny vd p\u00e5 J\u00f6rntr\u00e4hus - J\u00f6rntr\u00e4hus\",\"isPartOf\":{\"@id\":\"https:\/\/jorntrahus.se\/#website\"},\"primaryImageOfPage\":{\"@id\":\"https:\/\/jorntrahus.se\/foretagsnytt\/peter-ny-vd-pa-jorntrahus\/#primaryimage\"},\"image\":{\"@id\":\"https:\/\/jorntrahus.se\/foretagsnytt\/peter-ny-vd-pa-jorntrahus\/#primaryimage\"},\"thumbnailUrl\":\"https:\/\/jorntrahus.se\/wp-content\/uploads\/2024\/09\/Jorntrahus-VD-Peter-Gyllenberg-Fritidshus-Modulhus-Husbyggsatser-med-bakgrund-logo-webb.jpg\",\"datePublished\":\"2024-02-12T14:37:51+00:00\",\"dateModified\":\"2024-09-02T08:39:11+00:00\",\"breadcrumb\":{\"@id\":\"https:\/\/jorntrahus.se\/foretagsnytt\/peter-ny-vd-pa-jorntrahus\/#breadcrumb\"},\"inLanguage\":\"fi\",\"potentialAction\":[{\"@type\":\"ReadAction\",\"target\":[\"https:\/\/jorntrahus.se\/foretagsnytt\/peter-ny-vd-pa-jorntrahus\/\"]}]},{\"@type\":\"ImageObject\",\"inLanguage\":\"fi\",\"@id\":\"https:\/\/jorntrahus.se\/foretagsnytt\/peter-ny-vd-pa-jorntrahus\/#primaryimage\",\"url\":\"https:\/\/jorntrahus.se\/wp-content\/uploads\/2024\/09\/Jorntrahus-VD-Peter-Gyllenberg-Fritidshus-Modulhus-Husbyggsatser-med-bakgrund-logo-webb.jpg\",\"contentUrl\":\"https:\/\/jorntrahus.se\/wp-content\/uploads\/2024\/09\/Jorntrahus-VD-Peter-Gyllenberg-Fritidshus-Modulhus-Husbyggsatser-med-bakgrund-logo-webb.jpg\",\"width\":2400,\"height\":1600,\"caption\":\"Jo\u0308rntra\u0308hus VD Peter Gyllenberg Fritidshus Modulhus Husbyggsatser med bakgrund logo webb\"},{\"@type\":\"BreadcrumbList\",\"@id\":\"https:\/\/jorntrahus.se\/foretagsnytt\/peter-ny-vd-pa-jorntrahus\/#breadcrumb\",\"itemListElement\":[{\"@type\":\"ListItem\",\"position\":1,\"name\":\"Hem\",\"item\":\"https:\/\/jorntrahus.se\/\"},{\"@type\":\"ListItem\",\"position\":2,\"name\":\"Peter \u2013 ny vd p\u00e5 J\u00f6rntr\u00e4hus\"}]},{\"@type\":\"WebSite\",\"@id\":\"https:\/\/jorntrahus.se\/#website\",\"url\":\"https:\/\/jorntrahus.se\/\",\"name\":\"J\u00f6rntr\u00e4hus\",\"description\":\"Hus f\u00f6r den medvetne\",\"publisher\":{\"@id\":\"https:\/\/jorntrahus.se\/#organization\"},\"potentialAction\":[{\"@type\":\"SearchAction\",\"target\":{\"@type\":\"EntryPoint\",\"urlTemplate\":\"https:\/\/jorntrahus.se\/?s={search_term_string}\"},\"query-input\":{\"@type\":\"PropertyValueSpecification\",\"valueRequired\":true,\"valueName\":\"search_term_string\"}}],\"inLanguage\":\"fi\"},{\"@type\":\"Organization\",\"@id\":\"https:\/\/jorntrahus.se\/#organization\",\"name\":\"J\u00f6rntr\u00e4hus\",\"url\":\"https:\/\/jorntrahus.se\/\",\"logo\":{\"@type\":\"ImageObject\",\"inLanguage\":\"fi\",\"@id\":\"https:\/\/jorntrahus.se\/#\/schema\/logo\/image\/\",\"url\":\"https:\/\/jorntrahus.se\/wp-content\/uploads\/2020\/09\/Jorntrahus_Grund_CMYK.eps\",\"contentUrl\":\"https:\/\/jorntrahus.se\/wp-content\/uploads\/2020\/09\/Jorntrahus_Grund_CMYK.eps\",\"width\":1,\"height\":1,\"caption\":\"J\u00f6rntr\u00e4hus\"},\"image\":{\"@id\":\"https:\/\/jorntrahus.se\/#\/schema\/logo\/image\/\"}},{\"@type\":\"Person\",\"@id\":\"https:\/\/jorntrahus.se\/#\/schema\/person\/c10d0c3f5b80794e7d5dffb9eadc8041\",\"name\":\"jth-admin\",\"image\":{\"@type\":\"ImageObject\",\"inLanguage\":\"fi\",\"@id\":\"https:\/\/secure.gravatar.com\/avatar\/4bcde4f9cfbb7b09c9605f445ac3993dc54ba3973c8abb86ad7caea3e386f6c8?s=96&d=mm&r=g\",\"url\":\"https:\/\/secure.gravatar.com\/avatar\/4bcde4f9cfbb7b09c9605f445ac3993dc54ba3973c8abb86ad7caea3e386f6c8?s=96&d=mm&r=g\",\"contentUrl\":\"https:\/\/secure.gravatar.com\/avatar\/4bcde4f9cfbb7b09c9605f445ac3993dc54ba3973c8abb86ad7caea3e386f6c8?s=96&d=mm&r=g\",\"caption\":\"jth-admin\"},\"url\":\"https:\/\/jorntrahus.se\/fi\/author\/jth-admin\/\"}]}<\/script>\n<!-- \/ Yoast SEO plugin. -->","yoast_head_json":{"title":"Peter - J\u00f6rntr\u00e4hus:n uusi toimitusjohtaja - J\u00f6rntr\u00e4hus - J\u00f6rntr\u00e4hus","robots":{"index":"index","follow":"follow","max-snippet":"max-snippet:-1","max-image-preview":"max-image-preview:large","max-video-preview":"max-video-preview:-1"},"canonical":"https:\/\/jorntrahus.se\/fi\/yritysuutiset\/peter-uusi-toimitusjohtaja-jorntrahusissa\/","og_locale":"fi_FI","og_type":"article","og_title":"Peter \u2013 ny vd p\u00e5 J\u00f6rntr\u00e4hus - J\u00f6rntr\u00e4hus","og_description":"Peter Gyllenberg har tilltr\u00e4tt som vd f\u00f6r J\u00f6rntr\u00e4hus. Han har tidigare varit tillf\u00f6rordnad produktionschef p\u00e5 bolaget och KMA-chef p\u00e5 Contractor Holding.","og_url":"https:\/\/jorntrahus.se\/fi\/yritysuutiset\/peter-uusi-toimitusjohtaja-jorntrahusissa\/","og_site_name":"J\u00f6rntr\u00e4hus","article_published_time":"2024-02-12T14:37:51+00:00","article_modified_time":"2024-09-02T08:39:11+00:00","og_image":[{"width":2400,"height":1600,"url":"https:\/\/jorntrahus.se\/wp-content\/uploads\/2024\/09\/Jorntrahus-VD-Peter-Gyllenberg-Fritidshus-Modulhus-Husbyggsatser-med-bakgrund-logo-webb.jpg","type":"image\/jpeg"}],"author":"jth-admin","twitter_card":"summary_large_image","twitter_misc":{"Kirjoittanut":"jth-admin","Arvioitu lukuaika":"1 minuutti"},"schema":{"@context":"https:\/\/schema.org","@graph":[{"@type":"Article","@id":"https:\/\/jorntrahus.se\/foretagsnytt\/peter-ny-vd-pa-jorntrahus\/#article","isPartOf":{"@id":"https:\/\/jorntrahus.se\/foretagsnytt\/peter-ny-vd-pa-jorntrahus\/"},"author":{"name":"jth-admin","@id":"https:\/\/jorntrahus.se\/#\/schema\/person\/c10d0c3f5b80794e7d5dffb9eadc8041"},"headline":"Peter \u2013 ny vd p\u00e5 J\u00f6rntr\u00e4hus","datePublished":"2024-02-12T14:37:51+00:00","dateModified":"2024-09-02T08:39:11+00:00","mainEntityOfPage":{"@id":"https:\/\/jorntrahus.se\/foretagsnytt\/peter-ny-vd-pa-jorntrahus\/"},"wordCount":186,"publisher":{"@id":"https:\/\/jorntrahus.se\/#organization"},"image":{"@id":"https:\/\/jorntrahus.se\/foretagsnytt\/peter-ny-vd-pa-jorntrahus\/#primaryimage"},"thumbnailUrl":"https:\/\/jorntrahus.se\/wp-content\/uploads\/2024\/09\/Jorntrahus-VD-Peter-Gyllenberg-Fritidshus-Modulhus-Husbyggsatser-med-bakgrund-logo-webb.jpg","keywords":["Peter Gyllenberg","VD"],"articleSection":["F\u00f6retagsnytt","Nyhet"],"inLanguage":"fi"},{"@type":"WebPage","@id":"https:\/\/jorntrahus.se\/foretagsnytt\/peter-ny-vd-pa-jorntrahus\/","url":"https:\/\/jorntrahus.se\/foretagsnytt\/peter-ny-vd-pa-jorntrahus\/","name":"Peter - J\u00f6rntr\u00e4hus:n uusi toimitusjohtaja - J\u00f6rntr\u00e4hus - J\u00f6rntr\u00e4hus","isPartOf":{"@id":"https:\/\/jorntrahus.se\/#website"},"primaryImageOfPage":{"@id":"https:\/\/jorntrahus.se\/foretagsnytt\/peter-ny-vd-pa-jorntrahus\/#primaryimage"},"image":{"@id":"https:\/\/jorntrahus.se\/foretagsnytt\/peter-ny-vd-pa-jorntrahus\/#primaryimage"},"thumbnailUrl":"https:\/\/jorntrahus.se\/wp-content\/uploads\/2024\/09\/Jorntrahus-VD-Peter-Gyllenberg-Fritidshus-Modulhus-Husbyggsatser-med-bakgrund-logo-webb.jpg","datePublished":"2024-02-12T14:37:51+00:00","dateModified":"2024-09-02T08:39:11+00:00","breadcrumb":{"@id":"https:\/\/jorntrahus.se\/foretagsnytt\/peter-ny-vd-pa-jorntrahus\/#breadcrumb"},"inLanguage":"fi","potentialAction":[{"@type":"ReadAction","target":["https:\/\/jorntrahus.se\/foretagsnytt\/peter-ny-vd-pa-jorntrahus\/"]}]},{"@type":"ImageObject","inLanguage":"fi","@id":"https:\/\/jorntrahus.se\/foretagsnytt\/peter-ny-vd-pa-jorntrahus\/#primaryimage","url":"https:\/\/jorntrahus.se\/wp-content\/uploads\/2024\/09\/Jorntrahus-VD-Peter-Gyllenberg-Fritidshus-Modulhus-Husbyggsatser-med-bakgrund-logo-webb.jpg","contentUrl":"https:\/\/jorntrahus.se\/wp-content\/uploads\/2024\/09\/Jorntrahus-VD-Peter-Gyllenberg-Fritidshus-Modulhus-Husbyggsatser-med-bakgrund-logo-webb.jpg","width":2400,"height":1600,"caption":"Jo\u0308rntra\u0308hus VD Peter Gyllenberg Fritidshus Modulhus Husbyggsatser med bakgrund logo webb"},{"@type":"BreadcrumbList","@id":"https:\/\/jorntrahus.se\/foretagsnytt\/peter-ny-vd-pa-jorntrahus\/#breadcrumb","itemListElement":[{"@type":"ListItem","position":1,"name":"Hem","item":"https:\/\/jorntrahus.se\/"},{"@type":"ListItem","position":2,"name":"Peter \u2013 ny vd p\u00e5 J\u00f6rntr\u00e4hus"}]},{"@type":"WebSite","@id":"https:\/\/jorntrahus.se\/#website","url":"https:\/\/jorntrahus.se\/","name":"J\u00f6rntr\u00e4hus","description":"Talot tietoisille","publisher":{"@id":"https:\/\/jorntrahus.se\/#organization"},"potentialAction":[{"@type":"SearchAction","target":{"@type":"EntryPoint","urlTemplate":"https:\/\/jorntrahus.se\/?s={search_term_string}"},"query-input":{"@type":"PropertyValueSpecification","valueRequired":true,"valueName":"search_term_string"}}],"inLanguage":"fi"},{"@type":"Organization","@id":"https:\/\/jorntrahus.se\/#organization","name":"J\u00f6rntr\u00e4hus","url":"https:\/\/jorntrahus.se\/","logo":{"@type":"ImageObject","inLanguage":"fi","@id":"https:\/\/jorntrahus.se\/#\/schema\/logo\/image\/","url":"https:\/\/jorntrahus.se\/wp-content\/uploads\/2020\/09\/Jorntrahus_Grund_CMYK.eps","contentUrl":"https:\/\/jorntrahus.se\/wp-content\/uploads\/2020\/09\/Jorntrahus_Grund_CMYK.eps","width":1,"height":1,"caption":"J\u00f6rntr\u00e4hus"},"image":{"@id":"https:\/\/jorntrahus.se\/#\/schema\/logo\/image\/"}},{"@type":"Person","@id":"https:\/\/jorntrahus.se\/#\/schema\/person\/c10d0c3f5b80794e7d5dffb9eadc8041","name":"jth-admin","image":{"@type":"ImageObject","inLanguage":"fi","@id":"https:\/\/secure.gravatar.com\/avatar\/4bcde4f9cfbb7b09c9605f445ac3993dc54ba3973c8abb86ad7caea3e386f6c8?s=96&d=mm&r=g","url":"https:\/\/secure.gravatar.com\/avatar\/4bcde4f9cfbb7b09c9605f445ac3993dc54ba3973c8abb86ad7caea3e386f6c8?s=96&d=mm&r=g","contentUrl":"https:\/\/secure.gravatar.com\/avatar\/4bcde4f9cfbb7b09c9605f445ac3993dc54ba3973c8abb86ad7caea3e386f6c8?s=96&d=mm&r=g","caption":"jth-admin"},"url":"https:\/\/jorntrahus.se\/fi\/author\/jth-admin\/"}]}},"publishpress_future_action":{"enabled":false,"date":"2026-05-09 14:53:55","action":"change-status","newStatus":"draft","terms":[],"taxonomy":"category","extraData":[]},"publishpress_future_workflow_manual_trigger":{"enabledWorkflows":[]},"_links":{"self":[{"href":"https:\/\/jorntrahus.se\/fi\/wp-json\/wp\/v2\/posts\/14636","targetHints":{"allow":["GET"]}}],"collection":[{"href":"https:\/\/jorntrahus.se\/fi\/wp-json\/wp\/v2\/posts"}],"about":[{"href":"https:\/\/jorntrahus.se\/fi\/wp-json\/wp\/v2\/types\/post"}],"author":[{"embeddable":true,"href":"https:\/\/jorntrahus.se\/fi\/wp-json\/wp\/v2\/users\/1"}],"replies":[{"embeddable":true,"href":"https:\/\/jorntrahus.se\/fi\/wp-json\/wp\/v2\/comments?post=14636"}],"version-history":[{"count":1,"href":"https:\/\/jorntrahus.se\/fi\/wp-json\/wp\/v2\/posts\/14636\/revisions"}],"predecessor-version":[{"id":14638,"href":"https:\/\/jorntrahus.se\/fi\/wp-json\/wp\/v2\/posts\/14636\/revisions\/14638"}],"wp:featuredmedia":[{"embeddable":true,"href":"https:\/\/jorntrahus.se\/fi\/wp-json\/wp\/v2\/media\/14637"}],"wp:attachment":[{"href":"https:\/\/jorntrahus.se\/fi\/wp-json\/wp\/v2\/media?parent=14636"}],"wp:term":[{"taxonomy":"category","embeddable":true,"href":"https:\/\/jorntrahus.se\/fi\/wp-json\/wp\/v2\/categories?post=14636"},{"taxonomy":"post_tag","embeddable":true,"href":"https:\/\/jorntrahus.se\/fi\/wp-json\/wp\/v2\/tags?post=14636"}],"curies":[{"name":"wp","href":"https:\/\/api.w.org\/{rel}","templated":true}]}}