{"id":14654,"date":"2024-09-16T13:24:58","date_gmt":"2024-09-16T11:24:58","guid":{"rendered":"https:\/\/jorntrahus.se\/?p=14654"},"modified":"2024-10-23T14:16:20","modified_gmt":"2024-10-23T12:16:20","slug":"kloverfors-loma-asunto-yskivassa-loistossaan","status":"publish","type":"post","link":"https:\/\/jorntrahus.se\/fi\/nyhet\/fritidshuset-kloverfors-i-hostskrud\/","title":{"rendered":"Kl\u00f6verforsin loma-asunto syksyn loistossaan"},"content":{"rendered":"<h3>Nyt on saapunut upea syksy, joka on t\u00e4ynn\u00e4 v\u00e4rej\u00e4 - kausi t\u00e4ynn\u00e4 ulkoilua ja m\u00f6kkeily\u00e4.<\/h3>\n<p>Patikointi upeilla n\u00e4k\u00f6aloilla, mets\u00e4stys sienimets\u00e4ss\u00e4 ja vuoristotaimenella - aktiviteetteja luonnossa on monia! Kun s\u00e4\u00e4 ei anna my\u00f6ten, rentoutuminen m\u00f6kill\u00e4 on loistava vaihtoehto. Kuten talomme malli <strong>Cloverleaf<\/strong> on kuvitettu sopivasti syksyiseen tyyliin, joten ajattelimme korostaa sit\u00e4 hieman lis\u00e4\u00e4.<\/p>\n<p><strong>Kl\u00f6verfors 73 parvella - \u00e4lykk\u00e4it\u00e4 mukautuksia niille, jotka rakastavat vuoria<\/strong><br \/>\nTalopaketissa on tilava eteinen ja erillinen varastotila sis\u00e4\u00e4nk\u00e4ynnin vieress\u00e4 - n\u00e4m\u00e4 ovat vain pari esimerkki\u00e4 hyvin harkitusta kokonaisuudesta.<\/p>\n<div class=\"row\"  id=\"row-108074288\">\n\n\t<div id=\"col-1601039570\" class=\"col medium-6 small-12 large-6\"  >\n\t\t\t\t<div class=\"col-inner text-center\"  >\n\t\t\t\n\t\t\t\n\t<div class=\"img has-hover x md-x lg-x y md-y lg-y\" id=\"image_1711978224\">\n\t\t<a class=\"image-lightbox lightbox-gallery\" title=\"\" href=\"https:\/\/jorntrahus.se\/wp-content\/uploads\/2021\/01\/Kloverfors-73-Loft-plan-1-Jorntrahus-Fritidshus-husbyggsats-stuga-fjallstuga-sommarstuga.png\">\t\t\t\t\t\t<div class=\"img-inner dark\" >\n\t\t\t<img loading=\"lazy\" decoding=\"async\" width=\"1020\" height=\"734\" src=\"https:\/\/jorntrahus.se\/wp-content\/uploads\/2021\/01\/Kloverfors-73-Loft-plan-1-Jorntrahus-Fritidshus-husbyggsats-stuga-fjallstuga-sommarstuga.png\" class=\"attachment-large size-large\" alt=\"Kloverfors 73 Loft floor 1 Jorntrahus Loma-asunto talo pakki m\u00f6kki vuoristom\u00f6kki kes\u00e4m\u00f6kki kes\u00e4m\u00f6kki\" srcset=\"https:\/\/jorntrahus.se\/wp-content\/uploads\/2021\/01\/Kloverfors-73-Loft-plan-1-Jorntrahus-Fritidshus-husbyggsats-stuga-fjallstuga-sommarstuga.png 1200w, https:\/\/jorntrahus.se\/wp-content\/uploads\/2021\/01\/Kloverfors-73-Loft-plan-1-Jorntrahus-Fritidshus-husbyggsats-stuga-fjallstuga-sommarstuga-900x647.png 900w, https:\/\/jorntrahus.se\/wp-content\/uploads\/2021\/01\/Kloverfors-73-Loft-plan-1-Jorntrahus-Fritidshus-husbyggsats-stuga-fjallstuga-sommarstuga-600x432.png 600w, https:\/\/jorntrahus.se\/wp-content\/uploads\/2021\/01\/Kloverfors-73-Loft-plan-1-Jorntrahus-Fritidshus-husbyggsats-stuga-fjallstuga-sommarstuga-768x552.png 768w\" sizes=\"auto, (max-width: 1020px) 100vw, 1020px\" \/>\t\t\t\t\t\t\n\t\t\t\t\t<\/div>\n\t\t\t\t\t\t<\/a>\t\t\n<style>\n#image_1711978224 {\n  width: 100%;\n}\n<\/style>\n\t<\/div>\n\t\n<p><b>SUUNNITELMA 1<\/b><\/p>\n\t\t<\/div>\n\t\t\t\t\t<\/div>\n\n\t\n\n\t<div id=\"col-1199044997\" class=\"col medium-6 small-12 large-6\"  >\n\t\t\t\t<div class=\"col-inner text-center\"  >\n\t\t\t\n\t\t\t\n\t<div class=\"img has-hover x md-x lg-x y md-y lg-y\" id=\"image_493105518\">\n\t\t<a class=\"image-lightbox lightbox-gallery\" title=\"\" href=\"https:\/\/jorntrahus.se\/wp-content\/uploads\/2021\/01\/Kloverfors-73-Loft-plan-2-Jorntrahus-Fritidshus-husbyggsats-stuga-fjallstuga-sommarstuga.png\">\t\t\t\t\t\t<div class=\"img-inner dark\" >\n\t\t\t<img loading=\"lazy\" decoding=\"async\" width=\"1020\" height=\"737\" src=\"https:\/\/jorntrahus.se\/wp-content\/uploads\/2021\/01\/Kloverfors-73-Loft-plan-2-Jorntrahus-Fritidshus-husbyggsats-stuga-fjallstuga-sommarstuga.png\" class=\"attachment-large size-large\" alt=\"Kloverfors 73 Loft floor 2 Jorntrahus Loma-asunto talo pakki m\u00f6kki vuoristom\u00f6kki kes\u00e4m\u00f6kki kes\u00e4m\u00f6kki\" srcset=\"https:\/\/jorntrahus.se\/wp-content\/uploads\/2021\/01\/Kloverfors-73-Loft-plan-2-Jorntrahus-Fritidshus-husbyggsats-stuga-fjallstuga-sommarstuga.png 1200w, https:\/\/jorntrahus.se\/wp-content\/uploads\/2021\/01\/Kloverfors-73-Loft-plan-2-Jorntrahus-Fritidshus-husbyggsats-stuga-fjallstuga-sommarstuga-900x650.png 900w, https:\/\/jorntrahus.se\/wp-content\/uploads\/2021\/01\/Kloverfors-73-Loft-plan-2-Jorntrahus-Fritidshus-husbyggsats-stuga-fjallstuga-sommarstuga-600x434.png 600w, https:\/\/jorntrahus.se\/wp-content\/uploads\/2021\/01\/Kloverfors-73-Loft-plan-2-Jorntrahus-Fritidshus-husbyggsats-stuga-fjallstuga-sommarstuga-768x555.png 768w\" sizes=\"auto, (max-width: 1020px) 100vw, 1020px\" \/>\t\t\t\t\t\t\n\t\t\t\t\t<\/div>\n\t\t\t\t\t\t<\/a>\t\t\n<style>\n#image_493105518 {\n  width: 100%;\n}\n<\/style>\n\t<\/div>\n\t\n<p><b>LOFT<\/b><\/p>\n\t\t<\/div>\n\t\t\t\t\t<\/div>\n\n\t\n\n<style>\n#row-108074288 > .col > .col-inner {\n  padding: 15px 30px 0px 30px;\n}\n<\/style>\n<\/div>\n<p>Olohuoneen takakatto antaa tilaa harjakattoikkunoille, jotka levitt\u00e4v\u00e4t valoa parvelle asti. Jos pohjakerroksen kaksi makuuhuonetta eiv\u00e4t riit\u00e4, vintti\u00e4 voidaan k\u00e4ytt\u00e4\u00e4 hy\u00f6dyksi ja tarjota lis\u00e4\u00e4 nukkumatilaa.<\/p>\n<p>Tutustu alla oleviin muihin Kl\u00f6verforsin malliston talomalleihin.<\/p>\n<p><strong>Intohimolla J\u00f6rnilt\u00e4<\/strong>!<\/p>\n\t<div id=\"gap-1751144639\" class=\"gap-element clearfix\" style=\"display:block; height:auto;\">\n\t\t\n<style>\n#gap-1751144639 {\n  padding-top: 30px;\n}\n<\/style>\n\t<\/div>\n\t\n<div class=\"row\"  id=\"row-1257040858\">\n\n\t<div id=\"col-1568032343\" class=\"col medium-6 small-12 large-6\"  >\n\t\t\t\t<div class=\"col-inner\"  >\n\t\t\t\n\t\t\t\n\t<div class=\"img has-hover x md-x lg-x y md-y lg-y\" id=\"image_6318858\">\n\t\t<a class=\"image-lightbox lightbox-gallery\" title=\"\" href=\"https:\/\/jorntrahus.se\/wp-content\/uploads\/2021\/01\/Kloverfors-89-loft-Fritidshus-Byggsats-Hus-fran-Jorntrahus-1200x800.jpg\">\t\t\t\t\t\t<div class=\"img-inner dark\" >\n\t\t\t<img loading=\"lazy\" decoding=\"async\" width=\"1020\" height=\"680\" src=\"https:\/\/jorntrahus.se\/wp-content\/uploads\/2021\/01\/Kloverfors-89-loft-Fritidshus-Byggsats-Hus-fran-Jorntrahus-1200x800.jpg\" class=\"attachment-large size-large\" alt=\"Kloverfors 89 parvi Loma-asunto Rakennussarja Talo alkaen Jorntrahus\" srcset=\"https:\/\/jorntrahus.se\/wp-content\/uploads\/2021\/01\/Kloverfors-89-loft-Fritidshus-Byggsats-Hus-fran-Jorntrahus-1200x800.jpg 1200w, https:\/\/jorntrahus.se\/wp-content\/uploads\/2021\/01\/Kloverfors-89-loft-Fritidshus-Byggsats-Hus-fran-Jorntrahus-scaled-600x400.jpg 600w, https:\/\/jorntrahus.se\/wp-content\/uploads\/2021\/01\/Kloverfors-89-loft-Fritidshus-Byggsats-Hus-fran-Jorntrahus-scaled-900x600.jpg 900w, https:\/\/jorntrahus.se\/wp-content\/uploads\/2021\/01\/Kloverfors-89-loft-Fritidshus-Byggsats-Hus-fran-Jorntrahus-768x512.jpg 768w, https:\/\/jorntrahus.se\/wp-content\/uploads\/2021\/01\/Kloverfors-89-loft-Fritidshus-Byggsats-Hus-fran-Jorntrahus-1536x1024.jpg 1536w, https:\/\/jorntrahus.se\/wp-content\/uploads\/2021\/01\/Kloverfors-89-loft-Fritidshus-Byggsats-Hus-fran-Jorntrahus-2048x1365.jpg 2048w\" sizes=\"auto, (max-width: 1020px) 100vw, 1020px\" \/>\t\t\t\t\t\t\n\t\t\t\t\t<\/div>\n\t\t\t\t\t\t<\/a>\t\t\n<style>\n#image_6318858 {\n  width: 100%;\n}\n<\/style>\n\t<\/div>\n\t\n<a href=\"\/fi\/talomalli\/kloverfors-89-katto\/\" class=\"button primary is-outline is-large expand\" >\n\t\t<span>Kl\u00f6verfors 89 parvi<\/span>\n\t<\/a>\n\n\t\t<\/div>\n\t\t\t\t\t<\/div>\n\n\t\n\n\t<div id=\"col-1425610645\" class=\"col medium-6 small-12 large-6\"  >\n\t\t\t\t<div class=\"col-inner\"  >\n\t\t\t\n\t\t\t\n\t<div class=\"img has-hover x md-x lg-x y md-y lg-y\" id=\"image_1616118799\">\n\t\t<a class=\"image-lightbox lightbox-gallery\" title=\"\" href=\"https:\/\/jorntrahus.se\/wp-content\/uploads\/2021\/01\/Kloverfors-124-loft-Fritidshus-Byggsats-Hus-fran-Jorntrahus-1200x799.jpg\">\t\t\t\t\t\t<div class=\"img-inner dark\" >\n\t\t\t<img loading=\"lazy\" decoding=\"async\" width=\"1020\" height=\"679\" src=\"https:\/\/jorntrahus.se\/wp-content\/uploads\/2021\/01\/Kloverfors-124-loft-Fritidshus-Byggsats-Hus-fran-Jorntrahus-1200x799.jpg\" class=\"attachment-large size-large\" alt=\"Kloverfors 124 parvi Loma-asunto Rakennussarja Talo alkaen Jorntrahus\" srcset=\"https:\/\/jorntrahus.se\/wp-content\/uploads\/2021\/01\/Kloverfors-124-loft-Fritidshus-Byggsats-Hus-fran-Jorntrahus-1200x799.jpg 1200w, https:\/\/jorntrahus.se\/wp-content\/uploads\/2021\/01\/Kloverfors-124-loft-Fritidshus-Byggsats-Hus-fran-Jorntrahus-scaled-600x400.jpg 600w, https:\/\/jorntrahus.se\/wp-content\/uploads\/2021\/01\/Kloverfors-124-loft-Fritidshus-Byggsats-Hus-fran-Jorntrahus-scaled-900x599.jpg 900w, https:\/\/jorntrahus.se\/wp-content\/uploads\/2021\/01\/Kloverfors-124-loft-Fritidshus-Byggsats-Hus-fran-Jorntrahus-768x512.jpg 768w, https:\/\/jorntrahus.se\/wp-content\/uploads\/2021\/01\/Kloverfors-124-loft-Fritidshus-Byggsats-Hus-fran-Jorntrahus-1536x1023.jpg 1536w, https:\/\/jorntrahus.se\/wp-content\/uploads\/2021\/01\/Kloverfors-124-loft-Fritidshus-Byggsats-Hus-fran-Jorntrahus-2048x1364.jpg 2048w\" sizes=\"auto, (max-width: 1020px) 100vw, 1020px\" \/>\t\t\t\t\t\t\n\t\t\t\t\t<\/div>\n\t\t\t\t\t\t<\/a>\t\t\n<style>\n#image_1616118799 {\n  width: 100%;\n}\n<\/style>\n\t<\/div>\n\t\n<a href=\"\/fi\/talomalli\/cloverfors-124-parvi\/\" class=\"button primary is-outline is-large expand\" >\n\t\t<span>Kl\u00f6verfors 124 parvi<\/span>\n\t<\/a>\n\n\t\t<\/div>\n\t\t\t\t\t<\/div>\n\n\t\n<\/div>\n\t<div id=\"gap-672826301\" class=\"gap-element clearfix\" style=\"display:block; height:auto;\">\n\t\t\n<style>\n#gap-672826301 {\n  padding-top: 40px;\n}\n<\/style>\n\t<\/div>\n\t\n<h2>Ota meihin yhteytt\u00e4 ja ota yhteytt\u00e4 suoraan yhteen alla olevista loma-asuntoasiantuntijoistamme.<\/h2>\n<p>Voit my\u00f6s tilata <strong><a href=\"https:\/\/jorntrahus.se\/fi\/bestall-house-luettelo\/\">digitaalinen taloluettelomme<\/a><\/strong> ja inspiroidu asiakkaiden tarinoista - ja tutustu muihin talopaketteihimme.<\/p>\n\t<div id=\"gap-761916253\" class=\"gap-element clearfix\" style=\"display:block; height:auto;\">\n\t\t\n<style>\n#gap-761916253 {\n  padding-top: 40px;\n}\n<\/style>\n\t<\/div>\n\t\n<div class=\"row\"  id=\"row-1741774700\">\n\n\t<div id=\"col-897647344\" class=\"col medium-6 small-12 large-6\"  >\n\t\t\t\t<div class=\"col-inner\"  >\n\t\t\t\n\t\t\t\n\t<div class=\"img has-hover x md-x lg-x y md-y lg-y\" id=\"image_362279891\">\n\t\t<a class=\"image-lightbox lightbox-gallery\" title=\"\" href=\"https:\/\/jorntrahus.se\/wp-content\/uploads\/2022\/04\/Peter-Gyllenberg-Produktionschef-Jorntrahus-Contractor-Personal.jpg\">\t\t\t\t\t\t<div class=\"img-inner image-cover dark\" style=\"padding-top:100%;\">\n\t\t\t<img loading=\"lazy\" decoding=\"async\" width=\"300\" height=\"400\" src=\"https:\/\/jorntrahus.se\/wp-content\/uploads\/2022\/04\/Peter-Gyllenberg-Produktionschef-Jorntrahus-Contractor-Personal.jpg\" class=\"attachment-large size-large\" alt=\"Peter Gyllenberg Tuotantop\u00e4\u00e4llikk\u00f6 Jorntrahus Urakoitsijan henkil\u00f6st\u00f6\" \/>\t\t\t\t\t\t\n\t\t\t\t\t<\/div>\n\t\t\t\t\t\t<\/a>\t\t\n<style>\n#image_362279891 {\n  width: 100%;\n}\n<\/style>\n\t<\/div>\n\t\n<h3>Peter Gyllenberg<\/h3>\n<p><a href=\"tel:0046101307804\">+46 10-130 78 04<\/a><br \/>\n<a href=\"mailto:peter.gyllenberg@jorntrahus.se\">peter.gyllenberg@jorntrahus.se<\/a><\/p>\n\t\t<\/div>\n\t\t\t\t\t<\/div>\n\n\t\n\n\t<div id=\"col-1422443982\" class=\"col medium-6 small-12 large-6\"  >\n\t\t\t\t<div class=\"col-inner\"  >\n\t\t\t\n\t\t\t\n\t<div class=\"img has-hover x md-x lg-x y md-y lg-y\" id=\"image_240346057\">\n\t\t<a class=\"image-lightbox lightbox-gallery\" title=\"\" href=\"https:\/\/jorntrahus.se\/wp-content\/uploads\/2021\/10\/Oklart1_Efternamn_Jorntrahus.jpg\">\t\t\t\t\t\t<div class=\"img-inner image-cover dark\" style=\"padding-top:100%;\">\n\t\t\t<img loading=\"lazy\" decoding=\"async\" width=\"300\" height=\"400\" src=\"https:\/\/jorntrahus.se\/wp-content\/uploads\/2021\/10\/Oklart1_Efternamn_Jorntrahus.jpg\" class=\"attachment-large size-large\" alt=\"Johnny Lindblom\" \/>\t\t\t\t\t\t\n\t\t\t\t\t<\/div>\n\t\t\t\t\t\t<\/a>\t\t\n<style>\n#image_240346057 {\n  width: 100%;\n}\n<\/style>\n\t<\/div>\n\t\n<h4>Johnny Lindblom<\/h4>\n<p><a href=\"tel:0046101307885\">+46 10-130 78 85<\/a><br \/>\n<a href=\"mailto:johnny.lindblom@jorntrahus.se\">johnny.lindblom@jorntrahus.se<\/a><\/p>\n\t\t<\/div>\n\t\t\t\t\t<\/div>\n\n\t\n<\/div>","protected":false},"excerpt":{"rendered":"<p>Nyt on saapunut upea syksy, joka on t\u00e4ynn\u00e4 v\u00e4rej\u00e4 - kausi t\u00e4ynn\u00e4 ulkoilua ja m\u00f6kkeily\u00e4.<\/p>","protected":false},"author":2,"featured_media":14656,"comment_status":"closed","ping_status":"closed","sticky":false,"template":"","format":"standard","meta":{"footnotes":""},"categories":[6],"tags":[24,1492,1096,1488,1184,1490],"class_list":["post-14654","post","type-post","status-publish","format-standard","has-post-thumbnail","hentry","category-nyhet","tag-fritidshus","tag-host","tag-kloverfors","tag-medpassionfranjorn","tag-prefabricerade-husblock","tag-stugmys"],"yoast_head":"<!-- This site is optimized with the Yoast SEO plugin v27.2 - https:\/\/yoast.com\/product\/yoast-seo-wordpress\/ -->\n<title>Fritidshuset Kl\u00f6verfors i h\u00f6stskrud - J\u00f6rntr\u00e4hus<\/title>\n<meta name=\"robots\" content=\"index, follow, max-snippet:-1, max-image-preview:large, max-video-preview:-1\" \/>\n<link rel=\"canonical\" href=\"https:\/\/jorntrahus.se\/fi\/uutuus\/kloverfors-loma-asunto-yskivassa-loistossaan\/\" \/>\n<meta property=\"og:locale\" content=\"fi_FI\" \/>\n<meta property=\"og:type\" content=\"article\" \/>\n<meta property=\"og:title\" content=\"Fritidshuset Kl\u00f6verfors i h\u00f6stskrud - J\u00f6rntr\u00e4hus\" \/>\n<meta property=\"og:description\" content=\"Nu har den h\u00e4rliga h\u00f6sten kommit med sprakande f\u00e4rger \u2013 en \u00e5rstid fylld med utomhusaktivitet och stugmys.\" \/>\n<meta property=\"og:url\" content=\"https:\/\/jorntrahus.se\/fi\/uutuus\/kloverfors-loma-asunto-yskivassa-loistossaan\/\" \/>\n<meta property=\"og:site_name\" content=\"J\u00f6rntr\u00e4hus\" \/>\n<meta property=\"article:published_time\" content=\"2024-09-16T11:24:58+00:00\" \/>\n<meta property=\"article:modified_time\" content=\"2024-10-23T12:16:20+00:00\" \/>\n<meta property=\"og:image\" content=\"https:\/\/jorntrahus.se\/wp-content\/uploads\/2024\/10\/Kloverfors-73-Hosttema-Jorntrahus-Husbyggsats-Fritidshus-webb-ver2.jpg\" \/>\n\t<meta property=\"og:image:width\" content=\"2400\" \/>\n\t<meta property=\"og:image:height\" content=\"1600\" \/>\n\t<meta property=\"og:image:type\" content=\"image\/jpeg\" \/>\n<meta name=\"author\" content=\"J\u00f6rntr\u00e4hus\" \/>\n<meta name=\"twitter:card\" content=\"summary_large_image\" \/>\n<meta name=\"twitter:label1\" content=\"Kirjoittanut\" \/>\n\t<meta name=\"twitter:data1\" content=\"J\u00f6rntr\u00e4hus\" \/>\n\t<meta name=\"twitter:label2\" content=\"Arvioitu lukuaika\" \/>\n\t<meta name=\"twitter:data2\" content=\"2 minuuttia\" \/>\n<script type=\"application\/ld+json\" class=\"yoast-schema-graph\">{\"@context\":\"https:\/\/schema.org\",\"@graph\":[{\"@type\":\"Article\",\"@id\":\"https:\/\/jorntrahus.se\/nyhet\/fritidshuset-kloverfors-i-hostskrud\/#article\",\"isPartOf\":{\"@id\":\"https:\/\/jorntrahus.se\/nyhet\/fritidshuset-kloverfors-i-hostskrud\/\"},\"author\":{\"name\":\"J\u00f6rntr\u00e4hus\",\"@id\":\"https:\/\/jorntrahus.se\/#\/schema\/person\/1d486a26d13d4df455271c2f02f5ef5c\"},\"headline\":\"Fritidshuset Kl\u00f6verfors i h\u00f6stskrud\",\"datePublished\":\"2024-09-16T11:24:58+00:00\",\"dateModified\":\"2024-10-23T12:16:20+00:00\",\"mainEntityOfPage\":{\"@id\":\"https:\/\/jorntrahus.se\/nyhet\/fritidshuset-kloverfors-i-hostskrud\/\"},\"wordCount\":357,\"publisher\":{\"@id\":\"https:\/\/jorntrahus.se\/#organization\"},\"image\":{\"@id\":\"https:\/\/jorntrahus.se\/nyhet\/fritidshuset-kloverfors-i-hostskrud\/#primaryimage\"},\"thumbnailUrl\":\"https:\/\/jorntrahus.se\/wp-content\/uploads\/2024\/10\/Kloverfors-73-Hosttema-Jorntrahus-Husbyggsats-Fritidshus-webb-ver2.jpg\",\"keywords\":[\"Fritidshus\",\"h\u00f6st\",\"Kl\u00f6verfors\",\"medpassionfr\u00e5nj\u00f6rn\",\"prefabricerade husblock\",\"stugmys\"],\"articleSection\":[\"Nyhet\"],\"inLanguage\":\"fi\"},{\"@type\":\"WebPage\",\"@id\":\"https:\/\/jorntrahus.se\/nyhet\/fritidshuset-kloverfors-i-hostskrud\/\",\"url\":\"https:\/\/jorntrahus.se\/nyhet\/fritidshuset-kloverfors-i-hostskrud\/\",\"name\":\"Fritidshuset Kl\u00f6verfors i h\u00f6stskrud - J\u00f6rntr\u00e4hus\",\"isPartOf\":{\"@id\":\"https:\/\/jorntrahus.se\/#website\"},\"primaryImageOfPage\":{\"@id\":\"https:\/\/jorntrahus.se\/nyhet\/fritidshuset-kloverfors-i-hostskrud\/#primaryimage\"},\"image\":{\"@id\":\"https:\/\/jorntrahus.se\/nyhet\/fritidshuset-kloverfors-i-hostskrud\/#primaryimage\"},\"thumbnailUrl\":\"https:\/\/jorntrahus.se\/wp-content\/uploads\/2024\/10\/Kloverfors-73-Hosttema-Jorntrahus-Husbyggsats-Fritidshus-webb-ver2.jpg\",\"datePublished\":\"2024-09-16T11:24:58+00:00\",\"dateModified\":\"2024-10-23T12:16:20+00:00\",\"breadcrumb\":{\"@id\":\"https:\/\/jorntrahus.se\/nyhet\/fritidshuset-kloverfors-i-hostskrud\/#breadcrumb\"},\"inLanguage\":\"fi\",\"potentialAction\":[{\"@type\":\"ReadAction\",\"target\":[\"https:\/\/jorntrahus.se\/nyhet\/fritidshuset-kloverfors-i-hostskrud\/\"]}]},{\"@type\":\"ImageObject\",\"inLanguage\":\"fi\",\"@id\":\"https:\/\/jorntrahus.se\/nyhet\/fritidshuset-kloverfors-i-hostskrud\/#primaryimage\",\"url\":\"https:\/\/jorntrahus.se\/wp-content\/uploads\/2024\/10\/Kloverfors-73-Hosttema-Jorntrahus-Husbyggsats-Fritidshus-webb-ver2.jpg\",\"contentUrl\":\"https:\/\/jorntrahus.se\/wp-content\/uploads\/2024\/10\/Kloverfors-73-Hosttema-Jorntrahus-Husbyggsats-Fritidshus-webb-ver2.jpg\",\"width\":2400,\"height\":1600,\"caption\":\"Klo\u0308verfors 73 Ho\u0308sttema Jo\u0308rntra\u0308hus Husbyggsats Fritidshus webb ver2\"},{\"@type\":\"BreadcrumbList\",\"@id\":\"https:\/\/jorntrahus.se\/nyhet\/fritidshuset-kloverfors-i-hostskrud\/#breadcrumb\",\"itemListElement\":[{\"@type\":\"ListItem\",\"position\":1,\"name\":\"Hem\",\"item\":\"https:\/\/jorntrahus.se\/\"},{\"@type\":\"ListItem\",\"position\":2,\"name\":\"Fritidshuset Kl\u00f6verfors i h\u00f6stskrud\"}]},{\"@type\":\"WebSite\",\"@id\":\"https:\/\/jorntrahus.se\/#website\",\"url\":\"https:\/\/jorntrahus.se\/\",\"name\":\"J\u00f6rntr\u00e4hus\",\"description\":\"Hus f\u00f6r den medvetne\",\"publisher\":{\"@id\":\"https:\/\/jorntrahus.se\/#organization\"},\"potentialAction\":[{\"@type\":\"SearchAction\",\"target\":{\"@type\":\"EntryPoint\",\"urlTemplate\":\"https:\/\/jorntrahus.se\/?s={search_term_string}\"},\"query-input\":{\"@type\":\"PropertyValueSpecification\",\"valueRequired\":true,\"valueName\":\"search_term_string\"}}],\"inLanguage\":\"fi\"},{\"@type\":\"Organization\",\"@id\":\"https:\/\/jorntrahus.se\/#organization\",\"name\":\"J\u00f6rntr\u00e4hus\",\"url\":\"https:\/\/jorntrahus.se\/\",\"logo\":{\"@type\":\"ImageObject\",\"inLanguage\":\"fi\",\"@id\":\"https:\/\/jorntrahus.se\/#\/schema\/logo\/image\/\",\"url\":\"https:\/\/jorntrahus.se\/wp-content\/uploads\/2020\/09\/Jorntrahus_Grund_CMYK.eps\",\"contentUrl\":\"https:\/\/jorntrahus.se\/wp-content\/uploads\/2020\/09\/Jorntrahus_Grund_CMYK.eps\",\"width\":1,\"height\":1,\"caption\":\"J\u00f6rntr\u00e4hus\"},\"image\":{\"@id\":\"https:\/\/jorntrahus.se\/#\/schema\/logo\/image\/\"}},{\"@type\":\"Person\",\"@id\":\"https:\/\/jorntrahus.se\/#\/schema\/person\/1d486a26d13d4df455271c2f02f5ef5c\",\"name\":\"J\u00f6rntr\u00e4hus\",\"image\":{\"@type\":\"ImageObject\",\"inLanguage\":\"fi\",\"@id\":\"https:\/\/secure.gravatar.com\/avatar\/e9b8fcf3c4d64603cd3ec2eb8588179dabe6c74041e8c2a09d7ca9e0900a4ad3?s=96&d=mm&r=g\",\"url\":\"https:\/\/secure.gravatar.com\/avatar\/e9b8fcf3c4d64603cd3ec2eb8588179dabe6c74041e8c2a09d7ca9e0900a4ad3?s=96&d=mm&r=g\",\"contentUrl\":\"https:\/\/secure.gravatar.com\/avatar\/e9b8fcf3c4d64603cd3ec2eb8588179dabe6c74041e8c2a09d7ca9e0900a4ad3?s=96&d=mm&r=g\",\"caption\":\"J\u00f6rntr\u00e4hus\"},\"sameAs\":[\"https:\/\/jorntrahus.se\"],\"url\":\"https:\/\/jorntrahus.se\/fi\/author\/jorntrahus\/\"}]}<\/script>\n<!-- \/ Yoast SEO plugin. -->","yoast_head_json":{"title":"Kl\u00f6verforsin loma-asunto syksyll\u00e4 - J\u00f6rntr\u00e4hus","robots":{"index":"index","follow":"follow","max-snippet":"max-snippet:-1","max-image-preview":"max-image-preview:large","max-video-preview":"max-video-preview:-1"},"canonical":"https:\/\/jorntrahus.se\/fi\/uutuus\/kloverfors-loma-asunto-yskivassa-loistossaan\/","og_locale":"fi_FI","og_type":"article","og_title":"Fritidshuset Kl\u00f6verfors i h\u00f6stskrud - J\u00f6rntr\u00e4hus","og_description":"Nu har den h\u00e4rliga h\u00f6sten kommit med sprakande f\u00e4rger \u2013 en \u00e5rstid fylld med utomhusaktivitet och stugmys.","og_url":"https:\/\/jorntrahus.se\/fi\/uutuus\/kloverfors-loma-asunto-yskivassa-loistossaan\/","og_site_name":"J\u00f6rntr\u00e4hus","article_published_time":"2024-09-16T11:24:58+00:00","article_modified_time":"2024-10-23T12:16:20+00:00","og_image":[{"width":2400,"height":1600,"url":"https:\/\/jorntrahus.se\/wp-content\/uploads\/2024\/10\/Kloverfors-73-Hosttema-Jorntrahus-Husbyggsats-Fritidshus-webb-ver2.jpg","type":"image\/jpeg"}],"author":"J\u00f6rntr\u00e4hus","twitter_card":"summary_large_image","twitter_misc":{"Kirjoittanut":"J\u00f6rntr\u00e4hus","Arvioitu lukuaika":"2 minuuttia"},"schema":{"@context":"https:\/\/schema.org","@graph":[{"@type":"Article","@id":"https:\/\/jorntrahus.se\/nyhet\/fritidshuset-kloverfors-i-hostskrud\/#article","isPartOf":{"@id":"https:\/\/jorntrahus.se\/nyhet\/fritidshuset-kloverfors-i-hostskrud\/"},"author":{"name":"J\u00f6rntr\u00e4hus","@id":"https:\/\/jorntrahus.se\/#\/schema\/person\/1d486a26d13d4df455271c2f02f5ef5c"},"headline":"Fritidshuset Kl\u00f6verfors i h\u00f6stskrud","datePublished":"2024-09-16T11:24:58+00:00","dateModified":"2024-10-23T12:16:20+00:00","mainEntityOfPage":{"@id":"https:\/\/jorntrahus.se\/nyhet\/fritidshuset-kloverfors-i-hostskrud\/"},"wordCount":357,"publisher":{"@id":"https:\/\/jorntrahus.se\/#organization"},"image":{"@id":"https:\/\/jorntrahus.se\/nyhet\/fritidshuset-kloverfors-i-hostskrud\/#primaryimage"},"thumbnailUrl":"https:\/\/jorntrahus.se\/wp-content\/uploads\/2024\/10\/Kloverfors-73-Hosttema-Jorntrahus-Husbyggsats-Fritidshus-webb-ver2.jpg","keywords":["Fritidshus","h\u00f6st","Kl\u00f6verfors","medpassionfr\u00e5nj\u00f6rn","prefabricerade husblock","stugmys"],"articleSection":["Nyhet"],"inLanguage":"fi"},{"@type":"WebPage","@id":"https:\/\/jorntrahus.se\/nyhet\/fritidshuset-kloverfors-i-hostskrud\/","url":"https:\/\/jorntrahus.se\/nyhet\/fritidshuset-kloverfors-i-hostskrud\/","name":"Kl\u00f6verforsin loma-asunto syksyll\u00e4 - J\u00f6rntr\u00e4hus","isPartOf":{"@id":"https:\/\/jorntrahus.se\/#website"},"primaryImageOfPage":{"@id":"https:\/\/jorntrahus.se\/nyhet\/fritidshuset-kloverfors-i-hostskrud\/#primaryimage"},"image":{"@id":"https:\/\/jorntrahus.se\/nyhet\/fritidshuset-kloverfors-i-hostskrud\/#primaryimage"},"thumbnailUrl":"https:\/\/jorntrahus.se\/wp-content\/uploads\/2024\/10\/Kloverfors-73-Hosttema-Jorntrahus-Husbyggsats-Fritidshus-webb-ver2.jpg","datePublished":"2024-09-16T11:24:58+00:00","dateModified":"2024-10-23T12:16:20+00:00","breadcrumb":{"@id":"https:\/\/jorntrahus.se\/nyhet\/fritidshuset-kloverfors-i-hostskrud\/#breadcrumb"},"inLanguage":"fi","potentialAction":[{"@type":"ReadAction","target":["https:\/\/jorntrahus.se\/nyhet\/fritidshuset-kloverfors-i-hostskrud\/"]}]},{"@type":"ImageObject","inLanguage":"fi","@id":"https:\/\/jorntrahus.se\/nyhet\/fritidshuset-kloverfors-i-hostskrud\/#primaryimage","url":"https:\/\/jorntrahus.se\/wp-content\/uploads\/2024\/10\/Kloverfors-73-Hosttema-Jorntrahus-Husbyggsats-Fritidshus-webb-ver2.jpg","contentUrl":"https:\/\/jorntrahus.se\/wp-content\/uploads\/2024\/10\/Kloverfors-73-Hosttema-Jorntrahus-Husbyggsats-Fritidshus-webb-ver2.jpg","width":2400,"height":1600,"caption":"Klo\u0308verfors 73 Ho\u0308sttema Jo\u0308rntra\u0308hus Husbyggsats Fritidshus webb ver2"},{"@type":"BreadcrumbList","@id":"https:\/\/jorntrahus.se\/nyhet\/fritidshuset-kloverfors-i-hostskrud\/#breadcrumb","itemListElement":[{"@type":"ListItem","position":1,"name":"Hem","item":"https:\/\/jorntrahus.se\/"},{"@type":"ListItem","position":2,"name":"Fritidshuset Kl\u00f6verfors i h\u00f6stskrud"}]},{"@type":"WebSite","@id":"https:\/\/jorntrahus.se\/#website","url":"https:\/\/jorntrahus.se\/","name":"J\u00f6rntr\u00e4hus","description":"Talot tietoisille","publisher":{"@id":"https:\/\/jorntrahus.se\/#organization"},"potentialAction":[{"@type":"SearchAction","target":{"@type":"EntryPoint","urlTemplate":"https:\/\/jorntrahus.se\/?s={search_term_string}"},"query-input":{"@type":"PropertyValueSpecification","valueRequired":true,"valueName":"search_term_string"}}],"inLanguage":"fi"},{"@type":"Organization","@id":"https:\/\/jorntrahus.se\/#organization","name":"J\u00f6rntr\u00e4hus","url":"https:\/\/jorntrahus.se\/","logo":{"@type":"ImageObject","inLanguage":"fi","@id":"https:\/\/jorntrahus.se\/#\/schema\/logo\/image\/","url":"https:\/\/jorntrahus.se\/wp-content\/uploads\/2020\/09\/Jorntrahus_Grund_CMYK.eps","contentUrl":"https:\/\/jorntrahus.se\/wp-content\/uploads\/2020\/09\/Jorntrahus_Grund_CMYK.eps","width":1,"height":1,"caption":"J\u00f6rntr\u00e4hus"},"image":{"@id":"https:\/\/jorntrahus.se\/#\/schema\/logo\/image\/"}},{"@type":"Person","@id":"https:\/\/jorntrahus.se\/#\/schema\/person\/1d486a26d13d4df455271c2f02f5ef5c","name":"J\u00f6rntr\u00e4hus","image":{"@type":"ImageObject","inLanguage":"fi","@id":"https:\/\/secure.gravatar.com\/avatar\/e9b8fcf3c4d64603cd3ec2eb8588179dabe6c74041e8c2a09d7ca9e0900a4ad3?s=96&d=mm&r=g","url":"https:\/\/secure.gravatar.com\/avatar\/e9b8fcf3c4d64603cd3ec2eb8588179dabe6c74041e8c2a09d7ca9e0900a4ad3?s=96&d=mm&r=g","contentUrl":"https:\/\/secure.gravatar.com\/avatar\/e9b8fcf3c4d64603cd3ec2eb8588179dabe6c74041e8c2a09d7ca9e0900a4ad3?s=96&d=mm&r=g","caption":"J\u00f6rntr\u00e4hus"},"sameAs":["https:\/\/jorntrahus.se"],"url":"https:\/\/jorntrahus.se\/fi\/author\/jorntrahus\/"}]}},"publishpress_future_action":{"enabled":false,"date":"2026-05-06 20:09:58","action":"change-status","newStatus":"draft","terms":[],"taxonomy":"category","extraData":[]},"publishpress_future_workflow_manual_trigger":{"enabledWorkflows":[]},"_links":{"self":[{"href":"https:\/\/jorntrahus.se\/fi\/wp-json\/wp\/v2\/posts\/14654","targetHints":{"allow":["GET"]}}],"collection":[{"href":"https:\/\/jorntrahus.se\/fi\/wp-json\/wp\/v2\/posts"}],"about":[{"href":"https:\/\/jorntrahus.se\/fi\/wp-json\/wp\/v2\/types\/post"}],"author":[{"embeddable":true,"href":"https:\/\/jorntrahus.se\/fi\/wp-json\/wp\/v2\/users\/2"}],"replies":[{"embeddable":true,"href":"https:\/\/jorntrahus.se\/fi\/wp-json\/wp\/v2\/comments?post=14654"}],"version-history":[{"count":16,"href":"https:\/\/jorntrahus.se\/fi\/wp-json\/wp\/v2\/posts\/14654\/revisions"}],"predecessor-version":[{"id":14693,"href":"https:\/\/jorntrahus.se\/fi\/wp-json\/wp\/v2\/posts\/14654\/revisions\/14693"}],"wp:featuredmedia":[{"embeddable":true,"href":"https:\/\/jorntrahus.se\/fi\/wp-json\/wp\/v2\/media\/14656"}],"wp:attachment":[{"href":"https:\/\/jorntrahus.se\/fi\/wp-json\/wp\/v2\/media?parent=14654"}],"wp:term":[{"taxonomy":"category","embeddable":true,"href":"https:\/\/jorntrahus.se\/fi\/wp-json\/wp\/v2\/categories?post=14654"},{"taxonomy":"post_tag","embeddable":true,"href":"https:\/\/jorntrahus.se\/fi\/wp-json\/wp\/v2\/tags?post=14654"}],"curies":[{"name":"wp","href":"https:\/\/api.w.org\/{rel}","templated":true}]}}