{"id":14799,"date":"2025-01-14T14:15:37","date_gmt":"2025-01-14T13:15:37","guid":{"rendered":"https:\/\/jorntrahus.se\/?p=14799"},"modified":"2025-01-15T10:30:01","modified_gmt":"2025-01-15T09:30:01","slug":"vahvistamme-myyntipuolta-tervetuloa-takaisin-gunnar","status":"publish","type":"post","link":"https:\/\/jorntrahus.se\/fi\/foretagsnytt\/vi-starker-upp-pa-saljsidan-valkommen-tillbaks-gunnar\/","title":{"rendered":"Vahvistamme myyntipuolta - tervetuloa takaisin, Gunnar."},"content":{"rendered":"<div class=\"row\"  id=\"row-1640035306\">\n\n\t<div id=\"col-1049120957\" class=\"col small-12 large-12\"  >\n\t\t\t\t<div class=\"col-inner\"  >\n\t\t\t\n\t\t\t\n<h3>Gunnar \u00d6lund on palannut myyj\u00e4ksi J\u00f6rntr\u00e4hus:hen. Muutaman vuoden muiden teht\u00e4vien j\u00e4lkeen h\u00e4n palaa nyt takaisin yritykseen, jossa h\u00e4n ty\u00f6skenteli aiemmin yksityismarkkinoihin keskittyv\u00e4n\u00e4 myyj\u00e4n\u00e4.<br \/>\n- Tuntuu hienolta palata! J\u00f6rntr\u00e4hus on aina ollut yritys, jossa olen tuntenut oloni kotoisaksi, ja odotan innolla, ett\u00e4 p\u00e4\u00e4sen taas alkuun\", Gunnar sanoo.<\/h3>\n\t<div id=\"gap-906417350\" class=\"gap-element clearfix\" style=\"display:block; height:auto;\">\n\t\t\n<style>\n#gap-906417350 {\n  padding-top: 30px;\n}\n<\/style>\n\t<\/div>\n\t\n<p>J\u00f6rntr\u00e4hus:n toimitusjohtaja Peter Gyllenberg on eritt\u00e4in iloinen, ett\u00e4 Gunnar on palannut.<br \/><em>- Gunnarin kaltaisen kokeneen myyj\u00e4n, joka my\u00f6s tuntee jo yrityksen ja tuotteemme, mukaantulo on suuri etu. H\u00e4nen energisyytens\u00e4 ja asiakasl\u00e4ht\u00f6isyytens\u00e4 on juuri sit\u00e4, mit\u00e4 tarvitsemme\", Peter sanoo.<\/em><\/p>\n<p>Gunnar, mit\u00e4 olet tehnyt sen j\u00e4lkeen, kun viimeksi ty\u00f6skentelit J\u00f6rntr\u00e4hus:ss\u00e4?<br \/><em>- Edellisen t\u00e4\u00e4ll\u00e4 k\u00e4yntini j\u00e4lkeen olen ty\u00f6skennellyt liiketoiminnan kehitt\u00e4misen ja hankintojen parissa kansainv\u00e4lisemm\u00e4ss\u00e4 ymp\u00e4rist\u00f6ss\u00e4, joka liittyy tietenkin edelleen puuhun. <\/em><em>Se on ollut eritt\u00e4in opettavaista ja antanut minulle syvemm\u00e4n ymm\u00e4rryksen sek\u00e4 tuotevirroista ett\u00e4 asiakkaiden tarpeista.<\/em><\/p>\n<p>Mik\u00e4 sai sinut palaamaan J\u00f6rntr\u00e4hus:hen?<br \/><em>- Minulla on aina ollut l\u00e4mmin suhde yritykseen ja upeisiin puutaloihin, joita valmistetaan t\u00e4\u00e4ll\u00e4 J\u00f6rniss\u00e4. Kun tilaisuus tarjoutui, tuntui itsest\u00e4\u00e4n selv\u00e4lt\u00e4 tulla takaisin. Markkinat ovat k\u00e4\u00e4ntyneet, ja valmistamiemme talopakettien kysynt\u00e4 on suurta. Kyseess\u00e4 on my\u00f6s j\u00e4nnitt\u00e4v\u00e4 yritys, jossa yhdistyv\u00e4t kest\u00e4v\u00e4 kehitys, laatu ja innovaatiot. Odotan innolla, ett\u00e4 voin auttaa yksityishenkil\u00f6it\u00e4 toteuttamaan unelmansa loma-asunnosta, mutta my\u00f6s osallistua myyntiin yrityksille.<\/em><\/p>\n\t<div id=\"gap-2095806154\" class=\"gap-element clearfix\" style=\"display:block; height:auto;\">\n\t\t\n<style>\n#gap-2095806154 {\n  padding-top: 30px;\n}\n<\/style>\n\t<\/div>\n\t\n<div class=\"row row-collapse align-center\"  id=\"row-1111009802\">\n\n\t<div id=\"col-1655250832\" class=\"col medium-8 small-12 large-8\"  >\n\t\t\t\t<div class=\"col-inner text-center\"  >\n\t\t\t\n\t\t\t\n\t<div id=\"text-3171260454\" class=\"text\">\n\t\t\n<h2 style=\"text-align: center;\">\u00bbH\u00e4nen energisyytens\u00e4 ja asiakasl\u00e4ht\u00f6isyytens\u00e4 ovat juuri sit\u00e4, mit\u00e4 tarvitsemme\u00ab, sanoo toimitusjohtaja Peter Gyllenberg.\u00ab<\/h2>\n\t\t\n<style>\n#text-3171260454 {\n  text-align: center;\n}\n<\/style>\n\t<\/div>\n\t\n\t\t<\/div>\n\t\t\t\t\n<style>\n#col-1655250832 > .col-inner {\n  padding: 20px 0px 20px 0px;\n}\n@media (min-width:550px) {\n  #col-1655250832 > .col-inner {\n    padding: 20px 50px 20px 50px;\n  }\n}\n@media (min-width:850px) {\n  #col-1655250832 > .col-inner {\n    padding: 20px 100px 20px 100px;\n  }\n}\n<\/style>\n\t<\/div>\n\n\t\n<\/div>\n\t<div id=\"gap-696814856\" class=\"gap-element clearfix\" style=\"display:block; height:auto;\">\n\t\t\n<style>\n#gap-696814856 {\n  padding-top: 30px;\n}\n<\/style>\n\t<\/div>\n\t\n<p>Mit\u00e4 toivot tuovasi teht\u00e4viisi?<br \/><em>- Haluan tuoda sek\u00e4 kokemusta ett\u00e4 energiaa. Asiakkaiden tarpeiden ymm\u00e4rt\u00e4minen ja heille sopivien ratkaisujen tarjoaminen on jotain, josta olen todella innostunut. Odotan my\u00f6s innolla, ett\u00e4 p\u00e4\u00e4sen kehitt\u00e4m\u00e4\u00e4n suhteita yritysasiakkaisiimme ja auttamaan yh\u00e4 useampia rakennusalan yrityksi\u00e4 ymm\u00e4rt\u00e4m\u00e4\u00e4n moduulirakentamisen edut.<\/em><\/p>\n<p>Milt\u00e4 se n\u00e4ytt\u00e4\u00e4 sinulle ty\u00f6ajan ulkopuolella?<br \/><em>- Suuri osa minun ja perheeni vapaa-ajasta koostuu erilaisista urheilulajeista. Olen yleens\u00e4 hyvin kiinnostunut luonnossa liikkumisesta - kes\u00e4isin useimmiten kalastusretkien muodossa sek\u00e4 vuoristossa ett\u00e4 rannikolla tai jollain haastavalla maastopy\u00f6r\u00e4ilyreitill\u00e4. Talvella k\u00e4yt\u00e4n hiihtolatuja niin usein kuin mahdollista tulevaa Vasaloppetia varten - se on t\u00e4ydellinen tapa ladata akkuja.<\/em><\/p>\n<p>J\u00f6rntr\u00e4hus Ski Team - n\u00e4hd\u00e4\u00e4nk\u00f6 siell\u00e4kin paluu?<br \/><em>- \u00c4l\u00e4 koskaan sano koskaan\", Gunnar toteaa hymyillen.\u00a0<\/em><\/p>\n\t\t<\/div>\n\t\t\t\t\t<\/div>\n\n\t\n<\/div>\n<div class=\"row\"  id=\"row-749057587\">\n\n\t<div id=\"col-1562378811\" class=\"col medium-6 small-12 large-6\"  >\n\t\t\t\t<div class=\"col-inner\"  >\n\t\t\t\n\t\t\t\n\t<div class=\"img has-hover x md-x lg-x y md-y lg-y\" id=\"image_1169074825\">\n\t\t\t\t\t\t\t\t<div class=\"img-inner dark\" >\n\t\t\t<img loading=\"lazy\" decoding=\"async\" width=\"768\" height=\"960\" src=\"https:\/\/jorntrahus.se\/wp-content\/uploads\/2025\/01\/Jorntrahus-Ski-Team-Reklam-Spons-Skidbyxor-1-768x960.jpg\" class=\"attachment-medium_large size-medium_large\" alt=\"Jorntrahus Ski Team Mainos Sponsori Hiihtohousut 1\" srcset=\"https:\/\/jorntrahus.se\/wp-content\/uploads\/2025\/01\/Jorntrahus-Ski-Team-Reklam-Spons-Skidbyxor-1-768x960.jpg 768w, https:\/\/jorntrahus.se\/wp-content\/uploads\/2025\/01\/Jorntrahus-Ski-Team-Reklam-Spons-Skidbyxor-1-720x900.jpg 720w, https:\/\/jorntrahus.se\/wp-content\/uploads\/2025\/01\/Jorntrahus-Ski-Team-Reklam-Spons-Skidbyxor-1.jpg 800w\" sizes=\"auto, (max-width: 768px) 100vw, 768px\" \/>\t\t\t\t\t\t\n\t\t\t\t\t<\/div>\n\t\t\t\t\t\t\t\t\n<style>\n#image_1169074825 {\n  width: 100%;\n}\n<\/style>\n\t<\/div>\n\t\n\t\t<\/div>\n\t\t\t\t\t<\/div>\n\n\t\n\n\t<div id=\"col-1975827697\" class=\"col medium-6 small-12 large-6\"  >\n\t\t\t\t<div class=\"col-inner\"  >\n\t\t\t\n\t\t\t\n\t<div class=\"img has-hover x md-x lg-x y md-y lg-y\" id=\"image_1283917699\">\n\t\t\t\t\t\t\t\t<div class=\"img-inner dark\" >\n\t\t\t<img loading=\"lazy\" decoding=\"async\" width=\"768\" height=\"960\" src=\"https:\/\/jorntrahus.se\/wp-content\/uploads\/2025\/01\/Jorntrahus-Ski-Team-Gunnar-Olund-1-768x960.jpg\" class=\"attachment-medium_large size-medium_large\" alt=\"Jorntrahus Ski Team Gunnar Olund 1\" srcset=\"https:\/\/jorntrahus.se\/wp-content\/uploads\/2025\/01\/Jorntrahus-Ski-Team-Gunnar-Olund-1-768x960.jpg 768w, https:\/\/jorntrahus.se\/wp-content\/uploads\/2025\/01\/Jorntrahus-Ski-Team-Gunnar-Olund-1-720x900.jpg 720w, https:\/\/jorntrahus.se\/wp-content\/uploads\/2025\/01\/Jorntrahus-Ski-Team-Gunnar-Olund-1.jpg 800w\" sizes=\"auto, (max-width: 768px) 100vw, 768px\" \/>\t\t\t\t\t\t\n\t\t\t\t\t<\/div>\n\t\t\t\t\t\t\t\t\n<style>\n#image_1283917699 {\n  width: 100%;\n}\n<\/style>\n\t<\/div>\n\t\n\t\t<\/div>\n\t\t\t\t\t<\/div>\n\n\t\n<\/div>\n\t<div id=\"gap-376370995\" class=\"gap-element clearfix\" style=\"display:block; height:auto;\">\n\t\t\n<style>\n#gap-376370995 {\n  padding-top: 60px;\n}\n<\/style>\n\t<\/div>\n\t\n<div class=\"row\"  id=\"row-865681065\">\n\n\t<div id=\"col-551934056\" class=\"col medium-3 small-12 large-3\"  >\n\t\t\t\t<div class=\"col-inner\"  >\n\t\t\t\n\t\t\t\n\t\t<\/div>\n\t\t\t\t\t<\/div>\n\n\t\n\n\t<div id=\"col-1031507520\" class=\"col medium-6 small-12 large-6\"  >\n\t\t\t\t<div class=\"col-inner\"  >\n\t\t\t\n\t\t\t\n<h2 style=\"text-align: center;\">Tervetuloa keskustelemaan kanssamme kest\u00e4vist\u00e4 puutaloista!<\/h2>\n<p style=\"text-align: center;\">Ota rohkeasti yhteytt\u00e4 Gunnariin, niin h\u00e4n esittelee kaikki edut, joita on hy\u00f6ty\u00e4 talopaketin ostamisesta meilt\u00e4 J\u00f6rntr\u00e4hus:lt\u00e4.\u00a0<\/p>\n<p style=\"text-align: center;\"><a href=\"mailto:gunnar.olund@jorntrahus.se\">gunnar.olund@jorntrahus.se<\/a><br \/><a href=\"tel:0046101307891\">+46 10-130 78 91<\/a><\/p>\n\t\t<\/div>\n\t\t\t\t\t<\/div>\n\n\t\n\n\t<div id=\"col-762987058\" class=\"col medium-3 small-12 large-3\"  >\n\t\t\t\t<div class=\"col-inner\"  >\n\t\t\t\n\t\t\t\n\t\t<\/div>\n\t\t\t\t\t<\/div>\n\n\t\n<\/div>","protected":false},"excerpt":{"rendered":"<p>Gunnar \u00d6lund on palannut J\u00f6rntr\u00e4husin myyj\u00e4ksi!<\/p>","protected":false},"author":2,"featured_media":14802,"comment_status":"closed","ping_status":"open","sticky":false,"template":"","format":"standard","meta":{"footnotes":""},"categories":[1199,6],"tags":[24,1508,1516,1020,1512,1514,1510],"class_list":["post-14799","post","type-post","status-publish","format-standard","has-post-thumbnail","hentry","category-foretagsnytt","category-nyhet","tag-fritidshus","tag-gunnar-olund","tag-hallbara-trahus","tag-husbyggsatser","tag-husmoduler","tag-koncepthus","tag-saljare"],"yoast_head":"<!-- This site is optimized with the Yoast SEO plugin v27.2 - https:\/\/yoast.com\/product\/yoast-seo-wordpress\/ -->\n<title>Vi st\u00e4rker upp p\u00e5 s\u00e4ljsidan \u2013 v\u00e4lkommen tillbaks Gunnar - J\u00f6rntr\u00e4hus<\/title>\n<meta name=\"robots\" content=\"index, follow, max-snippet:-1, max-image-preview:large, max-video-preview:-1\" \/>\n<link rel=\"canonical\" href=\"https:\/\/jorntrahus.se\/fi\/uutuus\/vahvistamme-myyntipuolta-tervetuloa-takaisin-gunnar\/\" \/>\n<meta property=\"og:locale\" content=\"fi_FI\" \/>\n<meta property=\"og:type\" content=\"article\" \/>\n<meta property=\"og:title\" content=\"Vi st\u00e4rker upp p\u00e5 s\u00e4ljsidan \u2013 v\u00e4lkommen tillbaks Gunnar - J\u00f6rntr\u00e4hus\" \/>\n<meta property=\"og:description\" content=\"Gunnar \u00d6lund \u00e4r tillbaka som s\u00e4ljare hos oss p\u00e5 J\u00f6rntr\u00e4hus!\" \/>\n<meta property=\"og:url\" content=\"https:\/\/jorntrahus.se\/fi\/uutuus\/vahvistamme-myyntipuolta-tervetuloa-takaisin-gunnar\/\" \/>\n<meta property=\"og:site_name\" content=\"J\u00f6rntr\u00e4hus\" \/>\n<meta property=\"article:published_time\" content=\"2025-01-14T13:15:37+00:00\" \/>\n<meta property=\"article:modified_time\" content=\"2025-01-15T09:30:01+00:00\" \/>\n<meta property=\"og:image\" content=\"https:\/\/jorntrahus.se\/wp-content\/uploads\/2025\/01\/Jorntrahus-Personal-Gunnar-Olund-saljare-fritidshus-trahus-husbyggsatser-3x2-1.jpg\" \/>\n\t<meta property=\"og:image:width\" content=\"1500\" \/>\n\t<meta property=\"og:image:height\" content=\"1000\" \/>\n\t<meta property=\"og:image:type\" content=\"image\/jpeg\" \/>\n<meta name=\"author\" content=\"J\u00f6rntr\u00e4hus\" \/>\n<meta name=\"twitter:card\" content=\"summary_large_image\" \/>\n<meta name=\"twitter:label1\" content=\"Kirjoittanut\" \/>\n\t<meta name=\"twitter:data1\" content=\"J\u00f6rntr\u00e4hus\" \/>\n\t<meta name=\"twitter:label2\" content=\"Arvioitu lukuaika\" \/>\n\t<meta name=\"twitter:data2\" content=\"3 minuuttia\" \/>\n<script type=\"application\/ld+json\" class=\"yoast-schema-graph\">{\"@context\":\"https:\/\/schema.org\",\"@graph\":[{\"@type\":\"Article\",\"@id\":\"https:\/\/jorntrahus.se\/nyhet\/vi-starker-upp-pa-saljsidan-valkommen-tillbaks-gunnar\/#article\",\"isPartOf\":{\"@id\":\"https:\/\/jorntrahus.se\/nyhet\/vi-starker-upp-pa-saljsidan-valkommen-tillbaks-gunnar\/\"},\"author\":{\"name\":\"J\u00f6rntr\u00e4hus\",\"@id\":\"https:\/\/jorntrahus.se\/#\/schema\/person\/1d486a26d13d4df455271c2f02f5ef5c\"},\"headline\":\"Vi st\u00e4rker upp p\u00e5 s\u00e4ljsidan \u2013 v\u00e4lkommen tillbaks Gunnar\",\"datePublished\":\"2025-01-14T13:15:37+00:00\",\"dateModified\":\"2025-01-15T09:30:01+00:00\",\"mainEntityOfPage\":{\"@id\":\"https:\/\/jorntrahus.se\/nyhet\/vi-starker-upp-pa-saljsidan-valkommen-tillbaks-gunnar\/\"},\"wordCount\":640,\"publisher\":{\"@id\":\"https:\/\/jorntrahus.se\/#organization\"},\"image\":{\"@id\":\"https:\/\/jorntrahus.se\/nyhet\/vi-starker-upp-pa-saljsidan-valkommen-tillbaks-gunnar\/#primaryimage\"},\"thumbnailUrl\":\"https:\/\/jorntrahus.se\/wp-content\/uploads\/2025\/01\/Jorntrahus-Personal-Gunnar-Olund-saljare-fritidshus-trahus-husbyggsatser-3x2-1.jpg\",\"keywords\":[\"Fritidshus\",\"Gunnar \u00d6lund\",\"h\u00e5llbara tr\u00e4hus\",\"husbyggsatser\",\"husmoduler\",\"koncepthus\",\"S\u00e4ljare\"],\"articleSection\":[\"F\u00f6retagsnytt\",\"Nyhet\"],\"inLanguage\":\"fi\"},{\"@type\":\"WebPage\",\"@id\":\"https:\/\/jorntrahus.se\/nyhet\/vi-starker-upp-pa-saljsidan-valkommen-tillbaks-gunnar\/\",\"url\":\"https:\/\/jorntrahus.se\/nyhet\/vi-starker-upp-pa-saljsidan-valkommen-tillbaks-gunnar\/\",\"name\":\"Vi st\u00e4rker upp p\u00e5 s\u00e4ljsidan \u2013 v\u00e4lkommen tillbaks Gunnar - J\u00f6rntr\u00e4hus\",\"isPartOf\":{\"@id\":\"https:\/\/jorntrahus.se\/#website\"},\"primaryImageOfPage\":{\"@id\":\"https:\/\/jorntrahus.se\/nyhet\/vi-starker-upp-pa-saljsidan-valkommen-tillbaks-gunnar\/#primaryimage\"},\"image\":{\"@id\":\"https:\/\/jorntrahus.se\/nyhet\/vi-starker-upp-pa-saljsidan-valkommen-tillbaks-gunnar\/#primaryimage\"},\"thumbnailUrl\":\"https:\/\/jorntrahus.se\/wp-content\/uploads\/2025\/01\/Jorntrahus-Personal-Gunnar-Olund-saljare-fritidshus-trahus-husbyggsatser-3x2-1.jpg\",\"datePublished\":\"2025-01-14T13:15:37+00:00\",\"dateModified\":\"2025-01-15T09:30:01+00:00\",\"breadcrumb\":{\"@id\":\"https:\/\/jorntrahus.se\/nyhet\/vi-starker-upp-pa-saljsidan-valkommen-tillbaks-gunnar\/#breadcrumb\"},\"inLanguage\":\"fi\",\"potentialAction\":[{\"@type\":\"ReadAction\",\"target\":[\"https:\/\/jorntrahus.se\/nyhet\/vi-starker-upp-pa-saljsidan-valkommen-tillbaks-gunnar\/\"]}]},{\"@type\":\"ImageObject\",\"inLanguage\":\"fi\",\"@id\":\"https:\/\/jorntrahus.se\/nyhet\/vi-starker-upp-pa-saljsidan-valkommen-tillbaks-gunnar\/#primaryimage\",\"url\":\"https:\/\/jorntrahus.se\/wp-content\/uploads\/2025\/01\/Jorntrahus-Personal-Gunnar-Olund-saljare-fritidshus-trahus-husbyggsatser-3x2-1.jpg\",\"contentUrl\":\"https:\/\/jorntrahus.se\/wp-content\/uploads\/2025\/01\/Jorntrahus-Personal-Gunnar-Olund-saljare-fritidshus-trahus-husbyggsatser-3x2-1.jpg\",\"width\":1500,\"height\":1000,\"caption\":\"Jorntrahus Personal Gunnar Olund saljare fritidshus trahus husbyggsatser 3x2\"},{\"@type\":\"BreadcrumbList\",\"@id\":\"https:\/\/jorntrahus.se\/nyhet\/vi-starker-upp-pa-saljsidan-valkommen-tillbaks-gunnar\/#breadcrumb\",\"itemListElement\":[{\"@type\":\"ListItem\",\"position\":1,\"name\":\"Hem\",\"item\":\"https:\/\/jorntrahus.se\/\"},{\"@type\":\"ListItem\",\"position\":2,\"name\":\"Vi st\u00e4rker upp p\u00e5 s\u00e4ljsidan \u2013 v\u00e4lkommen tillbaks Gunnar\"}]},{\"@type\":\"WebSite\",\"@id\":\"https:\/\/jorntrahus.se\/#website\",\"url\":\"https:\/\/jorntrahus.se\/\",\"name\":\"J\u00f6rntr\u00e4hus\",\"description\":\"Hus f\u00f6r den medvetne\",\"publisher\":{\"@id\":\"https:\/\/jorntrahus.se\/#organization\"},\"potentialAction\":[{\"@type\":\"SearchAction\",\"target\":{\"@type\":\"EntryPoint\",\"urlTemplate\":\"https:\/\/jorntrahus.se\/?s={search_term_string}\"},\"query-input\":{\"@type\":\"PropertyValueSpecification\",\"valueRequired\":true,\"valueName\":\"search_term_string\"}}],\"inLanguage\":\"fi\"},{\"@type\":\"Organization\",\"@id\":\"https:\/\/jorntrahus.se\/#organization\",\"name\":\"J\u00f6rntr\u00e4hus\",\"url\":\"https:\/\/jorntrahus.se\/\",\"logo\":{\"@type\":\"ImageObject\",\"inLanguage\":\"fi\",\"@id\":\"https:\/\/jorntrahus.se\/#\/schema\/logo\/image\/\",\"url\":\"https:\/\/jorntrahus.se\/wp-content\/uploads\/2020\/09\/Jorntrahus_Grund_CMYK.eps\",\"contentUrl\":\"https:\/\/jorntrahus.se\/wp-content\/uploads\/2020\/09\/Jorntrahus_Grund_CMYK.eps\",\"width\":1,\"height\":1,\"caption\":\"J\u00f6rntr\u00e4hus\"},\"image\":{\"@id\":\"https:\/\/jorntrahus.se\/#\/schema\/logo\/image\/\"}},{\"@type\":\"Person\",\"@id\":\"https:\/\/jorntrahus.se\/#\/schema\/person\/1d486a26d13d4df455271c2f02f5ef5c\",\"name\":\"J\u00f6rntr\u00e4hus\",\"image\":{\"@type\":\"ImageObject\",\"inLanguage\":\"fi\",\"@id\":\"https:\/\/secure.gravatar.com\/avatar\/e9b8fcf3c4d64603cd3ec2eb8588179dabe6c74041e8c2a09d7ca9e0900a4ad3?s=96&d=mm&r=g\",\"url\":\"https:\/\/secure.gravatar.com\/avatar\/e9b8fcf3c4d64603cd3ec2eb8588179dabe6c74041e8c2a09d7ca9e0900a4ad3?s=96&d=mm&r=g\",\"contentUrl\":\"https:\/\/secure.gravatar.com\/avatar\/e9b8fcf3c4d64603cd3ec2eb8588179dabe6c74041e8c2a09d7ca9e0900a4ad3?s=96&d=mm&r=g\",\"caption\":\"J\u00f6rntr\u00e4hus\"},\"sameAs\":[\"https:\/\/jorntrahus.se\"],\"url\":\"https:\/\/jorntrahus.se\/fi\/author\/jorntrahus\/\"}]}<\/script>\n<!-- \/ Yoast SEO plugin. -->","yoast_head_json":{"title":"Vahvistamme myyntipuolta - tervetuloa takaisin Gunnar - J\u00f6rntr\u00e4hus","robots":{"index":"index","follow":"follow","max-snippet":"max-snippet:-1","max-image-preview":"max-image-preview:large","max-video-preview":"max-video-preview:-1"},"canonical":"https:\/\/jorntrahus.se\/fi\/uutuus\/vahvistamme-myyntipuolta-tervetuloa-takaisin-gunnar\/","og_locale":"fi_FI","og_type":"article","og_title":"Vi st\u00e4rker upp p\u00e5 s\u00e4ljsidan \u2013 v\u00e4lkommen tillbaks Gunnar - J\u00f6rntr\u00e4hus","og_description":"Gunnar \u00d6lund \u00e4r tillbaka som s\u00e4ljare hos oss p\u00e5 J\u00f6rntr\u00e4hus!","og_url":"https:\/\/jorntrahus.se\/fi\/uutuus\/vahvistamme-myyntipuolta-tervetuloa-takaisin-gunnar\/","og_site_name":"J\u00f6rntr\u00e4hus","article_published_time":"2025-01-14T13:15:37+00:00","article_modified_time":"2025-01-15T09:30:01+00:00","og_image":[{"width":1500,"height":1000,"url":"https:\/\/jorntrahus.se\/wp-content\/uploads\/2025\/01\/Jorntrahus-Personal-Gunnar-Olund-saljare-fritidshus-trahus-husbyggsatser-3x2-1.jpg","type":"image\/jpeg"}],"author":"J\u00f6rntr\u00e4hus","twitter_card":"summary_large_image","twitter_misc":{"Kirjoittanut":"J\u00f6rntr\u00e4hus","Arvioitu lukuaika":"3 minuuttia"},"schema":{"@context":"https:\/\/schema.org","@graph":[{"@type":"Article","@id":"https:\/\/jorntrahus.se\/nyhet\/vi-starker-upp-pa-saljsidan-valkommen-tillbaks-gunnar\/#article","isPartOf":{"@id":"https:\/\/jorntrahus.se\/nyhet\/vi-starker-upp-pa-saljsidan-valkommen-tillbaks-gunnar\/"},"author":{"name":"J\u00f6rntr\u00e4hus","@id":"https:\/\/jorntrahus.se\/#\/schema\/person\/1d486a26d13d4df455271c2f02f5ef5c"},"headline":"Vi st\u00e4rker upp p\u00e5 s\u00e4ljsidan \u2013 v\u00e4lkommen tillbaks Gunnar","datePublished":"2025-01-14T13:15:37+00:00","dateModified":"2025-01-15T09:30:01+00:00","mainEntityOfPage":{"@id":"https:\/\/jorntrahus.se\/nyhet\/vi-starker-upp-pa-saljsidan-valkommen-tillbaks-gunnar\/"},"wordCount":640,"publisher":{"@id":"https:\/\/jorntrahus.se\/#organization"},"image":{"@id":"https:\/\/jorntrahus.se\/nyhet\/vi-starker-upp-pa-saljsidan-valkommen-tillbaks-gunnar\/#primaryimage"},"thumbnailUrl":"https:\/\/jorntrahus.se\/wp-content\/uploads\/2025\/01\/Jorntrahus-Personal-Gunnar-Olund-saljare-fritidshus-trahus-husbyggsatser-3x2-1.jpg","keywords":["Fritidshus","Gunnar \u00d6lund","h\u00e5llbara tr\u00e4hus","husbyggsatser","husmoduler","koncepthus","S\u00e4ljare"],"articleSection":["F\u00f6retagsnytt","Nyhet"],"inLanguage":"fi"},{"@type":"WebPage","@id":"https:\/\/jorntrahus.se\/nyhet\/vi-starker-upp-pa-saljsidan-valkommen-tillbaks-gunnar\/","url":"https:\/\/jorntrahus.se\/nyhet\/vi-starker-upp-pa-saljsidan-valkommen-tillbaks-gunnar\/","name":"Vahvistamme myyntipuolta - tervetuloa takaisin Gunnar - J\u00f6rntr\u00e4hus","isPartOf":{"@id":"https:\/\/jorntrahus.se\/#website"},"primaryImageOfPage":{"@id":"https:\/\/jorntrahus.se\/nyhet\/vi-starker-upp-pa-saljsidan-valkommen-tillbaks-gunnar\/#primaryimage"},"image":{"@id":"https:\/\/jorntrahus.se\/nyhet\/vi-starker-upp-pa-saljsidan-valkommen-tillbaks-gunnar\/#primaryimage"},"thumbnailUrl":"https:\/\/jorntrahus.se\/wp-content\/uploads\/2025\/01\/Jorntrahus-Personal-Gunnar-Olund-saljare-fritidshus-trahus-husbyggsatser-3x2-1.jpg","datePublished":"2025-01-14T13:15:37+00:00","dateModified":"2025-01-15T09:30:01+00:00","breadcrumb":{"@id":"https:\/\/jorntrahus.se\/nyhet\/vi-starker-upp-pa-saljsidan-valkommen-tillbaks-gunnar\/#breadcrumb"},"inLanguage":"fi","potentialAction":[{"@type":"ReadAction","target":["https:\/\/jorntrahus.se\/nyhet\/vi-starker-upp-pa-saljsidan-valkommen-tillbaks-gunnar\/"]}]},{"@type":"ImageObject","inLanguage":"fi","@id":"https:\/\/jorntrahus.se\/nyhet\/vi-starker-upp-pa-saljsidan-valkommen-tillbaks-gunnar\/#primaryimage","url":"https:\/\/jorntrahus.se\/wp-content\/uploads\/2025\/01\/Jorntrahus-Personal-Gunnar-Olund-saljare-fritidshus-trahus-husbyggsatser-3x2-1.jpg","contentUrl":"https:\/\/jorntrahus.se\/wp-content\/uploads\/2025\/01\/Jorntrahus-Personal-Gunnar-Olund-saljare-fritidshus-trahus-husbyggsatser-3x2-1.jpg","width":1500,"height":1000,"caption":"Jorntrahus Personal Gunnar Olund saljare fritidshus trahus husbyggsatser 3x2"},{"@type":"BreadcrumbList","@id":"https:\/\/jorntrahus.se\/nyhet\/vi-starker-upp-pa-saljsidan-valkommen-tillbaks-gunnar\/#breadcrumb","itemListElement":[{"@type":"ListItem","position":1,"name":"Hem","item":"https:\/\/jorntrahus.se\/"},{"@type":"ListItem","position":2,"name":"Vi st\u00e4rker upp p\u00e5 s\u00e4ljsidan \u2013 v\u00e4lkommen tillbaks Gunnar"}]},{"@type":"WebSite","@id":"https:\/\/jorntrahus.se\/#website","url":"https:\/\/jorntrahus.se\/","name":"J\u00f6rntr\u00e4hus","description":"Talot tietoisille","publisher":{"@id":"https:\/\/jorntrahus.se\/#organization"},"potentialAction":[{"@type":"SearchAction","target":{"@type":"EntryPoint","urlTemplate":"https:\/\/jorntrahus.se\/?s={search_term_string}"},"query-input":{"@type":"PropertyValueSpecification","valueRequired":true,"valueName":"search_term_string"}}],"inLanguage":"fi"},{"@type":"Organization","@id":"https:\/\/jorntrahus.se\/#organization","name":"J\u00f6rntr\u00e4hus","url":"https:\/\/jorntrahus.se\/","logo":{"@type":"ImageObject","inLanguage":"fi","@id":"https:\/\/jorntrahus.se\/#\/schema\/logo\/image\/","url":"https:\/\/jorntrahus.se\/wp-content\/uploads\/2020\/09\/Jorntrahus_Grund_CMYK.eps","contentUrl":"https:\/\/jorntrahus.se\/wp-content\/uploads\/2020\/09\/Jorntrahus_Grund_CMYK.eps","width":1,"height":1,"caption":"J\u00f6rntr\u00e4hus"},"image":{"@id":"https:\/\/jorntrahus.se\/#\/schema\/logo\/image\/"}},{"@type":"Person","@id":"https:\/\/jorntrahus.se\/#\/schema\/person\/1d486a26d13d4df455271c2f02f5ef5c","name":"J\u00f6rntr\u00e4hus","image":{"@type":"ImageObject","inLanguage":"fi","@id":"https:\/\/secure.gravatar.com\/avatar\/e9b8fcf3c4d64603cd3ec2eb8588179dabe6c74041e8c2a09d7ca9e0900a4ad3?s=96&d=mm&r=g","url":"https:\/\/secure.gravatar.com\/avatar\/e9b8fcf3c4d64603cd3ec2eb8588179dabe6c74041e8c2a09d7ca9e0900a4ad3?s=96&d=mm&r=g","contentUrl":"https:\/\/secure.gravatar.com\/avatar\/e9b8fcf3c4d64603cd3ec2eb8588179dabe6c74041e8c2a09d7ca9e0900a4ad3?s=96&d=mm&r=g","caption":"J\u00f6rntr\u00e4hus"},"sameAs":["https:\/\/jorntrahus.se"],"url":"https:\/\/jorntrahus.se\/fi\/author\/jorntrahus\/"}]}},"publishpress_future_action":{"enabled":false,"date":"2026-05-08 23:09:33","action":"change-status","newStatus":"draft","terms":[],"taxonomy":"category","extraData":[]},"publishpress_future_workflow_manual_trigger":{"enabledWorkflows":[]},"_links":{"self":[{"href":"https:\/\/jorntrahus.se\/fi\/wp-json\/wp\/v2\/posts\/14799","targetHints":{"allow":["GET"]}}],"collection":[{"href":"https:\/\/jorntrahus.se\/fi\/wp-json\/wp\/v2\/posts"}],"about":[{"href":"https:\/\/jorntrahus.se\/fi\/wp-json\/wp\/v2\/types\/post"}],"author":[{"embeddable":true,"href":"https:\/\/jorntrahus.se\/fi\/wp-json\/wp\/v2\/users\/2"}],"replies":[{"embeddable":true,"href":"https:\/\/jorntrahus.se\/fi\/wp-json\/wp\/v2\/comments?post=14799"}],"version-history":[{"count":16,"href":"https:\/\/jorntrahus.se\/fi\/wp-json\/wp\/v2\/posts\/14799\/revisions"}],"predecessor-version":[{"id":14821,"href":"https:\/\/jorntrahus.se\/fi\/wp-json\/wp\/v2\/posts\/14799\/revisions\/14821"}],"wp:featuredmedia":[{"embeddable":true,"href":"https:\/\/jorntrahus.se\/fi\/wp-json\/wp\/v2\/media\/14802"}],"wp:attachment":[{"href":"https:\/\/jorntrahus.se\/fi\/wp-json\/wp\/v2\/media?parent=14799"}],"wp:term":[{"taxonomy":"category","embeddable":true,"href":"https:\/\/jorntrahus.se\/fi\/wp-json\/wp\/v2\/categories?post=14799"},{"taxonomy":"post_tag","embeddable":true,"href":"https:\/\/jorntrahus.se\/fi\/wp-json\/wp\/v2\/tags?post=14799"}],"curies":[{"name":"wp","href":"https:\/\/api.w.org\/{rel}","templated":true}]}}