{"id":10261,"date":"2019-09-19T09:55:02","date_gmt":"2019-09-19T07:55:02","guid":{"rendered":"https:\/\/jorntrahus.se\/?p=10261"},"modified":"2022-03-17T15:41:31","modified_gmt":"2022-03-17T14:41:31","slug":"ahugaverd-byggingarferd-a-alderholmen","status":"publish","type":"post","link":"https:\/\/jorntrahus.se\/is\/inspiration\/intressant-byggresa-pa-alderholmen\/","title":{"rendered":"\u00c1hugaver\u00f0 byggingarfer\u00f0 \u00e1 Alderholmen"},"content":{"rendered":"<div class=\"row\"  id=\"row-140377273\">\n\n\t<div id=\"col-828293871\" class=\"col small-12 large-12\"  >\n\t\t\t\t<div class=\"col-inner\"  >\n\t\t\t\n\t\t\t\n<h2>Vi\u00f0skiptavinask\u00fdrsla Bergsholmen L<\/h2>\n<h3><b>\u2013 \u00deegar liti\u00f0 er til baka sj\u00e1um vi\u00f0 ekki eftir \u00fev\u00ed a\u00f0 hafa hugsa\u00f0 st\u00f3rt og fj\u00e1rfest skynsamlega, vi\u00f0 h\u00f6fum einfaldlega fengi\u00f0 fr\u00e1b\u00e6rt h\u00fas, segja hinir tveir \u00e1n\u00e6g\u00f0u J\u00f6rntr\u00e4hus eigendur Nicolina og Per Bostr\u00f6m.<\/b><\/h3>\n<p>\u2013 S\u00fa sta\u00f0reynd a\u00f0 Bergsholmen-h\u00fasi\u00f0 okkar var \u00fea\u00f0 fyrsta sinnar tegundar hefur au\u00f0vita\u00f0 gert okkur pers\u00f3nulega s\u00e9rstaklega \u00e1hugas\u00f6m um hvernig best er a\u00f0 byggja timburh\u00fas af \u00feessari st\u00e6r\u00f0, sem er sannarlega spennandi og \u00e1hugaver\u00f0 fer\u00f0 \u00fear sem kenningar og hagn\u00fdtar lausnir hafa fari\u00f0 h\u00f6nd \u00ed h\u00f6nd \u00ed gegnum allt ferli\u00f0, segir Per.<\/p>\n<p>\u2013 N\u00fdja heimili\u00f0 okkar hefur or\u00f0i\u00f0 nokku\u00f0 umtala\u00f0 \u00e1 byggingart\u00edmanum og margir hafa fylgst me\u00f0 okkur \u00e1 samf\u00e9lagsmi\u00f0lum. \u00deetta er eitthva\u00f0 sem vi\u00f0 h\u00f6fum meti\u00f0 mikils \u00fev\u00ed vi\u00f0 h\u00f6fum fengi\u00f0 mikinn stu\u00f0ning, athugasemdir og spennandi spurningar \u00e1 lei\u00f0inni, heldur Per \u00e1fram.<\/p>\n<h4>N\u00e6stum \u00fev\u00ed s\u00farreal\u00edskt<\/h4>\n<p>\u2013 A\u00f0 vakna me\u00f0 fj\u00f6lskyldunni fyrsta morguninn \u00ed n\u00fdja h\u00fasinu \u00feeirra var bara of magna\u00f0, n\u00e6stum \u00f3raunverulegt, n\u00fa b\u00faum vi\u00f0 \u00ed h\u00fasinu \u00fear sem vi\u00f0 \u00e6tlu\u00f0um a\u00f0 b\u00faa og l\u00e1tum b\u00f6rnin okkar alast upp \u00ed \u00fev\u00ed n\u00e1kv\u00e6mlega eins og vi\u00f0 \u00e6tlu\u00f0um okkur fyrir tveimur \u00e1rum, segir Nicolina a\u00f0 lokum.<\/p>\n<p>Fylgdu h\u00fasbyggingu fj\u00f6lskyldunnar \u00e1 Instagram <a href=\"https:\/\/www.instagram.com\/bostromsjorntrahus\" target=\"_blank\" rel=\"noopener noreferrer\">@bostromjorntrahus<\/a><\/p>\n\t<div id=\"gap-315482357\" class=\"gap-element clearfix\" style=\"display:block; height:auto;\">\n\t\t\n<style>\n#gap-315482357 {\n  padding-top: 30px;\n}\n<\/style>\n\t<\/div>\n\t\n<div class=\"row align-middle align-center\"  id=\"row-2099987389\">\n\n\t<div id=\"col-603040198\" class=\"col medium-4 small-12 large-4\"  >\n\t\t\t\t<div class=\"col-inner\"  >\n\t\t\t\n\t\t\t\n\t<div class=\"img has-hover x md-x lg-x y md-y lg-y\" id=\"image_1255615393\">\n\t\t\t\t\t\t\t\t<div class=\"img-inner dark\" >\n\t\t\t<img loading=\"lazy\" decoding=\"async\" width=\"800\" height=\"800\" src=\"https:\/\/jorntrahus.se\/wp-content\/uploads\/2019\/09\/Kundreportage-Bergsholmen-Familjen-Bostr\u00f6m-2019-webb-26.jpg\" class=\"attachment-large size-large\" alt=\"Vi\u00f0skiptavinask\u00fdrsla: sumarh\u00fas \u00far timburh\u00fasi, byggt \u00e1 Bergsholmen. Fj\u00f6lskyldan Bostr\u00f6m 2019.\" srcset=\"https:\/\/jorntrahus.se\/wp-content\/uploads\/2019\/09\/Kundreportage-Bergsholmen-Familjen-Bostr\u00f6m-2019-webb-26.jpg 800w, https:\/\/jorntrahus.se\/wp-content\/uploads\/2019\/09\/Kundreportage-Bergsholmen-Familjen-Bostr\u00f6m-2019-webb-26-100x100.jpg 100w, https:\/\/jorntrahus.se\/wp-content\/uploads\/2019\/09\/Kundreportage-Bergsholmen-Familjen-Bostr\u00f6m-2019-webb-26-300x300.jpg 300w, https:\/\/jorntrahus.se\/wp-content\/uploads\/2019\/09\/Kundreportage-Bergsholmen-Familjen-Bostr\u00f6m-2019-webb-26-600x600.jpg 600w, https:\/\/jorntrahus.se\/wp-content\/uploads\/2019\/09\/Kundreportage-Bergsholmen-Familjen-Bostr\u00f6m-2019-webb-26-768x768.jpg 768w\" sizes=\"auto, (max-width: 800px) 100vw, 800px\" \/>\t\t\t\t\t\t\n\t\t\t\t\t<\/div>\n\t\t\t\t\t\t\t\t\n<style>\n#image_1255615393 {\n  width: 100%;\n}\n<\/style>\n\t<\/div>\n\t\n\t\t<\/div>\n\t\t\t\t\t<\/div>\n\n\t\n\n\t<div id=\"col-1728844538\" class=\"col medium-4 small-12 large-4\"  >\n\t\t\t\t<div class=\"col-inner\"  >\n\t\t\t\n\t\t\t\n\t<div class=\"img has-hover x md-x lg-x y md-y lg-y\" id=\"image_1968356948\">\n\t\t\t\t\t\t\t\t<div class=\"img-inner dark\" >\n\t\t\t<img loading=\"lazy\" decoding=\"async\" width=\"800\" height=\"800\" src=\"https:\/\/jorntrahus.se\/wp-content\/uploads\/2019\/09\/Kundreportage-Bergsholmen-Familjen-Bostr\u00f6m-2019-webb-25.jpg\" class=\"attachment-large size-large\" alt=\"Vi\u00f0skiptavinask\u00fdrsla: sumarh\u00fas \u00far timburh\u00fasi, byggt \u00e1 Bergsholmen. Fj\u00f6lskyldan Bostr\u00f6m 2019.\" srcset=\"https:\/\/jorntrahus.se\/wp-content\/uploads\/2019\/09\/Kundreportage-Bergsholmen-Familjen-Bostr\u00f6m-2019-webb-25.jpg 800w, https:\/\/jorntrahus.se\/wp-content\/uploads\/2019\/09\/Kundreportage-Bergsholmen-Familjen-Bostr\u00f6m-2019-webb-25-100x100.jpg 100w, https:\/\/jorntrahus.se\/wp-content\/uploads\/2019\/09\/Kundreportage-Bergsholmen-Familjen-Bostr\u00f6m-2019-webb-25-300x300.jpg 300w, https:\/\/jorntrahus.se\/wp-content\/uploads\/2019\/09\/Kundreportage-Bergsholmen-Familjen-Bostr\u00f6m-2019-webb-25-600x600.jpg 600w, https:\/\/jorntrahus.se\/wp-content\/uploads\/2019\/09\/Kundreportage-Bergsholmen-Familjen-Bostr\u00f6m-2019-webb-25-768x768.jpg 768w\" sizes=\"auto, (max-width: 800px) 100vw, 800px\" \/>\t\t\t\t\t\t\n\t\t\t\t\t<\/div>\n\t\t\t\t\t\t\t\t\n<style>\n#image_1968356948 {\n  width: 100%;\n}\n<\/style>\n\t<\/div>\n\t\n\t\t<\/div>\n\t\t\t\t\t<\/div>\n\n\t\n\n\t<div id=\"col-1717948099\" class=\"col medium-4 small-12 large-4\"  >\n\t\t\t\t<div class=\"col-inner\"  >\n\t\t\t\n\t\t\t\n\t<div class=\"img has-hover x md-x lg-x y md-y lg-y\" id=\"image_980163570\">\n\t\t\t\t\t\t\t\t<div class=\"img-inner dark\" >\n\t\t\t<img loading=\"lazy\" decoding=\"async\" width=\"800\" height=\"800\" src=\"https:\/\/jorntrahus.se\/wp-content\/uploads\/2019\/09\/Kundreportage-Bergsholmen-Familjen-Bostr\u00f6m-2019-webb-09.jpg\" class=\"attachment-large size-large\" alt=\"Vi\u00f0skiptavinask\u00fdrsla: sumarh\u00fas \u00far timburh\u00fasi, byggt \u00e1 Bergsholmen. Fj\u00f6lskyldan Bostr\u00f6m 2019.\" srcset=\"https:\/\/jorntrahus.se\/wp-content\/uploads\/2019\/09\/Kundreportage-Bergsholmen-Familjen-Bostr\u00f6m-2019-webb-09.jpg 800w, https:\/\/jorntrahus.se\/wp-content\/uploads\/2019\/09\/Kundreportage-Bergsholmen-Familjen-Bostr\u00f6m-2019-webb-09-100x100.jpg 100w, https:\/\/jorntrahus.se\/wp-content\/uploads\/2019\/09\/Kundreportage-Bergsholmen-Familjen-Bostr\u00f6m-2019-webb-09-300x300.jpg 300w, https:\/\/jorntrahus.se\/wp-content\/uploads\/2019\/09\/Kundreportage-Bergsholmen-Familjen-Bostr\u00f6m-2019-webb-09-600x600.jpg 600w, https:\/\/jorntrahus.se\/wp-content\/uploads\/2019\/09\/Kundreportage-Bergsholmen-Familjen-Bostr\u00f6m-2019-webb-09-768x768.jpg 768w\" sizes=\"auto, (max-width: 800px) 100vw, 800px\" \/>\t\t\t\t\t\t\n\t\t\t\t\t<\/div>\n\t\t\t\t\t\t\t\t\n<style>\n#image_980163570 {\n  width: 100%;\n}\n<\/style>\n\t<\/div>\n\t\n\t\t<\/div>\n\t\t\t\t\t<\/div>\n\n\t\n<\/div>\n<div class=\"row align-middle align-center\"  id=\"row-299104473\">\n\n\t<div id=\"col-1051633908\" class=\"col medium-4 small-12 large-4\"  >\n\t\t\t\t<div class=\"col-inner\"  >\n\t\t\t\n\t\t\t\n\t<div class=\"img has-hover x md-x lg-x y md-y lg-y\" id=\"image_1339282204\">\n\t\t\t\t\t\t\t\t<div class=\"img-inner dark\" >\n\t\t\t<img loading=\"lazy\" decoding=\"async\" width=\"800\" height=\"800\" src=\"https:\/\/jorntrahus.se\/wp-content\/uploads\/2019\/09\/Kundreportage-Bergsholmen-Familjen-Bostr\u00f6m-2019-webb-05.jpg\" class=\"attachment-large size-large\" alt=\"Sk\u00fdrsla vi\u00f0skiptavinar um sm\u00ed\u00f0i timburh\u00fass \u00e1 Bergsholmen. Fj\u00f6lskyldan Bostr\u00f6m 2019.\" srcset=\"https:\/\/jorntrahus.se\/wp-content\/uploads\/2019\/09\/Kundreportage-Bergsholmen-Familjen-Bostr\u00f6m-2019-webb-05.jpg 800w, https:\/\/jorntrahus.se\/wp-content\/uploads\/2019\/09\/Kundreportage-Bergsholmen-Familjen-Bostr\u00f6m-2019-webb-05-100x100.jpg 100w, https:\/\/jorntrahus.se\/wp-content\/uploads\/2019\/09\/Kundreportage-Bergsholmen-Familjen-Bostr\u00f6m-2019-webb-05-300x300.jpg 300w, https:\/\/jorntrahus.se\/wp-content\/uploads\/2019\/09\/Kundreportage-Bergsholmen-Familjen-Bostr\u00f6m-2019-webb-05-600x600.jpg 600w, https:\/\/jorntrahus.se\/wp-content\/uploads\/2019\/09\/Kundreportage-Bergsholmen-Familjen-Bostr\u00f6m-2019-webb-05-768x768.jpg 768w\" sizes=\"auto, (max-width: 800px) 100vw, 800px\" \/>\t\t\t\t\t\t\n\t\t\t\t\t<\/div>\n\t\t\t\t\t\t\t\t\n<style>\n#image_1339282204 {\n  width: 100%;\n}\n<\/style>\n\t<\/div>\n\t\n\t\t<\/div>\n\t\t\t\t\t<\/div>\n\n\t\n\n\t<div id=\"col-470803810\" class=\"col medium-4 small-12 large-4\"  >\n\t\t\t\t<div class=\"col-inner\"  >\n\t\t\t\n\t\t\t\n\t<div class=\"img has-hover x md-x lg-x y md-y lg-y\" id=\"image_2018097011\">\n\t\t\t\t\t\t\t\t<div class=\"img-inner dark\" >\n\t\t\t<img loading=\"lazy\" decoding=\"async\" width=\"800\" height=\"800\" src=\"https:\/\/jorntrahus.se\/wp-content\/uploads\/2019\/09\/Kundreportage-Bergsholmen-Familjen-Bostr\u00f6m-2019-webb-19.jpg\" class=\"attachment-large size-large\" alt=\"Vi\u00f0skiptavinask\u00fdrsla: sumarh\u00fas \u00far timburh\u00fasi, byggt \u00e1 Bergsholmen. Fj\u00f6lskyldan Bostr\u00f6m 2019.\" srcset=\"https:\/\/jorntrahus.se\/wp-content\/uploads\/2019\/09\/Kundreportage-Bergsholmen-Familjen-Bostr\u00f6m-2019-webb-19.jpg 800w, https:\/\/jorntrahus.se\/wp-content\/uploads\/2019\/09\/Kundreportage-Bergsholmen-Familjen-Bostr\u00f6m-2019-webb-19-100x100.jpg 100w, https:\/\/jorntrahus.se\/wp-content\/uploads\/2019\/09\/Kundreportage-Bergsholmen-Familjen-Bostr\u00f6m-2019-webb-19-300x300.jpg 300w, https:\/\/jorntrahus.se\/wp-content\/uploads\/2019\/09\/Kundreportage-Bergsholmen-Familjen-Bostr\u00f6m-2019-webb-19-600x600.jpg 600w, https:\/\/jorntrahus.se\/wp-content\/uploads\/2019\/09\/Kundreportage-Bergsholmen-Familjen-Bostr\u00f6m-2019-webb-19-768x768.jpg 768w\" sizes=\"auto, (max-width: 800px) 100vw, 800px\" \/>\t\t\t\t\t\t\n\t\t\t\t\t<\/div>\n\t\t\t\t\t\t\t\t\n<style>\n#image_2018097011 {\n  width: 100%;\n}\n<\/style>\n\t<\/div>\n\t\n\t\t<\/div>\n\t\t\t\t\t<\/div>\n\n\t\n\n\t<div id=\"col-367729994\" class=\"col medium-4 small-12 large-4\"  >\n\t\t\t\t<div class=\"col-inner\"  >\n\t\t\t\n\t\t\t\n\t<div class=\"img has-hover x md-x lg-x y md-y lg-y\" id=\"image_1802117663\">\n\t\t\t\t\t\t\t\t<div class=\"img-inner dark\" >\n\t\t\t<img loading=\"lazy\" decoding=\"async\" width=\"800\" height=\"800\" src=\"https:\/\/jorntrahus.se\/wp-content\/uploads\/2019\/09\/Kundreportage-Bergsholmen-Familjen-Bostr\u00f6m-2019-webb-24.jpg\" class=\"attachment-large size-large\" alt=\"Timmerknut - Sk\u00fdrsla vi\u00f0skiptavinar sumarh\u00fasabj\u00e1lkasett Bergsholmen Bostr\u00f6m fj\u00f6lskyldan 2019\" srcset=\"https:\/\/jorntrahus.se\/wp-content\/uploads\/2019\/09\/Kundreportage-Bergsholmen-Familjen-Bostr\u00f6m-2019-webb-24.jpg 800w, https:\/\/jorntrahus.se\/wp-content\/uploads\/2019\/09\/Kundreportage-Bergsholmen-Familjen-Bostr\u00f6m-2019-webb-24-100x100.jpg 100w, https:\/\/jorntrahus.se\/wp-content\/uploads\/2019\/09\/Kundreportage-Bergsholmen-Familjen-Bostr\u00f6m-2019-webb-24-300x300.jpg 300w, https:\/\/jorntrahus.se\/wp-content\/uploads\/2019\/09\/Kundreportage-Bergsholmen-Familjen-Bostr\u00f6m-2019-webb-24-600x600.jpg 600w, https:\/\/jorntrahus.se\/wp-content\/uploads\/2019\/09\/Kundreportage-Bergsholmen-Familjen-Bostr\u00f6m-2019-webb-24-768x768.jpg 768w\" sizes=\"auto, (max-width: 800px) 100vw, 800px\" \/>\t\t\t\t\t\t\n\t\t\t\t\t<\/div>\n\t\t\t\t\t\t\t\t\n<style>\n#image_1802117663 {\n  width: 100%;\n}\n<\/style>\n\t<\/div>\n\t\n\t\t<\/div>\n\t\t\t\t\t<\/div>\n\n\t\n<\/div>\n<div class=\"row align-middle align-center\"  id=\"row-701464181\">\n\n\t<div id=\"col-994861612\" class=\"col medium-4 small-12 large-4\"  >\n\t\t\t\t<div class=\"col-inner\"  >\n\t\t\t\n\t\t\t\n\t<div class=\"img has-hover x md-x lg-x y md-y lg-y\" id=\"image_1383716614\">\n\t\t\t\t\t\t\t\t<div class=\"img-inner dark\" >\n\t\t\t<img loading=\"lazy\" decoding=\"async\" width=\"800\" height=\"800\" src=\"https:\/\/jorntrahus.se\/wp-content\/uploads\/2019\/09\/Kundreportage-Bergsholmen-Familjen-Bostr\u00f6m-2019-webb-17.jpg\" class=\"attachment-large size-large\" alt=\"Vi\u00f0skiptavinask\u00fdrsla: sumarh\u00fas \u00far timburh\u00fasi, byggt \u00e1 Bergsholmen. Fj\u00f6lskyldan Bostr\u00f6m 2019.\" srcset=\"https:\/\/jorntrahus.se\/wp-content\/uploads\/2019\/09\/Kundreportage-Bergsholmen-Familjen-Bostr\u00f6m-2019-webb-17.jpg 800w, https:\/\/jorntrahus.se\/wp-content\/uploads\/2019\/09\/Kundreportage-Bergsholmen-Familjen-Bostr\u00f6m-2019-webb-17-100x100.jpg 100w, https:\/\/jorntrahus.se\/wp-content\/uploads\/2019\/09\/Kundreportage-Bergsholmen-Familjen-Bostr\u00f6m-2019-webb-17-300x300.jpg 300w, https:\/\/jorntrahus.se\/wp-content\/uploads\/2019\/09\/Kundreportage-Bergsholmen-Familjen-Bostr\u00f6m-2019-webb-17-600x600.jpg 600w, https:\/\/jorntrahus.se\/wp-content\/uploads\/2019\/09\/Kundreportage-Bergsholmen-Familjen-Bostr\u00f6m-2019-webb-17-768x768.jpg 768w\" sizes=\"auto, (max-width: 800px) 100vw, 800px\" \/>\t\t\t\t\t\t\n\t\t\t\t\t<\/div>\n\t\t\t\t\t\t\t\t\n<style>\n#image_1383716614 {\n  width: 100%;\n}\n<\/style>\n\t<\/div>\n\t\n\t\t<\/div>\n\t\t\t\t\t<\/div>\n\n\t\n\n\t<div id=\"col-1099824668\" class=\"col medium-4 small-12 large-4\"  >\n\t\t\t\t<div class=\"col-inner\"  >\n\t\t\t\n\t\t\t\n\t<div class=\"img has-hover x md-x lg-x y md-y lg-y\" id=\"image_54730167\">\n\t\t\t\t\t\t\t\t<div class=\"img-inner dark\" >\n\t\t\t<img loading=\"lazy\" decoding=\"async\" width=\"800\" height=\"800\" src=\"https:\/\/jorntrahus.se\/wp-content\/uploads\/2019\/09\/Kundreportage-Bergsholmen-Familjen-Bostr\u00f6m-2019-webb-07.jpg\" class=\"attachment-large size-large\" alt=\"Sk\u00fdrsla vi\u00f0skiptavinar um sm\u00ed\u00f0i timburh\u00fass \u00e1 Bergsholmen. Fj\u00f6lskyldan Bostr\u00f6m 2019.\" srcset=\"https:\/\/jorntrahus.se\/wp-content\/uploads\/2019\/09\/Kundreportage-Bergsholmen-Familjen-Bostr\u00f6m-2019-webb-07.jpg 800w, https:\/\/jorntrahus.se\/wp-content\/uploads\/2019\/09\/Kundreportage-Bergsholmen-Familjen-Bostr\u00f6m-2019-webb-07-100x100.jpg 100w, https:\/\/jorntrahus.se\/wp-content\/uploads\/2019\/09\/Kundreportage-Bergsholmen-Familjen-Bostr\u00f6m-2019-webb-07-300x300.jpg 300w, https:\/\/jorntrahus.se\/wp-content\/uploads\/2019\/09\/Kundreportage-Bergsholmen-Familjen-Bostr\u00f6m-2019-webb-07-600x600.jpg 600w, https:\/\/jorntrahus.se\/wp-content\/uploads\/2019\/09\/Kundreportage-Bergsholmen-Familjen-Bostr\u00f6m-2019-webb-07-768x768.jpg 768w\" sizes=\"auto, (max-width: 800px) 100vw, 800px\" \/>\t\t\t\t\t\t\n\t\t\t\t\t<\/div>\n\t\t\t\t\t\t\t\t\n<style>\n#image_54730167 {\n  width: 100%;\n}\n<\/style>\n\t<\/div>\n\t\n\t\t<\/div>\n\t\t\t\t\t<\/div>\n\n\t\n\n\t<div id=\"col-1317724437\" class=\"col medium-4 small-12 large-4\"  >\n\t\t\t\t<div class=\"col-inner\"  >\n\t\t\t\n\t\t\t\n\t<div class=\"img has-hover x md-x lg-x y md-y lg-y\" id=\"image_840802076\">\n\t\t\t\t\t\t\t\t<div class=\"img-inner dark\" >\n\t\t\t<img loading=\"lazy\" decoding=\"async\" width=\"800\" height=\"800\" src=\"https:\/\/jorntrahus.se\/wp-content\/uploads\/2019\/09\/Kundreportage-Bergsholmen-Familjen-Bostr\u00f6m-2019-webb-22.jpg\" class=\"attachment-large size-large\" alt=\"Vi\u00f0skiptavinask\u00fdrsla: sumarh\u00fas \u00far timburh\u00fasi, byggt \u00e1 Bergsholmen. Fj\u00f6lskyldan Bostr\u00f6m 2019.\" srcset=\"https:\/\/jorntrahus.se\/wp-content\/uploads\/2019\/09\/Kundreportage-Bergsholmen-Familjen-Bostr\u00f6m-2019-webb-22.jpg 800w, https:\/\/jorntrahus.se\/wp-content\/uploads\/2019\/09\/Kundreportage-Bergsholmen-Familjen-Bostr\u00f6m-2019-webb-22-100x100.jpg 100w, https:\/\/jorntrahus.se\/wp-content\/uploads\/2019\/09\/Kundreportage-Bergsholmen-Familjen-Bostr\u00f6m-2019-webb-22-300x300.jpg 300w, https:\/\/jorntrahus.se\/wp-content\/uploads\/2019\/09\/Kundreportage-Bergsholmen-Familjen-Bostr\u00f6m-2019-webb-22-600x600.jpg 600w, https:\/\/jorntrahus.se\/wp-content\/uploads\/2019\/09\/Kundreportage-Bergsholmen-Familjen-Bostr\u00f6m-2019-webb-22-768x768.jpg 768w\" sizes=\"auto, (max-width: 800px) 100vw, 800px\" \/>\t\t\t\t\t\t\n\t\t\t\t\t<\/div>\n\t\t\t\t\t\t\t\t\n<style>\n#image_840802076 {\n  width: 100%;\n}\n<\/style>\n\t<\/div>\n\t\n\t\t<\/div>\n\t\t\t\t\t<\/div>\n\n\t\n<\/div>\n\t<div id=\"gap-324360880\" class=\"gap-element clearfix\" style=\"display:block; height:auto;\">\n\t\t\n<style>\n#gap-324360880 {\n  padding-top: 60px;\n}\n<\/style>\n\t<\/div>\n\t\n<div class=\"row\"  id=\"row-491469104\">\n\n\t<div id=\"col-46533072\" class=\"col medium-4 small-12 large-4\"  >\n\t\t\t\t<div class=\"col-inner\"  >\n\t\t\t\n\t\t\t\n<a href=\"\/is\/innblastur\/byggingarferd-nicolina-og-pers-2\/\" class=\"button primary is-outline expand\" >\n\t\t<span>Sk\u00fdrsla 1. hluti<\/span>\n\t<\/a>\n\n\t\t<\/div>\n\t\t\t\t\t<\/div>\n\n\t\n\n\t<div id=\"col-1539867133\" class=\"col medium-4 small-12 large-4\"  >\n\t\t\t\t<div class=\"col-inner\"  >\n\t\t\t\n\t\t\t\n<a href=\"\/is\/huslikan\/bergsholmen-2\/\" class=\"button primary is-outline expand\" >\n\t\t<span>Meira um Bergsholmen<\/span>\n\t<\/a>\n\n\t\t<\/div>\n\t\t\t\t\t<\/div>\n\n\t\n\n\t<div id=\"col-337254046\" class=\"col medium-4 small-12 large-4\"  >\n\t\t\t\t<div class=\"col-inner\"  >\n\t\t\t\n\t\t\t\n<a href=\"\/is\/innblastur\/\" class=\"button primary is-outline expand\" >\n\t\t<span>Fleiri vi\u00f0skiptavinask\u00fdrslur<\/span>\n\t<\/a>\n\n\t\t<\/div>\n\t\t\t\t\t<\/div>\n\n\t\n<\/div>\n\t<div id=\"gap-1305439564\" class=\"gap-element clearfix\" style=\"display:block; height:auto;\">\n\t\t\n<style>\n#gap-1305439564 {\n  padding-top: 30px;\n}\n<\/style>\n\t<\/div>\n\t\n\t<div class=\"box has-hover   has-hover box-text-bottom\" >\n\n\t\t<div class=\"box-image\" >\n\t\t\t\t\t\t<div class=\"\" >\n\t\t\t\t<img loading=\"lazy\" decoding=\"async\" width=\"1500\" height=\"1000\" src=\"https:\/\/jorntrahus.se\/wp-content\/uploads\/2017\/12\/Bergsholmen-L-3D.jpg\" class=\"attachment- size-\" alt=\"\" srcset=\"https:\/\/jorntrahus.se\/wp-content\/uploads\/2017\/12\/Bergsholmen-L-3D.jpg 1500w, https:\/\/jorntrahus.se\/wp-content\/uploads\/2017\/12\/Bergsholmen-L-3D-600x400.jpg 600w, https:\/\/jorntrahus.se\/wp-content\/uploads\/2017\/12\/Bergsholmen-L-3D-900x600.jpg 900w, https:\/\/jorntrahus.se\/wp-content\/uploads\/2017\/12\/Bergsholmen-L-3D-768x512.jpg 768w, https:\/\/jorntrahus.se\/wp-content\/uploads\/2017\/12\/Bergsholmen-L-3D-1200x800.jpg 1200w\" sizes=\"auto, (max-width: 1500px) 100vw, 1500px\" \/>\t\t\t\t\t\t\t\t\t\t\t<\/div>\n\t\t\t\t\t<\/div>\n\n\t\t<div class=\"box-text text-center\" >\n\t\t\t<div class=\"box-text-inner\">\n\t\t\t\t\n<h4>H\u00fasl\u00edkani\u00f0 a\u00f0 Bergsholmen<\/h4>\n<p>Fj\u00f6lskyldan Bostr\u00f6m bygg\u00f0i h\u00f6nnun s\u00edna \u00e1 \u00feessari h\u00fasal\u00edkani \u00feegar \u00feau s\u00e9rsm\u00ed\u00f0u\u00f0u h\u00fasi\u00f0 sitt.<\/p>\n\t\t\t<\/div>\n\t\t<\/div>\n\t<\/div>\n\t\n\t\t<\/div>\n\t\t\t\t\t<\/div>\n\n\t\n<\/div>","protected":false},"excerpt":{"rendered":"<p>\u2013 \u00deegar liti\u00f0 er til baka sj\u00e1um vi\u00f0 ekki eftir \u00fev\u00ed a\u00f0 hafa hugsa\u00f0 st\u00f3rt og fj\u00e1rfest skynsamlega, vi\u00f0 h\u00f6fum einfaldlega fengi\u00f0 fr\u00e1b\u00e6rt h\u00fas, segja hinir tveir \u00e1n\u00e6g\u00f0u J\u00f6rntr\u00e4hus eigendur Nicolina og Per Bostr\u00f6m.<\/p>","protected":false},"author":2,"featured_media":11345,"comment_status":"closed","ping_status":"closed","sticky":false,"template":"","format":"standard","meta":{"footnotes":""},"categories":[611],"tags":[1064,1046,1066,479],"class_list":["post-10261","post","type-post","status-publish","format-standard","has-post-thumbnail","hentry","category-inspiration","tag-bergsholmen-l","tag-kundanpassning","tag-kundreportage","tag-timmerhus"],"yoast_head":"<!-- This site is optimized with the Yoast SEO plugin v27.2 - https:\/\/yoast.com\/product\/yoast-seo-wordpress\/ -->\n<title>Intressant byggresa p\u00e5 Alderholmen - J\u00f6rntr\u00e4hus<\/title>\n<meta name=\"robots\" content=\"index, follow, max-snippet:-1, max-image-preview:large, max-video-preview:-1\" \/>\n<link rel=\"canonical\" href=\"https:\/\/jorntrahus.se\/is\/innblastur\/ahugaverd-byggingarferd-a-alderholmen\/\" \/>\n<meta property=\"og:locale\" content=\"is_IS\" \/>\n<meta property=\"og:type\" content=\"article\" \/>\n<meta property=\"og:title\" content=\"Intressant byggresa p\u00e5 Alderholmen - J\u00f6rntr\u00e4hus\" \/>\n<meta property=\"og:description\" content=\"\u2013 Med facit i hand s\u00e5 \u00e5ngrar vi inte att vi t\u00e4nkte stort och satsade friskt, vi har f\u00e5tt ett fantastiskt hus helt enkelt, s\u00e4ger de tv\u00e5 glada J\u00f6rntr\u00e4hus\u00e4garna Nicolina och Per Bostr\u00f6m.\" \/>\n<meta property=\"og:url\" content=\"https:\/\/jorntrahus.se\/is\/innblastur\/ahugaverd-byggingarferd-a-alderholmen\/\" \/>\n<meta property=\"og:site_name\" content=\"J\u00f6rntr\u00e4hus\" \/>\n<meta property=\"article:published_time\" content=\"2019-09-19T07:55:02+00:00\" \/>\n<meta property=\"article:modified_time\" content=\"2022-03-17T14:41:31+00:00\" \/>\n<meta property=\"og:image\" content=\"https:\/\/jorntrahus.se\/wp-content\/uploads\/2019\/09\/Kundreportage-Bostr\u00f6ms-Bergsholmen-2019-01-webb-ver2-scaled.jpg\" \/>\n\t<meta property=\"og:image:width\" content=\"2560\" \/>\n\t<meta property=\"og:image:height\" content=\"1826\" \/>\n\t<meta property=\"og:image:type\" content=\"image\/jpeg\" \/>\n<meta name=\"author\" content=\"J\u00f6rntr\u00e4hus\" \/>\n<meta name=\"twitter:card\" content=\"summary_large_image\" \/>\n<meta name=\"twitter:label1\" content=\"Written by\" \/>\n\t<meta name=\"twitter:data1\" content=\"J\u00f6rntr\u00e4hus\" \/>\n\t<meta name=\"twitter:label2\" content=\"Est. reading time\" \/>\n\t<meta name=\"twitter:data2\" content=\"2 minutes\" \/>\n<script type=\"application\/ld+json\" class=\"yoast-schema-graph\">{\"@context\":\"https:\/\/schema.org\",\"@graph\":[{\"@type\":\"Article\",\"@id\":\"https:\/\/jorntrahus.se\/inspiration\/intressant-byggresa-pa-alderholmen\/#article\",\"isPartOf\":{\"@id\":\"https:\/\/jorntrahus.se\/inspiration\/intressant-byggresa-pa-alderholmen\/\"},\"author\":{\"name\":\"J\u00f6rntr\u00e4hus\",\"@id\":\"https:\/\/jorntrahus.se\/#\/schema\/person\/1d486a26d13d4df455271c2f02f5ef5c\"},\"headline\":\"Intressant byggresa p\u00e5 Alderholmen\",\"datePublished\":\"2019-09-19T07:55:02+00:00\",\"dateModified\":\"2022-03-17T14:41:31+00:00\",\"mainEntityOfPage\":{\"@id\":\"https:\/\/jorntrahus.se\/inspiration\/intressant-byggresa-pa-alderholmen\/\"},\"wordCount\":434,\"publisher\":{\"@id\":\"https:\/\/jorntrahus.se\/#organization\"},\"image\":{\"@id\":\"https:\/\/jorntrahus.se\/inspiration\/intressant-byggresa-pa-alderholmen\/#primaryimage\"},\"thumbnailUrl\":\"https:\/\/jorntrahus.se\/wp-content\/uploads\/2019\/09\/Kundreportage-Bostr\u00f6ms-Bergsholmen-2019-01-webb-ver2-scaled.jpg\",\"keywords\":[\"Bergsholmen L\",\"kundanpassning\",\"kundreportage\",\"timmerhus\"],\"articleSection\":[\"Inspiration\"],\"inLanguage\":\"is\"},{\"@type\":\"WebPage\",\"@id\":\"https:\/\/jorntrahus.se\/inspiration\/intressant-byggresa-pa-alderholmen\/\",\"url\":\"https:\/\/jorntrahus.se\/inspiration\/intressant-byggresa-pa-alderholmen\/\",\"name\":\"Intressant byggresa p\u00e5 Alderholmen - J\u00f6rntr\u00e4hus\",\"isPartOf\":{\"@id\":\"https:\/\/jorntrahus.se\/#website\"},\"primaryImageOfPage\":{\"@id\":\"https:\/\/jorntrahus.se\/inspiration\/intressant-byggresa-pa-alderholmen\/#primaryimage\"},\"image\":{\"@id\":\"https:\/\/jorntrahus.se\/inspiration\/intressant-byggresa-pa-alderholmen\/#primaryimage\"},\"thumbnailUrl\":\"https:\/\/jorntrahus.se\/wp-content\/uploads\/2019\/09\/Kundreportage-Bostr\u00f6ms-Bergsholmen-2019-01-webb-ver2-scaled.jpg\",\"datePublished\":\"2019-09-19T07:55:02+00:00\",\"dateModified\":\"2022-03-17T14:41:31+00:00\",\"breadcrumb\":{\"@id\":\"https:\/\/jorntrahus.se\/inspiration\/intressant-byggresa-pa-alderholmen\/#breadcrumb\"},\"inLanguage\":\"is\",\"potentialAction\":[{\"@type\":\"ReadAction\",\"target\":[\"https:\/\/jorntrahus.se\/inspiration\/intressant-byggresa-pa-alderholmen\/\"]}]},{\"@type\":\"ImageObject\",\"inLanguage\":\"is\",\"@id\":\"https:\/\/jorntrahus.se\/inspiration\/intressant-byggresa-pa-alderholmen\/#primaryimage\",\"url\":\"https:\/\/jorntrahus.se\/wp-content\/uploads\/2019\/09\/Kundreportage-Bostr\u00f6ms-Bergsholmen-2019-01-webb-ver2-scaled.jpg\",\"contentUrl\":\"https:\/\/jorntrahus.se\/wp-content\/uploads\/2019\/09\/Kundreportage-Bostr\u00f6ms-Bergsholmen-2019-01-webb-ver2-scaled.jpg\",\"width\":2560,\"height\":1826,\"caption\":\"Kundreportage Familjen Bostr\u00f6ms timmerhus Bergsholmen - reportage 2019\"},{\"@type\":\"BreadcrumbList\",\"@id\":\"https:\/\/jorntrahus.se\/inspiration\/intressant-byggresa-pa-alderholmen\/#breadcrumb\",\"itemListElement\":[{\"@type\":\"ListItem\",\"position\":1,\"name\":\"Hem\",\"item\":\"https:\/\/jorntrahus.se\/\"},{\"@type\":\"ListItem\",\"position\":2,\"name\":\"Intressant byggresa p\u00e5 Alderholmen\"}]},{\"@type\":\"WebSite\",\"@id\":\"https:\/\/jorntrahus.se\/#website\",\"url\":\"https:\/\/jorntrahus.se\/\",\"name\":\"J\u00f6rntr\u00e4hus\",\"description\":\"Hus f\u00f6r den medvetne\",\"publisher\":{\"@id\":\"https:\/\/jorntrahus.se\/#organization\"},\"potentialAction\":[{\"@type\":\"SearchAction\",\"target\":{\"@type\":\"EntryPoint\",\"urlTemplate\":\"https:\/\/jorntrahus.se\/?s={search_term_string}\"},\"query-input\":{\"@type\":\"PropertyValueSpecification\",\"valueRequired\":true,\"valueName\":\"search_term_string\"}}],\"inLanguage\":\"is\"},{\"@type\":\"Organization\",\"@id\":\"https:\/\/jorntrahus.se\/#organization\",\"name\":\"J\u00f6rntr\u00e4hus\",\"url\":\"https:\/\/jorntrahus.se\/\",\"logo\":{\"@type\":\"ImageObject\",\"inLanguage\":\"is\",\"@id\":\"https:\/\/jorntrahus.se\/#\/schema\/logo\/image\/\",\"url\":\"https:\/\/jorntrahus.se\/wp-content\/uploads\/2020\/09\/Jorntrahus_Grund_CMYK.eps\",\"contentUrl\":\"https:\/\/jorntrahus.se\/wp-content\/uploads\/2020\/09\/Jorntrahus_Grund_CMYK.eps\",\"width\":1,\"height\":1,\"caption\":\"J\u00f6rntr\u00e4hus\"},\"image\":{\"@id\":\"https:\/\/jorntrahus.se\/#\/schema\/logo\/image\/\"}},{\"@type\":\"Person\",\"@id\":\"https:\/\/jorntrahus.se\/#\/schema\/person\/1d486a26d13d4df455271c2f02f5ef5c\",\"name\":\"J\u00f6rntr\u00e4hus\",\"image\":{\"@type\":\"ImageObject\",\"inLanguage\":\"is\",\"@id\":\"https:\/\/secure.gravatar.com\/avatar\/e9b8fcf3c4d64603cd3ec2eb8588179dabe6c74041e8c2a09d7ca9e0900a4ad3?s=96&d=mm&r=g\",\"url\":\"https:\/\/secure.gravatar.com\/avatar\/e9b8fcf3c4d64603cd3ec2eb8588179dabe6c74041e8c2a09d7ca9e0900a4ad3?s=96&d=mm&r=g\",\"contentUrl\":\"https:\/\/secure.gravatar.com\/avatar\/e9b8fcf3c4d64603cd3ec2eb8588179dabe6c74041e8c2a09d7ca9e0900a4ad3?s=96&d=mm&r=g\",\"caption\":\"J\u00f6rntr\u00e4hus\"},\"sameAs\":[\"https:\/\/jorntrahus.se\"],\"url\":\"https:\/\/jorntrahus.se\/is\/author\/jorntrahus\/\"}]}<\/script>\n<!-- \/ Yoast SEO plugin. -->","yoast_head_json":{"title":"\u00c1hugaver\u00f0 byggingarfer\u00f0 \u00e1 Alderholmen - J\u00f6rntr\u00e4hus","robots":{"index":"index","follow":"follow","max-snippet":"max-snippet:-1","max-image-preview":"max-image-preview:large","max-video-preview":"max-video-preview:-1"},"canonical":"https:\/\/jorntrahus.se\/is\/innblastur\/ahugaverd-byggingarferd-a-alderholmen\/","og_locale":"is_IS","og_type":"article","og_title":"Intressant byggresa p\u00e5 Alderholmen - J\u00f6rntr\u00e4hus","og_description":"\u2013 Med facit i hand s\u00e5 \u00e5ngrar vi inte att vi t\u00e4nkte stort och satsade friskt, vi har f\u00e5tt ett fantastiskt hus helt enkelt, s\u00e4ger de tv\u00e5 glada J\u00f6rntr\u00e4hus\u00e4garna Nicolina och Per Bostr\u00f6m.","og_url":"https:\/\/jorntrahus.se\/is\/innblastur\/ahugaverd-byggingarferd-a-alderholmen\/","og_site_name":"J\u00f6rntr\u00e4hus","article_published_time":"2019-09-19T07:55:02+00:00","article_modified_time":"2022-03-17T14:41:31+00:00","og_image":[{"width":2560,"height":1826,"url":"https:\/\/jorntrahus.se\/wp-content\/uploads\/2019\/09\/Kundreportage-Bostr\u00f6ms-Bergsholmen-2019-01-webb-ver2-scaled.jpg","type":"image\/jpeg"}],"author":"J\u00f6rntr\u00e4hus","twitter_card":"summary_large_image","twitter_misc":{"Written by":"J\u00f6rntr\u00e4hus","Est. reading time":"2 minutes"},"schema":{"@context":"https:\/\/schema.org","@graph":[{"@type":"Article","@id":"https:\/\/jorntrahus.se\/inspiration\/intressant-byggresa-pa-alderholmen\/#article","isPartOf":{"@id":"https:\/\/jorntrahus.se\/inspiration\/intressant-byggresa-pa-alderholmen\/"},"author":{"name":"J\u00f6rntr\u00e4hus","@id":"https:\/\/jorntrahus.se\/#\/schema\/person\/1d486a26d13d4df455271c2f02f5ef5c"},"headline":"Intressant byggresa p\u00e5 Alderholmen","datePublished":"2019-09-19T07:55:02+00:00","dateModified":"2022-03-17T14:41:31+00:00","mainEntityOfPage":{"@id":"https:\/\/jorntrahus.se\/inspiration\/intressant-byggresa-pa-alderholmen\/"},"wordCount":434,"publisher":{"@id":"https:\/\/jorntrahus.se\/#organization"},"image":{"@id":"https:\/\/jorntrahus.se\/inspiration\/intressant-byggresa-pa-alderholmen\/#primaryimage"},"thumbnailUrl":"https:\/\/jorntrahus.se\/wp-content\/uploads\/2019\/09\/Kundreportage-Bostr\u00f6ms-Bergsholmen-2019-01-webb-ver2-scaled.jpg","keywords":["Bergsholmen L","kundanpassning","kundreportage","timmerhus"],"articleSection":["Inspiration"],"inLanguage":"is"},{"@type":"WebPage","@id":"https:\/\/jorntrahus.se\/inspiration\/intressant-byggresa-pa-alderholmen\/","url":"https:\/\/jorntrahus.se\/inspiration\/intressant-byggresa-pa-alderholmen\/","name":"\u00c1hugaver\u00f0 byggingarfer\u00f0 \u00e1 Alderholmen - J\u00f6rntr\u00e4hus","isPartOf":{"@id":"https:\/\/jorntrahus.se\/#website"},"primaryImageOfPage":{"@id":"https:\/\/jorntrahus.se\/inspiration\/intressant-byggresa-pa-alderholmen\/#primaryimage"},"image":{"@id":"https:\/\/jorntrahus.se\/inspiration\/intressant-byggresa-pa-alderholmen\/#primaryimage"},"thumbnailUrl":"https:\/\/jorntrahus.se\/wp-content\/uploads\/2019\/09\/Kundreportage-Bostr\u00f6ms-Bergsholmen-2019-01-webb-ver2-scaled.jpg","datePublished":"2019-09-19T07:55:02+00:00","dateModified":"2022-03-17T14:41:31+00:00","breadcrumb":{"@id":"https:\/\/jorntrahus.se\/inspiration\/intressant-byggresa-pa-alderholmen\/#breadcrumb"},"inLanguage":"is","potentialAction":[{"@type":"ReadAction","target":["https:\/\/jorntrahus.se\/inspiration\/intressant-byggresa-pa-alderholmen\/"]}]},{"@type":"ImageObject","inLanguage":"is","@id":"https:\/\/jorntrahus.se\/inspiration\/intressant-byggresa-pa-alderholmen\/#primaryimage","url":"https:\/\/jorntrahus.se\/wp-content\/uploads\/2019\/09\/Kundreportage-Bostr\u00f6ms-Bergsholmen-2019-01-webb-ver2-scaled.jpg","contentUrl":"https:\/\/jorntrahus.se\/wp-content\/uploads\/2019\/09\/Kundreportage-Bostr\u00f6ms-Bergsholmen-2019-01-webb-ver2-scaled.jpg","width":2560,"height":1826,"caption":"Kundreportage Familjen Bostr\u00f6ms timmerhus Bergsholmen - reportage 2019"},{"@type":"BreadcrumbList","@id":"https:\/\/jorntrahus.se\/inspiration\/intressant-byggresa-pa-alderholmen\/#breadcrumb","itemListElement":[{"@type":"ListItem","position":1,"name":"Hem","item":"https:\/\/jorntrahus.se\/"},{"@type":"ListItem","position":2,"name":"Intressant byggresa p\u00e5 Alderholmen"}]},{"@type":"WebSite","@id":"https:\/\/jorntrahus.se\/#website","url":"https:\/\/jorntrahus.se\/","name":"J\u00f6rntr\u00e4hus","description":"H\u00fas fyrir me\u00f0vita\u00f0a","publisher":{"@id":"https:\/\/jorntrahus.se\/#organization"},"potentialAction":[{"@type":"SearchAction","target":{"@type":"EntryPoint","urlTemplate":"https:\/\/jorntrahus.se\/?s={search_term_string}"},"query-input":{"@type":"PropertyValueSpecification","valueRequired":true,"valueName":"search_term_string"}}],"inLanguage":"is"},{"@type":"Organization","@id":"https:\/\/jorntrahus.se\/#organization","name":"J\u00f6rntr\u00e4hus","url":"https:\/\/jorntrahus.se\/","logo":{"@type":"ImageObject","inLanguage":"is","@id":"https:\/\/jorntrahus.se\/#\/schema\/logo\/image\/","url":"https:\/\/jorntrahus.se\/wp-content\/uploads\/2020\/09\/Jorntrahus_Grund_CMYK.eps","contentUrl":"https:\/\/jorntrahus.se\/wp-content\/uploads\/2020\/09\/Jorntrahus_Grund_CMYK.eps","width":1,"height":1,"caption":"J\u00f6rntr\u00e4hus"},"image":{"@id":"https:\/\/jorntrahus.se\/#\/schema\/logo\/image\/"}},{"@type":"Person","@id":"https:\/\/jorntrahus.se\/#\/schema\/person\/1d486a26d13d4df455271c2f02f5ef5c","name":"J\u00f6rntr\u00e4hus","image":{"@type":"ImageObject","inLanguage":"is","@id":"https:\/\/secure.gravatar.com\/avatar\/e9b8fcf3c4d64603cd3ec2eb8588179dabe6c74041e8c2a09d7ca9e0900a4ad3?s=96&d=mm&r=g","url":"https:\/\/secure.gravatar.com\/avatar\/e9b8fcf3c4d64603cd3ec2eb8588179dabe6c74041e8c2a09d7ca9e0900a4ad3?s=96&d=mm&r=g","contentUrl":"https:\/\/secure.gravatar.com\/avatar\/e9b8fcf3c4d64603cd3ec2eb8588179dabe6c74041e8c2a09d7ca9e0900a4ad3?s=96&d=mm&r=g","caption":"J\u00f6rntr\u00e4hus"},"sameAs":["https:\/\/jorntrahus.se"],"url":"https:\/\/jorntrahus.se\/is\/author\/jorntrahus\/"}]}},"publishpress_future_action":{"enabled":false,"date":"2026-05-05 01:16:38","action":"change-status","newStatus":"draft","terms":[],"taxonomy":"category","extraData":[]},"publishpress_future_workflow_manual_trigger":{"enabledWorkflows":[]},"_links":{"self":[{"href":"https:\/\/jorntrahus.se\/is\/wp-json\/wp\/v2\/posts\/10261","targetHints":{"allow":["GET"]}}],"collection":[{"href":"https:\/\/jorntrahus.se\/is\/wp-json\/wp\/v2\/posts"}],"about":[{"href":"https:\/\/jorntrahus.se\/is\/wp-json\/wp\/v2\/types\/post"}],"author":[{"embeddable":true,"href":"https:\/\/jorntrahus.se\/is\/wp-json\/wp\/v2\/users\/2"}],"replies":[{"embeddable":true,"href":"https:\/\/jorntrahus.se\/is\/wp-json\/wp\/v2\/comments?post=10261"}],"version-history":[{"count":11,"href":"https:\/\/jorntrahus.se\/is\/wp-json\/wp\/v2\/posts\/10261\/revisions"}],"predecessor-version":[{"id":11380,"href":"https:\/\/jorntrahus.se\/is\/wp-json\/wp\/v2\/posts\/10261\/revisions\/11380"}],"wp:featuredmedia":[{"embeddable":true,"href":"https:\/\/jorntrahus.se\/is\/wp-json\/wp\/v2\/media\/11345"}],"wp:attachment":[{"href":"https:\/\/jorntrahus.se\/is\/wp-json\/wp\/v2\/media?parent=10261"}],"wp:term":[{"taxonomy":"category","embeddable":true,"href":"https:\/\/jorntrahus.se\/is\/wp-json\/wp\/v2\/categories?post=10261"},{"taxonomy":"post_tag","embeddable":true,"href":"https:\/\/jorntrahus.se\/is\/wp-json\/wp\/v2\/tags?post=10261"}],"curies":[{"name":"vp","href":"https:\/\/api.w.org\/{rel}","templated":true}]}}