{"id":10281,"date":"2019-03-04T15:10:27","date_gmt":"2019-03-04T14:10:27","guid":{"rendered":"https:\/\/jorntrahus.se\/?p=10281"},"modified":"2022-03-17T15:41:42","modified_gmt":"2022-03-17T14:41:42","slug":"fra-olpunum-ad-fristundahusum-i-myllubakkunum","status":"publish","type":"post","link":"https:\/\/jorntrahus.se\/is\/inspiration\/fran-alperna-till-fritidshus-i-bruksvallarna\/","title":{"rendered":"Fr\u00e1 \u00d6lpunum a\u00f0 fr\u00edstundah\u00fasum \u00ed Bruksvallarna"},"content":{"rendered":"<div class=\"row\"  id=\"row-2059595146\">\n\n\t<div id=\"col-1032775878\" class=\"col small-12 large-12\"  >\n\t\t\t\t<div class=\"col-inner\"  >\n\t\t\t\n\t\t\t\n<h2>Vi\u00f0skiptavinask\u00fdrsla XL Loft beisli<\/h2>\n<h3>\u2013 \u00dea\u00f0 a\u00f0 vi\u00f0 v\u00f6ldum a\u00f0 byggja sumarh\u00fas \u00ed Bruksvallarna var alls ekki skipulagt, vi\u00f0 h\u00f6f\u00f0um alls ekki hugsa\u00f0 um sumarh\u00fas, segja Christian og Ther\u00e9se Lindblad.<\/h3>\n<p>\u2013 \u00deegar kunningjar okkar b\u00e1\u00f0u okkur a\u00f0 koma og sk\u00ed\u00f0a \u00ed Fun\u00e4sfj\u00e4llen fannst okkur \u00fea\u00f0 fjarri \u00feeirri sk\u00ed\u00f0afer\u00f0 \u00ed \u00d6lpunum sem vi\u00f0 nj\u00f3tum venjulega, en vi\u00f0 pr\u00f3fu\u00f0um \u00fea\u00f0 og ur\u00f0um strax \u00e1stfangin af sv\u00e6\u00f0inu og m\u00f6guleikum \u00feess, heldur Christian \u00e1fram.<\/p>\n<p>\u00dea\u00f0 er ekki bara sk\u00ed\u00f0ai\u00f0 \u00e1 brautinni sem heillar \u00feig, a\u00f0 fara \u00ed sko\u00f0unarfer\u00f0 e\u00f0a aka snj\u00f3sle\u00f0a \u00e1 veturna fylgir g\u00f6ngufer\u00f0 e\u00f0a fjallahj\u00f3lrei\u00f0ar \u00e1 sumrin, me\u00f0 \u00f6\u00f0rum or\u00f0um, fr\u00e1b\u00e6r sta\u00f0ur fyrir \u00fe\u00e1 sem vilja virka \u00fativeru.<\/p>\n<h4>FR\u00c1B\u00c6R STA\u00d0SETNING<\/h4>\n<p>Christian og Ther\u00e9se Lindblad fengu \u00e1bendingu um lausa l\u00f3\u00f0 \u00ed Bruksvallarna, heims\u00f3ttu l\u00f3\u00f0ina og samningnum var loki\u00f0 innan viku.<\/p>\n<p>\u201e\u00deetta gekk hratt eftir a\u00f0 vi\u00f0 s\u00e1um l\u00f3\u00f0ina og fr\u00e1b\u00e6ra sta\u00f0setningu hennar, engin \u00e1kv\u00f6r\u00f0un til a\u00f0 hugsa lengi um,\u201c \u00fatsk\u00fdrir Ther\u00e9se.<\/p>\n<p>Hins vegar var engin hugmynd um hva\u00f0a h\u00fas yr\u00f0i byggt, fyrsta hugmyndin var Attefallsh\u00fas til a\u00f0 geta byrja\u00f0 flj\u00f3tt og s\u00ed\u00f0an g\u00e6tu \u00feeir \u201dfundi\u00f0\u201d hva\u00f0a \u00fearfir \u00feeir h\u00f6f\u00f0u og ekki s\u00edst kannski spara\u00f0 fyrir st\u00e6rra n\u00fdbyggingu.<\/p>\n<p>Hugmyndinni var hafna\u00f0 \u00feegar \u00feeir \u00e1ttu\u00f0u sig skyndilega \u00e1 \u00fev\u00ed a\u00f0 \u00feetta myndi tefja a\u00f0albygginguna um nokkur \u00e1r \u2013 svo \u00feeir f\u00f3ru a\u00f0 leita a\u00f0 hentugu h\u00fasal\u00edkani.<\/p>\n\t<div id=\"gap-357522388\" class=\"gap-element clearfix\" style=\"display:block; height:auto;\">\n\t\t\n<style>\n#gap-357522388 {\n  padding-top: 30px;\n}\n<\/style>\n\t<\/div>\n\t\n  <div class=\"banner-grid-wrapper\">\n  <div id=\"banner-grid-1854644876\" class=\"banner-grid row row-grid row-small\" data-packery-options=\"\">\n                      \n<div class=\"col grid-col large-6 grid-col-2-3\" ><div class=\"col-inner\">\n\t<div class=\"img has-hover x md-x lg-x y md-y lg-y\" id=\"image_735294303\">\n\t\t\t\t\t\t\t\t<div class=\"img-inner dark\" >\n\t\t\t<img loading=\"lazy\" decoding=\"async\" width=\"800\" height=\"1200\" src=\"https:\/\/jorntrahus.se\/wp-content\/uploads\/2019\/03\/Fritidshus-Strycksele-XL-Loft-husbyggsats-J\u00f6rntr\u00e4hus-Kundreportage-St\u00e4mmning-12-800x1200.jpg\" class=\"attachment-large size-large\" alt=\"Sumarh\u00fas Strycksele XL Lofth\u00fasbyggingarsett J\u00f6rntr\u00e4hus Ums\u00f6gn vi\u00f0skiptavinar Mood 12\" srcset=\"https:\/\/jorntrahus.se\/wp-content\/uploads\/2019\/03\/Fritidshus-Strycksele-XL-Loft-husbyggsats-J\u00f6rntr\u00e4hus-Kundreportage-St\u00e4mmning-12-800x1200.jpg 800w, https:\/\/jorntrahus.se\/wp-content\/uploads\/2019\/03\/Fritidshus-Strycksele-XL-Loft-husbyggsats-J\u00f6rntr\u00e4hus-Kundreportage-St\u00e4mmning-12-900x1350.jpg 900w, https:\/\/jorntrahus.se\/wp-content\/uploads\/2019\/03\/Fritidshus-Strycksele-XL-Loft-husbyggsats-J\u00f6rntr\u00e4hus-Kundreportage-St\u00e4mmning-12-400x600.jpg 400w, https:\/\/jorntrahus.se\/wp-content\/uploads\/2019\/03\/Fritidshus-Strycksele-XL-Loft-husbyggsats-J\u00f6rntr\u00e4hus-Kundreportage-St\u00e4mmning-12-768x1152.jpg 768w, https:\/\/jorntrahus.se\/wp-content\/uploads\/2019\/03\/Fritidshus-Strycksele-XL-Loft-husbyggsats-J\u00f6rntr\u00e4hus-Kundreportage-St\u00e4mmning-12-scaled.jpg 1707w\" sizes=\"auto, (max-width: 800px) 100vw, 800px\" \/>\t\t\t\t\t\t\n\t\t\t\t\t<\/div>\n\t\t\t\t\t\t\t\t\n<style>\n#image_735294303 {\n  width: 100%;\n}\n<\/style>\n\t<\/div>\n\t\n<\/div><\/div>\n<div class=\"col grid-col large-6 grid-col-1-2\" ><div class=\"col-inner\">\n\t<div class=\"img has-hover x md-x lg-x y md-y lg-y\" id=\"image_1185273371\">\n\t\t\t\t\t\t\t\t<div class=\"img-inner dark\" >\n\t\t\t<img loading=\"lazy\" decoding=\"async\" width=\"1020\" height=\"680\" src=\"https:\/\/jorntrahus.se\/wp-content\/uploads\/2019\/03\/Fritidshus-Strycksele-XL-Loft-husbyggsats-J\u00f6rntr\u00e4hus-Kundreportage-Byggnation-6-1200x800.jpg\" class=\"attachment-large size-large\" alt=\"Sumarh\u00fas Strycksele XL Lofth\u00fas byggingarsett J\u00f6rntr\u00e4hus Sk\u00fdrsla vi\u00f0skiptavinar Sm\u00ed\u00f0i 6\" srcset=\"https:\/\/jorntrahus.se\/wp-content\/uploads\/2019\/03\/Fritidshus-Strycksele-XL-Loft-husbyggsats-J\u00f6rntr\u00e4hus-Kundreportage-Byggnation-6-1200x800.jpg 1200w, https:\/\/jorntrahus.se\/wp-content\/uploads\/2019\/03\/Fritidshus-Strycksele-XL-Loft-husbyggsats-J\u00f6rntr\u00e4hus-Kundreportage-Byggnation-6-600x400.jpg 600w, https:\/\/jorntrahus.se\/wp-content\/uploads\/2019\/03\/Fritidshus-Strycksele-XL-Loft-husbyggsats-J\u00f6rntr\u00e4hus-Kundreportage-Byggnation-6-900x600.jpg 900w, https:\/\/jorntrahus.se\/wp-content\/uploads\/2019\/03\/Fritidshus-Strycksele-XL-Loft-husbyggsats-J\u00f6rntr\u00e4hus-Kundreportage-Byggnation-6-768x512.jpg 768w\" sizes=\"auto, (max-width: 1020px) 100vw, 1020px\" \/>\t\t\t\t\t\t\n\t\t\t\t\t<\/div>\n\t\t\t\t\t\t\t\t\n<style>\n#image_1185273371 {\n  width: 100%;\n}\n<\/style>\n\t<\/div>\n\t\n<\/div><\/div>\n<div class=\"col grid-col large-3 grid-col-1-2\" ><div class=\"col-inner\">\n\t<div class=\"img has-hover x md-x lg-x y md-y lg-y\" id=\"image_568506750\">\n\t\t\t\t\t\t\t\t<div class=\"img-inner dark\" >\n\t\t\t<img loading=\"lazy\" decoding=\"async\" width=\"1020\" height=\"680\" src=\"https:\/\/jorntrahus.se\/wp-content\/uploads\/2019\/03\/Fritidshus-Strycksele-XL-Loft-husbyggsats-J\u00f6rntr\u00e4hus-Kundreportage-St\u00e4mmning-3-1200x800.jpg\" class=\"attachment-large size-large\" alt=\"Sumarh\u00fas Strycksele XL Lofth\u00fasbyggingarsett J\u00f6rntr\u00e4hus Ums\u00f6gn vi\u00f0skiptavinar Mood 3\" srcset=\"https:\/\/jorntrahus.se\/wp-content\/uploads\/2019\/03\/Fritidshus-Strycksele-XL-Loft-husbyggsats-J\u00f6rntr\u00e4hus-Kundreportage-St\u00e4mmning-3-1200x800.jpg 1200w, https:\/\/jorntrahus.se\/wp-content\/uploads\/2019\/03\/Fritidshus-Strycksele-XL-Loft-husbyggsats-J\u00f6rntr\u00e4hus-Kundreportage-St\u00e4mmning-3-600x400.jpg 600w, https:\/\/jorntrahus.se\/wp-content\/uploads\/2019\/03\/Fritidshus-Strycksele-XL-Loft-husbyggsats-J\u00f6rntr\u00e4hus-Kundreportage-St\u00e4mmning-3-900x600.jpg 900w, https:\/\/jorntrahus.se\/wp-content\/uploads\/2019\/03\/Fritidshus-Strycksele-XL-Loft-husbyggsats-J\u00f6rntr\u00e4hus-Kundreportage-St\u00e4mmning-3-768x512.jpg 768w\" sizes=\"auto, (max-width: 1020px) 100vw, 1020px\" \/>\t\t\t\t\t\t\n\t\t\t\t\t<\/div>\n\t\t\t\t\t\t\t\t\n<style>\n#image_568506750 {\n  width: 100%;\n}\n<\/style>\n\t<\/div>\n\t\n<\/div><\/div>\n<div class=\"col grid-col large-3 grid-col-1-2\" ><div class=\"col-inner\">\n\t<div class=\"img has-hover x md-x lg-x y md-y lg-y\" id=\"image_2007822924\">\n\t\t\t\t\t\t\t\t<div class=\"img-inner dark\" >\n\t\t\t<img loading=\"lazy\" decoding=\"async\" width=\"1020\" height=\"765\" src=\"https:\/\/jorntrahus.se\/wp-content\/uploads\/2019\/03\/Fritidshus-Strycksele-XL-Loft-husbyggsats-J\u00f6rntr\u00e4hus-Kundreportage-St\u00e4mmning-6-1200x900.jpg\" class=\"attachment-large size-large\" alt=\"Sumarh\u00fas Strycksele XL Lofth\u00fasbyggingarsett J\u00f6rntr\u00e4hus Ums\u00f6gn vi\u00f0skiptavinar Mood 6\" srcset=\"https:\/\/jorntrahus.se\/wp-content\/uploads\/2019\/03\/Fritidshus-Strycksele-XL-Loft-husbyggsats-J\u00f6rntr\u00e4hus-Kundreportage-St\u00e4mmning-6-1200x900.jpg 1200w, https:\/\/jorntrahus.se\/wp-content\/uploads\/2019\/03\/Fritidshus-Strycksele-XL-Loft-husbyggsats-J\u00f6rntr\u00e4hus-Kundreportage-St\u00e4mmning-6-900x675.jpg 900w, https:\/\/jorntrahus.se\/wp-content\/uploads\/2019\/03\/Fritidshus-Strycksele-XL-Loft-husbyggsats-J\u00f6rntr\u00e4hus-Kundreportage-St\u00e4mmning-6-600x450.jpg 600w, https:\/\/jorntrahus.se\/wp-content\/uploads\/2019\/03\/Fritidshus-Strycksele-XL-Loft-husbyggsats-J\u00f6rntr\u00e4hus-Kundreportage-St\u00e4mmning-6-768x576.jpg 768w\" sizes=\"auto, (max-width: 1020px) 100vw, 1020px\" \/>\t\t\t\t\t\t\n\t\t\t\t\t<\/div>\n\t\t\t\t\t\t\t\t\n<style>\n#image_2007822924 {\n  width: 100%;\n}\n<\/style>\n\t<\/div>\n\t\n<\/div><\/div>\n<div class=\"col grid-col large-6 grid-col-1-3\" ><div class=\"col-inner\">\n\t<div class=\"img has-hover x md-x lg-x y md-y lg-y\" id=\"image_12459820\">\n\t\t\t\t\t\t\t\t<div class=\"img-inner dark\" >\n\t\t\t<img loading=\"lazy\" decoding=\"async\" width=\"1020\" height=\"680\" src=\"https:\/\/jorntrahus.se\/wp-content\/uploads\/2019\/03\/Fritidshus-Strycksele-XL-Loft-husbyggsats-J\u00f6rntr\u00e4hus-Kundreportage-St\u00e4mmning-4-1200x800.jpg\" class=\"attachment-large size-large\" alt=\"Sumarh\u00fas Strycksele XL Lofth\u00fasbyggingarsett J\u00f6rntr\u00e4hus Ums\u00f6gn vi\u00f0skiptavinar Mood 4\" srcset=\"https:\/\/jorntrahus.se\/wp-content\/uploads\/2019\/03\/Fritidshus-Strycksele-XL-Loft-husbyggsats-J\u00f6rntr\u00e4hus-Kundreportage-St\u00e4mmning-4-1200x800.jpg 1200w, https:\/\/jorntrahus.se\/wp-content\/uploads\/2019\/03\/Fritidshus-Strycksele-XL-Loft-husbyggsats-J\u00f6rntr\u00e4hus-Kundreportage-St\u00e4mmning-4-600x400.jpg 600w, https:\/\/jorntrahus.se\/wp-content\/uploads\/2019\/03\/Fritidshus-Strycksele-XL-Loft-husbyggsats-J\u00f6rntr\u00e4hus-Kundreportage-St\u00e4mmning-4-900x600.jpg 900w, https:\/\/jorntrahus.se\/wp-content\/uploads\/2019\/03\/Fritidshus-Strycksele-XL-Loft-husbyggsats-J\u00f6rntr\u00e4hus-Kundreportage-St\u00e4mmning-4-768x512.jpg 768w\" sizes=\"auto, (max-width: 1020px) 100vw, 1020px\" \/>\t\t\t\t\t\t\n\t\t\t\t\t<\/div>\n\t\t\t\t\t\t\t\t\n<style>\n#image_12459820 {\n  width: 100%;\n}\n<\/style>\n\t<\/div>\n\t\n<\/div><\/div>\n            <\/div>\n    <style>\n    #banner-grid-1854644876 .grid-col-1{height: 600px}\n    #banner-grid-1854644876 .grid-col-1-2{height: 300px}\n    #banner-grid-1854644876 .grid-col-1-3{height:200px}\n    #banner-grid-1854644876 .grid-col-2-3{height: 400px}\n    #banner-grid-1854644876 .grid-col-1-4{height: 150px}\n    #banner-grid-1854644876 .grid-col-3-4{height: 450px}\n\n\n    \n    \n\n  <\/style>\n    <\/div>\n  \n\t<div id=\"gap-1689904379\" class=\"gap-element clearfix\" style=\"display:block; height:auto;\">\n\t\t\n<style>\n#gap-1689904379 {\n  padding-top: 30px;\n}\n<\/style>\n\t<\/div>\n\t\n<h4>KLASS\u00cdSK FJALLAKAFLI<\/h4>\n<p>Vali\u00f0 \u00e1 J\u00f6rntr\u00e4hus stafa\u00f0i a\u00f0 miklu leyti af \u00fev\u00ed a\u00f0 vi\u00f0 vorum heillu\u00f0 af \u00fatliti h\u00fassins og t\u00e6kif\u00e6rinu til a\u00f0 hafa \u00e1hrif \u00e1 skipulagningu \u00feess.<\/p>\n<p>\u2013 S\u00fa sta\u00f0reynd a\u00f0 vi\u00f0 fengum l\u00edka afar fagmannlega og skilvirka sv\u00f6run fr\u00e1 Owe Korsgren, fulltr\u00faa J\u00f6rntr\u00e4hus, ger\u00f0i vali\u00f0 au\u00f0velt, segir Christian.<\/p>\n<blockquote><p>Beisli\u00f0 var s\u00fa fyrirmynd sem vakti strax \u00e1huga okkar.<\/p><\/blockquote>\n<p>\u2013 Strycksele-ger\u00f0in vakti strax \u00e1huga okkar. S\u00fa sta\u00f0reynd a\u00f0 vi\u00f0 f\u00e6r\u00f0um okkur s\u00ed\u00f0an \u00far minni ger\u00f0inni yfir \u00ed st\u00e6rri og v\u00f6ldum a\u00f0 lokum st\u00e6rstu \u00fatg\u00e1funa me\u00f0 risi var l\u00edklega vegna m\u00f6guleikans \u00e1 fj\u00f6lda auka svefnpl\u00e1ssa og tveimur sturtum sem h\u00e6gt v\u00e6ri a\u00f0 bj\u00f3\u00f0a fj\u00f6lskyldu og gestum, heldur Christian \u00e1fram.<\/p>\n<p>\u2013 Vi\u00f0 vildum klass\u00edska fjallask\u00e1la, svo vi\u00f0 v\u00f6ldum a\u00f0 innr\u00e9tta h\u00fasi\u00f0 okkar me\u00f0 \u00fatskornum timburpl\u00f6tum og miklum kvistum. Hins vegar s\u00e9st ekki a\u00f0 \u00feetta er \u00ed grundvallaratri\u00f0um blokkah\u00fas, \u00fatsk\u00fdrir Lindblad-hj\u00f3nin.<\/p>\n<p>Til a\u00f0 auka \u00f3svikna tilfinningu var \u00fatskorin timburplata einnig valin fyrir innanver\u00f0u h\u00fassins, sem reyndist sl\u00e1 \u00ed gegn.<\/p>\n<h4>GER\u00d0I MIKI\u00d0 AF \u00deV\u00cd SJ\u00c1LF<\/h4>\n<p>\u2013 Vi\u00f0 h\u00f6fum gert miki\u00f0 af innr\u00e9ttingunum sj\u00e1lf, til d\u00e6mis a\u00f0 m\u00e1la og lasera gr\u00f3fa timburkl\u00e6\u00f0ninguna t\u00f3k t\u00edma en vi\u00f0 teljum okkur n\u00fa mj\u00f6g g\u00f3\u00f0 \u00ed, segir Ther\u00e9se.<\/p>\n<p>H\u00fasi\u00f0 sk\u00edn hv\u00edtt og a\u00f0la\u00f0andi \u00fear sem \u00fea\u00f0 stendur \u00e1 fjallshl\u00ed\u00f0inni \u2013 en liturinn mun br\u00e1tt breytast. Byggingarsettin fr\u00e1 verksmi\u00f0junni eru afhent grunnm\u00e1lu\u00f0 hv\u00edt, en \u00feegar \u00ed vor mun h\u00fasi\u00f0 breytast \u00ed svarta framhli\u00f0 me\u00f0 hv\u00edtum kl\u00e6\u00f0ningum og tilheyrandi sm\u00e1atri\u00f0um, me\u00f0 \u00f6\u00f0rum or\u00f0um, m\u00e1lningarvinnan er ekki alveg loki\u00f0 fyrir Lindblad fj\u00f6lskylduna.<\/p>\n<p>J\u00f6rntr\u00e4hus afhendir heildarbyggingarsett sem innihalda einnig eldh\u00fas og heimilist\u00e6ki. Me\u00f0 fj\u00f6lda handv\u00f6ldum undirverktaka er trygg\u00f0 lokaafur\u00f0 \u00fear sem \u00fea\u00f0 h\u00e1a g\u00e6\u00f0astig sem hugmyndin lofar er einnig uppfyllt.<\/p>\n\t<div id=\"gap-2107213870\" class=\"gap-element clearfix\" style=\"display:block; height:auto;\">\n\t\t\n<style>\n#gap-2107213870 {\n  padding-top: 30px;\n}\n<\/style>\n\t<\/div>\n\t\n  <div class=\"banner-grid-wrapper\">\n  <div id=\"banner-grid-2117777775\" class=\"banner-grid row row-grid row-small\" data-packery-options=\"\">\n                      \n<div class=\"col grid-col large-12 grid-col-2-3\" ><div class=\"col-inner\">\n\t<div class=\"img has-hover x md-x lg-x y md-y lg-y\" id=\"image_367207361\">\n\t\t\t\t\t\t\t\t<div class=\"img-inner dark\" >\n\t\t\t<img loading=\"lazy\" decoding=\"async\" width=\"1020\" height=\"680\" src=\"https:\/\/jorntrahus.se\/wp-content\/uploads\/2019\/03\/Fritidshus-Strycksele-XL-Loft-husbyggsats-J\u00f6rntr\u00e4hus-Kundreportage-Byggnation-10-1200x800.jpg\" class=\"attachment-large size-large\" alt=\"Orlofsh\u00fas Strycksele XL Lofth\u00fas byggingarsett J\u00f6rntr\u00e4hus Vi\u00f0skiptavinask\u00fdrsla Bygging 10\" srcset=\"https:\/\/jorntrahus.se\/wp-content\/uploads\/2019\/03\/Fritidshus-Strycksele-XL-Loft-husbyggsats-J\u00f6rntr\u00e4hus-Kundreportage-Byggnation-10-1200x800.jpg 1200w, https:\/\/jorntrahus.se\/wp-content\/uploads\/2019\/03\/Fritidshus-Strycksele-XL-Loft-husbyggsats-J\u00f6rntr\u00e4hus-Kundreportage-Byggnation-10-600x400.jpg 600w, https:\/\/jorntrahus.se\/wp-content\/uploads\/2019\/03\/Fritidshus-Strycksele-XL-Loft-husbyggsats-J\u00f6rntr\u00e4hus-Kundreportage-Byggnation-10-900x600.jpg 900w, https:\/\/jorntrahus.se\/wp-content\/uploads\/2019\/03\/Fritidshus-Strycksele-XL-Loft-husbyggsats-J\u00f6rntr\u00e4hus-Kundreportage-Byggnation-10-768x512.jpg 768w\" sizes=\"auto, (max-width: 1020px) 100vw, 1020px\" \/>\t\t\t\t\t\t\n\t\t\t\t\t<\/div>\n\t\t\t\t\t\t\t\t\n<style>\n#image_367207361 {\n  width: 100%;\n}\n<\/style>\n\t<\/div>\n\t\n<\/div><\/div>\n<div class=\"col grid-col large-4 grid-col-1-3\" ><div class=\"col-inner\">\n\t<div class=\"img has-hover x md-x lg-x y md-y lg-y\" id=\"image_710033024\">\n\t\t\t\t\t\t\t\t<div class=\"img-inner dark\" >\n\t\t\t<img loading=\"lazy\" decoding=\"async\" width=\"1020\" height=\"680\" src=\"https:\/\/jorntrahus.se\/wp-content\/uploads\/2019\/03\/Fritidshus-Strycksele-XL-Loft-husbyggsats-J\u00f6rntr\u00e4hus-Kundreportage-St\u00e4mmning-7-1200x800.jpg\" class=\"attachment-large size-large\" alt=\"Sumarh\u00fas Strycksele XL Lofth\u00fasbyggingarsett J\u00f6rntr\u00e4hus Ums\u00f6gn vi\u00f0skiptavinar Mood 7\" srcset=\"https:\/\/jorntrahus.se\/wp-content\/uploads\/2019\/03\/Fritidshus-Strycksele-XL-Loft-husbyggsats-J\u00f6rntr\u00e4hus-Kundreportage-St\u00e4mmning-7-1200x800.jpg 1200w, https:\/\/jorntrahus.se\/wp-content\/uploads\/2019\/03\/Fritidshus-Strycksele-XL-Loft-husbyggsats-J\u00f6rntr\u00e4hus-Kundreportage-St\u00e4mmning-7-600x400.jpg 600w, https:\/\/jorntrahus.se\/wp-content\/uploads\/2019\/03\/Fritidshus-Strycksele-XL-Loft-husbyggsats-J\u00f6rntr\u00e4hus-Kundreportage-St\u00e4mmning-7-900x600.jpg 900w, https:\/\/jorntrahus.se\/wp-content\/uploads\/2019\/03\/Fritidshus-Strycksele-XL-Loft-husbyggsats-J\u00f6rntr\u00e4hus-Kundreportage-St\u00e4mmning-7-768x512.jpg 768w\" sizes=\"auto, (max-width: 1020px) 100vw, 1020px\" \/>\t\t\t\t\t\t\n\t\t\t\t\t<\/div>\n\t\t\t\t\t\t\t\t\n<style>\n#image_710033024 {\n  width: 100%;\n}\n<\/style>\n\t<\/div>\n\t\n<\/div><\/div>\n<div class=\"col grid-col large-4 grid-col-1-3\" ><div class=\"col-inner\">\n\t<div class=\"img has-hover x md-x lg-x y md-y lg-y\" id=\"image_779714443\">\n\t\t\t\t\t\t\t\t<div class=\"img-inner dark\" >\n\t\t\t<img loading=\"lazy\" decoding=\"async\" width=\"1020\" height=\"680\" src=\"https:\/\/jorntrahus.se\/wp-content\/uploads\/2019\/03\/Fritidshus-Strycksele-XL-Loft-husbyggsats-J\u00f6rntr\u00e4hus-Kundreportage-St\u00e4mmning-1-1200x800.jpg\" class=\"attachment-large size-large\" alt=\"Sumarh\u00fas Strycksele XL Lofth\u00fasbyggingarsett J\u00f6rntr\u00e4hus Ums\u00f6gn vi\u00f0skiptavinar Mood 1\" srcset=\"https:\/\/jorntrahus.se\/wp-content\/uploads\/2019\/03\/Fritidshus-Strycksele-XL-Loft-husbyggsats-J\u00f6rntr\u00e4hus-Kundreportage-St\u00e4mmning-1-1200x800.jpg 1200w, https:\/\/jorntrahus.se\/wp-content\/uploads\/2019\/03\/Fritidshus-Strycksele-XL-Loft-husbyggsats-J\u00f6rntr\u00e4hus-Kundreportage-St\u00e4mmning-1-600x400.jpg 600w, https:\/\/jorntrahus.se\/wp-content\/uploads\/2019\/03\/Fritidshus-Strycksele-XL-Loft-husbyggsats-J\u00f6rntr\u00e4hus-Kundreportage-St\u00e4mmning-1-900x600.jpg 900w, https:\/\/jorntrahus.se\/wp-content\/uploads\/2019\/03\/Fritidshus-Strycksele-XL-Loft-husbyggsats-J\u00f6rntr\u00e4hus-Kundreportage-St\u00e4mmning-1-768x512.jpg 768w\" sizes=\"auto, (max-width: 1020px) 100vw, 1020px\" \/>\t\t\t\t\t\t\n\t\t\t\t\t<\/div>\n\t\t\t\t\t\t\t\t\n<style>\n#image_779714443 {\n  width: 100%;\n}\n<\/style>\n\t<\/div>\n\t\n<\/div><\/div>\n<div class=\"col grid-col large-4 grid-col-1-3\" ><div class=\"col-inner\">\n\t<div class=\"img has-hover x md-x lg-x y md-y lg-y\" id=\"image_2040426461\">\n\t\t\t\t\t\t\t\t<div class=\"img-inner dark\" >\n\t\t\t<img loading=\"lazy\" decoding=\"async\" width=\"1020\" height=\"765\" src=\"https:\/\/jorntrahus.se\/wp-content\/uploads\/2019\/03\/Fritidshus-Strycksele-XL-Loft-husbyggsats-J\u00f6rntr\u00e4hus-Kundreportage-St\u00e4mmning-2-1200x900.jpg\" class=\"attachment-large size-large\" alt=\"Sumarh\u00fas Strycksele XL Lofth\u00fasbyggingarsett J\u00f6rntr\u00e4hus Ums\u00f6gn vi\u00f0skiptavinar Mood 2\" srcset=\"https:\/\/jorntrahus.se\/wp-content\/uploads\/2019\/03\/Fritidshus-Strycksele-XL-Loft-husbyggsats-J\u00f6rntr\u00e4hus-Kundreportage-St\u00e4mmning-2-1200x900.jpg 1200w, https:\/\/jorntrahus.se\/wp-content\/uploads\/2019\/03\/Fritidshus-Strycksele-XL-Loft-husbyggsats-J\u00f6rntr\u00e4hus-Kundreportage-St\u00e4mmning-2-900x675.jpg 900w, https:\/\/jorntrahus.se\/wp-content\/uploads\/2019\/03\/Fritidshus-Strycksele-XL-Loft-husbyggsats-J\u00f6rntr\u00e4hus-Kundreportage-St\u00e4mmning-2-600x450.jpg 600w, https:\/\/jorntrahus.se\/wp-content\/uploads\/2019\/03\/Fritidshus-Strycksele-XL-Loft-husbyggsats-J\u00f6rntr\u00e4hus-Kundreportage-St\u00e4mmning-2-768x576.jpg 768w\" sizes=\"auto, (max-width: 1020px) 100vw, 1020px\" \/>\t\t\t\t\t\t\n\t\t\t\t\t<\/div>\n\t\t\t\t\t\t\t\t\n<style>\n#image_2040426461 {\n  width: 100%;\n}\n<\/style>\n\t<\/div>\n\t\n<\/div><\/div>\n            <\/div>\n    <style>\n    #banner-grid-2117777775 .grid-col-1{height: 600px}\n    #banner-grid-2117777775 .grid-col-1-2{height: 300px}\n    #banner-grid-2117777775 .grid-col-1-3{height:200px}\n    #banner-grid-2117777775 .grid-col-2-3{height: 400px}\n    #banner-grid-2117777775 .grid-col-1-4{height: 150px}\n    #banner-grid-2117777775 .grid-col-3-4{height: 450px}\n\n\n    \n    \n\n  <\/style>\n    <\/div>\n  \n\t<div id=\"gap-2073670482\" class=\"gap-element clearfix\" style=\"display:block; height:auto;\">\n\t\t\n<style>\n#gap-2073670482 {\n  padding-top: 60px;\n}\n<\/style>\n\t<\/div>\n\t\n<div class=\"row\"  id=\"row-2123881888\">\n\n\t<div id=\"col-997954754\" class=\"col medium-4 small-12 large-4\"  >\n\t\t\t\t<div class=\"col-inner\"  >\n\t\t\t\n\t\t\t\n<a href=\"\/is\/huslikan\/strycksele-xl-med-loft\/\" class=\"button primary is-outline expand\" >\n\t\t<span>Meira um beisli\u00f0<\/span>\n\t<\/a>\n\n\t\t<\/div>\n\t\t\t\t\t<\/div>\n\n\t\n\n\t<div id=\"col-1581229513\" class=\"col medium-4 small-12 large-4\"  >\n\t\t\t\t<div class=\"col-inner\"  >\n\t\t\t\n\t\t\t\n<a href=\"\/is\/sveigjanlegar-lausnir\/\" class=\"button primary is-outline expand\" >\n\t\t<span>Sveigjanlegar lausnir<\/span>\n\t<\/a>\n\n\t\t<\/div>\n\t\t\t\t\t<\/div>\n\n\t\n\n\t<div id=\"col-2105045579\" class=\"col medium-4 small-12 large-4\"  >\n\t\t\t\t<div class=\"col-inner\"  >\n\t\t\t\n\t\t\t\n<a href=\"\/is\/innblastur\/\" class=\"button primary is-outline expand\" >\n\t\t<span>Fleiri vi\u00f0skiptavinask\u00fdrslur<\/span>\n\t<\/a>\n\n\t\t<\/div>\n\t\t\t\t\t<\/div>\n\n\t\n<\/div>\n\t<div id=\"gap-1738383009\" class=\"gap-element clearfix\" style=\"display:block; height:auto;\">\n\t\t\n<style>\n#gap-1738383009 {\n  padding-top: 30px;\n}\n<\/style>\n\t<\/div>\n\t\n\t<div class=\"box has-hover   has-hover box-text-bottom\" >\n\n\t\t<div class=\"box-image\" >\n\t\t\t\t\t\t<div class=\"\" >\n\t\t\t\t<img loading=\"lazy\" decoding=\"async\" width=\"1500\" height=\"1000\" src=\"https:\/\/jorntrahus.se\/wp-content\/uploads\/2017\/12\/Strycksele-XL-med-Loft-3D.jpg\" class=\"attachment- size-\" alt=\"XL beisli me\u00f0 Lofti \u2013 fr\u00edstundah\u00fas, h\u00fas, einb\u00fdlish\u00fas \u2013 sveigjanleg byggingarsett fr\u00e1 J\u00f6rntr\u00e4hus\" srcset=\"https:\/\/jorntrahus.se\/wp-content\/uploads\/2017\/12\/Strycksele-XL-med-Loft-3D.jpg 1500w, https:\/\/jorntrahus.se\/wp-content\/uploads\/2017\/12\/Strycksele-XL-med-Loft-3D-600x400.jpg 600w, https:\/\/jorntrahus.se\/wp-content\/uploads\/2017\/12\/Strycksele-XL-med-Loft-3D-900x600.jpg 900w, https:\/\/jorntrahus.se\/wp-content\/uploads\/2017\/12\/Strycksele-XL-med-Loft-3D-768x512.jpg 768w, https:\/\/jorntrahus.se\/wp-content\/uploads\/2017\/12\/Strycksele-XL-med-Loft-3D-1200x800.jpg 1200w\" sizes=\"auto, (max-width: 1500px) 100vw, 1500px\" \/>\t\t\t\t\t\t\t\t\t\t\t<\/div>\n\t\t\t\t\t<\/div>\n\n\t\t<div class=\"box-text text-center\" >\n\t\t\t<div class=\"box-text-inner\">\n\t\t\t\t\n<h4>H\u00fasger\u00f0 XL Loft beisli<\/h4>\n<p>Fj\u00f6lskyldan Lindblad bygg\u00f0i h\u00f6nnun s\u00edna \u00e1 \u00feessari h\u00fasal\u00edkani \u00feegar \u00feau s\u00e9rsn\u00edddu fr\u00edstundah\u00fasi\u00f0 sitt.<\/p>\n\t\t\t<\/div>\n\t\t<\/div>\n\t<\/div>\n\t\n\t\t<\/div>\n\t\t\t\t\t<\/div>\n\n\t\n<\/div>","protected":false},"excerpt":{"rendered":"<p>\u2013 \u00dea\u00f0 a\u00f0 vi\u00f0 v\u00f6ldum a\u00f0 byggja fr\u00edstundah\u00fasi\u00f0 okkar \u00ed Bruksvallarna var alls ekki plana\u00f0.<\/p>","protected":false},"author":2,"featured_media":10933,"comment_status":"closed","ping_status":"closed","sticky":false,"template":"","format":"standard","meta":{"footnotes":""},"categories":[611,6],"tags":[],"class_list":["post-10281","post","type-post","status-publish","format-standard","has-post-thumbnail","hentry","category-inspiration","category-nyhet"],"yoast_head":"<!-- This site is optimized with the Yoast SEO plugin v27.2 - https:\/\/yoast.com\/product\/yoast-seo-wordpress\/ -->\n<title>Fr\u00e5n Alperna till fritidshus i Bruksvallarna - J\u00f6rntr\u00e4hus<\/title>\n<meta name=\"robots\" content=\"index, follow, max-snippet:-1, max-image-preview:large, max-video-preview:-1\" \/>\n<link rel=\"canonical\" href=\"https:\/\/jorntrahus.se\/is\/innblastur\/fra-olpunum-ad-fristundahusum-i-myllubakkunum\/\" \/>\n<meta property=\"og:locale\" content=\"is_IS\" \/>\n<meta property=\"og:type\" content=\"article\" \/>\n<meta property=\"og:title\" content=\"Fr\u00e5n Alperna till fritidshus i Bruksvallarna - J\u00f6rntr\u00e4hus\" \/>\n<meta property=\"og:description\" content=\"\u2013 Att det blev i Bruksvallarna vi valde bygga v\u00e5rt fritidshus var absolut inte planerat.\" \/>\n<meta property=\"og:url\" content=\"https:\/\/jorntrahus.se\/is\/innblastur\/fra-olpunum-ad-fristundahusum-i-myllubakkunum\/\" \/>\n<meta property=\"og:site_name\" content=\"J\u00f6rntr\u00e4hus\" \/>\n<meta property=\"article:published_time\" content=\"2019-03-04T14:10:27+00:00\" \/>\n<meta property=\"article:modified_time\" content=\"2022-03-17T14:41:42+00:00\" \/>\n<meta property=\"og:image\" content=\"https:\/\/jorntrahus.se\/wp-content\/uploads\/2019\/03\/Fritidshus-Strycksele-XL-Loft-husbyggsats-J\u00f6rntr\u00e4hus-Kundreportage-Christian-och-Therese-skoter-1.jpg\" \/>\n\t<meta property=\"og:image:width\" content=\"2200\" \/>\n\t<meta property=\"og:image:height\" content=\"1506\" \/>\n\t<meta property=\"og:image:type\" content=\"image\/jpeg\" \/>\n<meta name=\"author\" content=\"J\u00f6rntr\u00e4hus\" \/>\n<meta name=\"twitter:card\" content=\"summary_large_image\" \/>\n<meta name=\"twitter:label1\" content=\"Written by\" \/>\n\t<meta name=\"twitter:data1\" content=\"J\u00f6rntr\u00e4hus\" \/>\n\t<meta name=\"twitter:label2\" content=\"Est. reading time\" \/>\n\t<meta name=\"twitter:data2\" content=\"4 minutes\" \/>\n<script type=\"application\/ld+json\" class=\"yoast-schema-graph\">{\"@context\":\"https:\/\/schema.org\",\"@graph\":[{\"@type\":\"Article\",\"@id\":\"https:\/\/jorntrahus.se\/inspiration\/fran-alperna-till-fritidshus-i-bruksvallarna\/#article\",\"isPartOf\":{\"@id\":\"https:\/\/jorntrahus.se\/inspiration\/fran-alperna-till-fritidshus-i-bruksvallarna\/\"},\"author\":{\"name\":\"J\u00f6rntr\u00e4hus\",\"@id\":\"https:\/\/jorntrahus.se\/#\/schema\/person\/1d486a26d13d4df455271c2f02f5ef5c\"},\"headline\":\"Fr\u00e5n Alperna till fritidshus i Bruksvallarna\",\"datePublished\":\"2019-03-04T14:10:27+00:00\",\"dateModified\":\"2022-03-17T14:41:42+00:00\",\"mainEntityOfPage\":{\"@id\":\"https:\/\/jorntrahus.se\/inspiration\/fran-alperna-till-fritidshus-i-bruksvallarna\/\"},\"wordCount\":808,\"publisher\":{\"@id\":\"https:\/\/jorntrahus.se\/#organization\"},\"image\":{\"@id\":\"https:\/\/jorntrahus.se\/inspiration\/fran-alperna-till-fritidshus-i-bruksvallarna\/#primaryimage\"},\"thumbnailUrl\":\"https:\/\/jorntrahus.se\/wp-content\/uploads\/2019\/03\/Fritidshus-Strycksele-XL-Loft-husbyggsats-J\u00f6rntr\u00e4hus-Kundreportage-Christian-och-Therese-skoter-1.jpg\",\"articleSection\":[\"Inspiration\",\"Nyhet\"],\"inLanguage\":\"is\"},{\"@type\":\"WebPage\",\"@id\":\"https:\/\/jorntrahus.se\/inspiration\/fran-alperna-till-fritidshus-i-bruksvallarna\/\",\"url\":\"https:\/\/jorntrahus.se\/inspiration\/fran-alperna-till-fritidshus-i-bruksvallarna\/\",\"name\":\"Fr\u00e5n Alperna till fritidshus i Bruksvallarna - J\u00f6rntr\u00e4hus\",\"isPartOf\":{\"@id\":\"https:\/\/jorntrahus.se\/#website\"},\"primaryImageOfPage\":{\"@id\":\"https:\/\/jorntrahus.se\/inspiration\/fran-alperna-till-fritidshus-i-bruksvallarna\/#primaryimage\"},\"image\":{\"@id\":\"https:\/\/jorntrahus.se\/inspiration\/fran-alperna-till-fritidshus-i-bruksvallarna\/#primaryimage\"},\"thumbnailUrl\":\"https:\/\/jorntrahus.se\/wp-content\/uploads\/2019\/03\/Fritidshus-Strycksele-XL-Loft-husbyggsats-J\u00f6rntr\u00e4hus-Kundreportage-Christian-och-Therese-skoter-1.jpg\",\"datePublished\":\"2019-03-04T14:10:27+00:00\",\"dateModified\":\"2022-03-17T14:41:42+00:00\",\"breadcrumb\":{\"@id\":\"https:\/\/jorntrahus.se\/inspiration\/fran-alperna-till-fritidshus-i-bruksvallarna\/#breadcrumb\"},\"inLanguage\":\"is\",\"potentialAction\":[{\"@type\":\"ReadAction\",\"target\":[\"https:\/\/jorntrahus.se\/inspiration\/fran-alperna-till-fritidshus-i-bruksvallarna\/\"]}]},{\"@type\":\"ImageObject\",\"inLanguage\":\"is\",\"@id\":\"https:\/\/jorntrahus.se\/inspiration\/fran-alperna-till-fritidshus-i-bruksvallarna\/#primaryimage\",\"url\":\"https:\/\/jorntrahus.se\/wp-content\/uploads\/2019\/03\/Fritidshus-Strycksele-XL-Loft-husbyggsats-J\u00f6rntr\u00e4hus-Kundreportage-Christian-och-Therese-skoter-1.jpg\",\"contentUrl\":\"https:\/\/jorntrahus.se\/wp-content\/uploads\/2019\/03\/Fritidshus-Strycksele-XL-Loft-husbyggsats-J\u00f6rntr\u00e4hus-Kundreportage-Christian-och-Therese-skoter-1.jpg\",\"width\":2200,\"height\":1506,\"caption\":\"Fritidshus Strycksele XL Loft husbyggsats J\u00f6rntr\u00e4hus Kundreportage Christian och Therese skoter 1\"},{\"@type\":\"BreadcrumbList\",\"@id\":\"https:\/\/jorntrahus.se\/inspiration\/fran-alperna-till-fritidshus-i-bruksvallarna\/#breadcrumb\",\"itemListElement\":[{\"@type\":\"ListItem\",\"position\":1,\"name\":\"Hem\",\"item\":\"https:\/\/jorntrahus.se\/\"},{\"@type\":\"ListItem\",\"position\":2,\"name\":\"Fr\u00e5n Alperna till fritidshus i Bruksvallarna\"}]},{\"@type\":\"WebSite\",\"@id\":\"https:\/\/jorntrahus.se\/#website\",\"url\":\"https:\/\/jorntrahus.se\/\",\"name\":\"J\u00f6rntr\u00e4hus\",\"description\":\"Hus f\u00f6r den medvetne\",\"publisher\":{\"@id\":\"https:\/\/jorntrahus.se\/#organization\"},\"potentialAction\":[{\"@type\":\"SearchAction\",\"target\":{\"@type\":\"EntryPoint\",\"urlTemplate\":\"https:\/\/jorntrahus.se\/?s={search_term_string}\"},\"query-input\":{\"@type\":\"PropertyValueSpecification\",\"valueRequired\":true,\"valueName\":\"search_term_string\"}}],\"inLanguage\":\"is\"},{\"@type\":\"Organization\",\"@id\":\"https:\/\/jorntrahus.se\/#organization\",\"name\":\"J\u00f6rntr\u00e4hus\",\"url\":\"https:\/\/jorntrahus.se\/\",\"logo\":{\"@type\":\"ImageObject\",\"inLanguage\":\"is\",\"@id\":\"https:\/\/jorntrahus.se\/#\/schema\/logo\/image\/\",\"url\":\"https:\/\/jorntrahus.se\/wp-content\/uploads\/2020\/09\/Jorntrahus_Grund_CMYK.eps\",\"contentUrl\":\"https:\/\/jorntrahus.se\/wp-content\/uploads\/2020\/09\/Jorntrahus_Grund_CMYK.eps\",\"width\":1,\"height\":1,\"caption\":\"J\u00f6rntr\u00e4hus\"},\"image\":{\"@id\":\"https:\/\/jorntrahus.se\/#\/schema\/logo\/image\/\"}},{\"@type\":\"Person\",\"@id\":\"https:\/\/jorntrahus.se\/#\/schema\/person\/1d486a26d13d4df455271c2f02f5ef5c\",\"name\":\"J\u00f6rntr\u00e4hus\",\"image\":{\"@type\":\"ImageObject\",\"inLanguage\":\"is\",\"@id\":\"https:\/\/secure.gravatar.com\/avatar\/e9b8fcf3c4d64603cd3ec2eb8588179dabe6c74041e8c2a09d7ca9e0900a4ad3?s=96&d=mm&r=g\",\"url\":\"https:\/\/secure.gravatar.com\/avatar\/e9b8fcf3c4d64603cd3ec2eb8588179dabe6c74041e8c2a09d7ca9e0900a4ad3?s=96&d=mm&r=g\",\"contentUrl\":\"https:\/\/secure.gravatar.com\/avatar\/e9b8fcf3c4d64603cd3ec2eb8588179dabe6c74041e8c2a09d7ca9e0900a4ad3?s=96&d=mm&r=g\",\"caption\":\"J\u00f6rntr\u00e4hus\"},\"sameAs\":[\"https:\/\/jorntrahus.se\"],\"url\":\"https:\/\/jorntrahus.se\/is\/author\/jorntrahus\/\"}]}<\/script>\n<!-- \/ Yoast SEO plugin. -->","yoast_head_json":{"title":"Fr\u00e1 \u00d6lpunum til sumarh\u00fasa \u00ed Bruksvallarna - J\u00f6rntr\u00e4hus","robots":{"index":"index","follow":"follow","max-snippet":"max-snippet:-1","max-image-preview":"max-image-preview:large","max-video-preview":"max-video-preview:-1"},"canonical":"https:\/\/jorntrahus.se\/is\/innblastur\/fra-olpunum-ad-fristundahusum-i-myllubakkunum\/","og_locale":"is_IS","og_type":"article","og_title":"Fr\u00e5n Alperna till fritidshus i Bruksvallarna - J\u00f6rntr\u00e4hus","og_description":"\u2013 Att det blev i Bruksvallarna vi valde bygga v\u00e5rt fritidshus var absolut inte planerat.","og_url":"https:\/\/jorntrahus.se\/is\/innblastur\/fra-olpunum-ad-fristundahusum-i-myllubakkunum\/","og_site_name":"J\u00f6rntr\u00e4hus","article_published_time":"2019-03-04T14:10:27+00:00","article_modified_time":"2022-03-17T14:41:42+00:00","og_image":[{"width":2200,"height":1506,"url":"https:\/\/jorntrahus.se\/wp-content\/uploads\/2019\/03\/Fritidshus-Strycksele-XL-Loft-husbyggsats-J\u00f6rntr\u00e4hus-Kundreportage-Christian-och-Therese-skoter-1.jpg","type":"image\/jpeg"}],"author":"J\u00f6rntr\u00e4hus","twitter_card":"summary_large_image","twitter_misc":{"Written by":"J\u00f6rntr\u00e4hus","Est. reading time":"4 minutes"},"schema":{"@context":"https:\/\/schema.org","@graph":[{"@type":"Article","@id":"https:\/\/jorntrahus.se\/inspiration\/fran-alperna-till-fritidshus-i-bruksvallarna\/#article","isPartOf":{"@id":"https:\/\/jorntrahus.se\/inspiration\/fran-alperna-till-fritidshus-i-bruksvallarna\/"},"author":{"name":"J\u00f6rntr\u00e4hus","@id":"https:\/\/jorntrahus.se\/#\/schema\/person\/1d486a26d13d4df455271c2f02f5ef5c"},"headline":"Fr\u00e5n Alperna till fritidshus i Bruksvallarna","datePublished":"2019-03-04T14:10:27+00:00","dateModified":"2022-03-17T14:41:42+00:00","mainEntityOfPage":{"@id":"https:\/\/jorntrahus.se\/inspiration\/fran-alperna-till-fritidshus-i-bruksvallarna\/"},"wordCount":808,"publisher":{"@id":"https:\/\/jorntrahus.se\/#organization"},"image":{"@id":"https:\/\/jorntrahus.se\/inspiration\/fran-alperna-till-fritidshus-i-bruksvallarna\/#primaryimage"},"thumbnailUrl":"https:\/\/jorntrahus.se\/wp-content\/uploads\/2019\/03\/Fritidshus-Strycksele-XL-Loft-husbyggsats-J\u00f6rntr\u00e4hus-Kundreportage-Christian-och-Therese-skoter-1.jpg","articleSection":["Inspiration","Nyhet"],"inLanguage":"is"},{"@type":"WebPage","@id":"https:\/\/jorntrahus.se\/inspiration\/fran-alperna-till-fritidshus-i-bruksvallarna\/","url":"https:\/\/jorntrahus.se\/inspiration\/fran-alperna-till-fritidshus-i-bruksvallarna\/","name":"Fr\u00e1 \u00d6lpunum til sumarh\u00fasa \u00ed Bruksvallarna - J\u00f6rntr\u00e4hus","isPartOf":{"@id":"https:\/\/jorntrahus.se\/#website"},"primaryImageOfPage":{"@id":"https:\/\/jorntrahus.se\/inspiration\/fran-alperna-till-fritidshus-i-bruksvallarna\/#primaryimage"},"image":{"@id":"https:\/\/jorntrahus.se\/inspiration\/fran-alperna-till-fritidshus-i-bruksvallarna\/#primaryimage"},"thumbnailUrl":"https:\/\/jorntrahus.se\/wp-content\/uploads\/2019\/03\/Fritidshus-Strycksele-XL-Loft-husbyggsats-J\u00f6rntr\u00e4hus-Kundreportage-Christian-och-Therese-skoter-1.jpg","datePublished":"2019-03-04T14:10:27+00:00","dateModified":"2022-03-17T14:41:42+00:00","breadcrumb":{"@id":"https:\/\/jorntrahus.se\/inspiration\/fran-alperna-till-fritidshus-i-bruksvallarna\/#breadcrumb"},"inLanguage":"is","potentialAction":[{"@type":"ReadAction","target":["https:\/\/jorntrahus.se\/inspiration\/fran-alperna-till-fritidshus-i-bruksvallarna\/"]}]},{"@type":"ImageObject","inLanguage":"is","@id":"https:\/\/jorntrahus.se\/inspiration\/fran-alperna-till-fritidshus-i-bruksvallarna\/#primaryimage","url":"https:\/\/jorntrahus.se\/wp-content\/uploads\/2019\/03\/Fritidshus-Strycksele-XL-Loft-husbyggsats-J\u00f6rntr\u00e4hus-Kundreportage-Christian-och-Therese-skoter-1.jpg","contentUrl":"https:\/\/jorntrahus.se\/wp-content\/uploads\/2019\/03\/Fritidshus-Strycksele-XL-Loft-husbyggsats-J\u00f6rntr\u00e4hus-Kundreportage-Christian-och-Therese-skoter-1.jpg","width":2200,"height":1506,"caption":"Fritidshus Strycksele XL Loft husbyggsats J\u00f6rntr\u00e4hus Kundreportage Christian och Therese skoter 1"},{"@type":"BreadcrumbList","@id":"https:\/\/jorntrahus.se\/inspiration\/fran-alperna-till-fritidshus-i-bruksvallarna\/#breadcrumb","itemListElement":[{"@type":"ListItem","position":1,"name":"Hem","item":"https:\/\/jorntrahus.se\/"},{"@type":"ListItem","position":2,"name":"Fr\u00e5n Alperna till fritidshus i Bruksvallarna"}]},{"@type":"WebSite","@id":"https:\/\/jorntrahus.se\/#website","url":"https:\/\/jorntrahus.se\/","name":"J\u00f6rntr\u00e4hus","description":"H\u00fas fyrir me\u00f0vita\u00f0a","publisher":{"@id":"https:\/\/jorntrahus.se\/#organization"},"potentialAction":[{"@type":"SearchAction","target":{"@type":"EntryPoint","urlTemplate":"https:\/\/jorntrahus.se\/?s={search_term_string}"},"query-input":{"@type":"PropertyValueSpecification","valueRequired":true,"valueName":"search_term_string"}}],"inLanguage":"is"},{"@type":"Organization","@id":"https:\/\/jorntrahus.se\/#organization","name":"J\u00f6rntr\u00e4hus","url":"https:\/\/jorntrahus.se\/","logo":{"@type":"ImageObject","inLanguage":"is","@id":"https:\/\/jorntrahus.se\/#\/schema\/logo\/image\/","url":"https:\/\/jorntrahus.se\/wp-content\/uploads\/2020\/09\/Jorntrahus_Grund_CMYK.eps","contentUrl":"https:\/\/jorntrahus.se\/wp-content\/uploads\/2020\/09\/Jorntrahus_Grund_CMYK.eps","width":1,"height":1,"caption":"J\u00f6rntr\u00e4hus"},"image":{"@id":"https:\/\/jorntrahus.se\/#\/schema\/logo\/image\/"}},{"@type":"Person","@id":"https:\/\/jorntrahus.se\/#\/schema\/person\/1d486a26d13d4df455271c2f02f5ef5c","name":"J\u00f6rntr\u00e4hus","image":{"@type":"ImageObject","inLanguage":"is","@id":"https:\/\/secure.gravatar.com\/avatar\/e9b8fcf3c4d64603cd3ec2eb8588179dabe6c74041e8c2a09d7ca9e0900a4ad3?s=96&d=mm&r=g","url":"https:\/\/secure.gravatar.com\/avatar\/e9b8fcf3c4d64603cd3ec2eb8588179dabe6c74041e8c2a09d7ca9e0900a4ad3?s=96&d=mm&r=g","contentUrl":"https:\/\/secure.gravatar.com\/avatar\/e9b8fcf3c4d64603cd3ec2eb8588179dabe6c74041e8c2a09d7ca9e0900a4ad3?s=96&d=mm&r=g","caption":"J\u00f6rntr\u00e4hus"},"sameAs":["https:\/\/jorntrahus.se"],"url":"https:\/\/jorntrahus.se\/is\/author\/jorntrahus\/"}]}},"publishpress_future_action":{"enabled":false,"date":"2026-05-05 01:17:48","action":"change-status","newStatus":"draft","terms":[],"taxonomy":"category","extraData":[]},"publishpress_future_workflow_manual_trigger":{"enabledWorkflows":[]},"_links":{"self":[{"href":"https:\/\/jorntrahus.se\/is\/wp-json\/wp\/v2\/posts\/10281","targetHints":{"allow":["GET"]}}],"collection":[{"href":"https:\/\/jorntrahus.se\/is\/wp-json\/wp\/v2\/posts"}],"about":[{"href":"https:\/\/jorntrahus.se\/is\/wp-json\/wp\/v2\/types\/post"}],"author":[{"embeddable":true,"href":"https:\/\/jorntrahus.se\/is\/wp-json\/wp\/v2\/users\/2"}],"replies":[{"embeddable":true,"href":"https:\/\/jorntrahus.se\/is\/wp-json\/wp\/v2\/comments?post=10281"}],"version-history":[{"count":12,"href":"https:\/\/jorntrahus.se\/is\/wp-json\/wp\/v2\/posts\/10281\/revisions"}],"predecessor-version":[{"id":10961,"href":"https:\/\/jorntrahus.se\/is\/wp-json\/wp\/v2\/posts\/10281\/revisions\/10961"}],"wp:featuredmedia":[{"embeddable":true,"href":"https:\/\/jorntrahus.se\/is\/wp-json\/wp\/v2\/media\/10933"}],"wp:attachment":[{"href":"https:\/\/jorntrahus.se\/is\/wp-json\/wp\/v2\/media?parent=10281"}],"wp:term":[{"taxonomy":"category","embeddable":true,"href":"https:\/\/jorntrahus.se\/is\/wp-json\/wp\/v2\/categories?post=10281"},{"taxonomy":"post_tag","embeddable":true,"href":"https:\/\/jorntrahus.se\/is\/wp-json\/wp\/v2\/tags?post=10281"}],"curies":[{"name":"vp","href":"https:\/\/api.w.org\/{rel}","templated":true}]}}