{"id":11503,"date":"2019-04-11T14:31:49","date_gmt":"2019-04-11T12:31:49","guid":{"rendered":"https:\/\/jorntrahus.se\/?p=11503"},"modified":"2022-03-17T15:41:39","modified_gmt":"2022-03-17T14:41:39","slug":"fjolskyldan-staekkadi-meira-plass-thurfti","status":"publish","type":"post","link":"https:\/\/jorntrahus.se\/is\/inspiration-en\/the-family-got-bigger-more-space-required\/","title":{"rendered":"Fj\u00f6lskyldan st\u00e6kka\u00f0i \u2013 meira pl\u00e1ss \u00feurfti"},"content":{"rendered":"<div class=\"row\"  id=\"row-1381904746\">\n\n\t<div id=\"col-1335237806\" class=\"col small-12 large-12\"  >\n\t\t\t\t<div class=\"col-inner\"  >\n\t\t\t\n\t\t\t\n<h2>Saga vi\u00f0skiptavinar Lindliden XXS<\/h2>\n<h3><b>\u00deegar fj\u00f6lskylda Linusar, sonar Britt-Ingers, st\u00e6kka\u00f0i me\u00f0 annarri kynsl\u00f3\u00f0, fannst upprunalega fjallah\u00fasi\u00f0 \u00ed Hemavan svol\u00edti\u00f0 l\u00edti\u00f0.<\/b><\/h3>\n<p>- \u00deetta byrja\u00f0i me\u00f0 \u00fev\u00ed a\u00f0 vi\u00f0 vorum a\u00f0 hugsa um Attefallsh\u00fas me\u00f0 risi, en um lei\u00f0 fannst okkur a\u00f0<br \/>\n\u00d6rl\u00edti\u00f0 r\u00fambetra valkostur v\u00e6ri betri sem auka sumarh\u00fas \u00e1 l\u00f3\u00f0inni. \u00deegar fj\u00f6lskyldan st\u00e6kkar \u00fearf einfaldlega fleiri r\u00fdmi, s\u00e9rstaklega fyrir \u00fe\u00e1 sem eiga ung b\u00f6rn, segir Britt-Inger Edstr\u00f6m.<\/p>\n<h4>Spegla\u00f0ur + risloft<\/h4>\n<p>Umr\u00e6\u00f0an um a\u00f0 \u00fatvega Lindliden XXS risloft fl\u00fdtti fyrir verkefninu og \u00ed byrjun mars 2018 var teikningin unnin af J\u00f6rntr\u00e4hus.<\/p>\n<p>- Vi\u00f0 endurspeglu\u00f0um meira og minna a\u00f0eins fyrstu till\u00f6guna til a\u00f0 h\u00fan henti okkur fullkomlega, segir Linus.<\/p>\n<p>- N\u00fa \u00feegar h\u00fasi\u00f0 er tilb\u00fai\u00f0 m\u00e1 segja a\u00f0 \u00fea\u00f0 hafi fari\u00f0 langt fram \u00far v\u00e6ntingum okkar, \u00fea\u00f0 var\u00f0 ansi miki\u00f0<\/p>\n<p>r\u00fambetra en vi\u00f0 h\u00e9ldum fyrst og framkv\u00e6mdirnar hafa gengi\u00f0 betur en vi\u00f0 \u00feor\u00f0um a\u00f0 vona, segir Linus.<\/p>\n<p>Til a\u00f0 a\u00f0sto\u00f0a vi\u00f0 framkv\u00e6mdirnar hafa g\u00f3\u00f0ir vinir \u00ed byggingari\u00f0na\u00f0inum eytt nokkrum klukkustundum \u00ed fr\u00edt\u00edma s\u00ednum. A\u00f0 \u00feeir geti n\u00fa b\u00fai\u00f0 \u00ed h\u00fasinu um \u00e1ram\u00f3tin, sem svo seint sem \u00ed mars var a\u00f0eins teikning, finnst m\u00e9r fr\u00e1b\u00e6rt.<\/p>\n<p>Vinir \u00feeirra hj\u00e1 byggingarfyrirt\u00e6kjunum \u00ed grenndinni hlakka til n\u00e6sta Lindliden sem reist ver\u00f0ur \u00ed \u00feeirra n\u00e1grenni.<\/p>\n<h4>Gaman a\u00f0 leggja sitt af m\u00f6rkum og st\u00e6kka ger\u00f0ar\u00farvali\u00f0<\/h4>\n<p>\u2013 A\u00f0 \u00fatg\u00e1fan me\u00f0 risi hafi enda\u00f0 \u00ed sta\u00f0la\u00f0ri \u00e1\u00e6tlun J\u00f6rntr\u00e4hus \u00fe\u00fd\u00f0ir a\u00f0 tillaga okkar um timburh\u00fas me\u00f0 risi \u00ed \u00feessum st\u00e6r\u00f0arflokki var r\u00e9ttl\u00e6tanleg, \u00fea\u00f0 er gaman a\u00f0 hafa geta\u00f0 teki\u00f0 \u00fe\u00e1tt og haft \u00e1hrif \u00e1 h\u00f6nnunina svo a\u00f0 a\u00f0rir geti l\u00edka teki\u00f0 \u00fe\u00e1tt \u00ed \u00feeirri ger\u00f0 sem er or\u00f0in \u00ed upp\u00e1haldi hj\u00e1 okkur, segir Linus.<\/p>\n\t<div id=\"gap-1121877674\" class=\"gap-element clearfix\" style=\"display:block; height:auto;\">\n\t\t\n<style>\n#gap-1121877674 {\n  padding-top: 60px;\n}\n<\/style>\n\t<\/div>\n\t\n<div class=\"row\"  id=\"row-1676606626\">\n\n\t<div id=\"col-1169860083\" class=\"col medium-4 small-12 large-4\"  >\n\t\t\t\t<div class=\"col-inner\"  >\n\t\t\t\n\t\t\t\n<a href=\"\/en\/husmodell\/lindliden-xxs-en\/\" class=\"button primary is-outline expand\" >\n\t\t<span>Meira um Lindliden<\/span>\n\t<\/a>\n\n\t\t<\/div>\n\t\t\t\t\t<\/div>\n\n\t\n\n\t<div id=\"col-148434597\" class=\"col medium-4 small-12 large-4\"  >\n\t\t\t\t<div class=\"col-inner\"  >\n\t\t\t\n\t\t\t\n<a href=\"\/en\/flexible-solutions\/\" class=\"button primary is-outline expand\" >\n\t\t<span>Sveigjanlegar lausnir<\/span>\n\t<\/a>\n\n\t\t<\/div>\n\t\t\t\t\t<\/div>\n\n\t\n\n\t<div id=\"col-183503959\" class=\"col medium-4 small-12 large-4\"  >\n\t\t\t\t<div class=\"col-inner\"  >\n\t\t\t\n\t\t\t\n<a href=\"\/en\/inspiration-en\/\" class=\"button primary is-outline expand\" >\n\t\t<span>Fleiri vi\u00f0skiptavinas\u00f6gur<\/span>\n\t<\/a>\n\n\t\t<\/div>\n\t\t\t\t\t<\/div>\n\n\t\n<\/div>\n\t<div id=\"gap-273549505\" class=\"gap-element clearfix\" style=\"display:block; height:auto;\">\n\t\t\n<style>\n#gap-273549505 {\n  padding-top: 30px;\n}\n<\/style>\n\t<\/div>\n\t\n\t<div class=\"box has-hover   has-hover box-vertical box-text-bottom\" >\n\n\t\t<div class=\"box-image\" style=\"width:62%;\">\n\t\t\t\t\t\t<div class=\"\" >\n\t\t\t\t<img loading=\"lazy\" decoding=\"async\" width=\"1200\" height=\"771\" src=\"https:\/\/jorntrahus.se\/wp-content\/uploads\/2017\/01\/Lindliden-XXS-Loft-3D-Loft-Fritidshus-Byggsats-Hus-fr\u00e5n-J\u00f6rntr\u00e4hus.png\" class=\"attachment- size-\" alt=\"\" srcset=\"https:\/\/jorntrahus.se\/wp-content\/uploads\/2017\/01\/Lindliden-XXS-Loft-3D-Loft-Fritidshus-Byggsats-Hus-fr\u00e5n-J\u00f6rntr\u00e4hus.png 1200w, https:\/\/jorntrahus.se\/wp-content\/uploads\/2017\/01\/Lindliden-XXS-Loft-3D-Loft-Fritidshus-Byggsats-Hus-fr\u00e5n-J\u00f6rntr\u00e4hus-900x578.png 900w, https:\/\/jorntrahus.se\/wp-content\/uploads\/2017\/01\/Lindliden-XXS-Loft-3D-Loft-Fritidshus-Byggsats-Hus-fr\u00e5n-J\u00f6rntr\u00e4hus-600x386.png 600w, https:\/\/jorntrahus.se\/wp-content\/uploads\/2017\/01\/Lindliden-XXS-Loft-3D-Loft-Fritidshus-Byggsats-Hus-fr\u00e5n-J\u00f6rntr\u00e4hus-768x493.png 768w\" sizes=\"auto, (max-width: 1200px) 100vw, 1200px\" \/>\t\t\t\t\t\t\t\t\t\t\t<\/div>\n\t\t\t\t\t<\/div>\n\n\t\t<div class=\"box-text text-center\" >\n\t\t\t<div class=\"box-text-inner\">\n\t\t\t\t\n<h4>H\u00fasl\u00edkan Lindliden<\/h4>\n<p>Fj\u00f6lskyldan Edstr\u00f6m bygg\u00f0i h\u00fas sitt \u00e1 \u00feessari h\u00fasal\u00edkani \u00feegar \u00feau s\u00e9rsn\u00edddu h\u00fasi\u00f0 sitt.<\/p>\n<p>H\u00e9r er teikning af risloftinu \u2013 minni myndin \u2013 og st\u00e6rri myndin er af jar\u00f0h\u00e6\u00f0inni.<\/p>\n\t\t\t<\/div>\n\t\t<\/div>\n\t<\/div>\n\t\n\t<div id=\"gap-1204175662\" class=\"gap-element clearfix\" style=\"display:block; height:auto;\">\n\t\t\n<style>\n#gap-1204175662 {\n  padding-top: 30px;\n}\n<\/style>\n\t<\/div>\n\t\n\t<div class=\"img has-hover x md-x lg-x y md-y lg-y\" id=\"image_613522194\">\n\t\t\t\t\t\t\t\t<div class=\"img-inner dark\" >\n\t\t\t<img loading=\"lazy\" decoding=\"async\" width=\"1020\" height=\"713\" src=\"https:\/\/jorntrahus.se\/wp-content\/uploads\/2017\/01\/Lindliden-XXS-Loft-3D-Plan-1-Fritidshus-Byggsats-Hus-fr\u00e5n-J\u00f6rntr\u00e4hus-1200x839.png\" class=\"attachment-large size-large\" alt=\"Teikning af timburh\u00fasi Lindliden XXS fr\u00e1 J\u00f6rntr\u00e4hus - h\u00fasasett - Timburh\u00fas - h\u00fasl\u00edkan sem uppfyllir allar l\u00e1gmarkskr\u00f6fur var\u00f0andi r\u00fdmi og b\u00fana\u00f0 fyrir tvo einstaklinga.\" srcset=\"https:\/\/jorntrahus.se\/wp-content\/uploads\/2017\/01\/Lindliden-XXS-Loft-3D-Plan-1-Fritidshus-Byggsats-Hus-fr\u00e5n-J\u00f6rntr\u00e4hus.png 1200w, https:\/\/jorntrahus.se\/wp-content\/uploads\/2017\/01\/Lindliden-XXS-Loft-3D-Plan-1-Fritidshus-Byggsats-Hus-fr\u00e5n-J\u00f6rntr\u00e4hus-900x629.png 900w, https:\/\/jorntrahus.se\/wp-content\/uploads\/2017\/01\/Lindliden-XXS-Loft-3D-Plan-1-Fritidshus-Byggsats-Hus-fr\u00e5n-J\u00f6rntr\u00e4hus-600x420.png 600w, https:\/\/jorntrahus.se\/wp-content\/uploads\/2017\/01\/Lindliden-XXS-Loft-3D-Plan-1-Fritidshus-Byggsats-Hus-fr\u00e5n-J\u00f6rntr\u00e4hus-768x537.png 768w\" sizes=\"auto, (max-width: 1020px) 100vw, 1020px\" \/>\t\t\t\t\t\t\n\t\t\t\t\t<\/div>\n\t\t\t\t\t\t\t\t\n<style>\n#image_613522194 {\n  width: 100%;\n}\n<\/style>\n\t<\/div>\n\t\n\t\t<\/div>\n\t\t\t\t\t<\/div>\n\n\t\n<\/div>","protected":false},"excerpt":{"rendered":"","protected":false},"author":1,"featured_media":3904,"comment_status":"closed","ping_status":"closed","sticky":false,"template":"","format":"standard","meta":{"footnotes":""},"categories":[685],"tags":[],"class_list":["post-11503","post","type-post","status-publish","format-standard","has-post-thumbnail","hentry","category-inspiration-en"],"yoast_head":"<!-- This site is optimized with the Yoast SEO plugin v27.2 - https:\/\/yoast.com\/product\/yoast-seo-wordpress\/ -->\n<title>The family got bigger - more space required - J\u00f6rntr\u00e4hus<\/title>\n<meta name=\"robots\" content=\"index, follow, max-snippet:-1, max-image-preview:large, max-video-preview:-1\" \/>\n<link rel=\"canonical\" href=\"https:\/\/jorntrahus.se\/is\/innblastur-einn\/fjolskyldan-staekkadi-meira-plass-thurfti\/\" \/>\n<meta property=\"og:locale\" content=\"is_IS\" \/>\n<meta property=\"og:type\" content=\"article\" \/>\n<meta property=\"og:title\" content=\"The family got bigger - more space required - J\u00f6rntr\u00e4hus\" \/>\n<meta property=\"og:url\" content=\"https:\/\/jorntrahus.se\/is\/innblastur-einn\/fjolskyldan-staekkadi-meira-plass-thurfti\/\" \/>\n<meta property=\"og:site_name\" content=\"J\u00f6rntr\u00e4hus\" \/>\n<meta property=\"article:published_time\" content=\"2019-04-11T12:31:49+00:00\" \/>\n<meta property=\"article:modified_time\" content=\"2022-03-17T14:41:39+00:00\" \/>\n<meta property=\"og:image\" content=\"https:\/\/jorntrahus.se\/wp-content\/uploads\/2016\/12\/Lindliden-XXS-3D.jpg\" \/>\n\t<meta property=\"og:image:width\" content=\"1500\" \/>\n\t<meta property=\"og:image:height\" content=\"1000\" \/>\n\t<meta property=\"og:image:type\" content=\"image\/jpeg\" \/>\n<meta name=\"author\" content=\"jth-admin\" \/>\n<meta name=\"twitter:card\" content=\"summary_large_image\" \/>\n<meta name=\"twitter:label1\" content=\"Written by\" \/>\n\t<meta name=\"twitter:data1\" content=\"jth-admin\" \/>\n\t<meta name=\"twitter:label2\" content=\"Est. reading time\" \/>\n\t<meta name=\"twitter:data2\" content=\"2 minutes\" \/>\n<script type=\"application\/ld+json\" class=\"yoast-schema-graph\">{\"@context\":\"https:\/\/schema.org\",\"@graph\":[{\"@type\":\"Article\",\"@id\":\"https:\/\/jorntrahus.se\/en\/inspiration-en\/the-family-got-bigger-more-space-required\/#article\",\"isPartOf\":{\"@id\":\"https:\/\/jorntrahus.se\/en\/inspiration-en\/the-family-got-bigger-more-space-required\/\"},\"author\":{\"name\":\"jth-admin\",\"@id\":\"https:\/\/jorntrahus.se\/#\/schema\/person\/c10d0c3f5b80794e7d5dffb9eadc8041\"},\"headline\":\"The family got bigger &#8211; more space required\",\"datePublished\":\"2019-04-11T12:31:49+00:00\",\"dateModified\":\"2022-03-17T14:41:39+00:00\",\"mainEntityOfPage\":{\"@id\":\"https:\/\/jorntrahus.se\/en\/inspiration-en\/the-family-got-bigger-more-space-required\/\"},\"wordCount\":439,\"publisher\":{\"@id\":\"https:\/\/jorntrahus.se\/#organization\"},\"image\":{\"@id\":\"https:\/\/jorntrahus.se\/en\/inspiration-en\/the-family-got-bigger-more-space-required\/#primaryimage\"},\"thumbnailUrl\":\"https:\/\/jorntrahus.se\/wp-content\/uploads\/2016\/12\/Lindliden-XXS-3D.jpg\",\"articleSection\":[\"Inspiration\"],\"inLanguage\":\"is\"},{\"@type\":\"WebPage\",\"@id\":\"https:\/\/jorntrahus.se\/en\/inspiration-en\/the-family-got-bigger-more-space-required\/\",\"url\":\"https:\/\/jorntrahus.se\/en\/inspiration-en\/the-family-got-bigger-more-space-required\/\",\"name\":\"The family got bigger - more space required - J\u00f6rntr\u00e4hus\",\"isPartOf\":{\"@id\":\"https:\/\/jorntrahus.se\/#website\"},\"primaryImageOfPage\":{\"@id\":\"https:\/\/jorntrahus.se\/en\/inspiration-en\/the-family-got-bigger-more-space-required\/#primaryimage\"},\"image\":{\"@id\":\"https:\/\/jorntrahus.se\/en\/inspiration-en\/the-family-got-bigger-more-space-required\/#primaryimage\"},\"thumbnailUrl\":\"https:\/\/jorntrahus.se\/wp-content\/uploads\/2016\/12\/Lindliden-XXS-3D.jpg\",\"datePublished\":\"2019-04-11T12:31:49+00:00\",\"dateModified\":\"2022-03-17T14:41:39+00:00\",\"breadcrumb\":{\"@id\":\"https:\/\/jorntrahus.se\/en\/inspiration-en\/the-family-got-bigger-more-space-required\/#breadcrumb\"},\"inLanguage\":\"is\",\"potentialAction\":[{\"@type\":\"ReadAction\",\"target\":[\"https:\/\/jorntrahus.se\/en\/inspiration-en\/the-family-got-bigger-more-space-required\/\"]}]},{\"@type\":\"ImageObject\",\"inLanguage\":\"is\",\"@id\":\"https:\/\/jorntrahus.se\/en\/inspiration-en\/the-family-got-bigger-more-space-required\/#primaryimage\",\"url\":\"https:\/\/jorntrahus.se\/wp-content\/uploads\/2016\/12\/Lindliden-XXS-3D.jpg\",\"contentUrl\":\"https:\/\/jorntrahus.se\/wp-content\/uploads\/2016\/12\/Lindliden-XXS-3D.jpg\",\"width\":1500,\"height\":1000,\"caption\":\"Timmerhus byggsats Lindliden XXS fr\u00e5n J\u00f6rntr\u00e4hus - husbyggsats - Ett timrat fritidshus \u2013 en husmodell som uppfyller samtliga minimumkrav g\u00e4llande ytor och utrustning f\u00f6r tv\u00e5 personer\"},{\"@type\":\"BreadcrumbList\",\"@id\":\"https:\/\/jorntrahus.se\/en\/inspiration-en\/the-family-got-bigger-more-space-required\/#breadcrumb\",\"itemListElement\":[{\"@type\":\"ListItem\",\"position\":1,\"name\":\"Hem\",\"item\":\"https:\/\/jorntrahus.se\/\"},{\"@type\":\"ListItem\",\"position\":2,\"name\":\"The family got bigger &#8211; more space required\"}]},{\"@type\":\"WebSite\",\"@id\":\"https:\/\/jorntrahus.se\/#website\",\"url\":\"https:\/\/jorntrahus.se\/\",\"name\":\"J\u00f6rntr\u00e4hus\",\"description\":\"Hus f\u00f6r den medvetne\",\"publisher\":{\"@id\":\"https:\/\/jorntrahus.se\/#organization\"},\"potentialAction\":[{\"@type\":\"SearchAction\",\"target\":{\"@type\":\"EntryPoint\",\"urlTemplate\":\"https:\/\/jorntrahus.se\/?s={search_term_string}\"},\"query-input\":{\"@type\":\"PropertyValueSpecification\",\"valueRequired\":true,\"valueName\":\"search_term_string\"}}],\"inLanguage\":\"is\"},{\"@type\":\"Organization\",\"@id\":\"https:\/\/jorntrahus.se\/#organization\",\"name\":\"J\u00f6rntr\u00e4hus\",\"url\":\"https:\/\/jorntrahus.se\/\",\"logo\":{\"@type\":\"ImageObject\",\"inLanguage\":\"is\",\"@id\":\"https:\/\/jorntrahus.se\/#\/schema\/logo\/image\/\",\"url\":\"https:\/\/jorntrahus.se\/wp-content\/uploads\/2020\/09\/Jorntrahus_Grund_CMYK.eps\",\"contentUrl\":\"https:\/\/jorntrahus.se\/wp-content\/uploads\/2020\/09\/Jorntrahus_Grund_CMYK.eps\",\"width\":1,\"height\":1,\"caption\":\"J\u00f6rntr\u00e4hus\"},\"image\":{\"@id\":\"https:\/\/jorntrahus.se\/#\/schema\/logo\/image\/\"}},{\"@type\":\"Person\",\"@id\":\"https:\/\/jorntrahus.se\/#\/schema\/person\/c10d0c3f5b80794e7d5dffb9eadc8041\",\"name\":\"jth-admin\",\"image\":{\"@type\":\"ImageObject\",\"inLanguage\":\"is\",\"@id\":\"https:\/\/secure.gravatar.com\/avatar\/4bcde4f9cfbb7b09c9605f445ac3993dc54ba3973c8abb86ad7caea3e386f6c8?s=96&d=mm&r=g\",\"url\":\"https:\/\/secure.gravatar.com\/avatar\/4bcde4f9cfbb7b09c9605f445ac3993dc54ba3973c8abb86ad7caea3e386f6c8?s=96&d=mm&r=g\",\"contentUrl\":\"https:\/\/secure.gravatar.com\/avatar\/4bcde4f9cfbb7b09c9605f445ac3993dc54ba3973c8abb86ad7caea3e386f6c8?s=96&d=mm&r=g\",\"caption\":\"jth-admin\"},\"url\":\"https:\/\/jorntrahus.se\/is\/author\/jth-admin\/\"}]}<\/script>\n<!-- \/ Yoast SEO plugin. -->","yoast_head_json":{"title":"Fj\u00f6lskyldan st\u00e6kka\u00f0i - meira pl\u00e1ss \u00feurfti - J\u00f6rntr\u00e4hus","robots":{"index":"index","follow":"follow","max-snippet":"max-snippet:-1","max-image-preview":"max-image-preview:large","max-video-preview":"max-video-preview:-1"},"canonical":"https:\/\/jorntrahus.se\/is\/innblastur-einn\/fjolskyldan-staekkadi-meira-plass-thurfti\/","og_locale":"is_IS","og_type":"article","og_title":"The family got bigger - more space required - J\u00f6rntr\u00e4hus","og_url":"https:\/\/jorntrahus.se\/is\/innblastur-einn\/fjolskyldan-staekkadi-meira-plass-thurfti\/","og_site_name":"J\u00f6rntr\u00e4hus","article_published_time":"2019-04-11T12:31:49+00:00","article_modified_time":"2022-03-17T14:41:39+00:00","og_image":[{"width":1500,"height":1000,"url":"https:\/\/jorntrahus.se\/wp-content\/uploads\/2016\/12\/Lindliden-XXS-3D.jpg","type":"image\/jpeg"}],"author":"jth-admin","twitter_card":"summary_large_image","twitter_misc":{"Written by":"jth-admin","Est. reading time":"2 minutes"},"schema":{"@context":"https:\/\/schema.org","@graph":[{"@type":"Article","@id":"https:\/\/jorntrahus.se\/en\/inspiration-en\/the-family-got-bigger-more-space-required\/#article","isPartOf":{"@id":"https:\/\/jorntrahus.se\/en\/inspiration-en\/the-family-got-bigger-more-space-required\/"},"author":{"name":"jth-admin","@id":"https:\/\/jorntrahus.se\/#\/schema\/person\/c10d0c3f5b80794e7d5dffb9eadc8041"},"headline":"The family got bigger &#8211; more space required","datePublished":"2019-04-11T12:31:49+00:00","dateModified":"2022-03-17T14:41:39+00:00","mainEntityOfPage":{"@id":"https:\/\/jorntrahus.se\/en\/inspiration-en\/the-family-got-bigger-more-space-required\/"},"wordCount":439,"publisher":{"@id":"https:\/\/jorntrahus.se\/#organization"},"image":{"@id":"https:\/\/jorntrahus.se\/en\/inspiration-en\/the-family-got-bigger-more-space-required\/#primaryimage"},"thumbnailUrl":"https:\/\/jorntrahus.se\/wp-content\/uploads\/2016\/12\/Lindliden-XXS-3D.jpg","articleSection":["Inspiration"],"inLanguage":"is"},{"@type":"WebPage","@id":"https:\/\/jorntrahus.se\/en\/inspiration-en\/the-family-got-bigger-more-space-required\/","url":"https:\/\/jorntrahus.se\/en\/inspiration-en\/the-family-got-bigger-more-space-required\/","name":"Fj\u00f6lskyldan st\u00e6kka\u00f0i - meira pl\u00e1ss \u00feurfti - J\u00f6rntr\u00e4hus","isPartOf":{"@id":"https:\/\/jorntrahus.se\/#website"},"primaryImageOfPage":{"@id":"https:\/\/jorntrahus.se\/en\/inspiration-en\/the-family-got-bigger-more-space-required\/#primaryimage"},"image":{"@id":"https:\/\/jorntrahus.se\/en\/inspiration-en\/the-family-got-bigger-more-space-required\/#primaryimage"},"thumbnailUrl":"https:\/\/jorntrahus.se\/wp-content\/uploads\/2016\/12\/Lindliden-XXS-3D.jpg","datePublished":"2019-04-11T12:31:49+00:00","dateModified":"2022-03-17T14:41:39+00:00","breadcrumb":{"@id":"https:\/\/jorntrahus.se\/en\/inspiration-en\/the-family-got-bigger-more-space-required\/#breadcrumb"},"inLanguage":"is","potentialAction":[{"@type":"ReadAction","target":["https:\/\/jorntrahus.se\/en\/inspiration-en\/the-family-got-bigger-more-space-required\/"]}]},{"@type":"ImageObject","inLanguage":"is","@id":"https:\/\/jorntrahus.se\/en\/inspiration-en\/the-family-got-bigger-more-space-required\/#primaryimage","url":"https:\/\/jorntrahus.se\/wp-content\/uploads\/2016\/12\/Lindliden-XXS-3D.jpg","contentUrl":"https:\/\/jorntrahus.se\/wp-content\/uploads\/2016\/12\/Lindliden-XXS-3D.jpg","width":1500,"height":1000,"caption":"Timmerhus byggsats Lindliden XXS fr\u00e5n J\u00f6rntr\u00e4hus - husbyggsats - Ett timrat fritidshus \u2013 en husmodell som uppfyller samtliga minimumkrav g\u00e4llande ytor och utrustning f\u00f6r tv\u00e5 personer"},{"@type":"BreadcrumbList","@id":"https:\/\/jorntrahus.se\/en\/inspiration-en\/the-family-got-bigger-more-space-required\/#breadcrumb","itemListElement":[{"@type":"ListItem","position":1,"name":"Hem","item":"https:\/\/jorntrahus.se\/"},{"@type":"ListItem","position":2,"name":"The family got bigger &#8211; more space required"}]},{"@type":"WebSite","@id":"https:\/\/jorntrahus.se\/#website","url":"https:\/\/jorntrahus.se\/","name":"J\u00f6rntr\u00e4hus","description":"H\u00fas fyrir me\u00f0vita\u00f0a","publisher":{"@id":"https:\/\/jorntrahus.se\/#organization"},"potentialAction":[{"@type":"SearchAction","target":{"@type":"EntryPoint","urlTemplate":"https:\/\/jorntrahus.se\/?s={search_term_string}"},"query-input":{"@type":"PropertyValueSpecification","valueRequired":true,"valueName":"search_term_string"}}],"inLanguage":"is"},{"@type":"Organization","@id":"https:\/\/jorntrahus.se\/#organization","name":"J\u00f6rntr\u00e4hus","url":"https:\/\/jorntrahus.se\/","logo":{"@type":"ImageObject","inLanguage":"is","@id":"https:\/\/jorntrahus.se\/#\/schema\/logo\/image\/","url":"https:\/\/jorntrahus.se\/wp-content\/uploads\/2020\/09\/Jorntrahus_Grund_CMYK.eps","contentUrl":"https:\/\/jorntrahus.se\/wp-content\/uploads\/2020\/09\/Jorntrahus_Grund_CMYK.eps","width":1,"height":1,"caption":"J\u00f6rntr\u00e4hus"},"image":{"@id":"https:\/\/jorntrahus.se\/#\/schema\/logo\/image\/"}},{"@type":"Person","@id":"https:\/\/jorntrahus.se\/#\/schema\/person\/c10d0c3f5b80794e7d5dffb9eadc8041","name":"jth-stj\u00f3rnandi","image":{"@type":"ImageObject","inLanguage":"is","@id":"https:\/\/secure.gravatar.com\/avatar\/4bcde4f9cfbb7b09c9605f445ac3993dc54ba3973c8abb86ad7caea3e386f6c8?s=96&d=mm&r=g","url":"https:\/\/secure.gravatar.com\/avatar\/4bcde4f9cfbb7b09c9605f445ac3993dc54ba3973c8abb86ad7caea3e386f6c8?s=96&d=mm&r=g","contentUrl":"https:\/\/secure.gravatar.com\/avatar\/4bcde4f9cfbb7b09c9605f445ac3993dc54ba3973c8abb86ad7caea3e386f6c8?s=96&d=mm&r=g","caption":"jth-admin"},"url":"https:\/\/jorntrahus.se\/is\/author\/jth-admin\/"}]}},"publishpress_future_action":{"enabled":false,"date":"2026-05-06 20:44:18","action":"change-status","newStatus":"draft","terms":[],"taxonomy":"category","extraData":[]},"publishpress_future_workflow_manual_trigger":{"enabledWorkflows":[]},"_links":{"self":[{"href":"https:\/\/jorntrahus.se\/is\/wp-json\/wp\/v2\/posts\/11503","targetHints":{"allow":["GET"]}}],"collection":[{"href":"https:\/\/jorntrahus.se\/is\/wp-json\/wp\/v2\/posts"}],"about":[{"href":"https:\/\/jorntrahus.se\/is\/wp-json\/wp\/v2\/types\/post"}],"author":[{"embeddable":true,"href":"https:\/\/jorntrahus.se\/is\/wp-json\/wp\/v2\/users\/1"}],"replies":[{"embeddable":true,"href":"https:\/\/jorntrahus.se\/is\/wp-json\/wp\/v2\/comments?post=11503"}],"version-history":[{"count":2,"href":"https:\/\/jorntrahus.se\/is\/wp-json\/wp\/v2\/posts\/11503\/revisions"}],"predecessor-version":[{"id":11505,"href":"https:\/\/jorntrahus.se\/is\/wp-json\/wp\/v2\/posts\/11503\/revisions\/11505"}],"wp:featuredmedia":[{"embeddable":true,"href":"https:\/\/jorntrahus.se\/is\/wp-json\/wp\/v2\/media\/3904"}],"wp:attachment":[{"href":"https:\/\/jorntrahus.se\/is\/wp-json\/wp\/v2\/media?parent=11503"}],"wp:term":[{"taxonomy":"category","embeddable":true,"href":"https:\/\/jorntrahus.se\/is\/wp-json\/wp\/v2\/categories?post=11503"},{"taxonomy":"post_tag","embeddable":true,"href":"https:\/\/jorntrahus.se\/is\/wp-json\/wp\/v2\/tags?post=11503"}],"curies":[{"name":"vp","href":"https:\/\/api.w.org\/{rel}","templated":true}]}}