{"id":11964,"date":"2019-11-11T15:42:13","date_gmt":"2019-11-11T14:42:13","guid":{"rendered":"https:\/\/jorntrahus.se\/?p=11964"},"modified":"2022-03-17T15:41:23","modified_gmt":"2022-03-17T14:41:23","slug":"mikael-lindberg-nyr-forstjori-jorntrahus","status":"publish","type":"post","link":"https:\/\/jorntrahus.se\/is\/pressmeddelande\/mikael-lindberg-ny-vd-pa-jorntrahus\/","title":{"rendered":"Mikael Lindberg n\u00fdr forstj\u00f3ri J\u00f6rntr\u00e4hus"},"content":{"rendered":"<h3>N\u00fa er lj\u00f3st a\u00f0 Mikael Lindberg ver\u00f0ur n\u00fdr forstj\u00f3ri J\u00f6rntr\u00e4hus. Hann tekur vi\u00f0 st\u00f6rfum 1. febr\u00faar 2020 og starfa\u00f0i s\u00ed\u00f0ast sem s\u00f6lustj\u00f3ri \u00ed Skandinav\u00edu hj\u00e1 Stora Enso.<\/h3>\n<p>\u2013 M\u00e9r finnst eins og \u00e9g s\u00e9 a\u00f0 koma til J\u00f6rntr\u00e4hus \u00ed mj\u00f6g \u00e1hugaver\u00f0ri st\u00f6\u00f0u. \u00c9g tr\u00fai sta\u00f0fastlega \u00e1 hugmyndafr\u00e6\u00f0i fyrirt\u00e6kisins var\u00f0andi i\u00f0na\u00f0arbyggingar og \u00fea\u00f0 eru allir m\u00f6guleikar \u00e1 a\u00f0 halda \u00e1fram a\u00f0 n\u00e1 marka\u00f0shlutdeild, segir Mikael Lindberg.<\/p>\n<p>Mikael Lindberg hefur byggt upp gl\u00e6silegan feril \u00ed gegnum \u00e1rin. Auk \u00feess a\u00f0 gegna st\u00f6\u00f0u s\u00f6lustj\u00f3ra hj\u00e1 Stora Enso var hann forstj\u00f3ri Martinsons Byggsystem \u00ed sj\u00f6 \u00e1r. Fredrik Andersson, forstj\u00f3ri Contractor, sem felur \u00ed s\u00e9r J\u00f6rntr\u00e4hus, telur a\u00f0 reynsla Mikael Lindberg fr\u00e1 t\u00edma s\u00ednum hj\u00e1 Martinsons hafi skipt miklu m\u00e1li fyrir r\u00e1\u00f0ninguna.<\/p>\n<p>\u2013 Mikael hefur n\u00e1kv\u00e6mlega \u00feann bakgrunn sem vi\u00f0 viljum f\u00e1 \u00ed forstj\u00f3ra hj\u00e1 J\u00f6rntr\u00e4hus. Hann hefur menntun b\u00e6\u00f0i \u00far framlei\u00f0slui\u00f0na\u00f0i og tr\u00e9i\u00f0na\u00f0i, me\u00f0 traust tengslanet og mikla \u00feekkingu \u00e1 i\u00f0na\u00f0arbyggingum. \u00dear a\u00f0 auki hefur hann sterka s\u00f6lu\u00e1herslu og er einstaklega g\u00f3\u00f0ur \u00ed mannlegum samskiptum, sem eru auglj\u00f3slega mikilv\u00e6gir eiginleikar \u00ed starfi forstj\u00f3ra, segir Fredrik Andersson.<\/p>\n<h5>\u00c9g kom ekki hinga\u00f0 til a\u00f0 stj\u00f3rna.<\/h5>\n<p>Mikael telur sj\u00e1lfur a\u00f0 J\u00f6rntr\u00e4hus s\u00e9 \u00ed g\u00f3\u00f0ri st\u00f6\u00f0u til a\u00f0 halda \u00e1fram a\u00f0 \u00fer\u00f3ast og vaxa, b\u00e6\u00f0i \u00e1 Norrlandsmarka\u00f0i og \u00ed \u00f6\u00f0rum hlutum Sv\u00ed\u00fej\u00f3\u00f0ar.<\/p>\n<p>\u2013 Eins og \u00e9g s\u00e9 \u00feetta hefur J\u00f6rntr\u00e4hus lagt upp \u00ed spennandi fer\u00f0alag \u00fear sem margt talar fyrir \u00e1framhaldandi vexti. Og \u00e9g hugsa ekki s\u00edst um h\u00fasn\u00e6\u00f0ism\u00e1l \u00fear sem hugmyndafr\u00e6\u00f0i fyrirt\u00e6kisins um i\u00f0na\u00f0arbyggingar hefur gr\u00ed\u00f0arlega m\u00f6guleika. \u00de\u00e1 er j\u00e1kv\u00e6tt a\u00f0 vera hluti af st\u00f3rum og r\u00f3tgr\u00f3num h\u00f3pi \u00fear sem hin \u00fdmsu fyrirt\u00e6ki verktaka n\u00e1 yfir alla ke\u00f0juna fr\u00e1 jar\u00f0vinnu og mannvirkjager\u00f0 til framlei\u00f0slu og byggingarframkv\u00e6mda. En \u00e9g er undir \u00fea\u00f0 b\u00fainn a\u00f0 \u00fea\u00f0 er vinnusemi sem skiptir m\u00e1li. \u00c9g er ekki kominn hinga\u00f0 til a\u00f0 stj\u00f3rna, heldur til a\u00f0 kn\u00fdja \u00e1fram og f\u00e6ra fyrirt\u00e6ki\u00f0 \u00e1fram, segir Mikael Lindberg.<\/p>\n<p><strong>Mynd:<\/strong> J\u00f3nas Westling<\/p>\n<p><strong>Meiri uppl\u00fdsingar:\u00a0<\/strong><\/p>\n<p>Fredrik Andersson, forstj\u00f3ri Contractor Bygg<br \/>\nS\u00edmi: 010 \u2013 130 78 01<\/p>\n<p>Mikael Lindberg, n\u00fdr forstj\u00f3ri J\u00f6rntr\u00e4hus<br \/>\nS\u00edmi: 070 \u2013 343 01 98<\/p>\n<p><em>Verktakasamst\u00e6\u00f0an starfar \u00e1 sex st\u00f6\u00f0um \u00ed Norrland og stefnir a\u00f0 \u00fev\u00ed a\u00f0 ver\u00f0a lei\u00f0andi byggingarfyrirt\u00e6ki \u00ed Nor\u00f0ur-Sv\u00ed\u00fej\u00f3\u00f0, me\u00f0 sta\u00f0bundi\u00f0 eignarhald sem einn af hornsteinum \u00feess. Verktakasamst\u00e6\u00f0an Bygg var stofnu\u00f0 \u00e1ri\u00f0 1910 og er n\u00fa me\u00f0 starfsemi \u00ed Skellefte\u00e5, Ume\u00e5, Lycksele, Hemavan og Sundsvall. Innan samst\u00e6\u00f0unnar eru einnig Lindgrens Mark \u00ed Skellefte\u00e5 og J\u00f6rntr\u00e4hus AB, auk Eldabutiken Skellefte\u00e5 og Verktakasamst\u00e6\u00f0an Fastigheter. Samst\u00e6\u00f0an, sem hefur h\u00f6fu\u00f0st\u00f6\u00f0var \u00ed Skellefte\u00e5, hefur um 400 starfsmenn og velta hennar nam um 700 millj\u00f3num s\u00e6nskra kr\u00f3na \u00e1ri\u00f0 2018.\u00a0<\/em><\/p>","protected":false},"excerpt":{"rendered":"<p>N\u00fa er lj\u00f3st a\u00f0 Mikael Lindberg ver\u00f0ur n\u00fdr forstj\u00f3ri J\u00f6rntr\u00e4hus. Hann tekur vi\u00f0 st\u00f6rfum 1. febr\u00faar 2020 og starfa\u00f0i s\u00ed\u00f0ast sem s\u00f6lustj\u00f3ri \u00ed Skandinav\u00edu hj\u00e1 Stora Enso.<\/p>","protected":false},"author":2,"featured_media":11963,"comment_status":"closed","ping_status":"closed","sticky":false,"template":"","format":"standard","meta":{"footnotes":""},"categories":[992,1186],"tags":[],"class_list":["post-11964","post","type-post","status-publish","format-standard","has-post-thumbnail","hentry","category-pro","category-pressmeddelande"],"yoast_head":"<!-- This site is optimized with the Yoast SEO plugin v27.2 - https:\/\/yoast.com\/product\/yoast-seo-wordpress\/ -->\n<title>Mikael Lindberg ny vd p\u00e5 J\u00f6rntr\u00e4hus - J\u00f6rntr\u00e4hus<\/title>\n<meta name=\"robots\" content=\"index, follow, max-snippet:-1, max-image-preview:large, max-video-preview:-1\" \/>\n<link rel=\"canonical\" href=\"https:\/\/jorntrahus.se\/is\/frettatilkynning\/mikael-lindberg-nyr-forstjori-jorntrahus\/\" \/>\n<meta property=\"og:locale\" content=\"is_IS\" \/>\n<meta property=\"og:type\" content=\"article\" \/>\n<meta property=\"og:title\" content=\"Mikael Lindberg ny vd p\u00e5 J\u00f6rntr\u00e4hus - J\u00f6rntr\u00e4hus\" \/>\n<meta property=\"og:description\" content=\"Nu st\u00e5r det klart att Mikael Lindberg blir ny vd f\u00f6r J\u00f6rntr\u00e4hus. Han tilltr\u00e4der 1 februari 2020 och kommer n\u00e4rmast fr\u00e5n en tj\u00e4nst som skandinavisk f\u00f6rs\u00e4ljningschef p\u00e5 Stora Enso.\" \/>\n<meta property=\"og:url\" content=\"https:\/\/jorntrahus.se\/is\/frettatilkynning\/mikael-lindberg-nyr-forstjori-jorntrahus\/\" \/>\n<meta property=\"og:site_name\" content=\"J\u00f6rntr\u00e4hus\" \/>\n<meta property=\"article:published_time\" content=\"2019-11-11T14:42:13+00:00\" \/>\n<meta property=\"article:modified_time\" content=\"2022-03-17T14:41:23+00:00\" \/>\n<meta property=\"og:image\" content=\"https:\/\/jorntrahus.se\/wp-content\/uploads\/2020\/09\/Jorntrahus-Mikael-Lindberg-ny-vd-pa-Jorntrahus.jpg\" \/>\n\t<meta property=\"og:image:width\" content=\"1500\" \/>\n\t<meta property=\"og:image:height\" content=\"966\" \/>\n\t<meta property=\"og:image:type\" content=\"image\/jpeg\" \/>\n<meta name=\"author\" content=\"J\u00f6rntr\u00e4hus\" \/>\n<meta name=\"twitter:card\" content=\"summary_large_image\" \/>\n<meta name=\"twitter:label1\" content=\"Written by\" \/>\n\t<meta name=\"twitter:data1\" content=\"J\u00f6rntr\u00e4hus\" \/>\n\t<meta name=\"twitter:label2\" content=\"Est. reading time\" \/>\n\t<meta name=\"twitter:data2\" content=\"2 minutes\" \/>\n<script type=\"application\/ld+json\" class=\"yoast-schema-graph\">{\"@context\":\"https:\/\/schema.org\",\"@graph\":[{\"@type\":\"Article\",\"@id\":\"https:\/\/jorntrahus.se\/pressmeddelande\/mikael-lindberg-ny-vd-pa-jorntrahus\/#article\",\"isPartOf\":{\"@id\":\"https:\/\/jorntrahus.se\/pressmeddelande\/mikael-lindberg-ny-vd-pa-jorntrahus\/\"},\"author\":{\"name\":\"J\u00f6rntr\u00e4hus\",\"@id\":\"https:\/\/jorntrahus.se\/#\/schema\/person\/1d486a26d13d4df455271c2f02f5ef5c\"},\"headline\":\"Mikael Lindberg ny vd p\u00e5 J\u00f6rntr\u00e4hus\",\"datePublished\":\"2019-11-11T14:42:13+00:00\",\"dateModified\":\"2022-03-17T14:41:23+00:00\",\"mainEntityOfPage\":{\"@id\":\"https:\/\/jorntrahus.se\/pressmeddelande\/mikael-lindberg-ny-vd-pa-jorntrahus\/\"},\"wordCount\":491,\"publisher\":{\"@id\":\"https:\/\/jorntrahus.se\/#organization\"},\"image\":{\"@id\":\"https:\/\/jorntrahus.se\/pressmeddelande\/mikael-lindberg-ny-vd-pa-jorntrahus\/#primaryimage\"},\"thumbnailUrl\":\"https:\/\/jorntrahus.se\/wp-content\/uploads\/2020\/09\/Jorntrahus-Mikael-Lindberg-ny-vd-pa-Jorntrahus.jpg\",\"articleSection\":[\"J\u00f6rntr\u00e4hus Pro\",\"Pressmeddelande\"],\"inLanguage\":\"is\"},{\"@type\":\"WebPage\",\"@id\":\"https:\/\/jorntrahus.se\/pressmeddelande\/mikael-lindberg-ny-vd-pa-jorntrahus\/\",\"url\":\"https:\/\/jorntrahus.se\/pressmeddelande\/mikael-lindberg-ny-vd-pa-jorntrahus\/\",\"name\":\"Mikael Lindberg ny vd p\u00e5 J\u00f6rntr\u00e4hus - J\u00f6rntr\u00e4hus\",\"isPartOf\":{\"@id\":\"https:\/\/jorntrahus.se\/#website\"},\"primaryImageOfPage\":{\"@id\":\"https:\/\/jorntrahus.se\/pressmeddelande\/mikael-lindberg-ny-vd-pa-jorntrahus\/#primaryimage\"},\"image\":{\"@id\":\"https:\/\/jorntrahus.se\/pressmeddelande\/mikael-lindberg-ny-vd-pa-jorntrahus\/#primaryimage\"},\"thumbnailUrl\":\"https:\/\/jorntrahus.se\/wp-content\/uploads\/2020\/09\/Jorntrahus-Mikael-Lindberg-ny-vd-pa-Jorntrahus.jpg\",\"datePublished\":\"2019-11-11T14:42:13+00:00\",\"dateModified\":\"2022-03-17T14:41:23+00:00\",\"breadcrumb\":{\"@id\":\"https:\/\/jorntrahus.se\/pressmeddelande\/mikael-lindberg-ny-vd-pa-jorntrahus\/#breadcrumb\"},\"inLanguage\":\"is\",\"potentialAction\":[{\"@type\":\"ReadAction\",\"target\":[\"https:\/\/jorntrahus.se\/pressmeddelande\/mikael-lindberg-ny-vd-pa-jorntrahus\/\"]}]},{\"@type\":\"ImageObject\",\"inLanguage\":\"is\",\"@id\":\"https:\/\/jorntrahus.se\/pressmeddelande\/mikael-lindberg-ny-vd-pa-jorntrahus\/#primaryimage\",\"url\":\"https:\/\/jorntrahus.se\/wp-content\/uploads\/2020\/09\/Jorntrahus-Mikael-Lindberg-ny-vd-pa-Jorntrahus.jpg\",\"contentUrl\":\"https:\/\/jorntrahus.se\/wp-content\/uploads\/2020\/09\/Jorntrahus-Mikael-Lindberg-ny-vd-pa-Jorntrahus.jpg\",\"width\":1500,\"height\":966,\"caption\":\"Jorntrahus Mikael Lindberg ny vd pa Jorntrahus\"},{\"@type\":\"BreadcrumbList\",\"@id\":\"https:\/\/jorntrahus.se\/pressmeddelande\/mikael-lindberg-ny-vd-pa-jorntrahus\/#breadcrumb\",\"itemListElement\":[{\"@type\":\"ListItem\",\"position\":1,\"name\":\"Hem\",\"item\":\"https:\/\/jorntrahus.se\/\"},{\"@type\":\"ListItem\",\"position\":2,\"name\":\"Mikael Lindberg ny vd p\u00e5 J\u00f6rntr\u00e4hus\"}]},{\"@type\":\"WebSite\",\"@id\":\"https:\/\/jorntrahus.se\/#website\",\"url\":\"https:\/\/jorntrahus.se\/\",\"name\":\"J\u00f6rntr\u00e4hus\",\"description\":\"Hus f\u00f6r den medvetne\",\"publisher\":{\"@id\":\"https:\/\/jorntrahus.se\/#organization\"},\"potentialAction\":[{\"@type\":\"SearchAction\",\"target\":{\"@type\":\"EntryPoint\",\"urlTemplate\":\"https:\/\/jorntrahus.se\/?s={search_term_string}\"},\"query-input\":{\"@type\":\"PropertyValueSpecification\",\"valueRequired\":true,\"valueName\":\"search_term_string\"}}],\"inLanguage\":\"is\"},{\"@type\":\"Organization\",\"@id\":\"https:\/\/jorntrahus.se\/#organization\",\"name\":\"J\u00f6rntr\u00e4hus\",\"url\":\"https:\/\/jorntrahus.se\/\",\"logo\":{\"@type\":\"ImageObject\",\"inLanguage\":\"is\",\"@id\":\"https:\/\/jorntrahus.se\/#\/schema\/logo\/image\/\",\"url\":\"https:\/\/jorntrahus.se\/wp-content\/uploads\/2020\/09\/Jorntrahus_Grund_CMYK.eps\",\"contentUrl\":\"https:\/\/jorntrahus.se\/wp-content\/uploads\/2020\/09\/Jorntrahus_Grund_CMYK.eps\",\"width\":1,\"height\":1,\"caption\":\"J\u00f6rntr\u00e4hus\"},\"image\":{\"@id\":\"https:\/\/jorntrahus.se\/#\/schema\/logo\/image\/\"}},{\"@type\":\"Person\",\"@id\":\"https:\/\/jorntrahus.se\/#\/schema\/person\/1d486a26d13d4df455271c2f02f5ef5c\",\"name\":\"J\u00f6rntr\u00e4hus\",\"image\":{\"@type\":\"ImageObject\",\"inLanguage\":\"is\",\"@id\":\"https:\/\/secure.gravatar.com\/avatar\/e9b8fcf3c4d64603cd3ec2eb8588179dabe6c74041e8c2a09d7ca9e0900a4ad3?s=96&d=mm&r=g\",\"url\":\"https:\/\/secure.gravatar.com\/avatar\/e9b8fcf3c4d64603cd3ec2eb8588179dabe6c74041e8c2a09d7ca9e0900a4ad3?s=96&d=mm&r=g\",\"contentUrl\":\"https:\/\/secure.gravatar.com\/avatar\/e9b8fcf3c4d64603cd3ec2eb8588179dabe6c74041e8c2a09d7ca9e0900a4ad3?s=96&d=mm&r=g\",\"caption\":\"J\u00f6rntr\u00e4hus\"},\"sameAs\":[\"https:\/\/jorntrahus.se\"],\"url\":\"https:\/\/jorntrahus.se\/is\/author\/jorntrahus\/\"}]}<\/script>\n<!-- \/ Yoast SEO plugin. -->","yoast_head_json":{"title":"Mikael Lindberg n\u00fdr forstj\u00f3ri J\u00f6rntr\u00e4hus - J\u00f6rntr\u00e4hus","robots":{"index":"index","follow":"follow","max-snippet":"max-snippet:-1","max-image-preview":"max-image-preview:large","max-video-preview":"max-video-preview:-1"},"canonical":"https:\/\/jorntrahus.se\/is\/frettatilkynning\/mikael-lindberg-nyr-forstjori-jorntrahus\/","og_locale":"is_IS","og_type":"article","og_title":"Mikael Lindberg ny vd p\u00e5 J\u00f6rntr\u00e4hus - J\u00f6rntr\u00e4hus","og_description":"Nu st\u00e5r det klart att Mikael Lindberg blir ny vd f\u00f6r J\u00f6rntr\u00e4hus. Han tilltr\u00e4der 1 februari 2020 och kommer n\u00e4rmast fr\u00e5n en tj\u00e4nst som skandinavisk f\u00f6rs\u00e4ljningschef p\u00e5 Stora Enso.","og_url":"https:\/\/jorntrahus.se\/is\/frettatilkynning\/mikael-lindberg-nyr-forstjori-jorntrahus\/","og_site_name":"J\u00f6rntr\u00e4hus","article_published_time":"2019-11-11T14:42:13+00:00","article_modified_time":"2022-03-17T14:41:23+00:00","og_image":[{"width":1500,"height":966,"url":"https:\/\/jorntrahus.se\/wp-content\/uploads\/2020\/09\/Jorntrahus-Mikael-Lindberg-ny-vd-pa-Jorntrahus.jpg","type":"image\/jpeg"}],"author":"J\u00f6rntr\u00e4hus","twitter_card":"summary_large_image","twitter_misc":{"Written by":"J\u00f6rntr\u00e4hus","Est. reading time":"2 minutes"},"schema":{"@context":"https:\/\/schema.org","@graph":[{"@type":"Article","@id":"https:\/\/jorntrahus.se\/pressmeddelande\/mikael-lindberg-ny-vd-pa-jorntrahus\/#article","isPartOf":{"@id":"https:\/\/jorntrahus.se\/pressmeddelande\/mikael-lindberg-ny-vd-pa-jorntrahus\/"},"author":{"name":"J\u00f6rntr\u00e4hus","@id":"https:\/\/jorntrahus.se\/#\/schema\/person\/1d486a26d13d4df455271c2f02f5ef5c"},"headline":"Mikael Lindberg ny vd p\u00e5 J\u00f6rntr\u00e4hus","datePublished":"2019-11-11T14:42:13+00:00","dateModified":"2022-03-17T14:41:23+00:00","mainEntityOfPage":{"@id":"https:\/\/jorntrahus.se\/pressmeddelande\/mikael-lindberg-ny-vd-pa-jorntrahus\/"},"wordCount":491,"publisher":{"@id":"https:\/\/jorntrahus.se\/#organization"},"image":{"@id":"https:\/\/jorntrahus.se\/pressmeddelande\/mikael-lindberg-ny-vd-pa-jorntrahus\/#primaryimage"},"thumbnailUrl":"https:\/\/jorntrahus.se\/wp-content\/uploads\/2020\/09\/Jorntrahus-Mikael-Lindberg-ny-vd-pa-Jorntrahus.jpg","articleSection":["J\u00f6rntr\u00e4hus Pro","Pressmeddelande"],"inLanguage":"is"},{"@type":"WebPage","@id":"https:\/\/jorntrahus.se\/pressmeddelande\/mikael-lindberg-ny-vd-pa-jorntrahus\/","url":"https:\/\/jorntrahus.se\/pressmeddelande\/mikael-lindberg-ny-vd-pa-jorntrahus\/","name":"Mikael Lindberg n\u00fdr forstj\u00f3ri J\u00f6rntr\u00e4hus - J\u00f6rntr\u00e4hus","isPartOf":{"@id":"https:\/\/jorntrahus.se\/#website"},"primaryImageOfPage":{"@id":"https:\/\/jorntrahus.se\/pressmeddelande\/mikael-lindberg-ny-vd-pa-jorntrahus\/#primaryimage"},"image":{"@id":"https:\/\/jorntrahus.se\/pressmeddelande\/mikael-lindberg-ny-vd-pa-jorntrahus\/#primaryimage"},"thumbnailUrl":"https:\/\/jorntrahus.se\/wp-content\/uploads\/2020\/09\/Jorntrahus-Mikael-Lindberg-ny-vd-pa-Jorntrahus.jpg","datePublished":"2019-11-11T14:42:13+00:00","dateModified":"2022-03-17T14:41:23+00:00","breadcrumb":{"@id":"https:\/\/jorntrahus.se\/pressmeddelande\/mikael-lindberg-ny-vd-pa-jorntrahus\/#breadcrumb"},"inLanguage":"is","potentialAction":[{"@type":"ReadAction","target":["https:\/\/jorntrahus.se\/pressmeddelande\/mikael-lindberg-ny-vd-pa-jorntrahus\/"]}]},{"@type":"ImageObject","inLanguage":"is","@id":"https:\/\/jorntrahus.se\/pressmeddelande\/mikael-lindberg-ny-vd-pa-jorntrahus\/#primaryimage","url":"https:\/\/jorntrahus.se\/wp-content\/uploads\/2020\/09\/Jorntrahus-Mikael-Lindberg-ny-vd-pa-Jorntrahus.jpg","contentUrl":"https:\/\/jorntrahus.se\/wp-content\/uploads\/2020\/09\/Jorntrahus-Mikael-Lindberg-ny-vd-pa-Jorntrahus.jpg","width":1500,"height":966,"caption":"Jorntrahus Mikael Lindberg ny vd pa Jorntrahus"},{"@type":"BreadcrumbList","@id":"https:\/\/jorntrahus.se\/pressmeddelande\/mikael-lindberg-ny-vd-pa-jorntrahus\/#breadcrumb","itemListElement":[{"@type":"ListItem","position":1,"name":"Hem","item":"https:\/\/jorntrahus.se\/"},{"@type":"ListItem","position":2,"name":"Mikael Lindberg ny vd p\u00e5 J\u00f6rntr\u00e4hus"}]},{"@type":"WebSite","@id":"https:\/\/jorntrahus.se\/#website","url":"https:\/\/jorntrahus.se\/","name":"J\u00f6rntr\u00e4hus","description":"H\u00fas fyrir me\u00f0vita\u00f0a","publisher":{"@id":"https:\/\/jorntrahus.se\/#organization"},"potentialAction":[{"@type":"SearchAction","target":{"@type":"EntryPoint","urlTemplate":"https:\/\/jorntrahus.se\/?s={search_term_string}"},"query-input":{"@type":"PropertyValueSpecification","valueRequired":true,"valueName":"search_term_string"}}],"inLanguage":"is"},{"@type":"Organization","@id":"https:\/\/jorntrahus.se\/#organization","name":"J\u00f6rntr\u00e4hus","url":"https:\/\/jorntrahus.se\/","logo":{"@type":"ImageObject","inLanguage":"is","@id":"https:\/\/jorntrahus.se\/#\/schema\/logo\/image\/","url":"https:\/\/jorntrahus.se\/wp-content\/uploads\/2020\/09\/Jorntrahus_Grund_CMYK.eps","contentUrl":"https:\/\/jorntrahus.se\/wp-content\/uploads\/2020\/09\/Jorntrahus_Grund_CMYK.eps","width":1,"height":1,"caption":"J\u00f6rntr\u00e4hus"},"image":{"@id":"https:\/\/jorntrahus.se\/#\/schema\/logo\/image\/"}},{"@type":"Person","@id":"https:\/\/jorntrahus.se\/#\/schema\/person\/1d486a26d13d4df455271c2f02f5ef5c","name":"J\u00f6rntr\u00e4hus","image":{"@type":"ImageObject","inLanguage":"is","@id":"https:\/\/secure.gravatar.com\/avatar\/e9b8fcf3c4d64603cd3ec2eb8588179dabe6c74041e8c2a09d7ca9e0900a4ad3?s=96&d=mm&r=g","url":"https:\/\/secure.gravatar.com\/avatar\/e9b8fcf3c4d64603cd3ec2eb8588179dabe6c74041e8c2a09d7ca9e0900a4ad3?s=96&d=mm&r=g","contentUrl":"https:\/\/secure.gravatar.com\/avatar\/e9b8fcf3c4d64603cd3ec2eb8588179dabe6c74041e8c2a09d7ca9e0900a4ad3?s=96&d=mm&r=g","caption":"J\u00f6rntr\u00e4hus"},"sameAs":["https:\/\/jorntrahus.se"],"url":"https:\/\/jorntrahus.se\/is\/author\/jorntrahus\/"}]}},"publishpress_future_action":{"enabled":false,"date":"2026-05-06 21:27:58","action":"change-status","newStatus":"draft","terms":[],"taxonomy":"category","extraData":[]},"publishpress_future_workflow_manual_trigger":{"enabledWorkflows":[]},"_links":{"self":[{"href":"https:\/\/jorntrahus.se\/is\/wp-json\/wp\/v2\/posts\/11964","targetHints":{"allow":["GET"]}}],"collection":[{"href":"https:\/\/jorntrahus.se\/is\/wp-json\/wp\/v2\/posts"}],"about":[{"href":"https:\/\/jorntrahus.se\/is\/wp-json\/wp\/v2\/types\/post"}],"author":[{"embeddable":true,"href":"https:\/\/jorntrahus.se\/is\/wp-json\/wp\/v2\/users\/2"}],"replies":[{"embeddable":true,"href":"https:\/\/jorntrahus.se\/is\/wp-json\/wp\/v2\/comments?post=11964"}],"version-history":[{"count":7,"href":"https:\/\/jorntrahus.se\/is\/wp-json\/wp\/v2\/posts\/11964\/revisions"}],"predecessor-version":[{"id":11998,"href":"https:\/\/jorntrahus.se\/is\/wp-json\/wp\/v2\/posts\/11964\/revisions\/11998"}],"wp:featuredmedia":[{"embeddable":true,"href":"https:\/\/jorntrahus.se\/is\/wp-json\/wp\/v2\/media\/11963"}],"wp:attachment":[{"href":"https:\/\/jorntrahus.se\/is\/wp-json\/wp\/v2\/media?parent=11964"}],"wp:term":[{"taxonomy":"category","embeddable":true,"href":"https:\/\/jorntrahus.se\/is\/wp-json\/wp\/v2\/categories?post=11964"},{"taxonomy":"post_tag","embeddable":true,"href":"https:\/\/jorntrahus.se\/is\/wp-json\/wp\/v2\/tags?post=11964"}],"curies":[{"name":"vp","href":"https:\/\/api.w.org\/{rel}","templated":true}]}}