{"id":12792,"date":"2021-04-23T14:49:23","date_gmt":"2021-04-23T12:49:23","guid":{"rendered":"https:\/\/jorntrahus.se\/?p=12792"},"modified":"2022-03-17T15:40:16","modified_gmt":"2022-03-17T14:40:16","slug":"soluarangri-ibudarhusnaedis-skapar-thorf-fyrir-radningar","status":"publish","type":"post","link":"https:\/\/jorntrahus.se\/is\/nyhet\/forsaljningsrekord-pa-jorntrahus-skapar-behov-av-rekryteringar\/","title":{"rendered":"S\u00f6lu\u00e1rangur hj\u00e1 J\u00f6rntr\u00e4hus skapar \u00fe\u00f6rf fyrir r\u00e1\u00f0ningar"},"content":{"rendered":"<p><strong>Eftir erfitt s\u00ed\u00f0asta \u00e1r hefur gengi\u00f0 vel fyrir J\u00f6rntr\u00e4hus \u00e1ri\u00f0 2021. \u00deegar \u00e1 fyrsta \u00e1rsfj\u00f3r\u00f0ungi eru pantanir fyrir \u00e1ri\u00f0 \u00ed heild 63 millj\u00f3nir s\u00e6nskra kr\u00f3na, sem er meira en \u00e1 \u00f6llu \u00e1rinu 2020.<\/strong><\/p>\n<p><strong>\u2013 Markmi\u00f0i\u00f0 um a\u00f0 n\u00e1 200 millj\u00f3na \u00e1rsveltu fyrir \u00e1ri\u00f0 2024 er fullkomlega innan seilingar og vi\u00f0 h\u00f6ldum \u00e1fram a\u00f0 r\u00e1\u00f0a n\u00fdja starfsmenn \u00ed J\u00f6rn, segir Mikael Lindberg, forstj\u00f3ri J\u00f6rntr\u00e4hus.<\/strong><\/p>\n<p>Eins og m\u00f6rg \u00f6nnur \u00e1r var \u00e1ri\u00f0 2020 erfitt \u00e1r fyrir J\u00f6rntr\u00e4hus, sem leiddi til taps \u00e1 fyrirt\u00e6kinu. Til a\u00f0 sn\u00faa neikv\u00e6\u00f0ri \u00fer\u00f3un vi\u00f0 voru ger\u00f0ar skipulagsbreytingar b\u00e6\u00f0i \u00e1 skipulagi og vinnubr\u00f6g\u00f0um, sem h\u00f6f\u00f0u flj\u00f3tt til\u00e6tlu\u00f0 \u00e1hrif.<\/p>\n<p>\u2013 Vi\u00f0 h\u00f6fum endursko\u00f0a\u00f0 s\u00f6lufyrirkomulagi\u00f0 og r\u00e1\u00f0i\u00f0 fleiri s\u00f6luf\u00f3lk fyrir heimavinnustofuna, en jafnframt h\u00e6tt samstarfi vi\u00f0 nokkra af umbo\u00f0ss\u00f6luf\u00f3lki okkar. \u00dear a\u00f0 auki h\u00f6fum vi\u00f0 b\u00fai\u00f0 til sk\u00fdrari tilbo\u00f0 b\u00e6\u00f0i fyrir einkamarka\u00f0inn og faga\u00f0ila \u00ed byggingari\u00f0na\u00f0i, sem hefur au\u00f0velda\u00f0 s\u00f6luvinnuna, segir Mikael Lindberg.<\/p>\n<h3>\u00der\u00f3un n\u00fdrra h\u00fasal\u00edkana<\/h3>\n<p>S\u00f6lut\u00f6lur J\u00f6rntr\u00e4hus hafa aukist b\u00e6\u00f0i \u00ed fr\u00edstundah\u00fasum og Pro hugmyndinni me\u00f0 tilb\u00fanum byggingareiningum og h\u00fassettum sem mi\u00f0a a\u00f0 byggingarfyrirt\u00e6kjum og verktaka.<\/p>\n<p>\u2013 Vi\u00f0 f\u00e1um margar fyrirspurnir var\u00f0andi \u00edb\u00fa\u00f0averkefni og hugmyndah\u00fas okkar \u00ed fj\u00f6lb\u00fdlish\u00fasaflokknum, me\u00f0al annars. Vi\u00f0 erum \u00feegar a\u00f0 byggja upp pantanaskr\u00e1 fyrir \u00e1ri\u00f0 2022. En vi\u00f0 ver\u00f0um st\u00f6\u00f0ugt a\u00f0 halda \u00e1fram a\u00f0 \u00fer\u00f3a n\u00fdjar \u00e1hugaver\u00f0ar h\u00fasger\u00f0ir, \u00ed sta\u00f0 \u00feess a\u00f0 stoppa og vera \u00e1n\u00e6g\u00f0, segir Mikael Lindberg.<\/p>\n<p>Til a\u00f0 n\u00e1 markmi\u00f0inu um 200 millj\u00f3nir s\u00e6nskra kr\u00f3na \u00ed veltu fyrir \u00e1ri\u00f0 2024 \u00fearf b\u00e6\u00f0i fj\u00e1rfestingar \u00ed a\u00f0st\u00f6\u00f0unni \u00ed J\u00f6rn og n\u00fdr\u00e1\u00f0ningar. Mikael Lindberg \u00fatsk\u00fdrir:<\/p>\n<p>\u2013 Vi\u00f0 erum a\u00f0 fj\u00e1rfesta \u00ed a\u00f0 auka framlei\u00f0slugetu me\u00f0 fleiri framlei\u00f0slul\u00ednum \u00ed n\u00faverandi h\u00fasn\u00e6\u00f0i. \u00dear a\u00f0 auki h\u00f6fum vi\u00f0 me\u00f0al annars r\u00e1\u00f0i\u00f0 \u00f3fagl\u00e6r\u00f0a h\u00f6nnu\u00f0i, h\u00f6nnu\u00f0i og verkefnastj\u00f3ra me\u00f0 raunverulega fram\u00farskarandi \u00feekkingu.<\/p>\n<h3>\u00c1rangur skapar st\u00f6rf \u00e1 sv\u00e6\u00f0inu<\/h3>\n<p>R\u00e1\u00f0ningar eru mikilv\u00e6gur \u00fe\u00e1ttur \u00ed \u00e1framhaldandi st\u00e6kkandi starfi. J\u00f6rntr\u00e4hus mun br\u00e1tt r\u00e1\u00f0a fj\u00f6lda starfsmanna \u00ed tr\u00e9i\u00f0na\u00f0inum til h\u00fasn\u00e6\u00f0isframlei\u00f0slu \u00e1 sta\u00f0num.<\/p>\n<p>\u2013 Fyrir okkur er \u00fea\u00f0 au\u00f0vita\u00f0 j\u00e1kv\u00e6tt a\u00f0 geta skapa\u00f0 n\u00fd st\u00f6rf \u00ed J\u00f6rn og vi\u00f0 erum \u00e1n\u00e6g\u00f0 a\u00f0 sj\u00e1 n\u00fdja starfsmenn koma \u00far heimabygg\u00f0inni. \u00cd samstarfi vi\u00f0 \u00f6nnur fyrirt\u00e6ki \u00ed verktakah\u00f3pnum vinnum vi\u00f0 a\u00f0 bl\u00f3mlegu Norrlandi og \u00fea\u00f0 er gott a\u00f0 geta lagt okkar af m\u00f6rkum til atvinnusk\u00f6punar \u00e1 st\u00f6\u00f0um eins og J\u00f6rn. \u00c1 sama t\u00edma vinnum vi\u00f0 a\u00f0 innra menningarstarfi okkar, \u00fear sem vi\u00f0 sko\u00f0um hvernig vi\u00f0 komum fram vi\u00f0 hvert anna\u00f0 og vi\u00f0skiptavini okkar. Vi\u00f0 viljum hafa sterkt v\u00f6rumerki vinnuveitanda, sem b\u00e6\u00f0i la\u00f0ar a\u00f0 n\u00fdtt f\u00f3lk og f\u00e6r \u00fe\u00e1 sem eru n\u00fa \u00feegar h\u00e9r til a\u00f0 l\u00ed\u00f0a vel sem g\u00f3\u00f0ir sendiherrar fyrir J\u00f6rntr\u00e4hus, segir Mikael Lindberg.<\/p>\n<h3>Fyrir frekari uppl\u00fdsingar<\/h3>\n<p>Mikael Lindberg, forstj\u00f3ri J\u00f6rntr\u00e4hus<\/p>\n<p>S\u00edmi:\u00a0<a href=\"tel:+46703430198\">+46 70-343 01 98<\/a><br \/>\nNetfang:\u00a0<a href=\"mailto:mikael.lindberg@jorntrahus.se\">mikael.lindberg@jorntrahus.se<\/a><\/p>\n<p>&nbsp;<\/p>\n<p>&nbsp;<\/p>\n<p>&nbsp;<\/p>","protected":false},"excerpt":{"rendered":"<p>Efter ett tungt fjol\u00e5r har det v\u00e4nt ordentligt f\u00f6r J\u00f6rntr\u00e4hus under 2021. Redan f\u00f6rsta kvartalet \u00e4r ordering\u00e5ngen f\u00f6r hel\u00e5ret 63 miljoner kronor, vilket \u00e4r mer \u00e4n under hela 2020. \u2013 M\u00e5let att senast 2024 ha en \u00e5rsoms\u00e4ttning p\u00e5 200 miljoner \u00e4r absolut inom r\u00e4ckh\u00e5ll och vi forts\u00e4tter att rekrytera nya medarbetare i J\u00f6rn, s\u00e4ger J\u00f6rntr\u00e4hus [&#8230;]\n","protected":false},"author":2,"featured_media":12793,"comment_status":"closed","ping_status":"closed","sticky":false,"template":"","format":"standard","meta":{"footnotes":""},"categories":[6,1186],"tags":[],"class_list":["post-12792","post","type-post","status-publish","format-standard","has-post-thumbnail","hentry","category-nyhet","category-pressmeddelande"],"yoast_head":"<!-- This site is optimized with the Yoast SEO plugin v27.2 - https:\/\/yoast.com\/product\/yoast-seo-wordpress\/ -->\n<title>F\u00f6rs\u00e4ljnings&shy;rekord p\u00e5 J\u00f6rntr\u00e4hus skapar behov av rekryteringar - J\u00f6rntr\u00e4hus<\/title>\n<meta name=\"robots\" content=\"index, follow, max-snippet:-1, max-image-preview:large, max-video-preview:-1\" \/>\n<link rel=\"canonical\" href=\"https:\/\/jorntrahus.se\/is\/nyjung\/soluarangri-ibudarhusnaedis-skapar-thorf-fyrir-radningar\/\" \/>\n<meta property=\"og:locale\" content=\"is_IS\" \/>\n<meta property=\"og:type\" content=\"article\" \/>\n<meta property=\"og:title\" content=\"F\u00f6rs\u00e4ljnings&shy;rekord p\u00e5 J\u00f6rntr\u00e4hus skapar behov av rekryteringar - J\u00f6rntr\u00e4hus\" \/>\n<meta property=\"og:description\" content=\"Efter ett tungt fjol\u00e5r har det v\u00e4nt ordentligt f\u00f6r J\u00f6rntr\u00e4hus under 2021. Redan f\u00f6rsta kvartalet \u00e4r ordering\u00e5ngen f\u00f6r hel\u00e5ret 63 miljoner kronor, vilket \u00e4r mer \u00e4n under hela 2020. \u2013 M\u00e5let att senast 2024 ha en \u00e5rsoms\u00e4ttning p\u00e5 200 miljoner \u00e4r absolut inom r\u00e4ckh\u00e5ll och vi forts\u00e4tter att rekrytera nya medarbetare i J\u00f6rn, s\u00e4ger J\u00f6rntr\u00e4hus [...]\" \/>\n<meta property=\"og:url\" content=\"https:\/\/jorntrahus.se\/is\/nyjung\/soluarangri-ibudarhusnaedis-skapar-thorf-fyrir-radningar\/\" \/>\n<meta property=\"og:site_name\" content=\"J\u00f6rntr\u00e4hus\" \/>\n<meta property=\"article:published_time\" content=\"2021-04-23T12:49:23+00:00\" \/>\n<meta property=\"article:modified_time\" content=\"2022-03-17T14:40:16+00:00\" \/>\n<meta property=\"og:image\" content=\"https:\/\/jorntrahus.se\/wp-content\/uploads\/2021\/04\/90fd0ac17eac39e2_800x800ar-1.jpg\" \/>\n\t<meta property=\"og:image:width\" content=\"800\" \/>\n\t<meta property=\"og:image:height\" content=\"533\" \/>\n\t<meta property=\"og:image:type\" content=\"image\/jpeg\" \/>\n<meta name=\"author\" content=\"J\u00f6rntr\u00e4hus\" \/>\n<meta name=\"twitter:card\" content=\"summary_large_image\" \/>\n<meta name=\"twitter:label1\" content=\"Written by\" \/>\n\t<meta name=\"twitter:data1\" content=\"J\u00f6rntr\u00e4hus\" \/>\n\t<meta name=\"twitter:label2\" content=\"Est. reading time\" \/>\n\t<meta name=\"twitter:data2\" content=\"3 minutes\" \/>\n<script type=\"application\/ld+json\" class=\"yoast-schema-graph\">{\"@context\":\"https:\/\/schema.org\",\"@graph\":[{\"@type\":\"Article\",\"@id\":\"https:\/\/jorntrahus.se\/nyhet\/forsaljningsrekord-pa-jorntrahus-skapar-behov-av-rekryteringar\/#article\",\"isPartOf\":{\"@id\":\"https:\/\/jorntrahus.se\/nyhet\/forsaljningsrekord-pa-jorntrahus-skapar-behov-av-rekryteringar\/\"},\"author\":{\"name\":\"J\u00f6rntr\u00e4hus\",\"@id\":\"https:\/\/jorntrahus.se\/#\/schema\/person\/1d486a26d13d4df455271c2f02f5ef5c\"},\"headline\":\"F\u00f6rs\u00e4ljnings&shy;rekord p\u00e5 J\u00f6rntr\u00e4hus skapar behov av rekryteringar\",\"datePublished\":\"2021-04-23T12:49:23+00:00\",\"dateModified\":\"2022-03-17T14:40:16+00:00\",\"mainEntityOfPage\":{\"@id\":\"https:\/\/jorntrahus.se\/nyhet\/forsaljningsrekord-pa-jorntrahus-skapar-behov-av-rekryteringar\/\"},\"wordCount\":516,\"publisher\":{\"@id\":\"https:\/\/jorntrahus.se\/#organization\"},\"image\":{\"@id\":\"https:\/\/jorntrahus.se\/nyhet\/forsaljningsrekord-pa-jorntrahus-skapar-behov-av-rekryteringar\/#primaryimage\"},\"thumbnailUrl\":\"https:\/\/jorntrahus.se\/wp-content\/uploads\/2021\/04\/90fd0ac17eac39e2_800x800ar-1.jpg\",\"articleSection\":[\"Nyhet\",\"Pressmeddelande\"],\"inLanguage\":\"is\"},{\"@type\":\"WebPage\",\"@id\":\"https:\/\/jorntrahus.se\/nyhet\/forsaljningsrekord-pa-jorntrahus-skapar-behov-av-rekryteringar\/\",\"url\":\"https:\/\/jorntrahus.se\/nyhet\/forsaljningsrekord-pa-jorntrahus-skapar-behov-av-rekryteringar\/\",\"name\":\"F\u00f6rs\u00e4ljnings&shy;rekord p\u00e5 J\u00f6rntr\u00e4hus skapar behov av rekryteringar - J\u00f6rntr\u00e4hus\",\"isPartOf\":{\"@id\":\"https:\/\/jorntrahus.se\/#website\"},\"primaryImageOfPage\":{\"@id\":\"https:\/\/jorntrahus.se\/nyhet\/forsaljningsrekord-pa-jorntrahus-skapar-behov-av-rekryteringar\/#primaryimage\"},\"image\":{\"@id\":\"https:\/\/jorntrahus.se\/nyhet\/forsaljningsrekord-pa-jorntrahus-skapar-behov-av-rekryteringar\/#primaryimage\"},\"thumbnailUrl\":\"https:\/\/jorntrahus.se\/wp-content\/uploads\/2021\/04\/90fd0ac17eac39e2_800x800ar-1.jpg\",\"datePublished\":\"2021-04-23T12:49:23+00:00\",\"dateModified\":\"2022-03-17T14:40:16+00:00\",\"breadcrumb\":{\"@id\":\"https:\/\/jorntrahus.se\/nyhet\/forsaljningsrekord-pa-jorntrahus-skapar-behov-av-rekryteringar\/#breadcrumb\"},\"inLanguage\":\"is\",\"potentialAction\":[{\"@type\":\"ReadAction\",\"target\":[\"https:\/\/jorntrahus.se\/nyhet\/forsaljningsrekord-pa-jorntrahus-skapar-behov-av-rekryteringar\/\"]}]},{\"@type\":\"ImageObject\",\"inLanguage\":\"is\",\"@id\":\"https:\/\/jorntrahus.se\/nyhet\/forsaljningsrekord-pa-jorntrahus-skapar-behov-av-rekryteringar\/#primaryimage\",\"url\":\"https:\/\/jorntrahus.se\/wp-content\/uploads\/2021\/04\/90fd0ac17eac39e2_800x800ar-1.jpg\",\"contentUrl\":\"https:\/\/jorntrahus.se\/wp-content\/uploads\/2021\/04\/90fd0ac17eac39e2_800x800ar-1.jpg\",\"width\":800,\"height\":533,\"caption\":\"90fd0ac17eac39e2 800x800ar 1\"},{\"@type\":\"BreadcrumbList\",\"@id\":\"https:\/\/jorntrahus.se\/nyhet\/forsaljningsrekord-pa-jorntrahus-skapar-behov-av-rekryteringar\/#breadcrumb\",\"itemListElement\":[{\"@type\":\"ListItem\",\"position\":1,\"name\":\"Hem\",\"item\":\"https:\/\/jorntrahus.se\/\"},{\"@type\":\"ListItem\",\"position\":2,\"name\":\"F\u00f6rs\u00e4ljnings&shy;rekord p\u00e5 J\u00f6rntr\u00e4hus skapar behov av rekryteringar\"}]},{\"@type\":\"WebSite\",\"@id\":\"https:\/\/jorntrahus.se\/#website\",\"url\":\"https:\/\/jorntrahus.se\/\",\"name\":\"J\u00f6rntr\u00e4hus\",\"description\":\"Hus f\u00f6r den medvetne\",\"publisher\":{\"@id\":\"https:\/\/jorntrahus.se\/#organization\"},\"potentialAction\":[{\"@type\":\"SearchAction\",\"target\":{\"@type\":\"EntryPoint\",\"urlTemplate\":\"https:\/\/jorntrahus.se\/?s={search_term_string}\"},\"query-input\":{\"@type\":\"PropertyValueSpecification\",\"valueRequired\":true,\"valueName\":\"search_term_string\"}}],\"inLanguage\":\"is\"},{\"@type\":\"Organization\",\"@id\":\"https:\/\/jorntrahus.se\/#organization\",\"name\":\"J\u00f6rntr\u00e4hus\",\"url\":\"https:\/\/jorntrahus.se\/\",\"logo\":{\"@type\":\"ImageObject\",\"inLanguage\":\"is\",\"@id\":\"https:\/\/jorntrahus.se\/#\/schema\/logo\/image\/\",\"url\":\"https:\/\/jorntrahus.se\/wp-content\/uploads\/2020\/09\/Jorntrahus_Grund_CMYK.eps\",\"contentUrl\":\"https:\/\/jorntrahus.se\/wp-content\/uploads\/2020\/09\/Jorntrahus_Grund_CMYK.eps\",\"width\":1,\"height\":1,\"caption\":\"J\u00f6rntr\u00e4hus\"},\"image\":{\"@id\":\"https:\/\/jorntrahus.se\/#\/schema\/logo\/image\/\"}},{\"@type\":\"Person\",\"@id\":\"https:\/\/jorntrahus.se\/#\/schema\/person\/1d486a26d13d4df455271c2f02f5ef5c\",\"name\":\"J\u00f6rntr\u00e4hus\",\"image\":{\"@type\":\"ImageObject\",\"inLanguage\":\"is\",\"@id\":\"https:\/\/secure.gravatar.com\/avatar\/e9b8fcf3c4d64603cd3ec2eb8588179dabe6c74041e8c2a09d7ca9e0900a4ad3?s=96&d=mm&r=g\",\"url\":\"https:\/\/secure.gravatar.com\/avatar\/e9b8fcf3c4d64603cd3ec2eb8588179dabe6c74041e8c2a09d7ca9e0900a4ad3?s=96&d=mm&r=g\",\"contentUrl\":\"https:\/\/secure.gravatar.com\/avatar\/e9b8fcf3c4d64603cd3ec2eb8588179dabe6c74041e8c2a09d7ca9e0900a4ad3?s=96&d=mm&r=g\",\"caption\":\"J\u00f6rntr\u00e4hus\"},\"sameAs\":[\"https:\/\/jorntrahus.se\"],\"url\":\"https:\/\/jorntrahus.se\/is\/author\/jorntrahus\/\"}]}<\/script>\n<!-- \/ Yoast SEO plugin. -->","yoast_head_json":{"title":"S\u00f6lu\u00e1rangri hj\u00e1 J\u00f6rntr\u00e4hus skapar \u00fe\u00f6rf fyrir r\u00e1\u00f0ningar - J\u00f6rntr\u00e4hus","robots":{"index":"index","follow":"follow","max-snippet":"max-snippet:-1","max-image-preview":"max-image-preview:large","max-video-preview":"max-video-preview:-1"},"canonical":"https:\/\/jorntrahus.se\/is\/nyjung\/soluarangri-ibudarhusnaedis-skapar-thorf-fyrir-radningar\/","og_locale":"is_IS","og_type":"article","og_title":"F\u00f6rs\u00e4ljnings&shy;rekord p\u00e5 J\u00f6rntr\u00e4hus skapar behov av rekryteringar - J\u00f6rntr\u00e4hus","og_description":"Efter ett tungt fjol\u00e5r har det v\u00e4nt ordentligt f\u00f6r J\u00f6rntr\u00e4hus under 2021. Redan f\u00f6rsta kvartalet \u00e4r ordering\u00e5ngen f\u00f6r hel\u00e5ret 63 miljoner kronor, vilket \u00e4r mer \u00e4n under hela 2020. \u2013 M\u00e5let att senast 2024 ha en \u00e5rsoms\u00e4ttning p\u00e5 200 miljoner \u00e4r absolut inom r\u00e4ckh\u00e5ll och vi forts\u00e4tter att rekrytera nya medarbetare i J\u00f6rn, s\u00e4ger J\u00f6rntr\u00e4hus [...]","og_url":"https:\/\/jorntrahus.se\/is\/nyjung\/soluarangri-ibudarhusnaedis-skapar-thorf-fyrir-radningar\/","og_site_name":"J\u00f6rntr\u00e4hus","article_published_time":"2021-04-23T12:49:23+00:00","article_modified_time":"2022-03-17T14:40:16+00:00","og_image":[{"width":800,"height":533,"url":"https:\/\/jorntrahus.se\/wp-content\/uploads\/2021\/04\/90fd0ac17eac39e2_800x800ar-1.jpg","type":"image\/jpeg"}],"author":"J\u00f6rntr\u00e4hus","twitter_card":"summary_large_image","twitter_misc":{"Written by":"J\u00f6rntr\u00e4hus","Est. reading time":"3 minutes"},"schema":{"@context":"https:\/\/schema.org","@graph":[{"@type":"Article","@id":"https:\/\/jorntrahus.se\/nyhet\/forsaljningsrekord-pa-jorntrahus-skapar-behov-av-rekryteringar\/#article","isPartOf":{"@id":"https:\/\/jorntrahus.se\/nyhet\/forsaljningsrekord-pa-jorntrahus-skapar-behov-av-rekryteringar\/"},"author":{"name":"J\u00f6rntr\u00e4hus","@id":"https:\/\/jorntrahus.se\/#\/schema\/person\/1d486a26d13d4df455271c2f02f5ef5c"},"headline":"F\u00f6rs\u00e4ljnings&shy;rekord p\u00e5 J\u00f6rntr\u00e4hus skapar behov av rekryteringar","datePublished":"2021-04-23T12:49:23+00:00","dateModified":"2022-03-17T14:40:16+00:00","mainEntityOfPage":{"@id":"https:\/\/jorntrahus.se\/nyhet\/forsaljningsrekord-pa-jorntrahus-skapar-behov-av-rekryteringar\/"},"wordCount":516,"publisher":{"@id":"https:\/\/jorntrahus.se\/#organization"},"image":{"@id":"https:\/\/jorntrahus.se\/nyhet\/forsaljningsrekord-pa-jorntrahus-skapar-behov-av-rekryteringar\/#primaryimage"},"thumbnailUrl":"https:\/\/jorntrahus.se\/wp-content\/uploads\/2021\/04\/90fd0ac17eac39e2_800x800ar-1.jpg","articleSection":["Nyhet","Pressmeddelande"],"inLanguage":"is"},{"@type":"WebPage","@id":"https:\/\/jorntrahus.se\/nyhet\/forsaljningsrekord-pa-jorntrahus-skapar-behov-av-rekryteringar\/","url":"https:\/\/jorntrahus.se\/nyhet\/forsaljningsrekord-pa-jorntrahus-skapar-behov-av-rekryteringar\/","name":"S\u00f6lu\u00e1rangri hj\u00e1 J\u00f6rntr\u00e4hus skapar \u00fe\u00f6rf fyrir r\u00e1\u00f0ningar - J\u00f6rntr\u00e4hus","isPartOf":{"@id":"https:\/\/jorntrahus.se\/#website"},"primaryImageOfPage":{"@id":"https:\/\/jorntrahus.se\/nyhet\/forsaljningsrekord-pa-jorntrahus-skapar-behov-av-rekryteringar\/#primaryimage"},"image":{"@id":"https:\/\/jorntrahus.se\/nyhet\/forsaljningsrekord-pa-jorntrahus-skapar-behov-av-rekryteringar\/#primaryimage"},"thumbnailUrl":"https:\/\/jorntrahus.se\/wp-content\/uploads\/2021\/04\/90fd0ac17eac39e2_800x800ar-1.jpg","datePublished":"2021-04-23T12:49:23+00:00","dateModified":"2022-03-17T14:40:16+00:00","breadcrumb":{"@id":"https:\/\/jorntrahus.se\/nyhet\/forsaljningsrekord-pa-jorntrahus-skapar-behov-av-rekryteringar\/#breadcrumb"},"inLanguage":"is","potentialAction":[{"@type":"ReadAction","target":["https:\/\/jorntrahus.se\/nyhet\/forsaljningsrekord-pa-jorntrahus-skapar-behov-av-rekryteringar\/"]}]},{"@type":"ImageObject","inLanguage":"is","@id":"https:\/\/jorntrahus.se\/nyhet\/forsaljningsrekord-pa-jorntrahus-skapar-behov-av-rekryteringar\/#primaryimage","url":"https:\/\/jorntrahus.se\/wp-content\/uploads\/2021\/04\/90fd0ac17eac39e2_800x800ar-1.jpg","contentUrl":"https:\/\/jorntrahus.se\/wp-content\/uploads\/2021\/04\/90fd0ac17eac39e2_800x800ar-1.jpg","width":800,"height":533,"caption":"90fd0ac17eac39e2 800x800ar 1"},{"@type":"BreadcrumbList","@id":"https:\/\/jorntrahus.se\/nyhet\/forsaljningsrekord-pa-jorntrahus-skapar-behov-av-rekryteringar\/#breadcrumb","itemListElement":[{"@type":"ListItem","position":1,"name":"Hem","item":"https:\/\/jorntrahus.se\/"},{"@type":"ListItem","position":2,"name":"F\u00f6rs\u00e4ljnings&shy;rekord p\u00e5 J\u00f6rntr\u00e4hus skapar behov av rekryteringar"}]},{"@type":"WebSite","@id":"https:\/\/jorntrahus.se\/#website","url":"https:\/\/jorntrahus.se\/","name":"J\u00f6rntr\u00e4hus","description":"H\u00fas fyrir me\u00f0vita\u00f0a","publisher":{"@id":"https:\/\/jorntrahus.se\/#organization"},"potentialAction":[{"@type":"SearchAction","target":{"@type":"EntryPoint","urlTemplate":"https:\/\/jorntrahus.se\/?s={search_term_string}"},"query-input":{"@type":"PropertyValueSpecification","valueRequired":true,"valueName":"search_term_string"}}],"inLanguage":"is"},{"@type":"Organization","@id":"https:\/\/jorntrahus.se\/#organization","name":"J\u00f6rntr\u00e4hus","url":"https:\/\/jorntrahus.se\/","logo":{"@type":"ImageObject","inLanguage":"is","@id":"https:\/\/jorntrahus.se\/#\/schema\/logo\/image\/","url":"https:\/\/jorntrahus.se\/wp-content\/uploads\/2020\/09\/Jorntrahus_Grund_CMYK.eps","contentUrl":"https:\/\/jorntrahus.se\/wp-content\/uploads\/2020\/09\/Jorntrahus_Grund_CMYK.eps","width":1,"height":1,"caption":"J\u00f6rntr\u00e4hus"},"image":{"@id":"https:\/\/jorntrahus.se\/#\/schema\/logo\/image\/"}},{"@type":"Person","@id":"https:\/\/jorntrahus.se\/#\/schema\/person\/1d486a26d13d4df455271c2f02f5ef5c","name":"J\u00f6rntr\u00e4hus","image":{"@type":"ImageObject","inLanguage":"is","@id":"https:\/\/secure.gravatar.com\/avatar\/e9b8fcf3c4d64603cd3ec2eb8588179dabe6c74041e8c2a09d7ca9e0900a4ad3?s=96&d=mm&r=g","url":"https:\/\/secure.gravatar.com\/avatar\/e9b8fcf3c4d64603cd3ec2eb8588179dabe6c74041e8c2a09d7ca9e0900a4ad3?s=96&d=mm&r=g","contentUrl":"https:\/\/secure.gravatar.com\/avatar\/e9b8fcf3c4d64603cd3ec2eb8588179dabe6c74041e8c2a09d7ca9e0900a4ad3?s=96&d=mm&r=g","caption":"J\u00f6rntr\u00e4hus"},"sameAs":["https:\/\/jorntrahus.se"],"url":"https:\/\/jorntrahus.se\/is\/author\/jorntrahus\/"}]}},"publishpress_future_action":{"enabled":false,"date":"2026-05-08 23:02:56","action":"change-status","newStatus":"draft","terms":[],"taxonomy":"category","extraData":[]},"publishpress_future_workflow_manual_trigger":{"enabledWorkflows":[]},"_links":{"self":[{"href":"https:\/\/jorntrahus.se\/is\/wp-json\/wp\/v2\/posts\/12792","targetHints":{"allow":["GET"]}}],"collection":[{"href":"https:\/\/jorntrahus.se\/is\/wp-json\/wp\/v2\/posts"}],"about":[{"href":"https:\/\/jorntrahus.se\/is\/wp-json\/wp\/v2\/types\/post"}],"author":[{"embeddable":true,"href":"https:\/\/jorntrahus.se\/is\/wp-json\/wp\/v2\/users\/2"}],"replies":[{"embeddable":true,"href":"https:\/\/jorntrahus.se\/is\/wp-json\/wp\/v2\/comments?post=12792"}],"version-history":[{"count":5,"href":"https:\/\/jorntrahus.se\/is\/wp-json\/wp\/v2\/posts\/12792\/revisions"}],"predecessor-version":[{"id":12802,"href":"https:\/\/jorntrahus.se\/is\/wp-json\/wp\/v2\/posts\/12792\/revisions\/12802"}],"wp:featuredmedia":[{"embeddable":true,"href":"https:\/\/jorntrahus.se\/is\/wp-json\/wp\/v2\/media\/12793"}],"wp:attachment":[{"href":"https:\/\/jorntrahus.se\/is\/wp-json\/wp\/v2\/media?parent=12792"}],"wp:term":[{"taxonomy":"category","embeddable":true,"href":"https:\/\/jorntrahus.se\/is\/wp-json\/wp\/v2\/categories?post=12792"},{"taxonomy":"post_tag","embeddable":true,"href":"https:\/\/jorntrahus.se\/is\/wp-json\/wp\/v2\/tags?post=12792"}],"curies":[{"name":"vp","href":"https:\/\/api.w.org\/{rel}","templated":true}]}}