{"id":13236,"date":"2022-02-18T14:34:50","date_gmt":"2022-02-18T13:34:50","guid":{"rendered":"https:\/\/jorntrahus.se\/?p=13236"},"modified":"2022-03-17T15:39:52","modified_gmt":"2022-03-17T14:39:52","slug":"maria-var-kjorin-nyr-verkefnastjori","status":"publish","type":"post","link":"https:\/\/jorntrahus.se\/is\/nyhet\/valkommen-mariana-var-nya-projektledare\/","title":{"rendered":"Velkomin Mar\u00edana \u2013 n\u00fdi verkefnastj\u00f3rinn okkar"},"content":{"rendered":"<h3>Mariana Engman er n\u00fdr verkefnastj\u00f3ri hj\u00e1 J\u00f6rntr\u00e4hus og mun styrkja og sk\u00fdra afhendingarferli\u00f0 okkar \u00ed starfi s\u00ednu. H\u00fan hefur \u00e1\u00f0ur starfa\u00f0 sem h\u00f6nnu\u00f0ur og verkefnastj\u00f3ri hj\u00e1 WSP.<\/h3>\n<p><strong>Hva\u00f0 var \u00fea\u00f0 sem vakti \u00e1huga \u00feinn \u00e1 a\u00f0 s\u00e6kja um starfi\u00f0?<br \/>\n<\/strong>\u2013 \u00deetta hlj\u00f3ma\u00f0i eins og spennandi starf hj\u00e1 \u00e1hugaver\u00f0u fyrirt\u00e6ki sem er a\u00f0 s\u00e6kja fram. \u00c9g hef starfa\u00f0 hj\u00e1 WSP lengi og langa\u00f0i a\u00f0 pr\u00f3fa eitthva\u00f0 n\u00fdtt. Hj\u00e1 J\u00f6rntr\u00e4hus f\u00e6 \u00e9g alveg n\u00fdtt hlutverk sem \u00e9g f\u00e6 a\u00f0 hj\u00e1lpa til vi\u00f0 a\u00f0 m\u00f3ta mig, \u00fea\u00f0 er mj\u00f6g innbl\u00e1sandi.<\/p>\n<p><strong>Hver eru skyldur \u00fe\u00ednar sem verkefnastj\u00f3ri?<br \/>\n<\/strong>\u2013 \u00c9g samh\u00e6fi verkefnin og tek heildr\u00e6na n\u00e1lgun \u00e1 \u00feau. \u00c9g passa upp \u00e1 a\u00f0 vi\u00f0 afhendum \u00fea\u00f0 sem vi\u00f0 \u00feurfum \u00e1 r\u00e9ttum t\u00edma og f\u00e1um greitt fyrir \u00fea\u00f0. Hugmyndin er l\u00edka a\u00f0 gera \u00feetta sk\u00fdrara fyrir vi\u00f0skiptavini okkar. \u00c9g ver\u00f0 tengili\u00f0ur \u00feeirra og dreifi s\u00ed\u00f0an verkefnum innan fyrirt\u00e6kisins.<\/p>\n<p><strong>\u00de\u00fa hefur starfa\u00f0 \u00ed 13,5 \u00e1r sem h\u00f6nnu\u00f0ur og verkefnastj\u00f3ri \u00ed byggingari\u00f0na\u00f0i hj\u00e1 WSP. Hva\u00f0 tekur \u00fe\u00fa me\u00f0 \u00fe\u00e9r \u00fea\u00f0an \u00ed n\u00fdja starfi\u00f0 \u00feitt hj\u00e1 J\u00f6rntr\u00e4hus?<\/strong><br \/>\n\u2013 Reynsla m\u00edn sem h\u00f6nnu\u00f0ur \u00fe\u00fd\u00f0ir a\u00f0 \u00e9g b\u00fd yfir t\u00e6knilegri \u00feekkingu sem \u00e9g mun n\u00fdtast mj\u00f6g vel hj\u00e1 J\u00f6rntr\u00e4hus. \u00c9g hef einnig unni\u00f0 vi\u00f0 verkefnastj\u00f3rnun, sem felur \u00ed s\u00e9r mikla samh\u00e6fingu og samskipti vi\u00f0 r\u00e1\u00f0gjafa og vi\u00f0skiptavini, verkefni sem snerta \u00fea\u00f0 sem \u00e9g mun gera sem verkefnastj\u00f3ri n\u00fana. \u00dea\u00f0 sem er \u00f6\u00f0ruv\u00edsi vi\u00f0 J\u00f6rntr\u00e4hus er a\u00f0 \u00e9g f\u00e6 a\u00f0 taka \u00fe\u00e1tt alla lei\u00f0 fr\u00e1 \u00fev\u00ed a\u00f0 verkefni er selt \u00fear til \u00f6llu verkinu er loki\u00f0. \u00dea\u00f0 er skemmtileg tilfinning!<\/p>\n<p><strong>Hver eru fyrstu verkefni \u00fe\u00edn?<br \/>\n<\/strong>\u2013 \u00c9g vinn n\u00fana me\u00f0 Kvarnbacken og Birkarlen \u00ed K\u00e5ge. Br\u00e1\u00f0lega mun \u00e9g einnig taka \u00fe\u00e1tt \u00ed Sidsj\u00f6\u00e4ngen \u00ed Sundsvall \u00fear sem vi\u00f0 erum a\u00f0 byggja ra\u00f0h\u00fasa\u00edb\u00fa\u00f0ir.<\/p>\n<p><strong>Hva\u00f0 gerir \u00fe\u00fa helst \u00feegar \u00fe\u00fa ert ekki a\u00f0 vinna?<br \/>\n<\/strong>\u2013 A\u00f0 ey\u00f0a t\u00edma me\u00f0 fj\u00f6lskyldu og vinum. Maki minn og \u00e9g eigum tv\u00e6r d\u00e6tur, 7 og 10 \u00e1ra gamlar. Vi\u00f0 h\u00f6fum gaman af a\u00f0 fer\u00f0ast, b\u00e6\u00f0i innan Sv\u00ed\u00fej\u00f3\u00f0ar og erlendis. \u00c1 veturna f\u00f6rum vi\u00f0 gjarnan \u00ed slalom \u00ed \u00c5re og Hemavan. \u00cd vor \u00e6tlum vi\u00f0 a\u00f0 endurbyggja h\u00fasi\u00f0, svo \u00fea\u00f0 ver\u00f0ur mj\u00f6g annr\u00edkt.<\/p>","protected":false},"excerpt":{"rendered":"<p>Mariana Engman er n\u00fdr verkefnastj\u00f3ri hj\u00e1 J\u00f6rntr\u00e4hus og mun styrkja og sk\u00fdra afhendingarferli\u00f0 okkar \u00ed starfi s\u00ednu. H\u00fan hefur \u00e1\u00f0ur starfa\u00f0 sem h\u00f6nnu\u00f0ur og verkefnastj\u00f3ri hj\u00e1 WSP.<\/p>","protected":false},"author":2,"featured_media":13237,"comment_status":"closed","ping_status":"closed","sticky":false,"template":"","format":"standard","meta":{"footnotes":""},"categories":[1199,6],"tags":[1104,1373],"class_list":["post-13236","post","type-post","status-publish","format-standard","has-post-thumbnail","hentry","category-foretagsnytt","category-nyhet","tag-medarbetare","tag-projektledare"],"yoast_head":"<!-- This site is optimized with the Yoast SEO plugin v27.2 - https:\/\/yoast.com\/product\/yoast-seo-wordpress\/ -->\n<title>V\u00e4lkommen Mariana \u2013 v\u00e5r nya projektledare<\/title>\n<meta name=\"description\" content=\"Mariana Engman \u00e4r ny projektledare p\u00e5 J\u00f6rntr\u00e4hus. Hon har tidigare arbetat som konstrukt\u00f6r och uppdragsledare p\u00e5 WSP.\" \/>\n<meta name=\"robots\" content=\"index, follow, max-snippet:-1, max-image-preview:large, max-video-preview:-1\" \/>\n<link rel=\"canonical\" href=\"https:\/\/jorntrahus.se\/is\/nyjung\/maria-var-kjorin-nyr-verkefnastjori\/\" \/>\n<meta property=\"og:locale\" content=\"is_IS\" \/>\n<meta property=\"og:type\" content=\"article\" \/>\n<meta property=\"og:title\" content=\"V\u00e4lkommen Mariana \u2013 v\u00e5r nya projektledare\" \/>\n<meta property=\"og:description\" content=\"Mariana Engman \u00e4r ny projektledare p\u00e5 J\u00f6rntr\u00e4hus. Hon har tidigare arbetat som konstrukt\u00f6r och uppdragsledare p\u00e5 WSP.\" \/>\n<meta property=\"og:url\" content=\"https:\/\/jorntrahus.se\/is\/nyjung\/maria-var-kjorin-nyr-verkefnastjori\/\" \/>\n<meta property=\"og:site_name\" content=\"J\u00f6rntr\u00e4hus\" \/>\n<meta property=\"article:published_time\" content=\"2022-02-18T13:34:50+00:00\" \/>\n<meta property=\"article:modified_time\" content=\"2022-03-17T14:39:52+00:00\" \/>\n<meta property=\"og:image\" content=\"https:\/\/jorntrahus.se\/wp-content\/uploads\/2022\/02\/Mariana-Engman-projektledare-Jorntrahus-Valkommen.jpg\" \/>\n\t<meta property=\"og:image:width\" content=\"2400\" \/>\n\t<meta property=\"og:image:height\" content=\"1350\" \/>\n\t<meta property=\"og:image:type\" content=\"image\/jpeg\" \/>\n<meta name=\"author\" content=\"J\u00f6rntr\u00e4hus\" \/>\n<meta name=\"twitter:card\" content=\"summary_large_image\" \/>\n<meta name=\"twitter:image\" content=\"https:\/\/jorntrahus.se\/wp-content\/uploads\/2022\/02\/Mariana-Engman-projektledare-Jorntrahus-Valkommen.jpg\" \/>\n<meta name=\"twitter:label1\" content=\"Written by\" \/>\n\t<meta name=\"twitter:data1\" content=\"J\u00f6rntr\u00e4hus\" \/>\n\t<meta name=\"twitter:label2\" content=\"Est. reading time\" \/>\n\t<meta name=\"twitter:data2\" content=\"2 minutes\" \/>\n<script type=\"application\/ld+json\" class=\"yoast-schema-graph\">{\"@context\":\"https:\/\/schema.org\",\"@graph\":[{\"@type\":\"Article\",\"@id\":\"https:\/\/jorntrahus.se\/nyhet\/valkommen-mariana-var-nya-projektledare\/#article\",\"isPartOf\":{\"@id\":\"https:\/\/jorntrahus.se\/nyhet\/valkommen-mariana-var-nya-projektledare\/\"},\"author\":{\"name\":\"J\u00f6rntr\u00e4hus\",\"@id\":\"https:\/\/jorntrahus.se\/#\/schema\/person\/1d486a26d13d4df455271c2f02f5ef5c\"},\"headline\":\"V\u00e4lkommen Mariana \u2013 v\u00e5r nya projektledare\",\"datePublished\":\"2022-02-18T13:34:50+00:00\",\"dateModified\":\"2022-03-17T14:39:52+00:00\",\"mainEntityOfPage\":{\"@id\":\"https:\/\/jorntrahus.se\/nyhet\/valkommen-mariana-var-nya-projektledare\/\"},\"wordCount\":387,\"publisher\":{\"@id\":\"https:\/\/jorntrahus.se\/#organization\"},\"image\":{\"@id\":\"https:\/\/jorntrahus.se\/nyhet\/valkommen-mariana-var-nya-projektledare\/#primaryimage\"},\"thumbnailUrl\":\"https:\/\/jorntrahus.se\/wp-content\/uploads\/2022\/02\/Mariana-Engman-projektledare-Jorntrahus-Valkommen.jpg\",\"keywords\":[\"medarbetare\",\"projektledare\"],\"articleSection\":[\"F\u00f6retagsnytt\",\"Nyhet\"],\"inLanguage\":\"is\"},{\"@type\":\"WebPage\",\"@id\":\"https:\/\/jorntrahus.se\/nyhet\/valkommen-mariana-var-nya-projektledare\/\",\"url\":\"https:\/\/jorntrahus.se\/nyhet\/valkommen-mariana-var-nya-projektledare\/\",\"name\":\"V\u00e4lkommen Mariana \u2013 v\u00e5r nya projektledare\",\"isPartOf\":{\"@id\":\"https:\/\/jorntrahus.se\/#website\"},\"primaryImageOfPage\":{\"@id\":\"https:\/\/jorntrahus.se\/nyhet\/valkommen-mariana-var-nya-projektledare\/#primaryimage\"},\"image\":{\"@id\":\"https:\/\/jorntrahus.se\/nyhet\/valkommen-mariana-var-nya-projektledare\/#primaryimage\"},\"thumbnailUrl\":\"https:\/\/jorntrahus.se\/wp-content\/uploads\/2022\/02\/Mariana-Engman-projektledare-Jorntrahus-Valkommen.jpg\",\"datePublished\":\"2022-02-18T13:34:50+00:00\",\"dateModified\":\"2022-03-17T14:39:52+00:00\",\"description\":\"Mariana Engman \u00e4r ny projektledare p\u00e5 J\u00f6rntr\u00e4hus. Hon har tidigare arbetat som konstrukt\u00f6r och uppdragsledare p\u00e5 WSP.\",\"breadcrumb\":{\"@id\":\"https:\/\/jorntrahus.se\/nyhet\/valkommen-mariana-var-nya-projektledare\/#breadcrumb\"},\"inLanguage\":\"is\",\"potentialAction\":[{\"@type\":\"ReadAction\",\"target\":[\"https:\/\/jorntrahus.se\/nyhet\/valkommen-mariana-var-nya-projektledare\/\"]}]},{\"@type\":\"ImageObject\",\"inLanguage\":\"is\",\"@id\":\"https:\/\/jorntrahus.se\/nyhet\/valkommen-mariana-var-nya-projektledare\/#primaryimage\",\"url\":\"https:\/\/jorntrahus.se\/wp-content\/uploads\/2022\/02\/Mariana-Engman-projektledare-Jorntrahus-Valkommen.jpg\",\"contentUrl\":\"https:\/\/jorntrahus.se\/wp-content\/uploads\/2022\/02\/Mariana-Engman-projektledare-Jorntrahus-Valkommen.jpg\",\"width\":2400,\"height\":1350,\"caption\":\"Mariana Engman projektledare Jorntrahus Valkommen\"},{\"@type\":\"BreadcrumbList\",\"@id\":\"https:\/\/jorntrahus.se\/nyhet\/valkommen-mariana-var-nya-projektledare\/#breadcrumb\",\"itemListElement\":[{\"@type\":\"ListItem\",\"position\":1,\"name\":\"Hem\",\"item\":\"https:\/\/jorntrahus.se\/\"},{\"@type\":\"ListItem\",\"position\":2,\"name\":\"V\u00e4lkommen Mariana \u2013 v\u00e5r nya projektledare\"}]},{\"@type\":\"WebSite\",\"@id\":\"https:\/\/jorntrahus.se\/#website\",\"url\":\"https:\/\/jorntrahus.se\/\",\"name\":\"J\u00f6rntr\u00e4hus\",\"description\":\"Hus f\u00f6r den medvetne\",\"publisher\":{\"@id\":\"https:\/\/jorntrahus.se\/#organization\"},\"potentialAction\":[{\"@type\":\"SearchAction\",\"target\":{\"@type\":\"EntryPoint\",\"urlTemplate\":\"https:\/\/jorntrahus.se\/?s={search_term_string}\"},\"query-input\":{\"@type\":\"PropertyValueSpecification\",\"valueRequired\":true,\"valueName\":\"search_term_string\"}}],\"inLanguage\":\"is\"},{\"@type\":\"Organization\",\"@id\":\"https:\/\/jorntrahus.se\/#organization\",\"name\":\"J\u00f6rntr\u00e4hus\",\"url\":\"https:\/\/jorntrahus.se\/\",\"logo\":{\"@type\":\"ImageObject\",\"inLanguage\":\"is\",\"@id\":\"https:\/\/jorntrahus.se\/#\/schema\/logo\/image\/\",\"url\":\"https:\/\/jorntrahus.se\/wp-content\/uploads\/2020\/09\/Jorntrahus_Grund_CMYK.eps\",\"contentUrl\":\"https:\/\/jorntrahus.se\/wp-content\/uploads\/2020\/09\/Jorntrahus_Grund_CMYK.eps\",\"width\":1,\"height\":1,\"caption\":\"J\u00f6rntr\u00e4hus\"},\"image\":{\"@id\":\"https:\/\/jorntrahus.se\/#\/schema\/logo\/image\/\"}},{\"@type\":\"Person\",\"@id\":\"https:\/\/jorntrahus.se\/#\/schema\/person\/1d486a26d13d4df455271c2f02f5ef5c\",\"name\":\"J\u00f6rntr\u00e4hus\",\"image\":{\"@type\":\"ImageObject\",\"inLanguage\":\"is\",\"@id\":\"https:\/\/secure.gravatar.com\/avatar\/e9b8fcf3c4d64603cd3ec2eb8588179dabe6c74041e8c2a09d7ca9e0900a4ad3?s=96&d=mm&r=g\",\"url\":\"https:\/\/secure.gravatar.com\/avatar\/e9b8fcf3c4d64603cd3ec2eb8588179dabe6c74041e8c2a09d7ca9e0900a4ad3?s=96&d=mm&r=g\",\"contentUrl\":\"https:\/\/secure.gravatar.com\/avatar\/e9b8fcf3c4d64603cd3ec2eb8588179dabe6c74041e8c2a09d7ca9e0900a4ad3?s=96&d=mm&r=g\",\"caption\":\"J\u00f6rntr\u00e4hus\"},\"sameAs\":[\"https:\/\/jorntrahus.se\"],\"url\":\"https:\/\/jorntrahus.se\/is\/author\/jorntrahus\/\"}]}<\/script>\n<!-- \/ Yoast SEO plugin. -->","yoast_head_json":{"title":"Velkomin Mar\u00edana \u2013 n\u00fdi verkefnastj\u00f3rinn okkar","description":"Mariana Engman er n\u00fdr verkefnastj\u00f3ri hj\u00e1 J\u00f6rntr\u00e4hus. H\u00fan starfa\u00f0i \u00e1\u00f0ur sem h\u00f6nnu\u00f0ur og verkefnastj\u00f3ri hj\u00e1 WSP.","robots":{"index":"index","follow":"follow","max-snippet":"max-snippet:-1","max-image-preview":"max-image-preview:large","max-video-preview":"max-video-preview:-1"},"canonical":"https:\/\/jorntrahus.se\/is\/nyjung\/maria-var-kjorin-nyr-verkefnastjori\/","og_locale":"is_IS","og_type":"article","og_title":"V\u00e4lkommen Mariana \u2013 v\u00e5r nya projektledare","og_description":"Mariana Engman \u00e4r ny projektledare p\u00e5 J\u00f6rntr\u00e4hus. Hon har tidigare arbetat som konstrukt\u00f6r och uppdragsledare p\u00e5 WSP.","og_url":"https:\/\/jorntrahus.se\/is\/nyjung\/maria-var-kjorin-nyr-verkefnastjori\/","og_site_name":"J\u00f6rntr\u00e4hus","article_published_time":"2022-02-18T13:34:50+00:00","article_modified_time":"2022-03-17T14:39:52+00:00","og_image":[{"width":2400,"height":1350,"url":"https:\/\/jorntrahus.se\/wp-content\/uploads\/2022\/02\/Mariana-Engman-projektledare-Jorntrahus-Valkommen.jpg","type":"image\/jpeg"}],"author":"J\u00f6rntr\u00e4hus","twitter_card":"summary_large_image","twitter_image":"https:\/\/jorntrahus.se\/wp-content\/uploads\/2022\/02\/Mariana-Engman-projektledare-Jorntrahus-Valkommen.jpg","twitter_misc":{"Written by":"J\u00f6rntr\u00e4hus","Est. reading time":"2 minutes"},"schema":{"@context":"https:\/\/schema.org","@graph":[{"@type":"Article","@id":"https:\/\/jorntrahus.se\/nyhet\/valkommen-mariana-var-nya-projektledare\/#article","isPartOf":{"@id":"https:\/\/jorntrahus.se\/nyhet\/valkommen-mariana-var-nya-projektledare\/"},"author":{"name":"J\u00f6rntr\u00e4hus","@id":"https:\/\/jorntrahus.se\/#\/schema\/person\/1d486a26d13d4df455271c2f02f5ef5c"},"headline":"V\u00e4lkommen Mariana \u2013 v\u00e5r nya projektledare","datePublished":"2022-02-18T13:34:50+00:00","dateModified":"2022-03-17T14:39:52+00:00","mainEntityOfPage":{"@id":"https:\/\/jorntrahus.se\/nyhet\/valkommen-mariana-var-nya-projektledare\/"},"wordCount":387,"publisher":{"@id":"https:\/\/jorntrahus.se\/#organization"},"image":{"@id":"https:\/\/jorntrahus.se\/nyhet\/valkommen-mariana-var-nya-projektledare\/#primaryimage"},"thumbnailUrl":"https:\/\/jorntrahus.se\/wp-content\/uploads\/2022\/02\/Mariana-Engman-projektledare-Jorntrahus-Valkommen.jpg","keywords":["medarbetare","projektledare"],"articleSection":["F\u00f6retagsnytt","Nyhet"],"inLanguage":"is"},{"@type":"WebPage","@id":"https:\/\/jorntrahus.se\/nyhet\/valkommen-mariana-var-nya-projektledare\/","url":"https:\/\/jorntrahus.se\/nyhet\/valkommen-mariana-var-nya-projektledare\/","name":"Velkomin Mar\u00edana \u2013 n\u00fdi verkefnastj\u00f3rinn okkar","isPartOf":{"@id":"https:\/\/jorntrahus.se\/#website"},"primaryImageOfPage":{"@id":"https:\/\/jorntrahus.se\/nyhet\/valkommen-mariana-var-nya-projektledare\/#primaryimage"},"image":{"@id":"https:\/\/jorntrahus.se\/nyhet\/valkommen-mariana-var-nya-projektledare\/#primaryimage"},"thumbnailUrl":"https:\/\/jorntrahus.se\/wp-content\/uploads\/2022\/02\/Mariana-Engman-projektledare-Jorntrahus-Valkommen.jpg","datePublished":"2022-02-18T13:34:50+00:00","dateModified":"2022-03-17T14:39:52+00:00","description":"Mariana Engman er n\u00fdr verkefnastj\u00f3ri hj\u00e1 J\u00f6rntr\u00e4hus. H\u00fan starfa\u00f0i \u00e1\u00f0ur sem h\u00f6nnu\u00f0ur og verkefnastj\u00f3ri hj\u00e1 WSP.","breadcrumb":{"@id":"https:\/\/jorntrahus.se\/nyhet\/valkommen-mariana-var-nya-projektledare\/#breadcrumb"},"inLanguage":"is","potentialAction":[{"@type":"ReadAction","target":["https:\/\/jorntrahus.se\/nyhet\/valkommen-mariana-var-nya-projektledare\/"]}]},{"@type":"ImageObject","inLanguage":"is","@id":"https:\/\/jorntrahus.se\/nyhet\/valkommen-mariana-var-nya-projektledare\/#primaryimage","url":"https:\/\/jorntrahus.se\/wp-content\/uploads\/2022\/02\/Mariana-Engman-projektledare-Jorntrahus-Valkommen.jpg","contentUrl":"https:\/\/jorntrahus.se\/wp-content\/uploads\/2022\/02\/Mariana-Engman-projektledare-Jorntrahus-Valkommen.jpg","width":2400,"height":1350,"caption":"Mariana Engman projektledare Jorntrahus Valkommen"},{"@type":"BreadcrumbList","@id":"https:\/\/jorntrahus.se\/nyhet\/valkommen-mariana-var-nya-projektledare\/#breadcrumb","itemListElement":[{"@type":"ListItem","position":1,"name":"Hem","item":"https:\/\/jorntrahus.se\/"},{"@type":"ListItem","position":2,"name":"V\u00e4lkommen Mariana \u2013 v\u00e5r nya projektledare"}]},{"@type":"WebSite","@id":"https:\/\/jorntrahus.se\/#website","url":"https:\/\/jorntrahus.se\/","name":"J\u00f6rntr\u00e4hus","description":"H\u00fas fyrir me\u00f0vita\u00f0a","publisher":{"@id":"https:\/\/jorntrahus.se\/#organization"},"potentialAction":[{"@type":"SearchAction","target":{"@type":"EntryPoint","urlTemplate":"https:\/\/jorntrahus.se\/?s={search_term_string}"},"query-input":{"@type":"PropertyValueSpecification","valueRequired":true,"valueName":"search_term_string"}}],"inLanguage":"is"},{"@type":"Organization","@id":"https:\/\/jorntrahus.se\/#organization","name":"J\u00f6rntr\u00e4hus","url":"https:\/\/jorntrahus.se\/","logo":{"@type":"ImageObject","inLanguage":"is","@id":"https:\/\/jorntrahus.se\/#\/schema\/logo\/image\/","url":"https:\/\/jorntrahus.se\/wp-content\/uploads\/2020\/09\/Jorntrahus_Grund_CMYK.eps","contentUrl":"https:\/\/jorntrahus.se\/wp-content\/uploads\/2020\/09\/Jorntrahus_Grund_CMYK.eps","width":1,"height":1,"caption":"J\u00f6rntr\u00e4hus"},"image":{"@id":"https:\/\/jorntrahus.se\/#\/schema\/logo\/image\/"}},{"@type":"Person","@id":"https:\/\/jorntrahus.se\/#\/schema\/person\/1d486a26d13d4df455271c2f02f5ef5c","name":"J\u00f6rntr\u00e4hus","image":{"@type":"ImageObject","inLanguage":"is","@id":"https:\/\/secure.gravatar.com\/avatar\/e9b8fcf3c4d64603cd3ec2eb8588179dabe6c74041e8c2a09d7ca9e0900a4ad3?s=96&d=mm&r=g","url":"https:\/\/secure.gravatar.com\/avatar\/e9b8fcf3c4d64603cd3ec2eb8588179dabe6c74041e8c2a09d7ca9e0900a4ad3?s=96&d=mm&r=g","contentUrl":"https:\/\/secure.gravatar.com\/avatar\/e9b8fcf3c4d64603cd3ec2eb8588179dabe6c74041e8c2a09d7ca9e0900a4ad3?s=96&d=mm&r=g","caption":"J\u00f6rntr\u00e4hus"},"sameAs":["https:\/\/jorntrahus.se"],"url":"https:\/\/jorntrahus.se\/is\/author\/jorntrahus\/"}]}},"publishpress_future_action":{"enabled":false,"date":"2026-05-09 04:10:30","action":"change-status","newStatus":"draft","terms":[],"taxonomy":"category","extraData":[]},"publishpress_future_workflow_manual_trigger":{"enabledWorkflows":[]},"_links":{"self":[{"href":"https:\/\/jorntrahus.se\/is\/wp-json\/wp\/v2\/posts\/13236","targetHints":{"allow":["GET"]}}],"collection":[{"href":"https:\/\/jorntrahus.se\/is\/wp-json\/wp\/v2\/posts"}],"about":[{"href":"https:\/\/jorntrahus.se\/is\/wp-json\/wp\/v2\/types\/post"}],"author":[{"embeddable":true,"href":"https:\/\/jorntrahus.se\/is\/wp-json\/wp\/v2\/users\/2"}],"replies":[{"embeddable":true,"href":"https:\/\/jorntrahus.se\/is\/wp-json\/wp\/v2\/comments?post=13236"}],"version-history":[{"count":5,"href":"https:\/\/jorntrahus.se\/is\/wp-json\/wp\/v2\/posts\/13236\/revisions"}],"predecessor-version":[{"id":13243,"href":"https:\/\/jorntrahus.se\/is\/wp-json\/wp\/v2\/posts\/13236\/revisions\/13243"}],"wp:featuredmedia":[{"embeddable":true,"href":"https:\/\/jorntrahus.se\/is\/wp-json\/wp\/v2\/media\/13237"}],"wp:attachment":[{"href":"https:\/\/jorntrahus.se\/is\/wp-json\/wp\/v2\/media?parent=13236"}],"wp:term":[{"taxonomy":"category","embeddable":true,"href":"https:\/\/jorntrahus.se\/is\/wp-json\/wp\/v2\/categories?post=13236"},{"taxonomy":"post_tag","embeddable":true,"href":"https:\/\/jorntrahus.se\/is\/wp-json\/wp\/v2\/tags?post=13236"}],"curies":[{"name":"vp","href":"https:\/\/api.w.org\/{rel}","templated":true}]}}