{"id":13511,"date":"2022-07-30T14:21:55","date_gmt":"2022-07-30T12:21:55","guid":{"rendered":"https:\/\/jorntrahus.se\/?p=13511"},"modified":"2022-07-31T12:44:04","modified_gmt":"2022-07-31T10:44:04","slug":"skodadu-villurnar-okkar-og-fristundahusin-fyrir-staerri-fjolskylduna","status":"publish","type":"post","link":"https:\/\/jorntrahus.se\/is\/inspiration\/utforska-vara-villor-och-fritidshus-for-den-storre-familjen\/","title":{"rendered":"Sko\u00f0a\u00f0u villurnar okkar og sumarh\u00fasin fyrir st\u00e6rri fj\u00f6lskylduna"},"content":{"rendered":"<div class=\"row\"  id=\"row-1348786730\">\n\n\t<div id=\"col-1251512361\" class=\"col small-12 large-12\"  >\n\t\t\t\t<div class=\"col-inner\"  >\n\t\t\t\n\t\t\t\n<h6 class=\"uppercase\">INNBL\u00c1STUR \u2013 H\u00daSM\u00d3DELAR ME\u00d0 AUKA R\u00ddMI<\/h6>\n<h3>Allar h\u00fasger\u00f0ir okkar sem eru yfir 30 fermetrar uppfylla str\u00f6ngustu kr\u00f6fur og eru tilvaldar sem fr\u00edstundah\u00fas til b\u00fasetu allt \u00e1ri\u00f0 um kring, auk \u00feess sem flest eru \u00feegar sam\u00feykkt til fastrar b\u00fasetu.<\/h3>\n<p>H\u00e9r kynnum vi\u00f0 \u00ferj\u00e1r valdar ger\u00f0ir sem vi\u00f0 teljum a\u00f0 muni h\u00f6f\u00f0a til \u00feeirra sem eru a\u00f0 leita a\u00f0 st\u00e6rra fr\u00edstundah\u00fasi e\u00f0a einb\u00fdlish\u00fasi fyrir framt\u00ed\u00f0ar fasta b\u00fasetu. F\u00e1\u00f0u innbl\u00e1stur og haf\u00f0u samband vi\u00f0 okkur til a\u00f0 f\u00e1 frekari uppl\u00fdsingar um hvernig vi\u00f0 getum s\u00e9rsni\u00f0i\u00f0 \u00fea\u00f0 fyrir \u00feig.<\/p>\n\t<div id=\"gap-341588255\" class=\"gap-element clearfix\" style=\"display:block; height:auto;\">\n\t\t\n<style>\n#gap-341588255 {\n  padding-top: 60px;\n}\n<\/style>\n\t<\/div>\n\t\n<h2 style=\"text-align: center;\">Sk\u00e4rudden 164 ne\u00f0anjar\u00f0ar<\/h2>\n\t<div id=\"gap-1023822604\" class=\"gap-element clearfix\" style=\"display:block; height:auto;\">\n\t\t\n<style>\n#gap-1023822604 {\n  padding-top: 30px;\n}\n<\/style>\n\t<\/div>\n\t\n<div class=\"row\"  id=\"row-2077726015\">\n\n\t<div id=\"col-1608132261\" class=\"col medium-6 small-12 large-6\"  >\n\t\t\t\t<div class=\"col-inner\"  >\n\t\t\t\n\t\t\t\n\t<div class=\"img has-hover x md-x lg-x y md-y lg-y\" id=\"image_1742565764\">\n\t\t<a class=\"image-lightbox lightbox-gallery\" title=\"\" href=\"https:\/\/jorntrahus.se\/wp-content\/uploads\/2019\/06\/J\u00f6rntr\u00e4hus-Sk\u00e4ruddan-M-Suterr\u00e4ng-Villa-Speciall\u00f6sning-Husbyggsats-1200x799.jpg\">\t\t\t\t\t\t<div class=\"img-inner image-cover dark\" style=\"padding-top:75%;\">\n\t\t\t<img loading=\"lazy\" decoding=\"async\" width=\"1020\" height=\"679\" src=\"https:\/\/jorntrahus.se\/wp-content\/uploads\/2019\/06\/J\u00f6rntr\u00e4hus-Sk\u00e4ruddan-M-Suterr\u00e4ng-Villa-Speciall\u00f6sning-Husbyggsats-1200x799.jpg\" class=\"attachment-large size-large\" alt=\"J\u00f6rntr\u00e4hus Sk\u00e4rudden 164 Kjallaravilla S\u00e9rlausn H\u00fasbyggingarsett\" srcset=\"https:\/\/jorntrahus.se\/wp-content\/uploads\/2019\/06\/J\u00f6rntr\u00e4hus-Sk\u00e4ruddan-M-Suterr\u00e4ng-Villa-Speciall\u00f6sning-Husbyggsats-1200x799.jpg 1200w, https:\/\/jorntrahus.se\/wp-content\/uploads\/2019\/06\/J\u00f6rntr\u00e4hus-Sk\u00e4ruddan-M-Suterr\u00e4ng-Villa-Speciall\u00f6sning-Husbyggsats-600x400.jpg 600w, https:\/\/jorntrahus.se\/wp-content\/uploads\/2019\/06\/J\u00f6rntr\u00e4hus-Sk\u00e4ruddan-M-Suterr\u00e4ng-Villa-Speciall\u00f6sning-Husbyggsats-900x600.jpg 900w, https:\/\/jorntrahus.se\/wp-content\/uploads\/2019\/06\/J\u00f6rntr\u00e4hus-Sk\u00e4ruddan-M-Suterr\u00e4ng-Villa-Speciall\u00f6sning-Husbyggsats-768x512.jpg 768w\" sizes=\"auto, (max-width: 1020px) 100vw, 1020px\" \/>\t\t\t\t\t\t\n\t\t\t\t\t<\/div>\n\t\t\t\t\t\t<\/a>\t\t\n<style>\n#image_1742565764 {\n  width: 100%;\n}\n<\/style>\n\t<\/div>\n\t\n\t<div class=\"img has-hover x md-x lg-x y md-y lg-y\" id=\"image_584059194\">\n\t\t<a class=\"image-lightbox lightbox-gallery\" title=\"\" href=\"https:\/\/jorntrahus.se\/wp-content\/uploads\/2019\/06\/J\u00f6rntr\u00e4hus-Sk\u00e4ruddan-M-Suterr\u00e4ng-Interi\u00f6r-Villa-Speciall\u00f6sning-Husbyggsats-1200x840.jpg\">\t\t\t\t\t\t<div class=\"img-inner image-cover dark\" style=\"padding-top:75%;\">\n\t\t\t<img loading=\"lazy\" decoding=\"async\" width=\"1020\" height=\"714\" src=\"https:\/\/jorntrahus.se\/wp-content\/uploads\/2019\/06\/J\u00f6rntr\u00e4hus-Sk\u00e4ruddan-M-Suterr\u00e4ng-Interi\u00f6r-Villa-Speciall\u00f6sning-Husbyggsats-1200x840.jpg\" class=\"attachment-large size-large\" alt=\"J\u00f6rntr\u00e4hus Sk\u00e4rudden 164 Kjallarinnr\u00e9tting Villa S\u00e9rlausn H\u00fasbyggingarsett\" srcset=\"https:\/\/jorntrahus.se\/wp-content\/uploads\/2019\/06\/J\u00f6rntr\u00e4hus-Sk\u00e4ruddan-M-Suterr\u00e4ng-Interi\u00f6r-Villa-Speciall\u00f6sning-Husbyggsats-1200x840.jpg 1200w, https:\/\/jorntrahus.se\/wp-content\/uploads\/2019\/06\/J\u00f6rntr\u00e4hus-Sk\u00e4ruddan-M-Suterr\u00e4ng-Interi\u00f6r-Villa-Speciall\u00f6sning-Husbyggsats-900x630.jpg 900w, https:\/\/jorntrahus.se\/wp-content\/uploads\/2019\/06\/J\u00f6rntr\u00e4hus-Sk\u00e4ruddan-M-Suterr\u00e4ng-Interi\u00f6r-Villa-Speciall\u00f6sning-Husbyggsats-600x420.jpg 600w, https:\/\/jorntrahus.se\/wp-content\/uploads\/2019\/06\/J\u00f6rntr\u00e4hus-Sk\u00e4ruddan-M-Suterr\u00e4ng-Interi\u00f6r-Villa-Speciall\u00f6sning-Husbyggsats-768x538.jpg 768w\" sizes=\"auto, (max-width: 1020px) 100vw, 1020px\" \/>\t\t\t\t\t\t\n\t\t\t\t\t<\/div>\n\t\t\t\t\t\t<\/a>\t\t\n<style>\n#image_584059194 {\n  width: 100%;\n}\n<\/style>\n\t<\/div>\n\t\n\t\t<\/div>\n\t\t\t\t\t<\/div>\n\n\t\n\n\t<div id=\"col-1510453926\" class=\"col medium-6 small-12 large-6\"  >\n\t\t\t\t<div class=\"col-inner\"  >\n\t\t\t\n\t\t\t\n<p><strong>H\u00fasaser\u00edan Sk\u00e4rudden b\u00fd\u00f0ur b\u00e6\u00f0i upp \u00e1 t\u00edsku- og st\u00edlme\u00f0vita\u00f0 f\u00f3lk og \u00fe\u00e1 sem sj\u00e1 h\u00fasi\u00f0 sitt sem n\u00e1tt\u00farulegan hluta af sj\u00e1lfsmynd sinni. H\u00fasin \u00ferj\u00fa uppfylla hvert sitt a\u00f0alhlutverk og \u00ed kjallara\u00fatg\u00e1funni hefur jafnvel st\u00e6rri fj\u00f6lskyldan pl\u00e1ss og n\u00e6\u00f0i.<\/strong><\/p>\n<p>Me\u00f0 fimm herbergjum og eldh\u00fasi, sem einnig er r\u00famgott a\u00f0 st\u00e6r\u00f0, er \u00feetta eitt st\u00e6rsta h\u00fas okkar me\u00f0 103 m\u00b2 + 101 m\u00b2 \u00edb\u00fa\u00f0arr\u00fdmi. Spennandi horn \u00e1 \u00fatveggjum endurspeglast einnig \u00ed innr\u00e9ttingunni, \u00fear sem gluggarnir opna \u00fats\u00fdni \u00ed nokkrar \u00e1ttir. H\u00fasi\u00f0 inniheldur tv\u00e6r st\u00f3rar stofur, st\u00f3rt eldh\u00fas me\u00f0 bor\u00f0kr\u00f3k, sl\u00f6kunarsv\u00e6\u00f0i, \u00ferj\u00fa svefnherbergi og a\u00f0 utan eru tv\u00e6r ver\u00f6nd og svalir.<\/p>\n<p>\u00deetta er s\u00f6nnun \u00feess a\u00f0 Sk\u00e4rudden er fr\u00e1b\u00e6r kostur sem kjallarah\u00fas!<\/p>\n\t\t<\/div>\n\t\t\t\t\t<\/div>\n\n\t\n<\/div>\n\t<div id=\"gap-1921039419\" class=\"gap-element clearfix\" style=\"display:block; height:auto;\">\n\t\t\n<style>\n#gap-1921039419 {\n  padding-top: 30px;\n}\n<\/style>\n\t<\/div>\n\t\n<div class=\"row\"  id=\"row-344926511\">\n\n\t<div id=\"col-876838775\" class=\"col medium-6 small-12 large-6\"  >\n\t\t\t\t<div class=\"col-inner\"  >\n\t\t\t\n\t\t\t\n\t<div id=\"text-2817546434\" class=\"text\">\n\t\t\n<p style=\"text-align: center;\"><strong>Kjallarah\u00e6\u00f0ar\u00e1\u00e6tlun<\/strong><\/p>\n\t\t\n<style>\n#text-2817546434 {\n  line-height: 1;\n  text-align: center;\n}\n<\/style>\n\t<\/div>\n\t\n\t<div class=\"img has-hover x md-x lg-x y md-y lg-y\" id=\"image_536038110\">\n\t\t<a class=\"image-lightbox lightbox-gallery\" title=\"\" href=\"https:\/\/jorntrahus.se\/wp-content\/uploads\/2019\/06\/J\u00f6rntr\u00e4hus-Sk\u00e4ruddan-M-Suterr\u00e4ng-Planl\u00f6sning-Plan-1-Villa-Speciall\u00f6sning-Husbyggsats-1200x857.png\">\t\t\t\t\t\t<div class=\"img-inner dark\" >\n\t\t\t<img loading=\"lazy\" decoding=\"async\" width=\"1020\" height=\"728\" src=\"https:\/\/jorntrahus.se\/wp-content\/uploads\/2019\/06\/J\u00f6rntr\u00e4hus-Sk\u00e4ruddan-M-Suterr\u00e4ng-Planl\u00f6sning-Plan-1-Villa-Speciall\u00f6sning-Husbyggsats-1200x857.png\" class=\"attachment-large size-large\" alt=\"J\u00f6rntr\u00e4hus Sk\u00e4rudden 164 Kjallaraplan Plan 1 Villa S\u00e9rlausn H\u00fasbyggingarsett\" srcset=\"https:\/\/jorntrahus.se\/wp-content\/uploads\/2019\/06\/J\u00f6rntr\u00e4hus-Sk\u00e4ruddan-M-Suterr\u00e4ng-Planl\u00f6sning-Plan-1-Villa-Speciall\u00f6sning-Husbyggsats-1200x857.png 1200w, https:\/\/jorntrahus.se\/wp-content\/uploads\/2019\/06\/J\u00f6rntr\u00e4hus-Sk\u00e4ruddan-M-Suterr\u00e4ng-Planl\u00f6sning-Plan-1-Villa-Speciall\u00f6sning-Husbyggsats-900x643.png 900w, https:\/\/jorntrahus.se\/wp-content\/uploads\/2019\/06\/J\u00f6rntr\u00e4hus-Sk\u00e4ruddan-M-Suterr\u00e4ng-Planl\u00f6sning-Plan-1-Villa-Speciall\u00f6sning-Husbyggsats-600x429.png 600w, https:\/\/jorntrahus.se\/wp-content\/uploads\/2019\/06\/J\u00f6rntr\u00e4hus-Sk\u00e4ruddan-M-Suterr\u00e4ng-Planl\u00f6sning-Plan-1-Villa-Speciall\u00f6sning-Husbyggsats-768x549.png 768w\" sizes=\"auto, (max-width: 1020px) 100vw, 1020px\" \/>\t\t\t\t\t\t\n\t\t\t\t\t<\/div>\n\t\t\t\t\t\t<\/a>\t\t\n<style>\n#image_536038110 {\n  width: 100%;\n}\n<\/style>\n\t<\/div>\n\t\n\t\t<\/div>\n\t\t\t\t\t<\/div>\n\n\t\n\n\t<div id=\"col-1181370570\" class=\"col medium-6 small-12 large-6\"  >\n\t\t\t\t<div class=\"col-inner\"  >\n\t\t\t\n\t\t\t\n\t<div id=\"text-1059031810\" class=\"text\">\n\t\t\n<p style=\"text-align: center;\"><b>Uppi<\/b><\/p>\n\t\t\n<style>\n#text-1059031810 {\n  line-height: 1;\n  text-align: center;\n}\n<\/style>\n\t<\/div>\n\t\n\t<div class=\"img has-hover x md-x lg-x y md-y lg-y\" id=\"image_1210602356\">\n\t\t<a class=\"image-lightbox lightbox-gallery\" title=\"\" href=\"https:\/\/jorntrahus.se\/wp-content\/uploads\/2019\/06\/J\u00f6rntr\u00e4hus-Sk\u00e4ruddan-M-Suterr\u00e4ng-Planl\u00f6sning-Plan-2-Villa-Speciall\u00f6sning-Husbyggsats-1200x857.png\">\t\t\t\t\t\t<div class=\"img-inner dark\" >\n\t\t\t<img loading=\"lazy\" decoding=\"async\" width=\"1020\" height=\"728\" src=\"https:\/\/jorntrahus.se\/wp-content\/uploads\/2019\/06\/J\u00f6rntr\u00e4hus-Sk\u00e4ruddan-M-Suterr\u00e4ng-Planl\u00f6sning-Plan-2-Villa-Speciall\u00f6sning-Husbyggsats-1200x857.png\" class=\"attachment-large size-large\" alt=\"J\u00f6rntr\u00e4hus Sk\u00e4rudden 164 Kjallaraplan 2 Einb\u00fdlish\u00fas S\u00e9rst\u00f6k lausn H\u00fasbyggingarsett\" srcset=\"https:\/\/jorntrahus.se\/wp-content\/uploads\/2019\/06\/J\u00f6rntr\u00e4hus-Sk\u00e4ruddan-M-Suterr\u00e4ng-Planl\u00f6sning-Plan-2-Villa-Speciall\u00f6sning-Husbyggsats-1200x857.png 1200w, https:\/\/jorntrahus.se\/wp-content\/uploads\/2019\/06\/J\u00f6rntr\u00e4hus-Sk\u00e4ruddan-M-Suterr\u00e4ng-Planl\u00f6sning-Plan-2-Villa-Speciall\u00f6sning-Husbyggsats-900x643.png 900w, https:\/\/jorntrahus.se\/wp-content\/uploads\/2019\/06\/J\u00f6rntr\u00e4hus-Sk\u00e4ruddan-M-Suterr\u00e4ng-Planl\u00f6sning-Plan-2-Villa-Speciall\u00f6sning-Husbyggsats-600x429.png 600w, https:\/\/jorntrahus.se\/wp-content\/uploads\/2019\/06\/J\u00f6rntr\u00e4hus-Sk\u00e4ruddan-M-Suterr\u00e4ng-Planl\u00f6sning-Plan-2-Villa-Speciall\u00f6sning-Husbyggsats-768x549.png 768w\" sizes=\"auto, (max-width: 1020px) 100vw, 1020px\" \/>\t\t\t\t\t\t\n\t\t\t\t\t<\/div>\n\t\t\t\t\t\t<\/a>\t\t\n<style>\n#image_1210602356 {\n  width: 100%;\n}\n<\/style>\n\t<\/div>\n\t\n\t\t<\/div>\n\t\t\t\t\t<\/div>\n\n\t\n<\/div>\n<div class=\"row\"  id=\"row-1717977779\">\n\n\t<div id=\"col-2019893581\" class=\"col small-12 large-12\"  >\n\t\t\t\t<div class=\"col-inner text-center\"  >\n\t\t\t\n\t\t\t\n<a href=\"\/is\/huslikan\/skarudden-164-suterrang\/\" class=\"button primary is-outline is-larger\" >\n\t\t<span>Meira um Sk\u00e4rudden<\/span>\n\t<\/a>\n\n\t\t<\/div>\n\t\t\t\t\t<\/div>\n\n\t\n<\/div>\n\t<div id=\"gap-125488868\" class=\"gap-element clearfix\" style=\"display:block; height:auto;\">\n\t\t\n<style>\n#gap-125488868 {\n  padding-top: 30px;\n}\n<\/style>\n\t<\/div>\n\t\n<h2 style=\"text-align: center;\">Ostanb\u00e4ck 165<\/h2>\n\t<div id=\"gap-1824575412\" class=\"gap-element clearfix\" style=\"display:block; height:auto;\">\n\t\t\n<style>\n#gap-1824575412 {\n  padding-top: 30px;\n}\n<\/style>\n\t<\/div>\n\t\n<div class=\"row\"  id=\"row-1332595189\">\n\n\t<div id=\"col-681954551\" class=\"col medium-6 small-12 large-6\"  >\n\t\t\t\t<div class=\"col-inner\"  >\n\t\t\t\n\t\t\t\n\t<div class=\"img has-hover x md-x lg-x y md-y lg-y\" id=\"image_1939536868\">\n\t\t<a class=\"image-lightbox lightbox-gallery\" title=\"\" href=\"https:\/\/jorntrahus.se\/wp-content\/uploads\/2022\/05\/Ostanback-165-exterior-special-1-webb-1200x686.jpg\">\t\t\t\t\t\t<div class=\"img-inner image-cover dark\" style=\"padding-top:75%;\">\n\t\t\t<img loading=\"lazy\" decoding=\"async\" width=\"1020\" height=\"583\" src=\"https:\/\/jorntrahus.se\/wp-content\/uploads\/2022\/05\/Ostanback-165-exterior-special-1-webb-1200x686.jpg\" class=\"attachment-large size-large\" alt=\"S\u00e9r\u00fatlit Ostanback 165 1 vefur\" srcset=\"https:\/\/jorntrahus.se\/wp-content\/uploads\/2022\/05\/Ostanback-165-exterior-special-1-webb-1200x686.jpg 1200w, https:\/\/jorntrahus.se\/wp-content\/uploads\/2022\/05\/Ostanback-165-exterior-special-1-webb-600x343.jpg 600w, https:\/\/jorntrahus.se\/wp-content\/uploads\/2022\/05\/Ostanback-165-exterior-special-1-webb-768x439.jpg 768w, https:\/\/jorntrahus.se\/wp-content\/uploads\/2022\/05\/Ostanback-165-exterior-special-1-webb-1536x878.jpg 1536w, https:\/\/jorntrahus.se\/wp-content\/uploads\/2022\/05\/Ostanback-165-exterior-special-1-webb-2048x1170.jpg 2048w, https:\/\/jorntrahus.se\/wp-content\/uploads\/2022\/05\/Ostanback-165-exterior-special-1-webb-900x514.jpg 900w\" sizes=\"auto, (max-width: 1020px) 100vw, 1020px\" \/>\t\t\t\t\t\t\n\t\t\t\t\t<\/div>\n\t\t\t\t\t\t<\/a>\t\t\n<style>\n#image_1939536868 {\n  width: 100%;\n}\n<\/style>\n\t<\/div>\n\t\n\t<div class=\"img has-hover x md-x lg-x y md-y lg-y\" id=\"image_679414252\">\n\t\t<a class=\"image-lightbox lightbox-gallery\" title=\"\" href=\"https:\/\/jorntrahus.se\/wp-content\/uploads\/2022\/05\/Ostanback-165-interior-special-1-webb-1200x686.jpg\">\t\t\t\t\t\t<div class=\"img-inner image-cover dark\" style=\"padding-top:75%;\">\n\t\t\t<img loading=\"lazy\" decoding=\"async\" width=\"1020\" height=\"583\" src=\"https:\/\/jorntrahus.se\/wp-content\/uploads\/2022\/05\/Ostanback-165-interior-special-1-webb-1200x686.jpg\" class=\"attachment-large size-large\" alt=\"Villa Holiday Home J\u00f6rntr\u00e4hus \u00d6stanb\u00e4ck 165 byggingarsett fyrir innanh\u00fassh\u00fas\" srcset=\"https:\/\/jorntrahus.se\/wp-content\/uploads\/2022\/05\/Ostanback-165-interior-special-1-webb-1200x686.jpg 1200w, https:\/\/jorntrahus.se\/wp-content\/uploads\/2022\/05\/Ostanback-165-interior-special-1-webb-600x343.jpg 600w, https:\/\/jorntrahus.se\/wp-content\/uploads\/2022\/05\/Ostanback-165-interior-special-1-webb-768x439.jpg 768w, https:\/\/jorntrahus.se\/wp-content\/uploads\/2022\/05\/Ostanback-165-interior-special-1-webb-1536x878.jpg 1536w, https:\/\/jorntrahus.se\/wp-content\/uploads\/2022\/05\/Ostanback-165-interior-special-1-webb-2048x1170.jpg 2048w, https:\/\/jorntrahus.se\/wp-content\/uploads\/2022\/05\/Ostanback-165-interior-special-1-webb-900x514.jpg 900w\" sizes=\"auto, (max-width: 1020px) 100vw, 1020px\" \/>\t\t\t\t\t\t\n\t\t\t\t\t<\/div>\n\t\t\t\t\t\t<\/a>\t\t\n<style>\n#image_679414252 {\n  width: 100%;\n}\n<\/style>\n\t<\/div>\n\t\n\t\t<\/div>\n\t\t\t\t\t<\/div>\n\n\t\n\n\t<div id=\"col-147420832\" class=\"col medium-6 small-12 large-6\"  >\n\t\t\t\t<div class=\"col-inner\"  >\n\t\t\t\n\t\t\t\n<p><strong>\u00d6stanb\u00e4ck 165 er klass\u00edskt timburh\u00fas \u00e1 einni h\u00e6\u00f0 sem b\u00fd\u00f0ur upp \u00e1 st\u00f3rar, fallegar v\u00e6ngir og spennandi horn.<\/strong><\/p>\n<p>H\u00fasbyggingarsetti\u00f0 hentar b\u00e6\u00f0i fyrir fr\u00edstundah\u00fasal\u00f3\u00f0 og \u00edb\u00fa\u00f0arhverfi. \u00deessi ger\u00f0 uppfyllir kr\u00f6fur um fasta b\u00fasetu a\u00f0 fullu.<\/p>\n<p>H\u00fasbyggingarsetti\u00f0 er me\u00f0 r\u00famg\u00f3\u00f0a stofu sem er sta\u00f0sett mi\u00f0sv\u00e6\u00f0is og liggur a\u00f0 eldh\u00fasi og bor\u00f0stofu. Yndisleg birta \u00e1n ganga og stofan fellur n\u00e1tt\u00farulega saman vi\u00f0 ver\u00f6ndina tryggir \u00feetta \u00fe\u00e6gindi.<\/p>\n<p>H\u00fasi\u00f0 er me\u00f0 sveigjanlegri og vel \u00fathugsa\u00f0ri skipulagningu sem hentar einnig st\u00f3rri fj\u00f6lskyldu.<\/p>\n\t\t<\/div>\n\t\t\t\t\t<\/div>\n\n\t\n<\/div>\n\t<div class=\"img has-hover x md-x lg-x y md-y lg-y\" id=\"image_1854672852\">\n\t\t<a class=\"image-lightbox lightbox-gallery\" title=\"\" href=\"https:\/\/jorntrahus.se\/wp-content\/uploads\/2022\/05\/Ostanback-165-plan-1-webb-1200x767.png\">\t\t\t\t\t\t<div class=\"img-inner dark\" >\n\t\t\t<img loading=\"lazy\" decoding=\"async\" width=\"1020\" height=\"652\" src=\"https:\/\/jorntrahus.se\/wp-content\/uploads\/2022\/05\/Ostanback-165-plan-1-webb-1200x767.png\" class=\"attachment-large size-large\" alt=\"Ostanback 165 h\u00e6\u00f0 1 vefur\" srcset=\"https:\/\/jorntrahus.se\/wp-content\/uploads\/2022\/05\/Ostanback-165-plan-1-webb-1200x767.png 1200w, https:\/\/jorntrahus.se\/wp-content\/uploads\/2022\/05\/Ostanback-165-plan-1-webb-600x383.png 600w, https:\/\/jorntrahus.se\/wp-content\/uploads\/2022\/05\/Ostanback-165-plan-1-webb-768x491.png 768w, https:\/\/jorntrahus.se\/wp-content\/uploads\/2022\/05\/Ostanback-165-plan-1-webb-1536x981.png 1536w, https:\/\/jorntrahus.se\/wp-content\/uploads\/2022\/05\/Ostanback-165-plan-1-webb-900x575.png 900w, https:\/\/jorntrahus.se\/wp-content\/uploads\/2022\/05\/Ostanback-165-plan-1-webb.png 1800w\" sizes=\"auto, (max-width: 1020px) 100vw, 1020px\" \/>\t\t\t\t\t\t\n\t\t\t\t\t<\/div>\n\t\t\t\t\t\t<\/a>\t\t\n<style>\n#image_1854672852 {\n  width: 100%;\n}\n<\/style>\n\t<\/div>\n\t\n<div class=\"row\"  id=\"row-1261267931\">\n\n\t<div id=\"col-1554984748\" class=\"col small-12 large-12\"  >\n\t\t\t\t<div class=\"col-inner text-center\"  >\n\t\t\t\n\t\t\t\n<a href=\"\/is\/huslikan\/ostakaka-165\/\" class=\"button primary is-outline is-larger\" >\n\t\t<span>Meira um \u00d6stanb\u00e4ck<\/span>\n\t<\/a>\n\n\t\t<\/div>\n\t\t\t\t\t<\/div>\n\n\t\n<\/div>\n\t<div id=\"gap-389425658\" class=\"gap-element clearfix\" style=\"display:block; height:auto;\">\n\t\t\n<style>\n#gap-389425658 {\n  padding-top: 30px;\n}\n<\/style>\n\t<\/div>\n\t\n<h2 style=\"text-align: center;\">Kallbomark 153<\/h2>\n\t<div id=\"gap-17046063\" class=\"gap-element clearfix\" style=\"display:block; height:auto;\">\n\t\t\n<style>\n#gap-17046063 {\n  padding-top: 30px;\n}\n<\/style>\n\t<\/div>\n\t\n<div class=\"row\"  id=\"row-736672578\">\n\n\t<div id=\"col-5054568\" class=\"col medium-6 small-12 large-6\"  >\n\t\t\t\t<div class=\"col-inner\"  >\n\t\t\t\n\t\t\t\n\t<div class=\"img has-hover x md-x lg-x y md-y lg-y\" id=\"image_1089266657\">\n\t\t<a class=\"image-lightbox lightbox-gallery\" title=\"\" href=\"https:\/\/jorntrahus.se\/wp-content\/uploads\/2021\/01\/Kallbomark-153-Fritidshus-Byggsats-Hus-fran-Jorntrahus-1200x799.jpg\">\t\t\t\t\t\t<div class=\"img-inner image-cover dark\" style=\"padding-top:75%;\">\n\t\t\t<img loading=\"lazy\" decoding=\"async\" width=\"1020\" height=\"679\" src=\"https:\/\/jorntrahus.se\/wp-content\/uploads\/2021\/01\/Kallbomark-153-Fritidshus-Byggsats-Hus-fran-Jorntrahus-1200x799.jpg\" class=\"attachment-large size-large\" alt=\"Kallbomark 153 sumarh\u00fas, sett \u00far h\u00fasi fr\u00e1 Jorntrahus\" srcset=\"https:\/\/jorntrahus.se\/wp-content\/uploads\/2021\/01\/Kallbomark-153-Fritidshus-Byggsats-Hus-fran-Jorntrahus-1200x799.jpg 1200w, https:\/\/jorntrahus.se\/wp-content\/uploads\/2021\/01\/Kallbomark-153-Fritidshus-Byggsats-Hus-fran-Jorntrahus-scaled-600x400.jpg 600w, https:\/\/jorntrahus.se\/wp-content\/uploads\/2021\/01\/Kallbomark-153-Fritidshus-Byggsats-Hus-fran-Jorntrahus-scaled-900x599.jpg 900w, https:\/\/jorntrahus.se\/wp-content\/uploads\/2021\/01\/Kallbomark-153-Fritidshus-Byggsats-Hus-fran-Jorntrahus-768x512.jpg 768w, https:\/\/jorntrahus.se\/wp-content\/uploads\/2021\/01\/Kallbomark-153-Fritidshus-Byggsats-Hus-fran-Jorntrahus-1536x1023.jpg 1536w, https:\/\/jorntrahus.se\/wp-content\/uploads\/2021\/01\/Kallbomark-153-Fritidshus-Byggsats-Hus-fran-Jorntrahus-2048x1364.jpg 2048w\" sizes=\"auto, (max-width: 1020px) 100vw, 1020px\" \/>\t\t\t\t\t\t\n\t\t\t\t\t<\/div>\n\t\t\t\t\t\t<\/a>\t\t\n<style>\n#image_1089266657 {\n  width: 100%;\n}\n<\/style>\n\t<\/div>\n\t\n\t\t<\/div>\n\t\t\t\t\t<\/div>\n\n\t\n\n\t<div id=\"col-1528049795\" class=\"col medium-6 small-12 large-6\"  >\n\t\t\t\t<div class=\"col-inner\"  >\n\t\t\t\n\t\t\t\n<p><strong>Herragar\u00f0sstemningin er \u00e1 tveimur h\u00e6\u00f0um me\u00f0 st\u00f3rum, frelsandi r\u00fdmum \u2013 samtals 240 fermetrar til r\u00e1\u00f0st\u00f6funar.<\/strong><\/p>\n<p>\u00cd sta\u00f0al\u00fatg\u00e1funni er K\u00e4llbomark me\u00f0 fj\u00f3rum r\u00famg\u00f3\u00f0um svefnherbergjum, \u00feannig a\u00f0 \u00fea\u00f0 er pl\u00e1ss fyrir jafnvel st\u00e6rri fj\u00f6lskylduna. B\u00e6ttu vi\u00f0 fr\u00e1b\u00e6rri sta\u00f0setningu og draumaheimili\u00f0 \u00feitt er sta\u00f0reynd.<\/p>\n\t\t<\/div>\n\t\t\t\t\t<\/div>\n\n\t\n<\/div>\n\t<div id=\"gap-167416374\" class=\"gap-element clearfix\" style=\"display:block; height:auto;\">\n\t\t\n<style>\n#gap-167416374 {\n  padding-top: 30px;\n}\n<\/style>\n\t<\/div>\n\t\n<div class=\"row\"  id=\"row-448145983\">\n\n\t<div id=\"col-387118896\" class=\"col medium-6 small-12 large-6\"  >\n\t\t\t\t<div class=\"col-inner\"  >\n\t\t\t\n\t\t\t\n\t<div id=\"text-871623510\" class=\"text\">\n\t\t\n<p style=\"text-align: center;\"><strong>Jar\u00f0h\u00e6\u00f0<\/strong><\/p>\n\t\t\n<style>\n#text-871623510 {\n  line-height: 1;\n  text-align: center;\n}\n<\/style>\n\t<\/div>\n\t\n\t<div class=\"img has-hover x md-x lg-x y md-y lg-y\" id=\"image_1932571047\">\n\t\t<a class=\"image-lightbox lightbox-gallery\" title=\"\" href=\"https:\/\/jorntrahus.se\/wp-content\/uploads\/2021\/01\/Kallbomark-153-plan-1-Jorntrahus-Villa-Hus-Byggsats-Fritidshus.png\">\t\t\t\t\t\t<div class=\"img-inner dark\" >\n\t\t\t<img loading=\"lazy\" decoding=\"async\" width=\"1020\" height=\"819\" src=\"https:\/\/jorntrahus.se\/wp-content\/uploads\/2021\/01\/Kallbomark-153-plan-1-Jorntrahus-Villa-Hus-Byggsats-Fritidshus.png\" class=\"attachment-large size-large\" alt=\"Kallbomark 153 h\u00e6\u00f0 1 Jorntrahus Villa House Kit Orlofsh\u00fas\" srcset=\"https:\/\/jorntrahus.se\/wp-content\/uploads\/2021\/01\/Kallbomark-153-plan-1-Jorntrahus-Villa-Hus-Byggsats-Fritidshus.png 1200w, https:\/\/jorntrahus.se\/wp-content\/uploads\/2021\/01\/Kallbomark-153-plan-1-Jorntrahus-Villa-Hus-Byggsats-Fritidshus-900x722.png 900w, https:\/\/jorntrahus.se\/wp-content\/uploads\/2021\/01\/Kallbomark-153-plan-1-Jorntrahus-Villa-Hus-Byggsats-Fritidshus-600x482.png 600w, https:\/\/jorntrahus.se\/wp-content\/uploads\/2021\/01\/Kallbomark-153-plan-1-Jorntrahus-Villa-Hus-Byggsats-Fritidshus-768x616.png 768w\" sizes=\"auto, (max-width: 1020px) 100vw, 1020px\" \/>\t\t\t\t\t\t\n\t\t\t\t\t<\/div>\n\t\t\t\t\t\t<\/a>\t\t\n<style>\n#image_1932571047 {\n  width: 100%;\n}\n<\/style>\n\t<\/div>\n\t\n\t\t<\/div>\n\t\t\t\t\t<\/div>\n\n\t\n\n\t<div id=\"col-1870961026\" class=\"col medium-6 small-12 large-6\"  >\n\t\t\t\t<div class=\"col-inner\"  >\n\t\t\t\n\t\t\t\n\t<div id=\"text-1466968320\" class=\"text\">\n\t\t\n<p style=\"text-align: center;\"><b>Uppi<\/b><\/p>\n\t\t\n<style>\n#text-1466968320 {\n  line-height: 1;\n  text-align: center;\n}\n<\/style>\n\t<\/div>\n\t\n\t<div class=\"img has-hover x md-x lg-x y md-y lg-y\" id=\"image_894501876\">\n\t\t<a class=\"image-lightbox lightbox-gallery\" title=\"\" href=\"https:\/\/jorntrahus.se\/wp-content\/uploads\/2021\/01\/Kallbomark-153-plan-2-Jorntrahus-Villa-Hus-Byggsats-Fritidshus.png\">\t\t\t\t\t\t<div class=\"img-inner dark\" >\n\t\t\t<img loading=\"lazy\" decoding=\"async\" width=\"1020\" height=\"836\" src=\"https:\/\/jorntrahus.se\/wp-content\/uploads\/2021\/01\/Kallbomark-153-plan-2-Jorntrahus-Villa-Hus-Byggsats-Fritidshus.png\" class=\"attachment-large size-large\" alt=\"Kallbomark 153 h\u00e6\u00f0 2 Jorntrahus Villa House Kit Orlofsh\u00fas\" srcset=\"https:\/\/jorntrahus.se\/wp-content\/uploads\/2021\/01\/Kallbomark-153-plan-2-Jorntrahus-Villa-Hus-Byggsats-Fritidshus.png 1200w, https:\/\/jorntrahus.se\/wp-content\/uploads\/2021\/01\/Kallbomark-153-plan-2-Jorntrahus-Villa-Hus-Byggsats-Fritidshus-900x737.png 900w, https:\/\/jorntrahus.se\/wp-content\/uploads\/2021\/01\/Kallbomark-153-plan-2-Jorntrahus-Villa-Hus-Byggsats-Fritidshus-600x492.png 600w, https:\/\/jorntrahus.se\/wp-content\/uploads\/2021\/01\/Kallbomark-153-plan-2-Jorntrahus-Villa-Hus-Byggsats-Fritidshus-768x629.png 768w\" sizes=\"auto, (max-width: 1020px) 100vw, 1020px\" \/>\t\t\t\t\t\t\n\t\t\t\t\t<\/div>\n\t\t\t\t\t\t<\/a>\t\t\n<style>\n#image_894501876 {\n  width: 100%;\n}\n<\/style>\n\t<\/div>\n\t\n\t\t<\/div>\n\t\t\t\t\t<\/div>\n\n\t\n<\/div>\n<div class=\"row\"  id=\"row-2083506862\">\n\n\t<div id=\"col-439623790\" class=\"col small-12 large-12\"  >\n\t\t\t\t<div class=\"col-inner text-center\"  >\n\t\t\t\n\t\t\t\n<a href=\"\/is\/huslikan\/kalt-vedur-153\/\" class=\"button primary is-outline is-larger\" >\n\t\t<span>Meira um K\u00e4llbomark<\/span>\n\t<\/a>\n\n\t\t<\/div>\n\t\t\t\t\t<\/div>\n\n\t\n<\/div>\n\t<div id=\"gap-1801711398\" class=\"gap-element clearfix\" style=\"display:block; height:auto;\">\n\t\t\n<style>\n#gap-1801711398 {\n  padding-top: 30px;\n}\n<\/style>\n\t<\/div>\n\t\n<p>Ef \u00fe\u00fa hefur fundi\u00f0 draumah\u00fasi\u00f0 \u00feitt en h\u00fasger\u00f0in uppfyllir ekki a\u00f0 fullu kr\u00f6fur og \u00f3skir, \u00fe\u00e1 er alltaf m\u00f6guleiki \u00e1 a\u00f0 a\u00f0laga b\u00e6\u00f0i skipulag og h\u00f6nnun h\u00fassins. Haf\u00f0u bara samband vi\u00f0 okkur og tala\u00f0u vi\u00f0 einn af h\u00fasas\u00e9rfr\u00e6\u00f0ingum okkar og vi\u00f0 r\u00e6\u00f0um me\u00f0 \u00e1n\u00e6gju hugmyndir \u00fe\u00ednar a\u00f0 h\u00fasinu! \ud83d\ude42<\/p>\n<div class=\"row\"  id=\"row-1778061539\">\n\n\t<div id=\"col-262273114\" class=\"col small-12 large-12\"  >\n\t\t\t\t<div class=\"col-inner text-center\"  >\n\t\t\t\n\t\t\t\n<a href=\"\/is\/hafdu-samband-vid-okkur\/\" class=\"button primary is-outline is-larger\" >\n\t\t<span>Haf\u00f0u samband vi\u00f0 okkur<\/span>\n\t<\/a>\n\n\t\t<\/div>\n\t\t\t\t\t<\/div>\n\n\t\n<\/div>\n\t\t<\/div>\n\t\t\t\t\t<\/div>\n\n\t\n<\/div>","protected":false},"excerpt":{"rendered":"<p>H\u00e9r kynnum vi\u00f0 \u00ferj\u00e1r valdar ger\u00f0ir sem vi\u00f0 teljum a\u00f0 muni h\u00f6f\u00f0a til \u00feeirra sem eru a\u00f0 leita a\u00f0 st\u00e6rra fr\u00edstundah\u00fasi e\u00f0a einb\u00fdlish\u00fasi til framt\u00ed\u00f0arb\u00fasetu.<\/p>","protected":false},"author":2,"featured_media":11177,"comment_status":"closed","ping_status":"closed","sticky":false,"template":"","format":"standard","meta":{"footnotes":""},"categories":[611,6],"tags":[],"class_list":["post-13511","post","type-post","status-publish","format-standard","has-post-thumbnail","hentry","category-inspiration","category-nyhet"],"yoast_head":"<!-- This site is optimized with the Yoast SEO plugin v27.2 - https:\/\/yoast.com\/product\/yoast-seo-wordpress\/ -->\n<title>Utforska v\u00e5ra villor &amp; fritidshus f\u00f6r den st\u00f6rre familjen - J\u00f6rntr\u00e4hus<\/title>\n<meta name=\"robots\" content=\"index, follow, max-snippet:-1, max-image-preview:large, max-video-preview:-1\" \/>\n<link rel=\"canonical\" href=\"https:\/\/jorntrahus.se\/is\/nyjung\/skodadu-villurnar-okkar-og-fristundahusin-fyrir-staerri-fjolskylduna\/\" \/>\n<meta property=\"og:locale\" content=\"is_IS\" \/>\n<meta property=\"og:type\" content=\"article\" \/>\n<meta property=\"og:title\" content=\"Utforska v\u00e5ra villor &amp; fritidshus f\u00f6r den st\u00f6rre familjen - J\u00f6rntr\u00e4hus\" \/>\n<meta property=\"og:description\" content=\"H\u00e4r presenterar vi tre utvalda modeller som vi tror ska falla i smaken f\u00f6r er som \u00e4r p\u00e5 jakt efter det st\u00f6rre fritidshuset eller villan f\u00f6r ert kommande permanentboende.\" \/>\n<meta property=\"og:url\" content=\"https:\/\/jorntrahus.se\/is\/nyjung\/skodadu-villurnar-okkar-og-fristundahusin-fyrir-staerri-fjolskylduna\/\" \/>\n<meta property=\"og:site_name\" content=\"J\u00f6rntr\u00e4hus\" \/>\n<meta property=\"article:published_time\" content=\"2022-07-30T12:21:55+00:00\" \/>\n<meta property=\"article:modified_time\" content=\"2022-07-31T10:44:04+00:00\" \/>\n<meta property=\"og:image\" content=\"https:\/\/jorntrahus.se\/wp-content\/uploads\/2019\/06\/J\u00f6rntr\u00e4hus-Sk\u00e4ruddan-M-Suterr\u00e4ng-Villa-Speciall\u00f6sning-Husbyggsats-scaled.jpg\" \/>\n\t<meta property=\"og:image:width\" content=\"2560\" \/>\n\t<meta property=\"og:image:height\" content=\"1705\" \/>\n\t<meta property=\"og:image:type\" content=\"image\/jpeg\" \/>\n<meta name=\"author\" content=\"J\u00f6rntr\u00e4hus\" \/>\n<meta name=\"twitter:card\" content=\"summary_large_image\" \/>\n<meta name=\"twitter:label1\" content=\"Written by\" \/>\n\t<meta name=\"twitter:data1\" content=\"J\u00f6rntr\u00e4hus\" \/>\n\t<meta name=\"twitter:label2\" content=\"Est. reading time\" \/>\n\t<meta name=\"twitter:data2\" content=\"3 minutes\" \/>\n<script type=\"application\/ld+json\" class=\"yoast-schema-graph\">{\"@context\":\"https:\/\/schema.org\",\"@graph\":[{\"@type\":\"Article\",\"@id\":\"https:\/\/jorntrahus.se\/nyhet\/utforska-vara-villor-och-fritidshus-for-den-storre-familjen\/#article\",\"isPartOf\":{\"@id\":\"https:\/\/jorntrahus.se\/nyhet\/utforska-vara-villor-och-fritidshus-for-den-storre-familjen\/\"},\"author\":{\"name\":\"J\u00f6rntr\u00e4hus\",\"@id\":\"https:\/\/jorntrahus.se\/#\/schema\/person\/1d486a26d13d4df455271c2f02f5ef5c\"},\"headline\":\"Utforska v\u00e5ra villor &#038; fritidshus f\u00f6r den st\u00f6rre familjen\",\"datePublished\":\"2022-07-30T12:21:55+00:00\",\"dateModified\":\"2022-07-31T10:44:04+00:00\",\"mainEntityOfPage\":{\"@id\":\"https:\/\/jorntrahus.se\/nyhet\/utforska-vara-villor-och-fritidshus-for-den-storre-familjen\/\"},\"wordCount\":801,\"publisher\":{\"@id\":\"https:\/\/jorntrahus.se\/#organization\"},\"image\":{\"@id\":\"https:\/\/jorntrahus.se\/nyhet\/utforska-vara-villor-och-fritidshus-for-den-storre-familjen\/#primaryimage\"},\"thumbnailUrl\":\"https:\/\/jorntrahus.se\/wp-content\/uploads\/2019\/06\/J\u00f6rntr\u00e4hus-Sk\u00e4ruddan-M-Suterr\u00e4ng-Villa-Speciall\u00f6sning-Husbyggsats-scaled.jpg\",\"articleSection\":[\"Inspiration\",\"Nyhet\"],\"inLanguage\":\"is\"},{\"@type\":\"WebPage\",\"@id\":\"https:\/\/jorntrahus.se\/nyhet\/utforska-vara-villor-och-fritidshus-for-den-storre-familjen\/\",\"url\":\"https:\/\/jorntrahus.se\/nyhet\/utforska-vara-villor-och-fritidshus-for-den-storre-familjen\/\",\"name\":\"Utforska v\u00e5ra villor & fritidshus f\u00f6r den st\u00f6rre familjen - J\u00f6rntr\u00e4hus\",\"isPartOf\":{\"@id\":\"https:\/\/jorntrahus.se\/#website\"},\"primaryImageOfPage\":{\"@id\":\"https:\/\/jorntrahus.se\/nyhet\/utforska-vara-villor-och-fritidshus-for-den-storre-familjen\/#primaryimage\"},\"image\":{\"@id\":\"https:\/\/jorntrahus.se\/nyhet\/utforska-vara-villor-och-fritidshus-for-den-storre-familjen\/#primaryimage\"},\"thumbnailUrl\":\"https:\/\/jorntrahus.se\/wp-content\/uploads\/2019\/06\/J\u00f6rntr\u00e4hus-Sk\u00e4ruddan-M-Suterr\u00e4ng-Villa-Speciall\u00f6sning-Husbyggsats-scaled.jpg\",\"datePublished\":\"2022-07-30T12:21:55+00:00\",\"dateModified\":\"2022-07-31T10:44:04+00:00\",\"breadcrumb\":{\"@id\":\"https:\/\/jorntrahus.se\/nyhet\/utforska-vara-villor-och-fritidshus-for-den-storre-familjen\/#breadcrumb\"},\"inLanguage\":\"is\",\"potentialAction\":[{\"@type\":\"ReadAction\",\"target\":[\"https:\/\/jorntrahus.se\/nyhet\/utforska-vara-villor-och-fritidshus-for-den-storre-familjen\/\"]}]},{\"@type\":\"ImageObject\",\"inLanguage\":\"is\",\"@id\":\"https:\/\/jorntrahus.se\/nyhet\/utforska-vara-villor-och-fritidshus-for-den-storre-familjen\/#primaryimage\",\"url\":\"https:\/\/jorntrahus.se\/wp-content\/uploads\/2019\/06\/J\u00f6rntr\u00e4hus-Sk\u00e4ruddan-M-Suterr\u00e4ng-Villa-Speciall\u00f6sning-Husbyggsats-scaled.jpg\",\"contentUrl\":\"https:\/\/jorntrahus.se\/wp-content\/uploads\/2019\/06\/J\u00f6rntr\u00e4hus-Sk\u00e4ruddan-M-Suterr\u00e4ng-Villa-Speciall\u00f6sning-Husbyggsats-scaled.jpg\",\"width\":2560,\"height\":1705,\"caption\":\"J\u00f6rntr\u00e4hus Sk\u00e4rudden 164 Suterr\u00e4ng Villa Speciall\u00f6sning Husbyggsats\"},{\"@type\":\"BreadcrumbList\",\"@id\":\"https:\/\/jorntrahus.se\/nyhet\/utforska-vara-villor-och-fritidshus-for-den-storre-familjen\/#breadcrumb\",\"itemListElement\":[{\"@type\":\"ListItem\",\"position\":1,\"name\":\"Hem\",\"item\":\"https:\/\/jorntrahus.se\/\"},{\"@type\":\"ListItem\",\"position\":2,\"name\":\"Utforska v\u00e5ra villor &#038; fritidshus f\u00f6r den st\u00f6rre familjen\"}]},{\"@type\":\"WebSite\",\"@id\":\"https:\/\/jorntrahus.se\/#website\",\"url\":\"https:\/\/jorntrahus.se\/\",\"name\":\"J\u00f6rntr\u00e4hus\",\"description\":\"Hus f\u00f6r den medvetne\",\"publisher\":{\"@id\":\"https:\/\/jorntrahus.se\/#organization\"},\"potentialAction\":[{\"@type\":\"SearchAction\",\"target\":{\"@type\":\"EntryPoint\",\"urlTemplate\":\"https:\/\/jorntrahus.se\/?s={search_term_string}\"},\"query-input\":{\"@type\":\"PropertyValueSpecification\",\"valueRequired\":true,\"valueName\":\"search_term_string\"}}],\"inLanguage\":\"is\"},{\"@type\":\"Organization\",\"@id\":\"https:\/\/jorntrahus.se\/#organization\",\"name\":\"J\u00f6rntr\u00e4hus\",\"url\":\"https:\/\/jorntrahus.se\/\",\"logo\":{\"@type\":\"ImageObject\",\"inLanguage\":\"is\",\"@id\":\"https:\/\/jorntrahus.se\/#\/schema\/logo\/image\/\",\"url\":\"https:\/\/jorntrahus.se\/wp-content\/uploads\/2020\/09\/Jorntrahus_Grund_CMYK.eps\",\"contentUrl\":\"https:\/\/jorntrahus.se\/wp-content\/uploads\/2020\/09\/Jorntrahus_Grund_CMYK.eps\",\"width\":1,\"height\":1,\"caption\":\"J\u00f6rntr\u00e4hus\"},\"image\":{\"@id\":\"https:\/\/jorntrahus.se\/#\/schema\/logo\/image\/\"}},{\"@type\":\"Person\",\"@id\":\"https:\/\/jorntrahus.se\/#\/schema\/person\/1d486a26d13d4df455271c2f02f5ef5c\",\"name\":\"J\u00f6rntr\u00e4hus\",\"image\":{\"@type\":\"ImageObject\",\"inLanguage\":\"is\",\"@id\":\"https:\/\/secure.gravatar.com\/avatar\/e9b8fcf3c4d64603cd3ec2eb8588179dabe6c74041e8c2a09d7ca9e0900a4ad3?s=96&d=mm&r=g\",\"url\":\"https:\/\/secure.gravatar.com\/avatar\/e9b8fcf3c4d64603cd3ec2eb8588179dabe6c74041e8c2a09d7ca9e0900a4ad3?s=96&d=mm&r=g\",\"contentUrl\":\"https:\/\/secure.gravatar.com\/avatar\/e9b8fcf3c4d64603cd3ec2eb8588179dabe6c74041e8c2a09d7ca9e0900a4ad3?s=96&d=mm&r=g\",\"caption\":\"J\u00f6rntr\u00e4hus\"},\"sameAs\":[\"https:\/\/jorntrahus.se\"],\"url\":\"https:\/\/jorntrahus.se\/is\/author\/jorntrahus\/\"}]}<\/script>\n<!-- \/ Yoast SEO plugin. -->","yoast_head_json":{"title":"Sko\u00f0a\u00f0u villurnar okkar og fr\u00edstundah\u00fas fyrir st\u00e6rri fj\u00f6lskylduna - J\u00f6rntr\u00e4hus","robots":{"index":"index","follow":"follow","max-snippet":"max-snippet:-1","max-image-preview":"max-image-preview:large","max-video-preview":"max-video-preview:-1"},"canonical":"https:\/\/jorntrahus.se\/is\/nyjung\/skodadu-villurnar-okkar-og-fristundahusin-fyrir-staerri-fjolskylduna\/","og_locale":"is_IS","og_type":"article","og_title":"Utforska v\u00e5ra villor & fritidshus f\u00f6r den st\u00f6rre familjen - J\u00f6rntr\u00e4hus","og_description":"H\u00e4r presenterar vi tre utvalda modeller som vi tror ska falla i smaken f\u00f6r er som \u00e4r p\u00e5 jakt efter det st\u00f6rre fritidshuset eller villan f\u00f6r ert kommande permanentboende.","og_url":"https:\/\/jorntrahus.se\/is\/nyjung\/skodadu-villurnar-okkar-og-fristundahusin-fyrir-staerri-fjolskylduna\/","og_site_name":"J\u00f6rntr\u00e4hus","article_published_time":"2022-07-30T12:21:55+00:00","article_modified_time":"2022-07-31T10:44:04+00:00","og_image":[{"width":2560,"height":1705,"url":"https:\/\/jorntrahus.se\/wp-content\/uploads\/2019\/06\/J\u00f6rntr\u00e4hus-Sk\u00e4ruddan-M-Suterr\u00e4ng-Villa-Speciall\u00f6sning-Husbyggsats-scaled.jpg","type":"image\/jpeg"}],"author":"J\u00f6rntr\u00e4hus","twitter_card":"summary_large_image","twitter_misc":{"Written by":"J\u00f6rntr\u00e4hus","Est. reading time":"3 minutes"},"schema":{"@context":"https:\/\/schema.org","@graph":[{"@type":"Article","@id":"https:\/\/jorntrahus.se\/nyhet\/utforska-vara-villor-och-fritidshus-for-den-storre-familjen\/#article","isPartOf":{"@id":"https:\/\/jorntrahus.se\/nyhet\/utforska-vara-villor-och-fritidshus-for-den-storre-familjen\/"},"author":{"name":"J\u00f6rntr\u00e4hus","@id":"https:\/\/jorntrahus.se\/#\/schema\/person\/1d486a26d13d4df455271c2f02f5ef5c"},"headline":"Utforska v\u00e5ra villor &#038; fritidshus f\u00f6r den st\u00f6rre familjen","datePublished":"2022-07-30T12:21:55+00:00","dateModified":"2022-07-31T10:44:04+00:00","mainEntityOfPage":{"@id":"https:\/\/jorntrahus.se\/nyhet\/utforska-vara-villor-och-fritidshus-for-den-storre-familjen\/"},"wordCount":801,"publisher":{"@id":"https:\/\/jorntrahus.se\/#organization"},"image":{"@id":"https:\/\/jorntrahus.se\/nyhet\/utforska-vara-villor-och-fritidshus-for-den-storre-familjen\/#primaryimage"},"thumbnailUrl":"https:\/\/jorntrahus.se\/wp-content\/uploads\/2019\/06\/J\u00f6rntr\u00e4hus-Sk\u00e4ruddan-M-Suterr\u00e4ng-Villa-Speciall\u00f6sning-Husbyggsats-scaled.jpg","articleSection":["Inspiration","Nyhet"],"inLanguage":"is"},{"@type":"WebPage","@id":"https:\/\/jorntrahus.se\/nyhet\/utforska-vara-villor-och-fritidshus-for-den-storre-familjen\/","url":"https:\/\/jorntrahus.se\/nyhet\/utforska-vara-villor-och-fritidshus-for-den-storre-familjen\/","name":"Sko\u00f0a\u00f0u villurnar okkar og fr\u00edstundah\u00fas fyrir st\u00e6rri fj\u00f6lskylduna - J\u00f6rntr\u00e4hus","isPartOf":{"@id":"https:\/\/jorntrahus.se\/#website"},"primaryImageOfPage":{"@id":"https:\/\/jorntrahus.se\/nyhet\/utforska-vara-villor-och-fritidshus-for-den-storre-familjen\/#primaryimage"},"image":{"@id":"https:\/\/jorntrahus.se\/nyhet\/utforska-vara-villor-och-fritidshus-for-den-storre-familjen\/#primaryimage"},"thumbnailUrl":"https:\/\/jorntrahus.se\/wp-content\/uploads\/2019\/06\/J\u00f6rntr\u00e4hus-Sk\u00e4ruddan-M-Suterr\u00e4ng-Villa-Speciall\u00f6sning-Husbyggsats-scaled.jpg","datePublished":"2022-07-30T12:21:55+00:00","dateModified":"2022-07-31T10:44:04+00:00","breadcrumb":{"@id":"https:\/\/jorntrahus.se\/nyhet\/utforska-vara-villor-och-fritidshus-for-den-storre-familjen\/#breadcrumb"},"inLanguage":"is","potentialAction":[{"@type":"ReadAction","target":["https:\/\/jorntrahus.se\/nyhet\/utforska-vara-villor-och-fritidshus-for-den-storre-familjen\/"]}]},{"@type":"ImageObject","inLanguage":"is","@id":"https:\/\/jorntrahus.se\/nyhet\/utforska-vara-villor-och-fritidshus-for-den-storre-familjen\/#primaryimage","url":"https:\/\/jorntrahus.se\/wp-content\/uploads\/2019\/06\/J\u00f6rntr\u00e4hus-Sk\u00e4ruddan-M-Suterr\u00e4ng-Villa-Speciall\u00f6sning-Husbyggsats-scaled.jpg","contentUrl":"https:\/\/jorntrahus.se\/wp-content\/uploads\/2019\/06\/J\u00f6rntr\u00e4hus-Sk\u00e4ruddan-M-Suterr\u00e4ng-Villa-Speciall\u00f6sning-Husbyggsats-scaled.jpg","width":2560,"height":1705,"caption":"J\u00f6rntr\u00e4hus Sk\u00e4rudden 164 Suterr\u00e4ng Villa Speciall\u00f6sning Husbyggsats"},{"@type":"BreadcrumbList","@id":"https:\/\/jorntrahus.se\/nyhet\/utforska-vara-villor-och-fritidshus-for-den-storre-familjen\/#breadcrumb","itemListElement":[{"@type":"ListItem","position":1,"name":"Hem","item":"https:\/\/jorntrahus.se\/"},{"@type":"ListItem","position":2,"name":"Utforska v\u00e5ra villor &#038; fritidshus f\u00f6r den st\u00f6rre familjen"}]},{"@type":"WebSite","@id":"https:\/\/jorntrahus.se\/#website","url":"https:\/\/jorntrahus.se\/","name":"J\u00f6rntr\u00e4hus","description":"H\u00fas fyrir me\u00f0vita\u00f0a","publisher":{"@id":"https:\/\/jorntrahus.se\/#organization"},"potentialAction":[{"@type":"SearchAction","target":{"@type":"EntryPoint","urlTemplate":"https:\/\/jorntrahus.se\/?s={search_term_string}"},"query-input":{"@type":"PropertyValueSpecification","valueRequired":true,"valueName":"search_term_string"}}],"inLanguage":"is"},{"@type":"Organization","@id":"https:\/\/jorntrahus.se\/#organization","name":"J\u00f6rntr\u00e4hus","url":"https:\/\/jorntrahus.se\/","logo":{"@type":"ImageObject","inLanguage":"is","@id":"https:\/\/jorntrahus.se\/#\/schema\/logo\/image\/","url":"https:\/\/jorntrahus.se\/wp-content\/uploads\/2020\/09\/Jorntrahus_Grund_CMYK.eps","contentUrl":"https:\/\/jorntrahus.se\/wp-content\/uploads\/2020\/09\/Jorntrahus_Grund_CMYK.eps","width":1,"height":1,"caption":"J\u00f6rntr\u00e4hus"},"image":{"@id":"https:\/\/jorntrahus.se\/#\/schema\/logo\/image\/"}},{"@type":"Person","@id":"https:\/\/jorntrahus.se\/#\/schema\/person\/1d486a26d13d4df455271c2f02f5ef5c","name":"J\u00f6rntr\u00e4hus","image":{"@type":"ImageObject","inLanguage":"is","@id":"https:\/\/secure.gravatar.com\/avatar\/e9b8fcf3c4d64603cd3ec2eb8588179dabe6c74041e8c2a09d7ca9e0900a4ad3?s=96&d=mm&r=g","url":"https:\/\/secure.gravatar.com\/avatar\/e9b8fcf3c4d64603cd3ec2eb8588179dabe6c74041e8c2a09d7ca9e0900a4ad3?s=96&d=mm&r=g","contentUrl":"https:\/\/secure.gravatar.com\/avatar\/e9b8fcf3c4d64603cd3ec2eb8588179dabe6c74041e8c2a09d7ca9e0900a4ad3?s=96&d=mm&r=g","caption":"J\u00f6rntr\u00e4hus"},"sameAs":["https:\/\/jorntrahus.se"],"url":"https:\/\/jorntrahus.se\/is\/author\/jorntrahus\/"}]}},"publishpress_future_action":{"enabled":false,"date":"2026-05-06 18:48:16","action":"change-status","newStatus":"draft","terms":[],"taxonomy":"category","extraData":[]},"publishpress_future_workflow_manual_trigger":{"enabledWorkflows":[]},"_links":{"self":[{"href":"https:\/\/jorntrahus.se\/is\/wp-json\/wp\/v2\/posts\/13511","targetHints":{"allow":["GET"]}}],"collection":[{"href":"https:\/\/jorntrahus.se\/is\/wp-json\/wp\/v2\/posts"}],"about":[{"href":"https:\/\/jorntrahus.se\/is\/wp-json\/wp\/v2\/types\/post"}],"author":[{"embeddable":true,"href":"https:\/\/jorntrahus.se\/is\/wp-json\/wp\/v2\/users\/2"}],"replies":[{"embeddable":true,"href":"https:\/\/jorntrahus.se\/is\/wp-json\/wp\/v2\/comments?post=13511"}],"version-history":[{"count":18,"href":"https:\/\/jorntrahus.se\/is\/wp-json\/wp\/v2\/posts\/13511\/revisions"}],"predecessor-version":[{"id":13534,"href":"https:\/\/jorntrahus.se\/is\/wp-json\/wp\/v2\/posts\/13511\/revisions\/13534"}],"wp:featuredmedia":[{"embeddable":true,"href":"https:\/\/jorntrahus.se\/is\/wp-json\/wp\/v2\/media\/11177"}],"wp:attachment":[{"href":"https:\/\/jorntrahus.se\/is\/wp-json\/wp\/v2\/media?parent=13511"}],"wp:term":[{"taxonomy":"category","embeddable":true,"href":"https:\/\/jorntrahus.se\/is\/wp-json\/wp\/v2\/categories?post=13511"},{"taxonomy":"post_tag","embeddable":true,"href":"https:\/\/jorntrahus.se\/is\/wp-json\/wp\/v2\/tags?post=13511"}],"curies":[{"name":"vp","href":"https:\/\/api.w.org\/{rel}","templated":true}]}}