{"id":14636,"date":"2024-02-12T15:37:51","date_gmt":"2024-02-12T14:37:51","guid":{"rendered":"https:\/\/jorntrahus.se\/?p=14636"},"modified":"2024-09-02T10:39:11","modified_gmt":"2024-09-02T08:39:11","slug":"petur-nyr-forstjori-hja-jorntrahus","status":"publish","type":"post","link":"https:\/\/jorntrahus.se\/is\/foretagsnytt\/peter-ny-vd-pa-jorntrahus\/","title":{"rendered":"P\u00e9tur \u2013 n\u00fdr forstj\u00f3ri J\u00f6rntr\u00e4hus"},"content":{"rendered":"<p><strong>Peter Gyllenberg hefur teki\u00f0 vi\u00f0 sem forstj\u00f3ri J\u00f6rntr\u00e4hus. Hann var \u00e1\u00f0ur starfandi framlei\u00f0slustj\u00f3ri hj\u00e1 fyrirt\u00e6kinu og framkv\u00e6mdastj\u00f3ri KMA hj\u00e1 Contractor Holding.<\/strong><\/p>\n<p><em>\u2013 \u00deetta er skemmtilegt og innbl\u00e1sandi, 2024 l\u00edtur \u00fat fyrir a\u00f0 ver\u00f0a gott \u00e1r fyrir J\u00f6rntr\u00e4hus, segir hann.<\/em><\/p>\n<p>Peter Gyllenberg mun starfa hj\u00e1 J\u00f6rn fr\u00e1 og me\u00f0 1. febr\u00faar og ver\u00f0ur \u00ed leyfi fr\u00e1 starfi s\u00ednu hj\u00e1 Contractor Holding \u00fea\u00f0 sem eftir er \u00e1rsins. Me\u00f0 \u00fev\u00ed a\u00f0 skipta \u00far framlei\u00f0slustj\u00f3ra \u00ed forstj\u00f3ra mun hann einnig bera \u00e1byrg\u00f0 \u00e1 hv\u00edtflibbastarfsm\u00f6nnum fyrirt\u00e6kisins og sumum samskiptum vi\u00f0 vi\u00f0skiptavini.<\/p>\n<p>Eftir erfitt t\u00edmabil hefur J\u00f6rntr\u00e4hus sn\u00fai\u00f0 vi\u00f0 bla\u00f0inu. Ni\u00f0urst\u00f6\u00f0ur fyrir \u00e1ri\u00f0 2023 voru j\u00e1kv\u00e6\u00f0ar, fyrirspurnir um h\u00fas, b\u00e6\u00f0i einb\u00fdlish\u00fas og fj\u00f6lb\u00fdlish\u00fas, eru a\u00f0 aukast og framlei\u00f0slul\u00edna fyrirt\u00e6kisins hefur veri\u00f0 uppf\u00e6r\u00f0.<\/p>\n<p><em>\u2013 Framlei\u00f0slugrunnur okkar n\u00e6r n\u00fana til loka ma\u00ed og byrjun j\u00fan\u00ed. Og \u00e9g geri r\u00e1\u00f0 fyrir a\u00f0 vi\u00f0 ver\u00f0um l\u00edka upptekin \u00e1 haustin. \u00deannig a\u00f0 framt\u00ed\u00f0in l\u00edtur bj\u00f6rt \u00fat fyrir fyrirt\u00e6ki\u00f0, segir P\u00e9tur a\u00f0 lokum.<\/em><\/p>","protected":false},"excerpt":{"rendered":"<p>Peter Gyllenberg hefur teki\u00f0 vi\u00f0 sem forstj\u00f3ri J\u00f6rntr\u00e4hus. Hann var \u00e1\u00f0ur starfandi framlei\u00f0slustj\u00f3ri hj\u00e1 fyrirt\u00e6kinu og framkv\u00e6mdastj\u00f3ri KMA hj\u00e1 Contractor Holding.<\/p>","protected":false},"author":1,"featured_media":14637,"comment_status":"closed","ping_status":"open","sticky":false,"template":"","format":"standard","meta":{"footnotes":""},"categories":[1199,6],"tags":[1484,1482],"class_list":["post-14636","post","type-post","status-publish","format-standard","has-post-thumbnail","hentry","category-foretagsnytt","category-nyhet","tag-peter-gyllenberg","tag-vd"],"yoast_head":"<!-- This site is optimized with the Yoast SEO plugin v27.2 - https:\/\/yoast.com\/product\/yoast-seo-wordpress\/ -->\n<title>Peter \u2013 ny vd p\u00e5 J\u00f6rntr\u00e4hus - J\u00f6rntr\u00e4hus<\/title>\n<meta name=\"robots\" content=\"index, follow, max-snippet:-1, max-image-preview:large, max-video-preview:-1\" \/>\n<link rel=\"canonical\" href=\"https:\/\/jorntrahus.se\/is\/frettir-fyrirtaekisins\/petur-nyr-forstjori-hja-jorntrahus\/\" \/>\n<meta property=\"og:locale\" content=\"is_IS\" \/>\n<meta property=\"og:type\" content=\"article\" \/>\n<meta property=\"og:title\" content=\"Peter \u2013 ny vd p\u00e5 J\u00f6rntr\u00e4hus - J\u00f6rntr\u00e4hus\" \/>\n<meta property=\"og:description\" content=\"Peter Gyllenberg har tilltr\u00e4tt som vd f\u00f6r J\u00f6rntr\u00e4hus. Han har tidigare varit tillf\u00f6rordnad produktionschef p\u00e5 bolaget och KMA-chef p\u00e5 Contractor Holding.\" \/>\n<meta property=\"og:url\" content=\"https:\/\/jorntrahus.se\/is\/frettir-fyrirtaekisins\/petur-nyr-forstjori-hja-jorntrahus\/\" \/>\n<meta property=\"og:site_name\" content=\"J\u00f6rntr\u00e4hus\" \/>\n<meta property=\"article:published_time\" content=\"2024-02-12T14:37:51+00:00\" \/>\n<meta property=\"article:modified_time\" content=\"2024-09-02T08:39:11+00:00\" \/>\n<meta property=\"og:image\" content=\"https:\/\/jorntrahus.se\/wp-content\/uploads\/2024\/09\/Jorntrahus-VD-Peter-Gyllenberg-Fritidshus-Modulhus-Husbyggsatser-med-bakgrund-logo-webb.jpg\" \/>\n\t<meta property=\"og:image:width\" content=\"2400\" \/>\n\t<meta property=\"og:image:height\" content=\"1600\" \/>\n\t<meta property=\"og:image:type\" content=\"image\/jpeg\" \/>\n<meta name=\"author\" content=\"jth-admin\" \/>\n<meta name=\"twitter:card\" content=\"summary_large_image\" \/>\n<meta name=\"twitter:label1\" content=\"Written by\" \/>\n\t<meta name=\"twitter:data1\" content=\"jth-admin\" \/>\n\t<meta name=\"twitter:label2\" content=\"Est. reading time\" \/>\n\t<meta name=\"twitter:data2\" content=\"1 minute\" \/>\n<script type=\"application\/ld+json\" class=\"yoast-schema-graph\">{\"@context\":\"https:\/\/schema.org\",\"@graph\":[{\"@type\":\"Article\",\"@id\":\"https:\/\/jorntrahus.se\/foretagsnytt\/peter-ny-vd-pa-jorntrahus\/#article\",\"isPartOf\":{\"@id\":\"https:\/\/jorntrahus.se\/foretagsnytt\/peter-ny-vd-pa-jorntrahus\/\"},\"author\":{\"name\":\"jth-admin\",\"@id\":\"https:\/\/jorntrahus.se\/#\/schema\/person\/c10d0c3f5b80794e7d5dffb9eadc8041\"},\"headline\":\"Peter \u2013 ny vd p\u00e5 J\u00f6rntr\u00e4hus\",\"datePublished\":\"2024-02-12T14:37:51+00:00\",\"dateModified\":\"2024-09-02T08:39:11+00:00\",\"mainEntityOfPage\":{\"@id\":\"https:\/\/jorntrahus.se\/foretagsnytt\/peter-ny-vd-pa-jorntrahus\/\"},\"wordCount\":186,\"publisher\":{\"@id\":\"https:\/\/jorntrahus.se\/#organization\"},\"image\":{\"@id\":\"https:\/\/jorntrahus.se\/foretagsnytt\/peter-ny-vd-pa-jorntrahus\/#primaryimage\"},\"thumbnailUrl\":\"https:\/\/jorntrahus.se\/wp-content\/uploads\/2024\/09\/Jorntrahus-VD-Peter-Gyllenberg-Fritidshus-Modulhus-Husbyggsatser-med-bakgrund-logo-webb.jpg\",\"keywords\":[\"Peter Gyllenberg\",\"VD\"],\"articleSection\":[\"F\u00f6retagsnytt\",\"Nyhet\"],\"inLanguage\":\"is\"},{\"@type\":\"WebPage\",\"@id\":\"https:\/\/jorntrahus.se\/foretagsnytt\/peter-ny-vd-pa-jorntrahus\/\",\"url\":\"https:\/\/jorntrahus.se\/foretagsnytt\/peter-ny-vd-pa-jorntrahus\/\",\"name\":\"Peter \u2013 ny vd p\u00e5 J\u00f6rntr\u00e4hus - J\u00f6rntr\u00e4hus\",\"isPartOf\":{\"@id\":\"https:\/\/jorntrahus.se\/#website\"},\"primaryImageOfPage\":{\"@id\":\"https:\/\/jorntrahus.se\/foretagsnytt\/peter-ny-vd-pa-jorntrahus\/#primaryimage\"},\"image\":{\"@id\":\"https:\/\/jorntrahus.se\/foretagsnytt\/peter-ny-vd-pa-jorntrahus\/#primaryimage\"},\"thumbnailUrl\":\"https:\/\/jorntrahus.se\/wp-content\/uploads\/2024\/09\/Jorntrahus-VD-Peter-Gyllenberg-Fritidshus-Modulhus-Husbyggsatser-med-bakgrund-logo-webb.jpg\",\"datePublished\":\"2024-02-12T14:37:51+00:00\",\"dateModified\":\"2024-09-02T08:39:11+00:00\",\"breadcrumb\":{\"@id\":\"https:\/\/jorntrahus.se\/foretagsnytt\/peter-ny-vd-pa-jorntrahus\/#breadcrumb\"},\"inLanguage\":\"is\",\"potentialAction\":[{\"@type\":\"ReadAction\",\"target\":[\"https:\/\/jorntrahus.se\/foretagsnytt\/peter-ny-vd-pa-jorntrahus\/\"]}]},{\"@type\":\"ImageObject\",\"inLanguage\":\"is\",\"@id\":\"https:\/\/jorntrahus.se\/foretagsnytt\/peter-ny-vd-pa-jorntrahus\/#primaryimage\",\"url\":\"https:\/\/jorntrahus.se\/wp-content\/uploads\/2024\/09\/Jorntrahus-VD-Peter-Gyllenberg-Fritidshus-Modulhus-Husbyggsatser-med-bakgrund-logo-webb.jpg\",\"contentUrl\":\"https:\/\/jorntrahus.se\/wp-content\/uploads\/2024\/09\/Jorntrahus-VD-Peter-Gyllenberg-Fritidshus-Modulhus-Husbyggsatser-med-bakgrund-logo-webb.jpg\",\"width\":2400,\"height\":1600,\"caption\":\"Jo\u0308rntra\u0308hus VD Peter Gyllenberg Fritidshus Modulhus Husbyggsatser med bakgrund logo webb\"},{\"@type\":\"BreadcrumbList\",\"@id\":\"https:\/\/jorntrahus.se\/foretagsnytt\/peter-ny-vd-pa-jorntrahus\/#breadcrumb\",\"itemListElement\":[{\"@type\":\"ListItem\",\"position\":1,\"name\":\"Hem\",\"item\":\"https:\/\/jorntrahus.se\/\"},{\"@type\":\"ListItem\",\"position\":2,\"name\":\"Peter \u2013 ny vd p\u00e5 J\u00f6rntr\u00e4hus\"}]},{\"@type\":\"WebSite\",\"@id\":\"https:\/\/jorntrahus.se\/#website\",\"url\":\"https:\/\/jorntrahus.se\/\",\"name\":\"J\u00f6rntr\u00e4hus\",\"description\":\"Hus f\u00f6r den medvetne\",\"publisher\":{\"@id\":\"https:\/\/jorntrahus.se\/#organization\"},\"potentialAction\":[{\"@type\":\"SearchAction\",\"target\":{\"@type\":\"EntryPoint\",\"urlTemplate\":\"https:\/\/jorntrahus.se\/?s={search_term_string}\"},\"query-input\":{\"@type\":\"PropertyValueSpecification\",\"valueRequired\":true,\"valueName\":\"search_term_string\"}}],\"inLanguage\":\"is\"},{\"@type\":\"Organization\",\"@id\":\"https:\/\/jorntrahus.se\/#organization\",\"name\":\"J\u00f6rntr\u00e4hus\",\"url\":\"https:\/\/jorntrahus.se\/\",\"logo\":{\"@type\":\"ImageObject\",\"inLanguage\":\"is\",\"@id\":\"https:\/\/jorntrahus.se\/#\/schema\/logo\/image\/\",\"url\":\"https:\/\/jorntrahus.se\/wp-content\/uploads\/2020\/09\/Jorntrahus_Grund_CMYK.eps\",\"contentUrl\":\"https:\/\/jorntrahus.se\/wp-content\/uploads\/2020\/09\/Jorntrahus_Grund_CMYK.eps\",\"width\":1,\"height\":1,\"caption\":\"J\u00f6rntr\u00e4hus\"},\"image\":{\"@id\":\"https:\/\/jorntrahus.se\/#\/schema\/logo\/image\/\"}},{\"@type\":\"Person\",\"@id\":\"https:\/\/jorntrahus.se\/#\/schema\/person\/c10d0c3f5b80794e7d5dffb9eadc8041\",\"name\":\"jth-admin\",\"image\":{\"@type\":\"ImageObject\",\"inLanguage\":\"is\",\"@id\":\"https:\/\/secure.gravatar.com\/avatar\/4bcde4f9cfbb7b09c9605f445ac3993dc54ba3973c8abb86ad7caea3e386f6c8?s=96&d=mm&r=g\",\"url\":\"https:\/\/secure.gravatar.com\/avatar\/4bcde4f9cfbb7b09c9605f445ac3993dc54ba3973c8abb86ad7caea3e386f6c8?s=96&d=mm&r=g\",\"contentUrl\":\"https:\/\/secure.gravatar.com\/avatar\/4bcde4f9cfbb7b09c9605f445ac3993dc54ba3973c8abb86ad7caea3e386f6c8?s=96&d=mm&r=g\",\"caption\":\"jth-admin\"},\"url\":\"https:\/\/jorntrahus.se\/is\/author\/jth-admin\/\"}]}<\/script>\n<!-- \/ Yoast SEO plugin. -->","yoast_head_json":{"title":"P\u00e9tur \u2013 n\u00fdr forstj\u00f3ri hj\u00e1 J\u00f6rntr\u00e4hus - J\u00f6rntr\u00e4hus","robots":{"index":"index","follow":"follow","max-snippet":"max-snippet:-1","max-image-preview":"max-image-preview:large","max-video-preview":"max-video-preview:-1"},"canonical":"https:\/\/jorntrahus.se\/is\/frettir-fyrirtaekisins\/petur-nyr-forstjori-hja-jorntrahus\/","og_locale":"is_IS","og_type":"article","og_title":"Peter \u2013 ny vd p\u00e5 J\u00f6rntr\u00e4hus - J\u00f6rntr\u00e4hus","og_description":"Peter Gyllenberg har tilltr\u00e4tt som vd f\u00f6r J\u00f6rntr\u00e4hus. Han har tidigare varit tillf\u00f6rordnad produktionschef p\u00e5 bolaget och KMA-chef p\u00e5 Contractor Holding.","og_url":"https:\/\/jorntrahus.se\/is\/frettir-fyrirtaekisins\/petur-nyr-forstjori-hja-jorntrahus\/","og_site_name":"J\u00f6rntr\u00e4hus","article_published_time":"2024-02-12T14:37:51+00:00","article_modified_time":"2024-09-02T08:39:11+00:00","og_image":[{"width":2400,"height":1600,"url":"https:\/\/jorntrahus.se\/wp-content\/uploads\/2024\/09\/Jorntrahus-VD-Peter-Gyllenberg-Fritidshus-Modulhus-Husbyggsatser-med-bakgrund-logo-webb.jpg","type":"image\/jpeg"}],"author":"jth-admin","twitter_card":"summary_large_image","twitter_misc":{"Written by":"jth-admin","Est. reading time":"1 minute"},"schema":{"@context":"https:\/\/schema.org","@graph":[{"@type":"Article","@id":"https:\/\/jorntrahus.se\/foretagsnytt\/peter-ny-vd-pa-jorntrahus\/#article","isPartOf":{"@id":"https:\/\/jorntrahus.se\/foretagsnytt\/peter-ny-vd-pa-jorntrahus\/"},"author":{"name":"jth-admin","@id":"https:\/\/jorntrahus.se\/#\/schema\/person\/c10d0c3f5b80794e7d5dffb9eadc8041"},"headline":"Peter \u2013 ny vd p\u00e5 J\u00f6rntr\u00e4hus","datePublished":"2024-02-12T14:37:51+00:00","dateModified":"2024-09-02T08:39:11+00:00","mainEntityOfPage":{"@id":"https:\/\/jorntrahus.se\/foretagsnytt\/peter-ny-vd-pa-jorntrahus\/"},"wordCount":186,"publisher":{"@id":"https:\/\/jorntrahus.se\/#organization"},"image":{"@id":"https:\/\/jorntrahus.se\/foretagsnytt\/peter-ny-vd-pa-jorntrahus\/#primaryimage"},"thumbnailUrl":"https:\/\/jorntrahus.se\/wp-content\/uploads\/2024\/09\/Jorntrahus-VD-Peter-Gyllenberg-Fritidshus-Modulhus-Husbyggsatser-med-bakgrund-logo-webb.jpg","keywords":["Peter Gyllenberg","VD"],"articleSection":["F\u00f6retagsnytt","Nyhet"],"inLanguage":"is"},{"@type":"WebPage","@id":"https:\/\/jorntrahus.se\/foretagsnytt\/peter-ny-vd-pa-jorntrahus\/","url":"https:\/\/jorntrahus.se\/foretagsnytt\/peter-ny-vd-pa-jorntrahus\/","name":"P\u00e9tur \u2013 n\u00fdr forstj\u00f3ri hj\u00e1 J\u00f6rntr\u00e4hus - J\u00f6rntr\u00e4hus","isPartOf":{"@id":"https:\/\/jorntrahus.se\/#website"},"primaryImageOfPage":{"@id":"https:\/\/jorntrahus.se\/foretagsnytt\/peter-ny-vd-pa-jorntrahus\/#primaryimage"},"image":{"@id":"https:\/\/jorntrahus.se\/foretagsnytt\/peter-ny-vd-pa-jorntrahus\/#primaryimage"},"thumbnailUrl":"https:\/\/jorntrahus.se\/wp-content\/uploads\/2024\/09\/Jorntrahus-VD-Peter-Gyllenberg-Fritidshus-Modulhus-Husbyggsatser-med-bakgrund-logo-webb.jpg","datePublished":"2024-02-12T14:37:51+00:00","dateModified":"2024-09-02T08:39:11+00:00","breadcrumb":{"@id":"https:\/\/jorntrahus.se\/foretagsnytt\/peter-ny-vd-pa-jorntrahus\/#breadcrumb"},"inLanguage":"is","potentialAction":[{"@type":"ReadAction","target":["https:\/\/jorntrahus.se\/foretagsnytt\/peter-ny-vd-pa-jorntrahus\/"]}]},{"@type":"ImageObject","inLanguage":"is","@id":"https:\/\/jorntrahus.se\/foretagsnytt\/peter-ny-vd-pa-jorntrahus\/#primaryimage","url":"https:\/\/jorntrahus.se\/wp-content\/uploads\/2024\/09\/Jorntrahus-VD-Peter-Gyllenberg-Fritidshus-Modulhus-Husbyggsatser-med-bakgrund-logo-webb.jpg","contentUrl":"https:\/\/jorntrahus.se\/wp-content\/uploads\/2024\/09\/Jorntrahus-VD-Peter-Gyllenberg-Fritidshus-Modulhus-Husbyggsatser-med-bakgrund-logo-webb.jpg","width":2400,"height":1600,"caption":"Jo\u0308rntra\u0308hus VD Peter Gyllenberg Fritidshus Modulhus Husbyggsatser med bakgrund logo webb"},{"@type":"BreadcrumbList","@id":"https:\/\/jorntrahus.se\/foretagsnytt\/peter-ny-vd-pa-jorntrahus\/#breadcrumb","itemListElement":[{"@type":"ListItem","position":1,"name":"Hem","item":"https:\/\/jorntrahus.se\/"},{"@type":"ListItem","position":2,"name":"Peter \u2013 ny vd p\u00e5 J\u00f6rntr\u00e4hus"}]},{"@type":"WebSite","@id":"https:\/\/jorntrahus.se\/#website","url":"https:\/\/jorntrahus.se\/","name":"J\u00f6rntr\u00e4hus","description":"H\u00fas fyrir me\u00f0vita\u00f0a","publisher":{"@id":"https:\/\/jorntrahus.se\/#organization"},"potentialAction":[{"@type":"SearchAction","target":{"@type":"EntryPoint","urlTemplate":"https:\/\/jorntrahus.se\/?s={search_term_string}"},"query-input":{"@type":"PropertyValueSpecification","valueRequired":true,"valueName":"search_term_string"}}],"inLanguage":"is"},{"@type":"Organization","@id":"https:\/\/jorntrahus.se\/#organization","name":"J\u00f6rntr\u00e4hus","url":"https:\/\/jorntrahus.se\/","logo":{"@type":"ImageObject","inLanguage":"is","@id":"https:\/\/jorntrahus.se\/#\/schema\/logo\/image\/","url":"https:\/\/jorntrahus.se\/wp-content\/uploads\/2020\/09\/Jorntrahus_Grund_CMYK.eps","contentUrl":"https:\/\/jorntrahus.se\/wp-content\/uploads\/2020\/09\/Jorntrahus_Grund_CMYK.eps","width":1,"height":1,"caption":"J\u00f6rntr\u00e4hus"},"image":{"@id":"https:\/\/jorntrahus.se\/#\/schema\/logo\/image\/"}},{"@type":"Person","@id":"https:\/\/jorntrahus.se\/#\/schema\/person\/c10d0c3f5b80794e7d5dffb9eadc8041","name":"jth-stj\u00f3rnandi","image":{"@type":"ImageObject","inLanguage":"is","@id":"https:\/\/secure.gravatar.com\/avatar\/4bcde4f9cfbb7b09c9605f445ac3993dc54ba3973c8abb86ad7caea3e386f6c8?s=96&d=mm&r=g","url":"https:\/\/secure.gravatar.com\/avatar\/4bcde4f9cfbb7b09c9605f445ac3993dc54ba3973c8abb86ad7caea3e386f6c8?s=96&d=mm&r=g","contentUrl":"https:\/\/secure.gravatar.com\/avatar\/4bcde4f9cfbb7b09c9605f445ac3993dc54ba3973c8abb86ad7caea3e386f6c8?s=96&d=mm&r=g","caption":"jth-admin"},"url":"https:\/\/jorntrahus.se\/is\/author\/jth-admin\/"}]}},"publishpress_future_action":{"enabled":false,"date":"2026-05-09 13:58:30","action":"change-status","newStatus":"draft","terms":[],"taxonomy":"category","extraData":[]},"publishpress_future_workflow_manual_trigger":{"enabledWorkflows":[]},"_links":{"self":[{"href":"https:\/\/jorntrahus.se\/is\/wp-json\/wp\/v2\/posts\/14636","targetHints":{"allow":["GET"]}}],"collection":[{"href":"https:\/\/jorntrahus.se\/is\/wp-json\/wp\/v2\/posts"}],"about":[{"href":"https:\/\/jorntrahus.se\/is\/wp-json\/wp\/v2\/types\/post"}],"author":[{"embeddable":true,"href":"https:\/\/jorntrahus.se\/is\/wp-json\/wp\/v2\/users\/1"}],"replies":[{"embeddable":true,"href":"https:\/\/jorntrahus.se\/is\/wp-json\/wp\/v2\/comments?post=14636"}],"version-history":[{"count":1,"href":"https:\/\/jorntrahus.se\/is\/wp-json\/wp\/v2\/posts\/14636\/revisions"}],"predecessor-version":[{"id":14638,"href":"https:\/\/jorntrahus.se\/is\/wp-json\/wp\/v2\/posts\/14636\/revisions\/14638"}],"wp:featuredmedia":[{"embeddable":true,"href":"https:\/\/jorntrahus.se\/is\/wp-json\/wp\/v2\/media\/14637"}],"wp:attachment":[{"href":"https:\/\/jorntrahus.se\/is\/wp-json\/wp\/v2\/media?parent=14636"}],"wp:term":[{"taxonomy":"category","embeddable":true,"href":"https:\/\/jorntrahus.se\/is\/wp-json\/wp\/v2\/categories?post=14636"},{"taxonomy":"post_tag","embeddable":true,"href":"https:\/\/jorntrahus.se\/is\/wp-json\/wp\/v2\/tags?post=14636"}],"curies":[{"name":"vp","href":"https:\/\/api.w.org\/{rel}","templated":true}]}}