{"id":14799,"date":"2025-01-14T14:15:37","date_gmt":"2025-01-14T13:15:37","guid":{"rendered":"https:\/\/jorntrahus.se\/?p=14799"},"modified":"2025-01-15T10:30:01","modified_gmt":"2025-01-15T09:30:01","slug":"vid-erum-ad-styrkja-soluhlutann-velkominn-aftur-gunnar","status":"publish","type":"post","link":"https:\/\/jorntrahus.se\/is\/foretagsnytt\/vi-starker-upp-pa-saljsidan-valkommen-tillbaks-gunnar\/","title":{"rendered":"Vi\u00f0 erum a\u00f0 styrkja s\u00f6luhlutann \u2013 velkominn aftur Gunnar"},"content":{"rendered":"<div class=\"row\"  id=\"row-519289260\">\n\n\t<div id=\"col-840620403\" class=\"col small-12 large-12\"  >\n\t\t\t\t<div class=\"col-inner\"  >\n\t\t\t\n\t\t\t\n<h3>Gunnar \u00d6lund er kominn aftur sem s\u00f6luma\u00f0ur hj\u00e1 okkur hj\u00e1 J\u00f6rntr\u00e4hus. Eftir nokkur \u00e1r \u00ed \u00f6\u00f0rum verkefnum sn\u00fdr hann n\u00fa aftur til fyrirt\u00e6kisins \u00fear sem hann starfa\u00f0i \u00e1\u00f0ur sem s\u00f6luma\u00f0ur me\u00f0 \u00e1herslu \u00e1 einkamarka\u00f0inn.<br \/>\n\u2013 \u00dea\u00f0 er fr\u00e1b\u00e6r tilfinning a\u00f0 vera kominn aftur! J\u00f6rntr\u00e4hus hefur alltaf veri\u00f0 fyrirt\u00e6ki \u00fear sem \u00e9g hef fundi\u00f0 mig eins og heima og \u00e9g hlakka til a\u00f0 byrja aftur, segir Gunnar.<\/h3>\n\t<div id=\"gap-557269375\" class=\"gap-element clearfix\" style=\"display:block; height:auto;\">\n\t\t\n<style>\n#gap-557269375 {\n  padding-top: 30px;\n}\n<\/style>\n\t<\/div>\n\t\n<p>Peter Gyllenberg, forstj\u00f3ri J\u00f6rntr\u00e4hus, er mj\u00f6g \u00e1n\u00e6g\u00f0ur me\u00f0 a\u00f0 Gunnar s\u00e9 kominn aftur.<br \/><em>\u201eA\u00f0 f\u00e1 reyndan s\u00f6lumann eins og Gunnar, sem \u00feekkir l\u00edka fyrirt\u00e6ki\u00f0 og v\u00f6rur okkar n\u00fa \u00feegar, er mikill kostur. Orka hans og vi\u00f0skiptavina\u00e1hersla er n\u00e1kv\u00e6mlega \u00fea\u00f0 sem vi\u00f0 \u00feurfum,\u201c segir P\u00e9tur.<\/em><\/p>\n<p>Gunnar, hva\u00f0 hefur \u00fe\u00fa gert s\u00ed\u00f0an \u00fe\u00fa vannst s\u00ed\u00f0ast hj\u00e1 J\u00f6rntr\u00e4hus?<br \/><em>\u2013 Eftir fyrri t\u00edma minn h\u00e9r hef \u00e9g unni\u00f0 vi\u00f0 vi\u00f0skipta\u00fer\u00f3un og innkaup \u00ed al\u00fej\u00f3\u00f0legra umhverfi, a\u00f0 sj\u00e1lfs\u00f6g\u00f0u enn tengdu vi\u00f0i. <\/em><em>\u00deetta hefur veri\u00f0 mj\u00f6g fr\u00e6\u00f0andi og gefi\u00f0 m\u00e9r d\u00fdpri skilning \u00e1 b\u00e6\u00f0i v\u00f6rufl\u00e6\u00f0i og \u00fe\u00f6rfum vi\u00f0skiptavina.<\/em><\/p>\n<p>Hva\u00f0 var \u00fea\u00f0 sem la\u00f0a\u00f0i \u00feig a\u00f0 \u00fev\u00ed a\u00f0 sn\u00faa aftur til J\u00f6rntr\u00e4hus?<br \/><em>\u2013 \u00c9g hef alltaf \u00e1tt hl\u00fdlegt samband vi\u00f0 fyrirt\u00e6ki\u00f0 og \u00feau fr\u00e1b\u00e6ru timburh\u00fas sem eru framleidd h\u00e9r \u00ed J\u00f6rn. \u00deegar t\u00e6kif\u00e6ri\u00f0 gafst fannst m\u00e9r e\u00f0lilegt a\u00f0 koma aftur. Marka\u00f0urinn hefur sn\u00faist vi\u00f0 og vi\u00f0 sj\u00e1um mikla eftirspurn eftir h\u00fassettunum sem vi\u00f0 framlei\u00f0um. \u00deetta er l\u00edka spennandi fyrirt\u00e6ki sem sameinar sj\u00e1lfb\u00e6rni, g\u00e6\u00f0i og n\u00fdsk\u00f6pun. \u00c9g hlakka til a\u00f0 hj\u00e1lpa einstaklingum a\u00f0 l\u00e1ta drauma s\u00edna um fr\u00edstundah\u00fas r\u00e6tast, en einnig til a\u00f0 leggja mitt af m\u00f6rkum til s\u00f6lu til fyrirt\u00e6kja.<\/em><\/p>\n\t<div id=\"gap-1841684062\" class=\"gap-element clearfix\" style=\"display:block; height:auto;\">\n\t\t\n<style>\n#gap-1841684062 {\n  padding-top: 30px;\n}\n<\/style>\n\t<\/div>\n\t\n<div class=\"row row-collapse align-center\"  id=\"row-323433107\">\n\n\t<div id=\"col-454323373\" class=\"col medium-8 small-12 large-8\"  >\n\t\t\t\t<div class=\"col-inner text-center\"  >\n\t\t\t\n\t\t\t\n\t<div id=\"text-3080901872\" class=\"text\">\n\t\t\n<h2 style=\"text-align: center;\">\u00bbOrka hans og vi\u00f0skiptavina\u00e1hersla er n\u00e1kv\u00e6mlega \u00fea\u00f0 sem vi\u00f0 \u00feurfum,\u00ab segir forstj\u00f3rinn Peter Gyllenberg.\u00ab<\/h2>\n\t\t\n<style>\n#text-3080901872 {\n  text-align: center;\n}\n<\/style>\n\t<\/div>\n\t\n\t\t<\/div>\n\t\t\t\t\n<style>\n#col-454323373 > .col-inner {\n  padding: 20px 0px 20px 0px;\n}\n@media (min-width:550px) {\n  #col-454323373 > .col-inner {\n    padding: 20px 50px 20px 50px;\n  }\n}\n@media (min-width:850px) {\n  #col-454323373 > .col-inner {\n    padding: 20px 100px 20px 100px;\n  }\n}\n<\/style>\n\t<\/div>\n\n\t\n<\/div>\n\t<div id=\"gap-1575038418\" class=\"gap-element clearfix\" style=\"display:block; height:auto;\">\n\t\t\n<style>\n#gap-1575038418 {\n  padding-top: 30px;\n}\n<\/style>\n\t<\/div>\n\t\n<p>Hva\u00f0 vonast \u00fe\u00fa til a\u00f0 geta f\u00e6rt hlutverki \u00fe\u00ednu fram?<br \/><em>\u2013 \u00c9g vil leggja b\u00e6\u00f0i af m\u00f6rkum me\u00f0 reynslu og orku. A\u00f0 skilja \u00fearfir vi\u00f0skiptavina og bj\u00f3\u00f0a upp \u00e1 lausnir sem henta \u00feeim er eitthva\u00f0 sem \u00e9g brenni sannarlega fyrir. \u00c9g hlakka l\u00edka til a\u00f0 \u00fer\u00f3a tengsl vi\u00f0 fyrirt\u00e6kjavi\u00f0skiptavini okkar og hj\u00e1lpa fleiri byggingarfyrirt\u00e6kjum a\u00f0 sj\u00e1 mikla kosti \u00feess a\u00f0 byggja me\u00f0 h\u00faseiningum fr\u00e1 okkur.<\/em><\/p>\n<p>Hvernig l\u00edtur \u00feetta \u00fat fyrir \u00feig utan vinnut\u00edma?<br \/><em>\u2013 St\u00f3r hluti af fr\u00edt\u00edma m\u00ednum og fj\u00f6lskyldu minnar fer \u00ed \u00fdmsar \u00ed\u00fer\u00f3ttir. \u00c9g hef almennt mikinn \u00e1huga \u00e1 a\u00f0 ey\u00f0a t\u00edma \u00ed n\u00e1tt\u00farunni \u2013 \u00e1 sumrin a\u00f0allega \u00ed formi vei\u00f0ifer\u00f0a b\u00e6\u00f0i til fjalla og stranda e\u00f0a \u00e1 einhverri krefjandi fjallahj\u00f3lalei\u00f0. \u00c1 veturna nota \u00e9g sk\u00ed\u00f0abrautirnar eins oft og \u00e9g get til a\u00f0 undirb\u00faa mig fyrir komandi Vasaloppi\u00f0 \u2013 \u00fea\u00f0 er fullkomin lei\u00f0 til a\u00f0 hla\u00f0a batter\u00edin.<\/em><\/p>\n<p>J\u00f6rntr\u00e4hus sk\u00ed\u00f0ali\u00f0i\u00f0 \u2013 munum vi\u00f0 sj\u00e1 endurkomu \u00fear l\u00edka?<br \/><em>\u201eMa\u00f0ur \u00e1 aldrei a\u00f0 segja aldrei,\u201c segir Gunnar a\u00f0 lokum me\u00f0 bros \u00e1 v\u00f6r.\u00a0<\/em><\/p>\n\t\t<\/div>\n\t\t\t\t\t<\/div>\n\n\t\n<\/div>\n<div class=\"row\"  id=\"row-638717194\">\n\n\t<div id=\"col-205952198\" class=\"col medium-6 small-12 large-6\"  >\n\t\t\t\t<div class=\"col-inner\"  >\n\t\t\t\n\t\t\t\n\t<div class=\"img has-hover x md-x lg-x y md-y lg-y\" id=\"image_672283242\">\n\t\t\t\t\t\t\t\t<div class=\"img-inner dark\" >\n\t\t\t<img loading=\"lazy\" decoding=\"async\" width=\"768\" height=\"960\" src=\"https:\/\/jorntrahus.se\/wp-content\/uploads\/2025\/01\/Jorntrahus-Ski-Team-Reklam-Spons-Skidbyxor-1-768x960.jpg\" class=\"attachment-medium_large size-medium_large\" alt=\"Augl\u00fdsingar fyrir sk\u00ed\u00f0ali\u00f0 Jorntrahus, styrktara\u00f0ila sk\u00ed\u00f0abuxur 1\" srcset=\"https:\/\/jorntrahus.se\/wp-content\/uploads\/2025\/01\/Jorntrahus-Ski-Team-Reklam-Spons-Skidbyxor-1-768x960.jpg 768w, https:\/\/jorntrahus.se\/wp-content\/uploads\/2025\/01\/Jorntrahus-Ski-Team-Reklam-Spons-Skidbyxor-1-720x900.jpg 720w, https:\/\/jorntrahus.se\/wp-content\/uploads\/2025\/01\/Jorntrahus-Ski-Team-Reklam-Spons-Skidbyxor-1.jpg 800w\" sizes=\"auto, (max-width: 768px) 100vw, 768px\" \/>\t\t\t\t\t\t\n\t\t\t\t\t<\/div>\n\t\t\t\t\t\t\t\t\n<style>\n#image_672283242 {\n  width: 100%;\n}\n<\/style>\n\t<\/div>\n\t\n\t\t<\/div>\n\t\t\t\t\t<\/div>\n\n\t\n\n\t<div id=\"col-1324695534\" class=\"col medium-6 small-12 large-6\"  >\n\t\t\t\t<div class=\"col-inner\"  >\n\t\t\t\n\t\t\t\n\t<div class=\"img has-hover x md-x lg-x y md-y lg-y\" id=\"image_1840312934\">\n\t\t\t\t\t\t\t\t<div class=\"img-inner dark\" >\n\t\t\t<img loading=\"lazy\" decoding=\"async\" width=\"768\" height=\"960\" src=\"https:\/\/jorntrahus.se\/wp-content\/uploads\/2025\/01\/Jorntrahus-Ski-Team-Gunnar-Olund-1-768x960.jpg\" class=\"attachment-medium_large size-medium_large\" alt=\"Sk\u00ed\u00f0asveit Jorntrahus Gunnar \u00d6lund 1\" srcset=\"https:\/\/jorntrahus.se\/wp-content\/uploads\/2025\/01\/Jorntrahus-Ski-Team-Gunnar-Olund-1-768x960.jpg 768w, https:\/\/jorntrahus.se\/wp-content\/uploads\/2025\/01\/Jorntrahus-Ski-Team-Gunnar-Olund-1-720x900.jpg 720w, https:\/\/jorntrahus.se\/wp-content\/uploads\/2025\/01\/Jorntrahus-Ski-Team-Gunnar-Olund-1.jpg 800w\" sizes=\"auto, (max-width: 768px) 100vw, 768px\" \/>\t\t\t\t\t\t\n\t\t\t\t\t<\/div>\n\t\t\t\t\t\t\t\t\n<style>\n#image_1840312934 {\n  width: 100%;\n}\n<\/style>\n\t<\/div>\n\t\n\t\t<\/div>\n\t\t\t\t\t<\/div>\n\n\t\n<\/div>\n\t<div id=\"gap-1026876306\" class=\"gap-element clearfix\" style=\"display:block; height:auto;\">\n\t\t\n<style>\n#gap-1026876306 {\n  padding-top: 60px;\n}\n<\/style>\n\t<\/div>\n\t\n<div class=\"row\"  id=\"row-1405554147\">\n\n\t<div id=\"col-891932047\" class=\"col medium-3 small-12 large-3\"  >\n\t\t\t\t<div class=\"col-inner\"  >\n\t\t\t\n\t\t\t\n\t\t<\/div>\n\t\t\t\t\t<\/div>\n\n\t\n\n\t<div id=\"col-445423289\" class=\"col medium-6 small-12 large-6\"  >\n\t\t\t\t<div class=\"col-inner\"  >\n\t\t\t\n\t\t\t\n<h2 style=\"text-align: center;\">Velkomin(n) a\u00f0 r\u00e6\u00f0a vi\u00f0 okkur um sj\u00e1lfb\u00e6r tr\u00e9h\u00fas!<\/h2>\n<p style=\"text-align: center;\">Vinsamlegast hafi\u00f0 samband vi\u00f0 Gunnar og hann mun kynna ykkur alla kosti \u00feess a\u00f0 kaupa h\u00fasbyggingarsett hj\u00e1 okkur hj\u00e1 J\u00f6rntr\u00e4hus.\u00a0<\/p>\n<p style=\"text-align: center;\"><a href=\"mailto:gunnar.olund@jorntrahus.se\">gunnar.olund@jorntrahus.se<\/a><br \/><a href=\"tel:0046101307891\">+46 10\u2013130 78 91<\/a><\/p>\n\t\t<\/div>\n\t\t\t\t\t<\/div>\n\n\t\n\n\t<div id=\"col-670451452\" class=\"col medium-3 small-12 large-3\"  >\n\t\t\t\t<div class=\"col-inner\"  >\n\t\t\t\n\t\t\t\n\t\t<\/div>\n\t\t\t\t\t<\/div>\n\n\t\n<\/div>","protected":false},"excerpt":{"rendered":"<p>Gunnar \u00d6lund er kominn aftur sem s\u00f6luma\u00f0ur hj\u00e1 okkur \u00ed J\u00f6rntr\u00e4hus!<\/p>","protected":false},"author":2,"featured_media":14802,"comment_status":"closed","ping_status":"open","sticky":false,"template":"","format":"standard","meta":{"footnotes":""},"categories":[1199,6],"tags":[24,1508,1516,1020,1512,1514,1510],"class_list":["post-14799","post","type-post","status-publish","format-standard","has-post-thumbnail","hentry","category-foretagsnytt","category-nyhet","tag-fritidshus","tag-gunnar-olund","tag-hallbara-trahus","tag-husbyggsatser","tag-husmoduler","tag-koncepthus","tag-saljare"],"yoast_head":"<!-- This site is optimized with the Yoast SEO plugin v27.2 - https:\/\/yoast.com\/product\/yoast-seo-wordpress\/ -->\n<title>Vi st\u00e4rker upp p\u00e5 s\u00e4ljsidan \u2013 v\u00e4lkommen tillbaks Gunnar - J\u00f6rntr\u00e4hus<\/title>\n<meta name=\"robots\" content=\"index, follow, max-snippet:-1, max-image-preview:large, max-video-preview:-1\" \/>\n<link rel=\"canonical\" href=\"https:\/\/jorntrahus.se\/is\/nyjung\/vid-erum-ad-styrkja-soluhlutann-velkominn-aftur-gunnar\/\" \/>\n<meta property=\"og:locale\" content=\"is_IS\" \/>\n<meta property=\"og:type\" content=\"article\" \/>\n<meta property=\"og:title\" content=\"Vi st\u00e4rker upp p\u00e5 s\u00e4ljsidan \u2013 v\u00e4lkommen tillbaks Gunnar - J\u00f6rntr\u00e4hus\" \/>\n<meta property=\"og:description\" content=\"Gunnar \u00d6lund \u00e4r tillbaka som s\u00e4ljare hos oss p\u00e5 J\u00f6rntr\u00e4hus!\" \/>\n<meta property=\"og:url\" content=\"https:\/\/jorntrahus.se\/is\/nyjung\/vid-erum-ad-styrkja-soluhlutann-velkominn-aftur-gunnar\/\" \/>\n<meta property=\"og:site_name\" content=\"J\u00f6rntr\u00e4hus\" \/>\n<meta property=\"article:published_time\" content=\"2025-01-14T13:15:37+00:00\" \/>\n<meta property=\"article:modified_time\" content=\"2025-01-15T09:30:01+00:00\" \/>\n<meta property=\"og:image\" content=\"https:\/\/jorntrahus.se\/wp-content\/uploads\/2025\/01\/Jorntrahus-Personal-Gunnar-Olund-saljare-fritidshus-trahus-husbyggsatser-3x2-1.jpg\" \/>\n\t<meta property=\"og:image:width\" content=\"1500\" \/>\n\t<meta property=\"og:image:height\" content=\"1000\" \/>\n\t<meta property=\"og:image:type\" content=\"image\/jpeg\" \/>\n<meta name=\"author\" content=\"J\u00f6rntr\u00e4hus\" \/>\n<meta name=\"twitter:card\" content=\"summary_large_image\" \/>\n<meta name=\"twitter:label1\" content=\"Written by\" \/>\n\t<meta name=\"twitter:data1\" content=\"J\u00f6rntr\u00e4hus\" \/>\n\t<meta name=\"twitter:label2\" content=\"Est. reading time\" \/>\n\t<meta name=\"twitter:data2\" content=\"3 minutes\" \/>\n<script type=\"application\/ld+json\" class=\"yoast-schema-graph\">{\"@context\":\"https:\/\/schema.org\",\"@graph\":[{\"@type\":\"Article\",\"@id\":\"https:\/\/jorntrahus.se\/nyhet\/vi-starker-upp-pa-saljsidan-valkommen-tillbaks-gunnar\/#article\",\"isPartOf\":{\"@id\":\"https:\/\/jorntrahus.se\/nyhet\/vi-starker-upp-pa-saljsidan-valkommen-tillbaks-gunnar\/\"},\"author\":{\"name\":\"J\u00f6rntr\u00e4hus\",\"@id\":\"https:\/\/jorntrahus.se\/#\/schema\/person\/1d486a26d13d4df455271c2f02f5ef5c\"},\"headline\":\"Vi st\u00e4rker upp p\u00e5 s\u00e4ljsidan \u2013 v\u00e4lkommen tillbaks Gunnar\",\"datePublished\":\"2025-01-14T13:15:37+00:00\",\"dateModified\":\"2025-01-15T09:30:01+00:00\",\"mainEntityOfPage\":{\"@id\":\"https:\/\/jorntrahus.se\/nyhet\/vi-starker-upp-pa-saljsidan-valkommen-tillbaks-gunnar\/\"},\"wordCount\":640,\"publisher\":{\"@id\":\"https:\/\/jorntrahus.se\/#organization\"},\"image\":{\"@id\":\"https:\/\/jorntrahus.se\/nyhet\/vi-starker-upp-pa-saljsidan-valkommen-tillbaks-gunnar\/#primaryimage\"},\"thumbnailUrl\":\"https:\/\/jorntrahus.se\/wp-content\/uploads\/2025\/01\/Jorntrahus-Personal-Gunnar-Olund-saljare-fritidshus-trahus-husbyggsatser-3x2-1.jpg\",\"keywords\":[\"Fritidshus\",\"Gunnar \u00d6lund\",\"h\u00e5llbara tr\u00e4hus\",\"husbyggsatser\",\"husmoduler\",\"koncepthus\",\"S\u00e4ljare\"],\"articleSection\":[\"F\u00f6retagsnytt\",\"Nyhet\"],\"inLanguage\":\"is\"},{\"@type\":\"WebPage\",\"@id\":\"https:\/\/jorntrahus.se\/nyhet\/vi-starker-upp-pa-saljsidan-valkommen-tillbaks-gunnar\/\",\"url\":\"https:\/\/jorntrahus.se\/nyhet\/vi-starker-upp-pa-saljsidan-valkommen-tillbaks-gunnar\/\",\"name\":\"Vi st\u00e4rker upp p\u00e5 s\u00e4ljsidan \u2013 v\u00e4lkommen tillbaks Gunnar - J\u00f6rntr\u00e4hus\",\"isPartOf\":{\"@id\":\"https:\/\/jorntrahus.se\/#website\"},\"primaryImageOfPage\":{\"@id\":\"https:\/\/jorntrahus.se\/nyhet\/vi-starker-upp-pa-saljsidan-valkommen-tillbaks-gunnar\/#primaryimage\"},\"image\":{\"@id\":\"https:\/\/jorntrahus.se\/nyhet\/vi-starker-upp-pa-saljsidan-valkommen-tillbaks-gunnar\/#primaryimage\"},\"thumbnailUrl\":\"https:\/\/jorntrahus.se\/wp-content\/uploads\/2025\/01\/Jorntrahus-Personal-Gunnar-Olund-saljare-fritidshus-trahus-husbyggsatser-3x2-1.jpg\",\"datePublished\":\"2025-01-14T13:15:37+00:00\",\"dateModified\":\"2025-01-15T09:30:01+00:00\",\"breadcrumb\":{\"@id\":\"https:\/\/jorntrahus.se\/nyhet\/vi-starker-upp-pa-saljsidan-valkommen-tillbaks-gunnar\/#breadcrumb\"},\"inLanguage\":\"is\",\"potentialAction\":[{\"@type\":\"ReadAction\",\"target\":[\"https:\/\/jorntrahus.se\/nyhet\/vi-starker-upp-pa-saljsidan-valkommen-tillbaks-gunnar\/\"]}]},{\"@type\":\"ImageObject\",\"inLanguage\":\"is\",\"@id\":\"https:\/\/jorntrahus.se\/nyhet\/vi-starker-upp-pa-saljsidan-valkommen-tillbaks-gunnar\/#primaryimage\",\"url\":\"https:\/\/jorntrahus.se\/wp-content\/uploads\/2025\/01\/Jorntrahus-Personal-Gunnar-Olund-saljare-fritidshus-trahus-husbyggsatser-3x2-1.jpg\",\"contentUrl\":\"https:\/\/jorntrahus.se\/wp-content\/uploads\/2025\/01\/Jorntrahus-Personal-Gunnar-Olund-saljare-fritidshus-trahus-husbyggsatser-3x2-1.jpg\",\"width\":1500,\"height\":1000,\"caption\":\"Jorntrahus Personal Gunnar Olund saljare fritidshus trahus husbyggsatser 3x2\"},{\"@type\":\"BreadcrumbList\",\"@id\":\"https:\/\/jorntrahus.se\/nyhet\/vi-starker-upp-pa-saljsidan-valkommen-tillbaks-gunnar\/#breadcrumb\",\"itemListElement\":[{\"@type\":\"ListItem\",\"position\":1,\"name\":\"Hem\",\"item\":\"https:\/\/jorntrahus.se\/\"},{\"@type\":\"ListItem\",\"position\":2,\"name\":\"Vi st\u00e4rker upp p\u00e5 s\u00e4ljsidan \u2013 v\u00e4lkommen tillbaks Gunnar\"}]},{\"@type\":\"WebSite\",\"@id\":\"https:\/\/jorntrahus.se\/#website\",\"url\":\"https:\/\/jorntrahus.se\/\",\"name\":\"J\u00f6rntr\u00e4hus\",\"description\":\"Hus f\u00f6r den medvetne\",\"publisher\":{\"@id\":\"https:\/\/jorntrahus.se\/#organization\"},\"potentialAction\":[{\"@type\":\"SearchAction\",\"target\":{\"@type\":\"EntryPoint\",\"urlTemplate\":\"https:\/\/jorntrahus.se\/?s={search_term_string}\"},\"query-input\":{\"@type\":\"PropertyValueSpecification\",\"valueRequired\":true,\"valueName\":\"search_term_string\"}}],\"inLanguage\":\"is\"},{\"@type\":\"Organization\",\"@id\":\"https:\/\/jorntrahus.se\/#organization\",\"name\":\"J\u00f6rntr\u00e4hus\",\"url\":\"https:\/\/jorntrahus.se\/\",\"logo\":{\"@type\":\"ImageObject\",\"inLanguage\":\"is\",\"@id\":\"https:\/\/jorntrahus.se\/#\/schema\/logo\/image\/\",\"url\":\"https:\/\/jorntrahus.se\/wp-content\/uploads\/2020\/09\/Jorntrahus_Grund_CMYK.eps\",\"contentUrl\":\"https:\/\/jorntrahus.se\/wp-content\/uploads\/2020\/09\/Jorntrahus_Grund_CMYK.eps\",\"width\":1,\"height\":1,\"caption\":\"J\u00f6rntr\u00e4hus\"},\"image\":{\"@id\":\"https:\/\/jorntrahus.se\/#\/schema\/logo\/image\/\"}},{\"@type\":\"Person\",\"@id\":\"https:\/\/jorntrahus.se\/#\/schema\/person\/1d486a26d13d4df455271c2f02f5ef5c\",\"name\":\"J\u00f6rntr\u00e4hus\",\"image\":{\"@type\":\"ImageObject\",\"inLanguage\":\"is\",\"@id\":\"https:\/\/secure.gravatar.com\/avatar\/e9b8fcf3c4d64603cd3ec2eb8588179dabe6c74041e8c2a09d7ca9e0900a4ad3?s=96&d=mm&r=g\",\"url\":\"https:\/\/secure.gravatar.com\/avatar\/e9b8fcf3c4d64603cd3ec2eb8588179dabe6c74041e8c2a09d7ca9e0900a4ad3?s=96&d=mm&r=g\",\"contentUrl\":\"https:\/\/secure.gravatar.com\/avatar\/e9b8fcf3c4d64603cd3ec2eb8588179dabe6c74041e8c2a09d7ca9e0900a4ad3?s=96&d=mm&r=g\",\"caption\":\"J\u00f6rntr\u00e4hus\"},\"sameAs\":[\"https:\/\/jorntrahus.se\"],\"url\":\"https:\/\/jorntrahus.se\/is\/author\/jorntrahus\/\"}]}<\/script>\n<!-- \/ Yoast SEO plugin. -->","yoast_head_json":{"title":"Vi\u00f0 erum a\u00f0 styrkja s\u00f6luhlutann \u2013 velkominn aftur Gunnar - J\u00f6rntr\u00e4hus","robots":{"index":"index","follow":"follow","max-snippet":"max-snippet:-1","max-image-preview":"max-image-preview:large","max-video-preview":"max-video-preview:-1"},"canonical":"https:\/\/jorntrahus.se\/is\/nyjung\/vid-erum-ad-styrkja-soluhlutann-velkominn-aftur-gunnar\/","og_locale":"is_IS","og_type":"article","og_title":"Vi st\u00e4rker upp p\u00e5 s\u00e4ljsidan \u2013 v\u00e4lkommen tillbaks Gunnar - J\u00f6rntr\u00e4hus","og_description":"Gunnar \u00d6lund \u00e4r tillbaka som s\u00e4ljare hos oss p\u00e5 J\u00f6rntr\u00e4hus!","og_url":"https:\/\/jorntrahus.se\/is\/nyjung\/vid-erum-ad-styrkja-soluhlutann-velkominn-aftur-gunnar\/","og_site_name":"J\u00f6rntr\u00e4hus","article_published_time":"2025-01-14T13:15:37+00:00","article_modified_time":"2025-01-15T09:30:01+00:00","og_image":[{"width":1500,"height":1000,"url":"https:\/\/jorntrahus.se\/wp-content\/uploads\/2025\/01\/Jorntrahus-Personal-Gunnar-Olund-saljare-fritidshus-trahus-husbyggsatser-3x2-1.jpg","type":"image\/jpeg"}],"author":"J\u00f6rntr\u00e4hus","twitter_card":"summary_large_image","twitter_misc":{"Written by":"J\u00f6rntr\u00e4hus","Est. reading time":"3 minutes"},"schema":{"@context":"https:\/\/schema.org","@graph":[{"@type":"Article","@id":"https:\/\/jorntrahus.se\/nyhet\/vi-starker-upp-pa-saljsidan-valkommen-tillbaks-gunnar\/#article","isPartOf":{"@id":"https:\/\/jorntrahus.se\/nyhet\/vi-starker-upp-pa-saljsidan-valkommen-tillbaks-gunnar\/"},"author":{"name":"J\u00f6rntr\u00e4hus","@id":"https:\/\/jorntrahus.se\/#\/schema\/person\/1d486a26d13d4df455271c2f02f5ef5c"},"headline":"Vi st\u00e4rker upp p\u00e5 s\u00e4ljsidan \u2013 v\u00e4lkommen tillbaks Gunnar","datePublished":"2025-01-14T13:15:37+00:00","dateModified":"2025-01-15T09:30:01+00:00","mainEntityOfPage":{"@id":"https:\/\/jorntrahus.se\/nyhet\/vi-starker-upp-pa-saljsidan-valkommen-tillbaks-gunnar\/"},"wordCount":640,"publisher":{"@id":"https:\/\/jorntrahus.se\/#organization"},"image":{"@id":"https:\/\/jorntrahus.se\/nyhet\/vi-starker-upp-pa-saljsidan-valkommen-tillbaks-gunnar\/#primaryimage"},"thumbnailUrl":"https:\/\/jorntrahus.se\/wp-content\/uploads\/2025\/01\/Jorntrahus-Personal-Gunnar-Olund-saljare-fritidshus-trahus-husbyggsatser-3x2-1.jpg","keywords":["Fritidshus","Gunnar \u00d6lund","h\u00e5llbara tr\u00e4hus","husbyggsatser","husmoduler","koncepthus","S\u00e4ljare"],"articleSection":["F\u00f6retagsnytt","Nyhet"],"inLanguage":"is"},{"@type":"WebPage","@id":"https:\/\/jorntrahus.se\/nyhet\/vi-starker-upp-pa-saljsidan-valkommen-tillbaks-gunnar\/","url":"https:\/\/jorntrahus.se\/nyhet\/vi-starker-upp-pa-saljsidan-valkommen-tillbaks-gunnar\/","name":"Vi\u00f0 erum a\u00f0 styrkja s\u00f6luhlutann \u2013 velkominn aftur Gunnar - J\u00f6rntr\u00e4hus","isPartOf":{"@id":"https:\/\/jorntrahus.se\/#website"},"primaryImageOfPage":{"@id":"https:\/\/jorntrahus.se\/nyhet\/vi-starker-upp-pa-saljsidan-valkommen-tillbaks-gunnar\/#primaryimage"},"image":{"@id":"https:\/\/jorntrahus.se\/nyhet\/vi-starker-upp-pa-saljsidan-valkommen-tillbaks-gunnar\/#primaryimage"},"thumbnailUrl":"https:\/\/jorntrahus.se\/wp-content\/uploads\/2025\/01\/Jorntrahus-Personal-Gunnar-Olund-saljare-fritidshus-trahus-husbyggsatser-3x2-1.jpg","datePublished":"2025-01-14T13:15:37+00:00","dateModified":"2025-01-15T09:30:01+00:00","breadcrumb":{"@id":"https:\/\/jorntrahus.se\/nyhet\/vi-starker-upp-pa-saljsidan-valkommen-tillbaks-gunnar\/#breadcrumb"},"inLanguage":"is","potentialAction":[{"@type":"ReadAction","target":["https:\/\/jorntrahus.se\/nyhet\/vi-starker-upp-pa-saljsidan-valkommen-tillbaks-gunnar\/"]}]},{"@type":"ImageObject","inLanguage":"is","@id":"https:\/\/jorntrahus.se\/nyhet\/vi-starker-upp-pa-saljsidan-valkommen-tillbaks-gunnar\/#primaryimage","url":"https:\/\/jorntrahus.se\/wp-content\/uploads\/2025\/01\/Jorntrahus-Personal-Gunnar-Olund-saljare-fritidshus-trahus-husbyggsatser-3x2-1.jpg","contentUrl":"https:\/\/jorntrahus.se\/wp-content\/uploads\/2025\/01\/Jorntrahus-Personal-Gunnar-Olund-saljare-fritidshus-trahus-husbyggsatser-3x2-1.jpg","width":1500,"height":1000,"caption":"Jorntrahus Personal Gunnar Olund saljare fritidshus trahus husbyggsatser 3x2"},{"@type":"BreadcrumbList","@id":"https:\/\/jorntrahus.se\/nyhet\/vi-starker-upp-pa-saljsidan-valkommen-tillbaks-gunnar\/#breadcrumb","itemListElement":[{"@type":"ListItem","position":1,"name":"Hem","item":"https:\/\/jorntrahus.se\/"},{"@type":"ListItem","position":2,"name":"Vi st\u00e4rker upp p\u00e5 s\u00e4ljsidan \u2013 v\u00e4lkommen tillbaks Gunnar"}]},{"@type":"WebSite","@id":"https:\/\/jorntrahus.se\/#website","url":"https:\/\/jorntrahus.se\/","name":"J\u00f6rntr\u00e4hus","description":"H\u00fas fyrir me\u00f0vita\u00f0a","publisher":{"@id":"https:\/\/jorntrahus.se\/#organization"},"potentialAction":[{"@type":"SearchAction","target":{"@type":"EntryPoint","urlTemplate":"https:\/\/jorntrahus.se\/?s={search_term_string}"},"query-input":{"@type":"PropertyValueSpecification","valueRequired":true,"valueName":"search_term_string"}}],"inLanguage":"is"},{"@type":"Organization","@id":"https:\/\/jorntrahus.se\/#organization","name":"J\u00f6rntr\u00e4hus","url":"https:\/\/jorntrahus.se\/","logo":{"@type":"ImageObject","inLanguage":"is","@id":"https:\/\/jorntrahus.se\/#\/schema\/logo\/image\/","url":"https:\/\/jorntrahus.se\/wp-content\/uploads\/2020\/09\/Jorntrahus_Grund_CMYK.eps","contentUrl":"https:\/\/jorntrahus.se\/wp-content\/uploads\/2020\/09\/Jorntrahus_Grund_CMYK.eps","width":1,"height":1,"caption":"J\u00f6rntr\u00e4hus"},"image":{"@id":"https:\/\/jorntrahus.se\/#\/schema\/logo\/image\/"}},{"@type":"Person","@id":"https:\/\/jorntrahus.se\/#\/schema\/person\/1d486a26d13d4df455271c2f02f5ef5c","name":"J\u00f6rntr\u00e4hus","image":{"@type":"ImageObject","inLanguage":"is","@id":"https:\/\/secure.gravatar.com\/avatar\/e9b8fcf3c4d64603cd3ec2eb8588179dabe6c74041e8c2a09d7ca9e0900a4ad3?s=96&d=mm&r=g","url":"https:\/\/secure.gravatar.com\/avatar\/e9b8fcf3c4d64603cd3ec2eb8588179dabe6c74041e8c2a09d7ca9e0900a4ad3?s=96&d=mm&r=g","contentUrl":"https:\/\/secure.gravatar.com\/avatar\/e9b8fcf3c4d64603cd3ec2eb8588179dabe6c74041e8c2a09d7ca9e0900a4ad3?s=96&d=mm&r=g","caption":"J\u00f6rntr\u00e4hus"},"sameAs":["https:\/\/jorntrahus.se"],"url":"https:\/\/jorntrahus.se\/is\/author\/jorntrahus\/"}]}},"publishpress_future_action":{"enabled":false,"date":"2026-05-08 23:09:33","action":"change-status","newStatus":"draft","terms":[],"taxonomy":"category","extraData":[]},"publishpress_future_workflow_manual_trigger":{"enabledWorkflows":[]},"_links":{"self":[{"href":"https:\/\/jorntrahus.se\/is\/wp-json\/wp\/v2\/posts\/14799","targetHints":{"allow":["GET"]}}],"collection":[{"href":"https:\/\/jorntrahus.se\/is\/wp-json\/wp\/v2\/posts"}],"about":[{"href":"https:\/\/jorntrahus.se\/is\/wp-json\/wp\/v2\/types\/post"}],"author":[{"embeddable":true,"href":"https:\/\/jorntrahus.se\/is\/wp-json\/wp\/v2\/users\/2"}],"replies":[{"embeddable":true,"href":"https:\/\/jorntrahus.se\/is\/wp-json\/wp\/v2\/comments?post=14799"}],"version-history":[{"count":16,"href":"https:\/\/jorntrahus.se\/is\/wp-json\/wp\/v2\/posts\/14799\/revisions"}],"predecessor-version":[{"id":14821,"href":"https:\/\/jorntrahus.se\/is\/wp-json\/wp\/v2\/posts\/14799\/revisions\/14821"}],"wp:featuredmedia":[{"embeddable":true,"href":"https:\/\/jorntrahus.se\/is\/wp-json\/wp\/v2\/media\/14802"}],"wp:attachment":[{"href":"https:\/\/jorntrahus.se\/is\/wp-json\/wp\/v2\/media?parent=14799"}],"wp:term":[{"taxonomy":"category","embeddable":true,"href":"https:\/\/jorntrahus.se\/is\/wp-json\/wp\/v2\/categories?post=14799"},{"taxonomy":"post_tag","embeddable":true,"href":"https:\/\/jorntrahus.se\/is\/wp-json\/wp\/v2\/tags?post=14799"}],"curies":[{"name":"vp","href":"https:\/\/api.w.org\/{rel}","templated":true}]}}