{"id":4489,"date":"2017-03-08T10:43:11","date_gmt":"2017-03-08T09:43:11","guid":{"rendered":"https:\/\/jorntrahus.se\/?p=4489"},"modified":"2022-03-17T15:42:52","modified_gmt":"2022-03-17T14:42:52","slug":"aukin-lofthaed-i-larkliden","status":"publish","type":"post","link":"https:\/\/jorntrahus.se\/is\/nyhet\/ytterligare-takhojd-i-larkliden\/","title":{"rendered":"Aukin lofth\u00e6\u00f0 \u00ed L\u00e4rkliden"},"content":{"rendered":"<p>N\u00fa gefst t\u00e6kif\u00e6ri til a\u00f0 \u201dauka\u00fatb\u00faa\u201d v\u00e6ntanlegt L\u00e4rkliden timburh\u00fas \u00feitt me\u00f0 50 sent\u00edmetra vi\u00f0b\u00f3tarlofth\u00e6\u00f0, sem gefur heila 3 metra innri h\u00e6\u00f0.<br \/>\n\u00c1samt 45\u00b0 horni \u00e1 h\u00fasinu og gluggaopnum sem eru sam\u00fe\u00e6ttar \u00feakgluggunum skapar \u00feetta h\u00fas sem er \u00f3venjulegt.<br \/>\nEf \u00fe\u00fa kannar a\u00f0 meta g\u00f3\u00f0a h\u00fasah\u00f6nnun, \u00fe\u00e1 hentar \u00feessi ger\u00f0 b\u00e6\u00f0i sem fr\u00edstundah\u00fas vi\u00f0 str\u00f6ndina e\u00f0a einstakt fjallask\u00e1la. <\/p>","protected":false},"excerpt":{"rendered":"<p>Nu finns m\u00f6jligheten att &#8221;extrautrusta&#8221; ditt kommande timmerhus L\u00e4rkliden med ytterligare 50 centimeters takh\u00f6jd vilket ger hela 3 meters inv\u00e4ndig h\u00f6jd. Tillsammans med 45\u00b0 vinkel p\u00e5 huskroppen och f\u00f6nster\u00f6ppningar integrerade med takkuporna ger detta ett hus ut\u00f6ver det vanliga. Uppskattar man god husdesign s\u00e5 passar modellen b\u00e5de som fritidshus vid kusten eller utpr\u00e4glad fj\u00e4llstuga.<\/p>","protected":false},"author":2,"featured_media":4490,"comment_status":"closed","ping_status":"closed","sticky":false,"template":"","format":"standard","meta":{"footnotes":""},"categories":[6],"tags":[24,479,511],"class_list":["post-4489","post","type-post","status-publish","format-standard","has-post-thumbnail","hentry","category-nyhet","tag-fritidshus","tag-timmerhus","tag-vinkelhus"],"yoast_head":"<!-- This site is optimized with the Yoast SEO plugin v27.2 - https:\/\/yoast.com\/product\/yoast-seo-wordpress\/ -->\n<title>Ytterligare takh\u00f6jd i L\u00e4rkliden - J\u00f6rntr\u00e4hus<\/title>\n<meta name=\"description\" content=\"&quot;Extrautrusta&quot; ditt kommande timmerhus L\u00e4rkliden med ytterligare 50 cm takh\u00f6jd. Detta vinkelhus i fritidshus std med sina glaspartier blir d\u00e4rmed full\u00e4ndat.\" \/>\n<meta name=\"robots\" content=\"index, follow, max-snippet:-1, max-image-preview:large, max-video-preview:-1\" \/>\n<link rel=\"canonical\" href=\"https:\/\/jorntrahus.se\/is\/nyjung\/aukin-lofthaed-i-larkliden\/\" \/>\n<meta property=\"og:locale\" content=\"is_IS\" \/>\n<meta property=\"og:type\" content=\"article\" \/>\n<meta property=\"og:title\" content=\"Ytterligare takh\u00f6jd i L\u00e4rkliden - J\u00f6rntr\u00e4hus\" \/>\n<meta property=\"og:description\" content=\"&quot;Extrautrusta&quot; ditt kommande timmerhus L\u00e4rkliden med ytterligare 50 cm takh\u00f6jd. Detta vinkelhus i fritidshus std med sina glaspartier blir d\u00e4rmed full\u00e4ndat.\" \/>\n<meta property=\"og:url\" content=\"https:\/\/jorntrahus.se\/is\/nyjung\/aukin-lofthaed-i-larkliden\/\" \/>\n<meta property=\"og:site_name\" content=\"J\u00f6rntr\u00e4hus\" \/>\n<meta property=\"article:published_time\" content=\"2017-03-08T09:43:11+00:00\" \/>\n<meta property=\"article:modified_time\" content=\"2022-03-17T14:42:52+00:00\" \/>\n<meta property=\"og:image\" content=\"https:\/\/jorntrahus.se\/wp-content\/uploads\/2017\/03\/L\u00e4rkliden-M-1024x512.png\" \/>\n\t<meta property=\"og:image:width\" content=\"1024\" \/>\n\t<meta property=\"og:image:height\" content=\"512\" \/>\n\t<meta property=\"og:image:type\" content=\"image\/png\" \/>\n<meta name=\"author\" content=\"J\u00f6rntr\u00e4hus\" \/>\n<meta name=\"twitter:card\" content=\"summary_large_image\" \/>\n<meta name=\"twitter:label1\" content=\"Written by\" \/>\n\t<meta name=\"twitter:data1\" content=\"J\u00f6rntr\u00e4hus\" \/>\n<script type=\"application\/ld+json\" class=\"yoast-schema-graph\">{\"@context\":\"https:\/\/schema.org\",\"@graph\":[{\"@type\":\"Article\",\"@id\":\"https:\/\/jorntrahus.se\/nyhet\/ytterligare-takhojd-i-larkliden\/#article\",\"isPartOf\":{\"@id\":\"https:\/\/jorntrahus.se\/nyhet\/ytterligare-takhojd-i-larkliden\/\"},\"author\":{\"name\":\"J\u00f6rntr\u00e4hus\",\"@id\":\"https:\/\/jorntrahus.se\/#\/schema\/person\/1d486a26d13d4df455271c2f02f5ef5c\"},\"headline\":\"Ytterligare takh\u00f6jd i L\u00e4rkliden\",\"datePublished\":\"2017-03-08T09:43:11+00:00\",\"dateModified\":\"2022-03-17T14:42:52+00:00\",\"mainEntityOfPage\":{\"@id\":\"https:\/\/jorntrahus.se\/nyhet\/ytterligare-takhojd-i-larkliden\/\"},\"wordCount\":68,\"publisher\":{\"@id\":\"https:\/\/jorntrahus.se\/#organization\"},\"image\":{\"@id\":\"https:\/\/jorntrahus.se\/nyhet\/ytterligare-takhojd-i-larkliden\/#primaryimage\"},\"thumbnailUrl\":\"https:\/\/jorntrahus.se\/wp-content\/uploads\/2017\/03\/L\u00e4rkliden-M.png\",\"keywords\":[\"Fritidshus\",\"timmerhus\",\"Vinkelhus\"],\"articleSection\":[\"Nyhet\"],\"inLanguage\":\"is\"},{\"@type\":\"WebPage\",\"@id\":\"https:\/\/jorntrahus.se\/nyhet\/ytterligare-takhojd-i-larkliden\/\",\"url\":\"https:\/\/jorntrahus.se\/nyhet\/ytterligare-takhojd-i-larkliden\/\",\"name\":\"Ytterligare takh\u00f6jd i L\u00e4rkliden - J\u00f6rntr\u00e4hus\",\"isPartOf\":{\"@id\":\"https:\/\/jorntrahus.se\/#website\"},\"primaryImageOfPage\":{\"@id\":\"https:\/\/jorntrahus.se\/nyhet\/ytterligare-takhojd-i-larkliden\/#primaryimage\"},\"image\":{\"@id\":\"https:\/\/jorntrahus.se\/nyhet\/ytterligare-takhojd-i-larkliden\/#primaryimage\"},\"thumbnailUrl\":\"https:\/\/jorntrahus.se\/wp-content\/uploads\/2017\/03\/L\u00e4rkliden-M.png\",\"datePublished\":\"2017-03-08T09:43:11+00:00\",\"dateModified\":\"2022-03-17T14:42:52+00:00\",\"description\":\"\\\"Extrautrusta\\\" ditt kommande timmerhus L\u00e4rkliden med ytterligare 50 cm takh\u00f6jd. Detta vinkelhus i fritidshus std med sina glaspartier blir d\u00e4rmed full\u00e4ndat.\",\"breadcrumb\":{\"@id\":\"https:\/\/jorntrahus.se\/nyhet\/ytterligare-takhojd-i-larkliden\/#breadcrumb\"},\"inLanguage\":\"is\",\"potentialAction\":[{\"@type\":\"ReadAction\",\"target\":[\"https:\/\/jorntrahus.se\/nyhet\/ytterligare-takhojd-i-larkliden\/\"]}]},{\"@type\":\"ImageObject\",\"inLanguage\":\"is\",\"@id\":\"https:\/\/jorntrahus.se\/nyhet\/ytterligare-takhojd-i-larkliden\/#primaryimage\",\"url\":\"https:\/\/jorntrahus.se\/wp-content\/uploads\/2017\/03\/L\u00e4rkliden-M.png\",\"contentUrl\":\"https:\/\/jorntrahus.se\/wp-content\/uploads\/2017\/03\/L\u00e4rkliden-M.png\",\"width\":2500,\"height\":1250},{\"@type\":\"BreadcrumbList\",\"@id\":\"https:\/\/jorntrahus.se\/nyhet\/ytterligare-takhojd-i-larkliden\/#breadcrumb\",\"itemListElement\":[{\"@type\":\"ListItem\",\"position\":1,\"name\":\"Hem\",\"item\":\"https:\/\/jorntrahus.se\/\"},{\"@type\":\"ListItem\",\"position\":2,\"name\":\"Ytterligare takh\u00f6jd i L\u00e4rkliden\"}]},{\"@type\":\"WebSite\",\"@id\":\"https:\/\/jorntrahus.se\/#website\",\"url\":\"https:\/\/jorntrahus.se\/\",\"name\":\"J\u00f6rntr\u00e4hus\",\"description\":\"Hus f\u00f6r den medvetne\",\"publisher\":{\"@id\":\"https:\/\/jorntrahus.se\/#organization\"},\"potentialAction\":[{\"@type\":\"SearchAction\",\"target\":{\"@type\":\"EntryPoint\",\"urlTemplate\":\"https:\/\/jorntrahus.se\/?s={search_term_string}\"},\"query-input\":{\"@type\":\"PropertyValueSpecification\",\"valueRequired\":true,\"valueName\":\"search_term_string\"}}],\"inLanguage\":\"is\"},{\"@type\":\"Organization\",\"@id\":\"https:\/\/jorntrahus.se\/#organization\",\"name\":\"J\u00f6rntr\u00e4hus\",\"url\":\"https:\/\/jorntrahus.se\/\",\"logo\":{\"@type\":\"ImageObject\",\"inLanguage\":\"is\",\"@id\":\"https:\/\/jorntrahus.se\/#\/schema\/logo\/image\/\",\"url\":\"https:\/\/jorntrahus.se\/wp-content\/uploads\/2020\/09\/Jorntrahus_Grund_CMYK.eps\",\"contentUrl\":\"https:\/\/jorntrahus.se\/wp-content\/uploads\/2020\/09\/Jorntrahus_Grund_CMYK.eps\",\"width\":1,\"height\":1,\"caption\":\"J\u00f6rntr\u00e4hus\"},\"image\":{\"@id\":\"https:\/\/jorntrahus.se\/#\/schema\/logo\/image\/\"}},{\"@type\":\"Person\",\"@id\":\"https:\/\/jorntrahus.se\/#\/schema\/person\/1d486a26d13d4df455271c2f02f5ef5c\",\"name\":\"J\u00f6rntr\u00e4hus\",\"image\":{\"@type\":\"ImageObject\",\"inLanguage\":\"is\",\"@id\":\"https:\/\/secure.gravatar.com\/avatar\/e9b8fcf3c4d64603cd3ec2eb8588179dabe6c74041e8c2a09d7ca9e0900a4ad3?s=96&d=mm&r=g\",\"url\":\"https:\/\/secure.gravatar.com\/avatar\/e9b8fcf3c4d64603cd3ec2eb8588179dabe6c74041e8c2a09d7ca9e0900a4ad3?s=96&d=mm&r=g\",\"contentUrl\":\"https:\/\/secure.gravatar.com\/avatar\/e9b8fcf3c4d64603cd3ec2eb8588179dabe6c74041e8c2a09d7ca9e0900a4ad3?s=96&d=mm&r=g\",\"caption\":\"J\u00f6rntr\u00e4hus\"},\"sameAs\":[\"https:\/\/jorntrahus.se\"],\"url\":\"https:\/\/jorntrahus.se\/is\/author\/jorntrahus\/\"}]}<\/script>\n<!-- \/ Yoast SEO plugin. -->","yoast_head_json":{"title":"Aukaleg lofth\u00e6\u00f0 \u00ed L\u00e4rkliden - J\u00f6rntr\u00e4hus","description":"\"B\u00e6ttu vi\u00f0 50 cm auka lofth\u00e6\u00f0 \u00ed v\u00e6ntanlegt L\u00e4rkliden timburh\u00fas. \u00deetta hornlaga h\u00fas \u00ed venjulegu fr\u00edstundah\u00fasi me\u00f0 glerhlutum ver\u00f0ur fullkomi\u00f0.","robots":{"index":"index","follow":"follow","max-snippet":"max-snippet:-1","max-image-preview":"max-image-preview:large","max-video-preview":"max-video-preview:-1"},"canonical":"https:\/\/jorntrahus.se\/is\/nyjung\/aukin-lofthaed-i-larkliden\/","og_locale":"is_IS","og_type":"article","og_title":"Ytterligare takh\u00f6jd i L\u00e4rkliden - J\u00f6rntr\u00e4hus","og_description":"\"Extrautrusta\" ditt kommande timmerhus L\u00e4rkliden med ytterligare 50 cm takh\u00f6jd. Detta vinkelhus i fritidshus std med sina glaspartier blir d\u00e4rmed full\u00e4ndat.","og_url":"https:\/\/jorntrahus.se\/is\/nyjung\/aukin-lofthaed-i-larkliden\/","og_site_name":"J\u00f6rntr\u00e4hus","article_published_time":"2017-03-08T09:43:11+00:00","article_modified_time":"2022-03-17T14:42:52+00:00","og_image":[{"width":1024,"height":512,"url":"https:\/\/jorntrahus.se\/wp-content\/uploads\/2017\/03\/L\u00e4rkliden-M-1024x512.png","type":"image\/png"}],"author":"J\u00f6rntr\u00e4hus","twitter_card":"summary_large_image","twitter_misc":{"Written by":"J\u00f6rntr\u00e4hus"},"schema":{"@context":"https:\/\/schema.org","@graph":[{"@type":"Article","@id":"https:\/\/jorntrahus.se\/nyhet\/ytterligare-takhojd-i-larkliden\/#article","isPartOf":{"@id":"https:\/\/jorntrahus.se\/nyhet\/ytterligare-takhojd-i-larkliden\/"},"author":{"name":"J\u00f6rntr\u00e4hus","@id":"https:\/\/jorntrahus.se\/#\/schema\/person\/1d486a26d13d4df455271c2f02f5ef5c"},"headline":"Ytterligare takh\u00f6jd i L\u00e4rkliden","datePublished":"2017-03-08T09:43:11+00:00","dateModified":"2022-03-17T14:42:52+00:00","mainEntityOfPage":{"@id":"https:\/\/jorntrahus.se\/nyhet\/ytterligare-takhojd-i-larkliden\/"},"wordCount":68,"publisher":{"@id":"https:\/\/jorntrahus.se\/#organization"},"image":{"@id":"https:\/\/jorntrahus.se\/nyhet\/ytterligare-takhojd-i-larkliden\/#primaryimage"},"thumbnailUrl":"https:\/\/jorntrahus.se\/wp-content\/uploads\/2017\/03\/L\u00e4rkliden-M.png","keywords":["Fritidshus","timmerhus","Vinkelhus"],"articleSection":["Nyhet"],"inLanguage":"is"},{"@type":"WebPage","@id":"https:\/\/jorntrahus.se\/nyhet\/ytterligare-takhojd-i-larkliden\/","url":"https:\/\/jorntrahus.se\/nyhet\/ytterligare-takhojd-i-larkliden\/","name":"Aukaleg lofth\u00e6\u00f0 \u00ed L\u00e4rkliden - J\u00f6rntr\u00e4hus","isPartOf":{"@id":"https:\/\/jorntrahus.se\/#website"},"primaryImageOfPage":{"@id":"https:\/\/jorntrahus.se\/nyhet\/ytterligare-takhojd-i-larkliden\/#primaryimage"},"image":{"@id":"https:\/\/jorntrahus.se\/nyhet\/ytterligare-takhojd-i-larkliden\/#primaryimage"},"thumbnailUrl":"https:\/\/jorntrahus.se\/wp-content\/uploads\/2017\/03\/L\u00e4rkliden-M.png","datePublished":"2017-03-08T09:43:11+00:00","dateModified":"2022-03-17T14:42:52+00:00","description":"\"B\u00e6ttu vi\u00f0 50 cm auka lofth\u00e6\u00f0 \u00ed v\u00e6ntanlegt L\u00e4rkliden timburh\u00fas. \u00deetta hornlaga h\u00fas \u00ed venjulegu fr\u00edstundah\u00fasi me\u00f0 glerhlutum ver\u00f0ur fullkomi\u00f0.","breadcrumb":{"@id":"https:\/\/jorntrahus.se\/nyhet\/ytterligare-takhojd-i-larkliden\/#breadcrumb"},"inLanguage":"is","potentialAction":[{"@type":"ReadAction","target":["https:\/\/jorntrahus.se\/nyhet\/ytterligare-takhojd-i-larkliden\/"]}]},{"@type":"ImageObject","inLanguage":"is","@id":"https:\/\/jorntrahus.se\/nyhet\/ytterligare-takhojd-i-larkliden\/#primaryimage","url":"https:\/\/jorntrahus.se\/wp-content\/uploads\/2017\/03\/L\u00e4rkliden-M.png","contentUrl":"https:\/\/jorntrahus.se\/wp-content\/uploads\/2017\/03\/L\u00e4rkliden-M.png","width":2500,"height":1250},{"@type":"BreadcrumbList","@id":"https:\/\/jorntrahus.se\/nyhet\/ytterligare-takhojd-i-larkliden\/#breadcrumb","itemListElement":[{"@type":"ListItem","position":1,"name":"Hem","item":"https:\/\/jorntrahus.se\/"},{"@type":"ListItem","position":2,"name":"Ytterligare takh\u00f6jd i L\u00e4rkliden"}]},{"@type":"WebSite","@id":"https:\/\/jorntrahus.se\/#website","url":"https:\/\/jorntrahus.se\/","name":"J\u00f6rntr\u00e4hus","description":"H\u00fas fyrir me\u00f0vita\u00f0a","publisher":{"@id":"https:\/\/jorntrahus.se\/#organization"},"potentialAction":[{"@type":"SearchAction","target":{"@type":"EntryPoint","urlTemplate":"https:\/\/jorntrahus.se\/?s={search_term_string}"},"query-input":{"@type":"PropertyValueSpecification","valueRequired":true,"valueName":"search_term_string"}}],"inLanguage":"is"},{"@type":"Organization","@id":"https:\/\/jorntrahus.se\/#organization","name":"J\u00f6rntr\u00e4hus","url":"https:\/\/jorntrahus.se\/","logo":{"@type":"ImageObject","inLanguage":"is","@id":"https:\/\/jorntrahus.se\/#\/schema\/logo\/image\/","url":"https:\/\/jorntrahus.se\/wp-content\/uploads\/2020\/09\/Jorntrahus_Grund_CMYK.eps","contentUrl":"https:\/\/jorntrahus.se\/wp-content\/uploads\/2020\/09\/Jorntrahus_Grund_CMYK.eps","width":1,"height":1,"caption":"J\u00f6rntr\u00e4hus"},"image":{"@id":"https:\/\/jorntrahus.se\/#\/schema\/logo\/image\/"}},{"@type":"Person","@id":"https:\/\/jorntrahus.se\/#\/schema\/person\/1d486a26d13d4df455271c2f02f5ef5c","name":"J\u00f6rntr\u00e4hus","image":{"@type":"ImageObject","inLanguage":"is","@id":"https:\/\/secure.gravatar.com\/avatar\/e9b8fcf3c4d64603cd3ec2eb8588179dabe6c74041e8c2a09d7ca9e0900a4ad3?s=96&d=mm&r=g","url":"https:\/\/secure.gravatar.com\/avatar\/e9b8fcf3c4d64603cd3ec2eb8588179dabe6c74041e8c2a09d7ca9e0900a4ad3?s=96&d=mm&r=g","contentUrl":"https:\/\/secure.gravatar.com\/avatar\/e9b8fcf3c4d64603cd3ec2eb8588179dabe6c74041e8c2a09d7ca9e0900a4ad3?s=96&d=mm&r=g","caption":"J\u00f6rntr\u00e4hus"},"sameAs":["https:\/\/jorntrahus.se"],"url":"https:\/\/jorntrahus.se\/is\/author\/jorntrahus\/"}]}},"publishpress_future_action":{"enabled":false,"date":"2026-05-07 20:44:04","action":"change-status","newStatus":"draft","terms":[],"taxonomy":"category","extraData":[]},"publishpress_future_workflow_manual_trigger":{"enabledWorkflows":[]},"_links":{"self":[{"href":"https:\/\/jorntrahus.se\/is\/wp-json\/wp\/v2\/posts\/4489","targetHints":{"allow":["GET"]}}],"collection":[{"href":"https:\/\/jorntrahus.se\/is\/wp-json\/wp\/v2\/posts"}],"about":[{"href":"https:\/\/jorntrahus.se\/is\/wp-json\/wp\/v2\/types\/post"}],"author":[{"embeddable":true,"href":"https:\/\/jorntrahus.se\/is\/wp-json\/wp\/v2\/users\/2"}],"replies":[{"embeddable":true,"href":"https:\/\/jorntrahus.se\/is\/wp-json\/wp\/v2\/comments?post=4489"}],"version-history":[{"count":5,"href":"https:\/\/jorntrahus.se\/is\/wp-json\/wp\/v2\/posts\/4489\/revisions"}],"predecessor-version":[{"id":4506,"href":"https:\/\/jorntrahus.se\/is\/wp-json\/wp\/v2\/posts\/4489\/revisions\/4506"}],"wp:featuredmedia":[{"embeddable":true,"href":"https:\/\/jorntrahus.se\/is\/wp-json\/wp\/v2\/media\/4490"}],"wp:attachment":[{"href":"https:\/\/jorntrahus.se\/is\/wp-json\/wp\/v2\/media?parent=4489"}],"wp:term":[{"taxonomy":"category","embeddable":true,"href":"https:\/\/jorntrahus.se\/is\/wp-json\/wp\/v2\/categories?post=4489"},{"taxonomy":"post_tag","embeddable":true,"href":"https:\/\/jorntrahus.se\/is\/wp-json\/wp\/v2\/tags?post=4489"}],"curies":[{"name":"vp","href":"https:\/\/api.w.org\/{rel}","templated":true}]}}