{"id":11935,"date":"2020-09-01T10:38:46","date_gmt":"2020-09-01T08:38:46","guid":{"rendered":"https:\/\/jorntrahus.se\/?p=11935"},"modified":"2022-03-17T15:40:47","modified_gmt":"2022-03-17T14:40:47","slug":"jorntrahus-og-entreprenor-bygger-nytt-kontorbygg-i-skelleftea","status":"publish","type":"post","link":"https:\/\/jorntrahus.se\/nb\/pro\/jorntrahus-och-contractor-gor-ny-kontorsbyggnad-i-skelleftea\/","title":{"rendered":"J\u00f6rntr\u00e4hus og Contractor skaper nytt kontorbygg i Skellefte\u00e5"},"content":{"rendered":"<p><a href=\"https:\/\/jorntrahus.se\/wp-content\/uploads\/2020\/09\/Nyhet-Jorntrahus-och-Contractor-koncernsamarbete-logotyper-webb.png\"><img loading=\"lazy\" decoding=\"async\" class=\"alignright wp-image-11988\" title=\"Nyheter Jorntrahus og Contractor group samarbeider p\u00e5 nett\" src=\"https:\/\/jorntrahus.se\/wp-content\/uploads\/2020\/09\/Nyhet-Jorntrahus-och-Contractor-koncernsamarbete-logotyper-webb-600x338.png\" alt=\"Nyheter Jorntrahus og Contractor group samarbeider om logoer p\u00e5 nett\" width=\"435\" height=\"245\" srcset=\"https:\/\/jorntrahus.se\/wp-content\/uploads\/2020\/09\/Nyhet-Jorntrahus-och-Contractor-koncernsamarbete-logotyper-webb-600x338.png 600w, https:\/\/jorntrahus.se\/wp-content\/uploads\/2020\/09\/Nyhet-Jorntrahus-och-Contractor-koncernsamarbete-logotyper-webb-900x506.png 900w, https:\/\/jorntrahus.se\/wp-content\/uploads\/2020\/09\/Nyhet-Jorntrahus-och-Contractor-koncernsamarbete-logotyper-webb-1200x675.png 1200w, https:\/\/jorntrahus.se\/wp-content\/uploads\/2020\/09\/Nyhet-Jorntrahus-och-Contractor-koncernsamarbete-logotyper-webb-768x432.png 768w, https:\/\/jorntrahus.se\/wp-content\/uploads\/2020\/09\/Nyhet-Jorntrahus-och-Contractor-koncernsamarbete-logotyper-webb-1536x864.png 1536w, https:\/\/jorntrahus.se\/wp-content\/uploads\/2020\/09\/Nyhet-Jorntrahus-och-Contractor-koncernsamarbete-logotyper-webb.png 1920w\" sizes=\"auto, (max-width: 435px) 100vw, 435px\" \/><\/a>Et interessant konsernsamarbeid skal resultere i 30 nye kontorer ved Skellefte\u00e5 lasarett. Contractor st\u00e5r for grunnarbeidene og byggingen, og J\u00f6rntr\u00e4hus leverer prefabrikkerte byggeklosser fra fabrikken i J\u00f6rn.<\/p>\n<p>- Vi har en avtale med Region V\u00e4sterbotten, og gjennom den har vi f\u00e5tt denne jobben p\u00e5 totalentreprisebasis der vi ogs\u00e5 er ansvarlige for prosjekteringen sammen med J\u00f6rntr\u00e4hus. Dette er en god m\u00e5te \u00e5 tilby kunden en smidig totall\u00f8sning der vi i utgangspunktet f\u00e5r med oss alle deler av konsernet. Contractors bredde kommer til stor nytte her, og vi f\u00e5r vist v\u00e5rt fulle potensial, sier J\u00f6rgen Lindmark, kalkulasjonssjef hos Contractor Skellefte\u00e5.<\/p>\n<p>\u00a0<\/p>","protected":false},"excerpt":{"rendered":"<p>Et interessant konsernsamarbeid skal resultere i 30 nye kontorer ved Skellefte\u00e5 sykehus.<\/p>","protected":false},"author":2,"featured_media":11986,"comment_status":"closed","ping_status":"closed","sticky":false,"template":"","format":"standard","meta":{"footnotes":""},"categories":[1199,992],"tags":[1160,1184,1182],"class_list":["post-11935","post","type-post","status-publish","format-standard","has-post-thumbnail","hentry","category-foretagsnytt","category-pro","tag-contractor","tag-prefabricerade-husblock","tag-region-vasterbotten"],"yoast_head":"<!-- This site is optimized with the Yoast SEO plugin v27.2 - https:\/\/yoast.com\/product\/yoast-seo-wordpress\/ -->\n<title>J\u00f6rntr\u00e4hus och Contractor g\u00f6r ny kontorsbyggnad i Skellefte\u00e5 - J\u00f6rntr\u00e4hus<\/title>\n<meta name=\"robots\" content=\"index, follow, max-snippet:-1, max-image-preview:large, max-video-preview:-1\" \/>\n<link rel=\"canonical\" href=\"https:\/\/jorntrahus.se\/nb\/per\/jorntrahus-og-entreprenor-bygger-nytt-kontorbygg-i-skelleftea\/\" \/>\n<meta property=\"og:locale\" content=\"nb_NO\" \/>\n<meta property=\"og:type\" content=\"article\" \/>\n<meta property=\"og:title\" content=\"J\u00f6rntr\u00e4hus och Contractor g\u00f6r ny kontorsbyggnad i Skellefte\u00e5 - J\u00f6rntr\u00e4hus\" \/>\n<meta property=\"og:description\" content=\"Ett intressant koncernsamarbete ska utmynna i 30 nya kontor p\u00e5 Skellefte\u00e5 lasarett.\" \/>\n<meta property=\"og:url\" content=\"https:\/\/jorntrahus.se\/nb\/per\/jorntrahus-og-entreprenor-bygger-nytt-kontorbygg-i-skelleftea\/\" \/>\n<meta property=\"og:site_name\" content=\"J\u00f6rntr\u00e4hus\" \/>\n<meta property=\"article:published_time\" content=\"2020-09-01T08:38:46+00:00\" \/>\n<meta property=\"article:modified_time\" content=\"2022-03-17T14:40:47+00:00\" \/>\n<meta property=\"og:image\" content=\"https:\/\/jorntrahus.se\/wp-content\/uploads\/2020\/09\/Contractor_news_bg.jpg\" \/>\n\t<meta property=\"og:image:width\" content=\"2000\" \/>\n\t<meta property=\"og:image:height\" content=\"1194\" \/>\n\t<meta property=\"og:image:type\" content=\"image\/jpeg\" \/>\n<meta name=\"author\" content=\"J\u00f6rntr\u00e4hus\" \/>\n<meta name=\"twitter:card\" content=\"summary_large_image\" \/>\n<meta name=\"twitter:label1\" content=\"Skrevet av\" \/>\n\t<meta name=\"twitter:data1\" content=\"J\u00f6rntr\u00e4hus\" \/>\n\t<meta name=\"twitter:label2\" content=\"Ansl. lesetid\" \/>\n\t<meta name=\"twitter:data2\" content=\"1 minutt\" \/>\n<script type=\"application\/ld+json\" class=\"yoast-schema-graph\">{\"@context\":\"https:\/\/schema.org\",\"@graph\":[{\"@type\":\"Article\",\"@id\":\"https:\/\/jorntrahus.se\/pro\/jorntrahus-och-contractor-gor-ny-kontorsbyggnad-i-skelleftea\/#article\",\"isPartOf\":{\"@id\":\"https:\/\/jorntrahus.se\/pro\/jorntrahus-och-contractor-gor-ny-kontorsbyggnad-i-skelleftea\/\"},\"author\":{\"name\":\"J\u00f6rntr\u00e4hus\",\"@id\":\"https:\/\/jorntrahus.se\/#\/schema\/person\/1d486a26d13d4df455271c2f02f5ef5c\"},\"headline\":\"J\u00f6rntr\u00e4hus och Contractor g\u00f6r ny kontorsbyggnad i Skellefte\u00e5\",\"datePublished\":\"2020-09-01T08:38:46+00:00\",\"dateModified\":\"2022-03-17T14:40:47+00:00\",\"mainEntityOfPage\":{\"@id\":\"https:\/\/jorntrahus.se\/pro\/jorntrahus-och-contractor-gor-ny-kontorsbyggnad-i-skelleftea\/\"},\"wordCount\":128,\"publisher\":{\"@id\":\"https:\/\/jorntrahus.se\/#organization\"},\"image\":{\"@id\":\"https:\/\/jorntrahus.se\/pro\/jorntrahus-och-contractor-gor-ny-kontorsbyggnad-i-skelleftea\/#primaryimage\"},\"thumbnailUrl\":\"https:\/\/jorntrahus.se\/wp-content\/uploads\/2020\/09\/Contractor_news_bg.jpg\",\"keywords\":[\"Contractor\",\"prefabricerade husblock\",\"Region V\u00e4sterbotten\"],\"articleSection\":[\"F\u00f6retagsnytt\",\"J\u00f6rntr\u00e4hus Pro\"],\"inLanguage\":\"nb-NO\"},{\"@type\":\"WebPage\",\"@id\":\"https:\/\/jorntrahus.se\/pro\/jorntrahus-och-contractor-gor-ny-kontorsbyggnad-i-skelleftea\/\",\"url\":\"https:\/\/jorntrahus.se\/pro\/jorntrahus-och-contractor-gor-ny-kontorsbyggnad-i-skelleftea\/\",\"name\":\"J\u00f6rntr\u00e4hus och Contractor g\u00f6r ny kontorsbyggnad i Skellefte\u00e5 - J\u00f6rntr\u00e4hus\",\"isPartOf\":{\"@id\":\"https:\/\/jorntrahus.se\/#website\"},\"primaryImageOfPage\":{\"@id\":\"https:\/\/jorntrahus.se\/pro\/jorntrahus-och-contractor-gor-ny-kontorsbyggnad-i-skelleftea\/#primaryimage\"},\"image\":{\"@id\":\"https:\/\/jorntrahus.se\/pro\/jorntrahus-och-contractor-gor-ny-kontorsbyggnad-i-skelleftea\/#primaryimage\"},\"thumbnailUrl\":\"https:\/\/jorntrahus.se\/wp-content\/uploads\/2020\/09\/Contractor_news_bg.jpg\",\"datePublished\":\"2020-09-01T08:38:46+00:00\",\"dateModified\":\"2022-03-17T14:40:47+00:00\",\"breadcrumb\":{\"@id\":\"https:\/\/jorntrahus.se\/pro\/jorntrahus-och-contractor-gor-ny-kontorsbyggnad-i-skelleftea\/#breadcrumb\"},\"inLanguage\":\"nb-NO\",\"potentialAction\":[{\"@type\":\"ReadAction\",\"target\":[\"https:\/\/jorntrahus.se\/pro\/jorntrahus-och-contractor-gor-ny-kontorsbyggnad-i-skelleftea\/\"]}]},{\"@type\":\"ImageObject\",\"inLanguage\":\"nb-NO\",\"@id\":\"https:\/\/jorntrahus.se\/pro\/jorntrahus-och-contractor-gor-ny-kontorsbyggnad-i-skelleftea\/#primaryimage\",\"url\":\"https:\/\/jorntrahus.se\/wp-content\/uploads\/2020\/09\/Contractor_news_bg.jpg\",\"contentUrl\":\"https:\/\/jorntrahus.se\/wp-content\/uploads\/2020\/09\/Contractor_news_bg.jpg\",\"width\":2000,\"height\":1194,\"caption\":\"Contractor news bg\"},{\"@type\":\"BreadcrumbList\",\"@id\":\"https:\/\/jorntrahus.se\/pro\/jorntrahus-och-contractor-gor-ny-kontorsbyggnad-i-skelleftea\/#breadcrumb\",\"itemListElement\":[{\"@type\":\"ListItem\",\"position\":1,\"name\":\"Hem\",\"item\":\"https:\/\/jorntrahus.se\/\"},{\"@type\":\"ListItem\",\"position\":2,\"name\":\"J\u00f6rntr\u00e4hus och Contractor g\u00f6r ny kontorsbyggnad i Skellefte\u00e5\"}]},{\"@type\":\"WebSite\",\"@id\":\"https:\/\/jorntrahus.se\/#website\",\"url\":\"https:\/\/jorntrahus.se\/\",\"name\":\"J\u00f6rntr\u00e4hus\",\"description\":\"Hus f\u00f6r den medvetne\",\"publisher\":{\"@id\":\"https:\/\/jorntrahus.se\/#organization\"},\"potentialAction\":[{\"@type\":\"SearchAction\",\"target\":{\"@type\":\"EntryPoint\",\"urlTemplate\":\"https:\/\/jorntrahus.se\/?s={search_term_string}\"},\"query-input\":{\"@type\":\"PropertyValueSpecification\",\"valueRequired\":true,\"valueName\":\"search_term_string\"}}],\"inLanguage\":\"nb-NO\"},{\"@type\":\"Organization\",\"@id\":\"https:\/\/jorntrahus.se\/#organization\",\"name\":\"J\u00f6rntr\u00e4hus\",\"url\":\"https:\/\/jorntrahus.se\/\",\"logo\":{\"@type\":\"ImageObject\",\"inLanguage\":\"nb-NO\",\"@id\":\"https:\/\/jorntrahus.se\/#\/schema\/logo\/image\/\",\"url\":\"https:\/\/jorntrahus.se\/wp-content\/uploads\/2020\/09\/Jorntrahus_Grund_CMYK.eps\",\"contentUrl\":\"https:\/\/jorntrahus.se\/wp-content\/uploads\/2020\/09\/Jorntrahus_Grund_CMYK.eps\",\"width\":1,\"height\":1,\"caption\":\"J\u00f6rntr\u00e4hus\"},\"image\":{\"@id\":\"https:\/\/jorntrahus.se\/#\/schema\/logo\/image\/\"}},{\"@type\":\"Person\",\"@id\":\"https:\/\/jorntrahus.se\/#\/schema\/person\/1d486a26d13d4df455271c2f02f5ef5c\",\"name\":\"J\u00f6rntr\u00e4hus\",\"image\":{\"@type\":\"ImageObject\",\"inLanguage\":\"nb-NO\",\"@id\":\"https:\/\/secure.gravatar.com\/avatar\/e9b8fcf3c4d64603cd3ec2eb8588179dabe6c74041e8c2a09d7ca9e0900a4ad3?s=96&d=mm&r=g\",\"url\":\"https:\/\/secure.gravatar.com\/avatar\/e9b8fcf3c4d64603cd3ec2eb8588179dabe6c74041e8c2a09d7ca9e0900a4ad3?s=96&d=mm&r=g\",\"contentUrl\":\"https:\/\/secure.gravatar.com\/avatar\/e9b8fcf3c4d64603cd3ec2eb8588179dabe6c74041e8c2a09d7ca9e0900a4ad3?s=96&d=mm&r=g\",\"caption\":\"J\u00f6rntr\u00e4hus\"},\"sameAs\":[\"https:\/\/jorntrahus.se\"],\"url\":\"https:\/\/jorntrahus.se\/nb\/author\/jorntrahus\/\"}]}<\/script>\n<!-- \/ Yoast SEO plugin. -->","yoast_head_json":{"title":"J\u00f6rntr\u00e4hus og Contractor skaper nytt kontorbygg i Skellefte\u00e5 - J\u00f6rntr\u00e4hus","robots":{"index":"index","follow":"follow","max-snippet":"max-snippet:-1","max-image-preview":"max-image-preview:large","max-video-preview":"max-video-preview:-1"},"canonical":"https:\/\/jorntrahus.se\/nb\/per\/jorntrahus-og-entreprenor-bygger-nytt-kontorbygg-i-skelleftea\/","og_locale":"nb_NO","og_type":"article","og_title":"J\u00f6rntr\u00e4hus och Contractor g\u00f6r ny kontorsbyggnad i Skellefte\u00e5 - J\u00f6rntr\u00e4hus","og_description":"Ett intressant koncernsamarbete ska utmynna i 30 nya kontor p\u00e5 Skellefte\u00e5 lasarett.","og_url":"https:\/\/jorntrahus.se\/nb\/per\/jorntrahus-og-entreprenor-bygger-nytt-kontorbygg-i-skelleftea\/","og_site_name":"J\u00f6rntr\u00e4hus","article_published_time":"2020-09-01T08:38:46+00:00","article_modified_time":"2022-03-17T14:40:47+00:00","og_image":[{"width":2000,"height":1194,"url":"https:\/\/jorntrahus.se\/wp-content\/uploads\/2020\/09\/Contractor_news_bg.jpg","type":"image\/jpeg"}],"author":"J\u00f6rntr\u00e4hus","twitter_card":"summary_large_image","twitter_misc":{"Skrevet av":"J\u00f6rntr\u00e4hus","Ansl. lesetid":"1 minutt"},"schema":{"@context":"https:\/\/schema.org","@graph":[{"@type":"Article","@id":"https:\/\/jorntrahus.se\/pro\/jorntrahus-och-contractor-gor-ny-kontorsbyggnad-i-skelleftea\/#article","isPartOf":{"@id":"https:\/\/jorntrahus.se\/pro\/jorntrahus-och-contractor-gor-ny-kontorsbyggnad-i-skelleftea\/"},"author":{"name":"J\u00f6rntr\u00e4hus","@id":"https:\/\/jorntrahus.se\/#\/schema\/person\/1d486a26d13d4df455271c2f02f5ef5c"},"headline":"J\u00f6rntr\u00e4hus och Contractor g\u00f6r ny kontorsbyggnad i Skellefte\u00e5","datePublished":"2020-09-01T08:38:46+00:00","dateModified":"2022-03-17T14:40:47+00:00","mainEntityOfPage":{"@id":"https:\/\/jorntrahus.se\/pro\/jorntrahus-och-contractor-gor-ny-kontorsbyggnad-i-skelleftea\/"},"wordCount":128,"publisher":{"@id":"https:\/\/jorntrahus.se\/#organization"},"image":{"@id":"https:\/\/jorntrahus.se\/pro\/jorntrahus-och-contractor-gor-ny-kontorsbyggnad-i-skelleftea\/#primaryimage"},"thumbnailUrl":"https:\/\/jorntrahus.se\/wp-content\/uploads\/2020\/09\/Contractor_news_bg.jpg","keywords":["Contractor","prefabricerade husblock","Region V\u00e4sterbotten"],"articleSection":["F\u00f6retagsnytt","J\u00f6rntr\u00e4hus Pro"],"inLanguage":"nb-NO"},{"@type":"WebPage","@id":"https:\/\/jorntrahus.se\/pro\/jorntrahus-och-contractor-gor-ny-kontorsbyggnad-i-skelleftea\/","url":"https:\/\/jorntrahus.se\/pro\/jorntrahus-och-contractor-gor-ny-kontorsbyggnad-i-skelleftea\/","name":"J\u00f6rntr\u00e4hus og Contractor skaper nytt kontorbygg i Skellefte\u00e5 - J\u00f6rntr\u00e4hus","isPartOf":{"@id":"https:\/\/jorntrahus.se\/#website"},"primaryImageOfPage":{"@id":"https:\/\/jorntrahus.se\/pro\/jorntrahus-och-contractor-gor-ny-kontorsbyggnad-i-skelleftea\/#primaryimage"},"image":{"@id":"https:\/\/jorntrahus.se\/pro\/jorntrahus-och-contractor-gor-ny-kontorsbyggnad-i-skelleftea\/#primaryimage"},"thumbnailUrl":"https:\/\/jorntrahus.se\/wp-content\/uploads\/2020\/09\/Contractor_news_bg.jpg","datePublished":"2020-09-01T08:38:46+00:00","dateModified":"2022-03-17T14:40:47+00:00","breadcrumb":{"@id":"https:\/\/jorntrahus.se\/pro\/jorntrahus-och-contractor-gor-ny-kontorsbyggnad-i-skelleftea\/#breadcrumb"},"inLanguage":"nb-NO","potentialAction":[{"@type":"ReadAction","target":["https:\/\/jorntrahus.se\/pro\/jorntrahus-och-contractor-gor-ny-kontorsbyggnad-i-skelleftea\/"]}]},{"@type":"ImageObject","inLanguage":"nb-NO","@id":"https:\/\/jorntrahus.se\/pro\/jorntrahus-och-contractor-gor-ny-kontorsbyggnad-i-skelleftea\/#primaryimage","url":"https:\/\/jorntrahus.se\/wp-content\/uploads\/2020\/09\/Contractor_news_bg.jpg","contentUrl":"https:\/\/jorntrahus.se\/wp-content\/uploads\/2020\/09\/Contractor_news_bg.jpg","width":2000,"height":1194,"caption":"Contractor news bg"},{"@type":"BreadcrumbList","@id":"https:\/\/jorntrahus.se\/pro\/jorntrahus-och-contractor-gor-ny-kontorsbyggnad-i-skelleftea\/#breadcrumb","itemListElement":[{"@type":"ListItem","position":1,"name":"Hem","item":"https:\/\/jorntrahus.se\/"},{"@type":"ListItem","position":2,"name":"J\u00f6rntr\u00e4hus och Contractor g\u00f6r ny kontorsbyggnad i Skellefte\u00e5"}]},{"@type":"WebSite","@id":"https:\/\/jorntrahus.se\/#website","url":"https:\/\/jorntrahus.se\/","name":"J\u00f6rntr\u00e4hus","description":"Hus for de bevisste","publisher":{"@id":"https:\/\/jorntrahus.se\/#organization"},"potentialAction":[{"@type":"SearchAction","target":{"@type":"EntryPoint","urlTemplate":"https:\/\/jorntrahus.se\/?s={search_term_string}"},"query-input":{"@type":"PropertyValueSpecification","valueRequired":true,"valueName":"search_term_string"}}],"inLanguage":"nb-NO"},{"@type":"Organization","@id":"https:\/\/jorntrahus.se\/#organization","name":"J\u00f6rntr\u00e4hus","url":"https:\/\/jorntrahus.se\/","logo":{"@type":"ImageObject","inLanguage":"nb-NO","@id":"https:\/\/jorntrahus.se\/#\/schema\/logo\/image\/","url":"https:\/\/jorntrahus.se\/wp-content\/uploads\/2020\/09\/Jorntrahus_Grund_CMYK.eps","contentUrl":"https:\/\/jorntrahus.se\/wp-content\/uploads\/2020\/09\/Jorntrahus_Grund_CMYK.eps","width":1,"height":1,"caption":"J\u00f6rntr\u00e4hus"},"image":{"@id":"https:\/\/jorntrahus.se\/#\/schema\/logo\/image\/"}},{"@type":"Person","@id":"https:\/\/jorntrahus.se\/#\/schema\/person\/1d486a26d13d4df455271c2f02f5ef5c","name":"J\u00f6rntr\u00e4hus","image":{"@type":"ImageObject","inLanguage":"nb-NO","@id":"https:\/\/secure.gravatar.com\/avatar\/e9b8fcf3c4d64603cd3ec2eb8588179dabe6c74041e8c2a09d7ca9e0900a4ad3?s=96&d=mm&r=g","url":"https:\/\/secure.gravatar.com\/avatar\/e9b8fcf3c4d64603cd3ec2eb8588179dabe6c74041e8c2a09d7ca9e0900a4ad3?s=96&d=mm&r=g","contentUrl":"https:\/\/secure.gravatar.com\/avatar\/e9b8fcf3c4d64603cd3ec2eb8588179dabe6c74041e8c2a09d7ca9e0900a4ad3?s=96&d=mm&r=g","caption":"J\u00f6rntr\u00e4hus"},"sameAs":["https:\/\/jorntrahus.se"],"url":"https:\/\/jorntrahus.se\/nb\/author\/jorntrahus\/"}]}},"publishpress_future_action":{"enabled":false,"date":"2026-05-07 05:57:05","action":"change-status","newStatus":"draft","terms":[],"taxonomy":"category","extraData":[]},"publishpress_future_workflow_manual_trigger":{"enabledWorkflows":[]},"_links":{"self":[{"href":"https:\/\/jorntrahus.se\/nb\/wp-json\/wp\/v2\/posts\/11935","targetHints":{"allow":["GET"]}}],"collection":[{"href":"https:\/\/jorntrahus.se\/nb\/wp-json\/wp\/v2\/posts"}],"about":[{"href":"https:\/\/jorntrahus.se\/nb\/wp-json\/wp\/v2\/types\/post"}],"author":[{"embeddable":true,"href":"https:\/\/jorntrahus.se\/nb\/wp-json\/wp\/v2\/users\/2"}],"replies":[{"embeddable":true,"href":"https:\/\/jorntrahus.se\/nb\/wp-json\/wp\/v2\/comments?post=11935"}],"version-history":[{"count":6,"href":"https:\/\/jorntrahus.se\/nb\/wp-json\/wp\/v2\/posts\/11935\/revisions"}],"predecessor-version":[{"id":11990,"href":"https:\/\/jorntrahus.se\/nb\/wp-json\/wp\/v2\/posts\/11935\/revisions\/11990"}],"wp:featuredmedia":[{"embeddable":true,"href":"https:\/\/jorntrahus.se\/nb\/wp-json\/wp\/v2\/media\/11986"}],"wp:attachment":[{"href":"https:\/\/jorntrahus.se\/nb\/wp-json\/wp\/v2\/media?parent=11935"}],"wp:term":[{"taxonomy":"category","embeddable":true,"href":"https:\/\/jorntrahus.se\/nb\/wp-json\/wp\/v2\/categories?post=11935"},{"taxonomy":"post_tag","embeddable":true,"href":"https:\/\/jorntrahus.se\/nb\/wp-json\/wp\/v2\/tags?post=11935"}],"curies":[{"name":"wp","href":"https:\/\/api.w.org\/{rel}","templated":true}]}}