{"id":11964,"date":"2019-11-11T15:42:13","date_gmt":"2019-11-11T14:42:13","guid":{"rendered":"https:\/\/jorntrahus.se\/?p=11964"},"modified":"2022-03-17T15:41:23","modified_gmt":"2022-03-17T14:41:23","slug":"mikael-lindberg-ny-administrerende-direktor-i-jorntrahus","status":"publish","type":"post","link":"https:\/\/jorntrahus.se\/nb\/pressmeddelande\/mikael-lindberg-ny-vd-pa-jorntrahus\/","title":{"rendered":"Mikael Lindberg ny administrerende direkt\u00f8r i J\u00f6rntr\u00e4hus"},"content":{"rendered":"<h3>Det er n\u00e5 klart at Mikael Lindberg blir ny administrerende direkt\u00f8r i J\u00f6rntr\u00e4hus. Han tiltrer stillingen 1. februar 2020 og kommer sist fra en stilling som skandinavisk salgssjef i Stora Enso.<\/h3>\n<p>- \"Jeg f\u00f8ler at jeg kommer til J\u00f6rntr\u00e4hus i en veldig interessant posisjon. Jeg har stor tro p\u00e5 selskapets konsept for industriell bygging, og det finnes alle muligheter til \u00e5 fortsette \u00e5 ta markedsandeler\", sier Mikael Lindberg.<\/p>\n<p>Mikael Lindberg har opparbeidet seg en imponerende merittliste gjennom \u00e5rene. I tillegg til stillingen som salgssjef i Stora Enso var han ogs\u00e5 administrerende direkt\u00f8r i Martinsons Byggsystem i sju \u00e5r. Fredrik Andersson, administrerende direkt\u00f8r i Contractor, der J\u00f6rntr\u00e4hus inng\u00e5r, mener at Mikael Lindbergs erfaring fra tiden i Martinsons var av stor betydning for rekrutteringen.<\/p>\n<p>- Mikael har akkurat den bakgrunnen vi \u00f8nsker oss hos en administrerende direkt\u00f8r i J\u00f6rntr\u00e4hus. Han har meritter fra b\u00e5de produksjonsindustrien og treindustrien, med et veletablert kontaktnettverk og omfattende kunnskap om industrielt byggeri. I tillegg har han et sterkt salgsfokus og er ekstremt god til \u00e5 m\u00f8te mennesker, noe som selvsagt er viktige egenskaper i rollen som administrerende direkt\u00f8r, sier Fredrik Andersson.<\/p>\n<h5>Jeg har ikke kommet hit for \u00e5 styre<\/h5>\n<p>Mikael mener selv at J\u00f6rntr\u00e4hus har gode forutsetninger for \u00e5 fortsette \u00e5 utvikle seg og vokse, b\u00e5de p\u00e5 det nordlige markedet og i andre deler av Sverige.<\/p>\n<p>- Slik jeg ser det, har J\u00f6rntr\u00e4hus begitt seg ut p\u00e5 en spennende reise, der mye tyder p\u00e5 fortsatt vekst. Og da tenker jeg ikke minst p\u00e5 bolig, der selskapets konsept for industriell bygging har et enormt potensial. Det er ogs\u00e5 positivt \u00e5 v\u00e6re en del av et stort og veletablert konsern, der Contractors ulike selskaper dekker hele kjeden fra tomt og anlegg til produksjon og bygging. Men jeg er forberedt p\u00e5 hardt arbeid. Jeg har ikke kommet hit for \u00e5 lede, men for \u00e5 drive og utvikle selskapet videre, sier Mikael Lindberg.<\/p>\n<p><strong>Foto:<\/strong> Jonas Westling<\/p>\n<p><strong>Mer informasjon:\u00a0<\/strong><\/p>\n<p>Fredrik Andersson, administrerende direkt\u00f8r i Entrepren\u00f8r Bygg<br \/>\nTlf: 010 - 130 78 01<\/p>\n<p>Mikael Lindberg, p\u00e5troppende administrerende direkt\u00f8r J\u00f6rntr\u00e4hus<br \/>\nTlf: 070 - 343 01 98<\/p>\n<p><em>Contractor-konsernet har virksomhet p\u00e5 seks steder i Nord-Sverige og har som m\u00e5l \u00e5 bli det ledende byggefirmaet i Nord-Sverige, med lokalt eierskap som en av hj\u00f8rnesteinene. Contractor Bygg ble grunnlagt allerede i 1910 og er i dag lokalisert i Skellefte\u00e5, Ume\u00e5, Lycksele, Hemavan og Sundsvall. I konsernet inng\u00e5r ogs\u00e5 Lindgrens Mark i Skellefte\u00e5 og J\u00f6rntr\u00e4hus AB, samt Eldabutiken Skellefte\u00e5 og Contractor Fastigheter. Konsernet, som har hovedkontor i Skellefte\u00e5, har ca. 400 ansatte og omsatte for ca. 700 millioner svenske kroner i 2018.\u00a0<\/em><\/p>","protected":false},"excerpt":{"rendered":"<p>Det er n\u00e5 klart at Mikael Lindberg blir ny administrerende direkt\u00f8r i J\u00f6rntr\u00e4hus. Han tiltrer stillingen 1. februar 2020 og kommer sist fra en stilling som skandinavisk salgssjef i Stora Enso.<\/p>","protected":false},"author":2,"featured_media":11963,"comment_status":"closed","ping_status":"closed","sticky":false,"template":"","format":"standard","meta":{"footnotes":""},"categories":[992,1186],"tags":[],"class_list":["post-11964","post","type-post","status-publish","format-standard","has-post-thumbnail","hentry","category-pro","category-pressmeddelande"],"yoast_head":"<!-- This site is optimized with the Yoast SEO plugin v27.2 - https:\/\/yoast.com\/product\/yoast-seo-wordpress\/ -->\n<title>Mikael Lindberg ny vd p\u00e5 J\u00f6rntr\u00e4hus - J\u00f6rntr\u00e4hus<\/title>\n<meta name=\"robots\" content=\"index, follow, max-snippet:-1, max-image-preview:large, max-video-preview:-1\" \/>\n<link rel=\"canonical\" href=\"https:\/\/jorntrahus.se\/nb\/pressemelding\/mikael-lindberg-ny-administrerende-direktor-i-jorntrahus\/\" \/>\n<meta property=\"og:locale\" content=\"nb_NO\" \/>\n<meta property=\"og:type\" content=\"article\" \/>\n<meta property=\"og:title\" content=\"Mikael Lindberg ny vd p\u00e5 J\u00f6rntr\u00e4hus - J\u00f6rntr\u00e4hus\" \/>\n<meta property=\"og:description\" content=\"Nu st\u00e5r det klart att Mikael Lindberg blir ny vd f\u00f6r J\u00f6rntr\u00e4hus. Han tilltr\u00e4der 1 februari 2020 och kommer n\u00e4rmast fr\u00e5n en tj\u00e4nst som skandinavisk f\u00f6rs\u00e4ljningschef p\u00e5 Stora Enso.\" \/>\n<meta property=\"og:url\" content=\"https:\/\/jorntrahus.se\/nb\/pressemelding\/mikael-lindberg-ny-administrerende-direktor-i-jorntrahus\/\" \/>\n<meta property=\"og:site_name\" content=\"J\u00f6rntr\u00e4hus\" \/>\n<meta property=\"article:published_time\" content=\"2019-11-11T14:42:13+00:00\" \/>\n<meta property=\"article:modified_time\" content=\"2022-03-17T14:41:23+00:00\" \/>\n<meta property=\"og:image\" content=\"https:\/\/jorntrahus.se\/wp-content\/uploads\/2020\/09\/Jorntrahus-Mikael-Lindberg-ny-vd-pa-Jorntrahus.jpg\" \/>\n\t<meta property=\"og:image:width\" content=\"1500\" \/>\n\t<meta property=\"og:image:height\" content=\"966\" \/>\n\t<meta property=\"og:image:type\" content=\"image\/jpeg\" \/>\n<meta name=\"author\" content=\"J\u00f6rntr\u00e4hus\" \/>\n<meta name=\"twitter:card\" content=\"summary_large_image\" \/>\n<meta name=\"twitter:label1\" content=\"Skrevet av\" \/>\n\t<meta name=\"twitter:data1\" content=\"J\u00f6rntr\u00e4hus\" \/>\n\t<meta name=\"twitter:label2\" content=\"Ansl. lesetid\" \/>\n\t<meta name=\"twitter:data2\" content=\"2 minutter\" \/>\n<script type=\"application\/ld+json\" class=\"yoast-schema-graph\">{\"@context\":\"https:\/\/schema.org\",\"@graph\":[{\"@type\":\"Article\",\"@id\":\"https:\/\/jorntrahus.se\/pressmeddelande\/mikael-lindberg-ny-vd-pa-jorntrahus\/#article\",\"isPartOf\":{\"@id\":\"https:\/\/jorntrahus.se\/pressmeddelande\/mikael-lindberg-ny-vd-pa-jorntrahus\/\"},\"author\":{\"name\":\"J\u00f6rntr\u00e4hus\",\"@id\":\"https:\/\/jorntrahus.se\/#\/schema\/person\/1d486a26d13d4df455271c2f02f5ef5c\"},\"headline\":\"Mikael Lindberg ny vd p\u00e5 J\u00f6rntr\u00e4hus\",\"datePublished\":\"2019-11-11T14:42:13+00:00\",\"dateModified\":\"2022-03-17T14:41:23+00:00\",\"mainEntityOfPage\":{\"@id\":\"https:\/\/jorntrahus.se\/pressmeddelande\/mikael-lindberg-ny-vd-pa-jorntrahus\/\"},\"wordCount\":491,\"publisher\":{\"@id\":\"https:\/\/jorntrahus.se\/#organization\"},\"image\":{\"@id\":\"https:\/\/jorntrahus.se\/pressmeddelande\/mikael-lindberg-ny-vd-pa-jorntrahus\/#primaryimage\"},\"thumbnailUrl\":\"https:\/\/jorntrahus.se\/wp-content\/uploads\/2020\/09\/Jorntrahus-Mikael-Lindberg-ny-vd-pa-Jorntrahus.jpg\",\"articleSection\":[\"J\u00f6rntr\u00e4hus Pro\",\"Pressmeddelande\"],\"inLanguage\":\"nb-NO\"},{\"@type\":\"WebPage\",\"@id\":\"https:\/\/jorntrahus.se\/pressmeddelande\/mikael-lindberg-ny-vd-pa-jorntrahus\/\",\"url\":\"https:\/\/jorntrahus.se\/pressmeddelande\/mikael-lindberg-ny-vd-pa-jorntrahus\/\",\"name\":\"Mikael Lindberg ny vd p\u00e5 J\u00f6rntr\u00e4hus - J\u00f6rntr\u00e4hus\",\"isPartOf\":{\"@id\":\"https:\/\/jorntrahus.se\/#website\"},\"primaryImageOfPage\":{\"@id\":\"https:\/\/jorntrahus.se\/pressmeddelande\/mikael-lindberg-ny-vd-pa-jorntrahus\/#primaryimage\"},\"image\":{\"@id\":\"https:\/\/jorntrahus.se\/pressmeddelande\/mikael-lindberg-ny-vd-pa-jorntrahus\/#primaryimage\"},\"thumbnailUrl\":\"https:\/\/jorntrahus.se\/wp-content\/uploads\/2020\/09\/Jorntrahus-Mikael-Lindberg-ny-vd-pa-Jorntrahus.jpg\",\"datePublished\":\"2019-11-11T14:42:13+00:00\",\"dateModified\":\"2022-03-17T14:41:23+00:00\",\"breadcrumb\":{\"@id\":\"https:\/\/jorntrahus.se\/pressmeddelande\/mikael-lindberg-ny-vd-pa-jorntrahus\/#breadcrumb\"},\"inLanguage\":\"nb-NO\",\"potentialAction\":[{\"@type\":\"ReadAction\",\"target\":[\"https:\/\/jorntrahus.se\/pressmeddelande\/mikael-lindberg-ny-vd-pa-jorntrahus\/\"]}]},{\"@type\":\"ImageObject\",\"inLanguage\":\"nb-NO\",\"@id\":\"https:\/\/jorntrahus.se\/pressmeddelande\/mikael-lindberg-ny-vd-pa-jorntrahus\/#primaryimage\",\"url\":\"https:\/\/jorntrahus.se\/wp-content\/uploads\/2020\/09\/Jorntrahus-Mikael-Lindberg-ny-vd-pa-Jorntrahus.jpg\",\"contentUrl\":\"https:\/\/jorntrahus.se\/wp-content\/uploads\/2020\/09\/Jorntrahus-Mikael-Lindberg-ny-vd-pa-Jorntrahus.jpg\",\"width\":1500,\"height\":966,\"caption\":\"Jorntrahus Mikael Lindberg ny vd pa Jorntrahus\"},{\"@type\":\"BreadcrumbList\",\"@id\":\"https:\/\/jorntrahus.se\/pressmeddelande\/mikael-lindberg-ny-vd-pa-jorntrahus\/#breadcrumb\",\"itemListElement\":[{\"@type\":\"ListItem\",\"position\":1,\"name\":\"Hem\",\"item\":\"https:\/\/jorntrahus.se\/\"},{\"@type\":\"ListItem\",\"position\":2,\"name\":\"Mikael Lindberg ny vd p\u00e5 J\u00f6rntr\u00e4hus\"}]},{\"@type\":\"WebSite\",\"@id\":\"https:\/\/jorntrahus.se\/#website\",\"url\":\"https:\/\/jorntrahus.se\/\",\"name\":\"J\u00f6rntr\u00e4hus\",\"description\":\"Hus f\u00f6r den medvetne\",\"publisher\":{\"@id\":\"https:\/\/jorntrahus.se\/#organization\"},\"potentialAction\":[{\"@type\":\"SearchAction\",\"target\":{\"@type\":\"EntryPoint\",\"urlTemplate\":\"https:\/\/jorntrahus.se\/?s={search_term_string}\"},\"query-input\":{\"@type\":\"PropertyValueSpecification\",\"valueRequired\":true,\"valueName\":\"search_term_string\"}}],\"inLanguage\":\"nb-NO\"},{\"@type\":\"Organization\",\"@id\":\"https:\/\/jorntrahus.se\/#organization\",\"name\":\"J\u00f6rntr\u00e4hus\",\"url\":\"https:\/\/jorntrahus.se\/\",\"logo\":{\"@type\":\"ImageObject\",\"inLanguage\":\"nb-NO\",\"@id\":\"https:\/\/jorntrahus.se\/#\/schema\/logo\/image\/\",\"url\":\"https:\/\/jorntrahus.se\/wp-content\/uploads\/2020\/09\/Jorntrahus_Grund_CMYK.eps\",\"contentUrl\":\"https:\/\/jorntrahus.se\/wp-content\/uploads\/2020\/09\/Jorntrahus_Grund_CMYK.eps\",\"width\":1,\"height\":1,\"caption\":\"J\u00f6rntr\u00e4hus\"},\"image\":{\"@id\":\"https:\/\/jorntrahus.se\/#\/schema\/logo\/image\/\"}},{\"@type\":\"Person\",\"@id\":\"https:\/\/jorntrahus.se\/#\/schema\/person\/1d486a26d13d4df455271c2f02f5ef5c\",\"name\":\"J\u00f6rntr\u00e4hus\",\"image\":{\"@type\":\"ImageObject\",\"inLanguage\":\"nb-NO\",\"@id\":\"https:\/\/secure.gravatar.com\/avatar\/e9b8fcf3c4d64603cd3ec2eb8588179dabe6c74041e8c2a09d7ca9e0900a4ad3?s=96&d=mm&r=g\",\"url\":\"https:\/\/secure.gravatar.com\/avatar\/e9b8fcf3c4d64603cd3ec2eb8588179dabe6c74041e8c2a09d7ca9e0900a4ad3?s=96&d=mm&r=g\",\"contentUrl\":\"https:\/\/secure.gravatar.com\/avatar\/e9b8fcf3c4d64603cd3ec2eb8588179dabe6c74041e8c2a09d7ca9e0900a4ad3?s=96&d=mm&r=g\",\"caption\":\"J\u00f6rntr\u00e4hus\"},\"sameAs\":[\"https:\/\/jorntrahus.se\"],\"url\":\"https:\/\/jorntrahus.se\/nb\/author\/jorntrahus\/\"}]}<\/script>\n<!-- \/ Yoast SEO plugin. -->","yoast_head_json":{"title":"Mikael Lindberg ny administrerende direkt\u00f8r i J\u00f6rntr\u00e4hus - J\u00f6rntr\u00e4hus","robots":{"index":"index","follow":"follow","max-snippet":"max-snippet:-1","max-image-preview":"max-image-preview:large","max-video-preview":"max-video-preview:-1"},"canonical":"https:\/\/jorntrahus.se\/nb\/pressemelding\/mikael-lindberg-ny-administrerende-direktor-i-jorntrahus\/","og_locale":"nb_NO","og_type":"article","og_title":"Mikael Lindberg ny vd p\u00e5 J\u00f6rntr\u00e4hus - J\u00f6rntr\u00e4hus","og_description":"Nu st\u00e5r det klart att Mikael Lindberg blir ny vd f\u00f6r J\u00f6rntr\u00e4hus. Han tilltr\u00e4der 1 februari 2020 och kommer n\u00e4rmast fr\u00e5n en tj\u00e4nst som skandinavisk f\u00f6rs\u00e4ljningschef p\u00e5 Stora Enso.","og_url":"https:\/\/jorntrahus.se\/nb\/pressemelding\/mikael-lindberg-ny-administrerende-direktor-i-jorntrahus\/","og_site_name":"J\u00f6rntr\u00e4hus","article_published_time":"2019-11-11T14:42:13+00:00","article_modified_time":"2022-03-17T14:41:23+00:00","og_image":[{"width":1500,"height":966,"url":"https:\/\/jorntrahus.se\/wp-content\/uploads\/2020\/09\/Jorntrahus-Mikael-Lindberg-ny-vd-pa-Jorntrahus.jpg","type":"image\/jpeg"}],"author":"J\u00f6rntr\u00e4hus","twitter_card":"summary_large_image","twitter_misc":{"Skrevet av":"J\u00f6rntr\u00e4hus","Ansl. lesetid":"2 minutter"},"schema":{"@context":"https:\/\/schema.org","@graph":[{"@type":"Article","@id":"https:\/\/jorntrahus.se\/pressmeddelande\/mikael-lindberg-ny-vd-pa-jorntrahus\/#article","isPartOf":{"@id":"https:\/\/jorntrahus.se\/pressmeddelande\/mikael-lindberg-ny-vd-pa-jorntrahus\/"},"author":{"name":"J\u00f6rntr\u00e4hus","@id":"https:\/\/jorntrahus.se\/#\/schema\/person\/1d486a26d13d4df455271c2f02f5ef5c"},"headline":"Mikael Lindberg ny vd p\u00e5 J\u00f6rntr\u00e4hus","datePublished":"2019-11-11T14:42:13+00:00","dateModified":"2022-03-17T14:41:23+00:00","mainEntityOfPage":{"@id":"https:\/\/jorntrahus.se\/pressmeddelande\/mikael-lindberg-ny-vd-pa-jorntrahus\/"},"wordCount":491,"publisher":{"@id":"https:\/\/jorntrahus.se\/#organization"},"image":{"@id":"https:\/\/jorntrahus.se\/pressmeddelande\/mikael-lindberg-ny-vd-pa-jorntrahus\/#primaryimage"},"thumbnailUrl":"https:\/\/jorntrahus.se\/wp-content\/uploads\/2020\/09\/Jorntrahus-Mikael-Lindberg-ny-vd-pa-Jorntrahus.jpg","articleSection":["J\u00f6rntr\u00e4hus Pro","Pressmeddelande"],"inLanguage":"nb-NO"},{"@type":"WebPage","@id":"https:\/\/jorntrahus.se\/pressmeddelande\/mikael-lindberg-ny-vd-pa-jorntrahus\/","url":"https:\/\/jorntrahus.se\/pressmeddelande\/mikael-lindberg-ny-vd-pa-jorntrahus\/","name":"Mikael Lindberg ny administrerende direkt\u00f8r i J\u00f6rntr\u00e4hus - J\u00f6rntr\u00e4hus","isPartOf":{"@id":"https:\/\/jorntrahus.se\/#website"},"primaryImageOfPage":{"@id":"https:\/\/jorntrahus.se\/pressmeddelande\/mikael-lindberg-ny-vd-pa-jorntrahus\/#primaryimage"},"image":{"@id":"https:\/\/jorntrahus.se\/pressmeddelande\/mikael-lindberg-ny-vd-pa-jorntrahus\/#primaryimage"},"thumbnailUrl":"https:\/\/jorntrahus.se\/wp-content\/uploads\/2020\/09\/Jorntrahus-Mikael-Lindberg-ny-vd-pa-Jorntrahus.jpg","datePublished":"2019-11-11T14:42:13+00:00","dateModified":"2022-03-17T14:41:23+00:00","breadcrumb":{"@id":"https:\/\/jorntrahus.se\/pressmeddelande\/mikael-lindberg-ny-vd-pa-jorntrahus\/#breadcrumb"},"inLanguage":"nb-NO","potentialAction":[{"@type":"ReadAction","target":["https:\/\/jorntrahus.se\/pressmeddelande\/mikael-lindberg-ny-vd-pa-jorntrahus\/"]}]},{"@type":"ImageObject","inLanguage":"nb-NO","@id":"https:\/\/jorntrahus.se\/pressmeddelande\/mikael-lindberg-ny-vd-pa-jorntrahus\/#primaryimage","url":"https:\/\/jorntrahus.se\/wp-content\/uploads\/2020\/09\/Jorntrahus-Mikael-Lindberg-ny-vd-pa-Jorntrahus.jpg","contentUrl":"https:\/\/jorntrahus.se\/wp-content\/uploads\/2020\/09\/Jorntrahus-Mikael-Lindberg-ny-vd-pa-Jorntrahus.jpg","width":1500,"height":966,"caption":"Jorntrahus Mikael Lindberg ny vd pa Jorntrahus"},{"@type":"BreadcrumbList","@id":"https:\/\/jorntrahus.se\/pressmeddelande\/mikael-lindberg-ny-vd-pa-jorntrahus\/#breadcrumb","itemListElement":[{"@type":"ListItem","position":1,"name":"Hem","item":"https:\/\/jorntrahus.se\/"},{"@type":"ListItem","position":2,"name":"Mikael Lindberg ny vd p\u00e5 J\u00f6rntr\u00e4hus"}]},{"@type":"WebSite","@id":"https:\/\/jorntrahus.se\/#website","url":"https:\/\/jorntrahus.se\/","name":"J\u00f6rntr\u00e4hus","description":"Hus for de bevisste","publisher":{"@id":"https:\/\/jorntrahus.se\/#organization"},"potentialAction":[{"@type":"SearchAction","target":{"@type":"EntryPoint","urlTemplate":"https:\/\/jorntrahus.se\/?s={search_term_string}"},"query-input":{"@type":"PropertyValueSpecification","valueRequired":true,"valueName":"search_term_string"}}],"inLanguage":"nb-NO"},{"@type":"Organization","@id":"https:\/\/jorntrahus.se\/#organization","name":"J\u00f6rntr\u00e4hus","url":"https:\/\/jorntrahus.se\/","logo":{"@type":"ImageObject","inLanguage":"nb-NO","@id":"https:\/\/jorntrahus.se\/#\/schema\/logo\/image\/","url":"https:\/\/jorntrahus.se\/wp-content\/uploads\/2020\/09\/Jorntrahus_Grund_CMYK.eps","contentUrl":"https:\/\/jorntrahus.se\/wp-content\/uploads\/2020\/09\/Jorntrahus_Grund_CMYK.eps","width":1,"height":1,"caption":"J\u00f6rntr\u00e4hus"},"image":{"@id":"https:\/\/jorntrahus.se\/#\/schema\/logo\/image\/"}},{"@type":"Person","@id":"https:\/\/jorntrahus.se\/#\/schema\/person\/1d486a26d13d4df455271c2f02f5ef5c","name":"J\u00f6rntr\u00e4hus","image":{"@type":"ImageObject","inLanguage":"nb-NO","@id":"https:\/\/secure.gravatar.com\/avatar\/e9b8fcf3c4d64603cd3ec2eb8588179dabe6c74041e8c2a09d7ca9e0900a4ad3?s=96&d=mm&r=g","url":"https:\/\/secure.gravatar.com\/avatar\/e9b8fcf3c4d64603cd3ec2eb8588179dabe6c74041e8c2a09d7ca9e0900a4ad3?s=96&d=mm&r=g","contentUrl":"https:\/\/secure.gravatar.com\/avatar\/e9b8fcf3c4d64603cd3ec2eb8588179dabe6c74041e8c2a09d7ca9e0900a4ad3?s=96&d=mm&r=g","caption":"J\u00f6rntr\u00e4hus"},"sameAs":["https:\/\/jorntrahus.se"],"url":"https:\/\/jorntrahus.se\/nb\/author\/jorntrahus\/"}]}},"publishpress_future_action":{"enabled":false,"date":"2026-05-06 23:53:20","action":"change-status","newStatus":"draft","terms":[],"taxonomy":"category","extraData":[]},"publishpress_future_workflow_manual_trigger":{"enabledWorkflows":[]},"_links":{"self":[{"href":"https:\/\/jorntrahus.se\/nb\/wp-json\/wp\/v2\/posts\/11964","targetHints":{"allow":["GET"]}}],"collection":[{"href":"https:\/\/jorntrahus.se\/nb\/wp-json\/wp\/v2\/posts"}],"about":[{"href":"https:\/\/jorntrahus.se\/nb\/wp-json\/wp\/v2\/types\/post"}],"author":[{"embeddable":true,"href":"https:\/\/jorntrahus.se\/nb\/wp-json\/wp\/v2\/users\/2"}],"replies":[{"embeddable":true,"href":"https:\/\/jorntrahus.se\/nb\/wp-json\/wp\/v2\/comments?post=11964"}],"version-history":[{"count":7,"href":"https:\/\/jorntrahus.se\/nb\/wp-json\/wp\/v2\/posts\/11964\/revisions"}],"predecessor-version":[{"id":11998,"href":"https:\/\/jorntrahus.se\/nb\/wp-json\/wp\/v2\/posts\/11964\/revisions\/11998"}],"wp:featuredmedia":[{"embeddable":true,"href":"https:\/\/jorntrahus.se\/nb\/wp-json\/wp\/v2\/media\/11963"}],"wp:attachment":[{"href":"https:\/\/jorntrahus.se\/nb\/wp-json\/wp\/v2\/media?parent=11964"}],"wp:term":[{"taxonomy":"category","embeddable":true,"href":"https:\/\/jorntrahus.se\/nb\/wp-json\/wp\/v2\/categories?post=11964"},{"taxonomy":"post_tag","embeddable":true,"href":"https:\/\/jorntrahus.se\/nb\/wp-json\/wp\/v2\/tags?post=11964"}],"curies":[{"name":"wp","href":"https:\/\/api.w.org\/{rel}","templated":true}]}}