{"id":12586,"date":"2021-02-12T11:00:30","date_gmt":"2021-02-12T10:00:30","guid":{"rendered":"https:\/\/jorntrahus.se\/?p=12586"},"modified":"2022-03-17T15:40:26","modified_gmt":"2022-03-17T14:40:26","slug":"18-rekkehus-for-falktraskomradet-skelleftea","status":"publish","type":"post","link":"https:\/\/jorntrahus.se\/nb\/nyhet\/18-radhus-till-falktraskomradet-skelleftea\/","title":{"rendered":"18 rekkehus for Falktr\u00e4skomr\u00e5det Skellefte\u00e5"},"content":{"rendered":"<div class=\"row\"  id=\"row-2060903190\">\n\n\t<div id=\"col-1584152959\" class=\"col small-12 large-12\"  >\n\t\t\t\t<div class=\"col-inner\"  >\n\t\t\t\n\t\t\t\n<h3>Som du kanskje vet, har J\u00f6rntr\u00e4hus to forretningsomr\u00e5der, hvorav det ene er produksjon av h\u00f8ykvalitets byggesett for fritidsboliger i mange stiler og st\u00f8rrelser. Det andre, som vi kaller J\u00f6rntr\u00e4hus Pro, er levering av bygningsdeler, komponenter og komplette byggesett til boligblokker eller bygninger til andre selskaper.<\/h3>\n<p>N\u00e5 er det klart at J\u00f6rntr\u00e4hus har f\u00e5tt oppdraget med \u00e5 levere byggesettene til Contractors prosjekt for bygging og salg av 18 rekkehus i Falktr\u00e4sk-omr\u00e5det i Skellefte\u00e5. Prosjektet har en tydelig milj\u00f8profil, blant annet fordi husene har trestamme og fasade, men ogs\u00e5 fordi de allerede fra starten av skal utstyres med solceller p\u00e5 taket og ladestolper for elbiler. Noe som f\u00f8lger J\u00f6rntr\u00e4huss b\u00e6rekraftfokus p\u00e5 en god m\u00e5te.<\/p>\n<p>Fra 15. februar begynner vi \u00e5 ta imot interessetilkendegivelser, og salget av rekkehusene vil bli h\u00e5ndtert av svenske eiendomsmeglere. Innflytting er forel\u00f8pig planlagt til v\u00e5ren 2022. S\u00e5 n\u00e5 har du muligheten til \u00e5 kj\u00f8pe et rekkehus i Falktr\u00e4sk-omr\u00e5det med en lettstelt tomt og samtidig investere i en feriebolig fra J\u00f6rntr\u00e4hus p\u00e5 ditt favorittsted?<\/p>\n\t<div id=\"gap-336128078\" class=\"gap-element clearfix\" style=\"display:block; height:auto;\">\n\t\t\n<style>\n#gap-336128078 {\n  padding-top: 30px;\n}\n<\/style>\n\t<\/div>\n\t\n<div class=\"row\"  id=\"row-336236683\">\n\n\t<div id=\"col-295741767\" class=\"col medium-6 small-12 large-6\"  >\n\t\t\t\t<div class=\"col-inner\"  >\n\t\t\t\n\t\t\t\n<a href=\"https:\/\/jorntrahuspro.se\/koncepthus\/\" target=\"_blank\" class=\"button primary is-outline expand\" rel=\"noopener\" >\n\t\t<span>Radhuset konsepthus<\/span>\n\t<\/a>\n\n\t\t<\/div>\n\t\t\t\t\t<\/div>\n\n\t\n\n\t<div id=\"col-811951042\" class=\"col medium-6 small-12 large-6\"  >\n\t\t\t\t<div class=\"col-inner\"  >\n\t\t\t\n\t\t\t\n<a href=\"https:\/\/www.contractor.se\/projekt\/radhus-falktrasket-skelleftea\/\" target=\"_blank\" class=\"button primary is-outline expand\" rel=\"noopener\" >\n\t\t<span>Prosjektside for entrepren\u00f8rer<\/span>\n\t<\/a>\n\n\t\t<\/div>\n\t\t\t\t\t<\/div>\n\n\t\n<\/div>\n\t<div id=\"gap-682116403\" class=\"gap-element clearfix\" style=\"display:block; height:auto;\">\n\t\t\n<style>\n#gap-682116403 {\n  padding-top: 15px;\n}\n<\/style>\n\t<\/div>\n\t\n  <div class=\"banner-grid-wrapper\">\n  <div id=\"banner-grid-1974697448\" class=\"banner-grid row row-grid row-small\" data-packery-options=\"\">\n                      \n<div class=\"col grid-col large-12 grid-col-2-3\" ><div class=\"col-inner\">\n\t<div class=\"img has-hover x md-x lg-x y md-y lg-y\" id=\"image_863367458\">\n\t\t<a class=\"image-lightbox lightbox-gallery\" title=\"\" href=\"https:\/\/jorntrahus.se\/wp-content\/uploads\/2021\/02\/Radhus-Koncepthus-Kvarteret-Mojligheten-Husproducent-Jorntrahus-Pro-Allrum-1-1200x801.jpg\">\t\t\t\t\t\t<div class=\"img-inner dark\" >\n\t\t\t<img loading=\"lazy\" decoding=\"async\" width=\"1020\" height=\"681\" src=\"https:\/\/jorntrahus.se\/wp-content\/uploads\/2021\/02\/Radhus-Koncepthus-Kvarteret-Mojligheten-Husproducent-Jorntrahus-Pro-Allrum-1-1200x801.jpg\" class=\"attachment-large size-large\" alt=\"Rekkehus Konsepthus Nabolag Mojligheten Husprodusent Jorntrahus Pro Allrum 1\" srcset=\"https:\/\/jorntrahus.se\/wp-content\/uploads\/2021\/02\/Radhus-Koncepthus-Kvarteret-Mojligheten-Husproducent-Jorntrahus-Pro-Allrum-1-1200x801.jpg 1200w, https:\/\/jorntrahus.se\/wp-content\/uploads\/2021\/02\/Radhus-Koncepthus-Kvarteret-Mojligheten-Husproducent-Jorntrahus-Pro-Allrum-1-600x400.jpg 600w, https:\/\/jorntrahus.se\/wp-content\/uploads\/2021\/02\/Radhus-Koncepthus-Kvarteret-Mojligheten-Husproducent-Jorntrahus-Pro-Allrum-1-900x600.jpg 900w, https:\/\/jorntrahus.se\/wp-content\/uploads\/2021\/02\/Radhus-Koncepthus-Kvarteret-Mojligheten-Husproducent-Jorntrahus-Pro-Allrum-1-768x512.jpg 768w, https:\/\/jorntrahus.se\/wp-content\/uploads\/2021\/02\/Radhus-Koncepthus-Kvarteret-Mojligheten-Husproducent-Jorntrahus-Pro-Allrum-1-1536x1025.jpg 1536w, https:\/\/jorntrahus.se\/wp-content\/uploads\/2021\/02\/Radhus-Koncepthus-Kvarteret-Mojligheten-Husproducent-Jorntrahus-Pro-Allrum-1-2048x1366.jpg 2048w\" sizes=\"auto, (max-width: 1020px) 100vw, 1020px\" \/>\t\t\t\t\t\t\n\t\t\t\t\t<\/div>\n\t\t\t\t\t\t<\/a>\t\t\n<style>\n#image_863367458 {\n  width: 100%;\n}\n<\/style>\n\t<\/div>\n\t\n<\/div><\/div>\n<div class=\"col grid-col large-6 grid-col-2-3\" ><div class=\"col-inner\">\n\t<div class=\"img has-hover x md-x lg-x y md-y lg-y\" id=\"image_1647952836\">\n\t\t<a class=\"image-lightbox lightbox-gallery\" title=\"\" href=\"https:\/\/jorntrahus.se\/wp-content\/uploads\/2021\/02\/Radhus-Koncepthus-Kvarteret-Mojligheten-Husproducent-Jorntrahus-Pro-Kok-1-1200x801.jpg\">\t\t\t\t\t\t<div class=\"img-inner dark\" >\n\t\t\t<img loading=\"lazy\" decoding=\"async\" width=\"1020\" height=\"681\" src=\"https:\/\/jorntrahus.se\/wp-content\/uploads\/2021\/02\/Radhus-Koncepthus-Kvarteret-Mojligheten-Husproducent-Jorntrahus-Pro-Kok-1-1200x801.jpg\" class=\"attachment-large size-large\" alt=\"Rekkehus Konsepthus Nabolag Mojligheten Husprodusent Jorntrahus Pro Kok 1\" srcset=\"https:\/\/jorntrahus.se\/wp-content\/uploads\/2021\/02\/Radhus-Koncepthus-Kvarteret-Mojligheten-Husproducent-Jorntrahus-Pro-Kok-1-1200x801.jpg 1200w, https:\/\/jorntrahus.se\/wp-content\/uploads\/2021\/02\/Radhus-Koncepthus-Kvarteret-Mojligheten-Husproducent-Jorntrahus-Pro-Kok-1-600x400.jpg 600w, https:\/\/jorntrahus.se\/wp-content\/uploads\/2021\/02\/Radhus-Koncepthus-Kvarteret-Mojligheten-Husproducent-Jorntrahus-Pro-Kok-1-900x600.jpg 900w, https:\/\/jorntrahus.se\/wp-content\/uploads\/2021\/02\/Radhus-Koncepthus-Kvarteret-Mojligheten-Husproducent-Jorntrahus-Pro-Kok-1-768x512.jpg 768w, https:\/\/jorntrahus.se\/wp-content\/uploads\/2021\/02\/Radhus-Koncepthus-Kvarteret-Mojligheten-Husproducent-Jorntrahus-Pro-Kok-1-1536x1025.jpg 1536w, https:\/\/jorntrahus.se\/wp-content\/uploads\/2021\/02\/Radhus-Koncepthus-Kvarteret-Mojligheten-Husproducent-Jorntrahus-Pro-Kok-1-2048x1366.jpg 2048w\" sizes=\"auto, (max-width: 1020px) 100vw, 1020px\" \/>\t\t\t\t\t\t\n\t\t\t\t\t<\/div>\n\t\t\t\t\t\t<\/a>\t\t\n<style>\n#image_1647952836 {\n  width: 100%;\n}\n<\/style>\n\t<\/div>\n\t\n<\/div><\/div>\n<div class=\"col grid-col large-6 grid-col-1-2\" ><div class=\"col-inner\">\n\t<div class=\"img has-hover x md-x lg-x y md-y lg-y\" id=\"image_838090364\">\n\t\t<a class=\"image-lightbox lightbox-gallery\" title=\"\" href=\"https:\/\/jorntrahus.se\/wp-content\/uploads\/2021\/02\/Koncepthus-Hustillverkare-Jorntrahus-Pro-Byggnation-partner-Contractor-4-1200x800.jpg\">\t\t\t\t\t\t<div class=\"img-inner dark\" >\n\t\t\t<img loading=\"lazy\" decoding=\"async\" width=\"1020\" height=\"680\" src=\"https:\/\/jorntrahus.se\/wp-content\/uploads\/2021\/02\/Koncepthus-Hustillverkare-Jorntrahus-Pro-Byggnation-partner-Contractor-4-1200x800.jpg\" class=\"attachment-large size-large\" alt=\"Konsepthus Husprodusent Jorntrahus Pro Construction partner Entrepren\u00f8r 4\" srcset=\"https:\/\/jorntrahus.se\/wp-content\/uploads\/2021\/02\/Koncepthus-Hustillverkare-Jorntrahus-Pro-Byggnation-partner-Contractor-4-1200x800.jpg 1200w, https:\/\/jorntrahus.se\/wp-content\/uploads\/2021\/02\/Koncepthus-Hustillverkare-Jorntrahus-Pro-Byggnation-partner-Contractor-4-600x400.jpg 600w, https:\/\/jorntrahus.se\/wp-content\/uploads\/2021\/02\/Koncepthus-Hustillverkare-Jorntrahus-Pro-Byggnation-partner-Contractor-4-900x600.jpg 900w, https:\/\/jorntrahus.se\/wp-content\/uploads\/2021\/02\/Koncepthus-Hustillverkare-Jorntrahus-Pro-Byggnation-partner-Contractor-4-768x512.jpg 768w, https:\/\/jorntrahus.se\/wp-content\/uploads\/2021\/02\/Koncepthus-Hustillverkare-Jorntrahus-Pro-Byggnation-partner-Contractor-4-1536x1024.jpg 1536w, https:\/\/jorntrahus.se\/wp-content\/uploads\/2021\/02\/Koncepthus-Hustillverkare-Jorntrahus-Pro-Byggnation-partner-Contractor-4-2048x1365.jpg 2048w\" sizes=\"auto, (max-width: 1020px) 100vw, 1020px\" \/>\t\t\t\t\t\t\n\t\t\t\t\t<\/div>\n\t\t\t\t\t\t<\/a>\t\t\n<style>\n#image_838090364 {\n  width: 100%;\n}\n<\/style>\n\t<\/div>\n\t\n<\/div><\/div>\n<div class=\"col grid-col large-3 grid-col-1-2\" ><div class=\"col-inner\">\n\t<div class=\"img has-hover x md-x lg-x y md-y lg-y\" id=\"image_976980048\">\n\t\t<a class=\"image-lightbox lightbox-gallery\" title=\"\" href=\"https:\/\/jorntrahus.se\/wp-content\/uploads\/2021\/02\/Koncepthus-Radhus-Hustillverkare-Jorntrahus-Pro-Plan-1-848x1200.png\">\t\t\t\t\t\t<div class=\"img-inner dark\" >\n\t\t\t<img loading=\"lazy\" decoding=\"async\" width=\"848\" height=\"1200\" src=\"https:\/\/jorntrahus.se\/wp-content\/uploads\/2021\/02\/Koncepthus-Radhus-Hustillverkare-Jorntrahus-Pro-Plan-1-848x1200.png\" class=\"attachment-large size-large\" alt=\"Konsepthus Rekkehus Husprodusent Jorntrahus Pro Plan 1\" srcset=\"https:\/\/jorntrahus.se\/wp-content\/uploads\/2021\/02\/Koncepthus-Radhus-Hustillverkare-Jorntrahus-Pro-Plan-1-848x1200.png 848w, https:\/\/jorntrahus.se\/wp-content\/uploads\/2021\/02\/Koncepthus-Radhus-Hustillverkare-Jorntrahus-Pro-Plan-1-900x1273.png 900w, https:\/\/jorntrahus.se\/wp-content\/uploads\/2021\/02\/Koncepthus-Radhus-Hustillverkare-Jorntrahus-Pro-Plan-1-424x600.png 424w, https:\/\/jorntrahus.se\/wp-content\/uploads\/2021\/02\/Koncepthus-Radhus-Hustillverkare-Jorntrahus-Pro-Plan-1-768x1086.png 768w, https:\/\/jorntrahus.se\/wp-content\/uploads\/2021\/02\/Koncepthus-Radhus-Hustillverkare-Jorntrahus-Pro-Plan-1-1086x1536.png 1086w, https:\/\/jorntrahus.se\/wp-content\/uploads\/2021\/02\/Koncepthus-Radhus-Hustillverkare-Jorntrahus-Pro-Plan-1.png 1240w\" sizes=\"auto, (max-width: 848px) 100vw, 848px\" \/>\t\t\t\t\t\t\n\t\t\t\t\t<\/div>\n\t\t\t\t\t\t<\/a>\t\t\n<style>\n#image_976980048 {\n  width: 100%;\n}\n<\/style>\n\t<\/div>\n\t\n<\/div><\/div>\n<div class=\"col grid-col large-3 grid-col-1-2\" ><div class=\"col-inner\">\n\t<div class=\"img has-hover x md-x lg-x y md-y lg-y\" id=\"image_1471630615\">\n\t\t<a class=\"image-lightbox lightbox-gallery\" title=\"\" href=\"https:\/\/jorntrahus.se\/wp-content\/uploads\/2021\/02\/Koncepthus-Radhus-Hustillverkare-Jorntrahus-Pro-Plan-2-848x1200.png\">\t\t\t\t\t\t<div class=\"img-inner dark\" >\n\t\t\t<img loading=\"lazy\" decoding=\"async\" width=\"848\" height=\"1200\" src=\"https:\/\/jorntrahus.se\/wp-content\/uploads\/2021\/02\/Koncepthus-Radhus-Hustillverkare-Jorntrahus-Pro-Plan-2-848x1200.png\" class=\"attachment-large size-large\" alt=\"Konsepthus Rekkehus Husprodusent Jorntrahus Pro Plan 2\" srcset=\"https:\/\/jorntrahus.se\/wp-content\/uploads\/2021\/02\/Koncepthus-Radhus-Hustillverkare-Jorntrahus-Pro-Plan-2-848x1200.png 848w, https:\/\/jorntrahus.se\/wp-content\/uploads\/2021\/02\/Koncepthus-Radhus-Hustillverkare-Jorntrahus-Pro-Plan-2-900x1273.png 900w, https:\/\/jorntrahus.se\/wp-content\/uploads\/2021\/02\/Koncepthus-Radhus-Hustillverkare-Jorntrahus-Pro-Plan-2-424x600.png 424w, https:\/\/jorntrahus.se\/wp-content\/uploads\/2021\/02\/Koncepthus-Radhus-Hustillverkare-Jorntrahus-Pro-Plan-2-768x1086.png 768w, https:\/\/jorntrahus.se\/wp-content\/uploads\/2021\/02\/Koncepthus-Radhus-Hustillverkare-Jorntrahus-Pro-Plan-2-1086x1536.png 1086w, https:\/\/jorntrahus.se\/wp-content\/uploads\/2021\/02\/Koncepthus-Radhus-Hustillverkare-Jorntrahus-Pro-Plan-2.png 1240w\" sizes=\"auto, (max-width: 848px) 100vw, 848px\" \/>\t\t\t\t\t\t\n\t\t\t\t\t<\/div>\n\t\t\t\t\t\t<\/a>\t\t\n<style>\n#image_1471630615 {\n  width: 100%;\n}\n<\/style>\n\t<\/div>\n\t\n<\/div><\/div>\n<div class=\"col grid-col large-6 grid-col-1-3\" ><div class=\"col-inner\">\n\t<div class=\"img has-hover x md-x lg-x y md-y lg-y\" id=\"image_1796829079\">\n\t\t<a class=\"image-lightbox lightbox-gallery\" title=\"\" href=\"https:\/\/jorntrahus.se\/wp-content\/uploads\/2021\/02\/Koncepthus-Radhuset-Hustillverkare-Jorntrahus-Pro-Projekt-Falktrasket-Hallbarhet-Solceller-2-1200x675.jpg\">\t\t\t\t\t\t<div class=\"img-inner dark\" >\n\t\t\t<img loading=\"lazy\" decoding=\"async\" width=\"1020\" height=\"574\" src=\"https:\/\/jorntrahus.se\/wp-content\/uploads\/2021\/02\/Koncepthus-Radhuset-Hustillverkare-Jorntrahus-Pro-Projekt-Falktrasket-Hallbarhet-Solceller-2-1200x675.jpg\" class=\"attachment-large size-large\" alt=\"Konsepthus Rekkehus Husprodusent Jorntrahus Pro Projekt Falktrasket Hallbarhet Solceller 2\" srcset=\"https:\/\/jorntrahus.se\/wp-content\/uploads\/2021\/02\/Koncepthus-Radhuset-Hustillverkare-Jorntrahus-Pro-Projekt-Falktrasket-Hallbarhet-Solceller-2-1200x675.jpg 1200w, https:\/\/jorntrahus.se\/wp-content\/uploads\/2021\/02\/Koncepthus-Radhuset-Hustillverkare-Jorntrahus-Pro-Projekt-Falktrasket-Hallbarhet-Solceller-2-900x506.jpg 900w, https:\/\/jorntrahus.se\/wp-content\/uploads\/2021\/02\/Koncepthus-Radhuset-Hustillverkare-Jorntrahus-Pro-Projekt-Falktrasket-Hallbarhet-Solceller-2-600x337.jpg 600w, https:\/\/jorntrahus.se\/wp-content\/uploads\/2021\/02\/Koncepthus-Radhuset-Hustillverkare-Jorntrahus-Pro-Projekt-Falktrasket-Hallbarhet-Solceller-2-768x432.jpg 768w, https:\/\/jorntrahus.se\/wp-content\/uploads\/2021\/02\/Koncepthus-Radhuset-Hustillverkare-Jorntrahus-Pro-Projekt-Falktrasket-Hallbarhet-Solceller-2.jpg 1535w\" sizes=\"auto, (max-width: 1020px) 100vw, 1020px\" \/>\t\t\t\t\t\t\n\t\t\t\t\t<\/div>\n\t\t\t\t\t\t<\/a>\t\t\n<style>\n#image_1796829079 {\n  width: 100%;\n}\n<\/style>\n\t<\/div>\n\t\n<\/div><\/div>\n<div class=\"col grid-col large-4 grid-col-2-3\" ><div class=\"col-inner\">\n\t<div class=\"img has-hover x md-x lg-x y md-y lg-y\" id=\"image_221923277\">\n\t\t<a class=\"image-lightbox lightbox-gallery\" title=\"\" href=\"https:\/\/jorntrahus.se\/wp-content\/uploads\/2021\/02\/Radhus-Koncepthus-Kvarteret-Mojligheten-Husproducent-Jorntrahus-Pro-Badrum-1-801x1200.jpg\">\t\t\t\t\t\t<div class=\"img-inner dark\" >\n\t\t\t<img loading=\"lazy\" decoding=\"async\" width=\"400\" height=\"600\" src=\"https:\/\/jorntrahus.se\/wp-content\/uploads\/2021\/02\/Radhus-Koncepthus-Kvarteret-Mojligheten-Husproducent-Jorntrahus-Pro-Badrum-1-400x600.jpg\" class=\"attachment-medium size-medium\" alt=\"Rekkehus Konsepthus Nabolag Mojligheten Husprodusent Jorntrahus Pro Bad 1\" srcset=\"https:\/\/jorntrahus.se\/wp-content\/uploads\/2021\/02\/Radhus-Koncepthus-Kvarteret-Mojligheten-Husproducent-Jorntrahus-Pro-Badrum-1-400x600.jpg 400w, https:\/\/jorntrahus.se\/wp-content\/uploads\/2021\/02\/Radhus-Koncepthus-Kvarteret-Mojligheten-Husproducent-Jorntrahus-Pro-Badrum-1-900x1349.jpg 900w, https:\/\/jorntrahus.se\/wp-content\/uploads\/2021\/02\/Radhus-Koncepthus-Kvarteret-Mojligheten-Husproducent-Jorntrahus-Pro-Badrum-1-801x1200.jpg 801w, https:\/\/jorntrahus.se\/wp-content\/uploads\/2021\/02\/Radhus-Koncepthus-Kvarteret-Mojligheten-Husproducent-Jorntrahus-Pro-Badrum-1-768x1151.jpg 768w, https:\/\/jorntrahus.se\/wp-content\/uploads\/2021\/02\/Radhus-Koncepthus-Kvarteret-Mojligheten-Husproducent-Jorntrahus-Pro-Badrum-1-1025x1536.jpg 1025w, https:\/\/jorntrahus.se\/wp-content\/uploads\/2021\/02\/Radhus-Koncepthus-Kvarteret-Mojligheten-Husproducent-Jorntrahus-Pro-Badrum-1-1366x2048.jpg 1366w, https:\/\/jorntrahus.se\/wp-content\/uploads\/2021\/02\/Radhus-Koncepthus-Kvarteret-Mojligheten-Husproducent-Jorntrahus-Pro-Badrum-1.jpg 1601w\" sizes=\"auto, (max-width: 400px) 100vw, 400px\" \/>\t\t\t\t\t\t\n\t\t\t\t\t<\/div>\n\t\t\t\t\t\t<\/a>\t\t\n<style>\n#image_221923277 {\n  width: 100%;\n}\n<\/style>\n\t<\/div>\n\t\n<\/div><\/div>\n<div class=\"col grid-col large-4 grid-col-2-3\" ><div class=\"col-inner\">\n\t<div class=\"img has-hover x md-x lg-x y md-y lg-y\" id=\"image_659208298\">\n\t\t<a class=\"image-lightbox lightbox-gallery\" title=\"\" href=\"https:\/\/jorntrahus.se\/wp-content\/uploads\/2021\/02\/Radhus-Koncepthus-Kvarteret-Mojligheten-Husproducent-Jorntrahus-Pro-Trapp-1-1200x801.jpg\">\t\t\t\t\t\t<div class=\"img-inner dark\" >\n\t\t\t<img loading=\"lazy\" decoding=\"async\" width=\"600\" height=\"400\" src=\"https:\/\/jorntrahus.se\/wp-content\/uploads\/2021\/02\/Radhus-Koncepthus-Kvarteret-Mojligheten-Husproducent-Jorntrahus-Pro-Trapp-1-600x400.jpg\" class=\"attachment-medium size-medium\" alt=\"Rekkehus Konsepthus Nabolag Mojligheten Husprodusent Jorntrahus Pro Trapp 1\" srcset=\"https:\/\/jorntrahus.se\/wp-content\/uploads\/2021\/02\/Radhus-Koncepthus-Kvarteret-Mojligheten-Husproducent-Jorntrahus-Pro-Trapp-1-600x400.jpg 600w, https:\/\/jorntrahus.se\/wp-content\/uploads\/2021\/02\/Radhus-Koncepthus-Kvarteret-Mojligheten-Husproducent-Jorntrahus-Pro-Trapp-1-900x600.jpg 900w, https:\/\/jorntrahus.se\/wp-content\/uploads\/2021\/02\/Radhus-Koncepthus-Kvarteret-Mojligheten-Husproducent-Jorntrahus-Pro-Trapp-1-1200x801.jpg 1200w, https:\/\/jorntrahus.se\/wp-content\/uploads\/2021\/02\/Radhus-Koncepthus-Kvarteret-Mojligheten-Husproducent-Jorntrahus-Pro-Trapp-1-768x512.jpg 768w, https:\/\/jorntrahus.se\/wp-content\/uploads\/2021\/02\/Radhus-Koncepthus-Kvarteret-Mojligheten-Husproducent-Jorntrahus-Pro-Trapp-1-1536x1025.jpg 1536w, https:\/\/jorntrahus.se\/wp-content\/uploads\/2021\/02\/Radhus-Koncepthus-Kvarteret-Mojligheten-Husproducent-Jorntrahus-Pro-Trapp-1-2048x1366.jpg 2048w\" sizes=\"auto, (max-width: 600px) 100vw, 600px\" \/>\t\t\t\t\t\t\n\t\t\t\t\t<\/div>\n\t\t\t\t\t\t<\/a>\t\t\n<style>\n#image_659208298 {\n  width: 100%;\n}\n<\/style>\n\t<\/div>\n\t\n<\/div><\/div>\n<div class=\"col grid-col large-4 grid-col-2-3\" ><div class=\"col-inner\">\n\t<div class=\"img has-hover x md-x lg-x y md-y lg-y\" id=\"image_308903772\">\n\t\t<a class=\"image-lightbox lightbox-gallery\" title=\"\" href=\"https:\/\/jorntrahus.se\/wp-content\/uploads\/2021\/02\/Radhus-Koncepthus-Kvarteret-Mojligheten-Husproducent-Jorntrahus-Pro-Badrum-2-801x1200.jpg\">\t\t\t\t\t\t<div class=\"img-inner dark\" >\n\t\t\t<img loading=\"lazy\" decoding=\"async\" width=\"400\" height=\"600\" src=\"https:\/\/jorntrahus.se\/wp-content\/uploads\/2021\/02\/Radhus-Koncepthus-Kvarteret-Mojligheten-Husproducent-Jorntrahus-Pro-Badrum-2-400x600.jpg\" class=\"attachment-medium size-medium\" alt=\"Rekkehus Konsepthus Nabolag Mojligheten Husprodusent Jorntrahus Pro Bad 2\" srcset=\"https:\/\/jorntrahus.se\/wp-content\/uploads\/2021\/02\/Radhus-Koncepthus-Kvarteret-Mojligheten-Husproducent-Jorntrahus-Pro-Badrum-2-400x600.jpg 400w, https:\/\/jorntrahus.se\/wp-content\/uploads\/2021\/02\/Radhus-Koncepthus-Kvarteret-Mojligheten-Husproducent-Jorntrahus-Pro-Badrum-2-900x1349.jpg 900w, https:\/\/jorntrahus.se\/wp-content\/uploads\/2021\/02\/Radhus-Koncepthus-Kvarteret-Mojligheten-Husproducent-Jorntrahus-Pro-Badrum-2-801x1200.jpg 801w, https:\/\/jorntrahus.se\/wp-content\/uploads\/2021\/02\/Radhus-Koncepthus-Kvarteret-Mojligheten-Husproducent-Jorntrahus-Pro-Badrum-2-768x1151.jpg 768w, https:\/\/jorntrahus.se\/wp-content\/uploads\/2021\/02\/Radhus-Koncepthus-Kvarteret-Mojligheten-Husproducent-Jorntrahus-Pro-Badrum-2-1025x1536.jpg 1025w, https:\/\/jorntrahus.se\/wp-content\/uploads\/2021\/02\/Radhus-Koncepthus-Kvarteret-Mojligheten-Husproducent-Jorntrahus-Pro-Badrum-2-1366x2048.jpg 1366w, https:\/\/jorntrahus.se\/wp-content\/uploads\/2021\/02\/Radhus-Koncepthus-Kvarteret-Mojligheten-Husproducent-Jorntrahus-Pro-Badrum-2.jpg 1601w\" sizes=\"auto, (max-width: 400px) 100vw, 400px\" \/>\t\t\t\t\t\t\n\t\t\t\t\t<\/div>\n\t\t\t\t\t\t<\/a>\t\t\n<style>\n#image_308903772 {\n  width: 100%;\n}\n<\/style>\n\t<\/div>\n\t\n<\/div><\/div>\n            <\/div>\n    <style>\n    #banner-grid-1974697448 .grid-col-1{height: 600px}\n    #banner-grid-1974697448 .grid-col-1-2{height: 300px}\n    #banner-grid-1974697448 .grid-col-1-3{height:200px}\n    #banner-grid-1974697448 .grid-col-2-3{height: 400px}\n    #banner-grid-1974697448 .grid-col-1-4{height: 150px}\n    #banner-grid-1974697448 .grid-col-3-4{height: 450px}\n\n\n    \n    \n\n  <\/style>\n    <\/div>\n  \n\t\t<\/div>\n\t\t\t\t\t<\/div>\n\n\t\n<\/div>","protected":false},"excerpt":{"rendered":"<p>N\u00e5 er det klart at J\u00f6rntr\u00e4hus skal levere 18 rekkehus til Contractor Groups prosjekt ved Falktr\u00e4sket i Skellefte\u00e5.<\/p>","protected":false},"author":2,"featured_media":12591,"comment_status":"closed","ping_status":"closed","sticky":false,"template":"","format":"standard","meta":{"footnotes":""},"categories":[6,1186],"tags":[1286,1160,1205,1290,1288,996],"class_list":["post-12586","post","type-post","status-publish","format-standard","has-post-thumbnail","hentry","category-nyhet","category-pressmeddelande","tag-bostadsprojekt","tag-contractor","tag-falktrasket","tag-koncepthus-radhuset","tag-radhus","tag-skelleftea"],"yoast_head":"<!-- This site is optimized with the Yoast SEO plugin v27.2 - https:\/\/yoast.com\/product\/yoast-seo-wordpress\/ -->\n<title>18 radhus till Falktr\u00e4sk&shy;omr\u00e5det Skellefte\u00e5 - J\u00f6rntr\u00e4hus<\/title>\n<meta name=\"robots\" content=\"index, follow, max-snippet:-1, max-image-preview:large, max-video-preview:-1\" \/>\n<link rel=\"canonical\" href=\"https:\/\/jorntrahus.se\/nb\/nyhet\/18-rekkehus-for-falktraskomradet-skelleftea\/\" \/>\n<meta property=\"og:locale\" content=\"nb_NO\" \/>\n<meta property=\"og:type\" content=\"article\" \/>\n<meta property=\"og:title\" content=\"18 radhus till Falktr\u00e4sk&shy;omr\u00e5det Skellefte\u00e5 - J\u00f6rntr\u00e4hus\" \/>\n<meta property=\"og:description\" content=\"Nu st\u00e5r det klart att J\u00f6rntr\u00e4hus kommer att leverera 18 radhus till Contractorkoncernens projekt p\u00e5 Falktr\u00e4sket i Skellefte\u00e5.\" \/>\n<meta property=\"og:url\" content=\"https:\/\/jorntrahus.se\/nb\/nyhet\/18-rekkehus-for-falktraskomradet-skelleftea\/\" \/>\n<meta property=\"og:site_name\" content=\"J\u00f6rntr\u00e4hus\" \/>\n<meta property=\"article:published_time\" content=\"2021-02-12T10:00:30+00:00\" \/>\n<meta property=\"article:modified_time\" content=\"2022-03-17T14:40:26+00:00\" \/>\n<meta property=\"og:image\" content=\"https:\/\/jorntrahus.se\/wp-content\/uploads\/2021\/02\/Koncepthus-Radhuset-Hustillverkare-Jorntrahus-Pro-Projekt-Falktrasket-Hallbarhet-Solceller-2.jpg\" \/>\n\t<meta property=\"og:image:width\" content=\"1535\" \/>\n\t<meta property=\"og:image:height\" content=\"863\" \/>\n\t<meta property=\"og:image:type\" content=\"image\/jpeg\" \/>\n<meta name=\"author\" content=\"J\u00f6rntr\u00e4hus\" \/>\n<meta name=\"twitter:card\" content=\"summary_large_image\" \/>\n<meta name=\"twitter:label1\" content=\"Skrevet av\" \/>\n\t<meta name=\"twitter:data1\" content=\"J\u00f6rntr\u00e4hus\" \/>\n\t<meta name=\"twitter:label2\" content=\"Ansl. lesetid\" \/>\n\t<meta name=\"twitter:data2\" content=\"2 minutter\" \/>\n<script type=\"application\/ld+json\" class=\"yoast-schema-graph\">{\"@context\":\"https:\/\/schema.org\",\"@graph\":[{\"@type\":\"Article\",\"@id\":\"https:\/\/jorntrahus.se\/nyhet\/18-radhus-till-falktraskomradet-skelleftea\/#article\",\"isPartOf\":{\"@id\":\"https:\/\/jorntrahus.se\/nyhet\/18-radhus-till-falktraskomradet-skelleftea\/\"},\"author\":{\"name\":\"J\u00f6rntr\u00e4hus\",\"@id\":\"https:\/\/jorntrahus.se\/#\/schema\/person\/1d486a26d13d4df455271c2f02f5ef5c\"},\"headline\":\"18 radhus till Falktr\u00e4sk&shy;omr\u00e5det Skellefte\u00e5\",\"datePublished\":\"2021-02-12T10:00:30+00:00\",\"dateModified\":\"2022-03-17T14:40:26+00:00\",\"mainEntityOfPage\":{\"@id\":\"https:\/\/jorntrahus.se\/nyhet\/18-radhus-till-falktraskomradet-skelleftea\/\"},\"wordCount\":399,\"publisher\":{\"@id\":\"https:\/\/jorntrahus.se\/#organization\"},\"image\":{\"@id\":\"https:\/\/jorntrahus.se\/nyhet\/18-radhus-till-falktraskomradet-skelleftea\/#primaryimage\"},\"thumbnailUrl\":\"https:\/\/jorntrahus.se\/wp-content\/uploads\/2021\/02\/Koncepthus-Radhuset-Hustillverkare-Jorntrahus-Pro-Projekt-Falktrasket-Hallbarhet-Solceller-2.jpg\",\"keywords\":[\"bostadsprojekt\",\"Contractor\",\"Falktr\u00e4sket\",\"koncepthus Radhuset\",\"radhus\",\"Skellefte\u00e5\"],\"articleSection\":[\"Nyhet\",\"Pressmeddelande\"],\"inLanguage\":\"nb-NO\"},{\"@type\":\"WebPage\",\"@id\":\"https:\/\/jorntrahus.se\/nyhet\/18-radhus-till-falktraskomradet-skelleftea\/\",\"url\":\"https:\/\/jorntrahus.se\/nyhet\/18-radhus-till-falktraskomradet-skelleftea\/\",\"name\":\"18 radhus till Falktr\u00e4sk&shy;omr\u00e5det Skellefte\u00e5 - J\u00f6rntr\u00e4hus\",\"isPartOf\":{\"@id\":\"https:\/\/jorntrahus.se\/#website\"},\"primaryImageOfPage\":{\"@id\":\"https:\/\/jorntrahus.se\/nyhet\/18-radhus-till-falktraskomradet-skelleftea\/#primaryimage\"},\"image\":{\"@id\":\"https:\/\/jorntrahus.se\/nyhet\/18-radhus-till-falktraskomradet-skelleftea\/#primaryimage\"},\"thumbnailUrl\":\"https:\/\/jorntrahus.se\/wp-content\/uploads\/2021\/02\/Koncepthus-Radhuset-Hustillverkare-Jorntrahus-Pro-Projekt-Falktrasket-Hallbarhet-Solceller-2.jpg\",\"datePublished\":\"2021-02-12T10:00:30+00:00\",\"dateModified\":\"2022-03-17T14:40:26+00:00\",\"breadcrumb\":{\"@id\":\"https:\/\/jorntrahus.se\/nyhet\/18-radhus-till-falktraskomradet-skelleftea\/#breadcrumb\"},\"inLanguage\":\"nb-NO\",\"potentialAction\":[{\"@type\":\"ReadAction\",\"target\":[\"https:\/\/jorntrahus.se\/nyhet\/18-radhus-till-falktraskomradet-skelleftea\/\"]}]},{\"@type\":\"ImageObject\",\"inLanguage\":\"nb-NO\",\"@id\":\"https:\/\/jorntrahus.se\/nyhet\/18-radhus-till-falktraskomradet-skelleftea\/#primaryimage\",\"url\":\"https:\/\/jorntrahus.se\/wp-content\/uploads\/2021\/02\/Koncepthus-Radhuset-Hustillverkare-Jorntrahus-Pro-Projekt-Falktrasket-Hallbarhet-Solceller-2.jpg\",\"contentUrl\":\"https:\/\/jorntrahus.se\/wp-content\/uploads\/2021\/02\/Koncepthus-Radhuset-Hustillverkare-Jorntrahus-Pro-Projekt-Falktrasket-Hallbarhet-Solceller-2.jpg\",\"width\":1535,\"height\":863,\"caption\":\"Koncepthus Radhuset Hustillverkare Jorntrahus Pro Projekt Falktrasket Hallbarhet Solceller 2\"},{\"@type\":\"BreadcrumbList\",\"@id\":\"https:\/\/jorntrahus.se\/nyhet\/18-radhus-till-falktraskomradet-skelleftea\/#breadcrumb\",\"itemListElement\":[{\"@type\":\"ListItem\",\"position\":1,\"name\":\"Hem\",\"item\":\"https:\/\/jorntrahus.se\/\"},{\"@type\":\"ListItem\",\"position\":2,\"name\":\"18 radhus till Falktr\u00e4sk&shy;omr\u00e5det Skellefte\u00e5\"}]},{\"@type\":\"WebSite\",\"@id\":\"https:\/\/jorntrahus.se\/#website\",\"url\":\"https:\/\/jorntrahus.se\/\",\"name\":\"J\u00f6rntr\u00e4hus\",\"description\":\"Hus f\u00f6r den medvetne\",\"publisher\":{\"@id\":\"https:\/\/jorntrahus.se\/#organization\"},\"potentialAction\":[{\"@type\":\"SearchAction\",\"target\":{\"@type\":\"EntryPoint\",\"urlTemplate\":\"https:\/\/jorntrahus.se\/?s={search_term_string}\"},\"query-input\":{\"@type\":\"PropertyValueSpecification\",\"valueRequired\":true,\"valueName\":\"search_term_string\"}}],\"inLanguage\":\"nb-NO\"},{\"@type\":\"Organization\",\"@id\":\"https:\/\/jorntrahus.se\/#organization\",\"name\":\"J\u00f6rntr\u00e4hus\",\"url\":\"https:\/\/jorntrahus.se\/\",\"logo\":{\"@type\":\"ImageObject\",\"inLanguage\":\"nb-NO\",\"@id\":\"https:\/\/jorntrahus.se\/#\/schema\/logo\/image\/\",\"url\":\"https:\/\/jorntrahus.se\/wp-content\/uploads\/2020\/09\/Jorntrahus_Grund_CMYK.eps\",\"contentUrl\":\"https:\/\/jorntrahus.se\/wp-content\/uploads\/2020\/09\/Jorntrahus_Grund_CMYK.eps\",\"width\":1,\"height\":1,\"caption\":\"J\u00f6rntr\u00e4hus\"},\"image\":{\"@id\":\"https:\/\/jorntrahus.se\/#\/schema\/logo\/image\/\"}},{\"@type\":\"Person\",\"@id\":\"https:\/\/jorntrahus.se\/#\/schema\/person\/1d486a26d13d4df455271c2f02f5ef5c\",\"name\":\"J\u00f6rntr\u00e4hus\",\"image\":{\"@type\":\"ImageObject\",\"inLanguage\":\"nb-NO\",\"@id\":\"https:\/\/secure.gravatar.com\/avatar\/e9b8fcf3c4d64603cd3ec2eb8588179dabe6c74041e8c2a09d7ca9e0900a4ad3?s=96&d=mm&r=g\",\"url\":\"https:\/\/secure.gravatar.com\/avatar\/e9b8fcf3c4d64603cd3ec2eb8588179dabe6c74041e8c2a09d7ca9e0900a4ad3?s=96&d=mm&r=g\",\"contentUrl\":\"https:\/\/secure.gravatar.com\/avatar\/e9b8fcf3c4d64603cd3ec2eb8588179dabe6c74041e8c2a09d7ca9e0900a4ad3?s=96&d=mm&r=g\",\"caption\":\"J\u00f6rntr\u00e4hus\"},\"sameAs\":[\"https:\/\/jorntrahus.se\"],\"url\":\"https:\/\/jorntrahus.se\/nb\/author\/jorntrahus\/\"}]}<\/script>\n<!-- \/ Yoast SEO plugin. -->","yoast_head_json":{"title":"18 rekkehus for Falktr\u00e4skomr\u00e5det Skellefte\u00e5 - J\u00f6rntr\u00e4hus","robots":{"index":"index","follow":"follow","max-snippet":"max-snippet:-1","max-image-preview":"max-image-preview:large","max-video-preview":"max-video-preview:-1"},"canonical":"https:\/\/jorntrahus.se\/nb\/nyhet\/18-rekkehus-for-falktraskomradet-skelleftea\/","og_locale":"nb_NO","og_type":"article","og_title":"18 radhus till Falktr\u00e4sk&shy;omr\u00e5det Skellefte\u00e5 - J\u00f6rntr\u00e4hus","og_description":"Nu st\u00e5r det klart att J\u00f6rntr\u00e4hus kommer att leverera 18 radhus till Contractorkoncernens projekt p\u00e5 Falktr\u00e4sket i Skellefte\u00e5.","og_url":"https:\/\/jorntrahus.se\/nb\/nyhet\/18-rekkehus-for-falktraskomradet-skelleftea\/","og_site_name":"J\u00f6rntr\u00e4hus","article_published_time":"2021-02-12T10:00:30+00:00","article_modified_time":"2022-03-17T14:40:26+00:00","og_image":[{"width":1535,"height":863,"url":"https:\/\/jorntrahus.se\/wp-content\/uploads\/2021\/02\/Koncepthus-Radhuset-Hustillverkare-Jorntrahus-Pro-Projekt-Falktrasket-Hallbarhet-Solceller-2.jpg","type":"image\/jpeg"}],"author":"J\u00f6rntr\u00e4hus","twitter_card":"summary_large_image","twitter_misc":{"Skrevet av":"J\u00f6rntr\u00e4hus","Ansl. lesetid":"2 minutter"},"schema":{"@context":"https:\/\/schema.org","@graph":[{"@type":"Article","@id":"https:\/\/jorntrahus.se\/nyhet\/18-radhus-till-falktraskomradet-skelleftea\/#article","isPartOf":{"@id":"https:\/\/jorntrahus.se\/nyhet\/18-radhus-till-falktraskomradet-skelleftea\/"},"author":{"name":"J\u00f6rntr\u00e4hus","@id":"https:\/\/jorntrahus.se\/#\/schema\/person\/1d486a26d13d4df455271c2f02f5ef5c"},"headline":"18 radhus till Falktr\u00e4sk&shy;omr\u00e5det Skellefte\u00e5","datePublished":"2021-02-12T10:00:30+00:00","dateModified":"2022-03-17T14:40:26+00:00","mainEntityOfPage":{"@id":"https:\/\/jorntrahus.se\/nyhet\/18-radhus-till-falktraskomradet-skelleftea\/"},"wordCount":399,"publisher":{"@id":"https:\/\/jorntrahus.se\/#organization"},"image":{"@id":"https:\/\/jorntrahus.se\/nyhet\/18-radhus-till-falktraskomradet-skelleftea\/#primaryimage"},"thumbnailUrl":"https:\/\/jorntrahus.se\/wp-content\/uploads\/2021\/02\/Koncepthus-Radhuset-Hustillverkare-Jorntrahus-Pro-Projekt-Falktrasket-Hallbarhet-Solceller-2.jpg","keywords":["bostadsprojekt","Contractor","Falktr\u00e4sket","koncepthus Radhuset","radhus","Skellefte\u00e5"],"articleSection":["Nyhet","Pressmeddelande"],"inLanguage":"nb-NO"},{"@type":"WebPage","@id":"https:\/\/jorntrahus.se\/nyhet\/18-radhus-till-falktraskomradet-skelleftea\/","url":"https:\/\/jorntrahus.se\/nyhet\/18-radhus-till-falktraskomradet-skelleftea\/","name":"18 rekkehus for Falktr\u00e4skomr\u00e5det Skellefte\u00e5 - J\u00f6rntr\u00e4hus","isPartOf":{"@id":"https:\/\/jorntrahus.se\/#website"},"primaryImageOfPage":{"@id":"https:\/\/jorntrahus.se\/nyhet\/18-radhus-till-falktraskomradet-skelleftea\/#primaryimage"},"image":{"@id":"https:\/\/jorntrahus.se\/nyhet\/18-radhus-till-falktraskomradet-skelleftea\/#primaryimage"},"thumbnailUrl":"https:\/\/jorntrahus.se\/wp-content\/uploads\/2021\/02\/Koncepthus-Radhuset-Hustillverkare-Jorntrahus-Pro-Projekt-Falktrasket-Hallbarhet-Solceller-2.jpg","datePublished":"2021-02-12T10:00:30+00:00","dateModified":"2022-03-17T14:40:26+00:00","breadcrumb":{"@id":"https:\/\/jorntrahus.se\/nyhet\/18-radhus-till-falktraskomradet-skelleftea\/#breadcrumb"},"inLanguage":"nb-NO","potentialAction":[{"@type":"ReadAction","target":["https:\/\/jorntrahus.se\/nyhet\/18-radhus-till-falktraskomradet-skelleftea\/"]}]},{"@type":"ImageObject","inLanguage":"nb-NO","@id":"https:\/\/jorntrahus.se\/nyhet\/18-radhus-till-falktraskomradet-skelleftea\/#primaryimage","url":"https:\/\/jorntrahus.se\/wp-content\/uploads\/2021\/02\/Koncepthus-Radhuset-Hustillverkare-Jorntrahus-Pro-Projekt-Falktrasket-Hallbarhet-Solceller-2.jpg","contentUrl":"https:\/\/jorntrahus.se\/wp-content\/uploads\/2021\/02\/Koncepthus-Radhuset-Hustillverkare-Jorntrahus-Pro-Projekt-Falktrasket-Hallbarhet-Solceller-2.jpg","width":1535,"height":863,"caption":"Koncepthus Radhuset Hustillverkare Jorntrahus Pro Projekt Falktrasket Hallbarhet Solceller 2"},{"@type":"BreadcrumbList","@id":"https:\/\/jorntrahus.se\/nyhet\/18-radhus-till-falktraskomradet-skelleftea\/#breadcrumb","itemListElement":[{"@type":"ListItem","position":1,"name":"Hem","item":"https:\/\/jorntrahus.se\/"},{"@type":"ListItem","position":2,"name":"18 radhus till Falktr\u00e4sk&shy;omr\u00e5det Skellefte\u00e5"}]},{"@type":"WebSite","@id":"https:\/\/jorntrahus.se\/#website","url":"https:\/\/jorntrahus.se\/","name":"J\u00f6rntr\u00e4hus","description":"Hus for de bevisste","publisher":{"@id":"https:\/\/jorntrahus.se\/#organization"},"potentialAction":[{"@type":"SearchAction","target":{"@type":"EntryPoint","urlTemplate":"https:\/\/jorntrahus.se\/?s={search_term_string}"},"query-input":{"@type":"PropertyValueSpecification","valueRequired":true,"valueName":"search_term_string"}}],"inLanguage":"nb-NO"},{"@type":"Organization","@id":"https:\/\/jorntrahus.se\/#organization","name":"J\u00f6rntr\u00e4hus","url":"https:\/\/jorntrahus.se\/","logo":{"@type":"ImageObject","inLanguage":"nb-NO","@id":"https:\/\/jorntrahus.se\/#\/schema\/logo\/image\/","url":"https:\/\/jorntrahus.se\/wp-content\/uploads\/2020\/09\/Jorntrahus_Grund_CMYK.eps","contentUrl":"https:\/\/jorntrahus.se\/wp-content\/uploads\/2020\/09\/Jorntrahus_Grund_CMYK.eps","width":1,"height":1,"caption":"J\u00f6rntr\u00e4hus"},"image":{"@id":"https:\/\/jorntrahus.se\/#\/schema\/logo\/image\/"}},{"@type":"Person","@id":"https:\/\/jorntrahus.se\/#\/schema\/person\/1d486a26d13d4df455271c2f02f5ef5c","name":"J\u00f6rntr\u00e4hus","image":{"@type":"ImageObject","inLanguage":"nb-NO","@id":"https:\/\/secure.gravatar.com\/avatar\/e9b8fcf3c4d64603cd3ec2eb8588179dabe6c74041e8c2a09d7ca9e0900a4ad3?s=96&d=mm&r=g","url":"https:\/\/secure.gravatar.com\/avatar\/e9b8fcf3c4d64603cd3ec2eb8588179dabe6c74041e8c2a09d7ca9e0900a4ad3?s=96&d=mm&r=g","contentUrl":"https:\/\/secure.gravatar.com\/avatar\/e9b8fcf3c4d64603cd3ec2eb8588179dabe6c74041e8c2a09d7ca9e0900a4ad3?s=96&d=mm&r=g","caption":"J\u00f6rntr\u00e4hus"},"sameAs":["https:\/\/jorntrahus.se"],"url":"https:\/\/jorntrahus.se\/nb\/author\/jorntrahus\/"}]}},"publishpress_future_action":{"enabled":false,"date":"2026-05-06 22:46:06","action":"change-status","newStatus":"draft","terms":[],"taxonomy":"category","extraData":[]},"publishpress_future_workflow_manual_trigger":{"enabledWorkflows":[]},"_links":{"self":[{"href":"https:\/\/jorntrahus.se\/nb\/wp-json\/wp\/v2\/posts\/12586","targetHints":{"allow":["GET"]}}],"collection":[{"href":"https:\/\/jorntrahus.se\/nb\/wp-json\/wp\/v2\/posts"}],"about":[{"href":"https:\/\/jorntrahus.se\/nb\/wp-json\/wp\/v2\/types\/post"}],"author":[{"embeddable":true,"href":"https:\/\/jorntrahus.se\/nb\/wp-json\/wp\/v2\/users\/2"}],"replies":[{"embeddable":true,"href":"https:\/\/jorntrahus.se\/nb\/wp-json\/wp\/v2\/comments?post=12586"}],"version-history":[{"count":5,"href":"https:\/\/jorntrahus.se\/nb\/wp-json\/wp\/v2\/posts\/12586\/revisions"}],"predecessor-version":[{"id":12612,"href":"https:\/\/jorntrahus.se\/nb\/wp-json\/wp\/v2\/posts\/12586\/revisions\/12612"}],"wp:featuredmedia":[{"embeddable":true,"href":"https:\/\/jorntrahus.se\/nb\/wp-json\/wp\/v2\/media\/12591"}],"wp:attachment":[{"href":"https:\/\/jorntrahus.se\/nb\/wp-json\/wp\/v2\/media?parent=12586"}],"wp:term":[{"taxonomy":"category","embeddable":true,"href":"https:\/\/jorntrahus.se\/nb\/wp-json\/wp\/v2\/categories?post=12586"},{"taxonomy":"post_tag","embeddable":true,"href":"https:\/\/jorntrahus.se\/nb\/wp-json\/wp\/v2\/tags?post=12586"}],"curies":[{"name":"wp","href":"https:\/\/api.w.org\/{rel}","templated":true}]}}