{"id":14596,"date":"2023-12-22T16:58:48","date_gmt":"2023-12-22T15:58:48","guid":{"rendered":"https:\/\/jorntrahus.se\/?p=14596"},"modified":"2024-09-02T11:44:57","modified_gmt":"2024-09-02T09:44:57","slug":"ikke-bare-er-nissen-vaken-husfabrikken-er-i-full-gang","status":"publish","type":"post","link":"https:\/\/jorntrahus.se\/nb\/nyhet\/inte-bara-tomten-ar-vaken-aven-full-fart-i-husfabriken\/","title":{"rendered":"Ikke bare er julenissen v\u00e5ken - husfabrikken er ogs\u00e5 i full gang"},"content":{"rendered":"<h3>Vi i J\u00f6rntr\u00e4hus vil gjerne takke alle eksisterende og fremtidige kunder for \u00e5ret som har g\u00e5tt, samt gi dere en liten oppsummering av \u00e5ret som har g\u00e5tt og hva vi ser frem til i 2024.<\/h3>\n<p>2023 har v\u00e6rt et t\u00f8ft \u00e5r for J\u00f6rntr\u00e4hus i J\u00f6rn AB. Ikke omsetningsmessig, men f\u00f8rst og fremst fordi vi har m\u00e5ttet kutte kostnader og si farvel til en rekke dyktige medarbeidere.<\/p>\n<p>- N\u00e5 som \u00e5ret snart er over, ser vi imidlertid at innsparingene har hatt effekt, og vi f\u00f8ler oss trygge p\u00e5 at vi kommer til \u00e5 vise et positivt resultat for 2023, sier konsernsjef Anders Lundkvist.<\/p>\n<p>- N\u00e5 ser vi frem til et nytt \u00e5r med produksjon av mange nye, fine J\u00f6rntr\u00e4hus-er - om enn i en noe mindre organisasjonsdrakt, avslutter Anders.<\/p>\n<h4>God jul og godt nytt \u00e5r til alle dere herlige husvenner!\u00a0<\/h4>\n\t<div id=\"gap-1683295663\" class=\"gap-element clearfix\" style=\"display:block; height:auto;\">\n\t\t\n<style>\n#gap-1683295663 {\n  padding-top: 30px;\n}\n<\/style>\n\t<\/div>\n\t\n  <div class=\"banner-grid-wrapper\">\n  <div id=\"banner-grid-475500952\" class=\"banner-grid row row-grid row-small\" data-packery-options=\"\">\n                      \n<div class=\"col grid-col large-6 grid-col-1\" ><div class=\"col-inner\">\n\t<div class=\"img has-hover x md-x lg-x y md-y lg-y\" id=\"image_2096791315\">\n\t\t\t\t\t\t\t\t<div class=\"img-inner dark\" >\n\t\t\t<img loading=\"lazy\" decoding=\"async\" width=\"1020\" height=\"1020\" src=\"https:\/\/jorntrahus.se\/wp-content\/uploads\/2022\/10\/Populara-hus-villor-fritidshus-husbyggsatser-byggelement-byggs-i-husfabrikens-nya-produktionsflode-Jorntrahus-3.jpg\" class=\"attachment-large size-large\" alt=\"Popul\u00e6re hus villaer fritidsboliger hus byggesett bygningselementer bygges i husfabrikkens nye produksjonselv Jorntrahus 3\" srcset=\"https:\/\/jorntrahus.se\/wp-content\/uploads\/2022\/10\/Populara-hus-villor-fritidshus-husbyggsatser-byggelement-byggs-i-husfabrikens-nya-produktionsflode-Jorntrahus-3.jpg 1200w, https:\/\/jorntrahus.se\/wp-content\/uploads\/2022\/10\/Populara-hus-villor-fritidshus-husbyggsatser-byggelement-byggs-i-husfabrikens-nya-produktionsflode-Jorntrahus-3-900x900.jpg 900w, https:\/\/jorntrahus.se\/wp-content\/uploads\/2022\/10\/Populara-hus-villor-fritidshus-husbyggsatser-byggelement-byggs-i-husfabrikens-nya-produktionsflode-Jorntrahus-3-300x300.jpg 300w, https:\/\/jorntrahus.se\/wp-content\/uploads\/2022\/10\/Populara-hus-villor-fritidshus-husbyggsatser-byggelement-byggs-i-husfabrikens-nya-produktionsflode-Jorntrahus-3-768x768.jpg 768w, https:\/\/jorntrahus.se\/wp-content\/uploads\/2022\/10\/Populara-hus-villor-fritidshus-husbyggsatser-byggelement-byggs-i-husfabrikens-nya-produktionsflode-Jorntrahus-3-100x100.jpg 100w\" sizes=\"auto, (max-width: 1020px) 100vw, 1020px\" \/>\t\t\t\t\t\t\n\t\t\t\t\t<\/div>\n\t\t\t\t\t\t\t\t\n<style>\n#image_2096791315 {\n  width: 100%;\n}\n<\/style>\n\t<\/div>\n\t\n<\/div><\/div>\n<div class=\"col grid-col large-6 grid-col-1\" ><div class=\"col-inner\">\n\t<div class=\"img has-hover x md-x lg-x y md-y lg-y\" id=\"image_116198687\">\n\t\t\t\t\t\t\t\t<div class=\"img-inner dark\" >\n\t\t\t<img loading=\"lazy\" decoding=\"async\" width=\"1020\" height=\"1020\" src=\"https:\/\/jorntrahus.se\/wp-content\/uploads\/2022\/10\/Populara-hus-villor-fritidshus-husbyggsatser-byggelement-byggs-i-husfabrikens-nya-produktionsflode-Jorntrahus-4.jpg\" class=\"attachment-large size-large\" alt=\"Popul\u00e6re hus villaer fritidsboliger husbyggesett bygningselementer bygges i husfabrikkens nye produksjonselv Jorntrahus 4\" srcset=\"https:\/\/jorntrahus.se\/wp-content\/uploads\/2022\/10\/Populara-hus-villor-fritidshus-husbyggsatser-byggelement-byggs-i-husfabrikens-nya-produktionsflode-Jorntrahus-4.jpg 1200w, https:\/\/jorntrahus.se\/wp-content\/uploads\/2022\/10\/Populara-hus-villor-fritidshus-husbyggsatser-byggelement-byggs-i-husfabrikens-nya-produktionsflode-Jorntrahus-4-900x900.jpg 900w, https:\/\/jorntrahus.se\/wp-content\/uploads\/2022\/10\/Populara-hus-villor-fritidshus-husbyggsatser-byggelement-byggs-i-husfabrikens-nya-produktionsflode-Jorntrahus-4-300x300.jpg 300w, https:\/\/jorntrahus.se\/wp-content\/uploads\/2022\/10\/Populara-hus-villor-fritidshus-husbyggsatser-byggelement-byggs-i-husfabrikens-nya-produktionsflode-Jorntrahus-4-768x768.jpg 768w, https:\/\/jorntrahus.se\/wp-content\/uploads\/2022\/10\/Populara-hus-villor-fritidshus-husbyggsatser-byggelement-byggs-i-husfabrikens-nya-produktionsflode-Jorntrahus-4-100x100.jpg 100w\" sizes=\"auto, (max-width: 1020px) 100vw, 1020px\" \/>\t\t\t\t\t\t\n\t\t\t\t\t<\/div>\n\t\t\t\t\t\t\t\t\n<style>\n#image_116198687 {\n  width: 100%;\n}\n<\/style>\n\t<\/div>\n\t\n<\/div><\/div>\n            <\/div>\n    <style>\n    #banner-grid-475500952 .grid-col-1{height: 600px}\n    #banner-grid-475500952 .grid-col-1-2{height: 300px}\n    #banner-grid-475500952 .grid-col-1-3{height:200px}\n    #banner-grid-475500952 .grid-col-2-3{height: 400px}\n    #banner-grid-475500952 .grid-col-1-4{height: 150px}\n    #banner-grid-475500952 .grid-col-3-4{height: 450px}\n\n\n    \n    \n\n  <\/style>\n    <\/div>\n  \n\t<div id=\"gap-631794533\" class=\"gap-element clearfix\" style=\"display:block; height:auto;\">\n\t\t\n<style>\n#gap-631794533 {\n  padding-top: 30px;\n}\n<\/style>\n\t<\/div>\n\t\n<div class=\"text-center\"><div class=\"is-divider divider clearfix\" ><\/div><\/div>\n\t<div id=\"gap-1063618621\" class=\"gap-element clearfix\" style=\"display:block; height:auto;\">\n\t\t\n<style>\n#gap-1063618621 {\n  padding-top: 40px;\n}\n<\/style>\n\t<\/div>\n\t\n<h2>Ta gjerne kontakt med oss p\u00e5 J\u00f6rntr\u00e4hus for \u00e5 diskutere byggesett og l\u00e6re mer om konseptet v\u00e5rt.<\/h2>\n<p>Du kan ogs\u00e5 bestille <strong><a href=\"https:\/\/jorntrahus.se\/nb\/bestall-huskatalog\/\">v\u00e5r digitale huskatalog<\/a><\/strong> og la deg inspirere av kundehistorier - og g\u00e5 p\u00e5 oppdagelsesferd blant v\u00e5re andre hussett.<\/p>\n\t<div id=\"gap-235191\" class=\"gap-element clearfix\" style=\"display:block; height:auto;\">\n\t\t\n<style>\n#gap-235191 {\n  padding-top: 40px;\n}\n<\/style>\n\t<\/div>\n\t\n<div class=\"row\"  id=\"row-2031027408\">\n\n\t<div id=\"col-209548230\" class=\"col medium-6 small-12 large-6\"  >\n\t\t\t\t<div class=\"col-inner\"  >\n\t\t\t\n\t\t\t\n\t<div class=\"img has-hover x md-x lg-x y md-y lg-y\" id=\"image_1166002195\">\n\t\t<a class=\"image-lightbox lightbox-gallery\" title=\"\" href=\"https:\/\/jorntrahus.se\/wp-content\/uploads\/2022\/04\/Peter-Gyllenberg-Produktionschef-Jorntrahus-Contractor-Personal.jpg\">\t\t\t\t\t\t<div class=\"img-inner image-cover dark\" style=\"padding-top:100%;\">\n\t\t\t<img loading=\"lazy\" decoding=\"async\" width=\"300\" height=\"400\" src=\"https:\/\/jorntrahus.se\/wp-content\/uploads\/2022\/04\/Peter-Gyllenberg-Produktionschef-Jorntrahus-Contractor-Personal.jpg\" class=\"attachment-large size-large\" alt=\"Peter Gyllenberg Produksjonssjef Jorntrahus Entrepren\u00f8r Personal\" \/>\t\t\t\t\t\t\n\t\t\t\t\t<\/div>\n\t\t\t\t\t\t<\/a>\t\t\n<style>\n#image_1166002195 {\n  width: 100%;\n}\n<\/style>\n\t<\/div>\n\t\n<h3>Peter Gyllenberg<\/h3>\n<p><a href=\"tel:0046101307804\">+46 10-130 78 04<\/a><br \/><a href=\"mailto:peter.gyllenberg@jorntrahus.se\">peter.gyllenberg@jorntrahus.se<\/a><\/p>\n\t\t<\/div>\n\t\t\t\t\t<\/div>\n\n\t\n\n\t<div id=\"col-443129013\" class=\"col medium-6 small-12 large-6\"  >\n\t\t\t\t<div class=\"col-inner\"  >\n\t\t\t\n\t\t\t\n\t<div class=\"img has-hover x md-x lg-x y md-y lg-y\" id=\"image_1842399130\">\n\t\t<a class=\"image-lightbox lightbox-gallery\" title=\"\" href=\"https:\/\/jorntrahus.se\/wp-content\/uploads\/2021\/10\/Oklart1_Efternamn_Jorntrahus.jpg\">\t\t\t\t\t\t<div class=\"img-inner image-cover dark\" style=\"padding-top:100%;\">\n\t\t\t<img loading=\"lazy\" decoding=\"async\" width=\"300\" height=\"400\" src=\"https:\/\/jorntrahus.se\/wp-content\/uploads\/2021\/10\/Oklart1_Efternamn_Jorntrahus.jpg\" class=\"attachment-large size-large\" alt=\"Johnny Lindblom\" \/>\t\t\t\t\t\t\n\t\t\t\t\t<\/div>\n\t\t\t\t\t\t<\/a>\t\t\n<style>\n#image_1842399130 {\n  width: 100%;\n}\n<\/style>\n\t<\/div>\n\t\n<h4>Johnny Lindblom<\/h4>\n<p><a href=\"tel:0046101307885\">+46 10-130 78 85<\/a><br \/><a href=\"mailto:johnny.lindblom@jorntrahus.se\">johnny.lindblom@jorntrahus.se<\/a><\/p>\n<p>\u00a0<\/p>\n\t\t<\/div>\n\t\t\t\t\t<\/div>\n\n\t\n<\/div>","protected":false},"excerpt":{"rendered":"<p>Vi p\u00e5 J\u00f6rntr\u00e4hus vill tacka alla befintliga och kommande kunder f\u00f6r det g\u00e5ngna \u00e5ret och \u00e4ven ge er en liten summering av \u00e5ret som g\u00e5tt \u00a0\u2013 plus vad vi ser framemot under 2024.<\/p>","protected":false},"author":2,"featured_media":14600,"comment_status":"closed","ping_status":"closed","sticky":false,"template":"","format":"standard","meta":{"footnotes":""},"categories":[1199,6],"tags":[1022,24,1020,1308,1306,1225,1184,1480],"class_list":["post-14596","post","type-post","status-publish","format-standard","has-post-thumbnail","hentry","category-foretagsnytt","category-nyhet","tag-blockhus","tag-fritidshus","tag-husbyggsatser","tag-husfabrik","tag-husproduktion","tag-med-passion-fran-jorn","tag-prefabricerade-husblock","tag-trahus"],"yoast_head":"<!-- This site is optimized with the Yoast SEO plugin v27.2 - https:\/\/yoast.com\/product\/yoast-seo-wordpress\/ -->\n<title>Inte bara Tomten \u00e4r vaken \u2013 \u00e4ven full fart i husfabriken - J\u00f6rntr\u00e4hus<\/title>\n<meta name=\"description\" content=\"I b\u00f6rjan av \u00e5ret startades ett f\u00f6r\u00e4ndringsarbete f\u00f6r att effektivisera produktion i husfabriken och nu b\u00f6rjar det ge frukt i form av b\u00e4ttre produktionsfl\u00f6den och b\u00e4ttre effektivitet.\" \/>\n<meta name=\"robots\" content=\"index, follow, max-snippet:-1, max-image-preview:large, max-video-preview:-1\" \/>\n<link rel=\"canonical\" href=\"https:\/\/jorntrahus.se\/nb\/nyhet\/ikke-bare-er-nissen-vaken-husfabrikken-er-i-full-gang\/\" \/>\n<meta property=\"og:locale\" content=\"nb_NO\" \/>\n<meta property=\"og:type\" content=\"article\" \/>\n<meta property=\"og:title\" content=\"Inte bara Tomten \u00e4r vaken \u2013 \u00e4ven full fart i husfabriken - J\u00f6rntr\u00e4hus\" \/>\n<meta property=\"og:description\" content=\"I b\u00f6rjan av \u00e5ret startades ett f\u00f6r\u00e4ndringsarbete f\u00f6r att effektivisera produktion i husfabriken och nu b\u00f6rjar det ge frukt i form av b\u00e4ttre produktionsfl\u00f6den och b\u00e4ttre effektivitet.\" \/>\n<meta property=\"og:url\" content=\"https:\/\/jorntrahus.se\/nb\/nyhet\/ikke-bare-er-nissen-vaken-husfabrikken-er-i-full-gang\/\" \/>\n<meta property=\"og:site_name\" content=\"J\u00f6rntr\u00e4hus\" \/>\n<meta property=\"article:published_time\" content=\"2023-12-22T15:58:48+00:00\" \/>\n<meta property=\"article:modified_time\" content=\"2024-09-02T09:44:57+00:00\" \/>\n<meta property=\"og:image\" content=\"https:\/\/jorntrahus.se\/wp-content\/uploads\/2023\/12\/Populara-hus-villor-fritidshus-husbyggsatser-byggelement-byggs-i-Jorntrahus-husfabriken-Rapport-fran-2023-webb-1-scaled.jpg\" \/>\n\t<meta property=\"og:image:width\" content=\"2560\" \/>\n\t<meta property=\"og:image:height\" content=\"1707\" \/>\n\t<meta property=\"og:image:type\" content=\"image\/jpeg\" \/>\n<meta name=\"author\" content=\"J\u00f6rntr\u00e4hus\" \/>\n<meta name=\"twitter:card\" content=\"summary_large_image\" \/>\n<meta name=\"twitter:label1\" content=\"Skrevet av\" \/>\n\t<meta name=\"twitter:data1\" content=\"J\u00f6rntr\u00e4hus\" \/>\n\t<meta name=\"twitter:label2\" content=\"Ansl. lesetid\" \/>\n\t<meta name=\"twitter:data2\" content=\"2 minutter\" \/>\n<script type=\"application\/ld+json\" class=\"yoast-schema-graph\">{\"@context\":\"https:\/\/schema.org\",\"@graph\":[{\"@type\":\"Article\",\"@id\":\"https:\/\/jorntrahus.se\/nyhet\/inte-bara-tomten-ar-vaken-aven-full-fart-i-husfabriken\/#article\",\"isPartOf\":{\"@id\":\"https:\/\/jorntrahus.se\/nyhet\/inte-bara-tomten-ar-vaken-aven-full-fart-i-husfabriken\/\"},\"author\":{\"name\":\"J\u00f6rntr\u00e4hus\",\"@id\":\"https:\/\/jorntrahus.se\/#\/schema\/person\/1d486a26d13d4df455271c2f02f5ef5c\"},\"headline\":\"Inte bara Tomten \u00e4r vaken \u2013 \u00e4ven full fart i husfabriken\",\"datePublished\":\"2023-12-22T15:58:48+00:00\",\"dateModified\":\"2024-09-02T09:44:57+00:00\",\"mainEntityOfPage\":{\"@id\":\"https:\/\/jorntrahus.se\/nyhet\/inte-bara-tomten-ar-vaken-aven-full-fart-i-husfabriken\/\"},\"wordCount\":278,\"publisher\":{\"@id\":\"https:\/\/jorntrahus.se\/#organization\"},\"image\":{\"@id\":\"https:\/\/jorntrahus.se\/nyhet\/inte-bara-tomten-ar-vaken-aven-full-fart-i-husfabriken\/#primaryimage\"},\"thumbnailUrl\":\"https:\/\/jorntrahus.se\/wp-content\/uploads\/2023\/12\/Populara-hus-villor-fritidshus-husbyggsatser-byggelement-byggs-i-Jorntrahus-husfabriken-Rapport-fran-2023-webb-1-scaled.jpg\",\"keywords\":[\"blockhus\",\"Fritidshus\",\"husbyggsatser\",\"husfabrik\",\"husproduktion\",\"Med passion fr\u00e5n J\u00f6rn\",\"prefabricerade husblock\",\"tr\u00e4hus\"],\"articleSection\":[\"F\u00f6retagsnytt\",\"Nyhet\"],\"inLanguage\":\"nb-NO\"},{\"@type\":\"WebPage\",\"@id\":\"https:\/\/jorntrahus.se\/nyhet\/inte-bara-tomten-ar-vaken-aven-full-fart-i-husfabriken\/\",\"url\":\"https:\/\/jorntrahus.se\/nyhet\/inte-bara-tomten-ar-vaken-aven-full-fart-i-husfabriken\/\",\"name\":\"Inte bara Tomten \u00e4r vaken \u2013 \u00e4ven full fart i husfabriken - J\u00f6rntr\u00e4hus\",\"isPartOf\":{\"@id\":\"https:\/\/jorntrahus.se\/#website\"},\"primaryImageOfPage\":{\"@id\":\"https:\/\/jorntrahus.se\/nyhet\/inte-bara-tomten-ar-vaken-aven-full-fart-i-husfabriken\/#primaryimage\"},\"image\":{\"@id\":\"https:\/\/jorntrahus.se\/nyhet\/inte-bara-tomten-ar-vaken-aven-full-fart-i-husfabriken\/#primaryimage\"},\"thumbnailUrl\":\"https:\/\/jorntrahus.se\/wp-content\/uploads\/2023\/12\/Populara-hus-villor-fritidshus-husbyggsatser-byggelement-byggs-i-Jorntrahus-husfabriken-Rapport-fran-2023-webb-1-scaled.jpg\",\"datePublished\":\"2023-12-22T15:58:48+00:00\",\"dateModified\":\"2024-09-02T09:44:57+00:00\",\"description\":\"I b\u00f6rjan av \u00e5ret startades ett f\u00f6r\u00e4ndringsarbete f\u00f6r att effektivisera produktion i husfabriken och nu b\u00f6rjar det ge frukt i form av b\u00e4ttre produktionsfl\u00f6den och b\u00e4ttre effektivitet.\",\"breadcrumb\":{\"@id\":\"https:\/\/jorntrahus.se\/nyhet\/inte-bara-tomten-ar-vaken-aven-full-fart-i-husfabriken\/#breadcrumb\"},\"inLanguage\":\"nb-NO\",\"potentialAction\":[{\"@type\":\"ReadAction\",\"target\":[\"https:\/\/jorntrahus.se\/nyhet\/inte-bara-tomten-ar-vaken-aven-full-fart-i-husfabriken\/\"]}]},{\"@type\":\"ImageObject\",\"inLanguage\":\"nb-NO\",\"@id\":\"https:\/\/jorntrahus.se\/nyhet\/inte-bara-tomten-ar-vaken-aven-full-fart-i-husfabriken\/#primaryimage\",\"url\":\"https:\/\/jorntrahus.se\/wp-content\/uploads\/2023\/12\/Populara-hus-villor-fritidshus-husbyggsatser-byggelement-byggs-i-Jorntrahus-husfabriken-Rapport-fran-2023-webb-1-scaled.jpg\",\"contentUrl\":\"https:\/\/jorntrahus.se\/wp-content\/uploads\/2023\/12\/Populara-hus-villor-fritidshus-husbyggsatser-byggelement-byggs-i-Jorntrahus-husfabriken-Rapport-fran-2023-webb-1-scaled.jpg\",\"width\":2560,\"height\":1707,\"caption\":\"Popul\u00e4ra hus villor fritidshus husbyggsatser byggelement byggs i J\u00f6rntr\u00e4hus husfabriken Rapport fr\u00e5n 2023 webb 1\"},{\"@type\":\"BreadcrumbList\",\"@id\":\"https:\/\/jorntrahus.se\/nyhet\/inte-bara-tomten-ar-vaken-aven-full-fart-i-husfabriken\/#breadcrumb\",\"itemListElement\":[{\"@type\":\"ListItem\",\"position\":1,\"name\":\"Hem\",\"item\":\"https:\/\/jorntrahus.se\/\"},{\"@type\":\"ListItem\",\"position\":2,\"name\":\"Inte bara Tomten \u00e4r vaken \u2013 \u00e4ven full fart i husfabriken\"}]},{\"@type\":\"WebSite\",\"@id\":\"https:\/\/jorntrahus.se\/#website\",\"url\":\"https:\/\/jorntrahus.se\/\",\"name\":\"J\u00f6rntr\u00e4hus\",\"description\":\"Hus f\u00f6r den medvetne\",\"publisher\":{\"@id\":\"https:\/\/jorntrahus.se\/#organization\"},\"potentialAction\":[{\"@type\":\"SearchAction\",\"target\":{\"@type\":\"EntryPoint\",\"urlTemplate\":\"https:\/\/jorntrahus.se\/?s={search_term_string}\"},\"query-input\":{\"@type\":\"PropertyValueSpecification\",\"valueRequired\":true,\"valueName\":\"search_term_string\"}}],\"inLanguage\":\"nb-NO\"},{\"@type\":\"Organization\",\"@id\":\"https:\/\/jorntrahus.se\/#organization\",\"name\":\"J\u00f6rntr\u00e4hus\",\"url\":\"https:\/\/jorntrahus.se\/\",\"logo\":{\"@type\":\"ImageObject\",\"inLanguage\":\"nb-NO\",\"@id\":\"https:\/\/jorntrahus.se\/#\/schema\/logo\/image\/\",\"url\":\"https:\/\/jorntrahus.se\/wp-content\/uploads\/2020\/09\/Jorntrahus_Grund_CMYK.eps\",\"contentUrl\":\"https:\/\/jorntrahus.se\/wp-content\/uploads\/2020\/09\/Jorntrahus_Grund_CMYK.eps\",\"width\":1,\"height\":1,\"caption\":\"J\u00f6rntr\u00e4hus\"},\"image\":{\"@id\":\"https:\/\/jorntrahus.se\/#\/schema\/logo\/image\/\"}},{\"@type\":\"Person\",\"@id\":\"https:\/\/jorntrahus.se\/#\/schema\/person\/1d486a26d13d4df455271c2f02f5ef5c\",\"name\":\"J\u00f6rntr\u00e4hus\",\"image\":{\"@type\":\"ImageObject\",\"inLanguage\":\"nb-NO\",\"@id\":\"https:\/\/secure.gravatar.com\/avatar\/e9b8fcf3c4d64603cd3ec2eb8588179dabe6c74041e8c2a09d7ca9e0900a4ad3?s=96&d=mm&r=g\",\"url\":\"https:\/\/secure.gravatar.com\/avatar\/e9b8fcf3c4d64603cd3ec2eb8588179dabe6c74041e8c2a09d7ca9e0900a4ad3?s=96&d=mm&r=g\",\"contentUrl\":\"https:\/\/secure.gravatar.com\/avatar\/e9b8fcf3c4d64603cd3ec2eb8588179dabe6c74041e8c2a09d7ca9e0900a4ad3?s=96&d=mm&r=g\",\"caption\":\"J\u00f6rntr\u00e4hus\"},\"sameAs\":[\"https:\/\/jorntrahus.se\"],\"url\":\"https:\/\/jorntrahus.se\/nb\/author\/jorntrahus\/\"}]}<\/script>\n<!-- \/ Yoast SEO plugin. -->","yoast_head_json":{"title":"Ikke bare er julenissen v\u00e5ken - husfabrikken er ogs\u00e5 i full gang - J\u00f6rntr\u00e4hus","description":"I begynnelsen av \u00e5ret ble det igangsatt et endringsprogram for \u00e5 effektivisere produksjonen i husfabrikken, og det begynner n\u00e5 \u00e5 b\u00e6re frukter i form av bedre produksjonsflyt og \u00f8kt effektivitet.","robots":{"index":"index","follow":"follow","max-snippet":"max-snippet:-1","max-image-preview":"max-image-preview:large","max-video-preview":"max-video-preview:-1"},"canonical":"https:\/\/jorntrahus.se\/nb\/nyhet\/ikke-bare-er-nissen-vaken-husfabrikken-er-i-full-gang\/","og_locale":"nb_NO","og_type":"article","og_title":"Inte bara Tomten \u00e4r vaken \u2013 \u00e4ven full fart i husfabriken - J\u00f6rntr\u00e4hus","og_description":"I b\u00f6rjan av \u00e5ret startades ett f\u00f6r\u00e4ndringsarbete f\u00f6r att effektivisera produktion i husfabriken och nu b\u00f6rjar det ge frukt i form av b\u00e4ttre produktionsfl\u00f6den och b\u00e4ttre effektivitet.","og_url":"https:\/\/jorntrahus.se\/nb\/nyhet\/ikke-bare-er-nissen-vaken-husfabrikken-er-i-full-gang\/","og_site_name":"J\u00f6rntr\u00e4hus","article_published_time":"2023-12-22T15:58:48+00:00","article_modified_time":"2024-09-02T09:44:57+00:00","og_image":[{"width":2560,"height":1707,"url":"https:\/\/jorntrahus.se\/wp-content\/uploads\/2023\/12\/Populara-hus-villor-fritidshus-husbyggsatser-byggelement-byggs-i-Jorntrahus-husfabriken-Rapport-fran-2023-webb-1-scaled.jpg","type":"image\/jpeg"}],"author":"J\u00f6rntr\u00e4hus","twitter_card":"summary_large_image","twitter_misc":{"Skrevet av":"J\u00f6rntr\u00e4hus","Ansl. lesetid":"2 minutter"},"schema":{"@context":"https:\/\/schema.org","@graph":[{"@type":"Article","@id":"https:\/\/jorntrahus.se\/nyhet\/inte-bara-tomten-ar-vaken-aven-full-fart-i-husfabriken\/#article","isPartOf":{"@id":"https:\/\/jorntrahus.se\/nyhet\/inte-bara-tomten-ar-vaken-aven-full-fart-i-husfabriken\/"},"author":{"name":"J\u00f6rntr\u00e4hus","@id":"https:\/\/jorntrahus.se\/#\/schema\/person\/1d486a26d13d4df455271c2f02f5ef5c"},"headline":"Inte bara Tomten \u00e4r vaken \u2013 \u00e4ven full fart i husfabriken","datePublished":"2023-12-22T15:58:48+00:00","dateModified":"2024-09-02T09:44:57+00:00","mainEntityOfPage":{"@id":"https:\/\/jorntrahus.se\/nyhet\/inte-bara-tomten-ar-vaken-aven-full-fart-i-husfabriken\/"},"wordCount":278,"publisher":{"@id":"https:\/\/jorntrahus.se\/#organization"},"image":{"@id":"https:\/\/jorntrahus.se\/nyhet\/inte-bara-tomten-ar-vaken-aven-full-fart-i-husfabriken\/#primaryimage"},"thumbnailUrl":"https:\/\/jorntrahus.se\/wp-content\/uploads\/2023\/12\/Populara-hus-villor-fritidshus-husbyggsatser-byggelement-byggs-i-Jorntrahus-husfabriken-Rapport-fran-2023-webb-1-scaled.jpg","keywords":["blockhus","Fritidshus","husbyggsatser","husfabrik","husproduktion","Med passion fr\u00e5n J\u00f6rn","prefabricerade husblock","tr\u00e4hus"],"articleSection":["F\u00f6retagsnytt","Nyhet"],"inLanguage":"nb-NO"},{"@type":"WebPage","@id":"https:\/\/jorntrahus.se\/nyhet\/inte-bara-tomten-ar-vaken-aven-full-fart-i-husfabriken\/","url":"https:\/\/jorntrahus.se\/nyhet\/inte-bara-tomten-ar-vaken-aven-full-fart-i-husfabriken\/","name":"Ikke bare er julenissen v\u00e5ken - husfabrikken er ogs\u00e5 i full gang - J\u00f6rntr\u00e4hus","isPartOf":{"@id":"https:\/\/jorntrahus.se\/#website"},"primaryImageOfPage":{"@id":"https:\/\/jorntrahus.se\/nyhet\/inte-bara-tomten-ar-vaken-aven-full-fart-i-husfabriken\/#primaryimage"},"image":{"@id":"https:\/\/jorntrahus.se\/nyhet\/inte-bara-tomten-ar-vaken-aven-full-fart-i-husfabriken\/#primaryimage"},"thumbnailUrl":"https:\/\/jorntrahus.se\/wp-content\/uploads\/2023\/12\/Populara-hus-villor-fritidshus-husbyggsatser-byggelement-byggs-i-Jorntrahus-husfabriken-Rapport-fran-2023-webb-1-scaled.jpg","datePublished":"2023-12-22T15:58:48+00:00","dateModified":"2024-09-02T09:44:57+00:00","description":"I begynnelsen av \u00e5ret ble det igangsatt et endringsprogram for \u00e5 effektivisere produksjonen i husfabrikken, og det begynner n\u00e5 \u00e5 b\u00e6re frukter i form av bedre produksjonsflyt og \u00f8kt effektivitet.","breadcrumb":{"@id":"https:\/\/jorntrahus.se\/nyhet\/inte-bara-tomten-ar-vaken-aven-full-fart-i-husfabriken\/#breadcrumb"},"inLanguage":"nb-NO","potentialAction":[{"@type":"ReadAction","target":["https:\/\/jorntrahus.se\/nyhet\/inte-bara-tomten-ar-vaken-aven-full-fart-i-husfabriken\/"]}]},{"@type":"ImageObject","inLanguage":"nb-NO","@id":"https:\/\/jorntrahus.se\/nyhet\/inte-bara-tomten-ar-vaken-aven-full-fart-i-husfabriken\/#primaryimage","url":"https:\/\/jorntrahus.se\/wp-content\/uploads\/2023\/12\/Populara-hus-villor-fritidshus-husbyggsatser-byggelement-byggs-i-Jorntrahus-husfabriken-Rapport-fran-2023-webb-1-scaled.jpg","contentUrl":"https:\/\/jorntrahus.se\/wp-content\/uploads\/2023\/12\/Populara-hus-villor-fritidshus-husbyggsatser-byggelement-byggs-i-Jorntrahus-husfabriken-Rapport-fran-2023-webb-1-scaled.jpg","width":2560,"height":1707,"caption":"Popul\u00e4ra hus villor fritidshus husbyggsatser byggelement byggs i J\u00f6rntr\u00e4hus husfabriken Rapport fr\u00e5n 2023 webb 1"},{"@type":"BreadcrumbList","@id":"https:\/\/jorntrahus.se\/nyhet\/inte-bara-tomten-ar-vaken-aven-full-fart-i-husfabriken\/#breadcrumb","itemListElement":[{"@type":"ListItem","position":1,"name":"Hem","item":"https:\/\/jorntrahus.se\/"},{"@type":"ListItem","position":2,"name":"Inte bara Tomten \u00e4r vaken \u2013 \u00e4ven full fart i husfabriken"}]},{"@type":"WebSite","@id":"https:\/\/jorntrahus.se\/#website","url":"https:\/\/jorntrahus.se\/","name":"J\u00f6rntr\u00e4hus","description":"Hus for de bevisste","publisher":{"@id":"https:\/\/jorntrahus.se\/#organization"},"potentialAction":[{"@type":"SearchAction","target":{"@type":"EntryPoint","urlTemplate":"https:\/\/jorntrahus.se\/?s={search_term_string}"},"query-input":{"@type":"PropertyValueSpecification","valueRequired":true,"valueName":"search_term_string"}}],"inLanguage":"nb-NO"},{"@type":"Organization","@id":"https:\/\/jorntrahus.se\/#organization","name":"J\u00f6rntr\u00e4hus","url":"https:\/\/jorntrahus.se\/","logo":{"@type":"ImageObject","inLanguage":"nb-NO","@id":"https:\/\/jorntrahus.se\/#\/schema\/logo\/image\/","url":"https:\/\/jorntrahus.se\/wp-content\/uploads\/2020\/09\/Jorntrahus_Grund_CMYK.eps","contentUrl":"https:\/\/jorntrahus.se\/wp-content\/uploads\/2020\/09\/Jorntrahus_Grund_CMYK.eps","width":1,"height":1,"caption":"J\u00f6rntr\u00e4hus"},"image":{"@id":"https:\/\/jorntrahus.se\/#\/schema\/logo\/image\/"}},{"@type":"Person","@id":"https:\/\/jorntrahus.se\/#\/schema\/person\/1d486a26d13d4df455271c2f02f5ef5c","name":"J\u00f6rntr\u00e4hus","image":{"@type":"ImageObject","inLanguage":"nb-NO","@id":"https:\/\/secure.gravatar.com\/avatar\/e9b8fcf3c4d64603cd3ec2eb8588179dabe6c74041e8c2a09d7ca9e0900a4ad3?s=96&d=mm&r=g","url":"https:\/\/secure.gravatar.com\/avatar\/e9b8fcf3c4d64603cd3ec2eb8588179dabe6c74041e8c2a09d7ca9e0900a4ad3?s=96&d=mm&r=g","contentUrl":"https:\/\/secure.gravatar.com\/avatar\/e9b8fcf3c4d64603cd3ec2eb8588179dabe6c74041e8c2a09d7ca9e0900a4ad3?s=96&d=mm&r=g","caption":"J\u00f6rntr\u00e4hus"},"sameAs":["https:\/\/jorntrahus.se"],"url":"https:\/\/jorntrahus.se\/nb\/author\/jorntrahus\/"}]}},"publishpress_future_action":{"enabled":false,"date":"2026-05-04 23:29:19","action":"change-status","newStatus":"draft","terms":[],"taxonomy":"category","extraData":[]},"publishpress_future_workflow_manual_trigger":{"enabledWorkflows":[]},"_links":{"self":[{"href":"https:\/\/jorntrahus.se\/nb\/wp-json\/wp\/v2\/posts\/14596","targetHints":{"allow":["GET"]}}],"collection":[{"href":"https:\/\/jorntrahus.se\/nb\/wp-json\/wp\/v2\/posts"}],"about":[{"href":"https:\/\/jorntrahus.se\/nb\/wp-json\/wp\/v2\/types\/post"}],"author":[{"embeddable":true,"href":"https:\/\/jorntrahus.se\/nb\/wp-json\/wp\/v2\/users\/2"}],"replies":[{"embeddable":true,"href":"https:\/\/jorntrahus.se\/nb\/wp-json\/wp\/v2\/comments?post=14596"}],"version-history":[{"count":11,"href":"https:\/\/jorntrahus.se\/nb\/wp-json\/wp\/v2\/posts\/14596\/revisions"}],"predecessor-version":[{"id":14642,"href":"https:\/\/jorntrahus.se\/nb\/wp-json\/wp\/v2\/posts\/14596\/revisions\/14642"}],"wp:featuredmedia":[{"embeddable":true,"href":"https:\/\/jorntrahus.se\/nb\/wp-json\/wp\/v2\/media\/14600"}],"wp:attachment":[{"href":"https:\/\/jorntrahus.se\/nb\/wp-json\/wp\/v2\/media?parent=14596"}],"wp:term":[{"taxonomy":"category","embeddable":true,"href":"https:\/\/jorntrahus.se\/nb\/wp-json\/wp\/v2\/categories?post=14596"},{"taxonomy":"post_tag","embeddable":true,"href":"https:\/\/jorntrahus.se\/nb\/wp-json\/wp\/v2\/tags?post=14596"}],"curies":[{"name":"wp","href":"https:\/\/api.w.org\/{rel}","templated":true}]}}