{"id":14636,"date":"2024-02-12T15:37:51","date_gmt":"2024-02-12T14:37:51","guid":{"rendered":"https:\/\/jorntrahus.se\/?p=14636"},"modified":"2024-09-02T10:39:11","modified_gmt":"2024-09-02T08:39:11","slug":"peter-ny-administrerende-direktor-i-jorntrahus","status":"publish","type":"post","link":"https:\/\/jorntrahus.se\/nb\/foretagsnytt\/peter-ny-vd-pa-jorntrahus\/","title":{"rendered":"Peter - ny administrerende direkt\u00f8r i J\u00f6rntr\u00e4hus"},"content":{"rendered":"<p><strong>Peter Gyllenberg har overtatt som administrerende direkt\u00f8r i J\u00f6rntr\u00e4hus. Han har tidligere v\u00e6rt konstituert produksjonssjef i selskapet og KMA-sjef i Contractor Holding.<\/strong><\/p>\n<p><em>- Det er morsomt og inspirerende, og 2024 ser ut til \u00e5 bli et godt \u00e5r for J\u00f6rntr\u00e4hus, sier han.<\/em><\/p>\n<p>Peter Gyllenberg er p\u00e5 plass i J\u00f6rn fra 1. februar og har permisjon fra sin rolle i Contractor Holding ut \u00e5ret. Med overgangen fra produksjonssjef til administrerende direkt\u00f8r f\u00e5r han n\u00e5 ogs\u00e5 ansvaret for selskapets ansatte og en del kundekontakter.<\/p>\n<p>Etter en vanskelig periode har J\u00f6rntr\u00e4hus snudd skuta. Resultatet for 2023 var positivt, foresp\u00f8rslene p\u00e5 hus, b\u00e5de eneboliger og flerfamiliehus, \u00f8ker, og selskapets produksjonslinje er oppgradert.<\/p>\n<p><em>- Produksjonsbasen v\u00e5r strekker seg for \u00f8yeblikket til slutten av mai og begynnelsen av juni. Og jeg regner med at vi kommer til \u00e5 ha mye \u00e5 gj\u00f8re til h\u00f8sten ogs\u00e5. S\u00e5 fremtiden ser lys ut for selskapet, avslutter Peter.<\/em><\/p>","protected":false},"excerpt":{"rendered":"<p>Peter Gyllenberg har overtatt som administrerende direkt\u00f8r i J\u00f6rntr\u00e4hus. Han har tidligere v\u00e6rt konstituert produksjonssjef i selskapet og KMA-sjef i Contractor Holding.<\/p>","protected":false},"author":1,"featured_media":14637,"comment_status":"closed","ping_status":"open","sticky":false,"template":"","format":"standard","meta":{"footnotes":""},"categories":[1199,6],"tags":[1484,1482],"class_list":["post-14636","post","type-post","status-publish","format-standard","has-post-thumbnail","hentry","category-foretagsnytt","category-nyhet","tag-peter-gyllenberg","tag-vd"],"yoast_head":"<!-- This site is optimized with the Yoast SEO plugin v27.2 - https:\/\/yoast.com\/product\/yoast-seo-wordpress\/ -->\n<title>Peter \u2013 ny vd p\u00e5 J\u00f6rntr\u00e4hus - J\u00f6rntr\u00e4hus<\/title>\n<meta name=\"robots\" content=\"index, follow, max-snippet:-1, max-image-preview:large, max-video-preview:-1\" \/>\n<link rel=\"canonical\" href=\"https:\/\/jorntrahus.se\/nb\/nyheter-fra-naeringslivet\/peter-ny-administrerende-direktor-i-jorntrahus\/\" \/>\n<meta property=\"og:locale\" content=\"nb_NO\" \/>\n<meta property=\"og:type\" content=\"article\" \/>\n<meta property=\"og:title\" content=\"Peter \u2013 ny vd p\u00e5 J\u00f6rntr\u00e4hus - J\u00f6rntr\u00e4hus\" \/>\n<meta property=\"og:description\" content=\"Peter Gyllenberg har tilltr\u00e4tt som vd f\u00f6r J\u00f6rntr\u00e4hus. Han har tidigare varit tillf\u00f6rordnad produktionschef p\u00e5 bolaget och KMA-chef p\u00e5 Contractor Holding.\" \/>\n<meta property=\"og:url\" content=\"https:\/\/jorntrahus.se\/nb\/nyheter-fra-naeringslivet\/peter-ny-administrerende-direktor-i-jorntrahus\/\" \/>\n<meta property=\"og:site_name\" content=\"J\u00f6rntr\u00e4hus\" \/>\n<meta property=\"article:published_time\" content=\"2024-02-12T14:37:51+00:00\" \/>\n<meta property=\"article:modified_time\" content=\"2024-09-02T08:39:11+00:00\" \/>\n<meta property=\"og:image\" content=\"https:\/\/jorntrahus.se\/wp-content\/uploads\/2024\/09\/Jorntrahus-VD-Peter-Gyllenberg-Fritidshus-Modulhus-Husbyggsatser-med-bakgrund-logo-webb.jpg\" \/>\n\t<meta property=\"og:image:width\" content=\"2400\" \/>\n\t<meta property=\"og:image:height\" content=\"1600\" \/>\n\t<meta property=\"og:image:type\" content=\"image\/jpeg\" \/>\n<meta name=\"author\" content=\"jth-admin\" \/>\n<meta name=\"twitter:card\" content=\"summary_large_image\" \/>\n<meta name=\"twitter:label1\" content=\"Skrevet av\" \/>\n\t<meta name=\"twitter:data1\" content=\"jth-admin\" \/>\n\t<meta name=\"twitter:label2\" content=\"Ansl. lesetid\" \/>\n\t<meta name=\"twitter:data2\" content=\"1 minutt\" \/>\n<script type=\"application\/ld+json\" class=\"yoast-schema-graph\">{\"@context\":\"https:\/\/schema.org\",\"@graph\":[{\"@type\":\"Article\",\"@id\":\"https:\/\/jorntrahus.se\/foretagsnytt\/peter-ny-vd-pa-jorntrahus\/#article\",\"isPartOf\":{\"@id\":\"https:\/\/jorntrahus.se\/foretagsnytt\/peter-ny-vd-pa-jorntrahus\/\"},\"author\":{\"name\":\"jth-admin\",\"@id\":\"https:\/\/jorntrahus.se\/#\/schema\/person\/c10d0c3f5b80794e7d5dffb9eadc8041\"},\"headline\":\"Peter \u2013 ny vd p\u00e5 J\u00f6rntr\u00e4hus\",\"datePublished\":\"2024-02-12T14:37:51+00:00\",\"dateModified\":\"2024-09-02T08:39:11+00:00\",\"mainEntityOfPage\":{\"@id\":\"https:\/\/jorntrahus.se\/foretagsnytt\/peter-ny-vd-pa-jorntrahus\/\"},\"wordCount\":186,\"publisher\":{\"@id\":\"https:\/\/jorntrahus.se\/#organization\"},\"image\":{\"@id\":\"https:\/\/jorntrahus.se\/foretagsnytt\/peter-ny-vd-pa-jorntrahus\/#primaryimage\"},\"thumbnailUrl\":\"https:\/\/jorntrahus.se\/wp-content\/uploads\/2024\/09\/Jorntrahus-VD-Peter-Gyllenberg-Fritidshus-Modulhus-Husbyggsatser-med-bakgrund-logo-webb.jpg\",\"keywords\":[\"Peter Gyllenberg\",\"VD\"],\"articleSection\":[\"F\u00f6retagsnytt\",\"Nyhet\"],\"inLanguage\":\"nb-NO\"},{\"@type\":\"WebPage\",\"@id\":\"https:\/\/jorntrahus.se\/foretagsnytt\/peter-ny-vd-pa-jorntrahus\/\",\"url\":\"https:\/\/jorntrahus.se\/foretagsnytt\/peter-ny-vd-pa-jorntrahus\/\",\"name\":\"Peter \u2013 ny vd p\u00e5 J\u00f6rntr\u00e4hus - J\u00f6rntr\u00e4hus\",\"isPartOf\":{\"@id\":\"https:\/\/jorntrahus.se\/#website\"},\"primaryImageOfPage\":{\"@id\":\"https:\/\/jorntrahus.se\/foretagsnytt\/peter-ny-vd-pa-jorntrahus\/#primaryimage\"},\"image\":{\"@id\":\"https:\/\/jorntrahus.se\/foretagsnytt\/peter-ny-vd-pa-jorntrahus\/#primaryimage\"},\"thumbnailUrl\":\"https:\/\/jorntrahus.se\/wp-content\/uploads\/2024\/09\/Jorntrahus-VD-Peter-Gyllenberg-Fritidshus-Modulhus-Husbyggsatser-med-bakgrund-logo-webb.jpg\",\"datePublished\":\"2024-02-12T14:37:51+00:00\",\"dateModified\":\"2024-09-02T08:39:11+00:00\",\"breadcrumb\":{\"@id\":\"https:\/\/jorntrahus.se\/foretagsnytt\/peter-ny-vd-pa-jorntrahus\/#breadcrumb\"},\"inLanguage\":\"nb-NO\",\"potentialAction\":[{\"@type\":\"ReadAction\",\"target\":[\"https:\/\/jorntrahus.se\/foretagsnytt\/peter-ny-vd-pa-jorntrahus\/\"]}]},{\"@type\":\"ImageObject\",\"inLanguage\":\"nb-NO\",\"@id\":\"https:\/\/jorntrahus.se\/foretagsnytt\/peter-ny-vd-pa-jorntrahus\/#primaryimage\",\"url\":\"https:\/\/jorntrahus.se\/wp-content\/uploads\/2024\/09\/Jorntrahus-VD-Peter-Gyllenberg-Fritidshus-Modulhus-Husbyggsatser-med-bakgrund-logo-webb.jpg\",\"contentUrl\":\"https:\/\/jorntrahus.se\/wp-content\/uploads\/2024\/09\/Jorntrahus-VD-Peter-Gyllenberg-Fritidshus-Modulhus-Husbyggsatser-med-bakgrund-logo-webb.jpg\",\"width\":2400,\"height\":1600,\"caption\":\"Jo\u0308rntra\u0308hus VD Peter Gyllenberg Fritidshus Modulhus Husbyggsatser med bakgrund logo webb\"},{\"@type\":\"BreadcrumbList\",\"@id\":\"https:\/\/jorntrahus.se\/foretagsnytt\/peter-ny-vd-pa-jorntrahus\/#breadcrumb\",\"itemListElement\":[{\"@type\":\"ListItem\",\"position\":1,\"name\":\"Hem\",\"item\":\"https:\/\/jorntrahus.se\/\"},{\"@type\":\"ListItem\",\"position\":2,\"name\":\"Peter \u2013 ny vd p\u00e5 J\u00f6rntr\u00e4hus\"}]},{\"@type\":\"WebSite\",\"@id\":\"https:\/\/jorntrahus.se\/#website\",\"url\":\"https:\/\/jorntrahus.se\/\",\"name\":\"J\u00f6rntr\u00e4hus\",\"description\":\"Hus f\u00f6r den medvetne\",\"publisher\":{\"@id\":\"https:\/\/jorntrahus.se\/#organization\"},\"potentialAction\":[{\"@type\":\"SearchAction\",\"target\":{\"@type\":\"EntryPoint\",\"urlTemplate\":\"https:\/\/jorntrahus.se\/?s={search_term_string}\"},\"query-input\":{\"@type\":\"PropertyValueSpecification\",\"valueRequired\":true,\"valueName\":\"search_term_string\"}}],\"inLanguage\":\"nb-NO\"},{\"@type\":\"Organization\",\"@id\":\"https:\/\/jorntrahus.se\/#organization\",\"name\":\"J\u00f6rntr\u00e4hus\",\"url\":\"https:\/\/jorntrahus.se\/\",\"logo\":{\"@type\":\"ImageObject\",\"inLanguage\":\"nb-NO\",\"@id\":\"https:\/\/jorntrahus.se\/#\/schema\/logo\/image\/\",\"url\":\"https:\/\/jorntrahus.se\/wp-content\/uploads\/2020\/09\/Jorntrahus_Grund_CMYK.eps\",\"contentUrl\":\"https:\/\/jorntrahus.se\/wp-content\/uploads\/2020\/09\/Jorntrahus_Grund_CMYK.eps\",\"width\":1,\"height\":1,\"caption\":\"J\u00f6rntr\u00e4hus\"},\"image\":{\"@id\":\"https:\/\/jorntrahus.se\/#\/schema\/logo\/image\/\"}},{\"@type\":\"Person\",\"@id\":\"https:\/\/jorntrahus.se\/#\/schema\/person\/c10d0c3f5b80794e7d5dffb9eadc8041\",\"name\":\"jth-admin\",\"image\":{\"@type\":\"ImageObject\",\"inLanguage\":\"nb-NO\",\"@id\":\"https:\/\/secure.gravatar.com\/avatar\/4bcde4f9cfbb7b09c9605f445ac3993dc54ba3973c8abb86ad7caea3e386f6c8?s=96&d=mm&r=g\",\"url\":\"https:\/\/secure.gravatar.com\/avatar\/4bcde4f9cfbb7b09c9605f445ac3993dc54ba3973c8abb86ad7caea3e386f6c8?s=96&d=mm&r=g\",\"contentUrl\":\"https:\/\/secure.gravatar.com\/avatar\/4bcde4f9cfbb7b09c9605f445ac3993dc54ba3973c8abb86ad7caea3e386f6c8?s=96&d=mm&r=g\",\"caption\":\"jth-admin\"},\"url\":\"https:\/\/jorntrahus.se\/nb\/author\/jth-admin\/\"}]}<\/script>\n<!-- \/ Yoast SEO plugin. -->","yoast_head_json":{"title":"Peter - ny administrerende direkt\u00f8r i J\u00f6rntr\u00e4hus - J\u00f6rntr\u00e4hus","robots":{"index":"index","follow":"follow","max-snippet":"max-snippet:-1","max-image-preview":"max-image-preview:large","max-video-preview":"max-video-preview:-1"},"canonical":"https:\/\/jorntrahus.se\/nb\/nyheter-fra-naeringslivet\/peter-ny-administrerende-direktor-i-jorntrahus\/","og_locale":"nb_NO","og_type":"article","og_title":"Peter \u2013 ny vd p\u00e5 J\u00f6rntr\u00e4hus - J\u00f6rntr\u00e4hus","og_description":"Peter Gyllenberg har tilltr\u00e4tt som vd f\u00f6r J\u00f6rntr\u00e4hus. Han har tidigare varit tillf\u00f6rordnad produktionschef p\u00e5 bolaget och KMA-chef p\u00e5 Contractor Holding.","og_url":"https:\/\/jorntrahus.se\/nb\/nyheter-fra-naeringslivet\/peter-ny-administrerende-direktor-i-jorntrahus\/","og_site_name":"J\u00f6rntr\u00e4hus","article_published_time":"2024-02-12T14:37:51+00:00","article_modified_time":"2024-09-02T08:39:11+00:00","og_image":[{"width":2400,"height":1600,"url":"https:\/\/jorntrahus.se\/wp-content\/uploads\/2024\/09\/Jorntrahus-VD-Peter-Gyllenberg-Fritidshus-Modulhus-Husbyggsatser-med-bakgrund-logo-webb.jpg","type":"image\/jpeg"}],"author":"jth-admin","twitter_card":"summary_large_image","twitter_misc":{"Skrevet av":"jth-admin","Ansl. lesetid":"1 minutt"},"schema":{"@context":"https:\/\/schema.org","@graph":[{"@type":"Article","@id":"https:\/\/jorntrahus.se\/foretagsnytt\/peter-ny-vd-pa-jorntrahus\/#article","isPartOf":{"@id":"https:\/\/jorntrahus.se\/foretagsnytt\/peter-ny-vd-pa-jorntrahus\/"},"author":{"name":"jth-admin","@id":"https:\/\/jorntrahus.se\/#\/schema\/person\/c10d0c3f5b80794e7d5dffb9eadc8041"},"headline":"Peter \u2013 ny vd p\u00e5 J\u00f6rntr\u00e4hus","datePublished":"2024-02-12T14:37:51+00:00","dateModified":"2024-09-02T08:39:11+00:00","mainEntityOfPage":{"@id":"https:\/\/jorntrahus.se\/foretagsnytt\/peter-ny-vd-pa-jorntrahus\/"},"wordCount":186,"publisher":{"@id":"https:\/\/jorntrahus.se\/#organization"},"image":{"@id":"https:\/\/jorntrahus.se\/foretagsnytt\/peter-ny-vd-pa-jorntrahus\/#primaryimage"},"thumbnailUrl":"https:\/\/jorntrahus.se\/wp-content\/uploads\/2024\/09\/Jorntrahus-VD-Peter-Gyllenberg-Fritidshus-Modulhus-Husbyggsatser-med-bakgrund-logo-webb.jpg","keywords":["Peter Gyllenberg","VD"],"articleSection":["F\u00f6retagsnytt","Nyhet"],"inLanguage":"nb-NO"},{"@type":"WebPage","@id":"https:\/\/jorntrahus.se\/foretagsnytt\/peter-ny-vd-pa-jorntrahus\/","url":"https:\/\/jorntrahus.se\/foretagsnytt\/peter-ny-vd-pa-jorntrahus\/","name":"Peter - ny administrerende direkt\u00f8r i J\u00f6rntr\u00e4hus - J\u00f6rntr\u00e4hus","isPartOf":{"@id":"https:\/\/jorntrahus.se\/#website"},"primaryImageOfPage":{"@id":"https:\/\/jorntrahus.se\/foretagsnytt\/peter-ny-vd-pa-jorntrahus\/#primaryimage"},"image":{"@id":"https:\/\/jorntrahus.se\/foretagsnytt\/peter-ny-vd-pa-jorntrahus\/#primaryimage"},"thumbnailUrl":"https:\/\/jorntrahus.se\/wp-content\/uploads\/2024\/09\/Jorntrahus-VD-Peter-Gyllenberg-Fritidshus-Modulhus-Husbyggsatser-med-bakgrund-logo-webb.jpg","datePublished":"2024-02-12T14:37:51+00:00","dateModified":"2024-09-02T08:39:11+00:00","breadcrumb":{"@id":"https:\/\/jorntrahus.se\/foretagsnytt\/peter-ny-vd-pa-jorntrahus\/#breadcrumb"},"inLanguage":"nb-NO","potentialAction":[{"@type":"ReadAction","target":["https:\/\/jorntrahus.se\/foretagsnytt\/peter-ny-vd-pa-jorntrahus\/"]}]},{"@type":"ImageObject","inLanguage":"nb-NO","@id":"https:\/\/jorntrahus.se\/foretagsnytt\/peter-ny-vd-pa-jorntrahus\/#primaryimage","url":"https:\/\/jorntrahus.se\/wp-content\/uploads\/2024\/09\/Jorntrahus-VD-Peter-Gyllenberg-Fritidshus-Modulhus-Husbyggsatser-med-bakgrund-logo-webb.jpg","contentUrl":"https:\/\/jorntrahus.se\/wp-content\/uploads\/2024\/09\/Jorntrahus-VD-Peter-Gyllenberg-Fritidshus-Modulhus-Husbyggsatser-med-bakgrund-logo-webb.jpg","width":2400,"height":1600,"caption":"Jo\u0308rntra\u0308hus VD Peter Gyllenberg Fritidshus Modulhus Husbyggsatser med bakgrund logo webb"},{"@type":"BreadcrumbList","@id":"https:\/\/jorntrahus.se\/foretagsnytt\/peter-ny-vd-pa-jorntrahus\/#breadcrumb","itemListElement":[{"@type":"ListItem","position":1,"name":"Hem","item":"https:\/\/jorntrahus.se\/"},{"@type":"ListItem","position":2,"name":"Peter \u2013 ny vd p\u00e5 J\u00f6rntr\u00e4hus"}]},{"@type":"WebSite","@id":"https:\/\/jorntrahus.se\/#website","url":"https:\/\/jorntrahus.se\/","name":"J\u00f6rntr\u00e4hus","description":"Hus for de bevisste","publisher":{"@id":"https:\/\/jorntrahus.se\/#organization"},"potentialAction":[{"@type":"SearchAction","target":{"@type":"EntryPoint","urlTemplate":"https:\/\/jorntrahus.se\/?s={search_term_string}"},"query-input":{"@type":"PropertyValueSpecification","valueRequired":true,"valueName":"search_term_string"}}],"inLanguage":"nb-NO"},{"@type":"Organization","@id":"https:\/\/jorntrahus.se\/#organization","name":"J\u00f6rntr\u00e4hus","url":"https:\/\/jorntrahus.se\/","logo":{"@type":"ImageObject","inLanguage":"nb-NO","@id":"https:\/\/jorntrahus.se\/#\/schema\/logo\/image\/","url":"https:\/\/jorntrahus.se\/wp-content\/uploads\/2020\/09\/Jorntrahus_Grund_CMYK.eps","contentUrl":"https:\/\/jorntrahus.se\/wp-content\/uploads\/2020\/09\/Jorntrahus_Grund_CMYK.eps","width":1,"height":1,"caption":"J\u00f6rntr\u00e4hus"},"image":{"@id":"https:\/\/jorntrahus.se\/#\/schema\/logo\/image\/"}},{"@type":"Person","@id":"https:\/\/jorntrahus.se\/#\/schema\/person\/c10d0c3f5b80794e7d5dffb9eadc8041","name":"jth-admin","image":{"@type":"ImageObject","inLanguage":"nb-NO","@id":"https:\/\/secure.gravatar.com\/avatar\/4bcde4f9cfbb7b09c9605f445ac3993dc54ba3973c8abb86ad7caea3e386f6c8?s=96&d=mm&r=g","url":"https:\/\/secure.gravatar.com\/avatar\/4bcde4f9cfbb7b09c9605f445ac3993dc54ba3973c8abb86ad7caea3e386f6c8?s=96&d=mm&r=g","contentUrl":"https:\/\/secure.gravatar.com\/avatar\/4bcde4f9cfbb7b09c9605f445ac3993dc54ba3973c8abb86ad7caea3e386f6c8?s=96&d=mm&r=g","caption":"jth-admin"},"url":"https:\/\/jorntrahus.se\/nb\/author\/jth-admin\/"}]}},"publishpress_future_action":{"enabled":false,"date":"2026-05-09 14:52:17","action":"change-status","newStatus":"draft","terms":[],"taxonomy":"category","extraData":[]},"publishpress_future_workflow_manual_trigger":{"enabledWorkflows":[]},"_links":{"self":[{"href":"https:\/\/jorntrahus.se\/nb\/wp-json\/wp\/v2\/posts\/14636","targetHints":{"allow":["GET"]}}],"collection":[{"href":"https:\/\/jorntrahus.se\/nb\/wp-json\/wp\/v2\/posts"}],"about":[{"href":"https:\/\/jorntrahus.se\/nb\/wp-json\/wp\/v2\/types\/post"}],"author":[{"embeddable":true,"href":"https:\/\/jorntrahus.se\/nb\/wp-json\/wp\/v2\/users\/1"}],"replies":[{"embeddable":true,"href":"https:\/\/jorntrahus.se\/nb\/wp-json\/wp\/v2\/comments?post=14636"}],"version-history":[{"count":1,"href":"https:\/\/jorntrahus.se\/nb\/wp-json\/wp\/v2\/posts\/14636\/revisions"}],"predecessor-version":[{"id":14638,"href":"https:\/\/jorntrahus.se\/nb\/wp-json\/wp\/v2\/posts\/14636\/revisions\/14638"}],"wp:featuredmedia":[{"embeddable":true,"href":"https:\/\/jorntrahus.se\/nb\/wp-json\/wp\/v2\/media\/14637"}],"wp:attachment":[{"href":"https:\/\/jorntrahus.se\/nb\/wp-json\/wp\/v2\/media?parent=14636"}],"wp:term":[{"taxonomy":"category","embeddable":true,"href":"https:\/\/jorntrahus.se\/nb\/wp-json\/wp\/v2\/categories?post=14636"},{"taxonomy":"post_tag","embeddable":true,"href":"https:\/\/jorntrahus.se\/nb\/wp-json\/wp\/v2\/tags?post=14636"}],"curies":[{"name":"wp","href":"https:\/\/api.w.org\/{rel}","templated":true}]}}