{"id":14849,"date":"2025-02-27T13:02:43","date_gmt":"2025-02-27T12:02:43","guid":{"rendered":"https:\/\/jorntrahus.se\/?p=14849"},"modified":"2025-02-27T13:17:39","modified_gmt":"2025-02-27T12:17:39","slug":"ny-husmodell-for-den-aktive-familien-sjekk-ut-burvik-120-med-dobbel-hems","status":"publish","type":"post","link":"https:\/\/jorntrahus.se\/nb\/nyhet\/ny-husmodell-for-den-aktiva-familjen-kolla-in-burvik-120-med-dubbla-loft\/","title":{"rendered":"Ny husmodell for den aktive familien - sjekk ut Burvik 120 med dobbel hems"},"content":{"rendered":"<h3>I disse ferietider har vi gleden av \u00e5 presentere en ny husmodell som virkelig passer for den aktive familien som liker fjellet og naturen.<\/h3>\n<p>Hvis du har en aktiv fritid og \u00f8nsker rom med vaskerom og oppbevaringsplass for diverse frilufts- og sportsutstyr, er denne husmodellen et sv\u00e6rt godt valg. Burvik 120 med dobbel hems har mange soveplasser og et stort, lyst og sentralt fellesomr\u00e5de med panoramavinduer. Med \u00e5tte sengeplasser og et kj\u00f8kkenomr\u00e5de som egner seg for store sammenkomster, er dette feriehuset en favoritt for b\u00e5de familie og venner.<\/p>\n<p><strong>Dobbel hems<\/strong><br \/>Planl\u00f8sningen med en hems i hver ende gir mulighet for separate soveplasser, eller hvorfor ikke bruke den ene som det perfekte loungeomr\u00e5det over stuen.<\/p>\n<div class=\"row\"  id=\"row-1516395930\">\n\n\t<div id=\"col-2102371087\" class=\"col medium-6 small-12 large-6\"  >\n\t\t\t\t<div class=\"col-inner text-center\"  >\n\t\t\t\n\t\t\t\n\t<div class=\"img has-hover x md-x lg-x y md-y lg-y\" id=\"image_1165437203\">\n\t\t<a class=\"image-lightbox lightbox-gallery\" title=\"\" href=\"https:\/\/jorntrahus.se\/wp-content\/uploads\/2025\/02\/Burvik-120-loft-Jorntrahus-Planritning-Plan1-3x2-webb.jpg\">\t\t\t\t\t\t<div class=\"img-inner dark\" >\n\t\t\t<img loading=\"lazy\" decoding=\"async\" width=\"1020\" height=\"680\" src=\"https:\/\/jorntrahus.se\/wp-content\/uploads\/2025\/02\/Burvik-120-loft-Jorntrahus-Planritning-Plan1-3x2-webb-1600x1067.jpg\" class=\"attachment-large size-large\" alt=\"Burvik 120 loft Jorntrahus Planl\u00f8sning Plan1 3x2 web\" srcset=\"https:\/\/jorntrahus.se\/wp-content\/uploads\/2025\/02\/Burvik-120-loft-Jorntrahus-Planritning-Plan1-3x2-webb-1600x1067.jpg 1600w, https:\/\/jorntrahus.se\/wp-content\/uploads\/2025\/02\/Burvik-120-loft-Jorntrahus-Planritning-Plan1-3x2-webb-900x600.jpg 900w, https:\/\/jorntrahus.se\/wp-content\/uploads\/2025\/02\/Burvik-120-loft-Jorntrahus-Planritning-Plan1-3x2-webb-768x512.jpg 768w, https:\/\/jorntrahus.se\/wp-content\/uploads\/2025\/02\/Burvik-120-loft-Jorntrahus-Planritning-Plan1-3x2-webb-1536x1024.jpg 1536w, https:\/\/jorntrahus.se\/wp-content\/uploads\/2025\/02\/Burvik-120-loft-Jorntrahus-Planritning-Plan1-3x2-webb-2048x1365.jpg 2048w, https:\/\/jorntrahus.se\/wp-content\/uploads\/2025\/02\/Burvik-120-loft-Jorntrahus-Planritning-Plan1-3x2-webb-600x400.jpg 600w\" sizes=\"auto, (max-width: 1020px) 100vw, 1020px\" \/>\t\t\t\t\t\t\n\t\t\t\t\t<\/div>\n\t\t\t\t\t\t<\/a>\t\t\n<style>\n#image_1165437203 {\n  width: 100%;\n}\n<\/style>\n\t<\/div>\n\t\n<p><b>PLAN 1<\/b><\/p>\n\t\t<\/div>\n\t\t\t\t\t<\/div>\n\n\t\n\n\t<div id=\"col-1820480781\" class=\"col medium-6 small-12 large-6\"  >\n\t\t\t\t<div class=\"col-inner text-center\"  >\n\t\t\t\n\t\t\t\n\t<div class=\"img has-hover x md-x lg-x y md-y lg-y\" id=\"image_2034015341\">\n\t\t<a class=\"image-lightbox lightbox-gallery\" title=\"\" href=\"https:\/\/jorntrahus.se\/wp-content\/uploads\/2025\/02\/Burvik-120-loft-Jorntrahus-Planritning-Plan2-3x2-webb.jpg\">\t\t\t\t\t\t<div class=\"img-inner dark\" >\n\t\t\t<img loading=\"lazy\" decoding=\"async\" width=\"1020\" height=\"680\" src=\"https:\/\/jorntrahus.se\/wp-content\/uploads\/2025\/02\/Burvik-120-loft-Jorntrahus-Planritning-Plan2-3x2-webb-1600x1067.jpg\" class=\"attachment-large size-large\" alt=\"Burvik 120 loft Jorntrahus Planl\u00f8sning Plan2 3x2 web\" srcset=\"https:\/\/jorntrahus.se\/wp-content\/uploads\/2025\/02\/Burvik-120-loft-Jorntrahus-Planritning-Plan2-3x2-webb-1600x1067.jpg 1600w, https:\/\/jorntrahus.se\/wp-content\/uploads\/2025\/02\/Burvik-120-loft-Jorntrahus-Planritning-Plan2-3x2-webb-900x600.jpg 900w, https:\/\/jorntrahus.se\/wp-content\/uploads\/2025\/02\/Burvik-120-loft-Jorntrahus-Planritning-Plan2-3x2-webb-768x512.jpg 768w, https:\/\/jorntrahus.se\/wp-content\/uploads\/2025\/02\/Burvik-120-loft-Jorntrahus-Planritning-Plan2-3x2-webb-1536x1024.jpg 1536w, https:\/\/jorntrahus.se\/wp-content\/uploads\/2025\/02\/Burvik-120-loft-Jorntrahus-Planritning-Plan2-3x2-webb-2048x1365.jpg 2048w, https:\/\/jorntrahus.se\/wp-content\/uploads\/2025\/02\/Burvik-120-loft-Jorntrahus-Planritning-Plan2-3x2-webb-600x400.jpg 600w\" sizes=\"auto, (max-width: 1020px) 100vw, 1020px\" \/>\t\t\t\t\t\t\n\t\t\t\t\t<\/div>\n\t\t\t\t\t\t<\/a>\t\t\n<style>\n#image_2034015341 {\n  width: 100%;\n}\n<\/style>\n\t<\/div>\n\t\n<p><b>LOFT<\/b><\/p>\n\t\t<\/div>\n\t\t\t\t\t<\/div>\n\n\t\n<\/div>\n<p><strong>Gjennomtenkte detaljer<\/strong><br \/>\u00c5 kalle dette for den ultimate fjellhytta f\u00f8les helt naturlig, for hvem vil vel ikke ha en walk-in skibod i fritidsboligen mens badstuen st\u00e5r klar? Gjennomtenkte detaljer som smart oppbevaring under trappen, samt trekkd\u00f8rer for \u00e5 lette passasjen, gir \u00f8kt utnyttelsesgrad for husmodellen.<\/p>\n<p>Nedenfor kan du se noen av v\u00e5re andre husmodeller som kan passe for den aktive familien.<\/p>\n<p><strong>Med lidenskap fra J\u00f6rn<\/strong>!<\/p>\n<div class=\"row align-center\"  id=\"row-382884376\">\n\n\t<div id=\"col-221615790\" class=\"col small-12 large-12\"  >\n\t\t\t\t<div class=\"col-inner text-center\"  >\n\t\t\t\n\t\t\t\n<a href=\"\/nb\/husmodell\/burvik-120-loft\/\" class=\"button primary is-outline is-large\" >\n\t\t<span>MER OM BURVIK 120 LOFT<\/span>\n\t<\/a>\n\n\t\t<\/div>\n\t\t\t\t\t<\/div>\n\n\t\n<\/div>\n<div class=\"row\"  id=\"row-427782723\">\n\n\t<div id=\"col-1116167115\" class=\"col medium-6 small-12 large-6\"  >\n\t\t\t\t<div class=\"col-inner text-center\"  >\n\t\t\t\n\t\t\t\n\t<div class=\"img has-hover x md-x lg-x y md-y lg-y\" id=\"image_117130877\">\n\t\t<a class=\"image-lightbox lightbox-gallery\" title=\"\" href=\"https:\/\/jorntrahus.se\/wp-content\/uploads\/2025\/02\/Burvik-120-med-dubbla-loft-Fritidshus-Villa-Permanentboende-Byggsats-Hus-fran-Jorntrahus-interior-3x2-webb.jpg\">\t\t\t\t\t\t<div class=\"img-inner dark\" >\n\t\t\t<img loading=\"lazy\" decoding=\"async\" width=\"1020\" height=\"680\" src=\"https:\/\/jorntrahus.se\/wp-content\/uploads\/2025\/02\/Burvik-120-med-dubbla-loft-Fritidshus-Villa-Permanentboende-Byggsats-Hus-fran-Jorntrahus-interior-3x2-webb-1600x1067.jpg\" class=\"attachment-large size-large\" alt=\"Burvik 120 med dobbeltloft Fritidsbolig Villa Permanentbolig Byggesett Hus fra Jorntrahus interi\u00f8r 3x2 web\" srcset=\"https:\/\/jorntrahus.se\/wp-content\/uploads\/2025\/02\/Burvik-120-med-dubbla-loft-Fritidshus-Villa-Permanentboende-Byggsats-Hus-fran-Jorntrahus-interior-3x2-webb-1600x1067.jpg 1600w, https:\/\/jorntrahus.se\/wp-content\/uploads\/2025\/02\/Burvik-120-med-dubbla-loft-Fritidshus-Villa-Permanentboende-Byggsats-Hus-fran-Jorntrahus-interior-3x2-webb-900x600.jpg 900w, https:\/\/jorntrahus.se\/wp-content\/uploads\/2025\/02\/Burvik-120-med-dubbla-loft-Fritidshus-Villa-Permanentboende-Byggsats-Hus-fran-Jorntrahus-interior-3x2-webb-768x512.jpg 768w, https:\/\/jorntrahus.se\/wp-content\/uploads\/2025\/02\/Burvik-120-med-dubbla-loft-Fritidshus-Villa-Permanentboende-Byggsats-Hus-fran-Jorntrahus-interior-3x2-webb-1536x1024.jpg 1536w, https:\/\/jorntrahus.se\/wp-content\/uploads\/2025\/02\/Burvik-120-med-dubbla-loft-Fritidshus-Villa-Permanentboende-Byggsats-Hus-fran-Jorntrahus-interior-3x2-webb-2048x1365.jpg 2048w, https:\/\/jorntrahus.se\/wp-content\/uploads\/2025\/02\/Burvik-120-med-dubbla-loft-Fritidshus-Villa-Permanentboende-Byggsats-Hus-fran-Jorntrahus-interior-3x2-webb-600x400.jpg 600w\" sizes=\"auto, (max-width: 1020px) 100vw, 1020px\" \/>\t\t\t\t\t\t\n\t\t\t\t\t<\/div>\n\t\t\t\t\t\t<\/a>\t\t\n<style>\n#image_117130877 {\n  width: 100%;\n}\n<\/style>\n\t<\/div>\n\t\n<p style=\"text-align: center;\"><b>INTERI\u00d8R STUE<\/b><\/p>\n\t\t<\/div>\n\t\t\t\t\t<\/div>\n\n\t\n\n\t<div id=\"col-435713214\" class=\"col medium-6 small-12 large-6\"  >\n\t\t\t\t<div class=\"col-inner text-center\"  >\n\t\t\t\n\t\t\t\n\t<div class=\"img has-hover x md-x lg-x y md-y lg-y\" id=\"image_642940157\">\n\t\t<a class=\"image-lightbox lightbox-gallery\" title=\"\" href=\"https:\/\/jorntrahus.se\/wp-content\/uploads\/2025\/02\/Burvik-120-med-dubbla-loft-Fritidshus-Villa-Permanentboende-Byggsats-Hus-fran-Jorntrahus-3x2-webb.jpg\">\t\t\t\t\t\t<div class=\"img-inner dark\" >\n\t\t\t<img loading=\"lazy\" decoding=\"async\" width=\"1020\" height=\"680\" src=\"https:\/\/jorntrahus.se\/wp-content\/uploads\/2025\/02\/Burvik-120-med-dubbla-loft-Fritidshus-Villa-Permanentboende-Byggsats-Hus-fran-Jorntrahus-3x2-webb-1600x1067.jpg\" class=\"attachment-large size-large\" alt=\"Burvik 120 med dobbeltloft Feriebolig Villa Permanentbolig Byggesett Hus fra Jorntrahus 3x2 web\" srcset=\"https:\/\/jorntrahus.se\/wp-content\/uploads\/2025\/02\/Burvik-120-med-dubbla-loft-Fritidshus-Villa-Permanentboende-Byggsats-Hus-fran-Jorntrahus-3x2-webb-1600x1067.jpg 1600w, https:\/\/jorntrahus.se\/wp-content\/uploads\/2025\/02\/Burvik-120-med-dubbla-loft-Fritidshus-Villa-Permanentboende-Byggsats-Hus-fran-Jorntrahus-3x2-webb-900x600.jpg 900w, https:\/\/jorntrahus.se\/wp-content\/uploads\/2025\/02\/Burvik-120-med-dubbla-loft-Fritidshus-Villa-Permanentboende-Byggsats-Hus-fran-Jorntrahus-3x2-webb-768x512.jpg 768w, https:\/\/jorntrahus.se\/wp-content\/uploads\/2025\/02\/Burvik-120-med-dubbla-loft-Fritidshus-Villa-Permanentboende-Byggsats-Hus-fran-Jorntrahus-3x2-webb-1536x1024.jpg 1536w, https:\/\/jorntrahus.se\/wp-content\/uploads\/2025\/02\/Burvik-120-med-dubbla-loft-Fritidshus-Villa-Permanentboende-Byggsats-Hus-fran-Jorntrahus-3x2-webb-2048x1365.jpg 2048w, https:\/\/jorntrahus.se\/wp-content\/uploads\/2025\/02\/Burvik-120-med-dubbla-loft-Fritidshus-Villa-Permanentboende-Byggsats-Hus-fran-Jorntrahus-3x2-webb-600x400.jpg 600w\" sizes=\"auto, (max-width: 1020px) 100vw, 1020px\" \/>\t\t\t\t\t\t\n\t\t\t\t\t<\/div>\n\t\t\t\t\t\t<\/a>\t\t\n<style>\n#image_642940157 {\n  width: 100%;\n}\n<\/style>\n\t<\/div>\n\t\n<p style=\"text-align: center;\"><b>UTVENDIG MED BALKONG<\/b><\/p>\n\t\t<\/div>\n\t\t\t\t\t<\/div>\n\n\t\n<\/div>\n\t<div id=\"gap-885096496\" class=\"gap-element clearfix\" style=\"display:block; height:auto;\">\n\t\t\n<style>\n#gap-885096496 {\n  padding-top: 30px;\n}\n<\/style>\n\t<\/div>\n\t\n<h2 style=\"text-align: center;\">Andre trehus for den aktive familien<\/h2>\n\t<div id=\"gap-1493192708\" class=\"gap-element clearfix\" style=\"display:block; height:auto;\">\n\t\t\n<style>\n#gap-1493192708 {\n  padding-top: 30px;\n}\n<\/style>\n\t<\/div>\n\t\n<div class=\"row\"  id=\"row-960816037\">\n\n\t<div id=\"col-41021201\" class=\"col medium-6 small-12 large-6\"  >\n\t\t\t\t<div class=\"col-inner\"  >\n\t\t\t\n\t\t\t\n\t<div class=\"img has-hover x md-x lg-x y md-y lg-y\" id=\"image_97023264\">\n\t\t\t\t\t\t\t\t<div class=\"img-inner dark\" >\n\t\t\t<img loading=\"lazy\" decoding=\"async\" width=\"1020\" height=\"680\" src=\"https:\/\/jorntrahus.se\/wp-content\/uploads\/2017\/12\/Strycksele-XL-3D-1200x800.jpg\" class=\"attachment-large size-large\" alt=\"\" srcset=\"https:\/\/jorntrahus.se\/wp-content\/uploads\/2017\/12\/Strycksele-XL-3D-1200x800.jpg 1200w, https:\/\/jorntrahus.se\/wp-content\/uploads\/2017\/12\/Strycksele-XL-3D-600x400.jpg 600w, https:\/\/jorntrahus.se\/wp-content\/uploads\/2017\/12\/Strycksele-XL-3D-900x600.jpg 900w, https:\/\/jorntrahus.se\/wp-content\/uploads\/2017\/12\/Strycksele-XL-3D-768x512.jpg 768w, https:\/\/jorntrahus.se\/wp-content\/uploads\/2017\/12\/Strycksele-XL-3D.jpg 1500w\" sizes=\"auto, (max-width: 1020px) 100vw, 1020px\" \/>\t\t\t\t\t\t\n\t\t\t\t\t<\/div>\n\t\t\t\t\t\t\t\t\n<style>\n#image_97023264 {\n  width: 100%;\n}\n<\/style>\n\t<\/div>\n\t\n<a href=\"\/nb\/husmodell\/kvelertak-151\/\" class=\"button primary is-outline is-large expand\" >\n\t\t<span>Strycksele 151<\/span>\n\t<\/a>\n\n\t\t<\/div>\n\t\t\t\t\t<\/div>\n\n\t\n\n\t<div id=\"col-728872829\" class=\"col medium-6 small-12 large-6\"  >\n\t\t\t\t<div class=\"col-inner\"  >\n\t\t\t\n\t\t\t\n\t<div class=\"img has-hover x md-x lg-x y md-y lg-y\" id=\"image_179516094\">\n\t\t\t\t\t\t\t\t<div class=\"img-inner dark\" >\n\t\t\t<img loading=\"lazy\" decoding=\"async\" width=\"1020\" height=\"679\" src=\"https:\/\/jorntrahus.se\/wp-content\/uploads\/2021\/01\/Kloverfors-124-loft-Fritidshus-Byggsats-Hus-fran-Jorntrahus-1200x799.jpg\" class=\"attachment-large size-large\" alt=\"Kloverfors 124 loft Feriebolig Byggesett Hus fra Jorntrahus\" srcset=\"https:\/\/jorntrahus.se\/wp-content\/uploads\/2021\/01\/Kloverfors-124-loft-Fritidshus-Byggsats-Hus-fran-Jorntrahus-1200x799.jpg 1200w, https:\/\/jorntrahus.se\/wp-content\/uploads\/2021\/01\/Kloverfors-124-loft-Fritidshus-Byggsats-Hus-fran-Jorntrahus-scaled-600x400.jpg 600w, https:\/\/jorntrahus.se\/wp-content\/uploads\/2021\/01\/Kloverfors-124-loft-Fritidshus-Byggsats-Hus-fran-Jorntrahus-scaled-900x599.jpg 900w, https:\/\/jorntrahus.se\/wp-content\/uploads\/2021\/01\/Kloverfors-124-loft-Fritidshus-Byggsats-Hus-fran-Jorntrahus-768x512.jpg 768w, https:\/\/jorntrahus.se\/wp-content\/uploads\/2021\/01\/Kloverfors-124-loft-Fritidshus-Byggsats-Hus-fran-Jorntrahus-1536x1023.jpg 1536w, https:\/\/jorntrahus.se\/wp-content\/uploads\/2021\/01\/Kloverfors-124-loft-Fritidshus-Byggsats-Hus-fran-Jorntrahus-2048x1364.jpg 2048w\" sizes=\"auto, (max-width: 1020px) 100vw, 1020px\" \/>\t\t\t\t\t\t\n\t\t\t\t\t<\/div>\n\t\t\t\t\t\t\t\t\n<style>\n#image_179516094 {\n  width: 100%;\n}\n<\/style>\n\t<\/div>\n\t\n<a href=\"\/nb\/husmodell\/cloverfors-124-loft\/\" class=\"button primary is-outline is-large expand\" >\n\t\t<span>Kl\u00f6verfors 124 loft<\/span>\n\t<\/a>\n\n\t\t<\/div>\n\t\t\t\t\t<\/div>\n\n\t\n<\/div>\n\t<div id=\"gap-1689469205\" class=\"gap-element clearfix\" style=\"display:block; height:auto;\">\n\t\t\n<style>\n#gap-1689469205 {\n  padding-top: 40px;\n}\n<\/style>\n\t<\/div>\n\t\n<h2>Ta kontakt med oss for \u00e5 snakke direkte med en av v\u00e5re feriehuseksperter nedenfor.<\/h2>\n<p>Du kan ogs\u00e5 bestille <strong><a href=\"https:\/\/jorntrahus.se\/nb\/bestall-huskatalog\/\">v\u00e5r digitale huskatalog<\/a><\/strong> og la deg inspirere av kundehistorier - og g\u00e5 p\u00e5 oppdagelsesferd blant v\u00e5re andre hussett.<\/p>\n\t<div id=\"gap-586258966\" class=\"gap-element clearfix\" style=\"display:block; height:auto;\">\n\t\t\n<style>\n#gap-586258966 {\n  padding-top: 40px;\n}\n<\/style>\n\t<\/div>\n\t\n<div class=\"row\"  id=\"row-158348558\">\n\n\t<div id=\"col-84547209\" class=\"col medium-6 small-12 large-6\"  >\n\t\t\t\t<div class=\"col-inner\"  >\n\t\t\t\n\t\t\t\n\t<div class=\"img has-hover x md-x lg-x y md-y lg-y\" id=\"image_1748867790\">\n\t\t\t\t\t\t\t\t<div class=\"img-inner image-cover dark\" style=\"padding-top:100%;\">\n\t\t\t<img loading=\"lazy\" decoding=\"async\" width=\"300\" height=\"400\" src=\"https:\/\/jorntrahus.se\/wp-content\/uploads\/2021\/10\/JTH_Gunnar.jpg\" class=\"attachment-large size-large\" alt=\"JTH Gunnar\" \/>\t\t\t\t\t\t\n\t\t\t\t\t<\/div>\n\t\t\t\t\t\t\t\t\n<style>\n#image_1748867790 {\n  width: 100%;\n}\n<\/style>\n\t<\/div>\n\t\n<h3>Gunnar \u00d6lund<\/h3>\n<p><a href=\"tel:0046101307891\">+46 10-130 78 91<\/a><br \/><a href=\"mailto:gunnar.olund@jorntrahus.se\">gunnar.olund@jorntrahus.se<\/a><\/p>\n\t\t<\/div>\n\t\t\t\t\t<\/div>\n\n\t\n\n\t<div id=\"col-1642421575\" class=\"col medium-6 small-12 large-6\"  >\n\t\t\t\t<div class=\"col-inner\"  >\n\t\t\t\n\t\t\t\n\t<div class=\"img has-hover x md-x lg-x y md-y lg-y\" id=\"image_1952625746\">\n\t\t\t\t\t\t\t\t<div class=\"img-inner image-cover dark\" style=\"padding-top:100%;\">\n\t\t\t<img loading=\"lazy\" decoding=\"async\" width=\"300\" height=\"400\" src=\"https:\/\/jorntrahus.se\/wp-content\/uploads\/2021\/10\/Oklart1_Efternamn_Jorntrahus.jpg\" class=\"attachment-large size-large\" alt=\"Johnny Lindblom\" \/>\t\t\t\t\t\t\n\t\t\t\t\t<\/div>\n\t\t\t\t\t\t\t\t\n<style>\n#image_1952625746 {\n  width: 100%;\n}\n<\/style>\n\t<\/div>\n\t\n<h4>Johnny Lindblom<\/h4>\n<p><a href=\"tel:0046101307885\">+46 10-130 78 85<\/a><br \/>\n<a href=\"mailto:johnny.lindblom@jorntrahus.se\">johnny.lindblom@jorntrahus.se<\/a><\/p>\n\t\t<\/div>\n\t\t\t\t\t<\/div>\n\n\t\n<\/div>","protected":false},"excerpt":{"rendered":"<p>I denne ferietiden har vi gleden av \u00e5 presentere en husmodell som virkelig passer for den aktive familien som liker fjellet og naturen.<\/p>","protected":false},"author":2,"featured_media":14842,"comment_status":"closed","ping_status":"closed","sticky":false,"template":"","format":"standard","meta":{"footnotes":""},"categories":[6],"tags":[1460,1524,24,1488,1184,1522,1490],"class_list":["post-14849","post","type-post","status-publish","format-standard","has-post-thumbnail","hentry","category-nyhet","tag-burvik","tag-burvik-120-loft","tag-fritidshus","tag-medpassionfranjorn","tag-prefabricerade-husblock","tag-sportlov","tag-stugmys"],"yoast_head":"<!-- This site is optimized with the Yoast SEO plugin v27.2 - https:\/\/yoast.com\/product\/yoast-seo-wordpress\/ -->\n<title>Ny husmodell f\u00f6r den aktiva familjen \u2013 kolla in Burvik 120 med dubbla loft - J\u00f6rntr\u00e4hus<\/title>\n<meta name=\"robots\" content=\"index, follow, max-snippet:-1, max-image-preview:large, max-video-preview:-1\" \/>\n<link rel=\"canonical\" href=\"https:\/\/jorntrahus.se\/nb\/nyhet\/ny-husmodell-for-den-aktive-familien-sjekk-ut-burvik-120-med-dobbel-hems\/\" \/>\n<meta property=\"og:locale\" content=\"nb_NO\" \/>\n<meta property=\"og:type\" content=\"article\" \/>\n<meta property=\"og:title\" content=\"Ny husmodell f\u00f6r den aktiva familjen \u2013 kolla in Burvik 120 med dubbla loft - J\u00f6rntr\u00e4hus\" \/>\n<meta property=\"og:description\" content=\"S\u00e5 h\u00e4r i Sportlovstider s\u00e5 \u00e4r vi glada att f\u00e5 presentera en husmodell som verkligen passar in f\u00f6r den aktiva familjen som trivs i fj\u00e4ll och natur.\" \/>\n<meta property=\"og:url\" content=\"https:\/\/jorntrahus.se\/nb\/nyhet\/ny-husmodell-for-den-aktive-familien-sjekk-ut-burvik-120-med-dobbel-hems\/\" \/>\n<meta property=\"og:site_name\" content=\"J\u00f6rntr\u00e4hus\" \/>\n<meta property=\"article:published_time\" content=\"2025-02-27T12:02:43+00:00\" \/>\n<meta property=\"article:modified_time\" content=\"2025-02-27T12:17:39+00:00\" \/>\n<meta property=\"og:image\" content=\"https:\/\/jorntrahus.se\/wp-content\/uploads\/2025\/02\/Burvik-120-med-dubbla-loft-Fritidshus-Villa-Permanentboende-Byggsats-Hus-fran-Jorntrahus-3x2-webb.jpg\" \/>\n\t<meta property=\"og:image:width\" content=\"3000\" \/>\n\t<meta property=\"og:image:height\" content=\"2000\" \/>\n\t<meta property=\"og:image:type\" content=\"image\/jpeg\" \/>\n<meta name=\"author\" content=\"J\u00f6rntr\u00e4hus\" \/>\n<meta name=\"twitter:card\" content=\"summary_large_image\" \/>\n<meta name=\"twitter:label1\" content=\"Skrevet av\" \/>\n\t<meta name=\"twitter:data1\" content=\"J\u00f6rntr\u00e4hus\" \/>\n\t<meta name=\"twitter:label2\" content=\"Ansl. lesetid\" \/>\n\t<meta name=\"twitter:data2\" content=\"2 minutter\" \/>\n<script type=\"application\/ld+json\" class=\"yoast-schema-graph\">{\"@context\":\"https:\/\/schema.org\",\"@graph\":[{\"@type\":\"Article\",\"@id\":\"https:\/\/jorntrahus.se\/nyhet\/ny-husmodell-for-den-aktiva-familjen-kolla-in-burvik-120-med-dubbla-loft\/#article\",\"isPartOf\":{\"@id\":\"https:\/\/jorntrahus.se\/nyhet\/ny-husmodell-for-den-aktiva-familjen-kolla-in-burvik-120-med-dubbla-loft\/\"},\"author\":{\"name\":\"J\u00f6rntr\u00e4hus\",\"@id\":\"https:\/\/jorntrahus.se\/#\/schema\/person\/1d486a26d13d4df455271c2f02f5ef5c\"},\"headline\":\"Ny husmodell f\u00f6r den aktiva familjen \u2013 kolla in Burvik 120 med dubbla loft\",\"datePublished\":\"2025-02-27T12:02:43+00:00\",\"dateModified\":\"2025-02-27T12:17:39+00:00\",\"mainEntityOfPage\":{\"@id\":\"https:\/\/jorntrahus.se\/nyhet\/ny-husmodell-for-den-aktiva-familjen-kolla-in-burvik-120-med-dubbla-loft\/\"},\"wordCount\":467,\"publisher\":{\"@id\":\"https:\/\/jorntrahus.se\/#organization\"},\"image\":{\"@id\":\"https:\/\/jorntrahus.se\/nyhet\/ny-husmodell-for-den-aktiva-familjen-kolla-in-burvik-120-med-dubbla-loft\/#primaryimage\"},\"thumbnailUrl\":\"https:\/\/jorntrahus.se\/wp-content\/uploads\/2025\/02\/Burvik-120-med-dubbla-loft-Fritidshus-Villa-Permanentboende-Byggsats-Hus-fran-Jorntrahus-3x2-webb.jpg\",\"keywords\":[\"Burvik\",\"Burvik 120 loft\",\"Fritidshus\",\"medpassionfr\u00e5nj\u00f6rn\",\"prefabricerade husblock\",\"Sportlov\",\"stugmys\"],\"articleSection\":[\"Nyhet\"],\"inLanguage\":\"nb-NO\"},{\"@type\":\"WebPage\",\"@id\":\"https:\/\/jorntrahus.se\/nyhet\/ny-husmodell-for-den-aktiva-familjen-kolla-in-burvik-120-med-dubbla-loft\/\",\"url\":\"https:\/\/jorntrahus.se\/nyhet\/ny-husmodell-for-den-aktiva-familjen-kolla-in-burvik-120-med-dubbla-loft\/\",\"name\":\"Ny husmodell f\u00f6r den aktiva familjen \u2013 kolla in Burvik 120 med dubbla loft - J\u00f6rntr\u00e4hus\",\"isPartOf\":{\"@id\":\"https:\/\/jorntrahus.se\/#website\"},\"primaryImageOfPage\":{\"@id\":\"https:\/\/jorntrahus.se\/nyhet\/ny-husmodell-for-den-aktiva-familjen-kolla-in-burvik-120-med-dubbla-loft\/#primaryimage\"},\"image\":{\"@id\":\"https:\/\/jorntrahus.se\/nyhet\/ny-husmodell-for-den-aktiva-familjen-kolla-in-burvik-120-med-dubbla-loft\/#primaryimage\"},\"thumbnailUrl\":\"https:\/\/jorntrahus.se\/wp-content\/uploads\/2025\/02\/Burvik-120-med-dubbla-loft-Fritidshus-Villa-Permanentboende-Byggsats-Hus-fran-Jorntrahus-3x2-webb.jpg\",\"datePublished\":\"2025-02-27T12:02:43+00:00\",\"dateModified\":\"2025-02-27T12:17:39+00:00\",\"breadcrumb\":{\"@id\":\"https:\/\/jorntrahus.se\/nyhet\/ny-husmodell-for-den-aktiva-familjen-kolla-in-burvik-120-med-dubbla-loft\/#breadcrumb\"},\"inLanguage\":\"nb-NO\",\"potentialAction\":[{\"@type\":\"ReadAction\",\"target\":[\"https:\/\/jorntrahus.se\/nyhet\/ny-husmodell-for-den-aktiva-familjen-kolla-in-burvik-120-med-dubbla-loft\/\"]}]},{\"@type\":\"ImageObject\",\"inLanguage\":\"nb-NO\",\"@id\":\"https:\/\/jorntrahus.se\/nyhet\/ny-husmodell-for-den-aktiva-familjen-kolla-in-burvik-120-med-dubbla-loft\/#primaryimage\",\"url\":\"https:\/\/jorntrahus.se\/wp-content\/uploads\/2025\/02\/Burvik-120-med-dubbla-loft-Fritidshus-Villa-Permanentboende-Byggsats-Hus-fran-Jorntrahus-3x2-webb.jpg\",\"contentUrl\":\"https:\/\/jorntrahus.se\/wp-content\/uploads\/2025\/02\/Burvik-120-med-dubbla-loft-Fritidshus-Villa-Permanentboende-Byggsats-Hus-fran-Jorntrahus-3x2-webb.jpg\",\"width\":3000,\"height\":2000,\"caption\":\"Burvik 120 med dubbla loft Fritidshus Villa Permanentboende Byggsats Hus fran Jorntrahus 3x2 webb\"},{\"@type\":\"BreadcrumbList\",\"@id\":\"https:\/\/jorntrahus.se\/nyhet\/ny-husmodell-for-den-aktiva-familjen-kolla-in-burvik-120-med-dubbla-loft\/#breadcrumb\",\"itemListElement\":[{\"@type\":\"ListItem\",\"position\":1,\"name\":\"Hem\",\"item\":\"https:\/\/jorntrahus.se\/\"},{\"@type\":\"ListItem\",\"position\":2,\"name\":\"Ny husmodell f\u00f6r den aktiva familjen \u2013 kolla in Burvik 120 med dubbla loft\"}]},{\"@type\":\"WebSite\",\"@id\":\"https:\/\/jorntrahus.se\/#website\",\"url\":\"https:\/\/jorntrahus.se\/\",\"name\":\"J\u00f6rntr\u00e4hus\",\"description\":\"Hus f\u00f6r den medvetne\",\"publisher\":{\"@id\":\"https:\/\/jorntrahus.se\/#organization\"},\"potentialAction\":[{\"@type\":\"SearchAction\",\"target\":{\"@type\":\"EntryPoint\",\"urlTemplate\":\"https:\/\/jorntrahus.se\/?s={search_term_string}\"},\"query-input\":{\"@type\":\"PropertyValueSpecification\",\"valueRequired\":true,\"valueName\":\"search_term_string\"}}],\"inLanguage\":\"nb-NO\"},{\"@type\":\"Organization\",\"@id\":\"https:\/\/jorntrahus.se\/#organization\",\"name\":\"J\u00f6rntr\u00e4hus\",\"url\":\"https:\/\/jorntrahus.se\/\",\"logo\":{\"@type\":\"ImageObject\",\"inLanguage\":\"nb-NO\",\"@id\":\"https:\/\/jorntrahus.se\/#\/schema\/logo\/image\/\",\"url\":\"https:\/\/jorntrahus.se\/wp-content\/uploads\/2020\/09\/Jorntrahus_Grund_CMYK.eps\",\"contentUrl\":\"https:\/\/jorntrahus.se\/wp-content\/uploads\/2020\/09\/Jorntrahus_Grund_CMYK.eps\",\"width\":1,\"height\":1,\"caption\":\"J\u00f6rntr\u00e4hus\"},\"image\":{\"@id\":\"https:\/\/jorntrahus.se\/#\/schema\/logo\/image\/\"}},{\"@type\":\"Person\",\"@id\":\"https:\/\/jorntrahus.se\/#\/schema\/person\/1d486a26d13d4df455271c2f02f5ef5c\",\"name\":\"J\u00f6rntr\u00e4hus\",\"image\":{\"@type\":\"ImageObject\",\"inLanguage\":\"nb-NO\",\"@id\":\"https:\/\/secure.gravatar.com\/avatar\/e9b8fcf3c4d64603cd3ec2eb8588179dabe6c74041e8c2a09d7ca9e0900a4ad3?s=96&d=mm&r=g\",\"url\":\"https:\/\/secure.gravatar.com\/avatar\/e9b8fcf3c4d64603cd3ec2eb8588179dabe6c74041e8c2a09d7ca9e0900a4ad3?s=96&d=mm&r=g\",\"contentUrl\":\"https:\/\/secure.gravatar.com\/avatar\/e9b8fcf3c4d64603cd3ec2eb8588179dabe6c74041e8c2a09d7ca9e0900a4ad3?s=96&d=mm&r=g\",\"caption\":\"J\u00f6rntr\u00e4hus\"},\"sameAs\":[\"https:\/\/jorntrahus.se\"],\"url\":\"https:\/\/jorntrahus.se\/nb\/author\/jorntrahus\/\"}]}<\/script>\n<!-- \/ Yoast SEO plugin. -->","yoast_head_json":{"title":"Ny husmodell for den aktive familien - sjekk ut Burvik 120 med dobbel hems - J\u00f6rntr\u00e4hus","robots":{"index":"index","follow":"follow","max-snippet":"max-snippet:-1","max-image-preview":"max-image-preview:large","max-video-preview":"max-video-preview:-1"},"canonical":"https:\/\/jorntrahus.se\/nb\/nyhet\/ny-husmodell-for-den-aktive-familien-sjekk-ut-burvik-120-med-dobbel-hems\/","og_locale":"nb_NO","og_type":"article","og_title":"Ny husmodell f\u00f6r den aktiva familjen \u2013 kolla in Burvik 120 med dubbla loft - J\u00f6rntr\u00e4hus","og_description":"S\u00e5 h\u00e4r i Sportlovstider s\u00e5 \u00e4r vi glada att f\u00e5 presentera en husmodell som verkligen passar in f\u00f6r den aktiva familjen som trivs i fj\u00e4ll och natur.","og_url":"https:\/\/jorntrahus.se\/nb\/nyhet\/ny-husmodell-for-den-aktive-familien-sjekk-ut-burvik-120-med-dobbel-hems\/","og_site_name":"J\u00f6rntr\u00e4hus","article_published_time":"2025-02-27T12:02:43+00:00","article_modified_time":"2025-02-27T12:17:39+00:00","og_image":[{"width":3000,"height":2000,"url":"https:\/\/jorntrahus.se\/wp-content\/uploads\/2025\/02\/Burvik-120-med-dubbla-loft-Fritidshus-Villa-Permanentboende-Byggsats-Hus-fran-Jorntrahus-3x2-webb.jpg","type":"image\/jpeg"}],"author":"J\u00f6rntr\u00e4hus","twitter_card":"summary_large_image","twitter_misc":{"Skrevet av":"J\u00f6rntr\u00e4hus","Ansl. lesetid":"2 minutter"},"schema":{"@context":"https:\/\/schema.org","@graph":[{"@type":"Article","@id":"https:\/\/jorntrahus.se\/nyhet\/ny-husmodell-for-den-aktiva-familjen-kolla-in-burvik-120-med-dubbla-loft\/#article","isPartOf":{"@id":"https:\/\/jorntrahus.se\/nyhet\/ny-husmodell-for-den-aktiva-familjen-kolla-in-burvik-120-med-dubbla-loft\/"},"author":{"name":"J\u00f6rntr\u00e4hus","@id":"https:\/\/jorntrahus.se\/#\/schema\/person\/1d486a26d13d4df455271c2f02f5ef5c"},"headline":"Ny husmodell f\u00f6r den aktiva familjen \u2013 kolla in Burvik 120 med dubbla loft","datePublished":"2025-02-27T12:02:43+00:00","dateModified":"2025-02-27T12:17:39+00:00","mainEntityOfPage":{"@id":"https:\/\/jorntrahus.se\/nyhet\/ny-husmodell-for-den-aktiva-familjen-kolla-in-burvik-120-med-dubbla-loft\/"},"wordCount":467,"publisher":{"@id":"https:\/\/jorntrahus.se\/#organization"},"image":{"@id":"https:\/\/jorntrahus.se\/nyhet\/ny-husmodell-for-den-aktiva-familjen-kolla-in-burvik-120-med-dubbla-loft\/#primaryimage"},"thumbnailUrl":"https:\/\/jorntrahus.se\/wp-content\/uploads\/2025\/02\/Burvik-120-med-dubbla-loft-Fritidshus-Villa-Permanentboende-Byggsats-Hus-fran-Jorntrahus-3x2-webb.jpg","keywords":["Burvik","Burvik 120 loft","Fritidshus","medpassionfr\u00e5nj\u00f6rn","prefabricerade husblock","Sportlov","stugmys"],"articleSection":["Nyhet"],"inLanguage":"nb-NO"},{"@type":"WebPage","@id":"https:\/\/jorntrahus.se\/nyhet\/ny-husmodell-for-den-aktiva-familjen-kolla-in-burvik-120-med-dubbla-loft\/","url":"https:\/\/jorntrahus.se\/nyhet\/ny-husmodell-for-den-aktiva-familjen-kolla-in-burvik-120-med-dubbla-loft\/","name":"Ny husmodell for den aktive familien - sjekk ut Burvik 120 med dobbel hems - J\u00f6rntr\u00e4hus","isPartOf":{"@id":"https:\/\/jorntrahus.se\/#website"},"primaryImageOfPage":{"@id":"https:\/\/jorntrahus.se\/nyhet\/ny-husmodell-for-den-aktiva-familjen-kolla-in-burvik-120-med-dubbla-loft\/#primaryimage"},"image":{"@id":"https:\/\/jorntrahus.se\/nyhet\/ny-husmodell-for-den-aktiva-familjen-kolla-in-burvik-120-med-dubbla-loft\/#primaryimage"},"thumbnailUrl":"https:\/\/jorntrahus.se\/wp-content\/uploads\/2025\/02\/Burvik-120-med-dubbla-loft-Fritidshus-Villa-Permanentboende-Byggsats-Hus-fran-Jorntrahus-3x2-webb.jpg","datePublished":"2025-02-27T12:02:43+00:00","dateModified":"2025-02-27T12:17:39+00:00","breadcrumb":{"@id":"https:\/\/jorntrahus.se\/nyhet\/ny-husmodell-for-den-aktiva-familjen-kolla-in-burvik-120-med-dubbla-loft\/#breadcrumb"},"inLanguage":"nb-NO","potentialAction":[{"@type":"ReadAction","target":["https:\/\/jorntrahus.se\/nyhet\/ny-husmodell-for-den-aktiva-familjen-kolla-in-burvik-120-med-dubbla-loft\/"]}]},{"@type":"ImageObject","inLanguage":"nb-NO","@id":"https:\/\/jorntrahus.se\/nyhet\/ny-husmodell-for-den-aktiva-familjen-kolla-in-burvik-120-med-dubbla-loft\/#primaryimage","url":"https:\/\/jorntrahus.se\/wp-content\/uploads\/2025\/02\/Burvik-120-med-dubbla-loft-Fritidshus-Villa-Permanentboende-Byggsats-Hus-fran-Jorntrahus-3x2-webb.jpg","contentUrl":"https:\/\/jorntrahus.se\/wp-content\/uploads\/2025\/02\/Burvik-120-med-dubbla-loft-Fritidshus-Villa-Permanentboende-Byggsats-Hus-fran-Jorntrahus-3x2-webb.jpg","width":3000,"height":2000,"caption":"Burvik 120 med dubbla loft Fritidshus Villa Permanentboende Byggsats Hus fran Jorntrahus 3x2 webb"},{"@type":"BreadcrumbList","@id":"https:\/\/jorntrahus.se\/nyhet\/ny-husmodell-for-den-aktiva-familjen-kolla-in-burvik-120-med-dubbla-loft\/#breadcrumb","itemListElement":[{"@type":"ListItem","position":1,"name":"Hem","item":"https:\/\/jorntrahus.se\/"},{"@type":"ListItem","position":2,"name":"Ny husmodell f\u00f6r den aktiva familjen \u2013 kolla in Burvik 120 med dubbla loft"}]},{"@type":"WebSite","@id":"https:\/\/jorntrahus.se\/#website","url":"https:\/\/jorntrahus.se\/","name":"J\u00f6rntr\u00e4hus","description":"Hus for de bevisste","publisher":{"@id":"https:\/\/jorntrahus.se\/#organization"},"potentialAction":[{"@type":"SearchAction","target":{"@type":"EntryPoint","urlTemplate":"https:\/\/jorntrahus.se\/?s={search_term_string}"},"query-input":{"@type":"PropertyValueSpecification","valueRequired":true,"valueName":"search_term_string"}}],"inLanguage":"nb-NO"},{"@type":"Organization","@id":"https:\/\/jorntrahus.se\/#organization","name":"J\u00f6rntr\u00e4hus","url":"https:\/\/jorntrahus.se\/","logo":{"@type":"ImageObject","inLanguage":"nb-NO","@id":"https:\/\/jorntrahus.se\/#\/schema\/logo\/image\/","url":"https:\/\/jorntrahus.se\/wp-content\/uploads\/2020\/09\/Jorntrahus_Grund_CMYK.eps","contentUrl":"https:\/\/jorntrahus.se\/wp-content\/uploads\/2020\/09\/Jorntrahus_Grund_CMYK.eps","width":1,"height":1,"caption":"J\u00f6rntr\u00e4hus"},"image":{"@id":"https:\/\/jorntrahus.se\/#\/schema\/logo\/image\/"}},{"@type":"Person","@id":"https:\/\/jorntrahus.se\/#\/schema\/person\/1d486a26d13d4df455271c2f02f5ef5c","name":"J\u00f6rntr\u00e4hus","image":{"@type":"ImageObject","inLanguage":"nb-NO","@id":"https:\/\/secure.gravatar.com\/avatar\/e9b8fcf3c4d64603cd3ec2eb8588179dabe6c74041e8c2a09d7ca9e0900a4ad3?s=96&d=mm&r=g","url":"https:\/\/secure.gravatar.com\/avatar\/e9b8fcf3c4d64603cd3ec2eb8588179dabe6c74041e8c2a09d7ca9e0900a4ad3?s=96&d=mm&r=g","contentUrl":"https:\/\/secure.gravatar.com\/avatar\/e9b8fcf3c4d64603cd3ec2eb8588179dabe6c74041e8c2a09d7ca9e0900a4ad3?s=96&d=mm&r=g","caption":"J\u00f6rntr\u00e4hus"},"sameAs":["https:\/\/jorntrahus.se"],"url":"https:\/\/jorntrahus.se\/nb\/author\/jorntrahus\/"}]}},"publishpress_future_action":{"enabled":false,"date":"2026-05-07 22:15:42","action":"change-status","newStatus":"draft","terms":[],"taxonomy":"category","extraData":[]},"publishpress_future_workflow_manual_trigger":{"enabledWorkflows":[]},"_links":{"self":[{"href":"https:\/\/jorntrahus.se\/nb\/wp-json\/wp\/v2\/posts\/14849","targetHints":{"allow":["GET"]}}],"collection":[{"href":"https:\/\/jorntrahus.se\/nb\/wp-json\/wp\/v2\/posts"}],"about":[{"href":"https:\/\/jorntrahus.se\/nb\/wp-json\/wp\/v2\/types\/post"}],"author":[{"embeddable":true,"href":"https:\/\/jorntrahus.se\/nb\/wp-json\/wp\/v2\/users\/2"}],"replies":[{"embeddable":true,"href":"https:\/\/jorntrahus.se\/nb\/wp-json\/wp\/v2\/comments?post=14849"}],"version-history":[{"count":11,"href":"https:\/\/jorntrahus.se\/nb\/wp-json\/wp\/v2\/posts\/14849\/revisions"}],"predecessor-version":[{"id":14860,"href":"https:\/\/jorntrahus.se\/nb\/wp-json\/wp\/v2\/posts\/14849\/revisions\/14860"}],"wp:featuredmedia":[{"embeddable":true,"href":"https:\/\/jorntrahus.se\/nb\/wp-json\/wp\/v2\/media\/14842"}],"wp:attachment":[{"href":"https:\/\/jorntrahus.se\/nb\/wp-json\/wp\/v2\/media?parent=14849"}],"wp:term":[{"taxonomy":"category","embeddable":true,"href":"https:\/\/jorntrahus.se\/nb\/wp-json\/wp\/v2\/categories?post=14849"},{"taxonomy":"post_tag","embeddable":true,"href":"https:\/\/jorntrahus.se\/nb\/wp-json\/wp\/v2\/tags?post=14849"}],"curies":[{"name":"wp","href":"https:\/\/api.w.org\/{rel}","templated":true}]}}