{"id":14872,"date":"2025-03-14T11:54:16","date_gmt":"2025-03-14T10:54:16","guid":{"rendered":"https:\/\/jorntrahus.se\/?p=14872"},"modified":"2025-03-16T15:48:31","modified_gmt":"2025-03-16T14:48:31","slug":"jorntra-hus-i-fantastiske-fjellomgivelser","status":"publish","type":"post","link":"https:\/\/jorntrahus.se\/nb\/nyhet\/jorntrahus-i-fantastisk-fjallmiljo\/","title":{"rendered":"J\u00f6rn trehus i et fantastisk fjellmilj\u00f8"},"content":{"rendered":"<div class=\"row\"  id=\"row-706517748\">\n\n\t<div id=\"col-2049604407\" class=\"col small-12 large-12\"  >\n\t\t\t\t<div class=\"col-inner\"  >\n\t\t\t\n\t\t\t\n<h5>SAMARBEID \/ J\u00c4CKVIK<\/h5>\n<h3>Er du interessert i naturopplevelser, friluftsliv og de store viddene i Norrlandsfjellene, men mangler et utgangspunkt for dine eventyr? N\u00e5 kan vi tilby en fleksibel og b\u00e6rekraftig fritidsboligl\u00f8sning med ferdig tomt og byggesett - dette i samarbeid med J\u00e4ggeluokta Real Estate og Berggren Bygg.<\/h3>\n<p>Vi fors\u00f8ker hele tiden \u00e5 finne interessante og profesjonelle samarbeidspartnere for \u00e5 gj\u00f8re det enklere for v\u00e5re fremtidige husvenner \u00e5 skape en enkel prosess fra dr\u00f8m til ferdig fritidsbolig. I dette tilfellet har vi funnet v\u00e5re samarbeidspartnere i naturskj\u00f8nne J\u00e4ckvik i Arjeplogsfj\u00e4llen, og med dette tilbudet kan du f\u00e5 en fantastisk rask og smidig fritidsboligl\u00f8sning p\u00e5 relativt kort tid.<\/p>\n\t<div id=\"gap-718304772\" class=\"gap-element clearfix\" style=\"display:block; height:auto;\">\n\t\t\n<style>\n#gap-718304772 {\n  padding-top: 30px;\n}\n<\/style>\n\t<\/div>\n\t\n  <div class=\"banner-grid-wrapper\">\n  <div id=\"banner-grid-1328055087\" class=\"banner-grid row row-grid row-small\" data-packery-options=\"\">\n                      \n<div class=\"col grid-col large-6 grid-col-1\" ><div class=\"col-inner\">\n\t<div class=\"img has-hover x md-x lg-x y md-y lg-y\" id=\"image_1496083024\">\n\t\t<a class=\"image-lightbox lightbox-gallery\" title=\"\" href=\"https:\/\/jorntrahus.se\/wp-content\/uploads\/2025\/03\/Fritidshus-Ja\u0308ckvik-Tomter-Ja\u0308ggeluokta-Real-Estate-Jo\u0308rntra\u0308hus-2-1x1-webb.jpg\">\t\t\t\t\t\t<div class=\"img-inner dark\" >\n\t\t\t<img loading=\"lazy\" decoding=\"async\" width=\"1020\" height=\"1020\" src=\"https:\/\/jorntrahus.se\/wp-content\/uploads\/2025\/03\/Fritidshus-Ja\u0308ckvik-Tomter-Ja\u0308ggeluokta-Real-Estate-Jo\u0308rntra\u0308hus-2-1x1-webb-1600x1600.jpg\" class=\"attachment-large size-large\" alt=\"Feriebolig J\u00e4ckvik Tomter J\u00e4ggeluokta Real Estate J\u00f6rntr\u00e4hus 2 1x1 web\" srcset=\"https:\/\/jorntrahus.se\/wp-content\/uploads\/2025\/03\/Fritidshus-Ja\u0308ckvik-Tomter-Ja\u0308ggeluokta-Real-Estate-Jo\u0308rntra\u0308hus-2-1x1-webb-1600x1600.jpg 1600w, https:\/\/jorntrahus.se\/wp-content\/uploads\/2025\/03\/Fritidshus-Ja\u0308ckvik-Tomter-Ja\u0308ggeluokta-Real-Estate-Jo\u0308rntra\u0308hus-2-1x1-webb-900x900.jpg 900w, https:\/\/jorntrahus.se\/wp-content\/uploads\/2025\/03\/Fritidshus-Ja\u0308ckvik-Tomter-Ja\u0308ggeluokta-Real-Estate-Jo\u0308rntra\u0308hus-2-1x1-webb-300x300.jpg 300w, https:\/\/jorntrahus.se\/wp-content\/uploads\/2025\/03\/Fritidshus-Ja\u0308ckvik-Tomter-Ja\u0308ggeluokta-Real-Estate-Jo\u0308rntra\u0308hus-2-1x1-webb-768x768.jpg 768w, https:\/\/jorntrahus.se\/wp-content\/uploads\/2025\/03\/Fritidshus-Ja\u0308ckvik-Tomter-Ja\u0308ggeluokta-Real-Estate-Jo\u0308rntra\u0308hus-2-1x1-webb-1536x1536.jpg 1536w, https:\/\/jorntrahus.se\/wp-content\/uploads\/2025\/03\/Fritidshus-Ja\u0308ckvik-Tomter-Ja\u0308ggeluokta-Real-Estate-Jo\u0308rntra\u0308hus-2-1x1-webb-100x100.jpg 100w, https:\/\/jorntrahus.se\/wp-content\/uploads\/2025\/03\/Fritidshus-Ja\u0308ckvik-Tomter-Ja\u0308ggeluokta-Real-Estate-Jo\u0308rntra\u0308hus-2-1x1-webb.jpg 2000w\" sizes=\"auto, (max-width: 1020px) 100vw, 1020px\" \/>\t\t\t\t\t\t\n\t\t\t\t\t<\/div>\n\t\t\t\t\t\t<\/a>\t\t\n<style>\n#image_1496083024 {\n  width: 100%;\n}\n<\/style>\n\t<\/div>\n\t\n<\/div><\/div>\n<div class=\"col grid-col large-6 grid-col-1\" ><div class=\"col-inner\">\n\t<div class=\"img has-hover x md-x lg-x y md-y lg-y\" id=\"image_1614377855\">\n\t\t<a class=\"image-lightbox lightbox-gallery\" title=\"\" href=\"https:\/\/jorntrahus.se\/wp-content\/uploads\/2025\/03\/Fritidshus-Jackvik-Tomter-Jaggeluokta-Real-Estate-Jorntrahus-Natur-Fjallen-Vy-1-1x1-webb.jpg\">\t\t\t\t\t\t<div class=\"img-inner dark\" >\n\t\t\t<img loading=\"lazy\" decoding=\"async\" width=\"1020\" height=\"1020\" src=\"https:\/\/jorntrahus.se\/wp-content\/uploads\/2025\/03\/Fritidshus-Jackvik-Tomter-Jaggeluokta-Real-Estate-Jorntrahus-Natur-Fjallen-Vy-1-1x1-webb-1600x1600.jpg\" class=\"attachment-large size-large\" alt=\"Feriebolig Jackvik Tomter Jaggeluokta Eiendom Jorntrahus Nature Fjallen Vy 1 1x1 web\" srcset=\"https:\/\/jorntrahus.se\/wp-content\/uploads\/2025\/03\/Fritidshus-Jackvik-Tomter-Jaggeluokta-Real-Estate-Jorntrahus-Natur-Fjallen-Vy-1-1x1-webb-1600x1600.jpg 1600w, https:\/\/jorntrahus.se\/wp-content\/uploads\/2025\/03\/Fritidshus-Jackvik-Tomter-Jaggeluokta-Real-Estate-Jorntrahus-Natur-Fjallen-Vy-1-1x1-webb-900x900.jpg 900w, https:\/\/jorntrahus.se\/wp-content\/uploads\/2025\/03\/Fritidshus-Jackvik-Tomter-Jaggeluokta-Real-Estate-Jorntrahus-Natur-Fjallen-Vy-1-1x1-webb-300x300.jpg 300w, https:\/\/jorntrahus.se\/wp-content\/uploads\/2025\/03\/Fritidshus-Jackvik-Tomter-Jaggeluokta-Real-Estate-Jorntrahus-Natur-Fjallen-Vy-1-1x1-webb-768x768.jpg 768w, https:\/\/jorntrahus.se\/wp-content\/uploads\/2025\/03\/Fritidshus-Jackvik-Tomter-Jaggeluokta-Real-Estate-Jorntrahus-Natur-Fjallen-Vy-1-1x1-webb-1536x1536.jpg 1536w, https:\/\/jorntrahus.se\/wp-content\/uploads\/2025\/03\/Fritidshus-Jackvik-Tomter-Jaggeluokta-Real-Estate-Jorntrahus-Natur-Fjallen-Vy-1-1x1-webb-100x100.jpg 100w, https:\/\/jorntrahus.se\/wp-content\/uploads\/2025\/03\/Fritidshus-Jackvik-Tomter-Jaggeluokta-Real-Estate-Jorntrahus-Natur-Fjallen-Vy-1-1x1-webb.jpg 2000w\" sizes=\"auto, (max-width: 1020px) 100vw, 1020px\" \/>\t\t\t\t\t\t\n\t\t\t\t\t<\/div>\n\t\t\t\t\t\t<\/a>\t\t\n<style>\n#image_1614377855 {\n  width: 100%;\n}\n<\/style>\n\t<\/div>\n\t\n<\/div><\/div>\n            <\/div>\n    <style>\n    #banner-grid-1328055087 .grid-col-1{height: 450px}\n    #banner-grid-1328055087 .grid-col-1-2{height: 225px}\n    #banner-grid-1328055087 .grid-col-1-3{height:150px}\n    #banner-grid-1328055087 .grid-col-2-3{height: 300px}\n    #banner-grid-1328055087 .grid-col-1-4{height: 112.5px}\n    #banner-grid-1328055087 .grid-col-3-4{height: 337.5px}\n\n\n    \n    \n\n  <\/style>\n    <\/div>\n  \n\t<div id=\"gap-2091193013\" class=\"gap-element clearfix\" style=\"display:block; height:auto;\">\n\t\t\n<style>\n#gap-2091193013 {\n  padding-top: 30px;\n}\n<\/style>\n\t<\/div>\n\t\n<div class=\"row row-collapse align-center\"  id=\"row-2061471692\">\n\n\t<div id=\"col-276817555\" class=\"col medium-8 small-12 large-8\"  >\n\t\t\t\t<div class=\"col-inner text-center\"  >\n\t\t\t\n\t\t\t\n\t<div id=\"text-2330363330\" class=\"text\">\n\t\t\n<h2 style=\"text-align: center;\">\"Det er stor interesse for J\u00e4ckvik og de naturskj\u00f8nne tomtene v\u00e5re.\"<\/h2>\n\t\t\n<style>\n#text-2330363330 {\n  text-align: center;\n}\n<\/style>\n\t<\/div>\n\t\n\t\t<\/div>\n\t\t\t\t\n<style>\n#col-276817555 > .col-inner {\n  padding: 20px 0px 20px 0px;\n}\n@media (min-width:550px) {\n  #col-276817555 > .col-inner {\n    padding: 20px 50px 20px 50px;\n  }\n}\n@media (min-width:850px) {\n  #col-276817555 > .col-inner {\n    padding: 20px 100px 20px 100px;\n  }\n}\n<\/style>\n\t<\/div>\n\n\t\n<\/div>\n<p>J\u00e4ggeluokta Real Estate har en rekke ferdige tomter med sv\u00e6rt fin beliggenhet med utsikt over h\u00f8yfjellet og deler av Hornavan.<\/p>\n<p>- Det er stor interesse for J\u00e4ckvik og for de naturskj\u00f8nne tomtene v\u00e5re. Vi har allerede solgt noen p\u00e5 dette stadiet, og det er foresp\u00f8rsler om andre tomter, sier Urban fra J\u00e4ggeluokta Real Estate.<\/p>\n<p>- Det er ogs\u00e5 morsomt og interessant \u00e5 jobbe med J\u00f6rntr\u00e4hus - ettersom vi ser at huskonseptet deres oppfyller v\u00e5re h\u00f8ye standarder n\u00e5r det gjelder b\u00e5de b\u00e6rekraft og boligkj\u00f8perens beste, fortsetter Nils-Johan, den andre ildsjelen i J\u00e4ggeluokta Real Estate.\u00a0<\/p>\n\t<div id=\"gap-98958936\" class=\"gap-element clearfix\" style=\"display:block; height:auto;\">\n\t\t\n<style>\n#gap-98958936 {\n  padding-top: 30px;\n}\n<\/style>\n\t<\/div>\n\t\n  <div class=\"banner-grid-wrapper\">\n  <div id=\"banner-grid-1341874402\" class=\"banner-grid row row-grid row-small\" data-packery-options=\"\">\n                      \n<div class=\"col grid-col small-12 large-8 grid-col-1\" ><div class=\"col-inner\">\n\t<div class=\"img has-hover x md-x lg-x y md-y lg-y\" id=\"image_716410343\">\n\t\t<a class=\"image-lightbox lightbox-gallery\" title=\"\" href=\"https:\/\/jorntrahus.se\/wp-content\/uploads\/2025\/03\/Fritidshus-Jackvik-Tomter-Jaggeluokta-Real-Estate-Jorntrahus-Natur-Fjallen-1-1x1-webb.jpg\">\t\t\t\t\t\t<div class=\"img-inner dark\" >\n\t\t\t<img loading=\"lazy\" decoding=\"async\" width=\"1020\" height=\"1020\" src=\"https:\/\/jorntrahus.se\/wp-content\/uploads\/2025\/03\/Fritidshus-Jackvik-Tomter-Jaggeluokta-Real-Estate-Jorntrahus-Natur-Fjallen-1-1x1-webb.jpg\" class=\"attachment-large size-large\" alt=\"Feriebolig Jackvik Tomter Jaggeluokta Eiendom Jorntrahus Nature Fjallen 1 1x1 web\" srcset=\"https:\/\/jorntrahus.se\/wp-content\/uploads\/2025\/03\/Fritidshus-Jackvik-Tomter-Jaggeluokta-Real-Estate-Jorntrahus-Natur-Fjallen-1-1x1-webb.jpg 1600w, https:\/\/jorntrahus.se\/wp-content\/uploads\/2025\/03\/Fritidshus-Jackvik-Tomter-Jaggeluokta-Real-Estate-Jorntrahus-Natur-Fjallen-1-1x1-webb-900x900.jpg 900w, https:\/\/jorntrahus.se\/wp-content\/uploads\/2025\/03\/Fritidshus-Jackvik-Tomter-Jaggeluokta-Real-Estate-Jorntrahus-Natur-Fjallen-1-1x1-webb-300x300.jpg 300w, https:\/\/jorntrahus.se\/wp-content\/uploads\/2025\/03\/Fritidshus-Jackvik-Tomter-Jaggeluokta-Real-Estate-Jorntrahus-Natur-Fjallen-1-1x1-webb-768x768.jpg 768w, https:\/\/jorntrahus.se\/wp-content\/uploads\/2025\/03\/Fritidshus-Jackvik-Tomter-Jaggeluokta-Real-Estate-Jorntrahus-Natur-Fjallen-1-1x1-webb-1536x1536.jpg 1536w, https:\/\/jorntrahus.se\/wp-content\/uploads\/2025\/03\/Fritidshus-Jackvik-Tomter-Jaggeluokta-Real-Estate-Jorntrahus-Natur-Fjallen-1-1x1-webb-100x100.jpg 100w\" sizes=\"auto, (max-width: 1020px) 100vw, 1020px\" \/>\t\t\t\t\t\t\n\t\t\t\t\t<\/div>\n\t\t\t\t\t\t<\/a>\t\t\n<style>\n#image_716410343 {\n  width: 100%;\n}\n@media (min-width:550px) {\n  #image_716410343 {\n    width: 100%;\n  }\n}\n<\/style>\n\t<\/div>\n\t\n<\/div><\/div>\n<div class=\"col grid-col small-12 large-4 grid-col-1-2\" ><div class=\"col-inner\">\n\t<div class=\"img has-hover x md-x lg-x y md-y lg-y\" id=\"image_1862250450\">\n\t\t<a class=\"image-lightbox lightbox-gallery\" title=\"\" href=\"https:\/\/jorntrahus.se\/wp-content\/uploads\/2025\/03\/Fritidshus-Jackvik-Tomter-Jaggeluokta-Real-Estate-Jorntrahus-Skylt-1-1x1-webb.jpg\">\t\t\t\t\t\t<div class=\"img-inner dark\" >\n\t\t\t<img loading=\"lazy\" decoding=\"async\" width=\"900\" height=\"900\" src=\"https:\/\/jorntrahus.se\/wp-content\/uploads\/2025\/03\/Fritidshus-Jackvik-Tomter-Jaggeluokta-Real-Estate-Jorntrahus-Skylt-1-1x1-webb-900x900.jpg\" class=\"attachment-medium size-medium\" alt=\"Fritidsbolig Jackvik Tomter Jaggeluokta Eiendom Jorntrahus Sign 1 1x1 web\" srcset=\"https:\/\/jorntrahus.se\/wp-content\/uploads\/2025\/03\/Fritidshus-Jackvik-Tomter-Jaggeluokta-Real-Estate-Jorntrahus-Skylt-1-1x1-webb-900x900.jpg 900w, https:\/\/jorntrahus.se\/wp-content\/uploads\/2025\/03\/Fritidshus-Jackvik-Tomter-Jaggeluokta-Real-Estate-Jorntrahus-Skylt-1-1x1-webb-1600x1600.jpg 1600w, https:\/\/jorntrahus.se\/wp-content\/uploads\/2025\/03\/Fritidshus-Jackvik-Tomter-Jaggeluokta-Real-Estate-Jorntrahus-Skylt-1-1x1-webb-300x300.jpg 300w, https:\/\/jorntrahus.se\/wp-content\/uploads\/2025\/03\/Fritidshus-Jackvik-Tomter-Jaggeluokta-Real-Estate-Jorntrahus-Skylt-1-1x1-webb-768x768.jpg 768w, https:\/\/jorntrahus.se\/wp-content\/uploads\/2025\/03\/Fritidshus-Jackvik-Tomter-Jaggeluokta-Real-Estate-Jorntrahus-Skylt-1-1x1-webb-1536x1536.jpg 1536w, https:\/\/jorntrahus.se\/wp-content\/uploads\/2025\/03\/Fritidshus-Jackvik-Tomter-Jaggeluokta-Real-Estate-Jorntrahus-Skylt-1-1x1-webb-100x100.jpg 100w, https:\/\/jorntrahus.se\/wp-content\/uploads\/2025\/03\/Fritidshus-Jackvik-Tomter-Jaggeluokta-Real-Estate-Jorntrahus-Skylt-1-1x1-webb.jpg 1800w\" sizes=\"auto, (max-width: 900px) 100vw, 900px\" \/>\t\t\t\t\t\t\n\t\t\t\t\t<\/div>\n\t\t\t\t\t\t<\/a>\t\t\n<style>\n#image_1862250450 {\n  width: 100%;\n}\n<\/style>\n\t<\/div>\n\t\n<\/div><\/div>\n<div class=\"col grid-col small-12 large-4 grid-col-1-2\" ><div class=\"col-inner\">\n\t<div class=\"img has-hover x md-x lg-x y md-y lg-y\" id=\"image_737661617\">\n\t\t<a class=\"image-lightbox lightbox-gallery\" title=\"\" href=\"https:\/\/jorntrahus.se\/wp-content\/uploads\/2025\/03\/Fritidshus-Jackvik-Tomter-Jaggeluokta-Real-Estate-Jorntrahus-Natur-Fjallen-Vy-2-1x1-webb.jpg\">\t\t\t\t\t\t<div class=\"img-inner dark\" >\n\t\t\t<img loading=\"lazy\" decoding=\"async\" width=\"900\" height=\"900\" src=\"https:\/\/jorntrahus.se\/wp-content\/uploads\/2025\/03\/Fritidshus-Jackvik-Tomter-Jaggeluokta-Real-Estate-Jorntrahus-Natur-Fjallen-Vy-2-1x1-webb-900x900.jpg\" class=\"attachment-medium size-medium\" alt=\"Fritidsboliger Jackvik Tomter Jaggeluokta Eiendom Jorntrahus Nature Fjallen Vy 2 1x1 web\" srcset=\"https:\/\/jorntrahus.se\/wp-content\/uploads\/2025\/03\/Fritidshus-Jackvik-Tomter-Jaggeluokta-Real-Estate-Jorntrahus-Natur-Fjallen-Vy-2-1x1-webb-900x900.jpg 900w, https:\/\/jorntrahus.se\/wp-content\/uploads\/2025\/03\/Fritidshus-Jackvik-Tomter-Jaggeluokta-Real-Estate-Jorntrahus-Natur-Fjallen-Vy-2-1x1-webb-1600x1600.jpg 1600w, https:\/\/jorntrahus.se\/wp-content\/uploads\/2025\/03\/Fritidshus-Jackvik-Tomter-Jaggeluokta-Real-Estate-Jorntrahus-Natur-Fjallen-Vy-2-1x1-webb-300x300.jpg 300w, https:\/\/jorntrahus.se\/wp-content\/uploads\/2025\/03\/Fritidshus-Jackvik-Tomter-Jaggeluokta-Real-Estate-Jorntrahus-Natur-Fjallen-Vy-2-1x1-webb-768x768.jpg 768w, https:\/\/jorntrahus.se\/wp-content\/uploads\/2025\/03\/Fritidshus-Jackvik-Tomter-Jaggeluokta-Real-Estate-Jorntrahus-Natur-Fjallen-Vy-2-1x1-webb-1536x1536.jpg 1536w, https:\/\/jorntrahus.se\/wp-content\/uploads\/2025\/03\/Fritidshus-Jackvik-Tomter-Jaggeluokta-Real-Estate-Jorntrahus-Natur-Fjallen-Vy-2-1x1-webb-100x100.jpg 100w, https:\/\/jorntrahus.se\/wp-content\/uploads\/2025\/03\/Fritidshus-Jackvik-Tomter-Jaggeluokta-Real-Estate-Jorntrahus-Natur-Fjallen-Vy-2-1x1-webb.jpg 2000w\" sizes=\"auto, (max-width: 900px) 100vw, 900px\" \/>\t\t\t\t\t\t\n\t\t\t\t\t<\/div>\n\t\t\t\t\t\t<\/a>\t\t\n<style>\n#image_737661617 {\n  width: 100%;\n}\n<\/style>\n\t<\/div>\n\t\n<\/div><\/div>\n            <\/div>\n    <style>\n    #banner-grid-1341874402 .grid-col-1{height: 600px}\n    #banner-grid-1341874402 .grid-col-1-2{height: 300px}\n    #banner-grid-1341874402 .grid-col-1-3{height:200px}\n    #banner-grid-1341874402 .grid-col-2-3{height: 400px}\n    #banner-grid-1341874402 .grid-col-1-4{height: 150px}\n    #banner-grid-1341874402 .grid-col-3-4{height: 450px}\n\n\n    \n    \n\n  <\/style>\n    <\/div>\n  \n\t<div id=\"gap-1398068604\" class=\"gap-element clearfix\" style=\"display:block; height:auto;\">\n\t\t\n<style>\n#gap-1398068604 {\n  padding-top: 30px;\n}\n<\/style>\n\t<\/div>\n\t\n<div class=\"row row-collapse align-center\"  id=\"row-771790203\">\n\n\t<div id=\"col-379642081\" class=\"col medium-8 small-12 large-8\"  >\n\t\t\t\t<div class=\"col-inner text-center\"  >\n\t\t\t\n\t\t\t\n\t<div id=\"text-2909126354\" class=\"text\">\n\t\t\n<h2 style=\"text-align: center;\">\"Diskuter en b\u00e6rekraftig feriehusl\u00f8sning basert p\u00e5 dine ideer og dr\u00f8mmer.\"<\/h2>\n\t\t\n<style>\n#text-2909126354 {\n  text-align: center;\n}\n<\/style>\n\t<\/div>\n\t\n\t\t<\/div>\n\t\t\t\t\n<style>\n#col-379642081 > .col-inner {\n  padding: 20px 0px 20px 0px;\n}\n@media (min-width:550px) {\n  #col-379642081 > .col-inner {\n    padding: 20px 50px 20px 50px;\n  }\n}\n@media (min-width:850px) {\n  #col-379642081 > .col-inner {\n    padding: 20px 100px 20px 100px;\n  }\n}\n<\/style>\n\t<\/div>\n\n\t\n<\/div>\n<p>Vi har tidligere samarbeidet med Berggren Bygg p\u00e5 Island der de har satt opp en rekke J\u00f6rntr\u00e4hus i ekstreme milj\u00f8er - du kan lese mer om det i tidligere innlegg <strong><a href=\"https:\/\/jorntrahus.se\/nb\/nyhet\/strycksele-tomannsbolig-bygget-i-ekstreme-omgivelser\/\">her p\u00e5 nettstedet v\u00e5rt<\/a><\/strong>.<\/p>\n<p>Ta gjerne kontakt med v\u00e5re boligeksperter nedenfor for mer informasjon om dette samarbeidet, og se deg gjerne rundt p\u00e5 nettstedet v\u00e5rt for \u00e5 <strong><a href=\"https:\/\/jorntrahus.se\/nb\/varer-hus-fritidsboliger-villaer-uthus\/\">f\u00e5 inspirasjon til hvilket feriehus som passer for deg<\/a><\/strong>. Sammen med v\u00e5re samarbeidspartnere tilbyr vi deg en b\u00e6rekraftig feriehusl\u00f8sning basert p\u00e5 dine ideer og dr\u00f8mmer - i et fantastisk fjellmilj\u00f8.<\/p>\n\t<div id=\"gap-1444878886\" class=\"gap-element clearfix\" style=\"display:block; height:auto;\">\n\t\t\n<style>\n#gap-1444878886 {\n  padding-top: 30px;\n}\n<\/style>\n\t<\/div>\n\t\n<div class=\"row align-center\"  id=\"row-695149998\">\n\n\t<div id=\"col-1073731378\" class=\"col medium-4 small-12 large-4\"  >\n\t\t\t\t<div class=\"col-inner\"  >\n\t\t\t\n\t\t\t\n\t<div class=\"img has-hover x md-x lg-x y md-y lg-y\" id=\"image_1968290486\">\n\t\t\t\t\t\t\t\t<div class=\"img-inner image-cover dark\" style=\"padding-top:100%;\">\n\t\t\t<img loading=\"lazy\" decoding=\"async\" width=\"300\" height=\"400\" src=\"https:\/\/jorntrahus.se\/wp-content\/uploads\/2021\/10\/JTH_Gunnar.jpg\" class=\"attachment-large size-large\" alt=\"JTH Gunnar\" \/>\t\t\t\t\t\t\n\t\t\t\t\t<\/div>\n\t\t\t\t\t\t\t\t\n<style>\n#image_1968290486 {\n  width: 100%;\n}\n<\/style>\n\t<\/div>\n\t\n<h3>Gunnar \u00d6lund<\/h3>\n<p><a href=\"tel:0046101307891\">+46 10-130 78 91<\/a><br \/>\n<a href=\"mailto:gunnar.olund@jorntrahus.se\">gunnar.olund@jorntrahus.se<\/a><\/p>\n\t\t<\/div>\n\t\t\t\t\t<\/div>\n\n\t\n\n\t<div id=\"col-866780814\" class=\"col medium-4 small-12 large-4\"  >\n\t\t\t\t<div class=\"col-inner\"  >\n\t\t\t\n\t\t\t\n\t<div class=\"img has-hover x md-x lg-x y md-y lg-y\" id=\"image_68901980\">\n\t\t\t\t\t\t\t\t<div class=\"img-inner image-cover dark\" style=\"padding-top:100%;\">\n\t\t\t<img loading=\"lazy\" decoding=\"async\" width=\"300\" height=\"400\" src=\"https:\/\/jorntrahus.se\/wp-content\/uploads\/2021\/10\/Oklart1_Efternamn_Jorntrahus.jpg\" class=\"attachment-large size-large\" alt=\"Johnny Lindblom\" \/>\t\t\t\t\t\t\n\t\t\t\t\t<\/div>\n\t\t\t\t\t\t\t\t\n<style>\n#image_68901980 {\n  width: 100%;\n}\n<\/style>\n\t<\/div>\n\t\n<h4>Johnny Lindblom<\/h4>\n<p><a href=\"tel:0046101307885\">+46 10-130 78 85<\/a><br \/>\n<a href=\"mailto:johnny.lindblom@jorntrahus.se\">johnny.lindblom@jorntrahus.se<\/a><\/p>\n\t\t<\/div>\n\t\t\t\t\t<\/div>\n\n\t\n<\/div>\n  <div class=\"banner-grid-wrapper\">\n  <div id=\"banner-grid-403849693\" class=\"banner-grid row row-grid row-small\" data-packery-options=\"\">\n                      \n<div class=\"col grid-col large-8 grid-col-1\" ><div class=\"col-inner\">\n\t<div class=\"img has-hover x md-x lg-x y md-y lg-y\" id=\"image_1679613953\">\n\t\t<a class=\"image-lightbox lightbox-gallery\" title=\"\" href=\"https:\/\/jorntrahus.se\/wp-content\/uploads\/2025\/03\/Fritidshus-Ja\u0308ckvik-Tomter-Ja\u0308ggeluokta-Real-Estate-Jo\u0308rntra\u0308hus-2-zoom-1x1-webb.jpg\">\t\t\t\t\t\t<div class=\"img-inner dark\" >\n\t\t\t<img loading=\"lazy\" decoding=\"async\" width=\"1020\" height=\"1020\" src=\"https:\/\/jorntrahus.se\/wp-content\/uploads\/2025\/03\/Fritidshus-Ja\u0308ckvik-Tomter-Ja\u0308ggeluokta-Real-Estate-Jo\u0308rntra\u0308hus-2-zoom-1x1-webb-1600x1600.jpg\" class=\"attachment-large size-large\" alt=\"Feriebolig J\u00e4ckvik Tomter J\u00e4ggeluokta Real Estate J\u00f6rntr\u00e4hus 2 zoom 1x1 web\" srcset=\"https:\/\/jorntrahus.se\/wp-content\/uploads\/2025\/03\/Fritidshus-Ja\u0308ckvik-Tomter-Ja\u0308ggeluokta-Real-Estate-Jo\u0308rntra\u0308hus-2-zoom-1x1-webb-1600x1600.jpg 1600w, https:\/\/jorntrahus.se\/wp-content\/uploads\/2025\/03\/Fritidshus-Ja\u0308ckvik-Tomter-Ja\u0308ggeluokta-Real-Estate-Jo\u0308rntra\u0308hus-2-zoom-1x1-webb-900x900.jpg 900w, https:\/\/jorntrahus.se\/wp-content\/uploads\/2025\/03\/Fritidshus-Ja\u0308ckvik-Tomter-Ja\u0308ggeluokta-Real-Estate-Jo\u0308rntra\u0308hus-2-zoom-1x1-webb-300x300.jpg 300w, https:\/\/jorntrahus.se\/wp-content\/uploads\/2025\/03\/Fritidshus-Ja\u0308ckvik-Tomter-Ja\u0308ggeluokta-Real-Estate-Jo\u0308rntra\u0308hus-2-zoom-1x1-webb-768x768.jpg 768w, https:\/\/jorntrahus.se\/wp-content\/uploads\/2025\/03\/Fritidshus-Ja\u0308ckvik-Tomter-Ja\u0308ggeluokta-Real-Estate-Jo\u0308rntra\u0308hus-2-zoom-1x1-webb-1536x1536.jpg 1536w, https:\/\/jorntrahus.se\/wp-content\/uploads\/2025\/03\/Fritidshus-Ja\u0308ckvik-Tomter-Ja\u0308ggeluokta-Real-Estate-Jo\u0308rntra\u0308hus-2-zoom-1x1-webb-100x100.jpg 100w, https:\/\/jorntrahus.se\/wp-content\/uploads\/2025\/03\/Fritidshus-Ja\u0308ckvik-Tomter-Ja\u0308ggeluokta-Real-Estate-Jo\u0308rntra\u0308hus-2-zoom-1x1-webb.jpg 1800w\" sizes=\"auto, (max-width: 1020px) 100vw, 1020px\" \/>\t\t\t\t\t\t\n\t\t\t\t\t<\/div>\n\t\t\t\t\t\t<\/a>\t\t\n<style>\n#image_1679613953 {\n  width: 100%;\n}\n<\/style>\n\t<\/div>\n\t\n<\/div><\/div>\n<div class=\"col grid-col large-4 grid-col-1-2\" ><div class=\"col-inner\">\n\t<div class=\"img has-hover x md-x lg-x y md-y lg-y\" id=\"image_575506176\">\n\t\t<a class=\"image-lightbox lightbox-gallery\" title=\"\" href=\"https:\/\/jorntrahus.se\/wp-content\/uploads\/2025\/02\/Burvik-120-med-dubbla-loft-Fritidshus-Villa-Permanentboende-Byggsats-Hus-fran-Jorntrahus-3x2-webb.jpg\">\t\t\t\t\t\t<div class=\"img-inner dark\" >\n\t\t\t<img loading=\"lazy\" decoding=\"async\" width=\"900\" height=\"600\" src=\"https:\/\/jorntrahus.se\/wp-content\/uploads\/2025\/02\/Burvik-120-med-dubbla-loft-Fritidshus-Villa-Permanentboende-Byggsats-Hus-fran-Jorntrahus-3x2-webb-900x600.jpg\" class=\"attachment-medium size-medium\" alt=\"Burvik 120 med dobbeltloft Feriebolig Villa Permanentbolig Byggesett Hus fra Jorntrahus 3x2 web\" srcset=\"https:\/\/jorntrahus.se\/wp-content\/uploads\/2025\/02\/Burvik-120-med-dubbla-loft-Fritidshus-Villa-Permanentboende-Byggsats-Hus-fran-Jorntrahus-3x2-webb-900x600.jpg 900w, https:\/\/jorntrahus.se\/wp-content\/uploads\/2025\/02\/Burvik-120-med-dubbla-loft-Fritidshus-Villa-Permanentboende-Byggsats-Hus-fran-Jorntrahus-3x2-webb-1600x1067.jpg 1600w, https:\/\/jorntrahus.se\/wp-content\/uploads\/2025\/02\/Burvik-120-med-dubbla-loft-Fritidshus-Villa-Permanentboende-Byggsats-Hus-fran-Jorntrahus-3x2-webb-768x512.jpg 768w, https:\/\/jorntrahus.se\/wp-content\/uploads\/2025\/02\/Burvik-120-med-dubbla-loft-Fritidshus-Villa-Permanentboende-Byggsats-Hus-fran-Jorntrahus-3x2-webb-1536x1024.jpg 1536w, https:\/\/jorntrahus.se\/wp-content\/uploads\/2025\/02\/Burvik-120-med-dubbla-loft-Fritidshus-Villa-Permanentboende-Byggsats-Hus-fran-Jorntrahus-3x2-webb-2048x1365.jpg 2048w, https:\/\/jorntrahus.se\/wp-content\/uploads\/2025\/02\/Burvik-120-med-dubbla-loft-Fritidshus-Villa-Permanentboende-Byggsats-Hus-fran-Jorntrahus-3x2-webb-600x400.jpg 600w\" sizes=\"auto, (max-width: 900px) 100vw, 900px\" \/>\t\t\t\t\t\t\n\t\t\t\t\t<\/div>\n\t\t\t\t\t\t<\/a>\t\t\n<style>\n#image_575506176 {\n  width: 100%;\n}\n<\/style>\n\t<\/div>\n\t\n<\/div><\/div>\n<div class=\"col grid-col large-4 grid-col-1-2\" ><div class=\"col-inner\">\n\t<div class=\"img has-hover x md-x lg-x y md-y lg-y\" id=\"image_510021916\">\n\t\t<a class=\"image-lightbox lightbox-gallery\" title=\"\" href=\"https:\/\/jorntrahus.se\/wp-content\/uploads\/2021\/01\/Kagedalen-99-loft-Fritidshus-Vinter-Ladhus-Byggsats-Hus-fran-Jorntrahus-scaled-1.jpg\">\t\t\t\t\t\t<div class=\"img-inner dark\" >\n\t\t\t<img loading=\"lazy\" decoding=\"async\" width=\"600\" height=\"400\" src=\"https:\/\/jorntrahus.se\/wp-content\/uploads\/2021\/01\/Kagedalen-99-loft-Fritidshus-Vinter-Ladhus-Byggsats-Hus-fran-Jorntrahus-scaled-1-600x400.jpg\" class=\"attachment-medium size-medium\" alt=\"Kagedalen 99 loft Feriebolig Vinterladhus Byggesett Hus fra Jorntrahus skalert 1\" srcset=\"https:\/\/jorntrahus.se\/wp-content\/uploads\/2021\/01\/Kagedalen-99-loft-Fritidshus-Vinter-Ladhus-Byggsats-Hus-fran-Jorntrahus-scaled-1-600x400.jpg 600w, https:\/\/jorntrahus.se\/wp-content\/uploads\/2021\/01\/Kagedalen-99-loft-Fritidshus-Vinter-Ladhus-Byggsats-Hus-fran-Jorntrahus-scaled-1-1200x800.jpg 1200w, https:\/\/jorntrahus.se\/wp-content\/uploads\/2021\/01\/Kagedalen-99-loft-Fritidshus-Vinter-Ladhus-Byggsats-Hus-fran-Jorntrahus-scaled-1-768x512.jpg 768w, https:\/\/jorntrahus.se\/wp-content\/uploads\/2021\/01\/Kagedalen-99-loft-Fritidshus-Vinter-Ladhus-Byggsats-Hus-fran-Jorntrahus-scaled-1-1536x1024.jpg 1536w, https:\/\/jorntrahus.se\/wp-content\/uploads\/2021\/01\/Kagedalen-99-loft-Fritidshus-Vinter-Ladhus-Byggsats-Hus-fran-Jorntrahus-scaled-1-2048x1365.jpg 2048w, https:\/\/jorntrahus.se\/wp-content\/uploads\/2021\/01\/Kagedalen-99-loft-Fritidshus-Vinter-Ladhus-Byggsats-Hus-fran-Jorntrahus-scaled-1-900x600.jpg 900w\" sizes=\"auto, (max-width: 600px) 100vw, 600px\" \/>\t\t\t\t\t\t\n\t\t\t\t\t<\/div>\n\t\t\t\t\t\t<\/a>\t\t\n<style>\n#image_510021916 {\n  width: 100%;\n}\n<\/style>\n\t<\/div>\n\t\n<\/div><\/div>\n            <\/div>\n    <style>\n    #banner-grid-403849693 .grid-col-1{height: 600px}\n    #banner-grid-403849693 .grid-col-1-2{height: 300px}\n    #banner-grid-403849693 .grid-col-1-3{height:200px}\n    #banner-grid-403849693 .grid-col-2-3{height: 400px}\n    #banner-grid-403849693 .grid-col-1-4{height: 150px}\n    #banner-grid-403849693 .grid-col-3-4{height: 450px}\n\n\n    \n    \n\n  <\/style>\n    <\/div>\n  \n\t\t<\/div>\n\t\t\t\t\t<\/div>\n\n\t\n<\/div>\n\t<div id=\"gap-155574394\" class=\"gap-element clearfix\" style=\"display:block; height:auto;\">\n\t\t\n<style>\n#gap-155574394 {\n  padding-top: 30px;\n}\n<\/style>\n\t<\/div>\n\t\n<div class=\"row\"  id=\"row-106655893\">\n\n\t<div id=\"col-908008353\" class=\"col large-12\"  >\n\t\t\t\t<div class=\"col-inner\"  >\n\t\t\t\n\t\t\t\n<div class=\"row\"  id=\"row-940633362\">\n\n\t<div id=\"col-2110425490\" class=\"col medium-6 small-12 large-6\"  >\n\t\t\t\t<div class=\"col-inner\"  >\n\t\t\t\n\t\t\t\n<a href=\"\/nb\/bestall-huskatalog\/\" class=\"button primary is-outline expand\" >\n\t\t<span>Bestill v\u00e5r huskatalog<\/span>\n\t<\/a>\n\n\t\t<\/div>\n\t\t\t\t\t<\/div>\n\n\t\n\n\t<div id=\"col-1289588612\" class=\"col medium-6 small-12 large-6\"  >\n\t\t\t\t<div class=\"col-inner\"  >\n\t\t\t\n\t\t\t\n<a href=\"\/nb\/inspirasjon\/\" class=\"button primary is-outline expand\" >\n\t\t<span>Mer inspirasjon<\/span>\n\t<\/a>\n\n\t\t<\/div>\n\t\t\t\t\t<\/div>\n\n\t\n<\/div>\n\t\t<\/div>\n\t\t\t\t\t<\/div>\n\n\t\n<\/div>\n<h2 style=\"text-align: center;\">Vennligst f\u00f8lg<\/h2>\n<h4 style=\"text-align: center;\">J\u00e4ggeluokta Real Estate og Berggren Bygg p\u00e5 Instagram.<\/h4>\n\t<div id=\"gap-757401706\" class=\"gap-element clearfix\" style=\"display:block; height:auto;\">\n\t\t\n<style>\n#gap-757401706 {\n  padding-top: 15px;\n}\n<\/style>\n\t<\/div>\n\t\n<div class=\"row\"  id=\"row-1413353572\">\n\n\t<div id=\"col-1896411580\" class=\"col large-12\"  >\n\t\t\t\t<div class=\"col-inner\"  >\n\t\t\t\n\t\t\t\n<div class=\"row\"  id=\"row-1024139482\">\n\n\t<div id=\"col-655383930\" class=\"col medium-6 small-12 large-6\"  >\n\t\t\t\t<div class=\"col-inner\"  >\n\t\t\t\n\t\t\t\n\t<div id=\"text-564742220\" class=\"text\">\n\t\t\n<h3><span style=\"font-size: 110%;\"><a href=\"https:\/\/www.instagram.com\/jackvik_e_bast\/\" target=\"_blank\" rel=\"noopener\">@jackvik_e_bast<\/a><\/span><\/h3>\n\t\t\n<style>\n#text-564742220 {\n  text-align: center;\n}\n<\/style>\n\t<\/div>\n\t\n\t\t<\/div>\n\t\t\t\t\t<\/div>\n\n\t\n\n\t<div id=\"col-1422724173\" class=\"col medium-6 small-12 large-6\"  >\n\t\t\t\t<div class=\"col-inner\"  >\n\t\t\t\n\t\t\t\n\t<div id=\"text-3994001089\" class=\"text\">\n\t\t\n<h3><span style=\"font-size: 110%;\"><a href=\"https:\/\/www.instagram.com\/berggren_bygg_i_norr_ab\/\" target=\"_blank\" rel=\"noopener\">@berggren_bygg_i_norr_ab<\/a><\/span><\/h3>\n\t\t\n<style>\n#text-3994001089 {\n  text-align: center;\n}\n<\/style>\n\t<\/div>\n\t\n\t\t<\/div>\n\t\t\t\t\t<\/div>\n\n\t\n<\/div>\n\t\t<\/div>\n\t\t\t\t\t<\/div>\n\n\t\n<\/div>","protected":false},"excerpt":{"rendered":"<p>Intresserad av naturupplevelse, friluftsliv och de stora vidderna i Norrl\u00e4ndska fj\u00e4llv\u00e4rlden men saknar en utg\u00e5ngspunkt f\u00f6r era \u00e4ventyr?<\/p>","protected":false},"author":2,"featured_media":14886,"comment_status":"closed","ping_status":"closed","sticky":false,"template":"","format":"standard","meta":{"footnotes":""},"categories":[6],"tags":[24,1098,1526,1110,1203],"class_list":["post-14872","post","type-post","status-publish","format-standard","has-post-thumbnail","hentry","category-nyhet","tag-fritidshus","tag-husbyggsats","tag-jackvik","tag-samarbete","tag-tomter"],"yoast_head":"<!-- This site is optimized with the Yoast SEO plugin v27.2 - https:\/\/yoast.com\/product\/yoast-seo-wordpress\/ -->\n<title>J\u00f6rntr\u00e4hus i fantastisk fj\u00e4llmilj\u00f6 - J\u00f6rntr\u00e4hus<\/title>\n<meta name=\"description\" content=\"Fritidshus i fantastisk fj\u00e4llmilj\u00f6. Intresserad av naturupplevelse, friluftsliv &amp; de stora vidderna i fj\u00e4llv\u00e4rlden? J\u00f6rntr\u00e4hus i J\u00e4ckvik!\" \/>\n<meta name=\"robots\" content=\"index, follow, max-snippet:-1, max-image-preview:large, max-video-preview:-1\" \/>\n<link rel=\"canonical\" href=\"https:\/\/jorntrahus.se\/nb\/nyhet\/jorntra-hus-i-fantastiske-fjellomgivelser\/\" \/>\n<meta property=\"og:locale\" content=\"nb_NO\" \/>\n<meta property=\"og:type\" content=\"article\" \/>\n<meta property=\"og:title\" content=\"J\u00f6rntr\u00e4hus i fantastisk fj\u00e4llmilj\u00f6 - J\u00f6rntr\u00e4hus\" \/>\n<meta property=\"og:description\" content=\"Fritidshus i fantastisk fj\u00e4llmilj\u00f6. Intresserad av naturupplevelse, friluftsliv &amp; de stora vidderna i fj\u00e4llv\u00e4rlden? J\u00f6rntr\u00e4hus i J\u00e4ckvik!\" \/>\n<meta property=\"og:url\" content=\"https:\/\/jorntrahus.se\/nb\/nyhet\/jorntra-hus-i-fantastiske-fjellomgivelser\/\" \/>\n<meta property=\"og:site_name\" content=\"J\u00f6rntr\u00e4hus\" \/>\n<meta property=\"article:published_time\" content=\"2025-03-14T10:54:16+00:00\" \/>\n<meta property=\"article:modified_time\" content=\"2025-03-16T14:48:31+00:00\" \/>\n<meta property=\"og:image\" content=\"https:\/\/jorntrahus.se\/wp-content\/uploads\/2025\/03\/Fritidshus-fran-Jorntrahus-i-Jackvik-tomter-i-naturskon-fjallmiljo-webb.jpg\" \/>\n\t<meta property=\"og:image:width\" content=\"2400\" \/>\n\t<meta property=\"og:image:height\" content=\"1600\" \/>\n\t<meta property=\"og:image:type\" content=\"image\/jpeg\" \/>\n<meta name=\"author\" content=\"J\u00f6rntr\u00e4hus\" \/>\n<meta name=\"twitter:card\" content=\"summary_large_image\" \/>\n<meta name=\"twitter:label1\" content=\"Skrevet av\" \/>\n\t<meta name=\"twitter:data1\" content=\"J\u00f6rntr\u00e4hus\" \/>\n\t<meta name=\"twitter:label2\" content=\"Ansl. lesetid\" \/>\n\t<meta name=\"twitter:data2\" content=\"3 minutter\" \/>\n<script type=\"application\/ld+json\" class=\"yoast-schema-graph\">{\"@context\":\"https:\/\/schema.org\",\"@graph\":[{\"@type\":\"Article\",\"@id\":\"https:\/\/jorntrahus.se\/nyhet\/jorntrahus-i-fantastisk-fjallmiljo\/#article\",\"isPartOf\":{\"@id\":\"https:\/\/jorntrahus.se\/nyhet\/jorntrahus-i-fantastisk-fjallmiljo\/\"},\"author\":{\"name\":\"J\u00f6rntr\u00e4hus\",\"@id\":\"https:\/\/jorntrahus.se\/#\/schema\/person\/1d486a26d13d4df455271c2f02f5ef5c\"},\"headline\":\"J\u00f6rntr\u00e4hus i fantastisk fj\u00e4llmilj\u00f6\",\"datePublished\":\"2025-03-14T10:54:16+00:00\",\"dateModified\":\"2025-03-16T14:48:31+00:00\",\"mainEntityOfPage\":{\"@id\":\"https:\/\/jorntrahus.se\/nyhet\/jorntrahus-i-fantastisk-fjallmiljo\/\"},\"wordCount\":803,\"publisher\":{\"@id\":\"https:\/\/jorntrahus.se\/#organization\"},\"image\":{\"@id\":\"https:\/\/jorntrahus.se\/nyhet\/jorntrahus-i-fantastisk-fjallmiljo\/#primaryimage\"},\"thumbnailUrl\":\"https:\/\/jorntrahus.se\/wp-content\/uploads\/2025\/03\/Fritidshus-fran-Jorntrahus-i-Jackvik-tomter-i-naturskon-fjallmiljo-webb.jpg\",\"keywords\":[\"Fritidshus\",\"husbyggsats\",\"J\u00e4ckvik\",\"samarbete\",\"tomter\"],\"articleSection\":[\"Nyhet\"],\"inLanguage\":\"nb-NO\"},{\"@type\":\"WebPage\",\"@id\":\"https:\/\/jorntrahus.se\/nyhet\/jorntrahus-i-fantastisk-fjallmiljo\/\",\"url\":\"https:\/\/jorntrahus.se\/nyhet\/jorntrahus-i-fantastisk-fjallmiljo\/\",\"name\":\"J\u00f6rntr\u00e4hus i fantastisk fj\u00e4llmilj\u00f6 - J\u00f6rntr\u00e4hus\",\"isPartOf\":{\"@id\":\"https:\/\/jorntrahus.se\/#website\"},\"primaryImageOfPage\":{\"@id\":\"https:\/\/jorntrahus.se\/nyhet\/jorntrahus-i-fantastisk-fjallmiljo\/#primaryimage\"},\"image\":{\"@id\":\"https:\/\/jorntrahus.se\/nyhet\/jorntrahus-i-fantastisk-fjallmiljo\/#primaryimage\"},\"thumbnailUrl\":\"https:\/\/jorntrahus.se\/wp-content\/uploads\/2025\/03\/Fritidshus-fran-Jorntrahus-i-Jackvik-tomter-i-naturskon-fjallmiljo-webb.jpg\",\"datePublished\":\"2025-03-14T10:54:16+00:00\",\"dateModified\":\"2025-03-16T14:48:31+00:00\",\"description\":\"Fritidshus i fantastisk fj\u00e4llmilj\u00f6. Intresserad av naturupplevelse, friluftsliv & de stora vidderna i fj\u00e4llv\u00e4rlden? J\u00f6rntr\u00e4hus i J\u00e4ckvik!\",\"breadcrumb\":{\"@id\":\"https:\/\/jorntrahus.se\/nyhet\/jorntrahus-i-fantastisk-fjallmiljo\/#breadcrumb\"},\"inLanguage\":\"nb-NO\",\"potentialAction\":[{\"@type\":\"ReadAction\",\"target\":[\"https:\/\/jorntrahus.se\/nyhet\/jorntrahus-i-fantastisk-fjallmiljo\/\"]}]},{\"@type\":\"ImageObject\",\"inLanguage\":\"nb-NO\",\"@id\":\"https:\/\/jorntrahus.se\/nyhet\/jorntrahus-i-fantastisk-fjallmiljo\/#primaryimage\",\"url\":\"https:\/\/jorntrahus.se\/wp-content\/uploads\/2025\/03\/Fritidshus-fran-Jorntrahus-i-Jackvik-tomter-i-naturskon-fjallmiljo-webb.jpg\",\"contentUrl\":\"https:\/\/jorntrahus.se\/wp-content\/uploads\/2025\/03\/Fritidshus-fran-Jorntrahus-i-Jackvik-tomter-i-naturskon-fjallmiljo-webb.jpg\",\"width\":2400,\"height\":1600,\"caption\":\"Fritidshus fran Jorntrahus i Jackvik tomter i naturskon fjallmiljo webb\"},{\"@type\":\"BreadcrumbList\",\"@id\":\"https:\/\/jorntrahus.se\/nyhet\/jorntrahus-i-fantastisk-fjallmiljo\/#breadcrumb\",\"itemListElement\":[{\"@type\":\"ListItem\",\"position\":1,\"name\":\"Hem\",\"item\":\"https:\/\/jorntrahus.se\/\"},{\"@type\":\"ListItem\",\"position\":2,\"name\":\"J\u00f6rntr\u00e4hus i fantastisk fj\u00e4llmilj\u00f6\"}]},{\"@type\":\"WebSite\",\"@id\":\"https:\/\/jorntrahus.se\/#website\",\"url\":\"https:\/\/jorntrahus.se\/\",\"name\":\"J\u00f6rntr\u00e4hus\",\"description\":\"Hus f\u00f6r den medvetne\",\"publisher\":{\"@id\":\"https:\/\/jorntrahus.se\/#organization\"},\"potentialAction\":[{\"@type\":\"SearchAction\",\"target\":{\"@type\":\"EntryPoint\",\"urlTemplate\":\"https:\/\/jorntrahus.se\/?s={search_term_string}\"},\"query-input\":{\"@type\":\"PropertyValueSpecification\",\"valueRequired\":true,\"valueName\":\"search_term_string\"}}],\"inLanguage\":\"nb-NO\"},{\"@type\":\"Organization\",\"@id\":\"https:\/\/jorntrahus.se\/#organization\",\"name\":\"J\u00f6rntr\u00e4hus\",\"url\":\"https:\/\/jorntrahus.se\/\",\"logo\":{\"@type\":\"ImageObject\",\"inLanguage\":\"nb-NO\",\"@id\":\"https:\/\/jorntrahus.se\/#\/schema\/logo\/image\/\",\"url\":\"https:\/\/jorntrahus.se\/wp-content\/uploads\/2020\/09\/Jorntrahus_Grund_CMYK.eps\",\"contentUrl\":\"https:\/\/jorntrahus.se\/wp-content\/uploads\/2020\/09\/Jorntrahus_Grund_CMYK.eps\",\"width\":1,\"height\":1,\"caption\":\"J\u00f6rntr\u00e4hus\"},\"image\":{\"@id\":\"https:\/\/jorntrahus.se\/#\/schema\/logo\/image\/\"}},{\"@type\":\"Person\",\"@id\":\"https:\/\/jorntrahus.se\/#\/schema\/person\/1d486a26d13d4df455271c2f02f5ef5c\",\"name\":\"J\u00f6rntr\u00e4hus\",\"image\":{\"@type\":\"ImageObject\",\"inLanguage\":\"nb-NO\",\"@id\":\"https:\/\/secure.gravatar.com\/avatar\/e9b8fcf3c4d64603cd3ec2eb8588179dabe6c74041e8c2a09d7ca9e0900a4ad3?s=96&d=mm&r=g\",\"url\":\"https:\/\/secure.gravatar.com\/avatar\/e9b8fcf3c4d64603cd3ec2eb8588179dabe6c74041e8c2a09d7ca9e0900a4ad3?s=96&d=mm&r=g\",\"contentUrl\":\"https:\/\/secure.gravatar.com\/avatar\/e9b8fcf3c4d64603cd3ec2eb8588179dabe6c74041e8c2a09d7ca9e0900a4ad3?s=96&d=mm&r=g\",\"caption\":\"J\u00f6rntr\u00e4hus\"},\"sameAs\":[\"https:\/\/jorntrahus.se\"],\"url\":\"https:\/\/jorntrahus.se\/nb\/author\/jorntrahus\/\"}]}<\/script>\n<!-- \/ Yoast SEO plugin. -->","yoast_head_json":{"title":"J\u00f6rntr\u00e4hus i et fantastisk fjellmilj\u00f8 - J\u00f6rntr\u00e4hus","description":"Feriebolig i fantastisk fjellmilj\u00f8. Interessert i naturopplevelse, friluftsliv og fjellverdenens store vidder? J\u00f6rntr\u00e4hus i J\u00e4ckvik!","robots":{"index":"index","follow":"follow","max-snippet":"max-snippet:-1","max-image-preview":"max-image-preview:large","max-video-preview":"max-video-preview:-1"},"canonical":"https:\/\/jorntrahus.se\/nb\/nyhet\/jorntra-hus-i-fantastiske-fjellomgivelser\/","og_locale":"nb_NO","og_type":"article","og_title":"J\u00f6rntr\u00e4hus i fantastisk fj\u00e4llmilj\u00f6 - J\u00f6rntr\u00e4hus","og_description":"Fritidshus i fantastisk fj\u00e4llmilj\u00f6. Intresserad av naturupplevelse, friluftsliv & de stora vidderna i fj\u00e4llv\u00e4rlden? J\u00f6rntr\u00e4hus i J\u00e4ckvik!","og_url":"https:\/\/jorntrahus.se\/nb\/nyhet\/jorntra-hus-i-fantastiske-fjellomgivelser\/","og_site_name":"J\u00f6rntr\u00e4hus","article_published_time":"2025-03-14T10:54:16+00:00","article_modified_time":"2025-03-16T14:48:31+00:00","og_image":[{"width":2400,"height":1600,"url":"https:\/\/jorntrahus.se\/wp-content\/uploads\/2025\/03\/Fritidshus-fran-Jorntrahus-i-Jackvik-tomter-i-naturskon-fjallmiljo-webb.jpg","type":"image\/jpeg"}],"author":"J\u00f6rntr\u00e4hus","twitter_card":"summary_large_image","twitter_misc":{"Skrevet av":"J\u00f6rntr\u00e4hus","Ansl. lesetid":"3 minutter"},"schema":{"@context":"https:\/\/schema.org","@graph":[{"@type":"Article","@id":"https:\/\/jorntrahus.se\/nyhet\/jorntrahus-i-fantastisk-fjallmiljo\/#article","isPartOf":{"@id":"https:\/\/jorntrahus.se\/nyhet\/jorntrahus-i-fantastisk-fjallmiljo\/"},"author":{"name":"J\u00f6rntr\u00e4hus","@id":"https:\/\/jorntrahus.se\/#\/schema\/person\/1d486a26d13d4df455271c2f02f5ef5c"},"headline":"J\u00f6rntr\u00e4hus i fantastisk fj\u00e4llmilj\u00f6","datePublished":"2025-03-14T10:54:16+00:00","dateModified":"2025-03-16T14:48:31+00:00","mainEntityOfPage":{"@id":"https:\/\/jorntrahus.se\/nyhet\/jorntrahus-i-fantastisk-fjallmiljo\/"},"wordCount":803,"publisher":{"@id":"https:\/\/jorntrahus.se\/#organization"},"image":{"@id":"https:\/\/jorntrahus.se\/nyhet\/jorntrahus-i-fantastisk-fjallmiljo\/#primaryimage"},"thumbnailUrl":"https:\/\/jorntrahus.se\/wp-content\/uploads\/2025\/03\/Fritidshus-fran-Jorntrahus-i-Jackvik-tomter-i-naturskon-fjallmiljo-webb.jpg","keywords":["Fritidshus","husbyggsats","J\u00e4ckvik","samarbete","tomter"],"articleSection":["Nyhet"],"inLanguage":"nb-NO"},{"@type":"WebPage","@id":"https:\/\/jorntrahus.se\/nyhet\/jorntrahus-i-fantastisk-fjallmiljo\/","url":"https:\/\/jorntrahus.se\/nyhet\/jorntrahus-i-fantastisk-fjallmiljo\/","name":"J\u00f6rntr\u00e4hus i et fantastisk fjellmilj\u00f8 - J\u00f6rntr\u00e4hus","isPartOf":{"@id":"https:\/\/jorntrahus.se\/#website"},"primaryImageOfPage":{"@id":"https:\/\/jorntrahus.se\/nyhet\/jorntrahus-i-fantastisk-fjallmiljo\/#primaryimage"},"image":{"@id":"https:\/\/jorntrahus.se\/nyhet\/jorntrahus-i-fantastisk-fjallmiljo\/#primaryimage"},"thumbnailUrl":"https:\/\/jorntrahus.se\/wp-content\/uploads\/2025\/03\/Fritidshus-fran-Jorntrahus-i-Jackvik-tomter-i-naturskon-fjallmiljo-webb.jpg","datePublished":"2025-03-14T10:54:16+00:00","dateModified":"2025-03-16T14:48:31+00:00","description":"Feriebolig i fantastisk fjellmilj\u00f8. Interessert i naturopplevelse, friluftsliv og fjellverdenens store vidder? J\u00f6rntr\u00e4hus i J\u00e4ckvik!","breadcrumb":{"@id":"https:\/\/jorntrahus.se\/nyhet\/jorntrahus-i-fantastisk-fjallmiljo\/#breadcrumb"},"inLanguage":"nb-NO","potentialAction":[{"@type":"ReadAction","target":["https:\/\/jorntrahus.se\/nyhet\/jorntrahus-i-fantastisk-fjallmiljo\/"]}]},{"@type":"ImageObject","inLanguage":"nb-NO","@id":"https:\/\/jorntrahus.se\/nyhet\/jorntrahus-i-fantastisk-fjallmiljo\/#primaryimage","url":"https:\/\/jorntrahus.se\/wp-content\/uploads\/2025\/03\/Fritidshus-fran-Jorntrahus-i-Jackvik-tomter-i-naturskon-fjallmiljo-webb.jpg","contentUrl":"https:\/\/jorntrahus.se\/wp-content\/uploads\/2025\/03\/Fritidshus-fran-Jorntrahus-i-Jackvik-tomter-i-naturskon-fjallmiljo-webb.jpg","width":2400,"height":1600,"caption":"Fritidshus fran Jorntrahus i Jackvik tomter i naturskon fjallmiljo webb"},{"@type":"BreadcrumbList","@id":"https:\/\/jorntrahus.se\/nyhet\/jorntrahus-i-fantastisk-fjallmiljo\/#breadcrumb","itemListElement":[{"@type":"ListItem","position":1,"name":"Hem","item":"https:\/\/jorntrahus.se\/"},{"@type":"ListItem","position":2,"name":"J\u00f6rntr\u00e4hus i fantastisk fj\u00e4llmilj\u00f6"}]},{"@type":"WebSite","@id":"https:\/\/jorntrahus.se\/#website","url":"https:\/\/jorntrahus.se\/","name":"J\u00f6rntr\u00e4hus","description":"Hus for de bevisste","publisher":{"@id":"https:\/\/jorntrahus.se\/#organization"},"potentialAction":[{"@type":"SearchAction","target":{"@type":"EntryPoint","urlTemplate":"https:\/\/jorntrahus.se\/?s={search_term_string}"},"query-input":{"@type":"PropertyValueSpecification","valueRequired":true,"valueName":"search_term_string"}}],"inLanguage":"nb-NO"},{"@type":"Organization","@id":"https:\/\/jorntrahus.se\/#organization","name":"J\u00f6rntr\u00e4hus","url":"https:\/\/jorntrahus.se\/","logo":{"@type":"ImageObject","inLanguage":"nb-NO","@id":"https:\/\/jorntrahus.se\/#\/schema\/logo\/image\/","url":"https:\/\/jorntrahus.se\/wp-content\/uploads\/2020\/09\/Jorntrahus_Grund_CMYK.eps","contentUrl":"https:\/\/jorntrahus.se\/wp-content\/uploads\/2020\/09\/Jorntrahus_Grund_CMYK.eps","width":1,"height":1,"caption":"J\u00f6rntr\u00e4hus"},"image":{"@id":"https:\/\/jorntrahus.se\/#\/schema\/logo\/image\/"}},{"@type":"Person","@id":"https:\/\/jorntrahus.se\/#\/schema\/person\/1d486a26d13d4df455271c2f02f5ef5c","name":"J\u00f6rntr\u00e4hus","image":{"@type":"ImageObject","inLanguage":"nb-NO","@id":"https:\/\/secure.gravatar.com\/avatar\/e9b8fcf3c4d64603cd3ec2eb8588179dabe6c74041e8c2a09d7ca9e0900a4ad3?s=96&d=mm&r=g","url":"https:\/\/secure.gravatar.com\/avatar\/e9b8fcf3c4d64603cd3ec2eb8588179dabe6c74041e8c2a09d7ca9e0900a4ad3?s=96&d=mm&r=g","contentUrl":"https:\/\/secure.gravatar.com\/avatar\/e9b8fcf3c4d64603cd3ec2eb8588179dabe6c74041e8c2a09d7ca9e0900a4ad3?s=96&d=mm&r=g","caption":"J\u00f6rntr\u00e4hus"},"sameAs":["https:\/\/jorntrahus.se"],"url":"https:\/\/jorntrahus.se\/nb\/author\/jorntrahus\/"}]}},"publishpress_future_action":{"enabled":false,"date":"2026-05-07 21:07:52","action":"change-status","newStatus":"draft","terms":[],"taxonomy":"category","extraData":[]},"publishpress_future_workflow_manual_trigger":{"enabledWorkflows":[]},"_links":{"self":[{"href":"https:\/\/jorntrahus.se\/nb\/wp-json\/wp\/v2\/posts\/14872","targetHints":{"allow":["GET"]}}],"collection":[{"href":"https:\/\/jorntrahus.se\/nb\/wp-json\/wp\/v2\/posts"}],"about":[{"href":"https:\/\/jorntrahus.se\/nb\/wp-json\/wp\/v2\/types\/post"}],"author":[{"embeddable":true,"href":"https:\/\/jorntrahus.se\/nb\/wp-json\/wp\/v2\/users\/2"}],"replies":[{"embeddable":true,"href":"https:\/\/jorntrahus.se\/nb\/wp-json\/wp\/v2\/comments?post=14872"}],"version-history":[{"count":11,"href":"https:\/\/jorntrahus.se\/nb\/wp-json\/wp\/v2\/posts\/14872\/revisions"}],"predecessor-version":[{"id":14891,"href":"https:\/\/jorntrahus.se\/nb\/wp-json\/wp\/v2\/posts\/14872\/revisions\/14891"}],"wp:featuredmedia":[{"embeddable":true,"href":"https:\/\/jorntrahus.se\/nb\/wp-json\/wp\/v2\/media\/14886"}],"wp:attachment":[{"href":"https:\/\/jorntrahus.se\/nb\/wp-json\/wp\/v2\/media?parent=14872"}],"wp:term":[{"taxonomy":"category","embeddable":true,"href":"https:\/\/jorntrahus.se\/nb\/wp-json\/wp\/v2\/categories?post=14872"},{"taxonomy":"post_tag","embeddable":true,"href":"https:\/\/jorntrahus.se\/nb\/wp-json\/wp\/v2\/tags?post=14872"}],"curies":[{"name":"wp","href":"https:\/\/api.w.org\/{rel}","templated":true}]}}