{"id":15135,"date":"2025-11-14T15:35:41","date_gmt":"2025-11-14T14:35:41","guid":{"rendered":"https:\/\/jorntrahus.se\/?p=15135"},"modified":"2025-11-16T14:23:15","modified_gmt":"2025-11-16T13:23:15","slug":"trahus-lundbacka-139-na-lanserer-vi-en-enda-mer-utvidet-versjon","status":"publish","type":"post","link":"https:\/\/jorntrahus.se\/nb\/nyhet\/trahus-lundbacka-139-nu-slapper-vi-en-annu-mer-tilltagen-version\/","title":{"rendered":"Trehus Lundbacka 139 - n\u00e5 lanserer vi en enda st\u00f8rre versjon"},"content":{"rendered":"<div class=\"row\"  id=\"row-2090186567\">\n\n\t<div id=\"col-1988286444\" class=\"col small-12 large-12\"  >\n\t\t\t\t<div class=\"col-inner\"  >\n\t\t\t\n\t\t\t\n<h6 class=\"uppercase\">HUS NYHETER - LUNDBACKA 139<\/h6>\n<h3>V\u00e5r popul\u00e6re husserie har n\u00e5 f\u00e5tt et stort s\u00f8sken - Lundbacka 139 har landet i v\u00e5rt sortiment av b\u00e6rekraftige trehus! Huset kommer i et romsligere format med smart planlagte oppholdsrom, som passer b\u00e5de i boligomr\u00e5det og som fritidsbolig ved sj\u00f8en eller p\u00e5 fjellet.<\/h3>\n<p>Med Lundbacka 139 f\u00e5r du flere soverom, doble toaletter og en luftig, \u00e5pen planl\u00f8sning der kj\u00f8kken og stue blir hjemmets selvsagte midtpunkt. Rikelig med lys fra flere retninger skaper et hjem som f\u00f8les \u00e5pent, innbydende og fullt av energi - perfekt for den voksende familien eller deg som \u00f8nsker ekstra fleksibilitet i hverdagen.<\/p>\n<p>Som alle husene v\u00e5re er Lundbacka 139 et b\u00e6rekraftig trehus som bygges med n\u00f8ye utvalgte materialer fra Norrland og leveres som et fleksibelt byggesett med h\u00f8y presisjon. Dette gir deg en trygg og effektiv byggeprosess, der hvert element er gjennomtenkt for \u00e5 skape et energieffektivt og langsiktig hjem som kan tilpasses din tomt, livsstil og fremtidige behov.<\/p>\n<p><strong>Pssst!<\/strong> Hvis du vil ta en 360-tur, samt lese reportasjen om lilles\u00f8steren Lundbacka 94 og hvordan v\u00e5re husvenner har tilpasset den til sitt eget unike feriehus - se <a href=\"https:\/\/jorntrahus.se\/nb\/inspirasjon\/familien-bjuhrs-drommehus-trer-inn-i-feriehuset-lundbacka\/\" target=\"_blank\" rel=\"noopener\"><strong>s\u00e5 klikk her \u00bb<\/strong><\/a><\/p>\n  <div class=\"banner-grid-wrapper\">\n  <div id=\"banner-grid-499451457\" class=\"banner-grid row row-grid row-small\" data-packery-options=\"\">\n                      \n<div class=\"col grid-col large-12 grid-col-1\" ><div class=\"col-inner\">\n\t<div class=\"img has-hover x md-x lg-x y md-y lg-y\" id=\"image_1655005125\">\n\t\t<a class=\"image-lightbox lightbox-gallery\" title=\"\" href=\"https:\/\/jorntrahus.se\/wp-content\/uploads\/2025\/11\/Lundbacka-139-Fritidshus-Villa-Permanentboende-Byggsats-Hus-fran-Jorntrahus-interior-1-webb-1600x1200.jpg\">\t\t\t\t\t\t<div class=\"img-inner dark\" >\n\t\t\t<img loading=\"lazy\" decoding=\"async\" width=\"1020\" height=\"765\" src=\"https:\/\/jorntrahus.se\/wp-content\/uploads\/2025\/11\/Lundbacka-139-Fritidshus-Villa-Permanentboende-Byggsats-Hus-fran-Jorntrahus-interior-1-webb-1600x1200.jpg\" class=\"attachment-large size-large\" alt=\"Lundbacka 139 Feriebolig Villa Permanentbolig Byggesett Hus fra Jorntrahus interior 1 web\" srcset=\"https:\/\/jorntrahus.se\/wp-content\/uploads\/2025\/11\/Lundbacka-139-Fritidshus-Villa-Permanentboende-Byggsats-Hus-fran-Jorntrahus-interior-1-webb-1600x1200.jpg 1600w, https:\/\/jorntrahus.se\/wp-content\/uploads\/2025\/11\/Lundbacka-139-Fritidshus-Villa-Permanentboende-Byggsats-Hus-fran-Jorntrahus-interior-1-webb-900x675.jpg 900w, https:\/\/jorntrahus.se\/wp-content\/uploads\/2025\/11\/Lundbacka-139-Fritidshus-Villa-Permanentboende-Byggsats-Hus-fran-Jorntrahus-interior-1-webb-768x576.jpg 768w, https:\/\/jorntrahus.se\/wp-content\/uploads\/2025\/11\/Lundbacka-139-Fritidshus-Villa-Permanentboende-Byggsats-Hus-fran-Jorntrahus-interior-1-webb-1536x1152.jpg 1536w, https:\/\/jorntrahus.se\/wp-content\/uploads\/2025\/11\/Lundbacka-139-Fritidshus-Villa-Permanentboende-Byggsats-Hus-fran-Jorntrahus-interior-1-webb-2048x1536.jpg 2048w, https:\/\/jorntrahus.se\/wp-content\/uploads\/2025\/11\/Lundbacka-139-Fritidshus-Villa-Permanentboende-Byggsats-Hus-fran-Jorntrahus-interior-1-webb-16x12.jpg 16w\" sizes=\"auto, (max-width: 1020px) 100vw, 1020px\" \/>\t\t\t\t\t\t\n\t\t\t\t\t<\/div>\n\t\t\t\t\t\t<\/a>\t\t\n<style>\n#image_1655005125 {\n  width: 100%;\n}\n<\/style>\n\t<\/div>\n\t\n<\/div><\/div>\n<div class=\"col grid-col large-6 grid-col-1\" ><div class=\"col-inner\">\n\t<div class=\"img has-hover x md-x lg-x y md-y lg-y\" id=\"image_620957804\">\n\t\t<a class=\"image-lightbox lightbox-gallery\" title=\"\" href=\"https:\/\/jorntrahus.se\/wp-content\/uploads\/2025\/11\/Lundbacka-139-Fritidshus-Villa-Permanentboende-Byggsats-Hus-fran-Jorntrahus-interior-3-webb-1600x1200.jpg\">\t\t\t\t\t\t<div class=\"img-inner dark\" >\n\t\t\t<img loading=\"lazy\" decoding=\"async\" width=\"1020\" height=\"765\" src=\"https:\/\/jorntrahus.se\/wp-content\/uploads\/2025\/11\/Lundbacka-139-Fritidshus-Villa-Permanentboende-Byggsats-Hus-fran-Jorntrahus-interior-3-webb-1600x1200.jpg\" class=\"attachment-large size-large\" alt=\"Lundbacka 139 Feriebolig Villa Permanentbolig Byggesett Hus fra Jorntrahus interior 3 web\" srcset=\"https:\/\/jorntrahus.se\/wp-content\/uploads\/2025\/11\/Lundbacka-139-Fritidshus-Villa-Permanentboende-Byggsats-Hus-fran-Jorntrahus-interior-3-webb-1600x1200.jpg 1600w, https:\/\/jorntrahus.se\/wp-content\/uploads\/2025\/11\/Lundbacka-139-Fritidshus-Villa-Permanentboende-Byggsats-Hus-fran-Jorntrahus-interior-3-webb-900x675.jpg 900w, https:\/\/jorntrahus.se\/wp-content\/uploads\/2025\/11\/Lundbacka-139-Fritidshus-Villa-Permanentboende-Byggsats-Hus-fran-Jorntrahus-interior-3-webb-768x576.jpg 768w, https:\/\/jorntrahus.se\/wp-content\/uploads\/2025\/11\/Lundbacka-139-Fritidshus-Villa-Permanentboende-Byggsats-Hus-fran-Jorntrahus-interior-3-webb-1536x1152.jpg 1536w, https:\/\/jorntrahus.se\/wp-content\/uploads\/2025\/11\/Lundbacka-139-Fritidshus-Villa-Permanentboende-Byggsats-Hus-fran-Jorntrahus-interior-3-webb-2048x1536.jpg 2048w, https:\/\/jorntrahus.se\/wp-content\/uploads\/2025\/11\/Lundbacka-139-Fritidshus-Villa-Permanentboende-Byggsats-Hus-fran-Jorntrahus-interior-3-webb-16x12.jpg 16w\" sizes=\"auto, (max-width: 1020px) 100vw, 1020px\" \/>\t\t\t\t\t\t\n\t\t\t\t\t<\/div>\n\t\t\t\t\t\t<\/a>\t\t\n<style>\n#image_620957804 {\n  width: 100%;\n}\n<\/style>\n\t<\/div>\n\t\n<\/div><\/div>\n<div class=\"col grid-col large-6 grid-col-1\" ><div class=\"col-inner\">\n\t<div class=\"img has-hover x md-x lg-x y md-y lg-y\" id=\"image_113496036\">\n\t\t<a class=\"image-lightbox lightbox-gallery\" title=\"\" href=\"https:\/\/jorntrahus.se\/wp-content\/uploads\/2025\/11\/Lundbacka-139-Planritning-1-1x1-1-1600x1600.jpg\">\t\t\t\t\t\t<div class=\"img-inner dark\" >\n\t\t\t<img loading=\"lazy\" decoding=\"async\" width=\"1020\" height=\"1020\" src=\"https:\/\/jorntrahus.se\/wp-content\/uploads\/2025\/11\/Lundbacka-139-Planritning-1-1x1-1-1600x1600.jpg\" class=\"attachment-large size-large\" alt=\"Feriebolig Planl\u00f8sning Villa Hus Trehus Lundbacka 139\" srcset=\"https:\/\/jorntrahus.se\/wp-content\/uploads\/2025\/11\/Lundbacka-139-Planritning-1-1x1-1-1600x1600.jpg 1600w, https:\/\/jorntrahus.se\/wp-content\/uploads\/2025\/11\/Lundbacka-139-Planritning-1-1x1-1-900x900.jpg 900w, https:\/\/jorntrahus.se\/wp-content\/uploads\/2025\/11\/Lundbacka-139-Planritning-1-1x1-1-300x300.jpg 300w, https:\/\/jorntrahus.se\/wp-content\/uploads\/2025\/11\/Lundbacka-139-Planritning-1-1x1-1-768x768.jpg 768w, https:\/\/jorntrahus.se\/wp-content\/uploads\/2025\/11\/Lundbacka-139-Planritning-1-1x1-1-1536x1536.jpg 1536w, https:\/\/jorntrahus.se\/wp-content\/uploads\/2025\/11\/Lundbacka-139-Planritning-1-1x1-1-2048x2048.jpg 2048w, https:\/\/jorntrahus.se\/wp-content\/uploads\/2025\/11\/Lundbacka-139-Planritning-1-1x1-1-12x12.jpg 12w, https:\/\/jorntrahus.se\/wp-content\/uploads\/2025\/11\/Lundbacka-139-Planritning-1-1x1-1-100x100.jpg 100w\" sizes=\"auto, (max-width: 1020px) 100vw, 1020px\" \/>\t\t\t\t\t\t\n\t\t\t\t\t<\/div>\n\t\t\t\t\t\t<\/a>\t\t\n<style>\n#image_113496036 {\n  width: 100%;\n}\n<\/style>\n\t<\/div>\n\t\n<\/div><\/div>\n            <\/div>\n    <style>\n    #banner-grid-499451457 .grid-col-1{height: 600px}\n    #banner-grid-499451457 .grid-col-1-2{height: 300px}\n    #banner-grid-499451457 .grid-col-1-3{height:200px}\n    #banner-grid-499451457 .grid-col-2-3{height: 400px}\n    #banner-grid-499451457 .grid-col-1-4{height: 150px}\n    #banner-grid-499451457 .grid-col-3-4{height: 450px}\n\n\n    \n    \n\n  <\/style>\n    <\/div>\n  \n\t<div id=\"gap-266820867\" class=\"gap-element clearfix\" style=\"display:block; height:auto;\">\n\t\t\n<style>\n#gap-266820867 {\n  padding-top: 30px;\n}\n<\/style>\n\t<\/div>\n\t\n<div class=\"row\"  id=\"row-2052702219\">\n\n\t<div id=\"col-978069413\" class=\"col small-12 large-12\"  >\n\t\t\t\t<div class=\"col-inner text-center\"  >\n\t\t\t\n\t\t\t\n<a href=\"\/nb\/husmodell\/lundbacka-139\/\" class=\"button primary is-outline is-larger\" >\n\t\t<span>Mer om Lundbacka<\/span>\n\t<\/a>\n\n<a href=\"\/nb\/kontakt-oss\/\" class=\"button primary is-outline is-larger\" >\n\t\t<span>Kontakt oss p\u00e5<\/span>\n\t<\/a>\n\n\t\t<\/div>\n\t\t\t\t\t<\/div>\n\n\t\n<\/div>\n<div class=\"row align-middle align-center\"  id=\"row-2077612079\">\n\n\t<div id=\"col-1849369276\" class=\"col medium-8 small-12 large-8\"  >\n\t\t\t\t<div class=\"col-inner\"  >\n\t\t\t\n\t\t\t\n\t<div id=\"gap-35576618\" class=\"gap-element clearfix\" style=\"display:block; height:auto;\">\n\t\t\n<style>\n#gap-35576618 {\n  padding-top: 30px;\n}\n<\/style>\n\t<\/div>\n\t\n<p style=\"text-align: center;\"><span style=\"font-size: 140%;\"><em>Med et b\u00e6rekraftig hussett fra J\u00f6rntr\u00e4hus f\u00e5r du mer enn bare vegger og tak - du f\u00e5r et hjem som er bygget for \u00e5 oppleves, elskes og leves i - \u00e5r etter \u00e5r.<\/em><\/span><\/p>\n\t\t<\/div>\n\t\t\t\t\t<\/div>\n\n\t\n<\/div>\n\t\t<\/div>\n\t\t\t\t\t<\/div>\n\n\t\n<\/div>","protected":false},"excerpt":{"rendered":"<p>V\u00e5r popul\u00e6re husserie har n\u00e5 f\u00e5tt et stort s\u00f8sken - Lundbacka 139 har kommet inn i v\u00e5rt sortiment av b\u00e6rekraftige trehus!<\/p>","protected":false},"author":2,"featured_media":15121,"comment_status":"closed","ping_status":"closed","sticky":false,"template":"","format":"standard","meta":{"footnotes":""},"categories":[6],"tags":[],"class_list":["post-15135","post","type-post","status-publish","format-standard","has-post-thumbnail","hentry","category-nyhet"],"yoast_head":"<!-- This site is optimized with the Yoast SEO plugin v27.2 - https:\/\/yoast.com\/product\/yoast-seo-wordpress\/ -->\n<title>Tr\u00e4hus Lundbacka 139 \u2013 nu sl\u00e4pper vi en \u00e4nnu mer tilltagen version - J\u00f6rntr\u00e4hus<\/title>\n<meta name=\"description\" content=\"Nyhet bygga fritidshus eller villa \u2013 nu f\u00e5r v\u00e5r popul\u00e4ra husserie ett storasyskon \u2013 Lundbacka 139 har landat i v\u00e5rt utbud av h\u00e5llbara tr\u00e4hus!\" \/>\n<meta name=\"robots\" content=\"index, follow, max-snippet:-1, max-image-preview:large, max-video-preview:-1\" \/>\n<link rel=\"canonical\" href=\"https:\/\/jorntrahus.se\/nb\/nyhet\/trahus-lundbacka-139-na-lanserer-vi-en-enda-mer-utvidet-versjon\/\" \/>\n<meta property=\"og:locale\" content=\"nb_NO\" \/>\n<meta property=\"og:type\" content=\"article\" \/>\n<meta property=\"og:title\" content=\"Tr\u00e4hus Lundbacka 139 \u2013 nu sl\u00e4pper vi en \u00e4nnu mer tilltagen version - J\u00f6rntr\u00e4hus\" \/>\n<meta property=\"og:description\" content=\"Nyhet bygga fritidshus eller villa \u2013 nu f\u00e5r v\u00e5r popul\u00e4ra husserie ett storasyskon \u2013 Lundbacka 139 har landat i v\u00e5rt utbud av h\u00e5llbara tr\u00e4hus!\" \/>\n<meta property=\"og:url\" content=\"https:\/\/jorntrahus.se\/nb\/nyhet\/trahus-lundbacka-139-na-lanserer-vi-en-enda-mer-utvidet-versjon\/\" \/>\n<meta property=\"og:site_name\" content=\"J\u00f6rntr\u00e4hus\" \/>\n<meta property=\"article:published_time\" content=\"2025-11-14T14:35:41+00:00\" \/>\n<meta property=\"article:modified_time\" content=\"2025-11-16T13:23:15+00:00\" \/>\n<meta property=\"og:image\" content=\"https:\/\/jorntrahus.se\/wp-content\/uploads\/2025\/11\/Lundbacka-139-Fritidshus-Villa-Permanentboende-Byggsats-Hus-fran-Jorntrahus-exterior-1-webb.jpg\" \/>\n\t<meta property=\"og:image:width\" content=\"3000\" \/>\n\t<meta property=\"og:image:height\" content=\"2000\" \/>\n\t<meta property=\"og:image:type\" content=\"image\/jpeg\" \/>\n<meta name=\"author\" content=\"J\u00f6rntr\u00e4hus\" \/>\n<meta name=\"twitter:card\" content=\"summary_large_image\" \/>\n<meta name=\"twitter:label1\" content=\"Skrevet av\" \/>\n\t<meta name=\"twitter:data1\" content=\"J\u00f6rntr\u00e4hus\" \/>\n\t<meta name=\"twitter:label2\" content=\"Ansl. lesetid\" \/>\n\t<meta name=\"twitter:data2\" content=\"2 minutter\" \/>\n<script type=\"application\/ld+json\" class=\"yoast-schema-graph\">{\"@context\":\"https:\/\/schema.org\",\"@graph\":[{\"@type\":\"Article\",\"@id\":\"https:\/\/jorntrahus.se\/nyhet\/trahus-lundbacka-139-nu-slapper-vi-en-annu-mer-tilltagen-version\/#article\",\"isPartOf\":{\"@id\":\"https:\/\/jorntrahus.se\/nyhet\/trahus-lundbacka-139-nu-slapper-vi-en-annu-mer-tilltagen-version\/\"},\"author\":{\"name\":\"J\u00f6rntr\u00e4hus\",\"@id\":\"https:\/\/jorntrahus.se\/#\/schema\/person\/1d486a26d13d4df455271c2f02f5ef5c\"},\"headline\":\"Tr\u00e4hus Lundbacka 139 \u2013 nu sl\u00e4pper vi en \u00e4nnu mer tilltagen version\",\"datePublished\":\"2025-11-14T14:35:41+00:00\",\"dateModified\":\"2025-11-16T13:23:15+00:00\",\"mainEntityOfPage\":{\"@id\":\"https:\/\/jorntrahus.se\/nyhet\/trahus-lundbacka-139-nu-slapper-vi-en-annu-mer-tilltagen-version\/\"},\"wordCount\":353,\"publisher\":{\"@id\":\"https:\/\/jorntrahus.se\/#organization\"},\"image\":{\"@id\":\"https:\/\/jorntrahus.se\/nyhet\/trahus-lundbacka-139-nu-slapper-vi-en-annu-mer-tilltagen-version\/#primaryimage\"},\"thumbnailUrl\":\"https:\/\/jorntrahus.se\/wp-content\/uploads\/2025\/11\/Lundbacka-139-Fritidshus-Villa-Permanentboende-Byggsats-Hus-fran-Jorntrahus-exterior-1-webb.jpg\",\"articleSection\":[\"Nyhet\"],\"inLanguage\":\"nb-NO\"},{\"@type\":\"WebPage\",\"@id\":\"https:\/\/jorntrahus.se\/nyhet\/trahus-lundbacka-139-nu-slapper-vi-en-annu-mer-tilltagen-version\/\",\"url\":\"https:\/\/jorntrahus.se\/nyhet\/trahus-lundbacka-139-nu-slapper-vi-en-annu-mer-tilltagen-version\/\",\"name\":\"Tr\u00e4hus Lundbacka 139 \u2013 nu sl\u00e4pper vi en \u00e4nnu mer tilltagen version - J\u00f6rntr\u00e4hus\",\"isPartOf\":{\"@id\":\"https:\/\/jorntrahus.se\/#website\"},\"primaryImageOfPage\":{\"@id\":\"https:\/\/jorntrahus.se\/nyhet\/trahus-lundbacka-139-nu-slapper-vi-en-annu-mer-tilltagen-version\/#primaryimage\"},\"image\":{\"@id\":\"https:\/\/jorntrahus.se\/nyhet\/trahus-lundbacka-139-nu-slapper-vi-en-annu-mer-tilltagen-version\/#primaryimage\"},\"thumbnailUrl\":\"https:\/\/jorntrahus.se\/wp-content\/uploads\/2025\/11\/Lundbacka-139-Fritidshus-Villa-Permanentboende-Byggsats-Hus-fran-Jorntrahus-exterior-1-webb.jpg\",\"datePublished\":\"2025-11-14T14:35:41+00:00\",\"dateModified\":\"2025-11-16T13:23:15+00:00\",\"description\":\"Nyhet bygga fritidshus eller villa \u2013 nu f\u00e5r v\u00e5r popul\u00e4ra husserie ett storasyskon \u2013 Lundbacka 139 har landat i v\u00e5rt utbud av h\u00e5llbara tr\u00e4hus!\",\"breadcrumb\":{\"@id\":\"https:\/\/jorntrahus.se\/nyhet\/trahus-lundbacka-139-nu-slapper-vi-en-annu-mer-tilltagen-version\/#breadcrumb\"},\"inLanguage\":\"nb-NO\",\"potentialAction\":[{\"@type\":\"ReadAction\",\"target\":[\"https:\/\/jorntrahus.se\/nyhet\/trahus-lundbacka-139-nu-slapper-vi-en-annu-mer-tilltagen-version\/\"]}]},{\"@type\":\"ImageObject\",\"inLanguage\":\"nb-NO\",\"@id\":\"https:\/\/jorntrahus.se\/nyhet\/trahus-lundbacka-139-nu-slapper-vi-en-annu-mer-tilltagen-version\/#primaryimage\",\"url\":\"https:\/\/jorntrahus.se\/wp-content\/uploads\/2025\/11\/Lundbacka-139-Fritidshus-Villa-Permanentboende-Byggsats-Hus-fran-Jorntrahus-exterior-1-webb.jpg\",\"contentUrl\":\"https:\/\/jorntrahus.se\/wp-content\/uploads\/2025\/11\/Lundbacka-139-Fritidshus-Villa-Permanentboende-Byggsats-Hus-fran-Jorntrahus-exterior-1-webb.jpg\",\"width\":3000,\"height\":2000,\"caption\":\"Lundbacka 139 Fritidshus Villa Permanentboende Byggsats Hus fran Jorntrahus exterior 1 webb\"},{\"@type\":\"BreadcrumbList\",\"@id\":\"https:\/\/jorntrahus.se\/nyhet\/trahus-lundbacka-139-nu-slapper-vi-en-annu-mer-tilltagen-version\/#breadcrumb\",\"itemListElement\":[{\"@type\":\"ListItem\",\"position\":1,\"name\":\"Hem\",\"item\":\"https:\/\/jorntrahus.se\/\"},{\"@type\":\"ListItem\",\"position\":2,\"name\":\"Tr\u00e4hus Lundbacka 139 \u2013 nu sl\u00e4pper vi en \u00e4nnu mer tilltagen version\"}]},{\"@type\":\"WebSite\",\"@id\":\"https:\/\/jorntrahus.se\/#website\",\"url\":\"https:\/\/jorntrahus.se\/\",\"name\":\"J\u00f6rntr\u00e4hus\",\"description\":\"Hus f\u00f6r den medvetne\",\"publisher\":{\"@id\":\"https:\/\/jorntrahus.se\/#organization\"},\"potentialAction\":[{\"@type\":\"SearchAction\",\"target\":{\"@type\":\"EntryPoint\",\"urlTemplate\":\"https:\/\/jorntrahus.se\/?s={search_term_string}\"},\"query-input\":{\"@type\":\"PropertyValueSpecification\",\"valueRequired\":true,\"valueName\":\"search_term_string\"}}],\"inLanguage\":\"nb-NO\"},{\"@type\":\"Organization\",\"@id\":\"https:\/\/jorntrahus.se\/#organization\",\"name\":\"J\u00f6rntr\u00e4hus\",\"url\":\"https:\/\/jorntrahus.se\/\",\"logo\":{\"@type\":\"ImageObject\",\"inLanguage\":\"nb-NO\",\"@id\":\"https:\/\/jorntrahus.se\/#\/schema\/logo\/image\/\",\"url\":\"https:\/\/jorntrahus.se\/wp-content\/uploads\/2020\/09\/Jorntrahus_Grund_CMYK.eps\",\"contentUrl\":\"https:\/\/jorntrahus.se\/wp-content\/uploads\/2020\/09\/Jorntrahus_Grund_CMYK.eps\",\"width\":1,\"height\":1,\"caption\":\"J\u00f6rntr\u00e4hus\"},\"image\":{\"@id\":\"https:\/\/jorntrahus.se\/#\/schema\/logo\/image\/\"}},{\"@type\":\"Person\",\"@id\":\"https:\/\/jorntrahus.se\/#\/schema\/person\/1d486a26d13d4df455271c2f02f5ef5c\",\"name\":\"J\u00f6rntr\u00e4hus\",\"image\":{\"@type\":\"ImageObject\",\"inLanguage\":\"nb-NO\",\"@id\":\"https:\/\/secure.gravatar.com\/avatar\/e9b8fcf3c4d64603cd3ec2eb8588179dabe6c74041e8c2a09d7ca9e0900a4ad3?s=96&d=mm&r=g\",\"url\":\"https:\/\/secure.gravatar.com\/avatar\/e9b8fcf3c4d64603cd3ec2eb8588179dabe6c74041e8c2a09d7ca9e0900a4ad3?s=96&d=mm&r=g\",\"contentUrl\":\"https:\/\/secure.gravatar.com\/avatar\/e9b8fcf3c4d64603cd3ec2eb8588179dabe6c74041e8c2a09d7ca9e0900a4ad3?s=96&d=mm&r=g\",\"caption\":\"J\u00f6rntr\u00e4hus\"},\"sameAs\":[\"https:\/\/jorntrahus.se\"],\"url\":\"https:\/\/jorntrahus.se\/nb\/author\/jorntrahus\/\"}]}<\/script>\n<!-- \/ Yoast SEO plugin. -->","yoast_head_json":{"title":"Trehus Lundbacka 139 - n\u00e5 lanserer vi en enda st\u00f8rre versjon - J\u00f6rntr\u00e4hus","description":"Nybygget fritidsbolig eller villa - n\u00e5 f\u00e5r v\u00e5r popul\u00e6re husserie et stort s\u00f8sken - Lundbacka 139 har landet i v\u00e5rt sortiment av b\u00e6rekraftige trehus!","robots":{"index":"index","follow":"follow","max-snippet":"max-snippet:-1","max-image-preview":"max-image-preview:large","max-video-preview":"max-video-preview:-1"},"canonical":"https:\/\/jorntrahus.se\/nb\/nyhet\/trahus-lundbacka-139-na-lanserer-vi-en-enda-mer-utvidet-versjon\/","og_locale":"nb_NO","og_type":"article","og_title":"Tr\u00e4hus Lundbacka 139 \u2013 nu sl\u00e4pper vi en \u00e4nnu mer tilltagen version - J\u00f6rntr\u00e4hus","og_description":"Nyhet bygga fritidshus eller villa \u2013 nu f\u00e5r v\u00e5r popul\u00e4ra husserie ett storasyskon \u2013 Lundbacka 139 har landat i v\u00e5rt utbud av h\u00e5llbara tr\u00e4hus!","og_url":"https:\/\/jorntrahus.se\/nb\/nyhet\/trahus-lundbacka-139-na-lanserer-vi-en-enda-mer-utvidet-versjon\/","og_site_name":"J\u00f6rntr\u00e4hus","article_published_time":"2025-11-14T14:35:41+00:00","article_modified_time":"2025-11-16T13:23:15+00:00","og_image":[{"width":3000,"height":2000,"url":"https:\/\/jorntrahus.se\/wp-content\/uploads\/2025\/11\/Lundbacka-139-Fritidshus-Villa-Permanentboende-Byggsats-Hus-fran-Jorntrahus-exterior-1-webb.jpg","type":"image\/jpeg"}],"author":"J\u00f6rntr\u00e4hus","twitter_card":"summary_large_image","twitter_misc":{"Skrevet av":"J\u00f6rntr\u00e4hus","Ansl. lesetid":"2 minutter"},"schema":{"@context":"https:\/\/schema.org","@graph":[{"@type":"Article","@id":"https:\/\/jorntrahus.se\/nyhet\/trahus-lundbacka-139-nu-slapper-vi-en-annu-mer-tilltagen-version\/#article","isPartOf":{"@id":"https:\/\/jorntrahus.se\/nyhet\/trahus-lundbacka-139-nu-slapper-vi-en-annu-mer-tilltagen-version\/"},"author":{"name":"J\u00f6rntr\u00e4hus","@id":"https:\/\/jorntrahus.se\/#\/schema\/person\/1d486a26d13d4df455271c2f02f5ef5c"},"headline":"Tr\u00e4hus Lundbacka 139 \u2013 nu sl\u00e4pper vi en \u00e4nnu mer tilltagen version","datePublished":"2025-11-14T14:35:41+00:00","dateModified":"2025-11-16T13:23:15+00:00","mainEntityOfPage":{"@id":"https:\/\/jorntrahus.se\/nyhet\/trahus-lundbacka-139-nu-slapper-vi-en-annu-mer-tilltagen-version\/"},"wordCount":353,"publisher":{"@id":"https:\/\/jorntrahus.se\/#organization"},"image":{"@id":"https:\/\/jorntrahus.se\/nyhet\/trahus-lundbacka-139-nu-slapper-vi-en-annu-mer-tilltagen-version\/#primaryimage"},"thumbnailUrl":"https:\/\/jorntrahus.se\/wp-content\/uploads\/2025\/11\/Lundbacka-139-Fritidshus-Villa-Permanentboende-Byggsats-Hus-fran-Jorntrahus-exterior-1-webb.jpg","articleSection":["Nyhet"],"inLanguage":"nb-NO"},{"@type":"WebPage","@id":"https:\/\/jorntrahus.se\/nyhet\/trahus-lundbacka-139-nu-slapper-vi-en-annu-mer-tilltagen-version\/","url":"https:\/\/jorntrahus.se\/nyhet\/trahus-lundbacka-139-nu-slapper-vi-en-annu-mer-tilltagen-version\/","name":"Trehus Lundbacka 139 - n\u00e5 lanserer vi en enda st\u00f8rre versjon - J\u00f6rntr\u00e4hus","isPartOf":{"@id":"https:\/\/jorntrahus.se\/#website"},"primaryImageOfPage":{"@id":"https:\/\/jorntrahus.se\/nyhet\/trahus-lundbacka-139-nu-slapper-vi-en-annu-mer-tilltagen-version\/#primaryimage"},"image":{"@id":"https:\/\/jorntrahus.se\/nyhet\/trahus-lundbacka-139-nu-slapper-vi-en-annu-mer-tilltagen-version\/#primaryimage"},"thumbnailUrl":"https:\/\/jorntrahus.se\/wp-content\/uploads\/2025\/11\/Lundbacka-139-Fritidshus-Villa-Permanentboende-Byggsats-Hus-fran-Jorntrahus-exterior-1-webb.jpg","datePublished":"2025-11-14T14:35:41+00:00","dateModified":"2025-11-16T13:23:15+00:00","description":"Nybygget fritidsbolig eller villa - n\u00e5 f\u00e5r v\u00e5r popul\u00e6re husserie et stort s\u00f8sken - Lundbacka 139 har landet i v\u00e5rt sortiment av b\u00e6rekraftige trehus!","breadcrumb":{"@id":"https:\/\/jorntrahus.se\/nyhet\/trahus-lundbacka-139-nu-slapper-vi-en-annu-mer-tilltagen-version\/#breadcrumb"},"inLanguage":"nb-NO","potentialAction":[{"@type":"ReadAction","target":["https:\/\/jorntrahus.se\/nyhet\/trahus-lundbacka-139-nu-slapper-vi-en-annu-mer-tilltagen-version\/"]}]},{"@type":"ImageObject","inLanguage":"nb-NO","@id":"https:\/\/jorntrahus.se\/nyhet\/trahus-lundbacka-139-nu-slapper-vi-en-annu-mer-tilltagen-version\/#primaryimage","url":"https:\/\/jorntrahus.se\/wp-content\/uploads\/2025\/11\/Lundbacka-139-Fritidshus-Villa-Permanentboende-Byggsats-Hus-fran-Jorntrahus-exterior-1-webb.jpg","contentUrl":"https:\/\/jorntrahus.se\/wp-content\/uploads\/2025\/11\/Lundbacka-139-Fritidshus-Villa-Permanentboende-Byggsats-Hus-fran-Jorntrahus-exterior-1-webb.jpg","width":3000,"height":2000,"caption":"Lundbacka 139 Fritidshus Villa Permanentboende Byggsats Hus fran Jorntrahus exterior 1 webb"},{"@type":"BreadcrumbList","@id":"https:\/\/jorntrahus.se\/nyhet\/trahus-lundbacka-139-nu-slapper-vi-en-annu-mer-tilltagen-version\/#breadcrumb","itemListElement":[{"@type":"ListItem","position":1,"name":"Hem","item":"https:\/\/jorntrahus.se\/"},{"@type":"ListItem","position":2,"name":"Tr\u00e4hus Lundbacka 139 \u2013 nu sl\u00e4pper vi en \u00e4nnu mer tilltagen version"}]},{"@type":"WebSite","@id":"https:\/\/jorntrahus.se\/#website","url":"https:\/\/jorntrahus.se\/","name":"J\u00f6rntr\u00e4hus","description":"Hus for de bevisste","publisher":{"@id":"https:\/\/jorntrahus.se\/#organization"},"potentialAction":[{"@type":"SearchAction","target":{"@type":"EntryPoint","urlTemplate":"https:\/\/jorntrahus.se\/?s={search_term_string}"},"query-input":{"@type":"PropertyValueSpecification","valueRequired":true,"valueName":"search_term_string"}}],"inLanguage":"nb-NO"},{"@type":"Organization","@id":"https:\/\/jorntrahus.se\/#organization","name":"J\u00f6rntr\u00e4hus","url":"https:\/\/jorntrahus.se\/","logo":{"@type":"ImageObject","inLanguage":"nb-NO","@id":"https:\/\/jorntrahus.se\/#\/schema\/logo\/image\/","url":"https:\/\/jorntrahus.se\/wp-content\/uploads\/2020\/09\/Jorntrahus_Grund_CMYK.eps","contentUrl":"https:\/\/jorntrahus.se\/wp-content\/uploads\/2020\/09\/Jorntrahus_Grund_CMYK.eps","width":1,"height":1,"caption":"J\u00f6rntr\u00e4hus"},"image":{"@id":"https:\/\/jorntrahus.se\/#\/schema\/logo\/image\/"}},{"@type":"Person","@id":"https:\/\/jorntrahus.se\/#\/schema\/person\/1d486a26d13d4df455271c2f02f5ef5c","name":"J\u00f6rntr\u00e4hus","image":{"@type":"ImageObject","inLanguage":"nb-NO","@id":"https:\/\/secure.gravatar.com\/avatar\/e9b8fcf3c4d64603cd3ec2eb8588179dabe6c74041e8c2a09d7ca9e0900a4ad3?s=96&d=mm&r=g","url":"https:\/\/secure.gravatar.com\/avatar\/e9b8fcf3c4d64603cd3ec2eb8588179dabe6c74041e8c2a09d7ca9e0900a4ad3?s=96&d=mm&r=g","contentUrl":"https:\/\/secure.gravatar.com\/avatar\/e9b8fcf3c4d64603cd3ec2eb8588179dabe6c74041e8c2a09d7ca9e0900a4ad3?s=96&d=mm&r=g","caption":"J\u00f6rntr\u00e4hus"},"sameAs":["https:\/\/jorntrahus.se"],"url":"https:\/\/jorntrahus.se\/nb\/author\/jorntrahus\/"}]}},"publishpress_future_action":{"enabled":false,"date":"2026-05-04 20:11:32","action":"change-status","newStatus":"draft","terms":[],"taxonomy":"category","extraData":[]},"publishpress_future_workflow_manual_trigger":{"enabledWorkflows":[]},"_links":{"self":[{"href":"https:\/\/jorntrahus.se\/nb\/wp-json\/wp\/v2\/posts\/15135","targetHints":{"allow":["GET"]}}],"collection":[{"href":"https:\/\/jorntrahus.se\/nb\/wp-json\/wp\/v2\/posts"}],"about":[{"href":"https:\/\/jorntrahus.se\/nb\/wp-json\/wp\/v2\/types\/post"}],"author":[{"embeddable":true,"href":"https:\/\/jorntrahus.se\/nb\/wp-json\/wp\/v2\/users\/2"}],"replies":[{"embeddable":true,"href":"https:\/\/jorntrahus.se\/nb\/wp-json\/wp\/v2\/comments?post=15135"}],"version-history":[{"count":6,"href":"https:\/\/jorntrahus.se\/nb\/wp-json\/wp\/v2\/posts\/15135\/revisions"}],"predecessor-version":[{"id":15143,"href":"https:\/\/jorntrahus.se\/nb\/wp-json\/wp\/v2\/posts\/15135\/revisions\/15143"}],"wp:featuredmedia":[{"embeddable":true,"href":"https:\/\/jorntrahus.se\/nb\/wp-json\/wp\/v2\/media\/15121"}],"wp:attachment":[{"href":"https:\/\/jorntrahus.se\/nb\/wp-json\/wp\/v2\/media?parent=15135"}],"wp:term":[{"taxonomy":"category","embeddable":true,"href":"https:\/\/jorntrahus.se\/nb\/wp-json\/wp\/v2\/categories?post=15135"},{"taxonomy":"post_tag","embeddable":true,"href":"https:\/\/jorntrahus.se\/nb\/wp-json\/wp\/v2\/tags?post=15135"}],"curies":[{"name":"wp","href":"https:\/\/api.w.org\/{rel}","templated":true}]}}