{"id":4220,"date":"2016-12-12T14:19:32","date_gmt":"2016-12-12T13:19:32","guid":{"rendered":"https:\/\/jorntrahus.se\/?p=4220"},"modified":"2022-03-17T15:43:07","modified_gmt":"2022-03-17T14:43:07","slug":"passivt-ventilerte-trerammer","status":"publish","type":"post","link":"https:\/\/jorntrahus.se\/nb\/nyhet\/passivluftade-timmerstommar\/","title":{"rendered":"Passivt ventilerte bindingsverk i tre"},"content":{"rendered":"<p>Vi oppgraderer t\u00f8mmerhuskonseptet v\u00e5rt og konstruksjonen av det.<\/p>\n<p>Som et direkte resultat av stadig strengere energikrav og \u00f8kt isolasjonsgrad har vi introdusert en passivt ventilert design for \u00e5rets modeller, for \u00e5 sikre at det ikke kan oppst\u00e5 kondens eller fukt i veggene.<\/p>\n<p>Designet gjelder selvf\u00f8lgelig for alle v\u00e5re modeller.<\/p>\n<p>Ta kontakt med oss for en mer detaljert beskrivelse.<\/p>\n<p><a href=\"https:\/\/jorntrahus.se\/wp-content\/uploads\/2017\/01\/Nyhet-J\u00f6rntr\u00e4hus-Passivluftade-timmerstommar.jpg\"><img loading=\"lazy\" decoding=\"async\" class=\"alignnone wp-image-4219 size-large\" src=\"https:\/\/jorntrahus.se\/wp-content\/uploads\/2017\/01\/Nyhet-J\u00f6rntr\u00e4hus-Passivluftade-timmerstommar-1024x683.jpg\" alt=\"Passiv-ventilerte trerammer som brukes i produksjonen av t\u00f8mmerhus fra J\u00f6rntr\u00e4hus\" width=\"1020\" height=\"680\" srcset=\"https:\/\/jorntrahus.se\/wp-content\/uploads\/2017\/01\/Nyhet-J\u00f6rntr\u00e4hus-Passivluftade-timmerstommar-1024x683.jpg 1024w, https:\/\/jorntrahus.se\/wp-content\/uploads\/2017\/01\/Nyhet-J\u00f6rntr\u00e4hus-Passivluftade-timmerstommar-600x400.jpg 600w, https:\/\/jorntrahus.se\/wp-content\/uploads\/2017\/01\/Nyhet-J\u00f6rntr\u00e4hus-Passivluftade-timmerstommar-900x600.jpg 900w, https:\/\/jorntrahus.se\/wp-content\/uploads\/2017\/01\/Nyhet-J\u00f6rntr\u00e4hus-Passivluftade-timmerstommar-300x200.jpg 300w, https:\/\/jorntrahus.se\/wp-content\/uploads\/2017\/01\/Nyhet-J\u00f6rntr\u00e4hus-Passivluftade-timmerstommar-768x512.jpg 768w\" sizes=\"auto, (max-width: 1020px) 100vw, 1020px\" \/><\/a><\/p>","protected":false},"excerpt":{"rendered":"<p>Vi uppgraderar v\u00e5rt timmerhuskoncept och dess konstruktion. Som en direkt f\u00f6ljd av ett allt h\u00f6gre energikrav och en ut\u00f6kad isoleringsm\u00e4ngd har vi till \u00e5rets modeller inf\u00f6rt en passivluftad konstruktion, detta f\u00f6r att s\u00e4kerst\u00e4lla att ingen kondens eller fukt ska kunna finnas i v\u00e4ggarna. Konstruktionen g\u00e4ller naturligtvis f\u00f6r alla v\u00e5ra modeller. Tag kontakt med oss f\u00f6r [&#8230;]\n","protected":false},"author":2,"featured_media":8445,"comment_status":"closed","ping_status":"closed","sticky":false,"template":"","format":"standard","meta":{"footnotes":""},"categories":[6],"tags":[489,477,479],"class_list":["post-4220","post","type-post","status-publish","format-standard","has-post-thumbnail","hentry","category-nyhet","tag-byggteknik","tag-passivluftad-timmerstomme","tag-timmerhus"],"yoast_head":"<!-- This site is optimized with the Yoast SEO plugin v27.2 - https:\/\/yoast.com\/product\/yoast-seo-wordpress\/ -->\n<title>Passivluftade timmerstommar - J\u00f6rntr\u00e4hus<\/title>\n<meta name=\"robots\" content=\"index, follow, max-snippet:-1, max-image-preview:large, max-video-preview:-1\" \/>\n<link rel=\"canonical\" href=\"https:\/\/jorntrahus.se\/nb\/nyhet\/passivt-ventilerte-trerammer\/\" \/>\n<meta property=\"og:locale\" content=\"nb_NO\" \/>\n<meta property=\"og:type\" content=\"article\" \/>\n<meta property=\"og:title\" content=\"Passivluftade timmerstommar - J\u00f6rntr\u00e4hus\" \/>\n<meta property=\"og:description\" content=\"Vi uppgraderar v\u00e5rt timmerhuskoncept och dess konstruktion. Som en direkt f\u00f6ljd av ett allt h\u00f6gre energikrav och en ut\u00f6kad isoleringsm\u00e4ngd har vi till \u00e5rets modeller inf\u00f6rt en passivluftad konstruktion, detta f\u00f6r att s\u00e4kerst\u00e4lla att ingen kondens eller fukt ska kunna finnas i v\u00e4ggarna. Konstruktionen g\u00e4ller naturligtvis f\u00f6r alla v\u00e5ra modeller. Tag kontakt med oss f\u00f6r [...]\" \/>\n<meta property=\"og:url\" content=\"https:\/\/jorntrahus.se\/nb\/nyhet\/passivt-ventilerte-trerammer\/\" \/>\n<meta property=\"og:site_name\" content=\"J\u00f6rntr\u00e4hus\" \/>\n<meta property=\"article:published_time\" content=\"2016-12-12T13:19:32+00:00\" \/>\n<meta property=\"article:modified_time\" content=\"2022-03-17T14:43:07+00:00\" \/>\n<meta property=\"og:image\" content=\"https:\/\/jorntrahus.se\/wp-content\/uploads\/2016\/12\/luftad-timmerv\u00e4gg.jpg\" \/>\n\t<meta property=\"og:image:width\" content=\"498\" \/>\n\t<meta property=\"og:image:height\" content=\"589\" \/>\n\t<meta property=\"og:image:type\" content=\"image\/jpeg\" \/>\n<meta name=\"author\" content=\"J\u00f6rntr\u00e4hus\" \/>\n<meta name=\"twitter:card\" content=\"summary_large_image\" \/>\n<meta name=\"twitter:label1\" content=\"Skrevet av\" \/>\n\t<meta name=\"twitter:data1\" content=\"J\u00f6rntr\u00e4hus\" \/>\n<script type=\"application\/ld+json\" class=\"yoast-schema-graph\">{\"@context\":\"https:\/\/schema.org\",\"@graph\":[{\"@type\":\"Article\",\"@id\":\"https:\/\/jorntrahus.se\/nyhet\/passivluftade-timmerstommar\/#article\",\"isPartOf\":{\"@id\":\"https:\/\/jorntrahus.se\/nyhet\/passivluftade-timmerstommar\/\"},\"author\":{\"name\":\"J\u00f6rntr\u00e4hus\",\"@id\":\"https:\/\/jorntrahus.se\/#\/schema\/person\/1d486a26d13d4df455271c2f02f5ef5c\"},\"headline\":\"Passivluftade timmerstommar\",\"datePublished\":\"2016-12-12T13:19:32+00:00\",\"dateModified\":\"2022-03-17T14:43:07+00:00\",\"mainEntityOfPage\":{\"@id\":\"https:\/\/jorntrahus.se\/nyhet\/passivluftade-timmerstommar\/\"},\"wordCount\":75,\"publisher\":{\"@id\":\"https:\/\/jorntrahus.se\/#organization\"},\"image\":{\"@id\":\"https:\/\/jorntrahus.se\/nyhet\/passivluftade-timmerstommar\/#primaryimage\"},\"thumbnailUrl\":\"https:\/\/jorntrahus.se\/wp-content\/uploads\/2016\/12\/luftad-timmerv\u00e4gg.jpg\",\"keywords\":[\"byggteknik\",\"passivluftad timmerstomme\",\"timmerhus\"],\"articleSection\":[\"Nyhet\"],\"inLanguage\":\"nb-NO\"},{\"@type\":\"WebPage\",\"@id\":\"https:\/\/jorntrahus.se\/nyhet\/passivluftade-timmerstommar\/\",\"url\":\"https:\/\/jorntrahus.se\/nyhet\/passivluftade-timmerstommar\/\",\"name\":\"Passivluftade timmerstommar - J\u00f6rntr\u00e4hus\",\"isPartOf\":{\"@id\":\"https:\/\/jorntrahus.se\/#website\"},\"primaryImageOfPage\":{\"@id\":\"https:\/\/jorntrahus.se\/nyhet\/passivluftade-timmerstommar\/#primaryimage\"},\"image\":{\"@id\":\"https:\/\/jorntrahus.se\/nyhet\/passivluftade-timmerstommar\/#primaryimage\"},\"thumbnailUrl\":\"https:\/\/jorntrahus.se\/wp-content\/uploads\/2016\/12\/luftad-timmerv\u00e4gg.jpg\",\"datePublished\":\"2016-12-12T13:19:32+00:00\",\"dateModified\":\"2022-03-17T14:43:07+00:00\",\"breadcrumb\":{\"@id\":\"https:\/\/jorntrahus.se\/nyhet\/passivluftade-timmerstommar\/#breadcrumb\"},\"inLanguage\":\"nb-NO\",\"potentialAction\":[{\"@type\":\"ReadAction\",\"target\":[\"https:\/\/jorntrahus.se\/nyhet\/passivluftade-timmerstommar\/\"]}]},{\"@type\":\"ImageObject\",\"inLanguage\":\"nb-NO\",\"@id\":\"https:\/\/jorntrahus.se\/nyhet\/passivluftade-timmerstommar\/#primaryimage\",\"url\":\"https:\/\/jorntrahus.se\/wp-content\/uploads\/2016\/12\/luftad-timmerv\u00e4gg.jpg\",\"contentUrl\":\"https:\/\/jorntrahus.se\/wp-content\/uploads\/2016\/12\/luftad-timmerv\u00e4gg.jpg\",\"width\":498,\"height\":589,\"caption\":\"Luftad timmerv\u00e4gg\"},{\"@type\":\"BreadcrumbList\",\"@id\":\"https:\/\/jorntrahus.se\/nyhet\/passivluftade-timmerstommar\/#breadcrumb\",\"itemListElement\":[{\"@type\":\"ListItem\",\"position\":1,\"name\":\"Hem\",\"item\":\"https:\/\/jorntrahus.se\/\"},{\"@type\":\"ListItem\",\"position\":2,\"name\":\"Passivluftade timmerstommar\"}]},{\"@type\":\"WebSite\",\"@id\":\"https:\/\/jorntrahus.se\/#website\",\"url\":\"https:\/\/jorntrahus.se\/\",\"name\":\"J\u00f6rntr\u00e4hus\",\"description\":\"Hus f\u00f6r den medvetne\",\"publisher\":{\"@id\":\"https:\/\/jorntrahus.se\/#organization\"},\"potentialAction\":[{\"@type\":\"SearchAction\",\"target\":{\"@type\":\"EntryPoint\",\"urlTemplate\":\"https:\/\/jorntrahus.se\/?s={search_term_string}\"},\"query-input\":{\"@type\":\"PropertyValueSpecification\",\"valueRequired\":true,\"valueName\":\"search_term_string\"}}],\"inLanguage\":\"nb-NO\"},{\"@type\":\"Organization\",\"@id\":\"https:\/\/jorntrahus.se\/#organization\",\"name\":\"J\u00f6rntr\u00e4hus\",\"url\":\"https:\/\/jorntrahus.se\/\",\"logo\":{\"@type\":\"ImageObject\",\"inLanguage\":\"nb-NO\",\"@id\":\"https:\/\/jorntrahus.se\/#\/schema\/logo\/image\/\",\"url\":\"https:\/\/jorntrahus.se\/wp-content\/uploads\/2020\/09\/Jorntrahus_Grund_CMYK.eps\",\"contentUrl\":\"https:\/\/jorntrahus.se\/wp-content\/uploads\/2020\/09\/Jorntrahus_Grund_CMYK.eps\",\"width\":1,\"height\":1,\"caption\":\"J\u00f6rntr\u00e4hus\"},\"image\":{\"@id\":\"https:\/\/jorntrahus.se\/#\/schema\/logo\/image\/\"}},{\"@type\":\"Person\",\"@id\":\"https:\/\/jorntrahus.se\/#\/schema\/person\/1d486a26d13d4df455271c2f02f5ef5c\",\"name\":\"J\u00f6rntr\u00e4hus\",\"image\":{\"@type\":\"ImageObject\",\"inLanguage\":\"nb-NO\",\"@id\":\"https:\/\/secure.gravatar.com\/avatar\/e9b8fcf3c4d64603cd3ec2eb8588179dabe6c74041e8c2a09d7ca9e0900a4ad3?s=96&d=mm&r=g\",\"url\":\"https:\/\/secure.gravatar.com\/avatar\/e9b8fcf3c4d64603cd3ec2eb8588179dabe6c74041e8c2a09d7ca9e0900a4ad3?s=96&d=mm&r=g\",\"contentUrl\":\"https:\/\/secure.gravatar.com\/avatar\/e9b8fcf3c4d64603cd3ec2eb8588179dabe6c74041e8c2a09d7ca9e0900a4ad3?s=96&d=mm&r=g\",\"caption\":\"J\u00f6rntr\u00e4hus\"},\"sameAs\":[\"https:\/\/jorntrahus.se\"],\"url\":\"https:\/\/jorntrahus.se\/nb\/author\/jorntrahus\/\"}]}<\/script>\n<!-- \/ Yoast SEO plugin. -->","yoast_head_json":{"title":"Passivt ventilerte trerammer - J\u00f6rntr\u00e4hus","robots":{"index":"index","follow":"follow","max-snippet":"max-snippet:-1","max-image-preview":"max-image-preview:large","max-video-preview":"max-video-preview:-1"},"canonical":"https:\/\/jorntrahus.se\/nb\/nyhet\/passivt-ventilerte-trerammer\/","og_locale":"nb_NO","og_type":"article","og_title":"Passivluftade timmerstommar - J\u00f6rntr\u00e4hus","og_description":"Vi uppgraderar v\u00e5rt timmerhuskoncept och dess konstruktion. Som en direkt f\u00f6ljd av ett allt h\u00f6gre energikrav och en ut\u00f6kad isoleringsm\u00e4ngd har vi till \u00e5rets modeller inf\u00f6rt en passivluftad konstruktion, detta f\u00f6r att s\u00e4kerst\u00e4lla att ingen kondens eller fukt ska kunna finnas i v\u00e4ggarna. Konstruktionen g\u00e4ller naturligtvis f\u00f6r alla v\u00e5ra modeller. Tag kontakt med oss f\u00f6r [...]","og_url":"https:\/\/jorntrahus.se\/nb\/nyhet\/passivt-ventilerte-trerammer\/","og_site_name":"J\u00f6rntr\u00e4hus","article_published_time":"2016-12-12T13:19:32+00:00","article_modified_time":"2022-03-17T14:43:07+00:00","og_image":[{"width":498,"height":589,"url":"https:\/\/jorntrahus.se\/wp-content\/uploads\/2016\/12\/luftad-timmerv\u00e4gg.jpg","type":"image\/jpeg"}],"author":"J\u00f6rntr\u00e4hus","twitter_card":"summary_large_image","twitter_misc":{"Skrevet av":"J\u00f6rntr\u00e4hus"},"schema":{"@context":"https:\/\/schema.org","@graph":[{"@type":"Article","@id":"https:\/\/jorntrahus.se\/nyhet\/passivluftade-timmerstommar\/#article","isPartOf":{"@id":"https:\/\/jorntrahus.se\/nyhet\/passivluftade-timmerstommar\/"},"author":{"name":"J\u00f6rntr\u00e4hus","@id":"https:\/\/jorntrahus.se\/#\/schema\/person\/1d486a26d13d4df455271c2f02f5ef5c"},"headline":"Passivluftade timmerstommar","datePublished":"2016-12-12T13:19:32+00:00","dateModified":"2022-03-17T14:43:07+00:00","mainEntityOfPage":{"@id":"https:\/\/jorntrahus.se\/nyhet\/passivluftade-timmerstommar\/"},"wordCount":75,"publisher":{"@id":"https:\/\/jorntrahus.se\/#organization"},"image":{"@id":"https:\/\/jorntrahus.se\/nyhet\/passivluftade-timmerstommar\/#primaryimage"},"thumbnailUrl":"https:\/\/jorntrahus.se\/wp-content\/uploads\/2016\/12\/luftad-timmerv\u00e4gg.jpg","keywords":["byggteknik","passivluftad timmerstomme","timmerhus"],"articleSection":["Nyhet"],"inLanguage":"nb-NO"},{"@type":"WebPage","@id":"https:\/\/jorntrahus.se\/nyhet\/passivluftade-timmerstommar\/","url":"https:\/\/jorntrahus.se\/nyhet\/passivluftade-timmerstommar\/","name":"Passivt ventilerte trerammer - J\u00f6rntr\u00e4hus","isPartOf":{"@id":"https:\/\/jorntrahus.se\/#website"},"primaryImageOfPage":{"@id":"https:\/\/jorntrahus.se\/nyhet\/passivluftade-timmerstommar\/#primaryimage"},"image":{"@id":"https:\/\/jorntrahus.se\/nyhet\/passivluftade-timmerstommar\/#primaryimage"},"thumbnailUrl":"https:\/\/jorntrahus.se\/wp-content\/uploads\/2016\/12\/luftad-timmerv\u00e4gg.jpg","datePublished":"2016-12-12T13:19:32+00:00","dateModified":"2022-03-17T14:43:07+00:00","breadcrumb":{"@id":"https:\/\/jorntrahus.se\/nyhet\/passivluftade-timmerstommar\/#breadcrumb"},"inLanguage":"nb-NO","potentialAction":[{"@type":"ReadAction","target":["https:\/\/jorntrahus.se\/nyhet\/passivluftade-timmerstommar\/"]}]},{"@type":"ImageObject","inLanguage":"nb-NO","@id":"https:\/\/jorntrahus.se\/nyhet\/passivluftade-timmerstommar\/#primaryimage","url":"https:\/\/jorntrahus.se\/wp-content\/uploads\/2016\/12\/luftad-timmerv\u00e4gg.jpg","contentUrl":"https:\/\/jorntrahus.se\/wp-content\/uploads\/2016\/12\/luftad-timmerv\u00e4gg.jpg","width":498,"height":589,"caption":"Luftad timmerv\u00e4gg"},{"@type":"BreadcrumbList","@id":"https:\/\/jorntrahus.se\/nyhet\/passivluftade-timmerstommar\/#breadcrumb","itemListElement":[{"@type":"ListItem","position":1,"name":"Hem","item":"https:\/\/jorntrahus.se\/"},{"@type":"ListItem","position":2,"name":"Passivluftade timmerstommar"}]},{"@type":"WebSite","@id":"https:\/\/jorntrahus.se\/#website","url":"https:\/\/jorntrahus.se\/","name":"J\u00f6rntr\u00e4hus","description":"Hus for de bevisste","publisher":{"@id":"https:\/\/jorntrahus.se\/#organization"},"potentialAction":[{"@type":"SearchAction","target":{"@type":"EntryPoint","urlTemplate":"https:\/\/jorntrahus.se\/?s={search_term_string}"},"query-input":{"@type":"PropertyValueSpecification","valueRequired":true,"valueName":"search_term_string"}}],"inLanguage":"nb-NO"},{"@type":"Organization","@id":"https:\/\/jorntrahus.se\/#organization","name":"J\u00f6rntr\u00e4hus","url":"https:\/\/jorntrahus.se\/","logo":{"@type":"ImageObject","inLanguage":"nb-NO","@id":"https:\/\/jorntrahus.se\/#\/schema\/logo\/image\/","url":"https:\/\/jorntrahus.se\/wp-content\/uploads\/2020\/09\/Jorntrahus_Grund_CMYK.eps","contentUrl":"https:\/\/jorntrahus.se\/wp-content\/uploads\/2020\/09\/Jorntrahus_Grund_CMYK.eps","width":1,"height":1,"caption":"J\u00f6rntr\u00e4hus"},"image":{"@id":"https:\/\/jorntrahus.se\/#\/schema\/logo\/image\/"}},{"@type":"Person","@id":"https:\/\/jorntrahus.se\/#\/schema\/person\/1d486a26d13d4df455271c2f02f5ef5c","name":"J\u00f6rntr\u00e4hus","image":{"@type":"ImageObject","inLanguage":"nb-NO","@id":"https:\/\/secure.gravatar.com\/avatar\/e9b8fcf3c4d64603cd3ec2eb8588179dabe6c74041e8c2a09d7ca9e0900a4ad3?s=96&d=mm&r=g","url":"https:\/\/secure.gravatar.com\/avatar\/e9b8fcf3c4d64603cd3ec2eb8588179dabe6c74041e8c2a09d7ca9e0900a4ad3?s=96&d=mm&r=g","contentUrl":"https:\/\/secure.gravatar.com\/avatar\/e9b8fcf3c4d64603cd3ec2eb8588179dabe6c74041e8c2a09d7ca9e0900a4ad3?s=96&d=mm&r=g","caption":"J\u00f6rntr\u00e4hus"},"sameAs":["https:\/\/jorntrahus.se"],"url":"https:\/\/jorntrahus.se\/nb\/author\/jorntrahus\/"}]}},"publishpress_future_action":{"enabled":false,"date":"2026-05-10 10:35:17","action":"change-status","newStatus":"draft","terms":[],"taxonomy":"category","extraData":[]},"publishpress_future_workflow_manual_trigger":{"enabledWorkflows":[]},"_links":{"self":[{"href":"https:\/\/jorntrahus.se\/nb\/wp-json\/wp\/v2\/posts\/4220","targetHints":{"allow":["GET"]}}],"collection":[{"href":"https:\/\/jorntrahus.se\/nb\/wp-json\/wp\/v2\/posts"}],"about":[{"href":"https:\/\/jorntrahus.se\/nb\/wp-json\/wp\/v2\/types\/post"}],"author":[{"embeddable":true,"href":"https:\/\/jorntrahus.se\/nb\/wp-json\/wp\/v2\/users\/2"}],"replies":[{"embeddable":true,"href":"https:\/\/jorntrahus.se\/nb\/wp-json\/wp\/v2\/comments?post=4220"}],"version-history":[{"count":2,"href":"https:\/\/jorntrahus.se\/nb\/wp-json\/wp\/v2\/posts\/4220\/revisions"}],"predecessor-version":[{"id":4252,"href":"https:\/\/jorntrahus.se\/nb\/wp-json\/wp\/v2\/posts\/4220\/revisions\/4252"}],"wp:featuredmedia":[{"embeddable":true,"href":"https:\/\/jorntrahus.se\/nb\/wp-json\/wp\/v2\/media\/8445"}],"wp:attachment":[{"href":"https:\/\/jorntrahus.se\/nb\/wp-json\/wp\/v2\/media?parent=4220"}],"wp:term":[{"taxonomy":"category","embeddable":true,"href":"https:\/\/jorntrahus.se\/nb\/wp-json\/wp\/v2\/categories?post=4220"},{"taxonomy":"post_tag","embeddable":true,"href":"https:\/\/jorntrahus.se\/nb\/wp-json\/wp\/v2\/tags?post=4220"}],"curies":[{"name":"wp","href":"https:\/\/api.w.org\/{rel}","templated":true}]}}