{"id":4838,"date":"2017-04-18T07:41:40","date_gmt":"2017-04-18T05:41:40","guid":{"rendered":"https:\/\/jorntrahus.se\/?p=4838"},"modified":"2022-03-17T15:42:49","modified_gmt":"2022-03-17T14:42:49","slug":"attefall-deluxe-med-hems","status":"publish","type":"post","link":"https:\/\/jorntrahus.se\/nb\/nyhet\/attefall-deluxe-med-loft\/","title":{"rendered":"Attefall Deluxe med hems"},"content":{"rendered":"<p>Nytt med loft hvor vi maksimerer plassene, ikke minst takh\u00f8yden.<br \/>\nHele 2,20 m takh\u00f8yde under loftet og et romslig og beboelig loft, med dette oppfyller modellen alle standarder for eneboliger.<br \/>\nModellen kan betraktes som en liten fritidsbolig med full isolasjon for hel\u00e5rsbruk.<\/p>\n<p>T\u00f8mmer- eller blokkhusl\u00f8sninger f\u00f8lger de samme designalternativene under Classic- eller Trend-alternativene.<\/p>","protected":false},"excerpt":{"rendered":"<p>Nyhet med loft d\u00e4r vi maximerar utrymmena, inte minst takh\u00f6jden. Hela 2,20 m takh\u00f6jd under loftet samt ett rymligt och beboeligt\u00a0loft, med detta\u00a0klarar modellen samtliga normer g\u00e4llande Attefallshus. Modellen kan ses som ett mindre fritidshus med full isolering f\u00f6r \u00c5retrunt bruk. Timmer eller blockhusl\u00f6sningar f\u00f6ljer samma designalternativ\u00a0enligt Klassisk eller Trend alternativen.<\/p>","protected":false},"author":2,"featured_media":5044,"comment_status":"closed","ping_status":"closed","sticky":false,"template":"","format":"standard","meta":{"footnotes":""},"categories":[6],"tags":[25],"class_list":["post-4838","post","type-post","status-publish","format-standard","has-post-thumbnail","hentry","category-nyhet","tag-attefallshus"],"yoast_head":"<!-- This site is optimized with the Yoast SEO plugin v27.2 - https:\/\/yoast.com\/product\/yoast-seo-wordpress\/ -->\n<title>Attefall Deluxe med loft - J\u00f6rntr\u00e4hus<\/title>\n<meta name=\"description\" content=\"Attefall nyhet med loft d\u00e4r vi maximerar utrymmena, inte minst takh\u00f6jden p\u00e5 hela 2,20 m under loftet samt ett rymligt och beboeligt loft\" \/>\n<meta name=\"robots\" content=\"index, follow, max-snippet:-1, max-image-preview:large, max-video-preview:-1\" \/>\n<link rel=\"canonical\" href=\"https:\/\/jorntrahus.se\/nb\/nyhet\/attefall-deluxe-med-hems\/\" \/>\n<meta property=\"og:locale\" content=\"nb_NO\" \/>\n<meta property=\"og:type\" content=\"article\" \/>\n<meta property=\"og:title\" content=\"Attefall Deluxe med loft - J\u00f6rntr\u00e4hus\" \/>\n<meta property=\"og:description\" content=\"Attefall nyhet med loft d\u00e4r vi maximerar utrymmena, inte minst takh\u00f6jden p\u00e5 hela 2,20 m under loftet samt ett rymligt och beboeligt loft\" \/>\n<meta property=\"og:url\" content=\"https:\/\/jorntrahus.se\/nb\/nyhet\/attefall-deluxe-med-hems\/\" \/>\n<meta property=\"og:site_name\" content=\"J\u00f6rntr\u00e4hus\" \/>\n<meta property=\"article:published_time\" content=\"2017-04-18T05:41:40+00:00\" \/>\n<meta property=\"article:modified_time\" content=\"2022-03-17T14:42:49+00:00\" \/>\n<meta property=\"og:image\" content=\"https:\/\/jorntrahus.se\/wp-content\/uploads\/2017\/04\/attefall-DL-vit.jpg\" \/>\n\t<meta property=\"og:image:width\" content=\"1667\" \/>\n\t<meta property=\"og:image:height\" content=\"833\" \/>\n\t<meta property=\"og:image:type\" content=\"image\/jpeg\" \/>\n<meta name=\"author\" content=\"J\u00f6rntr\u00e4hus\" \/>\n<meta name=\"twitter:card\" content=\"summary_large_image\" \/>\n<meta name=\"twitter:label1\" content=\"Skrevet av\" \/>\n\t<meta name=\"twitter:data1\" content=\"J\u00f6rntr\u00e4hus\" \/>\n<script type=\"application\/ld+json\" class=\"yoast-schema-graph\">{\"@context\":\"https:\/\/schema.org\",\"@graph\":[{\"@type\":\"Article\",\"@id\":\"https:\/\/jorntrahus.se\/nyhet\/attefall-deluxe-med-loft\/#article\",\"isPartOf\":{\"@id\":\"https:\/\/jorntrahus.se\/nyhet\/attefall-deluxe-med-loft\/\"},\"author\":{\"name\":\"J\u00f6rntr\u00e4hus\",\"@id\":\"https:\/\/jorntrahus.se\/#\/schema\/person\/1d486a26d13d4df455271c2f02f5ef5c\"},\"headline\":\"Attefall Deluxe med loft\",\"datePublished\":\"2017-04-18T05:41:40+00:00\",\"dateModified\":\"2022-03-17T14:42:49+00:00\",\"mainEntityOfPage\":{\"@id\":\"https:\/\/jorntrahus.se\/nyhet\/attefall-deluxe-med-loft\/\"},\"wordCount\":64,\"publisher\":{\"@id\":\"https:\/\/jorntrahus.se\/#organization\"},\"image\":{\"@id\":\"https:\/\/jorntrahus.se\/nyhet\/attefall-deluxe-med-loft\/#primaryimage\"},\"thumbnailUrl\":\"https:\/\/jorntrahus.se\/wp-content\/uploads\/2017\/04\/attefall-DL-vit.jpg\",\"keywords\":[\"Attefallshus\"],\"articleSection\":[\"Nyhet\"],\"inLanguage\":\"nb-NO\"},{\"@type\":\"WebPage\",\"@id\":\"https:\/\/jorntrahus.se\/nyhet\/attefall-deluxe-med-loft\/\",\"url\":\"https:\/\/jorntrahus.se\/nyhet\/attefall-deluxe-med-loft\/\",\"name\":\"Attefall Deluxe med loft - J\u00f6rntr\u00e4hus\",\"isPartOf\":{\"@id\":\"https:\/\/jorntrahus.se\/#website\"},\"primaryImageOfPage\":{\"@id\":\"https:\/\/jorntrahus.se\/nyhet\/attefall-deluxe-med-loft\/#primaryimage\"},\"image\":{\"@id\":\"https:\/\/jorntrahus.se\/nyhet\/attefall-deluxe-med-loft\/#primaryimage\"},\"thumbnailUrl\":\"https:\/\/jorntrahus.se\/wp-content\/uploads\/2017\/04\/attefall-DL-vit.jpg\",\"datePublished\":\"2017-04-18T05:41:40+00:00\",\"dateModified\":\"2022-03-17T14:42:49+00:00\",\"description\":\"Attefall nyhet med loft d\u00e4r vi maximerar utrymmena, inte minst takh\u00f6jden p\u00e5 hela 2,20 m under loftet samt ett rymligt och beboeligt loft\",\"breadcrumb\":{\"@id\":\"https:\/\/jorntrahus.se\/nyhet\/attefall-deluxe-med-loft\/#breadcrumb\"},\"inLanguage\":\"nb-NO\",\"potentialAction\":[{\"@type\":\"ReadAction\",\"target\":[\"https:\/\/jorntrahus.se\/nyhet\/attefall-deluxe-med-loft\/\"]}]},{\"@type\":\"ImageObject\",\"inLanguage\":\"nb-NO\",\"@id\":\"https:\/\/jorntrahus.se\/nyhet\/attefall-deluxe-med-loft\/#primaryimage\",\"url\":\"https:\/\/jorntrahus.se\/wp-content\/uploads\/2017\/04\/attefall-DL-vit.jpg\",\"contentUrl\":\"https:\/\/jorntrahus.se\/wp-content\/uploads\/2017\/04\/attefall-DL-vit.jpg\",\"width\":1667,\"height\":833},{\"@type\":\"BreadcrumbList\",\"@id\":\"https:\/\/jorntrahus.se\/nyhet\/attefall-deluxe-med-loft\/#breadcrumb\",\"itemListElement\":[{\"@type\":\"ListItem\",\"position\":1,\"name\":\"Hem\",\"item\":\"https:\/\/jorntrahus.se\/\"},{\"@type\":\"ListItem\",\"position\":2,\"name\":\"Attefall Deluxe med loft\"}]},{\"@type\":\"WebSite\",\"@id\":\"https:\/\/jorntrahus.se\/#website\",\"url\":\"https:\/\/jorntrahus.se\/\",\"name\":\"J\u00f6rntr\u00e4hus\",\"description\":\"Hus f\u00f6r den medvetne\",\"publisher\":{\"@id\":\"https:\/\/jorntrahus.se\/#organization\"},\"potentialAction\":[{\"@type\":\"SearchAction\",\"target\":{\"@type\":\"EntryPoint\",\"urlTemplate\":\"https:\/\/jorntrahus.se\/?s={search_term_string}\"},\"query-input\":{\"@type\":\"PropertyValueSpecification\",\"valueRequired\":true,\"valueName\":\"search_term_string\"}}],\"inLanguage\":\"nb-NO\"},{\"@type\":\"Organization\",\"@id\":\"https:\/\/jorntrahus.se\/#organization\",\"name\":\"J\u00f6rntr\u00e4hus\",\"url\":\"https:\/\/jorntrahus.se\/\",\"logo\":{\"@type\":\"ImageObject\",\"inLanguage\":\"nb-NO\",\"@id\":\"https:\/\/jorntrahus.se\/#\/schema\/logo\/image\/\",\"url\":\"https:\/\/jorntrahus.se\/wp-content\/uploads\/2020\/09\/Jorntrahus_Grund_CMYK.eps\",\"contentUrl\":\"https:\/\/jorntrahus.se\/wp-content\/uploads\/2020\/09\/Jorntrahus_Grund_CMYK.eps\",\"width\":1,\"height\":1,\"caption\":\"J\u00f6rntr\u00e4hus\"},\"image\":{\"@id\":\"https:\/\/jorntrahus.se\/#\/schema\/logo\/image\/\"}},{\"@type\":\"Person\",\"@id\":\"https:\/\/jorntrahus.se\/#\/schema\/person\/1d486a26d13d4df455271c2f02f5ef5c\",\"name\":\"J\u00f6rntr\u00e4hus\",\"image\":{\"@type\":\"ImageObject\",\"inLanguage\":\"nb-NO\",\"@id\":\"https:\/\/secure.gravatar.com\/avatar\/e9b8fcf3c4d64603cd3ec2eb8588179dabe6c74041e8c2a09d7ca9e0900a4ad3?s=96&d=mm&r=g\",\"url\":\"https:\/\/secure.gravatar.com\/avatar\/e9b8fcf3c4d64603cd3ec2eb8588179dabe6c74041e8c2a09d7ca9e0900a4ad3?s=96&d=mm&r=g\",\"contentUrl\":\"https:\/\/secure.gravatar.com\/avatar\/e9b8fcf3c4d64603cd3ec2eb8588179dabe6c74041e8c2a09d7ca9e0900a4ad3?s=96&d=mm&r=g\",\"caption\":\"J\u00f6rntr\u00e4hus\"},\"sameAs\":[\"https:\/\/jorntrahus.se\"],\"url\":\"https:\/\/jorntrahus.se\/nb\/author\/jorntrahus\/\"}]}<\/script>\n<!-- \/ Yoast SEO plugin. -->","yoast_head_json":{"title":"Attefall Deluxe med hems - J\u00f6rn trehus","description":"En annen nyhet med et loft der vi maksimerer plassene, ikke minst takh\u00f8yden p\u00e5 2,20 m under loftet og et romslig og beboelig loft","robots":{"index":"index","follow":"follow","max-snippet":"max-snippet:-1","max-image-preview":"max-image-preview:large","max-video-preview":"max-video-preview:-1"},"canonical":"https:\/\/jorntrahus.se\/nb\/nyhet\/attefall-deluxe-med-hems\/","og_locale":"nb_NO","og_type":"article","og_title":"Attefall Deluxe med loft - J\u00f6rntr\u00e4hus","og_description":"Attefall nyhet med loft d\u00e4r vi maximerar utrymmena, inte minst takh\u00f6jden p\u00e5 hela 2,20 m under loftet samt ett rymligt och beboeligt loft","og_url":"https:\/\/jorntrahus.se\/nb\/nyhet\/attefall-deluxe-med-hems\/","og_site_name":"J\u00f6rntr\u00e4hus","article_published_time":"2017-04-18T05:41:40+00:00","article_modified_time":"2022-03-17T14:42:49+00:00","og_image":[{"width":1667,"height":833,"url":"https:\/\/jorntrahus.se\/wp-content\/uploads\/2017\/04\/attefall-DL-vit.jpg","type":"image\/jpeg"}],"author":"J\u00f6rntr\u00e4hus","twitter_card":"summary_large_image","twitter_misc":{"Skrevet av":"J\u00f6rntr\u00e4hus"},"schema":{"@context":"https:\/\/schema.org","@graph":[{"@type":"Article","@id":"https:\/\/jorntrahus.se\/nyhet\/attefall-deluxe-med-loft\/#article","isPartOf":{"@id":"https:\/\/jorntrahus.se\/nyhet\/attefall-deluxe-med-loft\/"},"author":{"name":"J\u00f6rntr\u00e4hus","@id":"https:\/\/jorntrahus.se\/#\/schema\/person\/1d486a26d13d4df455271c2f02f5ef5c"},"headline":"Attefall Deluxe med loft","datePublished":"2017-04-18T05:41:40+00:00","dateModified":"2022-03-17T14:42:49+00:00","mainEntityOfPage":{"@id":"https:\/\/jorntrahus.se\/nyhet\/attefall-deluxe-med-loft\/"},"wordCount":64,"publisher":{"@id":"https:\/\/jorntrahus.se\/#organization"},"image":{"@id":"https:\/\/jorntrahus.se\/nyhet\/attefall-deluxe-med-loft\/#primaryimage"},"thumbnailUrl":"https:\/\/jorntrahus.se\/wp-content\/uploads\/2017\/04\/attefall-DL-vit.jpg","keywords":["Attefallshus"],"articleSection":["Nyhet"],"inLanguage":"nb-NO"},{"@type":"WebPage","@id":"https:\/\/jorntrahus.se\/nyhet\/attefall-deluxe-med-loft\/","url":"https:\/\/jorntrahus.se\/nyhet\/attefall-deluxe-med-loft\/","name":"Attefall Deluxe med hems - J\u00f6rn trehus","isPartOf":{"@id":"https:\/\/jorntrahus.se\/#website"},"primaryImageOfPage":{"@id":"https:\/\/jorntrahus.se\/nyhet\/attefall-deluxe-med-loft\/#primaryimage"},"image":{"@id":"https:\/\/jorntrahus.se\/nyhet\/attefall-deluxe-med-loft\/#primaryimage"},"thumbnailUrl":"https:\/\/jorntrahus.se\/wp-content\/uploads\/2017\/04\/attefall-DL-vit.jpg","datePublished":"2017-04-18T05:41:40+00:00","dateModified":"2022-03-17T14:42:49+00:00","description":"En annen nyhet med et loft der vi maksimerer plassene, ikke minst takh\u00f8yden p\u00e5 2,20 m under loftet og et romslig og beboelig loft","breadcrumb":{"@id":"https:\/\/jorntrahus.se\/nyhet\/attefall-deluxe-med-loft\/#breadcrumb"},"inLanguage":"nb-NO","potentialAction":[{"@type":"ReadAction","target":["https:\/\/jorntrahus.se\/nyhet\/attefall-deluxe-med-loft\/"]}]},{"@type":"ImageObject","inLanguage":"nb-NO","@id":"https:\/\/jorntrahus.se\/nyhet\/attefall-deluxe-med-loft\/#primaryimage","url":"https:\/\/jorntrahus.se\/wp-content\/uploads\/2017\/04\/attefall-DL-vit.jpg","contentUrl":"https:\/\/jorntrahus.se\/wp-content\/uploads\/2017\/04\/attefall-DL-vit.jpg","width":1667,"height":833},{"@type":"BreadcrumbList","@id":"https:\/\/jorntrahus.se\/nyhet\/attefall-deluxe-med-loft\/#breadcrumb","itemListElement":[{"@type":"ListItem","position":1,"name":"Hem","item":"https:\/\/jorntrahus.se\/"},{"@type":"ListItem","position":2,"name":"Attefall Deluxe med loft"}]},{"@type":"WebSite","@id":"https:\/\/jorntrahus.se\/#website","url":"https:\/\/jorntrahus.se\/","name":"J\u00f6rntr\u00e4hus","description":"Hus for de bevisste","publisher":{"@id":"https:\/\/jorntrahus.se\/#organization"},"potentialAction":[{"@type":"SearchAction","target":{"@type":"EntryPoint","urlTemplate":"https:\/\/jorntrahus.se\/?s={search_term_string}"},"query-input":{"@type":"PropertyValueSpecification","valueRequired":true,"valueName":"search_term_string"}}],"inLanguage":"nb-NO"},{"@type":"Organization","@id":"https:\/\/jorntrahus.se\/#organization","name":"J\u00f6rntr\u00e4hus","url":"https:\/\/jorntrahus.se\/","logo":{"@type":"ImageObject","inLanguage":"nb-NO","@id":"https:\/\/jorntrahus.se\/#\/schema\/logo\/image\/","url":"https:\/\/jorntrahus.se\/wp-content\/uploads\/2020\/09\/Jorntrahus_Grund_CMYK.eps","contentUrl":"https:\/\/jorntrahus.se\/wp-content\/uploads\/2020\/09\/Jorntrahus_Grund_CMYK.eps","width":1,"height":1,"caption":"J\u00f6rntr\u00e4hus"},"image":{"@id":"https:\/\/jorntrahus.se\/#\/schema\/logo\/image\/"}},{"@type":"Person","@id":"https:\/\/jorntrahus.se\/#\/schema\/person\/1d486a26d13d4df455271c2f02f5ef5c","name":"J\u00f6rntr\u00e4hus","image":{"@type":"ImageObject","inLanguage":"nb-NO","@id":"https:\/\/secure.gravatar.com\/avatar\/e9b8fcf3c4d64603cd3ec2eb8588179dabe6c74041e8c2a09d7ca9e0900a4ad3?s=96&d=mm&r=g","url":"https:\/\/secure.gravatar.com\/avatar\/e9b8fcf3c4d64603cd3ec2eb8588179dabe6c74041e8c2a09d7ca9e0900a4ad3?s=96&d=mm&r=g","contentUrl":"https:\/\/secure.gravatar.com\/avatar\/e9b8fcf3c4d64603cd3ec2eb8588179dabe6c74041e8c2a09d7ca9e0900a4ad3?s=96&d=mm&r=g","caption":"J\u00f6rntr\u00e4hus"},"sameAs":["https:\/\/jorntrahus.se"],"url":"https:\/\/jorntrahus.se\/nb\/author\/jorntrahus\/"}]}},"publishpress_future_action":{"enabled":false,"date":"2026-05-07 17:32:52","action":"change-status","newStatus":"draft","terms":[],"taxonomy":"category","extraData":[]},"publishpress_future_workflow_manual_trigger":{"enabledWorkflows":[]},"_links":{"self":[{"href":"https:\/\/jorntrahus.se\/nb\/wp-json\/wp\/v2\/posts\/4838","targetHints":{"allow":["GET"]}}],"collection":[{"href":"https:\/\/jorntrahus.se\/nb\/wp-json\/wp\/v2\/posts"}],"about":[{"href":"https:\/\/jorntrahus.se\/nb\/wp-json\/wp\/v2\/types\/post"}],"author":[{"embeddable":true,"href":"https:\/\/jorntrahus.se\/nb\/wp-json\/wp\/v2\/users\/2"}],"replies":[{"embeddable":true,"href":"https:\/\/jorntrahus.se\/nb\/wp-json\/wp\/v2\/comments?post=4838"}],"version-history":[{"count":7,"href":"https:\/\/jorntrahus.se\/nb\/wp-json\/wp\/v2\/posts\/4838\/revisions"}],"predecessor-version":[{"id":9036,"href":"https:\/\/jorntrahus.se\/nb\/wp-json\/wp\/v2\/posts\/4838\/revisions\/9036"}],"wp:featuredmedia":[{"embeddable":true,"href":"https:\/\/jorntrahus.se\/nb\/wp-json\/wp\/v2\/media\/5044"}],"wp:attachment":[{"href":"https:\/\/jorntrahus.se\/nb\/wp-json\/wp\/v2\/media?parent=4838"}],"wp:term":[{"taxonomy":"category","embeddable":true,"href":"https:\/\/jorntrahus.se\/nb\/wp-json\/wp\/v2\/categories?post=4838"},{"taxonomy":"post_tag","embeddable":true,"href":"https:\/\/jorntrahus.se\/nb\/wp-json\/wp\/v2\/tags?post=4838"}],"curies":[{"name":"wp","href":"https:\/\/api.w.org\/{rel}","templated":true}]}}