{"id":4847,"date":"2017-04-18T07:41:40","date_gmt":"2017-04-18T05:41:40","guid":{"rendered":"https:\/\/jorntrahus.se\/?p=4847"},"modified":"2022-03-17T15:42:24","modified_gmt":"2022-03-17T14:42:24","slug":"attefall-deluxe-loft-inkludert","status":"publish","type":"post","link":"https:\/\/jorntrahus.se\/nb\/news\/attefall-deluxe-loft-included\/","title":{"rendered":"Attefall Deluxe, loft inkludert"},"content":{"rendered":"<p>Attefall Deluxe, en nyhet med hems der vi maksimerer den innvendige plassen, spesielt takh\u00f8yden.<br \/>\n2,2 meter takh\u00f8yde under hemsen med en romslig hems gj\u00f8r at denne modellen klarer alle standarder n\u00e5r det gjelder Attefallshus 25 kvm.<br \/>\nModellen kan sees p\u00e5 som en liten hytte med full isolasjon for hel\u00e5rsbruk.<\/p>\n<p>L\u00f8sningen med tre eller prefabrikkerte paneler f\u00f8lger de samme designalternativene som Classic eller Trend tilbyr.<\/p>","protected":false},"excerpt":{"rendered":"<p>Attefall Deluxe, news with a loft where we maximize the interior space, especially the headroom. 2,2 meter headroom below the loft with a spacious loft make this model manages all standards regarding Attefallshus 25 sqm. The model can be seen as a small cottage with full insulation for year round use. Timber or prefabricated panel-solution [&#8230;]\n","protected":false},"author":2,"featured_media":5044,"comment_status":"closed","ping_status":"closed","sticky":false,"template":"","format":"standard","meta":{"footnotes":""},"categories":[35],"tags":[],"class_list":["post-4847","post","type-post","status-publish","format-standard","has-post-thumbnail","hentry","category-news"],"yoast_head":"<!-- This site is optimized with the Yoast SEO plugin v27.2 - https:\/\/yoast.com\/product\/yoast-seo-wordpress\/ -->\n<title>Attefall Deluxe, loft included - J\u00f6rntr\u00e4hus<\/title>\n<meta name=\"description\" content=\"Attefall Deluxe news with a loft where we maximize the interior space, especially the headroom. 2,2 meter headroom below the loft with a spacious loft.\" \/>\n<meta name=\"robots\" content=\"index, follow, max-snippet:-1, max-image-preview:large, max-video-preview:-1\" \/>\n<link rel=\"canonical\" href=\"https:\/\/jorntrahus.se\/nb\/nyheter-2\/attefall-deluxe-loft-inkludert\/\" \/>\n<meta property=\"og:locale\" content=\"nb_NO\" \/>\n<meta property=\"og:type\" content=\"article\" \/>\n<meta property=\"og:title\" content=\"Attefall Deluxe, loft included - J\u00f6rntr\u00e4hus\" \/>\n<meta property=\"og:description\" content=\"Attefall Deluxe news with a loft where we maximize the interior space, especially the headroom. 2,2 meter headroom below the loft with a spacious loft.\" \/>\n<meta property=\"og:url\" content=\"https:\/\/jorntrahus.se\/nb\/nyheter-2\/attefall-deluxe-loft-inkludert\/\" \/>\n<meta property=\"og:site_name\" content=\"J\u00f6rntr\u00e4hus\" \/>\n<meta property=\"article:published_time\" content=\"2017-04-18T05:41:40+00:00\" \/>\n<meta property=\"article:modified_time\" content=\"2022-03-17T14:42:24+00:00\" \/>\n<meta property=\"og:image\" content=\"https:\/\/jorntrahus.se\/wp-content\/uploads\/2017\/04\/attefall-DL-vit.jpg\" \/>\n\t<meta property=\"og:image:width\" content=\"1667\" \/>\n\t<meta property=\"og:image:height\" content=\"833\" \/>\n\t<meta property=\"og:image:type\" content=\"image\/jpeg\" \/>\n<meta name=\"author\" content=\"J\u00f6rntr\u00e4hus\" \/>\n<meta name=\"twitter:card\" content=\"summary_large_image\" \/>\n<meta name=\"twitter:label1\" content=\"Skrevet av\" \/>\n\t<meta name=\"twitter:data1\" content=\"J\u00f6rntr\u00e4hus\" \/>\n<script type=\"application\/ld+json\" class=\"yoast-schema-graph\">{\"@context\":\"https:\/\/schema.org\",\"@graph\":[{\"@type\":\"Article\",\"@id\":\"https:\/\/jorntrahus.se\/en\/news\/attefall-deluxe-loft-included\/#article\",\"isPartOf\":{\"@id\":\"https:\/\/jorntrahus.se\/en\/news\/attefall-deluxe-loft-included\/\"},\"author\":{\"name\":\"J\u00f6rntr\u00e4hus\",\"@id\":\"https:\/\/jorntrahus.se\/#\/schema\/person\/1d486a26d13d4df455271c2f02f5ef5c\"},\"headline\":\"Attefall Deluxe, loft included\",\"datePublished\":\"2017-04-18T05:41:40+00:00\",\"dateModified\":\"2022-03-17T14:42:24+00:00\",\"mainEntityOfPage\":{\"@id\":\"https:\/\/jorntrahus.se\/en\/news\/attefall-deluxe-loft-included\/\"},\"wordCount\":67,\"publisher\":{\"@id\":\"https:\/\/jorntrahus.se\/#organization\"},\"image\":{\"@id\":\"https:\/\/jorntrahus.se\/en\/news\/attefall-deluxe-loft-included\/#primaryimage\"},\"thumbnailUrl\":\"https:\/\/jorntrahus.se\/wp-content\/uploads\/2017\/04\/attefall-DL-vit.jpg\",\"articleSection\":[\"News\"],\"inLanguage\":\"nb-NO\"},{\"@type\":\"WebPage\",\"@id\":\"https:\/\/jorntrahus.se\/en\/news\/attefall-deluxe-loft-included\/\",\"url\":\"https:\/\/jorntrahus.se\/en\/news\/attefall-deluxe-loft-included\/\",\"name\":\"Attefall Deluxe, loft included - J\u00f6rntr\u00e4hus\",\"isPartOf\":{\"@id\":\"https:\/\/jorntrahus.se\/#website\"},\"primaryImageOfPage\":{\"@id\":\"https:\/\/jorntrahus.se\/en\/news\/attefall-deluxe-loft-included\/#primaryimage\"},\"image\":{\"@id\":\"https:\/\/jorntrahus.se\/en\/news\/attefall-deluxe-loft-included\/#primaryimage\"},\"thumbnailUrl\":\"https:\/\/jorntrahus.se\/wp-content\/uploads\/2017\/04\/attefall-DL-vit.jpg\",\"datePublished\":\"2017-04-18T05:41:40+00:00\",\"dateModified\":\"2022-03-17T14:42:24+00:00\",\"description\":\"Attefall Deluxe news with a loft where we maximize the interior space, especially the headroom. 2,2 meter headroom below the loft with a spacious loft.\",\"breadcrumb\":{\"@id\":\"https:\/\/jorntrahus.se\/en\/news\/attefall-deluxe-loft-included\/#breadcrumb\"},\"inLanguage\":\"nb-NO\",\"potentialAction\":[{\"@type\":\"ReadAction\",\"target\":[\"https:\/\/jorntrahus.se\/en\/news\/attefall-deluxe-loft-included\/\"]}]},{\"@type\":\"ImageObject\",\"inLanguage\":\"nb-NO\",\"@id\":\"https:\/\/jorntrahus.se\/en\/news\/attefall-deluxe-loft-included\/#primaryimage\",\"url\":\"https:\/\/jorntrahus.se\/wp-content\/uploads\/2017\/04\/attefall-DL-vit.jpg\",\"contentUrl\":\"https:\/\/jorntrahus.se\/wp-content\/uploads\/2017\/04\/attefall-DL-vit.jpg\",\"width\":1667,\"height\":833},{\"@type\":\"BreadcrumbList\",\"@id\":\"https:\/\/jorntrahus.se\/en\/news\/attefall-deluxe-loft-included\/#breadcrumb\",\"itemListElement\":[{\"@type\":\"ListItem\",\"position\":1,\"name\":\"Hem\",\"item\":\"https:\/\/jorntrahus.se\/\"},{\"@type\":\"ListItem\",\"position\":2,\"name\":\"Attefall Deluxe, loft included\"}]},{\"@type\":\"WebSite\",\"@id\":\"https:\/\/jorntrahus.se\/#website\",\"url\":\"https:\/\/jorntrahus.se\/\",\"name\":\"J\u00f6rntr\u00e4hus\",\"description\":\"Hus f\u00f6r den medvetne\",\"publisher\":{\"@id\":\"https:\/\/jorntrahus.se\/#organization\"},\"potentialAction\":[{\"@type\":\"SearchAction\",\"target\":{\"@type\":\"EntryPoint\",\"urlTemplate\":\"https:\/\/jorntrahus.se\/?s={search_term_string}\"},\"query-input\":{\"@type\":\"PropertyValueSpecification\",\"valueRequired\":true,\"valueName\":\"search_term_string\"}}],\"inLanguage\":\"nb-NO\"},{\"@type\":\"Organization\",\"@id\":\"https:\/\/jorntrahus.se\/#organization\",\"name\":\"J\u00f6rntr\u00e4hus\",\"url\":\"https:\/\/jorntrahus.se\/\",\"logo\":{\"@type\":\"ImageObject\",\"inLanguage\":\"nb-NO\",\"@id\":\"https:\/\/jorntrahus.se\/#\/schema\/logo\/image\/\",\"url\":\"https:\/\/jorntrahus.se\/wp-content\/uploads\/2020\/09\/Jorntrahus_Grund_CMYK.eps\",\"contentUrl\":\"https:\/\/jorntrahus.se\/wp-content\/uploads\/2020\/09\/Jorntrahus_Grund_CMYK.eps\",\"width\":1,\"height\":1,\"caption\":\"J\u00f6rntr\u00e4hus\"},\"image\":{\"@id\":\"https:\/\/jorntrahus.se\/#\/schema\/logo\/image\/\"}},{\"@type\":\"Person\",\"@id\":\"https:\/\/jorntrahus.se\/#\/schema\/person\/1d486a26d13d4df455271c2f02f5ef5c\",\"name\":\"J\u00f6rntr\u00e4hus\",\"image\":{\"@type\":\"ImageObject\",\"inLanguage\":\"nb-NO\",\"@id\":\"https:\/\/secure.gravatar.com\/avatar\/e9b8fcf3c4d64603cd3ec2eb8588179dabe6c74041e8c2a09d7ca9e0900a4ad3?s=96&d=mm&r=g\",\"url\":\"https:\/\/secure.gravatar.com\/avatar\/e9b8fcf3c4d64603cd3ec2eb8588179dabe6c74041e8c2a09d7ca9e0900a4ad3?s=96&d=mm&r=g\",\"contentUrl\":\"https:\/\/secure.gravatar.com\/avatar\/e9b8fcf3c4d64603cd3ec2eb8588179dabe6c74041e8c2a09d7ca9e0900a4ad3?s=96&d=mm&r=g\",\"caption\":\"J\u00f6rntr\u00e4hus\"},\"sameAs\":[\"https:\/\/jorntrahus.se\"],\"url\":\"https:\/\/jorntrahus.se\/nb\/author\/jorntrahus\/\"}]}<\/script>\n<!-- \/ Yoast SEO plugin. -->","yoast_head_json":{"title":"Attefall Deluxe, loft inkludert - J\u00f6rntr\u00e4hus","description":"Attefall Deluxe-nyhet med hems der vi har maksimert den innvendige plassen, spesielt takh\u00f8yden. 2,2 meter takh\u00f8yde under hemsen med en romslig hems.","robots":{"index":"index","follow":"follow","max-snippet":"max-snippet:-1","max-image-preview":"max-image-preview:large","max-video-preview":"max-video-preview:-1"},"canonical":"https:\/\/jorntrahus.se\/nb\/nyheter-2\/attefall-deluxe-loft-inkludert\/","og_locale":"nb_NO","og_type":"article","og_title":"Attefall Deluxe, loft included - J\u00f6rntr\u00e4hus","og_description":"Attefall Deluxe news with a loft where we maximize the interior space, especially the headroom. 2,2 meter headroom below the loft with a spacious loft.","og_url":"https:\/\/jorntrahus.se\/nb\/nyheter-2\/attefall-deluxe-loft-inkludert\/","og_site_name":"J\u00f6rntr\u00e4hus","article_published_time":"2017-04-18T05:41:40+00:00","article_modified_time":"2022-03-17T14:42:24+00:00","og_image":[{"width":1667,"height":833,"url":"https:\/\/jorntrahus.se\/wp-content\/uploads\/2017\/04\/attefall-DL-vit.jpg","type":"image\/jpeg"}],"author":"J\u00f6rntr\u00e4hus","twitter_card":"summary_large_image","twitter_misc":{"Skrevet av":"J\u00f6rntr\u00e4hus"},"schema":{"@context":"https:\/\/schema.org","@graph":[{"@type":"Article","@id":"https:\/\/jorntrahus.se\/en\/news\/attefall-deluxe-loft-included\/#article","isPartOf":{"@id":"https:\/\/jorntrahus.se\/en\/news\/attefall-deluxe-loft-included\/"},"author":{"name":"J\u00f6rntr\u00e4hus","@id":"https:\/\/jorntrahus.se\/#\/schema\/person\/1d486a26d13d4df455271c2f02f5ef5c"},"headline":"Attefall Deluxe, loft included","datePublished":"2017-04-18T05:41:40+00:00","dateModified":"2022-03-17T14:42:24+00:00","mainEntityOfPage":{"@id":"https:\/\/jorntrahus.se\/en\/news\/attefall-deluxe-loft-included\/"},"wordCount":67,"publisher":{"@id":"https:\/\/jorntrahus.se\/#organization"},"image":{"@id":"https:\/\/jorntrahus.se\/en\/news\/attefall-deluxe-loft-included\/#primaryimage"},"thumbnailUrl":"https:\/\/jorntrahus.se\/wp-content\/uploads\/2017\/04\/attefall-DL-vit.jpg","articleSection":["News"],"inLanguage":"nb-NO"},{"@type":"WebPage","@id":"https:\/\/jorntrahus.se\/en\/news\/attefall-deluxe-loft-included\/","url":"https:\/\/jorntrahus.se\/en\/news\/attefall-deluxe-loft-included\/","name":"Attefall Deluxe, loft inkludert - J\u00f6rntr\u00e4hus","isPartOf":{"@id":"https:\/\/jorntrahus.se\/#website"},"primaryImageOfPage":{"@id":"https:\/\/jorntrahus.se\/en\/news\/attefall-deluxe-loft-included\/#primaryimage"},"image":{"@id":"https:\/\/jorntrahus.se\/en\/news\/attefall-deluxe-loft-included\/#primaryimage"},"thumbnailUrl":"https:\/\/jorntrahus.se\/wp-content\/uploads\/2017\/04\/attefall-DL-vit.jpg","datePublished":"2017-04-18T05:41:40+00:00","dateModified":"2022-03-17T14:42:24+00:00","description":"Attefall Deluxe-nyhet med hems der vi har maksimert den innvendige plassen, spesielt takh\u00f8yden. 2,2 meter takh\u00f8yde under hemsen med en romslig hems.","breadcrumb":{"@id":"https:\/\/jorntrahus.se\/en\/news\/attefall-deluxe-loft-included\/#breadcrumb"},"inLanguage":"nb-NO","potentialAction":[{"@type":"ReadAction","target":["https:\/\/jorntrahus.se\/en\/news\/attefall-deluxe-loft-included\/"]}]},{"@type":"ImageObject","inLanguage":"nb-NO","@id":"https:\/\/jorntrahus.se\/en\/news\/attefall-deluxe-loft-included\/#primaryimage","url":"https:\/\/jorntrahus.se\/wp-content\/uploads\/2017\/04\/attefall-DL-vit.jpg","contentUrl":"https:\/\/jorntrahus.se\/wp-content\/uploads\/2017\/04\/attefall-DL-vit.jpg","width":1667,"height":833},{"@type":"BreadcrumbList","@id":"https:\/\/jorntrahus.se\/en\/news\/attefall-deluxe-loft-included\/#breadcrumb","itemListElement":[{"@type":"ListItem","position":1,"name":"Hem","item":"https:\/\/jorntrahus.se\/"},{"@type":"ListItem","position":2,"name":"Attefall Deluxe, loft included"}]},{"@type":"WebSite","@id":"https:\/\/jorntrahus.se\/#website","url":"https:\/\/jorntrahus.se\/","name":"J\u00f6rntr\u00e4hus","description":"Hus for de bevisste","publisher":{"@id":"https:\/\/jorntrahus.se\/#organization"},"potentialAction":[{"@type":"SearchAction","target":{"@type":"EntryPoint","urlTemplate":"https:\/\/jorntrahus.se\/?s={search_term_string}"},"query-input":{"@type":"PropertyValueSpecification","valueRequired":true,"valueName":"search_term_string"}}],"inLanguage":"nb-NO"},{"@type":"Organization","@id":"https:\/\/jorntrahus.se\/#organization","name":"J\u00f6rntr\u00e4hus","url":"https:\/\/jorntrahus.se\/","logo":{"@type":"ImageObject","inLanguage":"nb-NO","@id":"https:\/\/jorntrahus.se\/#\/schema\/logo\/image\/","url":"https:\/\/jorntrahus.se\/wp-content\/uploads\/2020\/09\/Jorntrahus_Grund_CMYK.eps","contentUrl":"https:\/\/jorntrahus.se\/wp-content\/uploads\/2020\/09\/Jorntrahus_Grund_CMYK.eps","width":1,"height":1,"caption":"J\u00f6rntr\u00e4hus"},"image":{"@id":"https:\/\/jorntrahus.se\/#\/schema\/logo\/image\/"}},{"@type":"Person","@id":"https:\/\/jorntrahus.se\/#\/schema\/person\/1d486a26d13d4df455271c2f02f5ef5c","name":"J\u00f6rntr\u00e4hus","image":{"@type":"ImageObject","inLanguage":"nb-NO","@id":"https:\/\/secure.gravatar.com\/avatar\/e9b8fcf3c4d64603cd3ec2eb8588179dabe6c74041e8c2a09d7ca9e0900a4ad3?s=96&d=mm&r=g","url":"https:\/\/secure.gravatar.com\/avatar\/e9b8fcf3c4d64603cd3ec2eb8588179dabe6c74041e8c2a09d7ca9e0900a4ad3?s=96&d=mm&r=g","contentUrl":"https:\/\/secure.gravatar.com\/avatar\/e9b8fcf3c4d64603cd3ec2eb8588179dabe6c74041e8c2a09d7ca9e0900a4ad3?s=96&d=mm&r=g","caption":"J\u00f6rntr\u00e4hus"},"sameAs":["https:\/\/jorntrahus.se"],"url":"https:\/\/jorntrahus.se\/nb\/author\/jorntrahus\/"}]}},"publishpress_future_action":{"enabled":false,"date":"2026-05-07 17:32:06","action":"change-status","newStatus":"draft","terms":[],"taxonomy":"category","extraData":[]},"publishpress_future_workflow_manual_trigger":{"enabledWorkflows":[]},"_links":{"self":[{"href":"https:\/\/jorntrahus.se\/nb\/wp-json\/wp\/v2\/posts\/4847","targetHints":{"allow":["GET"]}}],"collection":[{"href":"https:\/\/jorntrahus.se\/nb\/wp-json\/wp\/v2\/posts"}],"about":[{"href":"https:\/\/jorntrahus.se\/nb\/wp-json\/wp\/v2\/types\/post"}],"author":[{"embeddable":true,"href":"https:\/\/jorntrahus.se\/nb\/wp-json\/wp\/v2\/users\/2"}],"replies":[{"embeddable":true,"href":"https:\/\/jorntrahus.se\/nb\/wp-json\/wp\/v2\/comments?post=4847"}],"version-history":[{"count":4,"href":"https:\/\/jorntrahus.se\/nb\/wp-json\/wp\/v2\/posts\/4847\/revisions"}],"predecessor-version":[{"id":4851,"href":"https:\/\/jorntrahus.se\/nb\/wp-json\/wp\/v2\/posts\/4847\/revisions\/4851"}],"wp:featuredmedia":[{"embeddable":true,"href":"https:\/\/jorntrahus.se\/nb\/wp-json\/wp\/v2\/media\/5044"}],"wp:attachment":[{"href":"https:\/\/jorntrahus.se\/nb\/wp-json\/wp\/v2\/media?parent=4847"}],"wp:term":[{"taxonomy":"category","embeddable":true,"href":"https:\/\/jorntrahus.se\/nb\/wp-json\/wp\/v2\/categories?post=4847"},{"taxonomy":"post_tag","embeddable":true,"href":"https:\/\/jorntrahus.se\/nb\/wp-json\/wp\/v2\/tags?post=4847"}],"curies":[{"name":"wp","href":"https:\/\/api.w.org\/{rel}","templated":true}]}}